{"id":2552,"date":"2024-03-01T18:00:25","date_gmt":"2024-03-01T21:00:25","guid":{"rendered":"https:\/\/transamerica93.com.br\/home\/?p=2552"},"modified":"2024-02-23T11:18:44","modified_gmt":"2024-02-23T14:18:44","slug":"masterchef-brasil-tera-edicao-inedita-para-confeiteiros-saiba-como-se-inscrever","status":"publish","type":"post","link":"https:\/\/transamerica93.com.br\/home\/masterchef-brasil-tera-edicao-inedita-para-confeiteiros-saiba-como-se-inscrever\/","title":{"rendered":"&#8216;MasterChef Brasil&#8217; ter\u00e1 edi\u00e7\u00e3o in\u00e9dita para confeiteiros; saiba como se inscrever"},"content":{"rendered":"<div id=\"Corpo\">\n<h6 class=\"Assina\">Por Reda\u00e7\u00e3o C2<\/h6>\n<p>A Band anunciou o lan\u00e7amento de um novo derivado do <i>MasterChef Brasil<\/i>. Prestes a completar uma d\u00e9cada no ar, o popular programa culin\u00e1rio ter\u00e1 uma edi\u00e7\u00e3o in\u00e9dita inspirada no\u00a0<i>Dessert Masters<\/i>, uma vers\u00e3o da franquia voltada para profissionais da confeitaria que estreou em 2023 na Austr\u00e1lia.<\/p>\n<p>Conforme divulgado pela emissora, aqueles que estiverem interessados podem realizar suas inscri\u00e7\u00f5es atrav\u00e9s do\u00a0<a href=\"https:\/\/inscricao.band.uol.com.br\/\" target=\"_blank\" rel=\"noopener\"><u>site oficial<\/u><\/a>. O novo reality show tem previs\u00e3o de estreia para outubro deste ano.<\/p>\n<p>&#8220;Pela primeira vez no Brasil, os melhores confeiteiros do Pa\u00eds poder\u00e3o disputar o t\u00edtulo de MasterChef e mostrar todo o seu poder nas mais deliciosas sobremesas&#8221;, diz a apresentadora Ana Paula Padr\u00e3o no v\u00eddeo de divulga\u00e7\u00e3o do novo reality.<\/p>\n<p>Al\u00e9m do retorno da apresentadora, o painel do MasterChef Confeiteiros tamb\u00e9m ter\u00e1 o time de chefs composto por Eric Jacquin, Henrique Foga\u00e7a e Helena Rizzo &#8211; que passou a fazer parte do programa em 2021, substituindo Paola Carosella.<\/p>\n<p>Esta ser\u00e1 a quinta vers\u00e3o diferente do\u00a0<i>MasterChef Brasil<\/i>: desde 2014, a Band exibe a vers\u00e3o tradicional com cozinheiros amadores. Em 2015, a emissora estreou o\u00a0<i>MasterChef J\u00fanior<\/i>, com crian\u00e7as, que teve duas temporadas. Tamb\u00e9m foram ao ar quatro temporadas da edi\u00e7\u00e3o\u00a0<i>MasterChef Profissionais<\/i>, com chefs renomados; uma de\u00a0<i>MasterChef: A Revanche<\/i>, com ex-participantes; e o\u00a0<i>MasterChef +<\/i>, com cozinheiros com idades acima de 60 anos.<\/div>\n","protected":false},"excerpt":{"rendered":"<p>Por Reda\u00e7\u00e3o C2 A Band anunciou o lan\u00e7amento de um novo derivado do MasterChef Brasil. Prestes a completar uma d\u00e9cada no ar, o popular programa culin\u00e1rio ter\u00e1 uma edi\u00e7\u00e3o in\u00e9dita inspirada no\u00a0Dessert Masters, uma vers\u00e3o da franquia voltada para profissionais da confeitaria que estreou em 2023 na Austr\u00e1lia. Conforme divulgado pela emissora, aqueles que estiverem &hellip;<\/p>\n","protected":false},"author":1,"featured_media":2553,"comment_status":"closed","ping_status":"closed","sticky":false,"template":"","format":"standard","meta":{"footnotes":""},"categories":[24],"tags":[],"class_list":["post-2552","post","type-post","status-publish","format-standard","has-post-thumbnail","hentry","category-entretenimento"],"yoast_head":"<!-- This site is optimized with the Yoast SEO plugin v27.4 - https:\/\/yoast.com\/product\/yoast-seo-wordpress\/ -->\n<title>&#039;MasterChef Brasil&#039; ter\u00e1 edi\u00e7\u00e3o in\u00e9dita para confeiteiros; saiba como se inscrever - Transam\u00e9rica Mococa 93,3<\/title>\n<meta name=\"robots\" content=\"index, follow, max-snippet:-1, max-image-preview:large, max-video-preview:-1\" \/>\n<link rel=\"canonical\" href=\"https:\/\/transamerica93.com.br\/home\/masterchef-brasil-tera-edicao-inedita-para-confeiteiros-saiba-como-se-inscrever\/\" \/>\n<meta property=\"og:locale\" content=\"pt_BR\" \/>\n<meta property=\"og:type\" content=\"article\" \/>\n<meta property=\"og:title\" content=\"&#039;MasterChef Brasil&#039; ter\u00e1 edi\u00e7\u00e3o in\u00e9dita para confeiteiros; saiba como se inscrever - Transam\u00e9rica Mococa 93,3\" \/>\n<meta property=\"og:description\" content=\"Por Reda\u00e7\u00e3o C2 A Band anunciou o lan\u00e7amento de um novo derivado do MasterChef Brasil. Prestes a completar uma d\u00e9cada no ar, o popular programa culin\u00e1rio ter\u00e1 uma edi\u00e7\u00e3o in\u00e9dita inspirada no\u00a0Dessert Masters, uma vers\u00e3o da franquia voltada para profissionais da confeitaria que estreou em 2023 na Austr\u00e1lia. Conforme divulgado pela emissora, aqueles que estiverem &hellip;\" \/>\n<meta property=\"og:url\" content=\"https:\/\/transamerica93.com.br\/home\/masterchef-brasil-tera-edicao-inedita-para-confeiteiros-saiba-como-se-inscrever\/\" \/>\n<meta property=\"og:site_name\" content=\"Transam\u00e9rica Mococa 93,3\" \/>\n<meta property=\"article:publisher\" content=\"https:\/\/www.facebook.com\/transamericamococa\" \/>\n<meta property=\"article:published_time\" content=\"2024-03-01T21:00:25+00:00\" \/>\n<meta property=\"og:image\" content=\"https:\/\/transamerica93.com.br\/home\/wp-content\/uploads\/2024\/02\/1-14.jpg\" \/>\n\t<meta property=\"og:image:width\" content=\"1200\" \/>\n\t<meta property=\"og:image:height\" content=\"675\" \/>\n\t<meta property=\"og:image:type\" content=\"image\/jpeg\" \/>\n<meta name=\"author\" content=\"Reda\u00e7\u00e3o\" \/>\n<meta name=\"twitter:card\" content=\"summary_large_image\" \/>\n<meta name=\"twitter:creator\" content=\"@transamerica933\" \/>\n<meta name=\"twitter:site\" content=\"@transamerica933\" \/>\n<meta name=\"twitter:label1\" content=\"Escrito por\" \/>\n\t<meta name=\"twitter:data1\" content=\"Reda\u00e7\u00e3o\" \/>\n\t<meta name=\"twitter:label2\" content=\"Est. tempo de leitura\" \/>\n\t<meta name=\"twitter:data2\" content=\"2 minutos\" \/>\n<script type=\"application\/ld+json\" class=\"yoast-schema-graph\">{\"@context\":\"https:\\\/\\\/schema.org\",\"@graph\":[{\"@type\":\"Article\",\"@id\":\"https:\\\/\\\/transamerica93.com.br\\\/home\\\/masterchef-brasil-tera-edicao-inedita-para-confeiteiros-saiba-como-se-inscrever\\\/#article\",\"isPartOf\":{\"@id\":\"https:\\\/\\\/transamerica93.com.br\\\/home\\\/masterchef-brasil-tera-edicao-inedita-para-confeiteiros-saiba-como-se-inscrever\\\/\"},\"author\":{\"name\":\"Reda\u00e7\u00e3o\",\"@id\":\"https:\\\/\\\/transamerica93.com.br\\\/home\\\/#\\\/schema\\\/person\\\/7fed7c99c0d4562efa8561bc0f543172\"},\"headline\":\"&#8216;MasterChef Brasil&#8217; ter\u00e1 edi\u00e7\u00e3o in\u00e9dita para confeiteiros; saiba como se inscrever\",\"datePublished\":\"2024-03-01T21:00:25+00:00\",\"mainEntityOfPage\":{\"@id\":\"https:\\\/\\\/transamerica93.com.br\\\/home\\\/masterchef-brasil-tera-edicao-inedita-para-confeiteiros-saiba-como-se-inscrever\\\/\"},\"wordCount\":253,\"publisher\":{\"@id\":\"https:\\\/\\\/transamerica93.com.br\\\/home\\\/#organization\"},\"image\":{\"@id\":\"https:\\\/\\\/transamerica93.com.br\\\/home\\\/masterchef-brasil-tera-edicao-inedita-para-confeiteiros-saiba-como-se-inscrever\\\/#primaryimage\"},\"thumbnailUrl\":\"https:\\\/\\\/transamerica93.com.br\\\/home\\\/wp-content\\\/uploads\\\/2024\\\/02\\\/1-14.jpg\",\"articleSection\":[\"Entretenimento\"],\"inLanguage\":\"pt-BR\"},{\"@type\":\"WebPage\",\"@id\":\"https:\\\/\\\/transamerica93.com.br\\\/home\\\/masterchef-brasil-tera-edicao-inedita-para-confeiteiros-saiba-como-se-inscrever\\\/\",\"url\":\"https:\\\/\\\/transamerica93.com.br\\\/home\\\/masterchef-brasil-tera-edicao-inedita-para-confeiteiros-saiba-como-se-inscrever\\\/\",\"name\":\"'MasterChef Brasil' ter\u00e1 edi\u00e7\u00e3o in\u00e9dita para confeiteiros; saiba como se inscrever - Transam\u00e9rica Mococa 93,3\",\"isPartOf\":{\"@id\":\"https:\\\/\\\/transamerica93.com.br\\\/home\\\/#website\"},\"primaryImageOfPage\":{\"@id\":\"https:\\\/\\\/transamerica93.com.br\\\/home\\\/masterchef-brasil-tera-edicao-inedita-para-confeiteiros-saiba-como-se-inscrever\\\/#primaryimage\"},\"image\":{\"@id\":\"https:\\\/\\\/transamerica93.com.br\\\/home\\\/masterchef-brasil-tera-edicao-inedita-para-confeiteiros-saiba-como-se-inscrever\\\/#primaryimage\"},\"thumbnailUrl\":\"https:\\\/\\\/transamerica93.com.br\\\/home\\\/wp-content\\\/uploads\\\/2024\\\/02\\\/1-14.jpg\",\"datePublished\":\"2024-03-01T21:00:25+00:00\",\"breadcrumb\":{\"@id\":\"https:\\\/\\\/transamerica93.com.br\\\/home\\\/masterchef-brasil-tera-edicao-inedita-para-confeiteiros-saiba-como-se-inscrever\\\/#breadcrumb\"},\"inLanguage\":\"pt-BR\",\"potentialAction\":[{\"@type\":\"ReadAction\",\"target\":[\"https:\\\/\\\/transamerica93.com.br\\\/home\\\/masterchef-brasil-tera-edicao-inedita-para-confeiteiros-saiba-como-se-inscrever\\\/\"]}]},{\"@type\":\"ImageObject\",\"inLanguage\":\"pt-BR\",\"@id\":\"https:\\\/\\\/transamerica93.com.br\\\/home\\\/masterchef-brasil-tera-edicao-inedita-para-confeiteiros-saiba-como-se-inscrever\\\/#primaryimage\",\"url\":\"https:\\\/\\\/transamerica93.com.br\\\/home\\\/wp-content\\\/uploads\\\/2024\\\/02\\\/1-14.jpg\",\"contentUrl\":\"https:\\\/\\\/transamerica93.com.br\\\/home\\\/wp-content\\\/uploads\\\/2024\\\/02\\\/1-14.jpg\",\"width\":1200,\"height\":675,\"caption\":\"Divulga\u00e7\u00e3o\"},{\"@type\":\"BreadcrumbList\",\"@id\":\"https:\\\/\\\/transamerica93.com.br\\\/home\\\/masterchef-brasil-tera-edicao-inedita-para-confeiteiros-saiba-como-se-inscrever\\\/#breadcrumb\",\"itemListElement\":[{\"@type\":\"ListItem\",\"position\":1,\"name\":\"In\u00edcio\",\"item\":\"https:\\\/\\\/transamerica93.com.br\\\/home\\\/\"},{\"@type\":\"ListItem\",\"position\":2,\"name\":\"&#8216;MasterChef Brasil&#8217; ter\u00e1 edi\u00e7\u00e3o in\u00e9dita para confeiteiros; saiba como se inscrever\"}]},{\"@type\":\"WebSite\",\"@id\":\"https:\\\/\\\/transamerica93.com.br\\\/home\\\/#website\",\"url\":\"https:\\\/\\\/transamerica93.com.br\\\/home\\\/\",\"name\":\"Transam\u00e9rica Mococa 93,3\",\"description\":\"\",\"publisher\":{\"@id\":\"https:\\\/\\\/transamerica93.com.br\\\/home\\\/#organization\"},\"potentialAction\":[{\"@type\":\"SearchAction\",\"target\":{\"@type\":\"EntryPoint\",\"urlTemplate\":\"https:\\\/\\\/transamerica93.com.br\\\/home\\\/?s={search_term_string}\"},\"query-input\":{\"@type\":\"PropertyValueSpecification\",\"valueRequired\":true,\"valueName\":\"search_term_string\"}}],\"inLanguage\":\"pt-BR\"},{\"@type\":\"Organization\",\"@id\":\"https:\\\/\\\/transamerica93.com.br\\\/home\\\/#organization\",\"name\":\"Transam\u00e9rica Mococa 93,3\",\"url\":\"https:\\\/\\\/transamerica93.com.br\\\/home\\\/\",\"logo\":{\"@type\":\"ImageObject\",\"inLanguage\":\"pt-BR\",\"@id\":\"https:\\\/\\\/transamerica93.com.br\\\/home\\\/#\\\/schema\\\/logo\\\/image\\\/\",\"url\":\"https:\\\/\\\/transamerica93.com.br\\\/home\\\/wp-content\\\/uploads\\\/2023\\\/10\\\/logo2.png\",\"contentUrl\":\"https:\\\/\\\/transamerica93.com.br\\\/home\\\/wp-content\\\/uploads\\\/2023\\\/10\\\/logo2.png\",\"width\":800,\"height\":500,\"caption\":\"Transam\u00e9rica Mococa 93,3\"},\"image\":{\"@id\":\"https:\\\/\\\/transamerica93.com.br\\\/home\\\/#\\\/schema\\\/logo\\\/image\\\/\"},\"sameAs\":[\"https:\\\/\\\/www.facebook.com\\\/transamericamococa\",\"https:\\\/\\\/x.com\\\/transamerica933\",\"https:\\\/\\\/www.instagram.com\\\/transamericamococa\"]},{\"@type\":\"Person\",\"@id\":\"https:\\\/\\\/transamerica93.com.br\\\/home\\\/#\\\/schema\\\/person\\\/7fed7c99c0d4562efa8561bc0f543172\",\"name\":\"Reda\u00e7\u00e3o\",\"image\":{\"@type\":\"ImageObject\",\"inLanguage\":\"pt-BR\",\"@id\":\"https:\\\/\\\/secure.gravatar.com\\\/avatar\\\/1072c6b775fb02ef8506ce967551d95926669a6b7d2c2147b42eea4d7c68395e?s=96&d=mm&r=g\",\"url\":\"https:\\\/\\\/secure.gravatar.com\\\/avatar\\\/1072c6b775fb02ef8506ce967551d95926669a6b7d2c2147b42eea4d7c68395e?s=96&d=mm&r=g\",\"contentUrl\":\"https:\\\/\\\/secure.gravatar.com\\\/avatar\\\/1072c6b775fb02ef8506ce967551d95926669a6b7d2c2147b42eea4d7c68395e?s=96&d=mm&r=g\",\"caption\":\"Reda\u00e7\u00e3o\"},\"sameAs\":[\"https:\\\/\\\/transamerica93.com.br\\\/home\"],\"url\":\"https:\\\/\\\/transamerica93.com.br\\\/home\\\/author\\\/william\\\/\"}]}<\/script>\n<!-- \/ Yoast SEO plugin. -->","yoast_head_json":{"title":"'MasterChef Brasil' ter\u00e1 edi\u00e7\u00e3o in\u00e9dita para confeiteiros; saiba como se inscrever - Transam\u00e9rica Mococa 93,3","robots":{"index":"index","follow":"follow","max-snippet":"max-snippet:-1","max-image-preview":"max-image-preview:large","max-video-preview":"max-video-preview:-1"},"canonical":"https:\/\/transamerica93.com.br\/home\/masterchef-brasil-tera-edicao-inedita-para-confeiteiros-saiba-como-se-inscrever\/","og_locale":"pt_BR","og_type":"article","og_title":"'MasterChef Brasil' ter\u00e1 edi\u00e7\u00e3o in\u00e9dita para confeiteiros; saiba como se inscrever - Transam\u00e9rica Mococa 93,3","og_description":"Por Reda\u00e7\u00e3o C2 A Band anunciou o lan\u00e7amento de um novo derivado do MasterChef Brasil. Prestes a completar uma d\u00e9cada no ar, o popular programa culin\u00e1rio ter\u00e1 uma edi\u00e7\u00e3o in\u00e9dita inspirada no\u00a0Dessert Masters, uma vers\u00e3o da franquia voltada para profissionais da confeitaria que estreou em 2023 na Austr\u00e1lia. Conforme divulgado pela emissora, aqueles que estiverem &hellip;","og_url":"https:\/\/transamerica93.com.br\/home\/masterchef-brasil-tera-edicao-inedita-para-confeiteiros-saiba-como-se-inscrever\/","og_site_name":"Transam\u00e9rica Mococa 93,3","article_publisher":"https:\/\/www.facebook.com\/transamericamococa","article_published_time":"2024-03-01T21:00:25+00:00","og_image":[{"width":1200,"height":675,"url":"https:\/\/transamerica93.com.br\/home\/wp-content\/uploads\/2024\/02\/1-14.jpg","type":"image\/jpeg"}],"author":"Reda\u00e7\u00e3o","twitter_card":"summary_large_image","twitter_creator":"@transamerica933","twitter_site":"@transamerica933","twitter_misc":{"Escrito por":"Reda\u00e7\u00e3o","Est. tempo de leitura":"2 minutos"},"schema":{"@context":"https:\/\/schema.org","@graph":[{"@type":"Article","@id":"https:\/\/transamerica93.com.br\/home\/masterchef-brasil-tera-edicao-inedita-para-confeiteiros-saiba-como-se-inscrever\/#article","isPartOf":{"@id":"https:\/\/transamerica93.com.br\/home\/masterchef-brasil-tera-edicao-inedita-para-confeiteiros-saiba-como-se-inscrever\/"},"author":{"name":"Reda\u00e7\u00e3o","@id":"https:\/\/transamerica93.com.br\/home\/#\/schema\/person\/7fed7c99c0d4562efa8561bc0f543172"},"headline":"&#8216;MasterChef Brasil&#8217; ter\u00e1 edi\u00e7\u00e3o in\u00e9dita para confeiteiros; saiba como se inscrever","datePublished":"2024-03-01T21:00:25+00:00","mainEntityOfPage":{"@id":"https:\/\/transamerica93.com.br\/home\/masterchef-brasil-tera-edicao-inedita-para-confeiteiros-saiba-como-se-inscrever\/"},"wordCount":253,"publisher":{"@id":"https:\/\/transamerica93.com.br\/home\/#organization"},"image":{"@id":"https:\/\/transamerica93.com.br\/home\/masterchef-brasil-tera-edicao-inedita-para-confeiteiros-saiba-como-se-inscrever\/#primaryimage"},"thumbnailUrl":"https:\/\/transamerica93.com.br\/home\/wp-content\/uploads\/2024\/02\/1-14.jpg","articleSection":["Entretenimento"],"inLanguage":"pt-BR"},{"@type":"WebPage","@id":"https:\/\/transamerica93.com.br\/home\/masterchef-brasil-tera-edicao-inedita-para-confeiteiros-saiba-como-se-inscrever\/","url":"https:\/\/transamerica93.com.br\/home\/masterchef-brasil-tera-edicao-inedita-para-confeiteiros-saiba-como-se-inscrever\/","name":"'MasterChef Brasil' ter\u00e1 edi\u00e7\u00e3o in\u00e9dita para confeiteiros; saiba como se inscrever - Transam\u00e9rica Mococa 93,3","isPartOf":{"@id":"https:\/\/transamerica93.com.br\/home\/#website"},"primaryImageOfPage":{"@id":"https:\/\/transamerica93.com.br\/home\/masterchef-brasil-tera-edicao-inedita-para-confeiteiros-saiba-como-se-inscrever\/#primaryimage"},"image":{"@id":"https:\/\/transamerica93.com.br\/home\/masterchef-brasil-tera-edicao-inedita-para-confeiteiros-saiba-como-se-inscrever\/#primaryimage"},"thumbnailUrl":"https:\/\/transamerica93.com.br\/home\/wp-content\/uploads\/2024\/02\/1-14.jpg","datePublished":"2024-03-01T21:00:25+00:00","breadcrumb":{"@id":"https:\/\/transamerica93.com.br\/home\/masterchef-brasil-tera-edicao-inedita-para-confeiteiros-saiba-como-se-inscrever\/#breadcrumb"},"inLanguage":"pt-BR","potentialAction":[{"@type":"ReadAction","target":["https:\/\/transamerica93.com.br\/home\/masterchef-brasil-tera-edicao-inedita-para-confeiteiros-saiba-como-se-inscrever\/"]}]},{"@type":"ImageObject","inLanguage":"pt-BR","@id":"https:\/\/transamerica93.com.br\/home\/masterchef-brasil-tera-edicao-inedita-para-confeiteiros-saiba-como-se-inscrever\/#primaryimage","url":"https:\/\/transamerica93.com.br\/home\/wp-content\/uploads\/2024\/02\/1-14.jpg","contentUrl":"https:\/\/transamerica93.com.br\/home\/wp-content\/uploads\/2024\/02\/1-14.jpg","width":1200,"height":675,"caption":"Divulga\u00e7\u00e3o"},{"@type":"BreadcrumbList","@id":"https:\/\/transamerica93.com.br\/home\/masterchef-brasil-tera-edicao-inedita-para-confeiteiros-saiba-como-se-inscrever\/#breadcrumb","itemListElement":[{"@type":"ListItem","position":1,"name":"In\u00edcio","item":"https:\/\/transamerica93.com.br\/home\/"},{"@type":"ListItem","position":2,"name":"&#8216;MasterChef Brasil&#8217; ter\u00e1 edi\u00e7\u00e3o in\u00e9dita para confeiteiros; saiba como se inscrever"}]},{"@type":"WebSite","@id":"https:\/\/transamerica93.com.br\/home\/#website","url":"https:\/\/transamerica93.com.br\/home\/","name":"Transam\u00e9rica Mococa 93,3","description":"","publisher":{"@id":"https:\/\/transamerica93.com.br\/home\/#organization"},"potentialAction":[{"@type":"SearchAction","target":{"@type":"EntryPoint","urlTemplate":"https:\/\/transamerica93.com.br\/home\/?s={search_term_string}"},"query-input":{"@type":"PropertyValueSpecification","valueRequired":true,"valueName":"search_term_string"}}],"inLanguage":"pt-BR"},{"@type":"Organization","@id":"https:\/\/transamerica93.com.br\/home\/#organization","name":"Transam\u00e9rica Mococa 93,3","url":"https:\/\/transamerica93.com.br\/home\/","logo":{"@type":"ImageObject","inLanguage":"pt-BR","@id":"https:\/\/transamerica93.com.br\/home\/#\/schema\/logo\/image\/","url":"https:\/\/transamerica93.com.br\/home\/wp-content\/uploads\/2023\/10\/logo2.png","contentUrl":"https:\/\/transamerica93.com.br\/home\/wp-content\/uploads\/2023\/10\/logo2.png","width":800,"height":500,"caption":"Transam\u00e9rica Mococa 93,3"},"image":{"@id":"https:\/\/transamerica93.com.br\/home\/#\/schema\/logo\/image\/"},"sameAs":["https:\/\/www.facebook.com\/transamericamococa","https:\/\/x.com\/transamerica933","https:\/\/www.instagram.com\/transamericamococa"]},{"@type":"Person","@id":"https:\/\/transamerica93.com.br\/home\/#\/schema\/person\/7fed7c99c0d4562efa8561bc0f543172","name":"Reda\u00e7\u00e3o","image":{"@type":"ImageObject","inLanguage":"pt-BR","@id":"https:\/\/secure.gravatar.com\/avatar\/1072c6b775fb02ef8506ce967551d95926669a6b7d2c2147b42eea4d7c68395e?s=96&d=mm&r=g","url":"https:\/\/secure.gravatar.com\/avatar\/1072c6b775fb02ef8506ce967551d95926669a6b7d2c2147b42eea4d7c68395e?s=96&d=mm&r=g","contentUrl":"https:\/\/secure.gravatar.com\/avatar\/1072c6b775fb02ef8506ce967551d95926669a6b7d2c2147b42eea4d7c68395e?s=96&d=mm&r=g","caption":"Reda\u00e7\u00e3o"},"sameAs":["https:\/\/transamerica93.com.br\/home"],"url":"https:\/\/transamerica93.com.br\/home\/author\/william\/"}]}},"_links":{"self":[{"href":"https:\/\/transamerica93.com.br\/home\/wp-json\/wp\/v2\/posts\/2552","targetHints":{"allow":["GET"]}}],"collection":[{"href":"https:\/\/transamerica93.com.br\/home\/wp-json\/wp\/v2\/posts"}],"about":[{"href":"https:\/\/transamerica93.com.br\/home\/wp-json\/wp\/v2\/types\/post"}],"author":[{"embeddable":true,"href":"https:\/\/transamerica93.com.br\/home\/wp-json\/wp\/v2\/users\/1"}],"replies":[{"embeddable":true,"href":"https:\/\/transamerica93.com.br\/home\/wp-json\/wp\/v2\/comments?post=2552"}],"version-history":[{"count":1,"href":"https:\/\/transamerica93.com.br\/home\/wp-json\/wp\/v2\/posts\/2552\/revisions"}],"predecessor-version":[{"id":2554,"href":"https:\/\/transamerica93.com.br\/home\/wp-json\/wp\/v2\/posts\/2552\/revisions\/2554"}],"wp:featuredmedia":[{"embeddable":true,"href":"https:\/\/transamerica93.com.br\/home\/wp-json\/wp\/v2\/media\/2553"}],"wp:attachment":[{"href":"https:\/\/transamerica93.com.br\/home\/wp-json\/wp\/v2\/media?parent=2552"}],"wp:term":[{"taxonomy":"category","embeddable":true,"href":"https:\/\/transamerica93.com.br\/home\/wp-json\/wp\/v2\/categories?post=2552"},{"taxonomy":"post_tag","embeddable":true,"href":"https:\/\/transamerica93.com.br\/home\/wp-json\/wp\/v2\/tags?post=2552"}],"curies":[{"name":"wp","href":"https:\/\/api.w.org\/{rel}","templated":true}]}}