{"id":2585,"date":"2024-03-08T12:00:16","date_gmt":"2024-03-08T15:00:16","guid":{"rendered":"https:\/\/transamerica93.com.br\/home\/?p=2585"},"modified":"2024-03-03T20:40:15","modified_gmt":"2024-03-03T23:40:15","slug":"paris-2024-taina-henckel-carimba-2a-vaga-feminina-do-brasil-no-surfe","status":"publish","type":"post","link":"https:\/\/transamerica93.com.br\/home\/paris-2024-taina-henckel-carimba-2a-vaga-feminina-do-brasil-no-surfe\/","title":{"rendered":"Paris 2024: Tain\u00e1 Henckel carimba 2\u00aa vaga feminina do Brasil no surfe"},"content":{"rendered":"<div class=\"post-item-wrap\">\n<p>O Brasil carimbou a segunda vaga ol\u00edmpica no surfe feminino em Paris 2024\u00a0com a classifica\u00e7\u00e3o da catarinense Tain\u00e1 Henckel nos Jogos Mundiais de Surfe ISA Games (sigla em ingl\u00eas para\u00a0<em>International Surfing Association).<\/em>\u00a0A primeira vaga feminina em Paris foi assegurada pela surfista ga\u00facha\u00a0<a href=\"https:\/\/agenciabrasil.ebc.com.br\/esportes\/noticia\/2023-04\/tatiana-weston-webb-garante-presenca-nos-jogos-olimpicos-de-paris\"><strong>Tatiana Weston-Webb<\/strong><\/a>\u00a0em abril do ano passado.<img decoding=\"async\" data-src=\"https:\/\/agenciabrasil.ebc.com.br\/ebc.png?id=1583671&amp;o=node\" src=\"data:image\/svg+xml;base64,PHN2ZyB3aWR0aD0iMSIgaGVpZ2h0PSIxIiB4bWxucz0iaHR0cDovL3d3dy53My5vcmcvMjAwMC9zdmciPjwvc3ZnPg==\" class=\"lazyload\" \/><img decoding=\"async\" data-src=\"https:\/\/agenciabrasil.ebc.com.br\/ebc.gif?id=1583671&amp;o=node\" src=\"data:image\/svg+xml;base64,PHN2ZyB3aWR0aD0iMSIgaGVpZ2h0PSIxIiB4bWxucz0iaHR0cDovL3d3dy53My5vcmcvMjAwMC9zdmciPjwvc3ZnPg==\" class=\"lazyload\" \/><\/p>\n<p>Agora o\u00a0<a href=\"https:\/\/www.cob.org.br\/pt\/galerias\/noticias\/lista-de-vagas-garantidas-pelo-time-brasil-nos-jogos-olimpicos-paris-2024\/\"><strong>pa\u00eds soma ao todo 157 vagas nos Jogos de Paris.<\/strong><\/a>\u00a0E este n\u00famero pode aumentar nos pr\u00f3ximos dias. Na competi\u00e7\u00e3o masculina do ISA Games, o Brasil segue com chances de ampliar as duas vagas j\u00e1 conquistadas por Filipe Toledo, o Filipinho, e Jo\u00e3o \u201cChumbinho\u201d Chianca.<\/p>\n<p>Na chave principal, o\u00a0tricampe\u00e3o mundial Gabriel Medina avan\u00e7ou de fase hoje (29), com direito a melhor nota do dia (8.67) em Arecibo. O catarinense Yago Dora,\u00a0n\u00e3o foi bem na chave principal e caiu para a repescagem. J\u00e1 Filipinho, bicampe\u00e3o mundial, sobrou nas ondas do recife de Margara na disputa da repescagem, avan\u00e7ando com nota 13.70.<\/p>\n<p>Os Jogos Mundiais de Surfe, \u00faltima competi\u00e7\u00e3o que distribui vagas a Paris 2024, vai at\u00e9 domingo (3). A disputa por equipes re\u00fane representantes de mais de 50 pa\u00edses.<\/p>\n<\/div>\n<p class=\"alt-font font-italic my-2 small text-info\">Edi\u00e7\u00e3o: Cl\u00e1udia Soares Rodrigues<\/p>\n","protected":false},"excerpt":{"rendered":"<p>O Brasil carimbou a segunda vaga ol\u00edmpica no surfe feminino em Paris 2024\u00a0com a classifica\u00e7\u00e3o da catarinense Tain\u00e1 Henckel nos Jogos Mundiais de Surfe ISA Games (sigla em ingl\u00eas para\u00a0International Surfing Association).\u00a0A primeira vaga feminina em Paris foi assegurada pela surfista ga\u00facha\u00a0Tatiana Weston-Webb\u00a0em abril do ano passado. Agora o\u00a0pa\u00eds soma ao todo 157 vagas nos &hellip;<\/p>\n","protected":false},"author":1,"featured_media":2577,"comment_status":"closed","ping_status":"closed","sticky":false,"template":"","format":"standard","meta":{"footnotes":""},"categories":[31],"tags":[],"class_list":["post-2585","post","type-post","status-publish","format-standard","has-post-thumbnail","hentry","category-esportes"],"yoast_head":"<!-- This site is optimized with the Yoast SEO plugin v27.4 - https:\/\/yoast.com\/product\/yoast-seo-wordpress\/ -->\n<title>Paris 2024: Tain\u00e1 Henckel carimba 2\u00aa vaga feminina do Brasil no surfe - Transam\u00e9rica Mococa 93,3<\/title>\n<meta name=\"robots\" content=\"index, follow, max-snippet:-1, max-image-preview:large, max-video-preview:-1\" \/>\n<link rel=\"canonical\" href=\"https:\/\/transamerica93.com.br\/home\/paris-2024-taina-henckel-carimba-2a-vaga-feminina-do-brasil-no-surfe\/\" \/>\n<meta property=\"og:locale\" content=\"pt_BR\" \/>\n<meta property=\"og:type\" content=\"article\" \/>\n<meta property=\"og:title\" content=\"Paris 2024: Tain\u00e1 Henckel carimba 2\u00aa vaga feminina do Brasil no surfe - Transam\u00e9rica Mococa 93,3\" \/>\n<meta property=\"og:description\" content=\"O Brasil carimbou a segunda vaga ol\u00edmpica no surfe feminino em Paris 2024\u00a0com a classifica\u00e7\u00e3o da catarinense Tain\u00e1 Henckel nos Jogos Mundiais de Surfe ISA Games (sigla em ingl\u00eas para\u00a0International Surfing Association).\u00a0A primeira vaga feminina em Paris foi assegurada pela surfista ga\u00facha\u00a0Tatiana Weston-Webb\u00a0em abril do ano passado. Agora o\u00a0pa\u00eds soma ao todo 157 vagas nos &hellip;\" \/>\n<meta property=\"og:url\" content=\"https:\/\/transamerica93.com.br\/home\/paris-2024-taina-henckel-carimba-2a-vaga-feminina-do-brasil-no-surfe\/\" \/>\n<meta property=\"og:site_name\" content=\"Transam\u00e9rica Mococa 93,3\" \/>\n<meta property=\"article:publisher\" content=\"https:\/\/www.facebook.com\/transamericamococa\" \/>\n<meta property=\"article:published_time\" content=\"2024-03-08T15:00:16+00:00\" \/>\n<meta property=\"og:image\" content=\"https:\/\/transamerica93.com.br\/home\/wp-content\/uploads\/2024\/03\/imagem4-1.jpg\" \/>\n\t<meta property=\"og:image:width\" content=\"1170\" \/>\n\t<meta property=\"og:image:height\" content=\"700\" \/>\n\t<meta property=\"og:image:type\" content=\"image\/jpeg\" \/>\n<meta name=\"author\" content=\"Reda\u00e7\u00e3o\" \/>\n<meta name=\"twitter:card\" content=\"summary_large_image\" \/>\n<meta name=\"twitter:creator\" content=\"@transamerica933\" \/>\n<meta name=\"twitter:site\" content=\"@transamerica933\" \/>\n<meta name=\"twitter:label1\" content=\"Escrito por\" \/>\n\t<meta name=\"twitter:data1\" content=\"Reda\u00e7\u00e3o\" \/>\n\t<meta name=\"twitter:label2\" content=\"Est. tempo de leitura\" \/>\n\t<meta name=\"twitter:data2\" content=\"2 minutos\" \/>\n<script type=\"application\/ld+json\" class=\"yoast-schema-graph\">{\"@context\":\"https:\\\/\\\/schema.org\",\"@graph\":[{\"@type\":\"Article\",\"@id\":\"https:\\\/\\\/transamerica93.com.br\\\/home\\\/paris-2024-taina-henckel-carimba-2a-vaga-feminina-do-brasil-no-surfe\\\/#article\",\"isPartOf\":{\"@id\":\"https:\\\/\\\/transamerica93.com.br\\\/home\\\/paris-2024-taina-henckel-carimba-2a-vaga-feminina-do-brasil-no-surfe\\\/\"},\"author\":{\"name\":\"Reda\u00e7\u00e3o\",\"@id\":\"https:\\\/\\\/transamerica93.com.br\\\/home\\\/#\\\/schema\\\/person\\\/7fed7c99c0d4562efa8561bc0f543172\"},\"headline\":\"Paris 2024: Tain\u00e1 Henckel carimba 2\u00aa vaga feminina do Brasil no surfe\",\"datePublished\":\"2024-03-08T15:00:16+00:00\",\"mainEntityOfPage\":{\"@id\":\"https:\\\/\\\/transamerica93.com.br\\\/home\\\/paris-2024-taina-henckel-carimba-2a-vaga-feminina-do-brasil-no-surfe\\\/\"},\"wordCount\":209,\"publisher\":{\"@id\":\"https:\\\/\\\/transamerica93.com.br\\\/home\\\/#organization\"},\"image\":{\"@id\":\"https:\\\/\\\/transamerica93.com.br\\\/home\\\/paris-2024-taina-henckel-carimba-2a-vaga-feminina-do-brasil-no-surfe\\\/#primaryimage\"},\"thumbnailUrl\":\"https:\\\/\\\/transamerica93.com.br\\\/home\\\/wp-content\\\/uploads\\\/2024\\\/03\\\/imagem4-1.jpg\",\"articleSection\":[\"Esportes\"],\"inLanguage\":\"pt-BR\"},{\"@type\":\"WebPage\",\"@id\":\"https:\\\/\\\/transamerica93.com.br\\\/home\\\/paris-2024-taina-henckel-carimba-2a-vaga-feminina-do-brasil-no-surfe\\\/\",\"url\":\"https:\\\/\\\/transamerica93.com.br\\\/home\\\/paris-2024-taina-henckel-carimba-2a-vaga-feminina-do-brasil-no-surfe\\\/\",\"name\":\"Paris 2024: Tain\u00e1 Henckel carimba 2\u00aa vaga feminina do Brasil no surfe - Transam\u00e9rica Mococa 93,3\",\"isPartOf\":{\"@id\":\"https:\\\/\\\/transamerica93.com.br\\\/home\\\/#website\"},\"primaryImageOfPage\":{\"@id\":\"https:\\\/\\\/transamerica93.com.br\\\/home\\\/paris-2024-taina-henckel-carimba-2a-vaga-feminina-do-brasil-no-surfe\\\/#primaryimage\"},\"image\":{\"@id\":\"https:\\\/\\\/transamerica93.com.br\\\/home\\\/paris-2024-taina-henckel-carimba-2a-vaga-feminina-do-brasil-no-surfe\\\/#primaryimage\"},\"thumbnailUrl\":\"https:\\\/\\\/transamerica93.com.br\\\/home\\\/wp-content\\\/uploads\\\/2024\\\/03\\\/imagem4-1.jpg\",\"datePublished\":\"2024-03-08T15:00:16+00:00\",\"breadcrumb\":{\"@id\":\"https:\\\/\\\/transamerica93.com.br\\\/home\\\/paris-2024-taina-henckel-carimba-2a-vaga-feminina-do-brasil-no-surfe\\\/#breadcrumb\"},\"inLanguage\":\"pt-BR\",\"potentialAction\":[{\"@type\":\"ReadAction\",\"target\":[\"https:\\\/\\\/transamerica93.com.br\\\/home\\\/paris-2024-taina-henckel-carimba-2a-vaga-feminina-do-brasil-no-surfe\\\/\"]}]},{\"@type\":\"ImageObject\",\"inLanguage\":\"pt-BR\",\"@id\":\"https:\\\/\\\/transamerica93.com.br\\\/home\\\/paris-2024-taina-henckel-carimba-2a-vaga-feminina-do-brasil-no-surfe\\\/#primaryimage\",\"url\":\"https:\\\/\\\/transamerica93.com.br\\\/home\\\/wp-content\\\/uploads\\\/2024\\\/03\\\/imagem4-1.jpg\",\"contentUrl\":\"https:\\\/\\\/transamerica93.com.br\\\/home\\\/wp-content\\\/uploads\\\/2024\\\/03\\\/imagem4-1.jpg\",\"width\":1170,\"height\":700,\"caption\":\"\u00a9 Reprodu\u00e7\u00e3o\\\/isasurf.org\\\/Naslo Bustamante\"},{\"@type\":\"BreadcrumbList\",\"@id\":\"https:\\\/\\\/transamerica93.com.br\\\/home\\\/paris-2024-taina-henckel-carimba-2a-vaga-feminina-do-brasil-no-surfe\\\/#breadcrumb\",\"itemListElement\":[{\"@type\":\"ListItem\",\"position\":1,\"name\":\"In\u00edcio\",\"item\":\"https:\\\/\\\/transamerica93.com.br\\\/home\\\/\"},{\"@type\":\"ListItem\",\"position\":2,\"name\":\"Paris 2024: Tain\u00e1 Henckel carimba 2\u00aa vaga feminina do Brasil no surfe\"}]},{\"@type\":\"WebSite\",\"@id\":\"https:\\\/\\\/transamerica93.com.br\\\/home\\\/#website\",\"url\":\"https:\\\/\\\/transamerica93.com.br\\\/home\\\/\",\"name\":\"Transam\u00e9rica Mococa 93,3\",\"description\":\"\",\"publisher\":{\"@id\":\"https:\\\/\\\/transamerica93.com.br\\\/home\\\/#organization\"},\"potentialAction\":[{\"@type\":\"SearchAction\",\"target\":{\"@type\":\"EntryPoint\",\"urlTemplate\":\"https:\\\/\\\/transamerica93.com.br\\\/home\\\/?s={search_term_string}\"},\"query-input\":{\"@type\":\"PropertyValueSpecification\",\"valueRequired\":true,\"valueName\":\"search_term_string\"}}],\"inLanguage\":\"pt-BR\"},{\"@type\":\"Organization\",\"@id\":\"https:\\\/\\\/transamerica93.com.br\\\/home\\\/#organization\",\"name\":\"Transam\u00e9rica Mococa 93,3\",\"url\":\"https:\\\/\\\/transamerica93.com.br\\\/home\\\/\",\"logo\":{\"@type\":\"ImageObject\",\"inLanguage\":\"pt-BR\",\"@id\":\"https:\\\/\\\/transamerica93.com.br\\\/home\\\/#\\\/schema\\\/logo\\\/image\\\/\",\"url\":\"https:\\\/\\\/transamerica93.com.br\\\/home\\\/wp-content\\\/uploads\\\/2023\\\/10\\\/logo2.png\",\"contentUrl\":\"https:\\\/\\\/transamerica93.com.br\\\/home\\\/wp-content\\\/uploads\\\/2023\\\/10\\\/logo2.png\",\"width\":800,\"height\":500,\"caption\":\"Transam\u00e9rica Mococa 93,3\"},\"image\":{\"@id\":\"https:\\\/\\\/transamerica93.com.br\\\/home\\\/#\\\/schema\\\/logo\\\/image\\\/\"},\"sameAs\":[\"https:\\\/\\\/www.facebook.com\\\/transamericamococa\",\"https:\\\/\\\/x.com\\\/transamerica933\",\"https:\\\/\\\/www.instagram.com\\\/transamericamococa\"]},{\"@type\":\"Person\",\"@id\":\"https:\\\/\\\/transamerica93.com.br\\\/home\\\/#\\\/schema\\\/person\\\/7fed7c99c0d4562efa8561bc0f543172\",\"name\":\"Reda\u00e7\u00e3o\",\"image\":{\"@type\":\"ImageObject\",\"inLanguage\":\"pt-BR\",\"@id\":\"https:\\\/\\\/secure.gravatar.com\\\/avatar\\\/1072c6b775fb02ef8506ce967551d95926669a6b7d2c2147b42eea4d7c68395e?s=96&d=mm&r=g\",\"url\":\"https:\\\/\\\/secure.gravatar.com\\\/avatar\\\/1072c6b775fb02ef8506ce967551d95926669a6b7d2c2147b42eea4d7c68395e?s=96&d=mm&r=g\",\"contentUrl\":\"https:\\\/\\\/secure.gravatar.com\\\/avatar\\\/1072c6b775fb02ef8506ce967551d95926669a6b7d2c2147b42eea4d7c68395e?s=96&d=mm&r=g\",\"caption\":\"Reda\u00e7\u00e3o\"},\"sameAs\":[\"https:\\\/\\\/transamerica93.com.br\\\/home\"],\"url\":\"https:\\\/\\\/transamerica93.com.br\\\/home\\\/author\\\/william\\\/\"}]}<\/script>\n<!-- \/ Yoast SEO plugin. -->","yoast_head_json":{"title":"Paris 2024: Tain\u00e1 Henckel carimba 2\u00aa vaga feminina do Brasil no surfe - Transam\u00e9rica Mococa 93,3","robots":{"index":"index","follow":"follow","max-snippet":"max-snippet:-1","max-image-preview":"max-image-preview:large","max-video-preview":"max-video-preview:-1"},"canonical":"https:\/\/transamerica93.com.br\/home\/paris-2024-taina-henckel-carimba-2a-vaga-feminina-do-brasil-no-surfe\/","og_locale":"pt_BR","og_type":"article","og_title":"Paris 2024: Tain\u00e1 Henckel carimba 2\u00aa vaga feminina do Brasil no surfe - Transam\u00e9rica Mococa 93,3","og_description":"O Brasil carimbou a segunda vaga ol\u00edmpica no surfe feminino em Paris 2024\u00a0com a classifica\u00e7\u00e3o da catarinense Tain\u00e1 Henckel nos Jogos Mundiais de Surfe ISA Games (sigla em ingl\u00eas para\u00a0International Surfing Association).\u00a0A primeira vaga feminina em Paris foi assegurada pela surfista ga\u00facha\u00a0Tatiana Weston-Webb\u00a0em abril do ano passado. Agora o\u00a0pa\u00eds soma ao todo 157 vagas nos &hellip;","og_url":"https:\/\/transamerica93.com.br\/home\/paris-2024-taina-henckel-carimba-2a-vaga-feminina-do-brasil-no-surfe\/","og_site_name":"Transam\u00e9rica Mococa 93,3","article_publisher":"https:\/\/www.facebook.com\/transamericamococa","article_published_time":"2024-03-08T15:00:16+00:00","og_image":[{"width":1170,"height":700,"url":"https:\/\/transamerica93.com.br\/home\/wp-content\/uploads\/2024\/03\/imagem4-1.jpg","type":"image\/jpeg"}],"author":"Reda\u00e7\u00e3o","twitter_card":"summary_large_image","twitter_creator":"@transamerica933","twitter_site":"@transamerica933","twitter_misc":{"Escrito por":"Reda\u00e7\u00e3o","Est. tempo de leitura":"2 minutos"},"schema":{"@context":"https:\/\/schema.org","@graph":[{"@type":"Article","@id":"https:\/\/transamerica93.com.br\/home\/paris-2024-taina-henckel-carimba-2a-vaga-feminina-do-brasil-no-surfe\/#article","isPartOf":{"@id":"https:\/\/transamerica93.com.br\/home\/paris-2024-taina-henckel-carimba-2a-vaga-feminina-do-brasil-no-surfe\/"},"author":{"name":"Reda\u00e7\u00e3o","@id":"https:\/\/transamerica93.com.br\/home\/#\/schema\/person\/7fed7c99c0d4562efa8561bc0f543172"},"headline":"Paris 2024: Tain\u00e1 Henckel carimba 2\u00aa vaga feminina do Brasil no surfe","datePublished":"2024-03-08T15:00:16+00:00","mainEntityOfPage":{"@id":"https:\/\/transamerica93.com.br\/home\/paris-2024-taina-henckel-carimba-2a-vaga-feminina-do-brasil-no-surfe\/"},"wordCount":209,"publisher":{"@id":"https:\/\/transamerica93.com.br\/home\/#organization"},"image":{"@id":"https:\/\/transamerica93.com.br\/home\/paris-2024-taina-henckel-carimba-2a-vaga-feminina-do-brasil-no-surfe\/#primaryimage"},"thumbnailUrl":"https:\/\/transamerica93.com.br\/home\/wp-content\/uploads\/2024\/03\/imagem4-1.jpg","articleSection":["Esportes"],"inLanguage":"pt-BR"},{"@type":"WebPage","@id":"https:\/\/transamerica93.com.br\/home\/paris-2024-taina-henckel-carimba-2a-vaga-feminina-do-brasil-no-surfe\/","url":"https:\/\/transamerica93.com.br\/home\/paris-2024-taina-henckel-carimba-2a-vaga-feminina-do-brasil-no-surfe\/","name":"Paris 2024: Tain\u00e1 Henckel carimba 2\u00aa vaga feminina do Brasil no surfe - Transam\u00e9rica Mococa 93,3","isPartOf":{"@id":"https:\/\/transamerica93.com.br\/home\/#website"},"primaryImageOfPage":{"@id":"https:\/\/transamerica93.com.br\/home\/paris-2024-taina-henckel-carimba-2a-vaga-feminina-do-brasil-no-surfe\/#primaryimage"},"image":{"@id":"https:\/\/transamerica93.com.br\/home\/paris-2024-taina-henckel-carimba-2a-vaga-feminina-do-brasil-no-surfe\/#primaryimage"},"thumbnailUrl":"https:\/\/transamerica93.com.br\/home\/wp-content\/uploads\/2024\/03\/imagem4-1.jpg","datePublished":"2024-03-08T15:00:16+00:00","breadcrumb":{"@id":"https:\/\/transamerica93.com.br\/home\/paris-2024-taina-henckel-carimba-2a-vaga-feminina-do-brasil-no-surfe\/#breadcrumb"},"inLanguage":"pt-BR","potentialAction":[{"@type":"ReadAction","target":["https:\/\/transamerica93.com.br\/home\/paris-2024-taina-henckel-carimba-2a-vaga-feminina-do-brasil-no-surfe\/"]}]},{"@type":"ImageObject","inLanguage":"pt-BR","@id":"https:\/\/transamerica93.com.br\/home\/paris-2024-taina-henckel-carimba-2a-vaga-feminina-do-brasil-no-surfe\/#primaryimage","url":"https:\/\/transamerica93.com.br\/home\/wp-content\/uploads\/2024\/03\/imagem4-1.jpg","contentUrl":"https:\/\/transamerica93.com.br\/home\/wp-content\/uploads\/2024\/03\/imagem4-1.jpg","width":1170,"height":700,"caption":"\u00a9 Reprodu\u00e7\u00e3o\/isasurf.org\/Naslo Bustamante"},{"@type":"BreadcrumbList","@id":"https:\/\/transamerica93.com.br\/home\/paris-2024-taina-henckel-carimba-2a-vaga-feminina-do-brasil-no-surfe\/#breadcrumb","itemListElement":[{"@type":"ListItem","position":1,"name":"In\u00edcio","item":"https:\/\/transamerica93.com.br\/home\/"},{"@type":"ListItem","position":2,"name":"Paris 2024: Tain\u00e1 Henckel carimba 2\u00aa vaga feminina do Brasil no surfe"}]},{"@type":"WebSite","@id":"https:\/\/transamerica93.com.br\/home\/#website","url":"https:\/\/transamerica93.com.br\/home\/","name":"Transam\u00e9rica Mococa 93,3","description":"","publisher":{"@id":"https:\/\/transamerica93.com.br\/home\/#organization"},"potentialAction":[{"@type":"SearchAction","target":{"@type":"EntryPoint","urlTemplate":"https:\/\/transamerica93.com.br\/home\/?s={search_term_string}"},"query-input":{"@type":"PropertyValueSpecification","valueRequired":true,"valueName":"search_term_string"}}],"inLanguage":"pt-BR"},{"@type":"Organization","@id":"https:\/\/transamerica93.com.br\/home\/#organization","name":"Transam\u00e9rica Mococa 93,3","url":"https:\/\/transamerica93.com.br\/home\/","logo":{"@type":"ImageObject","inLanguage":"pt-BR","@id":"https:\/\/transamerica93.com.br\/home\/#\/schema\/logo\/image\/","url":"https:\/\/transamerica93.com.br\/home\/wp-content\/uploads\/2023\/10\/logo2.png","contentUrl":"https:\/\/transamerica93.com.br\/home\/wp-content\/uploads\/2023\/10\/logo2.png","width":800,"height":500,"caption":"Transam\u00e9rica Mococa 93,3"},"image":{"@id":"https:\/\/transamerica93.com.br\/home\/#\/schema\/logo\/image\/"},"sameAs":["https:\/\/www.facebook.com\/transamericamococa","https:\/\/x.com\/transamerica933","https:\/\/www.instagram.com\/transamericamococa"]},{"@type":"Person","@id":"https:\/\/transamerica93.com.br\/home\/#\/schema\/person\/7fed7c99c0d4562efa8561bc0f543172","name":"Reda\u00e7\u00e3o","image":{"@type":"ImageObject","inLanguage":"pt-BR","@id":"https:\/\/secure.gravatar.com\/avatar\/1072c6b775fb02ef8506ce967551d95926669a6b7d2c2147b42eea4d7c68395e?s=96&d=mm&r=g","url":"https:\/\/secure.gravatar.com\/avatar\/1072c6b775fb02ef8506ce967551d95926669a6b7d2c2147b42eea4d7c68395e?s=96&d=mm&r=g","contentUrl":"https:\/\/secure.gravatar.com\/avatar\/1072c6b775fb02ef8506ce967551d95926669a6b7d2c2147b42eea4d7c68395e?s=96&d=mm&r=g","caption":"Reda\u00e7\u00e3o"},"sameAs":["https:\/\/transamerica93.com.br\/home"],"url":"https:\/\/transamerica93.com.br\/home\/author\/william\/"}]}},"_links":{"self":[{"href":"https:\/\/transamerica93.com.br\/home\/wp-json\/wp\/v2\/posts\/2585","targetHints":{"allow":["GET"]}}],"collection":[{"href":"https:\/\/transamerica93.com.br\/home\/wp-json\/wp\/v2\/posts"}],"about":[{"href":"https:\/\/transamerica93.com.br\/home\/wp-json\/wp\/v2\/types\/post"}],"author":[{"embeddable":true,"href":"https:\/\/transamerica93.com.br\/home\/wp-json\/wp\/v2\/users\/1"}],"replies":[{"embeddable":true,"href":"https:\/\/transamerica93.com.br\/home\/wp-json\/wp\/v2\/comments?post=2585"}],"version-history":[{"count":2,"href":"https:\/\/transamerica93.com.br\/home\/wp-json\/wp\/v2\/posts\/2585\/revisions"}],"predecessor-version":[{"id":2587,"href":"https:\/\/transamerica93.com.br\/home\/wp-json\/wp\/v2\/posts\/2585\/revisions\/2587"}],"wp:featuredmedia":[{"embeddable":true,"href":"https:\/\/transamerica93.com.br\/home\/wp-json\/wp\/v2\/media\/2577"}],"wp:attachment":[{"href":"https:\/\/transamerica93.com.br\/home\/wp-json\/wp\/v2\/media?parent=2585"}],"wp:term":[{"taxonomy":"category","embeddable":true,"href":"https:\/\/transamerica93.com.br\/home\/wp-json\/wp\/v2\/categories?post=2585"},{"taxonomy":"post_tag","embeddable":true,"href":"https:\/\/transamerica93.com.br\/home\/wp-json\/wp\/v2\/tags?post=2585"}],"curies":[{"name":"wp","href":"https:\/\/api.w.org\/{rel}","templated":true}]}}