{"id":2638,"date":"2024-03-29T09:00:21","date_gmt":"2024-03-29T12:00:21","guid":{"rendered":"https:\/\/transamerica93.com.br\/home\/?p=2638"},"modified":"2024-03-25T11:07:23","modified_gmt":"2024-03-25T14:07:23","slug":"estudantes-comecam-a-receber-primeira-parcela-do-programa-pe-de-meia","status":"publish","type":"post","link":"https:\/\/transamerica93.com.br\/home\/estudantes-comecam-a-receber-primeira-parcela-do-programa-pe-de-meia\/","title":{"rendered":"Estudantes come\u00e7am a receber primeira parcela do Programa P\u00e9-de-Meia"},"content":{"rendered":"<div class=\"post-item-wrap\">\n<p>Uma cerim\u00f4nia no Pal\u00e1cio do Planalto, com a participa\u00e7\u00e3o do presidente Luiz In\u00e1cio Lula da Silva, marcou o in\u00edcio dos pagamentos Programa P\u00e9-de-Meia, do Minist\u00e9rio da Educa\u00e7\u00e3o (MEC). O dep\u00f3sito da parcela \u00fanica de R$ 200, relativo ao Incentivo-Matr\u00edcula, ocorrer\u00e1 de forma escalonada, conforme o m\u00eas de nascimento dos alunos.<img decoding=\"async\" data-src=\"https:\/\/agenciabrasil.ebc.com.br\/ebc.png?id=1587261&amp;o=node\" src=\"data:image\/svg+xml;base64,PHN2ZyB3aWR0aD0iMSIgaGVpZ2h0PSIxIiB4bWxucz0iaHR0cDovL3d3dy53My5vcmcvMjAwMC9zdmciPjwvc3ZnPg==\" class=\"lazyload\" \/><img decoding=\"async\" data-src=\"https:\/\/agenciabrasil.ebc.com.br\/ebc.gif?id=1587261&amp;o=node\" src=\"data:image\/svg+xml;base64,PHN2ZyB3aWR0aD0iMSIgaGVpZ2h0PSIxIiB4bWxucz0iaHR0cDovL3d3dy53My5vcmcvMjAwMC9zdmciPjwvc3ZnPg==\" class=\"lazyload\" \/><\/p>\n<p>\u00b7 \u00a0 \u00a0 \u00a0 \u00a0 26 de mar\u00e7o: estudantes nascidos em janeiro e fevereiro;<\/p>\n<p>\u00b7 \u00a0 \u00a0 \u00a0 \u00a0 27 de mar\u00e7o: estudantes nascidos em mar\u00e7o e abril;<\/p>\n<p>\u00b7 \u00a0 \u00a0 \u00a0 \u00a0 28 de mar\u00e7o: estudantes nascidos em maio e junho;<\/p>\n<p>\u00b7 \u00a0 \u00a0 \u00a0 \u00a0 1\u00ba de abril: estudantes nascidos em julho e agosto;<\/p>\n<p>\u00b7 \u00a0 \u00a0 \u00a0 \u00a0 2 de abril: estudantes nascidos em setembro e outubro;<\/p>\n<p>\u00b7 \u00a0 \u00a0 \u00a0 \u00a0 3 de abril: estudantes nascidos em novembro e dezembro.<\/p>\n<p>Segundo o MEC, o Incentivo-Matr\u00edcula ser\u00e1 creditado em contas digitais abertas automaticamente pela Caixa Econ\u00f4mica Federal em nome dos alunos.<\/p>\n<p>No caso de o estudante\u00a0do ensino m\u00e9dio p\u00fablico contemplado ser menor de idade, ser\u00e1 necess\u00e1rio que o respons\u00e1vel legal o autorize a\u00a0movimentar a conta, para sacar o dinheiro ou usar o aplicativo Caixa Tem. Esse consentimento poder\u00e1 ser feito em uma ag\u00eancia banc\u00e1ria da Caixa ou pelo aplicativo Caixa Tem. Se o aluno tiver 18 anos ou mais, a conta j\u00e1 estar\u00e1 desbloqueada para utiliza\u00e7\u00e3o do valor recebido.<\/p>\n<p>O incentivo \u00e9 pago apenas uma vez ao ano, ainda que o estudante fa\u00e7a\u00a0transfer\u00eancia de matr\u00edcula entre escolas ou redes de ensino no mesmo ano letivo.<\/p>\n<p>Por\u00e9m, o\u00a0aluno que abandonou a escola e voltou a estudar ou que foi reprovado naquela s\u00e9rie ter\u00e1 direito ao Incentivo-Matr\u00edcula da respectiva s\u00e9rie apenas mais uma vez, durante o per\u00edodo de perman\u00eancia no ensino m\u00e9dio, esclarece o MEC.<\/p>\n<h2>Envio de informa\u00e7\u00f5es<\/h2>\n<p>Para fazer o dep\u00f3sito deste primeiro incentivo, o MEC se basear\u00e1 em informa\u00e7\u00f5es enviadas pelas redes de ensino dos munic\u00edpios, estados e do Distrito Federal entre 29 de fevereiro e 8 de mar\u00e7o deste ano, por meio do\u00a0Sistema Gest\u00e3o Presente (SGP), conforme previsto na Lei 14.818\/2024.<\/p>\n<p>O n\u00e3o compartilhamento das informa\u00e7\u00f5es sobre os estudantes matriculados nas respectivas redes de ensino poder\u00e1 impactar o pagamento dos incentivos relativos ao per\u00edodo em que as informa\u00e7\u00f5es n\u00e3o foram compartilhadas.<\/p>\n<p>Para quem n\u00e3o for contemplado neste primeiro per\u00edodo, o MEC informa que se ocorrerem corre\u00e7\u00f5es e atualiza\u00e7\u00f5es das informa\u00e7\u00f5es referentes \u00e0 matr\u00edcula, por parte das redes p\u00fablicas de ensino m\u00e9dio, entre 9 de mar\u00e7o e 14 de junho, o pagamento do Incentivo-Matr\u00edcula poder\u00e1 ser feito at\u00e9 1\u00ba de julho.<\/p>\n<p>O P\u00e9-de-Meia \u00e9 um programa de incentivo financeiro-educacional, na modalidade de poupan\u00e7a, destinado a promover a perman\u00eancia e a conclus\u00e3o escolar de estudantes matriculados no ensino m\u00e9dio p\u00fablico. Por meio do incentivo \u00e0 perman\u00eancia escolar, o programa quer democratizar o acesso e reduzir a desigualdade social entre os jovens do ensino m\u00e9dio, al\u00e9m de promover mais inclus\u00e3o social pela educa\u00e7\u00e3o, estimulando a mobilidade social.<\/p>\n<p>O P\u00e9-de-Meia prev\u00ea o pagamento de incentivo mensal de R$ 200, que pode ser sacado em qualquer momento, al\u00e9m dos dep\u00f3sitos de R$ 1.000 ao final de cada ano conclu\u00eddo, que s\u00f3 poder\u00e3o ser retirados da poupan\u00e7a ap\u00f3s a conclus\u00e3o do ano letivo. Se consideradas as dez parcelas de incentivo, os dep\u00f3sitos anuais e\u00a0ainda\u00a0o adicional de R$ 200 pela participa\u00e7\u00e3o no Exame Nacional do Ensino M\u00e9dio (Enem) na \u00faltima s\u00e9rie, os valores podem chegar a R$ 9.200 por aluno.<\/p>\n<div class=\"dnd-widget-wrapper context-cheio_8colunas type-image\">\n<div class=\"dnd-atom-rendered\">\n<div class=\"shadow overflow-hidden rounded-lg d-block w-100\">\n<figure style=\"width: 754px\" class=\"wp-caption alignnone\"><img decoding=\"async\" class=\"flex-fill img-cover lazyload\" title=\"Arte\/Minist\u00e9rio da Educa\u00e7\u00e3o\" data-src=\"https:\/\/imagens.ebc.com.br\/mcUzW095nLm5ObBUU2u5SwO3Mhg=\/754x0\/smart\/https:\/\/agenciabrasil.ebc.com.br\/sites\/default\/files\/thumbnails\/image\/2024\/03\/14\/9d50c7ca-fdef-4e42-a510-9419c4fa73fb_copy.jpg?itok=iH_lLzS_\" alt=\"O P\u00e9-de-Meia \u00e9 um programa de incentivo financeiro-educacional, na modalidade de poupan\u00e7a, destinado a promover a perman\u00eancia e a conclus\u00e3o escolar de estudantes matriculados no ensino m\u00e9dio p\u00fablico. Por meio do incentivo \u00e0 perman\u00eancia escolar, o programa quer democratizar o acesso e reduzir a desigualdade social entre os jovens do ensino m\u00e9dio, al\u00e9m de promover mais inclus\u00e3o social pela educa\u00e7\u00e3o, estimulando a mobilidade social. Foto Arte\/Arte\/Minist\u00e9rio da Educa\u00e7\u00e3o -\u00a0Arte\/Minist\u00e9rio da Educa\u00e7\u00e3o\" width=\"754\" height=\"433\" src=\"data:image\/svg+xml;base64,PHN2ZyB3aWR0aD0iMSIgaGVpZ2h0PSIxIiB4bWxucz0iaHR0cDovL3d3dy53My5vcmcvMjAwMC9zdmciPjwvc3ZnPg==\" style=\"--smush-placeholder-width: 754px; --smush-placeholder-aspect-ratio: 754\/433;\" \/><figcaption class=\"wp-caption-text\">O P\u00e9-de-Meia \u00e9 um programa de incentivo financeiro-educacional, na modalidade de poupan\u00e7a, destinado a promover a perman\u00eancia e a conclus\u00e3o escolar de estudantes matriculados no ensino m\u00e9dio p\u00fablico. Por meio do incentivo \u00e0 perman\u00eancia escolar, o programa quer democratizar o acesso e reduzir a desigualdade social entre os jovens do ensino m\u00e9dio, al\u00e9m de promover mais inclus\u00e3o social pela educa\u00e7\u00e3o, estimulando a mobilidade social. Foto Arte\/Arte\/Minist\u00e9rio da Educa\u00e7\u00e3o &#8211;\u00a0Arte\/Minist\u00e9rio da Educa\u00e7\u00e3o<\/figcaption><\/figure>\n<\/div>\n<\/div>\n<div class=\"dnd-caption-wrapper\">\n<div><\/div>\n<div class=\"meta\">Os estudantes com d\u00favidas sobre o P\u00e9-de-Meia podem acessar uma se\u00e7\u00e3o de Perguntas Frequentes sobre o programa no portal do MEC. Outros canais s\u00e3o o Fale Conosco do MEC (telefone 0800 616161) e o portal de atendimento, por meio da op\u00e7\u00e3o 7 e sele\u00e7\u00e3o do assunto Programa P\u00e9-de-Meia.<\/div>\n<div><\/div>\n<\/div>\n<\/div>\n<\/div>\n<p class=\"alt-font font-italic my-2 small text-info\">Edi\u00e7\u00e3o: Gra\u00e7a Adjuto<\/p>\n","protected":false},"excerpt":{"rendered":"<p>Uma cerim\u00f4nia no Pal\u00e1cio do Planalto, com a participa\u00e7\u00e3o do presidente Luiz In\u00e1cio Lula da Silva, marcou o in\u00edcio dos pagamentos Programa P\u00e9-de-Meia, do Minist\u00e9rio da Educa\u00e7\u00e3o (MEC). O dep\u00f3sito da parcela \u00fanica de R$ 200, relativo ao Incentivo-Matr\u00edcula, ocorrer\u00e1 de forma escalonada, conforme o m\u00eas de nascimento dos alunos. \u00b7 \u00a0 \u00a0 \u00a0 \u00a0 &hellip;<\/p>\n","protected":false},"author":1,"featured_media":2639,"comment_status":"closed","ping_status":"closed","sticky":false,"template":"","format":"standard","meta":{"footnotes":""},"categories":[30],"tags":[],"class_list":["post-2638","post","type-post","status-publish","format-standard","has-post-thumbnail","hentry","category-geral"],"yoast_head":"<!-- This site is optimized with the Yoast SEO plugin v27.4 - https:\/\/yoast.com\/product\/yoast-seo-wordpress\/ -->\n<title>Estudantes come\u00e7am a receber primeira parcela do Programa P\u00e9-de-Meia - Transam\u00e9rica Mococa 93,3<\/title>\n<meta name=\"robots\" content=\"index, follow, max-snippet:-1, max-image-preview:large, max-video-preview:-1\" \/>\n<link rel=\"canonical\" href=\"https:\/\/transamerica93.com.br\/home\/estudantes-comecam-a-receber-primeira-parcela-do-programa-pe-de-meia\/\" \/>\n<meta property=\"og:locale\" content=\"pt_BR\" \/>\n<meta property=\"og:type\" content=\"article\" \/>\n<meta property=\"og:title\" content=\"Estudantes come\u00e7am a receber primeira parcela do Programa P\u00e9-de-Meia - Transam\u00e9rica Mococa 93,3\" \/>\n<meta property=\"og:description\" content=\"Uma cerim\u00f4nia no Pal\u00e1cio do Planalto, com a participa\u00e7\u00e3o do presidente Luiz In\u00e1cio Lula da Silva, marcou o in\u00edcio dos pagamentos Programa P\u00e9-de-Meia, do Minist\u00e9rio da Educa\u00e7\u00e3o (MEC). O dep\u00f3sito da parcela \u00fanica de R$ 200, relativo ao Incentivo-Matr\u00edcula, ocorrer\u00e1 de forma escalonada, conforme o m\u00eas de nascimento dos alunos. \u00b7 \u00a0 \u00a0 \u00a0 \u00a0 &hellip;\" \/>\n<meta property=\"og:url\" content=\"https:\/\/transamerica93.com.br\/home\/estudantes-comecam-a-receber-primeira-parcela-do-programa-pe-de-meia\/\" \/>\n<meta property=\"og:site_name\" content=\"Transam\u00e9rica Mococa 93,3\" \/>\n<meta property=\"article:publisher\" content=\"https:\/\/www.facebook.com\/transamericamococa\" \/>\n<meta property=\"article:published_time\" content=\"2024-03-29T12:00:21+00:00\" \/>\n<meta property=\"og:image\" content=\"https:\/\/transamerica93.com.br\/home\/wp-content\/uploads\/2024\/03\/imagem-14.jpg\" \/>\n\t<meta property=\"og:image:width\" content=\"1170\" \/>\n\t<meta property=\"og:image:height\" content=\"700\" \/>\n\t<meta property=\"og:image:type\" content=\"image\/jpeg\" \/>\n<meta name=\"author\" content=\"Reda\u00e7\u00e3o\" \/>\n<meta name=\"twitter:card\" content=\"summary_large_image\" \/>\n<meta name=\"twitter:creator\" content=\"@transamerica933\" \/>\n<meta name=\"twitter:site\" content=\"@transamerica933\" \/>\n<meta name=\"twitter:label1\" content=\"Escrito por\" \/>\n\t<meta name=\"twitter:data1\" content=\"Reda\u00e7\u00e3o\" \/>\n\t<meta name=\"twitter:label2\" content=\"Est. tempo de leitura\" \/>\n\t<meta name=\"twitter:data2\" content=\"5 minutos\" \/>\n<script type=\"application\/ld+json\" class=\"yoast-schema-graph\">{\"@context\":\"https:\\\/\\\/schema.org\",\"@graph\":[{\"@type\":\"Article\",\"@id\":\"https:\\\/\\\/transamerica93.com.br\\\/home\\\/estudantes-comecam-a-receber-primeira-parcela-do-programa-pe-de-meia\\\/#article\",\"isPartOf\":{\"@id\":\"https:\\\/\\\/transamerica93.com.br\\\/home\\\/estudantes-comecam-a-receber-primeira-parcela-do-programa-pe-de-meia\\\/\"},\"author\":{\"name\":\"Reda\u00e7\u00e3o\",\"@id\":\"https:\\\/\\\/transamerica93.com.br\\\/home\\\/#\\\/schema\\\/person\\\/7fed7c99c0d4562efa8561bc0f543172\"},\"headline\":\"Estudantes come\u00e7am a receber primeira parcela do Programa P\u00e9-de-Meia\",\"datePublished\":\"2024-03-29T12:00:21+00:00\",\"mainEntityOfPage\":{\"@id\":\"https:\\\/\\\/transamerica93.com.br\\\/home\\\/estudantes-comecam-a-receber-primeira-parcela-do-programa-pe-de-meia\\\/\"},\"wordCount\":752,\"publisher\":{\"@id\":\"https:\\\/\\\/transamerica93.com.br\\\/home\\\/#organization\"},\"image\":{\"@id\":\"https:\\\/\\\/transamerica93.com.br\\\/home\\\/estudantes-comecam-a-receber-primeira-parcela-do-programa-pe-de-meia\\\/#primaryimage\"},\"thumbnailUrl\":\"https:\\\/\\\/transamerica93.com.br\\\/home\\\/wp-content\\\/uploads\\\/2024\\\/03\\\/imagem-14.jpg\",\"articleSection\":[\"Geral\"],\"inLanguage\":\"pt-BR\"},{\"@type\":\"WebPage\",\"@id\":\"https:\\\/\\\/transamerica93.com.br\\\/home\\\/estudantes-comecam-a-receber-primeira-parcela-do-programa-pe-de-meia\\\/\",\"url\":\"https:\\\/\\\/transamerica93.com.br\\\/home\\\/estudantes-comecam-a-receber-primeira-parcela-do-programa-pe-de-meia\\\/\",\"name\":\"Estudantes come\u00e7am a receber primeira parcela do Programa P\u00e9-de-Meia - Transam\u00e9rica Mococa 93,3\",\"isPartOf\":{\"@id\":\"https:\\\/\\\/transamerica93.com.br\\\/home\\\/#website\"},\"primaryImageOfPage\":{\"@id\":\"https:\\\/\\\/transamerica93.com.br\\\/home\\\/estudantes-comecam-a-receber-primeira-parcela-do-programa-pe-de-meia\\\/#primaryimage\"},\"image\":{\"@id\":\"https:\\\/\\\/transamerica93.com.br\\\/home\\\/estudantes-comecam-a-receber-primeira-parcela-do-programa-pe-de-meia\\\/#primaryimage\"},\"thumbnailUrl\":\"https:\\\/\\\/transamerica93.com.br\\\/home\\\/wp-content\\\/uploads\\\/2024\\\/03\\\/imagem-14.jpg\",\"datePublished\":\"2024-03-29T12:00:21+00:00\",\"breadcrumb\":{\"@id\":\"https:\\\/\\\/transamerica93.com.br\\\/home\\\/estudantes-comecam-a-receber-primeira-parcela-do-programa-pe-de-meia\\\/#breadcrumb\"},\"inLanguage\":\"pt-BR\",\"potentialAction\":[{\"@type\":\"ReadAction\",\"target\":[\"https:\\\/\\\/transamerica93.com.br\\\/home\\\/estudantes-comecam-a-receber-primeira-parcela-do-programa-pe-de-meia\\\/\"]}]},{\"@type\":\"ImageObject\",\"inLanguage\":\"pt-BR\",\"@id\":\"https:\\\/\\\/transamerica93.com.br\\\/home\\\/estudantes-comecam-a-receber-primeira-parcela-do-programa-pe-de-meia\\\/#primaryimage\",\"url\":\"https:\\\/\\\/transamerica93.com.br\\\/home\\\/wp-content\\\/uploads\\\/2024\\\/03\\\/imagem-14.jpg\",\"contentUrl\":\"https:\\\/\\\/transamerica93.com.br\\\/home\\\/wp-content\\\/uploads\\\/2024\\\/03\\\/imagem-14.jpg\",\"width\":1170,\"height\":700,\"caption\":\"\u00a9 Paulo Pinto\\\/Ag\u00eancia Brasil\"},{\"@type\":\"BreadcrumbList\",\"@id\":\"https:\\\/\\\/transamerica93.com.br\\\/home\\\/estudantes-comecam-a-receber-primeira-parcela-do-programa-pe-de-meia\\\/#breadcrumb\",\"itemListElement\":[{\"@type\":\"ListItem\",\"position\":1,\"name\":\"In\u00edcio\",\"item\":\"https:\\\/\\\/transamerica93.com.br\\\/home\\\/\"},{\"@type\":\"ListItem\",\"position\":2,\"name\":\"Estudantes come\u00e7am a receber primeira parcela do Programa P\u00e9-de-Meia\"}]},{\"@type\":\"WebSite\",\"@id\":\"https:\\\/\\\/transamerica93.com.br\\\/home\\\/#website\",\"url\":\"https:\\\/\\\/transamerica93.com.br\\\/home\\\/\",\"name\":\"Transam\u00e9rica Mococa 93,3\",\"description\":\"\",\"publisher\":{\"@id\":\"https:\\\/\\\/transamerica93.com.br\\\/home\\\/#organization\"},\"potentialAction\":[{\"@type\":\"SearchAction\",\"target\":{\"@type\":\"EntryPoint\",\"urlTemplate\":\"https:\\\/\\\/transamerica93.com.br\\\/home\\\/?s={search_term_string}\"},\"query-input\":{\"@type\":\"PropertyValueSpecification\",\"valueRequired\":true,\"valueName\":\"search_term_string\"}}],\"inLanguage\":\"pt-BR\"},{\"@type\":\"Organization\",\"@id\":\"https:\\\/\\\/transamerica93.com.br\\\/home\\\/#organization\",\"name\":\"Transam\u00e9rica Mococa 93,3\",\"url\":\"https:\\\/\\\/transamerica93.com.br\\\/home\\\/\",\"logo\":{\"@type\":\"ImageObject\",\"inLanguage\":\"pt-BR\",\"@id\":\"https:\\\/\\\/transamerica93.com.br\\\/home\\\/#\\\/schema\\\/logo\\\/image\\\/\",\"url\":\"https:\\\/\\\/transamerica93.com.br\\\/home\\\/wp-content\\\/uploads\\\/2023\\\/10\\\/logo2.png\",\"contentUrl\":\"https:\\\/\\\/transamerica93.com.br\\\/home\\\/wp-content\\\/uploads\\\/2023\\\/10\\\/logo2.png\",\"width\":800,\"height\":500,\"caption\":\"Transam\u00e9rica Mococa 93,3\"},\"image\":{\"@id\":\"https:\\\/\\\/transamerica93.com.br\\\/home\\\/#\\\/schema\\\/logo\\\/image\\\/\"},\"sameAs\":[\"https:\\\/\\\/www.facebook.com\\\/transamericamococa\",\"https:\\\/\\\/x.com\\\/transamerica933\",\"https:\\\/\\\/www.instagram.com\\\/transamericamococa\"]},{\"@type\":\"Person\",\"@id\":\"https:\\\/\\\/transamerica93.com.br\\\/home\\\/#\\\/schema\\\/person\\\/7fed7c99c0d4562efa8561bc0f543172\",\"name\":\"Reda\u00e7\u00e3o\",\"image\":{\"@type\":\"ImageObject\",\"inLanguage\":\"pt-BR\",\"@id\":\"https:\\\/\\\/secure.gravatar.com\\\/avatar\\\/1072c6b775fb02ef8506ce967551d95926669a6b7d2c2147b42eea4d7c68395e?s=96&d=mm&r=g\",\"url\":\"https:\\\/\\\/secure.gravatar.com\\\/avatar\\\/1072c6b775fb02ef8506ce967551d95926669a6b7d2c2147b42eea4d7c68395e?s=96&d=mm&r=g\",\"contentUrl\":\"https:\\\/\\\/secure.gravatar.com\\\/avatar\\\/1072c6b775fb02ef8506ce967551d95926669a6b7d2c2147b42eea4d7c68395e?s=96&d=mm&r=g\",\"caption\":\"Reda\u00e7\u00e3o\"},\"sameAs\":[\"https:\\\/\\\/transamerica93.com.br\\\/home\"],\"url\":\"https:\\\/\\\/transamerica93.com.br\\\/home\\\/author\\\/william\\\/\"}]}<\/script>\n<!-- \/ Yoast SEO plugin. -->","yoast_head_json":{"title":"Estudantes come\u00e7am a receber primeira parcela do Programa P\u00e9-de-Meia - Transam\u00e9rica Mococa 93,3","robots":{"index":"index","follow":"follow","max-snippet":"max-snippet:-1","max-image-preview":"max-image-preview:large","max-video-preview":"max-video-preview:-1"},"canonical":"https:\/\/transamerica93.com.br\/home\/estudantes-comecam-a-receber-primeira-parcela-do-programa-pe-de-meia\/","og_locale":"pt_BR","og_type":"article","og_title":"Estudantes come\u00e7am a receber primeira parcela do Programa P\u00e9-de-Meia - Transam\u00e9rica Mococa 93,3","og_description":"Uma cerim\u00f4nia no Pal\u00e1cio do Planalto, com a participa\u00e7\u00e3o do presidente Luiz In\u00e1cio Lula da Silva, marcou o in\u00edcio dos pagamentos Programa P\u00e9-de-Meia, do Minist\u00e9rio da Educa\u00e7\u00e3o (MEC). O dep\u00f3sito da parcela \u00fanica de R$ 200, relativo ao Incentivo-Matr\u00edcula, ocorrer\u00e1 de forma escalonada, conforme o m\u00eas de nascimento dos alunos. \u00b7 \u00a0 \u00a0 \u00a0 \u00a0 &hellip;","og_url":"https:\/\/transamerica93.com.br\/home\/estudantes-comecam-a-receber-primeira-parcela-do-programa-pe-de-meia\/","og_site_name":"Transam\u00e9rica Mococa 93,3","article_publisher":"https:\/\/www.facebook.com\/transamericamococa","article_published_time":"2024-03-29T12:00:21+00:00","og_image":[{"width":1170,"height":700,"url":"https:\/\/transamerica93.com.br\/home\/wp-content\/uploads\/2024\/03\/imagem-14.jpg","type":"image\/jpeg"}],"author":"Reda\u00e7\u00e3o","twitter_card":"summary_large_image","twitter_creator":"@transamerica933","twitter_site":"@transamerica933","twitter_misc":{"Escrito por":"Reda\u00e7\u00e3o","Est. tempo de leitura":"5 minutos"},"schema":{"@context":"https:\/\/schema.org","@graph":[{"@type":"Article","@id":"https:\/\/transamerica93.com.br\/home\/estudantes-comecam-a-receber-primeira-parcela-do-programa-pe-de-meia\/#article","isPartOf":{"@id":"https:\/\/transamerica93.com.br\/home\/estudantes-comecam-a-receber-primeira-parcela-do-programa-pe-de-meia\/"},"author":{"name":"Reda\u00e7\u00e3o","@id":"https:\/\/transamerica93.com.br\/home\/#\/schema\/person\/7fed7c99c0d4562efa8561bc0f543172"},"headline":"Estudantes come\u00e7am a receber primeira parcela do Programa P\u00e9-de-Meia","datePublished":"2024-03-29T12:00:21+00:00","mainEntityOfPage":{"@id":"https:\/\/transamerica93.com.br\/home\/estudantes-comecam-a-receber-primeira-parcela-do-programa-pe-de-meia\/"},"wordCount":752,"publisher":{"@id":"https:\/\/transamerica93.com.br\/home\/#organization"},"image":{"@id":"https:\/\/transamerica93.com.br\/home\/estudantes-comecam-a-receber-primeira-parcela-do-programa-pe-de-meia\/#primaryimage"},"thumbnailUrl":"https:\/\/transamerica93.com.br\/home\/wp-content\/uploads\/2024\/03\/imagem-14.jpg","articleSection":["Geral"],"inLanguage":"pt-BR"},{"@type":"WebPage","@id":"https:\/\/transamerica93.com.br\/home\/estudantes-comecam-a-receber-primeira-parcela-do-programa-pe-de-meia\/","url":"https:\/\/transamerica93.com.br\/home\/estudantes-comecam-a-receber-primeira-parcela-do-programa-pe-de-meia\/","name":"Estudantes come\u00e7am a receber primeira parcela do Programa P\u00e9-de-Meia - Transam\u00e9rica Mococa 93,3","isPartOf":{"@id":"https:\/\/transamerica93.com.br\/home\/#website"},"primaryImageOfPage":{"@id":"https:\/\/transamerica93.com.br\/home\/estudantes-comecam-a-receber-primeira-parcela-do-programa-pe-de-meia\/#primaryimage"},"image":{"@id":"https:\/\/transamerica93.com.br\/home\/estudantes-comecam-a-receber-primeira-parcela-do-programa-pe-de-meia\/#primaryimage"},"thumbnailUrl":"https:\/\/transamerica93.com.br\/home\/wp-content\/uploads\/2024\/03\/imagem-14.jpg","datePublished":"2024-03-29T12:00:21+00:00","breadcrumb":{"@id":"https:\/\/transamerica93.com.br\/home\/estudantes-comecam-a-receber-primeira-parcela-do-programa-pe-de-meia\/#breadcrumb"},"inLanguage":"pt-BR","potentialAction":[{"@type":"ReadAction","target":["https:\/\/transamerica93.com.br\/home\/estudantes-comecam-a-receber-primeira-parcela-do-programa-pe-de-meia\/"]}]},{"@type":"ImageObject","inLanguage":"pt-BR","@id":"https:\/\/transamerica93.com.br\/home\/estudantes-comecam-a-receber-primeira-parcela-do-programa-pe-de-meia\/#primaryimage","url":"https:\/\/transamerica93.com.br\/home\/wp-content\/uploads\/2024\/03\/imagem-14.jpg","contentUrl":"https:\/\/transamerica93.com.br\/home\/wp-content\/uploads\/2024\/03\/imagem-14.jpg","width":1170,"height":700,"caption":"\u00a9 Paulo Pinto\/Ag\u00eancia Brasil"},{"@type":"BreadcrumbList","@id":"https:\/\/transamerica93.com.br\/home\/estudantes-comecam-a-receber-primeira-parcela-do-programa-pe-de-meia\/#breadcrumb","itemListElement":[{"@type":"ListItem","position":1,"name":"In\u00edcio","item":"https:\/\/transamerica93.com.br\/home\/"},{"@type":"ListItem","position":2,"name":"Estudantes come\u00e7am a receber primeira parcela do Programa P\u00e9-de-Meia"}]},{"@type":"WebSite","@id":"https:\/\/transamerica93.com.br\/home\/#website","url":"https:\/\/transamerica93.com.br\/home\/","name":"Transam\u00e9rica Mococa 93,3","description":"","publisher":{"@id":"https:\/\/transamerica93.com.br\/home\/#organization"},"potentialAction":[{"@type":"SearchAction","target":{"@type":"EntryPoint","urlTemplate":"https:\/\/transamerica93.com.br\/home\/?s={search_term_string}"},"query-input":{"@type":"PropertyValueSpecification","valueRequired":true,"valueName":"search_term_string"}}],"inLanguage":"pt-BR"},{"@type":"Organization","@id":"https:\/\/transamerica93.com.br\/home\/#organization","name":"Transam\u00e9rica Mococa 93,3","url":"https:\/\/transamerica93.com.br\/home\/","logo":{"@type":"ImageObject","inLanguage":"pt-BR","@id":"https:\/\/transamerica93.com.br\/home\/#\/schema\/logo\/image\/","url":"https:\/\/transamerica93.com.br\/home\/wp-content\/uploads\/2023\/10\/logo2.png","contentUrl":"https:\/\/transamerica93.com.br\/home\/wp-content\/uploads\/2023\/10\/logo2.png","width":800,"height":500,"caption":"Transam\u00e9rica Mococa 93,3"},"image":{"@id":"https:\/\/transamerica93.com.br\/home\/#\/schema\/logo\/image\/"},"sameAs":["https:\/\/www.facebook.com\/transamericamococa","https:\/\/x.com\/transamerica933","https:\/\/www.instagram.com\/transamericamococa"]},{"@type":"Person","@id":"https:\/\/transamerica93.com.br\/home\/#\/schema\/person\/7fed7c99c0d4562efa8561bc0f543172","name":"Reda\u00e7\u00e3o","image":{"@type":"ImageObject","inLanguage":"pt-BR","@id":"https:\/\/secure.gravatar.com\/avatar\/1072c6b775fb02ef8506ce967551d95926669a6b7d2c2147b42eea4d7c68395e?s=96&d=mm&r=g","url":"https:\/\/secure.gravatar.com\/avatar\/1072c6b775fb02ef8506ce967551d95926669a6b7d2c2147b42eea4d7c68395e?s=96&d=mm&r=g","contentUrl":"https:\/\/secure.gravatar.com\/avatar\/1072c6b775fb02ef8506ce967551d95926669a6b7d2c2147b42eea4d7c68395e?s=96&d=mm&r=g","caption":"Reda\u00e7\u00e3o"},"sameAs":["https:\/\/transamerica93.com.br\/home"],"url":"https:\/\/transamerica93.com.br\/home\/author\/william\/"}]}},"_links":{"self":[{"href":"https:\/\/transamerica93.com.br\/home\/wp-json\/wp\/v2\/posts\/2638","targetHints":{"allow":["GET"]}}],"collection":[{"href":"https:\/\/transamerica93.com.br\/home\/wp-json\/wp\/v2\/posts"}],"about":[{"href":"https:\/\/transamerica93.com.br\/home\/wp-json\/wp\/v2\/types\/post"}],"author":[{"embeddable":true,"href":"https:\/\/transamerica93.com.br\/home\/wp-json\/wp\/v2\/users\/1"}],"replies":[{"embeddable":true,"href":"https:\/\/transamerica93.com.br\/home\/wp-json\/wp\/v2\/comments?post=2638"}],"version-history":[{"count":2,"href":"https:\/\/transamerica93.com.br\/home\/wp-json\/wp\/v2\/posts\/2638\/revisions"}],"predecessor-version":[{"id":2641,"href":"https:\/\/transamerica93.com.br\/home\/wp-json\/wp\/v2\/posts\/2638\/revisions\/2641"}],"wp:featuredmedia":[{"embeddable":true,"href":"https:\/\/transamerica93.com.br\/home\/wp-json\/wp\/v2\/media\/2639"}],"wp:attachment":[{"href":"https:\/\/transamerica93.com.br\/home\/wp-json\/wp\/v2\/media?parent=2638"}],"wp:term":[{"taxonomy":"category","embeddable":true,"href":"https:\/\/transamerica93.com.br\/home\/wp-json\/wp\/v2\/categories?post=2638"},{"taxonomy":"post_tag","embeddable":true,"href":"https:\/\/transamerica93.com.br\/home\/wp-json\/wp\/v2\/tags?post=2638"}],"curies":[{"name":"wp","href":"https:\/\/api.w.org\/{rel}","templated":true}]}}