{"id":2642,"date":"2024-03-26T12:00:02","date_gmt":"2024-03-26T15:00:02","guid":{"rendered":"https:\/\/transamerica93.com.br\/home\/?p=2642"},"modified":"2024-03-25T11:21:57","modified_gmt":"2024-03-25T14:21:57","slug":"brasil-fica-fora-da-paralimpiada-de-paris-no-rugby-em-cadeira-de-rodas","status":"publish","type":"post","link":"https:\/\/transamerica93.com.br\/home\/brasil-fica-fora-da-paralimpiada-de-paris-no-rugby-em-cadeira-de-rodas\/","title":{"rendered":"Brasil fica fora da Paralimp\u00edada de Paris no rugby em cadeira de rodas"},"content":{"rendered":"<div class=\"post-item-wrap\">\n<p>A sele\u00e7\u00e3o brasileira de rugby em cadeira de rodas teve o sonho paral\u00edmpico adiado mais uma vez. Na noite do \u00faltimo s\u00e1bado (23), o Brasil foi derrotado pela Alemanha, por 62 a 50, na disputa pela terceira e \u00faltima vaga aos Jogos de Paris, na seletiva realizada em Wellington, na Nova Zel\u00e2ndia. Os alem\u00e3es, al\u00e9m de Austr\u00e1lia e Canad\u00e1, que foram \u00e0 final do classificat\u00f3rio, estar\u00e3o na Paralimp\u00edada da capital francesa.<img decoding=\"async\" data-src=\"https:\/\/agenciabrasil.ebc.com.br\/ebc.png?id=1587244&amp;o=node\" src=\"data:image\/svg+xml;base64,PHN2ZyB3aWR0aD0iMSIgaGVpZ2h0PSIxIiB4bWxucz0iaHR0cDovL3d3dy53My5vcmcvMjAwMC9zdmciPjwvc3ZnPg==\" class=\"lazyload\" \/><img decoding=\"async\" data-src=\"https:\/\/agenciabrasil.ebc.com.br\/ebc.gif?id=1587244&amp;o=node\" src=\"data:image\/svg+xml;base64,PHN2ZyB3aWR0aD0iMSIgaGVpZ2h0PSIxIiB4bWxucz0iaHR0cDovL3d3dy53My5vcmcvMjAwMC9zdmciPjwvc3ZnPg==\" class=\"lazyload\" \/><\/p>\n<p>A modalidade \u00e9 praticada por homens e mulheres com elevado grau de comprometimento f\u00edsico-motor, como tetrapl\u00e9gicos. Os atletas s\u00e3o divididos em sete classes (0,5 ao 3,5, variando a cada meio ponto). Quanto menor a categoria, mais elevada a defici\u00eancia. A soma das classes dos jogadores em quadra (quatro de cada lado) n\u00e3o pode superar oito.<\/p>\n<p>Uma partida de rugby em cadeira de rodas tem quatro per\u00edodos de 8 minutos (com intervalo ap\u00f3s dois per\u00edodos) e ocorre em uma quadra com dimens\u00f5es semelhantes \u00e0 de basquete (15 metros de largura e 28 de comprimento). Os atletas devem ultrapassar a linha do gol rival com as duas rodas da cadeira e a bola (que \u00e9 semelhante \u00e0 do voleibol) em m\u00e3os para somar ponto.<\/p>\n<p>O Brasil come\u00e7ou bem a partida, liderando o marcador at\u00e9 os minutos finais do segundo per\u00edodo, quando os europeus passaram \u00e0 frente (24 a 23) e abriram, ainda, 2 pontos antes do intervalo (32 a 30). No terceiro per\u00edodo, os alem\u00e3es ampliaram a vantagem para 9 pontos, deixando a miss\u00e3o brasileira mais complicada. A equipe verde e amarela se lan\u00e7ou ao ataque, mas n\u00e3o conseguiu mudar o jogo.<\/p>\n<p>A campanha do Brasil na seletiva chegou ao fim com duas vit\u00f3rias, sobre Nova Zel\u00e2ndia e Holanda, e tr\u00eas derrotas, para Canad\u00e1, Austr\u00e1lia e Alemanha, justamente as sele\u00e7\u00f5es que se classificaram aos Jogos de Paris. Os tr\u00eas pa\u00edses se juntam a Gr\u00e3-Bretanha, Dinamarca, Jap\u00e3o, Estados Unidos e \u00e0 anfitri\u00e3, Fran\u00e7a, que j\u00e1 estavam previamente garantidos na Paralimp\u00edada. Os brit\u00e2nicos s\u00e3o os atuais campe\u00f5es.<\/p>\n<p>Os brasileiros buscavam uma classifica\u00e7\u00e3o hist\u00f3rica \u00e0 Paralimp\u00edada, j\u00e1 que a \u00fanica participa\u00e7\u00e3o no evento, na edi\u00e7\u00e3o do Rio de Janeiro, em 2016, deu-se como pa\u00eds-sede. Al\u00e9m do rugby em cadeira de rodas, o Brasil n\u00e3o tem mais chance de ir aos Jogos de Paris no basquete em cadeira de rodas.<\/p>\n<\/div>\n<p class=\"alt-font font-italic my-2 small text-info\">Edi\u00e7\u00e3o: N\u00e1dia Franco<\/p>\n","protected":false},"excerpt":{"rendered":"<p>A sele\u00e7\u00e3o brasileira de rugby em cadeira de rodas teve o sonho paral\u00edmpico adiado mais uma vez. Na noite do \u00faltimo s\u00e1bado (23), o Brasil foi derrotado pela Alemanha, por 62 a 50, na disputa pela terceira e \u00faltima vaga aos Jogos de Paris, na seletiva realizada em Wellington, na Nova Zel\u00e2ndia. Os alem\u00e3es, al\u00e9m &hellip;<\/p>\n","protected":false},"author":1,"featured_media":2643,"comment_status":"closed","ping_status":"closed","sticky":false,"template":"","format":"standard","meta":{"footnotes":""},"categories":[31],"tags":[],"class_list":["post-2642","post","type-post","status-publish","format-standard","has-post-thumbnail","hentry","category-esportes"],"yoast_head":"<!-- This site is optimized with the Yoast SEO plugin v27.4 - https:\/\/yoast.com\/product\/yoast-seo-wordpress\/ -->\n<title>Brasil fica fora da Paralimp\u00edada de Paris no rugby em cadeira de rodas - Transam\u00e9rica Mococa 93,3<\/title>\n<meta name=\"robots\" content=\"index, follow, max-snippet:-1, max-image-preview:large, max-video-preview:-1\" \/>\n<link rel=\"canonical\" href=\"https:\/\/transamerica93.com.br\/home\/brasil-fica-fora-da-paralimpiada-de-paris-no-rugby-em-cadeira-de-rodas\/\" \/>\n<meta property=\"og:locale\" content=\"pt_BR\" \/>\n<meta property=\"og:type\" content=\"article\" \/>\n<meta property=\"og:title\" content=\"Brasil fica fora da Paralimp\u00edada de Paris no rugby em cadeira de rodas - Transam\u00e9rica Mococa 93,3\" \/>\n<meta property=\"og:description\" content=\"A sele\u00e7\u00e3o brasileira de rugby em cadeira de rodas teve o sonho paral\u00edmpico adiado mais uma vez. Na noite do \u00faltimo s\u00e1bado (23), o Brasil foi derrotado pela Alemanha, por 62 a 50, na disputa pela terceira e \u00faltima vaga aos Jogos de Paris, na seletiva realizada em Wellington, na Nova Zel\u00e2ndia. Os alem\u00e3es, al\u00e9m &hellip;\" \/>\n<meta property=\"og:url\" content=\"https:\/\/transamerica93.com.br\/home\/brasil-fica-fora-da-paralimpiada-de-paris-no-rugby-em-cadeira-de-rodas\/\" \/>\n<meta property=\"og:site_name\" content=\"Transam\u00e9rica Mococa 93,3\" \/>\n<meta property=\"article:publisher\" content=\"https:\/\/www.facebook.com\/transamericamococa\" \/>\n<meta property=\"article:published_time\" content=\"2024-03-26T15:00:02+00:00\" \/>\n<meta property=\"og:image\" content=\"https:\/\/transamerica93.com.br\/home\/wp-content\/uploads\/2024\/03\/imagem-15.jpg\" \/>\n\t<meta property=\"og:image:width\" content=\"1170\" \/>\n\t<meta property=\"og:image:height\" content=\"700\" \/>\n\t<meta property=\"og:image:type\" content=\"image\/jpeg\" \/>\n<meta name=\"author\" content=\"Reda\u00e7\u00e3o\" \/>\n<meta name=\"twitter:card\" content=\"summary_large_image\" \/>\n<meta name=\"twitter:creator\" content=\"@transamerica933\" \/>\n<meta name=\"twitter:site\" content=\"@transamerica933\" \/>\n<meta name=\"twitter:label1\" content=\"Escrito por\" \/>\n\t<meta name=\"twitter:data1\" content=\"Reda\u00e7\u00e3o\" \/>\n\t<meta name=\"twitter:label2\" content=\"Est. tempo de leitura\" \/>\n\t<meta name=\"twitter:data2\" content=\"3 minutos\" \/>\n<script type=\"application\/ld+json\" class=\"yoast-schema-graph\">{\"@context\":\"https:\\\/\\\/schema.org\",\"@graph\":[{\"@type\":\"Article\",\"@id\":\"https:\\\/\\\/transamerica93.com.br\\\/home\\\/brasil-fica-fora-da-paralimpiada-de-paris-no-rugby-em-cadeira-de-rodas\\\/#article\",\"isPartOf\":{\"@id\":\"https:\\\/\\\/transamerica93.com.br\\\/home\\\/brasil-fica-fora-da-paralimpiada-de-paris-no-rugby-em-cadeira-de-rodas\\\/\"},\"author\":{\"name\":\"Reda\u00e7\u00e3o\",\"@id\":\"https:\\\/\\\/transamerica93.com.br\\\/home\\\/#\\\/schema\\\/person\\\/7fed7c99c0d4562efa8561bc0f543172\"},\"headline\":\"Brasil fica fora da Paralimp\u00edada de Paris no rugby em cadeira de rodas\",\"datePublished\":\"2024-03-26T15:00:02+00:00\",\"mainEntityOfPage\":{\"@id\":\"https:\\\/\\\/transamerica93.com.br\\\/home\\\/brasil-fica-fora-da-paralimpiada-de-paris-no-rugby-em-cadeira-de-rodas\\\/\"},\"wordCount\":420,\"publisher\":{\"@id\":\"https:\\\/\\\/transamerica93.com.br\\\/home\\\/#organization\"},\"image\":{\"@id\":\"https:\\\/\\\/transamerica93.com.br\\\/home\\\/brasil-fica-fora-da-paralimpiada-de-paris-no-rugby-em-cadeira-de-rodas\\\/#primaryimage\"},\"thumbnailUrl\":\"https:\\\/\\\/transamerica93.com.br\\\/home\\\/wp-content\\\/uploads\\\/2024\\\/03\\\/imagem-15.jpg\",\"articleSection\":[\"Esportes\"],\"inLanguage\":\"pt-BR\"},{\"@type\":\"WebPage\",\"@id\":\"https:\\\/\\\/transamerica93.com.br\\\/home\\\/brasil-fica-fora-da-paralimpiada-de-paris-no-rugby-em-cadeira-de-rodas\\\/\",\"url\":\"https:\\\/\\\/transamerica93.com.br\\\/home\\\/brasil-fica-fora-da-paralimpiada-de-paris-no-rugby-em-cadeira-de-rodas\\\/\",\"name\":\"Brasil fica fora da Paralimp\u00edada de Paris no rugby em cadeira de rodas - Transam\u00e9rica Mococa 93,3\",\"isPartOf\":{\"@id\":\"https:\\\/\\\/transamerica93.com.br\\\/home\\\/#website\"},\"primaryImageOfPage\":{\"@id\":\"https:\\\/\\\/transamerica93.com.br\\\/home\\\/brasil-fica-fora-da-paralimpiada-de-paris-no-rugby-em-cadeira-de-rodas\\\/#primaryimage\"},\"image\":{\"@id\":\"https:\\\/\\\/transamerica93.com.br\\\/home\\\/brasil-fica-fora-da-paralimpiada-de-paris-no-rugby-em-cadeira-de-rodas\\\/#primaryimage\"},\"thumbnailUrl\":\"https:\\\/\\\/transamerica93.com.br\\\/home\\\/wp-content\\\/uploads\\\/2024\\\/03\\\/imagem-15.jpg\",\"datePublished\":\"2024-03-26T15:00:02+00:00\",\"breadcrumb\":{\"@id\":\"https:\\\/\\\/transamerica93.com.br\\\/home\\\/brasil-fica-fora-da-paralimpiada-de-paris-no-rugby-em-cadeira-de-rodas\\\/#breadcrumb\"},\"inLanguage\":\"pt-BR\",\"potentialAction\":[{\"@type\":\"ReadAction\",\"target\":[\"https:\\\/\\\/transamerica93.com.br\\\/home\\\/brasil-fica-fora-da-paralimpiada-de-paris-no-rugby-em-cadeira-de-rodas\\\/\"]}]},{\"@type\":\"ImageObject\",\"inLanguage\":\"pt-BR\",\"@id\":\"https:\\\/\\\/transamerica93.com.br\\\/home\\\/brasil-fica-fora-da-paralimpiada-de-paris-no-rugby-em-cadeira-de-rodas\\\/#primaryimage\",\"url\":\"https:\\\/\\\/transamerica93.com.br\\\/home\\\/wp-content\\\/uploads\\\/2024\\\/03\\\/imagem-15.jpg\",\"contentUrl\":\"https:\\\/\\\/transamerica93.com.br\\\/home\\\/wp-content\\\/uploads\\\/2024\\\/03\\\/imagem-15.jpg\",\"width\":1170,\"height\":700,\"caption\":\"\u00a9 Foto Cherie Harris \\\/ WWR\"},{\"@type\":\"BreadcrumbList\",\"@id\":\"https:\\\/\\\/transamerica93.com.br\\\/home\\\/brasil-fica-fora-da-paralimpiada-de-paris-no-rugby-em-cadeira-de-rodas\\\/#breadcrumb\",\"itemListElement\":[{\"@type\":\"ListItem\",\"position\":1,\"name\":\"In\u00edcio\",\"item\":\"https:\\\/\\\/transamerica93.com.br\\\/home\\\/\"},{\"@type\":\"ListItem\",\"position\":2,\"name\":\"Brasil fica fora da Paralimp\u00edada de Paris no rugby em cadeira de rodas\"}]},{\"@type\":\"WebSite\",\"@id\":\"https:\\\/\\\/transamerica93.com.br\\\/home\\\/#website\",\"url\":\"https:\\\/\\\/transamerica93.com.br\\\/home\\\/\",\"name\":\"Transam\u00e9rica Mococa 93,3\",\"description\":\"\",\"publisher\":{\"@id\":\"https:\\\/\\\/transamerica93.com.br\\\/home\\\/#organization\"},\"potentialAction\":[{\"@type\":\"SearchAction\",\"target\":{\"@type\":\"EntryPoint\",\"urlTemplate\":\"https:\\\/\\\/transamerica93.com.br\\\/home\\\/?s={search_term_string}\"},\"query-input\":{\"@type\":\"PropertyValueSpecification\",\"valueRequired\":true,\"valueName\":\"search_term_string\"}}],\"inLanguage\":\"pt-BR\"},{\"@type\":\"Organization\",\"@id\":\"https:\\\/\\\/transamerica93.com.br\\\/home\\\/#organization\",\"name\":\"Transam\u00e9rica Mococa 93,3\",\"url\":\"https:\\\/\\\/transamerica93.com.br\\\/home\\\/\",\"logo\":{\"@type\":\"ImageObject\",\"inLanguage\":\"pt-BR\",\"@id\":\"https:\\\/\\\/transamerica93.com.br\\\/home\\\/#\\\/schema\\\/logo\\\/image\\\/\",\"url\":\"https:\\\/\\\/transamerica93.com.br\\\/home\\\/wp-content\\\/uploads\\\/2023\\\/10\\\/logo2.png\",\"contentUrl\":\"https:\\\/\\\/transamerica93.com.br\\\/home\\\/wp-content\\\/uploads\\\/2023\\\/10\\\/logo2.png\",\"width\":800,\"height\":500,\"caption\":\"Transam\u00e9rica Mococa 93,3\"},\"image\":{\"@id\":\"https:\\\/\\\/transamerica93.com.br\\\/home\\\/#\\\/schema\\\/logo\\\/image\\\/\"},\"sameAs\":[\"https:\\\/\\\/www.facebook.com\\\/transamericamococa\",\"https:\\\/\\\/x.com\\\/transamerica933\",\"https:\\\/\\\/www.instagram.com\\\/transamericamococa\"]},{\"@type\":\"Person\",\"@id\":\"https:\\\/\\\/transamerica93.com.br\\\/home\\\/#\\\/schema\\\/person\\\/7fed7c99c0d4562efa8561bc0f543172\",\"name\":\"Reda\u00e7\u00e3o\",\"image\":{\"@type\":\"ImageObject\",\"inLanguage\":\"pt-BR\",\"@id\":\"https:\\\/\\\/secure.gravatar.com\\\/avatar\\\/1072c6b775fb02ef8506ce967551d95926669a6b7d2c2147b42eea4d7c68395e?s=96&d=mm&r=g\",\"url\":\"https:\\\/\\\/secure.gravatar.com\\\/avatar\\\/1072c6b775fb02ef8506ce967551d95926669a6b7d2c2147b42eea4d7c68395e?s=96&d=mm&r=g\",\"contentUrl\":\"https:\\\/\\\/secure.gravatar.com\\\/avatar\\\/1072c6b775fb02ef8506ce967551d95926669a6b7d2c2147b42eea4d7c68395e?s=96&d=mm&r=g\",\"caption\":\"Reda\u00e7\u00e3o\"},\"sameAs\":[\"https:\\\/\\\/transamerica93.com.br\\\/home\"],\"url\":\"https:\\\/\\\/transamerica93.com.br\\\/home\\\/author\\\/william\\\/\"}]}<\/script>\n<!-- \/ Yoast SEO plugin. -->","yoast_head_json":{"title":"Brasil fica fora da Paralimp\u00edada de Paris no rugby em cadeira de rodas - Transam\u00e9rica Mococa 93,3","robots":{"index":"index","follow":"follow","max-snippet":"max-snippet:-1","max-image-preview":"max-image-preview:large","max-video-preview":"max-video-preview:-1"},"canonical":"https:\/\/transamerica93.com.br\/home\/brasil-fica-fora-da-paralimpiada-de-paris-no-rugby-em-cadeira-de-rodas\/","og_locale":"pt_BR","og_type":"article","og_title":"Brasil fica fora da Paralimp\u00edada de Paris no rugby em cadeira de rodas - Transam\u00e9rica Mococa 93,3","og_description":"A sele\u00e7\u00e3o brasileira de rugby em cadeira de rodas teve o sonho paral\u00edmpico adiado mais uma vez. Na noite do \u00faltimo s\u00e1bado (23), o Brasil foi derrotado pela Alemanha, por 62 a 50, na disputa pela terceira e \u00faltima vaga aos Jogos de Paris, na seletiva realizada em Wellington, na Nova Zel\u00e2ndia. Os alem\u00e3es, al\u00e9m &hellip;","og_url":"https:\/\/transamerica93.com.br\/home\/brasil-fica-fora-da-paralimpiada-de-paris-no-rugby-em-cadeira-de-rodas\/","og_site_name":"Transam\u00e9rica Mococa 93,3","article_publisher":"https:\/\/www.facebook.com\/transamericamococa","article_published_time":"2024-03-26T15:00:02+00:00","og_image":[{"width":1170,"height":700,"url":"https:\/\/transamerica93.com.br\/home\/wp-content\/uploads\/2024\/03\/imagem-15.jpg","type":"image\/jpeg"}],"author":"Reda\u00e7\u00e3o","twitter_card":"summary_large_image","twitter_creator":"@transamerica933","twitter_site":"@transamerica933","twitter_misc":{"Escrito por":"Reda\u00e7\u00e3o","Est. tempo de leitura":"3 minutos"},"schema":{"@context":"https:\/\/schema.org","@graph":[{"@type":"Article","@id":"https:\/\/transamerica93.com.br\/home\/brasil-fica-fora-da-paralimpiada-de-paris-no-rugby-em-cadeira-de-rodas\/#article","isPartOf":{"@id":"https:\/\/transamerica93.com.br\/home\/brasil-fica-fora-da-paralimpiada-de-paris-no-rugby-em-cadeira-de-rodas\/"},"author":{"name":"Reda\u00e7\u00e3o","@id":"https:\/\/transamerica93.com.br\/home\/#\/schema\/person\/7fed7c99c0d4562efa8561bc0f543172"},"headline":"Brasil fica fora da Paralimp\u00edada de Paris no rugby em cadeira de rodas","datePublished":"2024-03-26T15:00:02+00:00","mainEntityOfPage":{"@id":"https:\/\/transamerica93.com.br\/home\/brasil-fica-fora-da-paralimpiada-de-paris-no-rugby-em-cadeira-de-rodas\/"},"wordCount":420,"publisher":{"@id":"https:\/\/transamerica93.com.br\/home\/#organization"},"image":{"@id":"https:\/\/transamerica93.com.br\/home\/brasil-fica-fora-da-paralimpiada-de-paris-no-rugby-em-cadeira-de-rodas\/#primaryimage"},"thumbnailUrl":"https:\/\/transamerica93.com.br\/home\/wp-content\/uploads\/2024\/03\/imagem-15.jpg","articleSection":["Esportes"],"inLanguage":"pt-BR"},{"@type":"WebPage","@id":"https:\/\/transamerica93.com.br\/home\/brasil-fica-fora-da-paralimpiada-de-paris-no-rugby-em-cadeira-de-rodas\/","url":"https:\/\/transamerica93.com.br\/home\/brasil-fica-fora-da-paralimpiada-de-paris-no-rugby-em-cadeira-de-rodas\/","name":"Brasil fica fora da Paralimp\u00edada de Paris no rugby em cadeira de rodas - Transam\u00e9rica Mococa 93,3","isPartOf":{"@id":"https:\/\/transamerica93.com.br\/home\/#website"},"primaryImageOfPage":{"@id":"https:\/\/transamerica93.com.br\/home\/brasil-fica-fora-da-paralimpiada-de-paris-no-rugby-em-cadeira-de-rodas\/#primaryimage"},"image":{"@id":"https:\/\/transamerica93.com.br\/home\/brasil-fica-fora-da-paralimpiada-de-paris-no-rugby-em-cadeira-de-rodas\/#primaryimage"},"thumbnailUrl":"https:\/\/transamerica93.com.br\/home\/wp-content\/uploads\/2024\/03\/imagem-15.jpg","datePublished":"2024-03-26T15:00:02+00:00","breadcrumb":{"@id":"https:\/\/transamerica93.com.br\/home\/brasil-fica-fora-da-paralimpiada-de-paris-no-rugby-em-cadeira-de-rodas\/#breadcrumb"},"inLanguage":"pt-BR","potentialAction":[{"@type":"ReadAction","target":["https:\/\/transamerica93.com.br\/home\/brasil-fica-fora-da-paralimpiada-de-paris-no-rugby-em-cadeira-de-rodas\/"]}]},{"@type":"ImageObject","inLanguage":"pt-BR","@id":"https:\/\/transamerica93.com.br\/home\/brasil-fica-fora-da-paralimpiada-de-paris-no-rugby-em-cadeira-de-rodas\/#primaryimage","url":"https:\/\/transamerica93.com.br\/home\/wp-content\/uploads\/2024\/03\/imagem-15.jpg","contentUrl":"https:\/\/transamerica93.com.br\/home\/wp-content\/uploads\/2024\/03\/imagem-15.jpg","width":1170,"height":700,"caption":"\u00a9 Foto Cherie Harris \/ WWR"},{"@type":"BreadcrumbList","@id":"https:\/\/transamerica93.com.br\/home\/brasil-fica-fora-da-paralimpiada-de-paris-no-rugby-em-cadeira-de-rodas\/#breadcrumb","itemListElement":[{"@type":"ListItem","position":1,"name":"In\u00edcio","item":"https:\/\/transamerica93.com.br\/home\/"},{"@type":"ListItem","position":2,"name":"Brasil fica fora da Paralimp\u00edada de Paris no rugby em cadeira de rodas"}]},{"@type":"WebSite","@id":"https:\/\/transamerica93.com.br\/home\/#website","url":"https:\/\/transamerica93.com.br\/home\/","name":"Transam\u00e9rica Mococa 93,3","description":"","publisher":{"@id":"https:\/\/transamerica93.com.br\/home\/#organization"},"potentialAction":[{"@type":"SearchAction","target":{"@type":"EntryPoint","urlTemplate":"https:\/\/transamerica93.com.br\/home\/?s={search_term_string}"},"query-input":{"@type":"PropertyValueSpecification","valueRequired":true,"valueName":"search_term_string"}}],"inLanguage":"pt-BR"},{"@type":"Organization","@id":"https:\/\/transamerica93.com.br\/home\/#organization","name":"Transam\u00e9rica Mococa 93,3","url":"https:\/\/transamerica93.com.br\/home\/","logo":{"@type":"ImageObject","inLanguage":"pt-BR","@id":"https:\/\/transamerica93.com.br\/home\/#\/schema\/logo\/image\/","url":"https:\/\/transamerica93.com.br\/home\/wp-content\/uploads\/2023\/10\/logo2.png","contentUrl":"https:\/\/transamerica93.com.br\/home\/wp-content\/uploads\/2023\/10\/logo2.png","width":800,"height":500,"caption":"Transam\u00e9rica Mococa 93,3"},"image":{"@id":"https:\/\/transamerica93.com.br\/home\/#\/schema\/logo\/image\/"},"sameAs":["https:\/\/www.facebook.com\/transamericamococa","https:\/\/x.com\/transamerica933","https:\/\/www.instagram.com\/transamericamococa"]},{"@type":"Person","@id":"https:\/\/transamerica93.com.br\/home\/#\/schema\/person\/7fed7c99c0d4562efa8561bc0f543172","name":"Reda\u00e7\u00e3o","image":{"@type":"ImageObject","inLanguage":"pt-BR","@id":"https:\/\/secure.gravatar.com\/avatar\/1072c6b775fb02ef8506ce967551d95926669a6b7d2c2147b42eea4d7c68395e?s=96&d=mm&r=g","url":"https:\/\/secure.gravatar.com\/avatar\/1072c6b775fb02ef8506ce967551d95926669a6b7d2c2147b42eea4d7c68395e?s=96&d=mm&r=g","contentUrl":"https:\/\/secure.gravatar.com\/avatar\/1072c6b775fb02ef8506ce967551d95926669a6b7d2c2147b42eea4d7c68395e?s=96&d=mm&r=g","caption":"Reda\u00e7\u00e3o"},"sameAs":["https:\/\/transamerica93.com.br\/home"],"url":"https:\/\/transamerica93.com.br\/home\/author\/william\/"}]}},"_links":{"self":[{"href":"https:\/\/transamerica93.com.br\/home\/wp-json\/wp\/v2\/posts\/2642","targetHints":{"allow":["GET"]}}],"collection":[{"href":"https:\/\/transamerica93.com.br\/home\/wp-json\/wp\/v2\/posts"}],"about":[{"href":"https:\/\/transamerica93.com.br\/home\/wp-json\/wp\/v2\/types\/post"}],"author":[{"embeddable":true,"href":"https:\/\/transamerica93.com.br\/home\/wp-json\/wp\/v2\/users\/1"}],"replies":[{"embeddable":true,"href":"https:\/\/transamerica93.com.br\/home\/wp-json\/wp\/v2\/comments?post=2642"}],"version-history":[{"count":1,"href":"https:\/\/transamerica93.com.br\/home\/wp-json\/wp\/v2\/posts\/2642\/revisions"}],"predecessor-version":[{"id":2644,"href":"https:\/\/transamerica93.com.br\/home\/wp-json\/wp\/v2\/posts\/2642\/revisions\/2644"}],"wp:featuredmedia":[{"embeddable":true,"href":"https:\/\/transamerica93.com.br\/home\/wp-json\/wp\/v2\/media\/2643"}],"wp:attachment":[{"href":"https:\/\/transamerica93.com.br\/home\/wp-json\/wp\/v2\/media?parent=2642"}],"wp:term":[{"taxonomy":"category","embeddable":true,"href":"https:\/\/transamerica93.com.br\/home\/wp-json\/wp\/v2\/categories?post=2642"},{"taxonomy":"post_tag","embeddable":true,"href":"https:\/\/transamerica93.com.br\/home\/wp-json\/wp\/v2\/tags?post=2642"}],"curies":[{"name":"wp","href":"https:\/\/api.w.org\/{rel}","templated":true}]}}