{"id":2645,"date":"2024-03-27T12:00:23","date_gmt":"2024-03-27T15:00:23","guid":{"rendered":"https:\/\/transamerica93.com.br\/home\/?p=2645"},"modified":"2024-03-25T11:23:16","modified_gmt":"2024-03-25T14:23:16","slug":"rayan-dutra-garante-vaga-nos-jogos-de-paris-na-ginastica-de-trampolim","status":"publish","type":"post","link":"https:\/\/transamerica93.com.br\/home\/rayan-dutra-garante-vaga-nos-jogos-de-paris-na-ginastica-de-trampolim\/","title":{"rendered":"Rayan Dutra garante vaga nos Jogos de Paris na gin\u00e1stica de trampolim"},"content":{"rendered":"<div class=\"post-item-wrap\">\n<p>O mineiro Rayan Dutra, de 21 anos, assegurou vaga nos Jogos Ol\u00edmpicos de Paris na gin\u00e1stica de trampolim. O atleta terminou em 16\u00ba na etapa da Copa do Mundo da modalidade realizada em Cottbus, na Alemanha e, com isso, garantiu um lugar entre os nove ginastas classificados via corrida ol\u00edmpica.<img decoding=\"async\" data-src=\"https:\/\/agenciabrasil.ebc.com.br\/ebc.png?id=1587242&amp;o=node\" src=\"data:image\/svg+xml;base64,PHN2ZyB3aWR0aD0iMSIgaGVpZ2h0PSIxIiB4bWxucz0iaHR0cDovL3d3dy53My5vcmcvMjAwMC9zdmciPjwvc3ZnPg==\" class=\"lazyload\" \/><img decoding=\"async\" data-src=\"https:\/\/agenciabrasil.ebc.com.br\/ebc.gif?id=1587242&amp;o=node\" src=\"data:image\/svg+xml;base64,PHN2ZyB3aWR0aD0iMSIgaGVpZ2h0PSIxIiB4bWxucz0iaHR0cDovL3d3dy53My5vcmcvMjAwMC9zdmciPjwvc3ZnPg==\" class=\"lazyload\" \/><\/p>\n<p>Em Cottbus, Dutra estava de olho na performance do colombiano \u00c1ngel Hern\u00e1ndez e do cazaque Danil Mussabayev. O brasileiro chegou \u00e0 semifinal da etapa, onde obteve a 16\u00aa coloca\u00e7\u00e3o com 29.380 pontos. Ele n\u00e3o conseguiu avan\u00e7ar \u00e0 final, mas o resultado foi o suficiente para ficar \u00e0 frente dos advers\u00e1rios. Hern\u00e1ndez terminou em 18\u00ba e Mussabayev n\u00e3o chegou \u00e0 semi.<\/p>\n<p>Como a etapa na Alemanha foi a \u00faltima a atribuir pontos, Rayan Dutra assegurou a vaga ao ficar na 13\u00aa posi\u00e7\u00e3o da corrida. Devido ao limite de dois atletas classificados por pa\u00eds, ele atendeu aos crit\u00e9rios para ganhar uma das nove vagas.<\/p>\n<p>Rayan se junta a Alice Helen Gomes, que tamb\u00e9m garantiu vaga na Olimp\u00edada devido ao desempenho no Mundial de Birmingham, na Inglaterra, no ano passado.<\/p>\n<\/div>\n<p class=\"alt-font font-italic my-2 small text-info\">Edi\u00e7\u00e3o: N\u00e1dia Franco<\/p>\n","protected":false},"excerpt":{"rendered":"<p>O mineiro Rayan Dutra, de 21 anos, assegurou vaga nos Jogos Ol\u00edmpicos de Paris na gin\u00e1stica de trampolim. O atleta terminou em 16\u00ba na etapa da Copa do Mundo da modalidade realizada em Cottbus, na Alemanha e, com isso, garantiu um lugar entre os nove ginastas classificados via corrida ol\u00edmpica. Em Cottbus, Dutra estava de &hellip;<\/p>\n","protected":false},"author":1,"featured_media":2646,"comment_status":"closed","ping_status":"closed","sticky":false,"template":"","format":"standard","meta":{"footnotes":""},"categories":[31],"tags":[],"class_list":["post-2645","post","type-post","status-publish","format-standard","has-post-thumbnail","hentry","category-esportes"],"yoast_head":"<!-- This site is optimized with the Yoast SEO plugin v27.4 - https:\/\/yoast.com\/product\/yoast-seo-wordpress\/ -->\n<title>Rayan Dutra garante vaga nos Jogos de Paris na gin\u00e1stica de trampolim - Transam\u00e9rica Mococa 93,3<\/title>\n<meta name=\"robots\" content=\"index, follow, max-snippet:-1, max-image-preview:large, max-video-preview:-1\" \/>\n<link rel=\"canonical\" href=\"https:\/\/transamerica93.com.br\/home\/rayan-dutra-garante-vaga-nos-jogos-de-paris-na-ginastica-de-trampolim\/\" \/>\n<meta property=\"og:locale\" content=\"pt_BR\" \/>\n<meta property=\"og:type\" content=\"article\" \/>\n<meta property=\"og:title\" content=\"Rayan Dutra garante vaga nos Jogos de Paris na gin\u00e1stica de trampolim - Transam\u00e9rica Mococa 93,3\" \/>\n<meta property=\"og:description\" content=\"O mineiro Rayan Dutra, de 21 anos, assegurou vaga nos Jogos Ol\u00edmpicos de Paris na gin\u00e1stica de trampolim. O atleta terminou em 16\u00ba na etapa da Copa do Mundo da modalidade realizada em Cottbus, na Alemanha e, com isso, garantiu um lugar entre os nove ginastas classificados via corrida ol\u00edmpica. Em Cottbus, Dutra estava de &hellip;\" \/>\n<meta property=\"og:url\" content=\"https:\/\/transamerica93.com.br\/home\/rayan-dutra-garante-vaga-nos-jogos-de-paris-na-ginastica-de-trampolim\/\" \/>\n<meta property=\"og:site_name\" content=\"Transam\u00e9rica Mococa 93,3\" \/>\n<meta property=\"article:publisher\" content=\"https:\/\/www.facebook.com\/transamericamococa\" \/>\n<meta property=\"article:published_time\" content=\"2024-03-27T15:00:23+00:00\" \/>\n<meta property=\"og:image\" content=\"https:\/\/transamerica93.com.br\/home\/wp-content\/uploads\/2024\/03\/imagem-16.jpg\" \/>\n\t<meta property=\"og:image:width\" content=\"1170\" \/>\n\t<meta property=\"og:image:height\" content=\"700\" \/>\n\t<meta property=\"og:image:type\" content=\"image\/jpeg\" \/>\n<meta name=\"author\" content=\"Reda\u00e7\u00e3o\" \/>\n<meta name=\"twitter:card\" content=\"summary_large_image\" \/>\n<meta name=\"twitter:creator\" content=\"@transamerica933\" \/>\n<meta name=\"twitter:site\" content=\"@transamerica933\" \/>\n<meta name=\"twitter:label1\" content=\"Escrito por\" \/>\n\t<meta name=\"twitter:data1\" content=\"Reda\u00e7\u00e3o\" \/>\n\t<meta name=\"twitter:label2\" content=\"Est. tempo de leitura\" \/>\n\t<meta name=\"twitter:data2\" content=\"2 minutos\" \/>\n<script type=\"application\/ld+json\" class=\"yoast-schema-graph\">{\"@context\":\"https:\\\/\\\/schema.org\",\"@graph\":[{\"@type\":\"Article\",\"@id\":\"https:\\\/\\\/transamerica93.com.br\\\/home\\\/rayan-dutra-garante-vaga-nos-jogos-de-paris-na-ginastica-de-trampolim\\\/#article\",\"isPartOf\":{\"@id\":\"https:\\\/\\\/transamerica93.com.br\\\/home\\\/rayan-dutra-garante-vaga-nos-jogos-de-paris-na-ginastica-de-trampolim\\\/\"},\"author\":{\"name\":\"Reda\u00e7\u00e3o\",\"@id\":\"https:\\\/\\\/transamerica93.com.br\\\/home\\\/#\\\/schema\\\/person\\\/7fed7c99c0d4562efa8561bc0f543172\"},\"headline\":\"Rayan Dutra garante vaga nos Jogos de Paris na gin\u00e1stica de trampolim\",\"datePublished\":\"2024-03-27T15:00:23+00:00\",\"mainEntityOfPage\":{\"@id\":\"https:\\\/\\\/transamerica93.com.br\\\/home\\\/rayan-dutra-garante-vaga-nos-jogos-de-paris-na-ginastica-de-trampolim\\\/\"},\"wordCount\":200,\"publisher\":{\"@id\":\"https:\\\/\\\/transamerica93.com.br\\\/home\\\/#organization\"},\"image\":{\"@id\":\"https:\\\/\\\/transamerica93.com.br\\\/home\\\/rayan-dutra-garante-vaga-nos-jogos-de-paris-na-ginastica-de-trampolim\\\/#primaryimage\"},\"thumbnailUrl\":\"https:\\\/\\\/transamerica93.com.br\\\/home\\\/wp-content\\\/uploads\\\/2024\\\/03\\\/imagem-16.jpg\",\"articleSection\":[\"Esportes\"],\"inLanguage\":\"pt-BR\"},{\"@type\":\"WebPage\",\"@id\":\"https:\\\/\\\/transamerica93.com.br\\\/home\\\/rayan-dutra-garante-vaga-nos-jogos-de-paris-na-ginastica-de-trampolim\\\/\",\"url\":\"https:\\\/\\\/transamerica93.com.br\\\/home\\\/rayan-dutra-garante-vaga-nos-jogos-de-paris-na-ginastica-de-trampolim\\\/\",\"name\":\"Rayan Dutra garante vaga nos Jogos de Paris na gin\u00e1stica de trampolim - Transam\u00e9rica Mococa 93,3\",\"isPartOf\":{\"@id\":\"https:\\\/\\\/transamerica93.com.br\\\/home\\\/#website\"},\"primaryImageOfPage\":{\"@id\":\"https:\\\/\\\/transamerica93.com.br\\\/home\\\/rayan-dutra-garante-vaga-nos-jogos-de-paris-na-ginastica-de-trampolim\\\/#primaryimage\"},\"image\":{\"@id\":\"https:\\\/\\\/transamerica93.com.br\\\/home\\\/rayan-dutra-garante-vaga-nos-jogos-de-paris-na-ginastica-de-trampolim\\\/#primaryimage\"},\"thumbnailUrl\":\"https:\\\/\\\/transamerica93.com.br\\\/home\\\/wp-content\\\/uploads\\\/2024\\\/03\\\/imagem-16.jpg\",\"datePublished\":\"2024-03-27T15:00:23+00:00\",\"breadcrumb\":{\"@id\":\"https:\\\/\\\/transamerica93.com.br\\\/home\\\/rayan-dutra-garante-vaga-nos-jogos-de-paris-na-ginastica-de-trampolim\\\/#breadcrumb\"},\"inLanguage\":\"pt-BR\",\"potentialAction\":[{\"@type\":\"ReadAction\",\"target\":[\"https:\\\/\\\/transamerica93.com.br\\\/home\\\/rayan-dutra-garante-vaga-nos-jogos-de-paris-na-ginastica-de-trampolim\\\/\"]}]},{\"@type\":\"ImageObject\",\"inLanguage\":\"pt-BR\",\"@id\":\"https:\\\/\\\/transamerica93.com.br\\\/home\\\/rayan-dutra-garante-vaga-nos-jogos-de-paris-na-ginastica-de-trampolim\\\/#primaryimage\",\"url\":\"https:\\\/\\\/transamerica93.com.br\\\/home\\\/wp-content\\\/uploads\\\/2024\\\/03\\\/imagem-16.jpg\",\"contentUrl\":\"https:\\\/\\\/transamerica93.com.br\\\/home\\\/wp-content\\\/uploads\\\/2024\\\/03\\\/imagem-16.jpg\",\"width\":1170,\"height\":700,\"caption\":\"\u00a9 Reprodu\u00e7\u00e3o site\\\/Confedera\u00e7\u00e3o Brasileira de Gin\u00e1stica\"},{\"@type\":\"BreadcrumbList\",\"@id\":\"https:\\\/\\\/transamerica93.com.br\\\/home\\\/rayan-dutra-garante-vaga-nos-jogos-de-paris-na-ginastica-de-trampolim\\\/#breadcrumb\",\"itemListElement\":[{\"@type\":\"ListItem\",\"position\":1,\"name\":\"In\u00edcio\",\"item\":\"https:\\\/\\\/transamerica93.com.br\\\/home\\\/\"},{\"@type\":\"ListItem\",\"position\":2,\"name\":\"Rayan Dutra garante vaga nos Jogos de Paris na gin\u00e1stica de trampolim\"}]},{\"@type\":\"WebSite\",\"@id\":\"https:\\\/\\\/transamerica93.com.br\\\/home\\\/#website\",\"url\":\"https:\\\/\\\/transamerica93.com.br\\\/home\\\/\",\"name\":\"Transam\u00e9rica Mococa 93,3\",\"description\":\"\",\"publisher\":{\"@id\":\"https:\\\/\\\/transamerica93.com.br\\\/home\\\/#organization\"},\"potentialAction\":[{\"@type\":\"SearchAction\",\"target\":{\"@type\":\"EntryPoint\",\"urlTemplate\":\"https:\\\/\\\/transamerica93.com.br\\\/home\\\/?s={search_term_string}\"},\"query-input\":{\"@type\":\"PropertyValueSpecification\",\"valueRequired\":true,\"valueName\":\"search_term_string\"}}],\"inLanguage\":\"pt-BR\"},{\"@type\":\"Organization\",\"@id\":\"https:\\\/\\\/transamerica93.com.br\\\/home\\\/#organization\",\"name\":\"Transam\u00e9rica Mococa 93,3\",\"url\":\"https:\\\/\\\/transamerica93.com.br\\\/home\\\/\",\"logo\":{\"@type\":\"ImageObject\",\"inLanguage\":\"pt-BR\",\"@id\":\"https:\\\/\\\/transamerica93.com.br\\\/home\\\/#\\\/schema\\\/logo\\\/image\\\/\",\"url\":\"https:\\\/\\\/transamerica93.com.br\\\/home\\\/wp-content\\\/uploads\\\/2023\\\/10\\\/logo2.png\",\"contentUrl\":\"https:\\\/\\\/transamerica93.com.br\\\/home\\\/wp-content\\\/uploads\\\/2023\\\/10\\\/logo2.png\",\"width\":800,\"height\":500,\"caption\":\"Transam\u00e9rica Mococa 93,3\"},\"image\":{\"@id\":\"https:\\\/\\\/transamerica93.com.br\\\/home\\\/#\\\/schema\\\/logo\\\/image\\\/\"},\"sameAs\":[\"https:\\\/\\\/www.facebook.com\\\/transamericamococa\",\"https:\\\/\\\/x.com\\\/transamerica933\",\"https:\\\/\\\/www.instagram.com\\\/transamericamococa\"]},{\"@type\":\"Person\",\"@id\":\"https:\\\/\\\/transamerica93.com.br\\\/home\\\/#\\\/schema\\\/person\\\/7fed7c99c0d4562efa8561bc0f543172\",\"name\":\"Reda\u00e7\u00e3o\",\"image\":{\"@type\":\"ImageObject\",\"inLanguage\":\"pt-BR\",\"@id\":\"https:\\\/\\\/secure.gravatar.com\\\/avatar\\\/1072c6b775fb02ef8506ce967551d95926669a6b7d2c2147b42eea4d7c68395e?s=96&d=mm&r=g\",\"url\":\"https:\\\/\\\/secure.gravatar.com\\\/avatar\\\/1072c6b775fb02ef8506ce967551d95926669a6b7d2c2147b42eea4d7c68395e?s=96&d=mm&r=g\",\"contentUrl\":\"https:\\\/\\\/secure.gravatar.com\\\/avatar\\\/1072c6b775fb02ef8506ce967551d95926669a6b7d2c2147b42eea4d7c68395e?s=96&d=mm&r=g\",\"caption\":\"Reda\u00e7\u00e3o\"},\"sameAs\":[\"https:\\\/\\\/transamerica93.com.br\\\/home\"],\"url\":\"https:\\\/\\\/transamerica93.com.br\\\/home\\\/author\\\/william\\\/\"}]}<\/script>\n<!-- \/ Yoast SEO plugin. -->","yoast_head_json":{"title":"Rayan Dutra garante vaga nos Jogos de Paris na gin\u00e1stica de trampolim - Transam\u00e9rica Mococa 93,3","robots":{"index":"index","follow":"follow","max-snippet":"max-snippet:-1","max-image-preview":"max-image-preview:large","max-video-preview":"max-video-preview:-1"},"canonical":"https:\/\/transamerica93.com.br\/home\/rayan-dutra-garante-vaga-nos-jogos-de-paris-na-ginastica-de-trampolim\/","og_locale":"pt_BR","og_type":"article","og_title":"Rayan Dutra garante vaga nos Jogos de Paris na gin\u00e1stica de trampolim - Transam\u00e9rica Mococa 93,3","og_description":"O mineiro Rayan Dutra, de 21 anos, assegurou vaga nos Jogos Ol\u00edmpicos de Paris na gin\u00e1stica de trampolim. O atleta terminou em 16\u00ba na etapa da Copa do Mundo da modalidade realizada em Cottbus, na Alemanha e, com isso, garantiu um lugar entre os nove ginastas classificados via corrida ol\u00edmpica. Em Cottbus, Dutra estava de &hellip;","og_url":"https:\/\/transamerica93.com.br\/home\/rayan-dutra-garante-vaga-nos-jogos-de-paris-na-ginastica-de-trampolim\/","og_site_name":"Transam\u00e9rica Mococa 93,3","article_publisher":"https:\/\/www.facebook.com\/transamericamococa","article_published_time":"2024-03-27T15:00:23+00:00","og_image":[{"width":1170,"height":700,"url":"https:\/\/transamerica93.com.br\/home\/wp-content\/uploads\/2024\/03\/imagem-16.jpg","type":"image\/jpeg"}],"author":"Reda\u00e7\u00e3o","twitter_card":"summary_large_image","twitter_creator":"@transamerica933","twitter_site":"@transamerica933","twitter_misc":{"Escrito por":"Reda\u00e7\u00e3o","Est. tempo de leitura":"2 minutos"},"schema":{"@context":"https:\/\/schema.org","@graph":[{"@type":"Article","@id":"https:\/\/transamerica93.com.br\/home\/rayan-dutra-garante-vaga-nos-jogos-de-paris-na-ginastica-de-trampolim\/#article","isPartOf":{"@id":"https:\/\/transamerica93.com.br\/home\/rayan-dutra-garante-vaga-nos-jogos-de-paris-na-ginastica-de-trampolim\/"},"author":{"name":"Reda\u00e7\u00e3o","@id":"https:\/\/transamerica93.com.br\/home\/#\/schema\/person\/7fed7c99c0d4562efa8561bc0f543172"},"headline":"Rayan Dutra garante vaga nos Jogos de Paris na gin\u00e1stica de trampolim","datePublished":"2024-03-27T15:00:23+00:00","mainEntityOfPage":{"@id":"https:\/\/transamerica93.com.br\/home\/rayan-dutra-garante-vaga-nos-jogos-de-paris-na-ginastica-de-trampolim\/"},"wordCount":200,"publisher":{"@id":"https:\/\/transamerica93.com.br\/home\/#organization"},"image":{"@id":"https:\/\/transamerica93.com.br\/home\/rayan-dutra-garante-vaga-nos-jogos-de-paris-na-ginastica-de-trampolim\/#primaryimage"},"thumbnailUrl":"https:\/\/transamerica93.com.br\/home\/wp-content\/uploads\/2024\/03\/imagem-16.jpg","articleSection":["Esportes"],"inLanguage":"pt-BR"},{"@type":"WebPage","@id":"https:\/\/transamerica93.com.br\/home\/rayan-dutra-garante-vaga-nos-jogos-de-paris-na-ginastica-de-trampolim\/","url":"https:\/\/transamerica93.com.br\/home\/rayan-dutra-garante-vaga-nos-jogos-de-paris-na-ginastica-de-trampolim\/","name":"Rayan Dutra garante vaga nos Jogos de Paris na gin\u00e1stica de trampolim - Transam\u00e9rica Mococa 93,3","isPartOf":{"@id":"https:\/\/transamerica93.com.br\/home\/#website"},"primaryImageOfPage":{"@id":"https:\/\/transamerica93.com.br\/home\/rayan-dutra-garante-vaga-nos-jogos-de-paris-na-ginastica-de-trampolim\/#primaryimage"},"image":{"@id":"https:\/\/transamerica93.com.br\/home\/rayan-dutra-garante-vaga-nos-jogos-de-paris-na-ginastica-de-trampolim\/#primaryimage"},"thumbnailUrl":"https:\/\/transamerica93.com.br\/home\/wp-content\/uploads\/2024\/03\/imagem-16.jpg","datePublished":"2024-03-27T15:00:23+00:00","breadcrumb":{"@id":"https:\/\/transamerica93.com.br\/home\/rayan-dutra-garante-vaga-nos-jogos-de-paris-na-ginastica-de-trampolim\/#breadcrumb"},"inLanguage":"pt-BR","potentialAction":[{"@type":"ReadAction","target":["https:\/\/transamerica93.com.br\/home\/rayan-dutra-garante-vaga-nos-jogos-de-paris-na-ginastica-de-trampolim\/"]}]},{"@type":"ImageObject","inLanguage":"pt-BR","@id":"https:\/\/transamerica93.com.br\/home\/rayan-dutra-garante-vaga-nos-jogos-de-paris-na-ginastica-de-trampolim\/#primaryimage","url":"https:\/\/transamerica93.com.br\/home\/wp-content\/uploads\/2024\/03\/imagem-16.jpg","contentUrl":"https:\/\/transamerica93.com.br\/home\/wp-content\/uploads\/2024\/03\/imagem-16.jpg","width":1170,"height":700,"caption":"\u00a9 Reprodu\u00e7\u00e3o site\/Confedera\u00e7\u00e3o Brasileira de Gin\u00e1stica"},{"@type":"BreadcrumbList","@id":"https:\/\/transamerica93.com.br\/home\/rayan-dutra-garante-vaga-nos-jogos-de-paris-na-ginastica-de-trampolim\/#breadcrumb","itemListElement":[{"@type":"ListItem","position":1,"name":"In\u00edcio","item":"https:\/\/transamerica93.com.br\/home\/"},{"@type":"ListItem","position":2,"name":"Rayan Dutra garante vaga nos Jogos de Paris na gin\u00e1stica de trampolim"}]},{"@type":"WebSite","@id":"https:\/\/transamerica93.com.br\/home\/#website","url":"https:\/\/transamerica93.com.br\/home\/","name":"Transam\u00e9rica Mococa 93,3","description":"","publisher":{"@id":"https:\/\/transamerica93.com.br\/home\/#organization"},"potentialAction":[{"@type":"SearchAction","target":{"@type":"EntryPoint","urlTemplate":"https:\/\/transamerica93.com.br\/home\/?s={search_term_string}"},"query-input":{"@type":"PropertyValueSpecification","valueRequired":true,"valueName":"search_term_string"}}],"inLanguage":"pt-BR"},{"@type":"Organization","@id":"https:\/\/transamerica93.com.br\/home\/#organization","name":"Transam\u00e9rica Mococa 93,3","url":"https:\/\/transamerica93.com.br\/home\/","logo":{"@type":"ImageObject","inLanguage":"pt-BR","@id":"https:\/\/transamerica93.com.br\/home\/#\/schema\/logo\/image\/","url":"https:\/\/transamerica93.com.br\/home\/wp-content\/uploads\/2023\/10\/logo2.png","contentUrl":"https:\/\/transamerica93.com.br\/home\/wp-content\/uploads\/2023\/10\/logo2.png","width":800,"height":500,"caption":"Transam\u00e9rica Mococa 93,3"},"image":{"@id":"https:\/\/transamerica93.com.br\/home\/#\/schema\/logo\/image\/"},"sameAs":["https:\/\/www.facebook.com\/transamericamococa","https:\/\/x.com\/transamerica933","https:\/\/www.instagram.com\/transamericamococa"]},{"@type":"Person","@id":"https:\/\/transamerica93.com.br\/home\/#\/schema\/person\/7fed7c99c0d4562efa8561bc0f543172","name":"Reda\u00e7\u00e3o","image":{"@type":"ImageObject","inLanguage":"pt-BR","@id":"https:\/\/secure.gravatar.com\/avatar\/1072c6b775fb02ef8506ce967551d95926669a6b7d2c2147b42eea4d7c68395e?s=96&d=mm&r=g","url":"https:\/\/secure.gravatar.com\/avatar\/1072c6b775fb02ef8506ce967551d95926669a6b7d2c2147b42eea4d7c68395e?s=96&d=mm&r=g","contentUrl":"https:\/\/secure.gravatar.com\/avatar\/1072c6b775fb02ef8506ce967551d95926669a6b7d2c2147b42eea4d7c68395e?s=96&d=mm&r=g","caption":"Reda\u00e7\u00e3o"},"sameAs":["https:\/\/transamerica93.com.br\/home"],"url":"https:\/\/transamerica93.com.br\/home\/author\/william\/"}]}},"_links":{"self":[{"href":"https:\/\/transamerica93.com.br\/home\/wp-json\/wp\/v2\/posts\/2645","targetHints":{"allow":["GET"]}}],"collection":[{"href":"https:\/\/transamerica93.com.br\/home\/wp-json\/wp\/v2\/posts"}],"about":[{"href":"https:\/\/transamerica93.com.br\/home\/wp-json\/wp\/v2\/types\/post"}],"author":[{"embeddable":true,"href":"https:\/\/transamerica93.com.br\/home\/wp-json\/wp\/v2\/users\/1"}],"replies":[{"embeddable":true,"href":"https:\/\/transamerica93.com.br\/home\/wp-json\/wp\/v2\/comments?post=2645"}],"version-history":[{"count":1,"href":"https:\/\/transamerica93.com.br\/home\/wp-json\/wp\/v2\/posts\/2645\/revisions"}],"predecessor-version":[{"id":2647,"href":"https:\/\/transamerica93.com.br\/home\/wp-json\/wp\/v2\/posts\/2645\/revisions\/2647"}],"wp:featuredmedia":[{"embeddable":true,"href":"https:\/\/transamerica93.com.br\/home\/wp-json\/wp\/v2\/media\/2646"}],"wp:attachment":[{"href":"https:\/\/transamerica93.com.br\/home\/wp-json\/wp\/v2\/media?parent=2645"}],"wp:term":[{"taxonomy":"category","embeddable":true,"href":"https:\/\/transamerica93.com.br\/home\/wp-json\/wp\/v2\/categories?post=2645"},{"taxonomy":"post_tag","embeddable":true,"href":"https:\/\/transamerica93.com.br\/home\/wp-json\/wp\/v2\/tags?post=2645"}],"curies":[{"name":"wp","href":"https:\/\/api.w.org\/{rel}","templated":true}]}}