{"id":2648,"date":"2024-03-28T12:00:33","date_gmt":"2024-03-28T15:00:33","guid":{"rendered":"https:\/\/transamerica93.com.br\/home\/?p=2648"},"modified":"2024-03-25T11:25:12","modified_gmt":"2024-03-25T14:25:12","slug":"brasil-garante-duas-pratas-no-mundial-de-ciclismo-paralimpico","status":"publish","type":"post","link":"https:\/\/transamerica93.com.br\/home\/brasil-garante-duas-pratas-no-mundial-de-ciclismo-paralimpico\/","title":{"rendered":"Brasil garante duas pratas no Mundial de ciclismo paral\u00edmpico"},"content":{"rendered":"<div class=\"post-item-wrap\">\n<p>Sabrina Cust\u00f3dia e Lauro Chaman conquistaram duas medalhas de prata para o Brasil no Mundial de ciclismo paral\u00edmpico de pista no Vel\u00f3dromo da Barra da Tijuca, no Rio de Janeiro. A competi\u00e7\u00e3o \u00e9 a \u00faltima grande oportunidade de obter pontos no ranking de classifica\u00e7\u00e3o para a pr\u00f3xima edi\u00e7\u00e3o dos Jogos Paral\u00edmpicos, que ser\u00e3o disputados em Paris (Fran\u00e7a).<img decoding=\"async\" data-src=\"https:\/\/agenciabrasil.ebc.com.br\/ebc.png?id=1586759&amp;o=node\" src=\"data:image\/svg+xml;base64,PHN2ZyB3aWR0aD0iMSIgaGVpZ2h0PSIxIiB4bWxucz0iaHR0cDovL3d3dy53My5vcmcvMjAwMC9zdmciPjwvc3ZnPg==\" class=\"lazyload\" \/><img decoding=\"async\" data-src=\"https:\/\/agenciabrasil.ebc.com.br\/ebc.gif?id=1586759&amp;o=node\" src=\"data:image\/svg+xml;base64,PHN2ZyB3aWR0aD0iMSIgaGVpZ2h0PSIxIiB4bWxucz0iaHR0cDovL3d3dy53My5vcmcvMjAwMC9zdmciPjwvc3ZnPg==\" class=\"lazyload\" \/><\/p>\n<p>A ciclista paulista Sabrina Custodia completou a prova dos 500 metros contrarrel\u00f3gio da categoria C2 (atletas com limita\u00e7\u00e3o f\u00edsico-motora que usam bicicletas convencionais) em 43s674 para garantir a segunda posi\u00e7\u00e3o final, ficando atr\u00e1s apenas da australiana Amanda Reid, ouro com o tempo de 39s041.<\/p>\n<p>\u201cEssa medalha de prata significa muita coisa, apesar de vir de uma les\u00e3o. Ela significa for\u00e7a, determina\u00e7\u00e3o, supera\u00e7\u00e3o. Acho que de tudo um pouco, pois n\u00e3o esper\u00e1vamos. Mas eu queria muito, apesar de ficar um tempo parada, era o que eu mais queria era pegar uma medalha no meu pa\u00eds, mesmo que fosse de bronze. Gra\u00e7as a Deus veio a prata e estou feliz demais\u201d, declarou a brasileira \u00e0 assessoria de imprensa do Comit\u00ea Paral\u00edmpico Brasileiro (CPB) logo ap\u00f3s a prova.<\/p>\n<p>A outra conquista do Brasil nesta quinta no Mundial veio com Lauro Chaman na prova de persegui\u00e7\u00e3o individual C5 (atletas com limita\u00e7\u00e3o f\u00edsico-motora que usam bicicletas convencionais). O atual segundo colocado no ranking mundial da categoria garantiu a prata ap\u00f3s ficar atr\u00e1s apenas do franc\u00eas Dorian Foulon.<\/p>\n<p>\u201cEstou muito feliz de participar de mais um campeonato mundial e conquistar uma medalha em mais um mundial. Isso me deixa muito feliz\u201d, afirmou o brasileiro.<\/p>\n<\/div>\n<p class=\"alt-font font-italic my-2 small text-info\">Edi\u00e7\u00e3o: F\u00e1bio Lisboa<\/p>\n","protected":false},"excerpt":{"rendered":"<p>Sabrina Cust\u00f3dia e Lauro Chaman conquistaram duas medalhas de prata para o Brasil no Mundial de ciclismo paral\u00edmpico de pista no Vel\u00f3dromo da Barra da Tijuca, no Rio de Janeiro. A competi\u00e7\u00e3o \u00e9 a \u00faltima grande oportunidade de obter pontos no ranking de classifica\u00e7\u00e3o para a pr\u00f3xima edi\u00e7\u00e3o dos Jogos Paral\u00edmpicos, que ser\u00e3o disputados em &hellip;<\/p>\n","protected":false},"author":1,"featured_media":2649,"comment_status":"closed","ping_status":"closed","sticky":false,"template":"","format":"standard","meta":{"footnotes":""},"categories":[31],"tags":[],"class_list":["post-2648","post","type-post","status-publish","format-standard","has-post-thumbnail","hentry","category-esportes"],"yoast_head":"<!-- This site is optimized with the Yoast SEO plugin v27.4 - https:\/\/yoast.com\/product\/yoast-seo-wordpress\/ -->\n<title>Brasil garante duas pratas no Mundial de ciclismo paral\u00edmpico - Transam\u00e9rica Mococa 93,3<\/title>\n<meta name=\"robots\" content=\"index, follow, max-snippet:-1, max-image-preview:large, max-video-preview:-1\" \/>\n<link rel=\"canonical\" href=\"https:\/\/transamerica93.com.br\/home\/brasil-garante-duas-pratas-no-mundial-de-ciclismo-paralimpico\/\" \/>\n<meta property=\"og:locale\" content=\"pt_BR\" \/>\n<meta property=\"og:type\" content=\"article\" \/>\n<meta property=\"og:title\" content=\"Brasil garante duas pratas no Mundial de ciclismo paral\u00edmpico - Transam\u00e9rica Mococa 93,3\" \/>\n<meta property=\"og:description\" content=\"Sabrina Cust\u00f3dia e Lauro Chaman conquistaram duas medalhas de prata para o Brasil no Mundial de ciclismo paral\u00edmpico de pista no Vel\u00f3dromo da Barra da Tijuca, no Rio de Janeiro. A competi\u00e7\u00e3o \u00e9 a \u00faltima grande oportunidade de obter pontos no ranking de classifica\u00e7\u00e3o para a pr\u00f3xima edi\u00e7\u00e3o dos Jogos Paral\u00edmpicos, que ser\u00e3o disputados em &hellip;\" \/>\n<meta property=\"og:url\" content=\"https:\/\/transamerica93.com.br\/home\/brasil-garante-duas-pratas-no-mundial-de-ciclismo-paralimpico\/\" \/>\n<meta property=\"og:site_name\" content=\"Transam\u00e9rica Mococa 93,3\" \/>\n<meta property=\"article:publisher\" content=\"https:\/\/www.facebook.com\/transamericamococa\" \/>\n<meta property=\"article:published_time\" content=\"2024-03-28T15:00:33+00:00\" \/>\n<meta property=\"og:image\" content=\"https:\/\/transamerica93.com.br\/home\/wp-content\/uploads\/2024\/03\/imagem-17.jpg\" \/>\n\t<meta property=\"og:image:width\" content=\"1170\" \/>\n\t<meta property=\"og:image:height\" content=\"700\" \/>\n\t<meta property=\"og:image:type\" content=\"image\/jpeg\" \/>\n<meta name=\"author\" content=\"Reda\u00e7\u00e3o\" \/>\n<meta name=\"twitter:card\" content=\"summary_large_image\" \/>\n<meta name=\"twitter:creator\" content=\"@transamerica933\" \/>\n<meta name=\"twitter:site\" content=\"@transamerica933\" \/>\n<meta name=\"twitter:label1\" content=\"Escrito por\" \/>\n\t<meta name=\"twitter:data1\" content=\"Reda\u00e7\u00e3o\" \/>\n\t<meta name=\"twitter:label2\" content=\"Est. tempo de leitura\" \/>\n\t<meta name=\"twitter:data2\" content=\"3 minutos\" \/>\n<script type=\"application\/ld+json\" class=\"yoast-schema-graph\">{\"@context\":\"https:\\\/\\\/schema.org\",\"@graph\":[{\"@type\":\"Article\",\"@id\":\"https:\\\/\\\/transamerica93.com.br\\\/home\\\/brasil-garante-duas-pratas-no-mundial-de-ciclismo-paralimpico\\\/#article\",\"isPartOf\":{\"@id\":\"https:\\\/\\\/transamerica93.com.br\\\/home\\\/brasil-garante-duas-pratas-no-mundial-de-ciclismo-paralimpico\\\/\"},\"author\":{\"name\":\"Reda\u00e7\u00e3o\",\"@id\":\"https:\\\/\\\/transamerica93.com.br\\\/home\\\/#\\\/schema\\\/person\\\/7fed7c99c0d4562efa8561bc0f543172\"},\"headline\":\"Brasil garante duas pratas no Mundial de ciclismo paral\u00edmpico\",\"datePublished\":\"2024-03-28T15:00:33+00:00\",\"mainEntityOfPage\":{\"@id\":\"https:\\\/\\\/transamerica93.com.br\\\/home\\\/brasil-garante-duas-pratas-no-mundial-de-ciclismo-paralimpico\\\/\"},\"wordCount\":298,\"publisher\":{\"@id\":\"https:\\\/\\\/transamerica93.com.br\\\/home\\\/#organization\"},\"image\":{\"@id\":\"https:\\\/\\\/transamerica93.com.br\\\/home\\\/brasil-garante-duas-pratas-no-mundial-de-ciclismo-paralimpico\\\/#primaryimage\"},\"thumbnailUrl\":\"https:\\\/\\\/transamerica93.com.br\\\/home\\\/wp-content\\\/uploads\\\/2024\\\/03\\\/imagem-17.jpg\",\"articleSection\":[\"Esportes\"],\"inLanguage\":\"pt-BR\"},{\"@type\":\"WebPage\",\"@id\":\"https:\\\/\\\/transamerica93.com.br\\\/home\\\/brasil-garante-duas-pratas-no-mundial-de-ciclismo-paralimpico\\\/\",\"url\":\"https:\\\/\\\/transamerica93.com.br\\\/home\\\/brasil-garante-duas-pratas-no-mundial-de-ciclismo-paralimpico\\\/\",\"name\":\"Brasil garante duas pratas no Mundial de ciclismo paral\u00edmpico - Transam\u00e9rica Mococa 93,3\",\"isPartOf\":{\"@id\":\"https:\\\/\\\/transamerica93.com.br\\\/home\\\/#website\"},\"primaryImageOfPage\":{\"@id\":\"https:\\\/\\\/transamerica93.com.br\\\/home\\\/brasil-garante-duas-pratas-no-mundial-de-ciclismo-paralimpico\\\/#primaryimage\"},\"image\":{\"@id\":\"https:\\\/\\\/transamerica93.com.br\\\/home\\\/brasil-garante-duas-pratas-no-mundial-de-ciclismo-paralimpico\\\/#primaryimage\"},\"thumbnailUrl\":\"https:\\\/\\\/transamerica93.com.br\\\/home\\\/wp-content\\\/uploads\\\/2024\\\/03\\\/imagem-17.jpg\",\"datePublished\":\"2024-03-28T15:00:33+00:00\",\"breadcrumb\":{\"@id\":\"https:\\\/\\\/transamerica93.com.br\\\/home\\\/brasil-garante-duas-pratas-no-mundial-de-ciclismo-paralimpico\\\/#breadcrumb\"},\"inLanguage\":\"pt-BR\",\"potentialAction\":[{\"@type\":\"ReadAction\",\"target\":[\"https:\\\/\\\/transamerica93.com.br\\\/home\\\/brasil-garante-duas-pratas-no-mundial-de-ciclismo-paralimpico\\\/\"]}]},{\"@type\":\"ImageObject\",\"inLanguage\":\"pt-BR\",\"@id\":\"https:\\\/\\\/transamerica93.com.br\\\/home\\\/brasil-garante-duas-pratas-no-mundial-de-ciclismo-paralimpico\\\/#primaryimage\",\"url\":\"https:\\\/\\\/transamerica93.com.br\\\/home\\\/wp-content\\\/uploads\\\/2024\\\/03\\\/imagem-17.jpg\",\"contentUrl\":\"https:\\\/\\\/transamerica93.com.br\\\/home\\\/wp-content\\\/uploads\\\/2024\\\/03\\\/imagem-17.jpg\",\"width\":1170,\"height\":700,\"caption\":\"\u00a9 Miriam Jeske\\\/CPB\\\/Direitos Reservados\"},{\"@type\":\"BreadcrumbList\",\"@id\":\"https:\\\/\\\/transamerica93.com.br\\\/home\\\/brasil-garante-duas-pratas-no-mundial-de-ciclismo-paralimpico\\\/#breadcrumb\",\"itemListElement\":[{\"@type\":\"ListItem\",\"position\":1,\"name\":\"In\u00edcio\",\"item\":\"https:\\\/\\\/transamerica93.com.br\\\/home\\\/\"},{\"@type\":\"ListItem\",\"position\":2,\"name\":\"Brasil garante duas pratas no Mundial de ciclismo paral\u00edmpico\"}]},{\"@type\":\"WebSite\",\"@id\":\"https:\\\/\\\/transamerica93.com.br\\\/home\\\/#website\",\"url\":\"https:\\\/\\\/transamerica93.com.br\\\/home\\\/\",\"name\":\"Transam\u00e9rica Mococa 93,3\",\"description\":\"\",\"publisher\":{\"@id\":\"https:\\\/\\\/transamerica93.com.br\\\/home\\\/#organization\"},\"potentialAction\":[{\"@type\":\"SearchAction\",\"target\":{\"@type\":\"EntryPoint\",\"urlTemplate\":\"https:\\\/\\\/transamerica93.com.br\\\/home\\\/?s={search_term_string}\"},\"query-input\":{\"@type\":\"PropertyValueSpecification\",\"valueRequired\":true,\"valueName\":\"search_term_string\"}}],\"inLanguage\":\"pt-BR\"},{\"@type\":\"Organization\",\"@id\":\"https:\\\/\\\/transamerica93.com.br\\\/home\\\/#organization\",\"name\":\"Transam\u00e9rica Mococa 93,3\",\"url\":\"https:\\\/\\\/transamerica93.com.br\\\/home\\\/\",\"logo\":{\"@type\":\"ImageObject\",\"inLanguage\":\"pt-BR\",\"@id\":\"https:\\\/\\\/transamerica93.com.br\\\/home\\\/#\\\/schema\\\/logo\\\/image\\\/\",\"url\":\"https:\\\/\\\/transamerica93.com.br\\\/home\\\/wp-content\\\/uploads\\\/2023\\\/10\\\/logo2.png\",\"contentUrl\":\"https:\\\/\\\/transamerica93.com.br\\\/home\\\/wp-content\\\/uploads\\\/2023\\\/10\\\/logo2.png\",\"width\":800,\"height\":500,\"caption\":\"Transam\u00e9rica Mococa 93,3\"},\"image\":{\"@id\":\"https:\\\/\\\/transamerica93.com.br\\\/home\\\/#\\\/schema\\\/logo\\\/image\\\/\"},\"sameAs\":[\"https:\\\/\\\/www.facebook.com\\\/transamericamococa\",\"https:\\\/\\\/x.com\\\/transamerica933\",\"https:\\\/\\\/www.instagram.com\\\/transamericamococa\"]},{\"@type\":\"Person\",\"@id\":\"https:\\\/\\\/transamerica93.com.br\\\/home\\\/#\\\/schema\\\/person\\\/7fed7c99c0d4562efa8561bc0f543172\",\"name\":\"Reda\u00e7\u00e3o\",\"image\":{\"@type\":\"ImageObject\",\"inLanguage\":\"pt-BR\",\"@id\":\"https:\\\/\\\/secure.gravatar.com\\\/avatar\\\/1072c6b775fb02ef8506ce967551d95926669a6b7d2c2147b42eea4d7c68395e?s=96&d=mm&r=g\",\"url\":\"https:\\\/\\\/secure.gravatar.com\\\/avatar\\\/1072c6b775fb02ef8506ce967551d95926669a6b7d2c2147b42eea4d7c68395e?s=96&d=mm&r=g\",\"contentUrl\":\"https:\\\/\\\/secure.gravatar.com\\\/avatar\\\/1072c6b775fb02ef8506ce967551d95926669a6b7d2c2147b42eea4d7c68395e?s=96&d=mm&r=g\",\"caption\":\"Reda\u00e7\u00e3o\"},\"sameAs\":[\"https:\\\/\\\/transamerica93.com.br\\\/home\"],\"url\":\"https:\\\/\\\/transamerica93.com.br\\\/home\\\/author\\\/william\\\/\"}]}<\/script>\n<!-- \/ Yoast SEO plugin. -->","yoast_head_json":{"title":"Brasil garante duas pratas no Mundial de ciclismo paral\u00edmpico - Transam\u00e9rica Mococa 93,3","robots":{"index":"index","follow":"follow","max-snippet":"max-snippet:-1","max-image-preview":"max-image-preview:large","max-video-preview":"max-video-preview:-1"},"canonical":"https:\/\/transamerica93.com.br\/home\/brasil-garante-duas-pratas-no-mundial-de-ciclismo-paralimpico\/","og_locale":"pt_BR","og_type":"article","og_title":"Brasil garante duas pratas no Mundial de ciclismo paral\u00edmpico - Transam\u00e9rica Mococa 93,3","og_description":"Sabrina Cust\u00f3dia e Lauro Chaman conquistaram duas medalhas de prata para o Brasil no Mundial de ciclismo paral\u00edmpico de pista no Vel\u00f3dromo da Barra da Tijuca, no Rio de Janeiro. A competi\u00e7\u00e3o \u00e9 a \u00faltima grande oportunidade de obter pontos no ranking de classifica\u00e7\u00e3o para a pr\u00f3xima edi\u00e7\u00e3o dos Jogos Paral\u00edmpicos, que ser\u00e3o disputados em &hellip;","og_url":"https:\/\/transamerica93.com.br\/home\/brasil-garante-duas-pratas-no-mundial-de-ciclismo-paralimpico\/","og_site_name":"Transam\u00e9rica Mococa 93,3","article_publisher":"https:\/\/www.facebook.com\/transamericamococa","article_published_time":"2024-03-28T15:00:33+00:00","og_image":[{"width":1170,"height":700,"url":"https:\/\/transamerica93.com.br\/home\/wp-content\/uploads\/2024\/03\/imagem-17.jpg","type":"image\/jpeg"}],"author":"Reda\u00e7\u00e3o","twitter_card":"summary_large_image","twitter_creator":"@transamerica933","twitter_site":"@transamerica933","twitter_misc":{"Escrito por":"Reda\u00e7\u00e3o","Est. tempo de leitura":"3 minutos"},"schema":{"@context":"https:\/\/schema.org","@graph":[{"@type":"Article","@id":"https:\/\/transamerica93.com.br\/home\/brasil-garante-duas-pratas-no-mundial-de-ciclismo-paralimpico\/#article","isPartOf":{"@id":"https:\/\/transamerica93.com.br\/home\/brasil-garante-duas-pratas-no-mundial-de-ciclismo-paralimpico\/"},"author":{"name":"Reda\u00e7\u00e3o","@id":"https:\/\/transamerica93.com.br\/home\/#\/schema\/person\/7fed7c99c0d4562efa8561bc0f543172"},"headline":"Brasil garante duas pratas no Mundial de ciclismo paral\u00edmpico","datePublished":"2024-03-28T15:00:33+00:00","mainEntityOfPage":{"@id":"https:\/\/transamerica93.com.br\/home\/brasil-garante-duas-pratas-no-mundial-de-ciclismo-paralimpico\/"},"wordCount":298,"publisher":{"@id":"https:\/\/transamerica93.com.br\/home\/#organization"},"image":{"@id":"https:\/\/transamerica93.com.br\/home\/brasil-garante-duas-pratas-no-mundial-de-ciclismo-paralimpico\/#primaryimage"},"thumbnailUrl":"https:\/\/transamerica93.com.br\/home\/wp-content\/uploads\/2024\/03\/imagem-17.jpg","articleSection":["Esportes"],"inLanguage":"pt-BR"},{"@type":"WebPage","@id":"https:\/\/transamerica93.com.br\/home\/brasil-garante-duas-pratas-no-mundial-de-ciclismo-paralimpico\/","url":"https:\/\/transamerica93.com.br\/home\/brasil-garante-duas-pratas-no-mundial-de-ciclismo-paralimpico\/","name":"Brasil garante duas pratas no Mundial de ciclismo paral\u00edmpico - Transam\u00e9rica Mococa 93,3","isPartOf":{"@id":"https:\/\/transamerica93.com.br\/home\/#website"},"primaryImageOfPage":{"@id":"https:\/\/transamerica93.com.br\/home\/brasil-garante-duas-pratas-no-mundial-de-ciclismo-paralimpico\/#primaryimage"},"image":{"@id":"https:\/\/transamerica93.com.br\/home\/brasil-garante-duas-pratas-no-mundial-de-ciclismo-paralimpico\/#primaryimage"},"thumbnailUrl":"https:\/\/transamerica93.com.br\/home\/wp-content\/uploads\/2024\/03\/imagem-17.jpg","datePublished":"2024-03-28T15:00:33+00:00","breadcrumb":{"@id":"https:\/\/transamerica93.com.br\/home\/brasil-garante-duas-pratas-no-mundial-de-ciclismo-paralimpico\/#breadcrumb"},"inLanguage":"pt-BR","potentialAction":[{"@type":"ReadAction","target":["https:\/\/transamerica93.com.br\/home\/brasil-garante-duas-pratas-no-mundial-de-ciclismo-paralimpico\/"]}]},{"@type":"ImageObject","inLanguage":"pt-BR","@id":"https:\/\/transamerica93.com.br\/home\/brasil-garante-duas-pratas-no-mundial-de-ciclismo-paralimpico\/#primaryimage","url":"https:\/\/transamerica93.com.br\/home\/wp-content\/uploads\/2024\/03\/imagem-17.jpg","contentUrl":"https:\/\/transamerica93.com.br\/home\/wp-content\/uploads\/2024\/03\/imagem-17.jpg","width":1170,"height":700,"caption":"\u00a9 Miriam Jeske\/CPB\/Direitos Reservados"},{"@type":"BreadcrumbList","@id":"https:\/\/transamerica93.com.br\/home\/brasil-garante-duas-pratas-no-mundial-de-ciclismo-paralimpico\/#breadcrumb","itemListElement":[{"@type":"ListItem","position":1,"name":"In\u00edcio","item":"https:\/\/transamerica93.com.br\/home\/"},{"@type":"ListItem","position":2,"name":"Brasil garante duas pratas no Mundial de ciclismo paral\u00edmpico"}]},{"@type":"WebSite","@id":"https:\/\/transamerica93.com.br\/home\/#website","url":"https:\/\/transamerica93.com.br\/home\/","name":"Transam\u00e9rica Mococa 93,3","description":"","publisher":{"@id":"https:\/\/transamerica93.com.br\/home\/#organization"},"potentialAction":[{"@type":"SearchAction","target":{"@type":"EntryPoint","urlTemplate":"https:\/\/transamerica93.com.br\/home\/?s={search_term_string}"},"query-input":{"@type":"PropertyValueSpecification","valueRequired":true,"valueName":"search_term_string"}}],"inLanguage":"pt-BR"},{"@type":"Organization","@id":"https:\/\/transamerica93.com.br\/home\/#organization","name":"Transam\u00e9rica Mococa 93,3","url":"https:\/\/transamerica93.com.br\/home\/","logo":{"@type":"ImageObject","inLanguage":"pt-BR","@id":"https:\/\/transamerica93.com.br\/home\/#\/schema\/logo\/image\/","url":"https:\/\/transamerica93.com.br\/home\/wp-content\/uploads\/2023\/10\/logo2.png","contentUrl":"https:\/\/transamerica93.com.br\/home\/wp-content\/uploads\/2023\/10\/logo2.png","width":800,"height":500,"caption":"Transam\u00e9rica Mococa 93,3"},"image":{"@id":"https:\/\/transamerica93.com.br\/home\/#\/schema\/logo\/image\/"},"sameAs":["https:\/\/www.facebook.com\/transamericamococa","https:\/\/x.com\/transamerica933","https:\/\/www.instagram.com\/transamericamococa"]},{"@type":"Person","@id":"https:\/\/transamerica93.com.br\/home\/#\/schema\/person\/7fed7c99c0d4562efa8561bc0f543172","name":"Reda\u00e7\u00e3o","image":{"@type":"ImageObject","inLanguage":"pt-BR","@id":"https:\/\/secure.gravatar.com\/avatar\/1072c6b775fb02ef8506ce967551d95926669a6b7d2c2147b42eea4d7c68395e?s=96&d=mm&r=g","url":"https:\/\/secure.gravatar.com\/avatar\/1072c6b775fb02ef8506ce967551d95926669a6b7d2c2147b42eea4d7c68395e?s=96&d=mm&r=g","contentUrl":"https:\/\/secure.gravatar.com\/avatar\/1072c6b775fb02ef8506ce967551d95926669a6b7d2c2147b42eea4d7c68395e?s=96&d=mm&r=g","caption":"Reda\u00e7\u00e3o"},"sameAs":["https:\/\/transamerica93.com.br\/home"],"url":"https:\/\/transamerica93.com.br\/home\/author\/william\/"}]}},"_links":{"self":[{"href":"https:\/\/transamerica93.com.br\/home\/wp-json\/wp\/v2\/posts\/2648","targetHints":{"allow":["GET"]}}],"collection":[{"href":"https:\/\/transamerica93.com.br\/home\/wp-json\/wp\/v2\/posts"}],"about":[{"href":"https:\/\/transamerica93.com.br\/home\/wp-json\/wp\/v2\/types\/post"}],"author":[{"embeddable":true,"href":"https:\/\/transamerica93.com.br\/home\/wp-json\/wp\/v2\/users\/1"}],"replies":[{"embeddable":true,"href":"https:\/\/transamerica93.com.br\/home\/wp-json\/wp\/v2\/comments?post=2648"}],"version-history":[{"count":1,"href":"https:\/\/transamerica93.com.br\/home\/wp-json\/wp\/v2\/posts\/2648\/revisions"}],"predecessor-version":[{"id":2650,"href":"https:\/\/transamerica93.com.br\/home\/wp-json\/wp\/v2\/posts\/2648\/revisions\/2650"}],"wp:featuredmedia":[{"embeddable":true,"href":"https:\/\/transamerica93.com.br\/home\/wp-json\/wp\/v2\/media\/2649"}],"wp:attachment":[{"href":"https:\/\/transamerica93.com.br\/home\/wp-json\/wp\/v2\/media?parent=2648"}],"wp:term":[{"taxonomy":"category","embeddable":true,"href":"https:\/\/transamerica93.com.br\/home\/wp-json\/wp\/v2\/categories?post=2648"},{"taxonomy":"post_tag","embeddable":true,"href":"https:\/\/transamerica93.com.br\/home\/wp-json\/wp\/v2\/tags?post=2648"}],"curies":[{"name":"wp","href":"https:\/\/api.w.org\/{rel}","templated":true}]}}