{"id":2660,"date":"2024-03-28T15:00:04","date_gmt":"2024-03-28T18:00:04","guid":{"rendered":"https:\/\/transamerica93.com.br\/home\/?p=2660"},"modified":"2024-03-25T11:45:45","modified_gmt":"2024-03-25T14:45:45","slug":"anitta-revela-em-live-o-destino-de-feat-com-sam-smith","status":"publish","type":"post","link":"https:\/\/transamerica93.com.br\/home\/anitta-revela-em-live-o-destino-de-feat-com-sam-smith\/","title":{"rendered":"Anitta revela em live o destino de feat com Sam Smith"},"content":{"rendered":"<h6 class=\"Assina\">Por Reda\u00e7\u00e3o C2<\/h6>\n<p>Anitta anunciou a retomada de sua colabora\u00e7\u00e3o musical com o cantor ingl\u00eas Sam Smith, quase um m\u00eas ap\u00f3s ter revelado aos f\u00e3s que o brit\u00e2nico havia desistido do feat.<\/p>\n<p>Durante uma live, a cantora confirmou que a m\u00fasica gravada com o artista brit\u00e2nico, intitulada <i>Ai<\/i>, estar\u00e1 presente em seu novo \u00e1lbum\u00a0<i>Funk Generation<\/i>, a ser lan\u00e7ado em 26 de abril. Essa nova colabora\u00e7\u00e3o substitui a parceria anteriormente cancelada chamada\u00a0<i>I Wanna Be<\/i>.<\/p>\n<p>Apesar da boa not\u00edcia, o novo \u00e1lbum da carioca ter\u00e1 uma baixa. A m\u00fasica\u00a0<i>Girl Like Me<\/i>, feita em colabora\u00e7\u00e3o com Chl\u00f6e, n\u00e3o estar\u00e1 no \u00e1lbum.<\/p>\n<p>O\u00a0<b>Estad\u00e3o<\/b>\u00a0entrou em contato com a assessoria da Anitta que confirmou a retirada do hit de\u00a0<i>Funk Generation<\/i>. &#8220;A m\u00fasica em quest\u00e3o teve de sair do \u00e1lbum por quest\u00f5es burocr\u00e1ticas &#8211; o que, infelizmente, costuma acontecer&#8221;, informou a equipe. Durante a live, Anitta falou que\u00a0<i>Girl Like Me\u00a0<\/i>j\u00e1 est\u00e1 gravada e j\u00e1 tem, inclusive, um clipe. &#8220;Estamos lutando muito para dar tudo certo. Quem sabe j\u00e1 para uma [vers\u00e3o] deluxe&#8221;, disse a cantora.<\/p>\n<p><i>Funk Generation<\/i>\u00a0celebra as ra\u00edzes da cantora no funk carioca. O \u00e1lbum promete ser uma mistura de ingl\u00eas, espanhol e portugu\u00eas, incluindo 15 m\u00fasicas, dentre elas a j\u00e1 lan\u00e7ada\u00a0<i>Joga Pra Lua<\/i>, em parceria com Dennis e Pedro Sampaio, e Double Team, com Bad Gyal e Brray.<\/p>\n","protected":false},"excerpt":{"rendered":"<p>Por Reda\u00e7\u00e3o C2 Anitta anunciou a retomada de sua colabora\u00e7\u00e3o musical com o cantor ingl\u00eas Sam Smith, quase um m\u00eas ap\u00f3s ter revelado aos f\u00e3s que o brit\u00e2nico havia desistido do feat. Durante uma live, a cantora confirmou que a m\u00fasica gravada com o artista brit\u00e2nico, intitulada Ai, estar\u00e1 presente em seu novo \u00e1lbum\u00a0Funk Generation, &hellip;<\/p>\n","protected":false},"author":1,"featured_media":2661,"comment_status":"closed","ping_status":"closed","sticky":false,"template":"","format":"standard","meta":{"footnotes":""},"categories":[25],"tags":[],"class_list":["post-2660","post","type-post","status-publish","format-standard","has-post-thumbnail","hentry","category-musica"],"yoast_head":"<!-- This site is optimized with the Yoast SEO plugin v27.4 - https:\/\/yoast.com\/product\/yoast-seo-wordpress\/ -->\n<title>Anitta revela em live o destino de feat com Sam Smith - Transam\u00e9rica Mococa 93,3<\/title>\n<meta name=\"robots\" content=\"index, follow, max-snippet:-1, max-image-preview:large, max-video-preview:-1\" \/>\n<link rel=\"canonical\" href=\"https:\/\/transamerica93.com.br\/home\/anitta-revela-em-live-o-destino-de-feat-com-sam-smith\/\" \/>\n<meta property=\"og:locale\" content=\"pt_BR\" \/>\n<meta property=\"og:type\" content=\"article\" \/>\n<meta property=\"og:title\" content=\"Anitta revela em live o destino de feat com Sam Smith - Transam\u00e9rica Mococa 93,3\" \/>\n<meta property=\"og:description\" content=\"Por Reda\u00e7\u00e3o C2 Anitta anunciou a retomada de sua colabora\u00e7\u00e3o musical com o cantor ingl\u00eas Sam Smith, quase um m\u00eas ap\u00f3s ter revelado aos f\u00e3s que o brit\u00e2nico havia desistido do feat. Durante uma live, a cantora confirmou que a m\u00fasica gravada com o artista brit\u00e2nico, intitulada Ai, estar\u00e1 presente em seu novo \u00e1lbum\u00a0Funk Generation, &hellip;\" \/>\n<meta property=\"og:url\" content=\"https:\/\/transamerica93.com.br\/home\/anitta-revela-em-live-o-destino-de-feat-com-sam-smith\/\" \/>\n<meta property=\"og:site_name\" content=\"Transam\u00e9rica Mococa 93,3\" \/>\n<meta property=\"article:publisher\" content=\"https:\/\/www.facebook.com\/transamericamococa\" \/>\n<meta property=\"article:published_time\" content=\"2024-03-28T18:00:04+00:00\" \/>\n<meta property=\"og:image\" content=\"https:\/\/transamerica93.com.br\/home\/wp-content\/uploads\/2024\/03\/imagem-21.jpg\" \/>\n\t<meta property=\"og:image:width\" content=\"713\" \/>\n\t<meta property=\"og:image:height\" content=\"500\" \/>\n\t<meta property=\"og:image:type\" content=\"image\/jpeg\" \/>\n<meta name=\"author\" content=\"Reda\u00e7\u00e3o\" \/>\n<meta name=\"twitter:card\" content=\"summary_large_image\" \/>\n<meta name=\"twitter:creator\" content=\"@transamerica933\" \/>\n<meta name=\"twitter:site\" content=\"@transamerica933\" \/>\n<meta name=\"twitter:label1\" content=\"Escrito por\" \/>\n\t<meta name=\"twitter:data1\" content=\"Reda\u00e7\u00e3o\" \/>\n\t<meta name=\"twitter:label2\" content=\"Est. tempo de leitura\" \/>\n\t<meta name=\"twitter:data2\" content=\"2 minutos\" \/>\n<script type=\"application\/ld+json\" class=\"yoast-schema-graph\">{\"@context\":\"https:\\\/\\\/schema.org\",\"@graph\":[{\"@type\":\"Article\",\"@id\":\"https:\\\/\\\/transamerica93.com.br\\\/home\\\/anitta-revela-em-live-o-destino-de-feat-com-sam-smith\\\/#article\",\"isPartOf\":{\"@id\":\"https:\\\/\\\/transamerica93.com.br\\\/home\\\/anitta-revela-em-live-o-destino-de-feat-com-sam-smith\\\/\"},\"author\":{\"name\":\"Reda\u00e7\u00e3o\",\"@id\":\"https:\\\/\\\/transamerica93.com.br\\\/home\\\/#\\\/schema\\\/person\\\/7fed7c99c0d4562efa8561bc0f543172\"},\"headline\":\"Anitta revela em live o destino de feat com Sam Smith\",\"datePublished\":\"2024-03-28T18:00:04+00:00\",\"mainEntityOfPage\":{\"@id\":\"https:\\\/\\\/transamerica93.com.br\\\/home\\\/anitta-revela-em-live-o-destino-de-feat-com-sam-smith\\\/\"},\"wordCount\":259,\"publisher\":{\"@id\":\"https:\\\/\\\/transamerica93.com.br\\\/home\\\/#organization\"},\"image\":{\"@id\":\"https:\\\/\\\/transamerica93.com.br\\\/home\\\/anitta-revela-em-live-o-destino-de-feat-com-sam-smith\\\/#primaryimage\"},\"thumbnailUrl\":\"https:\\\/\\\/transamerica93.com.br\\\/home\\\/wp-content\\\/uploads\\\/2024\\\/03\\\/imagem-21.jpg\",\"articleSection\":[\"M\u00fasica\"],\"inLanguage\":\"pt-BR\"},{\"@type\":\"WebPage\",\"@id\":\"https:\\\/\\\/transamerica93.com.br\\\/home\\\/anitta-revela-em-live-o-destino-de-feat-com-sam-smith\\\/\",\"url\":\"https:\\\/\\\/transamerica93.com.br\\\/home\\\/anitta-revela-em-live-o-destino-de-feat-com-sam-smith\\\/\",\"name\":\"Anitta revela em live o destino de feat com Sam Smith - Transam\u00e9rica Mococa 93,3\",\"isPartOf\":{\"@id\":\"https:\\\/\\\/transamerica93.com.br\\\/home\\\/#website\"},\"primaryImageOfPage\":{\"@id\":\"https:\\\/\\\/transamerica93.com.br\\\/home\\\/anitta-revela-em-live-o-destino-de-feat-com-sam-smith\\\/#primaryimage\"},\"image\":{\"@id\":\"https:\\\/\\\/transamerica93.com.br\\\/home\\\/anitta-revela-em-live-o-destino-de-feat-com-sam-smith\\\/#primaryimage\"},\"thumbnailUrl\":\"https:\\\/\\\/transamerica93.com.br\\\/home\\\/wp-content\\\/uploads\\\/2024\\\/03\\\/imagem-21.jpg\",\"datePublished\":\"2024-03-28T18:00:04+00:00\",\"breadcrumb\":{\"@id\":\"https:\\\/\\\/transamerica93.com.br\\\/home\\\/anitta-revela-em-live-o-destino-de-feat-com-sam-smith\\\/#breadcrumb\"},\"inLanguage\":\"pt-BR\",\"potentialAction\":[{\"@type\":\"ReadAction\",\"target\":[\"https:\\\/\\\/transamerica93.com.br\\\/home\\\/anitta-revela-em-live-o-destino-de-feat-com-sam-smith\\\/\"]}]},{\"@type\":\"ImageObject\",\"inLanguage\":\"pt-BR\",\"@id\":\"https:\\\/\\\/transamerica93.com.br\\\/home\\\/anitta-revela-em-live-o-destino-de-feat-com-sam-smith\\\/#primaryimage\",\"url\":\"https:\\\/\\\/transamerica93.com.br\\\/home\\\/wp-content\\\/uploads\\\/2024\\\/03\\\/imagem-21.jpg\",\"contentUrl\":\"https:\\\/\\\/transamerica93.com.br\\\/home\\\/wp-content\\\/uploads\\\/2024\\\/03\\\/imagem-21.jpg\",\"width\":713,\"height\":500,\"caption\":\"Foto: Instagram @anitta\"},{\"@type\":\"BreadcrumbList\",\"@id\":\"https:\\\/\\\/transamerica93.com.br\\\/home\\\/anitta-revela-em-live-o-destino-de-feat-com-sam-smith\\\/#breadcrumb\",\"itemListElement\":[{\"@type\":\"ListItem\",\"position\":1,\"name\":\"In\u00edcio\",\"item\":\"https:\\\/\\\/transamerica93.com.br\\\/home\\\/\"},{\"@type\":\"ListItem\",\"position\":2,\"name\":\"Anitta revela em live o destino de feat com Sam Smith\"}]},{\"@type\":\"WebSite\",\"@id\":\"https:\\\/\\\/transamerica93.com.br\\\/home\\\/#website\",\"url\":\"https:\\\/\\\/transamerica93.com.br\\\/home\\\/\",\"name\":\"Transam\u00e9rica Mococa 93,3\",\"description\":\"\",\"publisher\":{\"@id\":\"https:\\\/\\\/transamerica93.com.br\\\/home\\\/#organization\"},\"potentialAction\":[{\"@type\":\"SearchAction\",\"target\":{\"@type\":\"EntryPoint\",\"urlTemplate\":\"https:\\\/\\\/transamerica93.com.br\\\/home\\\/?s={search_term_string}\"},\"query-input\":{\"@type\":\"PropertyValueSpecification\",\"valueRequired\":true,\"valueName\":\"search_term_string\"}}],\"inLanguage\":\"pt-BR\"},{\"@type\":\"Organization\",\"@id\":\"https:\\\/\\\/transamerica93.com.br\\\/home\\\/#organization\",\"name\":\"Transam\u00e9rica Mococa 93,3\",\"url\":\"https:\\\/\\\/transamerica93.com.br\\\/home\\\/\",\"logo\":{\"@type\":\"ImageObject\",\"inLanguage\":\"pt-BR\",\"@id\":\"https:\\\/\\\/transamerica93.com.br\\\/home\\\/#\\\/schema\\\/logo\\\/image\\\/\",\"url\":\"https:\\\/\\\/transamerica93.com.br\\\/home\\\/wp-content\\\/uploads\\\/2023\\\/10\\\/logo2.png\",\"contentUrl\":\"https:\\\/\\\/transamerica93.com.br\\\/home\\\/wp-content\\\/uploads\\\/2023\\\/10\\\/logo2.png\",\"width\":800,\"height\":500,\"caption\":\"Transam\u00e9rica Mococa 93,3\"},\"image\":{\"@id\":\"https:\\\/\\\/transamerica93.com.br\\\/home\\\/#\\\/schema\\\/logo\\\/image\\\/\"},\"sameAs\":[\"https:\\\/\\\/www.facebook.com\\\/transamericamococa\",\"https:\\\/\\\/x.com\\\/transamerica933\",\"https:\\\/\\\/www.instagram.com\\\/transamericamococa\"]},{\"@type\":\"Person\",\"@id\":\"https:\\\/\\\/transamerica93.com.br\\\/home\\\/#\\\/schema\\\/person\\\/7fed7c99c0d4562efa8561bc0f543172\",\"name\":\"Reda\u00e7\u00e3o\",\"image\":{\"@type\":\"ImageObject\",\"inLanguage\":\"pt-BR\",\"@id\":\"https:\\\/\\\/secure.gravatar.com\\\/avatar\\\/1072c6b775fb02ef8506ce967551d95926669a6b7d2c2147b42eea4d7c68395e?s=96&d=mm&r=g\",\"url\":\"https:\\\/\\\/secure.gravatar.com\\\/avatar\\\/1072c6b775fb02ef8506ce967551d95926669a6b7d2c2147b42eea4d7c68395e?s=96&d=mm&r=g\",\"contentUrl\":\"https:\\\/\\\/secure.gravatar.com\\\/avatar\\\/1072c6b775fb02ef8506ce967551d95926669a6b7d2c2147b42eea4d7c68395e?s=96&d=mm&r=g\",\"caption\":\"Reda\u00e7\u00e3o\"},\"sameAs\":[\"https:\\\/\\\/transamerica93.com.br\\\/home\"],\"url\":\"https:\\\/\\\/transamerica93.com.br\\\/home\\\/author\\\/william\\\/\"}]}<\/script>\n<!-- \/ Yoast SEO plugin. -->","yoast_head_json":{"title":"Anitta revela em live o destino de feat com Sam Smith - Transam\u00e9rica Mococa 93,3","robots":{"index":"index","follow":"follow","max-snippet":"max-snippet:-1","max-image-preview":"max-image-preview:large","max-video-preview":"max-video-preview:-1"},"canonical":"https:\/\/transamerica93.com.br\/home\/anitta-revela-em-live-o-destino-de-feat-com-sam-smith\/","og_locale":"pt_BR","og_type":"article","og_title":"Anitta revela em live o destino de feat com Sam Smith - Transam\u00e9rica Mococa 93,3","og_description":"Por Reda\u00e7\u00e3o C2 Anitta anunciou a retomada de sua colabora\u00e7\u00e3o musical com o cantor ingl\u00eas Sam Smith, quase um m\u00eas ap\u00f3s ter revelado aos f\u00e3s que o brit\u00e2nico havia desistido do feat. Durante uma live, a cantora confirmou que a m\u00fasica gravada com o artista brit\u00e2nico, intitulada Ai, estar\u00e1 presente em seu novo \u00e1lbum\u00a0Funk Generation, &hellip;","og_url":"https:\/\/transamerica93.com.br\/home\/anitta-revela-em-live-o-destino-de-feat-com-sam-smith\/","og_site_name":"Transam\u00e9rica Mococa 93,3","article_publisher":"https:\/\/www.facebook.com\/transamericamococa","article_published_time":"2024-03-28T18:00:04+00:00","og_image":[{"width":713,"height":500,"url":"https:\/\/transamerica93.com.br\/home\/wp-content\/uploads\/2024\/03\/imagem-21.jpg","type":"image\/jpeg"}],"author":"Reda\u00e7\u00e3o","twitter_card":"summary_large_image","twitter_creator":"@transamerica933","twitter_site":"@transamerica933","twitter_misc":{"Escrito por":"Reda\u00e7\u00e3o","Est. tempo de leitura":"2 minutos"},"schema":{"@context":"https:\/\/schema.org","@graph":[{"@type":"Article","@id":"https:\/\/transamerica93.com.br\/home\/anitta-revela-em-live-o-destino-de-feat-com-sam-smith\/#article","isPartOf":{"@id":"https:\/\/transamerica93.com.br\/home\/anitta-revela-em-live-o-destino-de-feat-com-sam-smith\/"},"author":{"name":"Reda\u00e7\u00e3o","@id":"https:\/\/transamerica93.com.br\/home\/#\/schema\/person\/7fed7c99c0d4562efa8561bc0f543172"},"headline":"Anitta revela em live o destino de feat com Sam Smith","datePublished":"2024-03-28T18:00:04+00:00","mainEntityOfPage":{"@id":"https:\/\/transamerica93.com.br\/home\/anitta-revela-em-live-o-destino-de-feat-com-sam-smith\/"},"wordCount":259,"publisher":{"@id":"https:\/\/transamerica93.com.br\/home\/#organization"},"image":{"@id":"https:\/\/transamerica93.com.br\/home\/anitta-revela-em-live-o-destino-de-feat-com-sam-smith\/#primaryimage"},"thumbnailUrl":"https:\/\/transamerica93.com.br\/home\/wp-content\/uploads\/2024\/03\/imagem-21.jpg","articleSection":["M\u00fasica"],"inLanguage":"pt-BR"},{"@type":"WebPage","@id":"https:\/\/transamerica93.com.br\/home\/anitta-revela-em-live-o-destino-de-feat-com-sam-smith\/","url":"https:\/\/transamerica93.com.br\/home\/anitta-revela-em-live-o-destino-de-feat-com-sam-smith\/","name":"Anitta revela em live o destino de feat com Sam Smith - Transam\u00e9rica Mococa 93,3","isPartOf":{"@id":"https:\/\/transamerica93.com.br\/home\/#website"},"primaryImageOfPage":{"@id":"https:\/\/transamerica93.com.br\/home\/anitta-revela-em-live-o-destino-de-feat-com-sam-smith\/#primaryimage"},"image":{"@id":"https:\/\/transamerica93.com.br\/home\/anitta-revela-em-live-o-destino-de-feat-com-sam-smith\/#primaryimage"},"thumbnailUrl":"https:\/\/transamerica93.com.br\/home\/wp-content\/uploads\/2024\/03\/imagem-21.jpg","datePublished":"2024-03-28T18:00:04+00:00","breadcrumb":{"@id":"https:\/\/transamerica93.com.br\/home\/anitta-revela-em-live-o-destino-de-feat-com-sam-smith\/#breadcrumb"},"inLanguage":"pt-BR","potentialAction":[{"@type":"ReadAction","target":["https:\/\/transamerica93.com.br\/home\/anitta-revela-em-live-o-destino-de-feat-com-sam-smith\/"]}]},{"@type":"ImageObject","inLanguage":"pt-BR","@id":"https:\/\/transamerica93.com.br\/home\/anitta-revela-em-live-o-destino-de-feat-com-sam-smith\/#primaryimage","url":"https:\/\/transamerica93.com.br\/home\/wp-content\/uploads\/2024\/03\/imagem-21.jpg","contentUrl":"https:\/\/transamerica93.com.br\/home\/wp-content\/uploads\/2024\/03\/imagem-21.jpg","width":713,"height":500,"caption":"Foto: Instagram @anitta"},{"@type":"BreadcrumbList","@id":"https:\/\/transamerica93.com.br\/home\/anitta-revela-em-live-o-destino-de-feat-com-sam-smith\/#breadcrumb","itemListElement":[{"@type":"ListItem","position":1,"name":"In\u00edcio","item":"https:\/\/transamerica93.com.br\/home\/"},{"@type":"ListItem","position":2,"name":"Anitta revela em live o destino de feat com Sam Smith"}]},{"@type":"WebSite","@id":"https:\/\/transamerica93.com.br\/home\/#website","url":"https:\/\/transamerica93.com.br\/home\/","name":"Transam\u00e9rica Mococa 93,3","description":"","publisher":{"@id":"https:\/\/transamerica93.com.br\/home\/#organization"},"potentialAction":[{"@type":"SearchAction","target":{"@type":"EntryPoint","urlTemplate":"https:\/\/transamerica93.com.br\/home\/?s={search_term_string}"},"query-input":{"@type":"PropertyValueSpecification","valueRequired":true,"valueName":"search_term_string"}}],"inLanguage":"pt-BR"},{"@type":"Organization","@id":"https:\/\/transamerica93.com.br\/home\/#organization","name":"Transam\u00e9rica Mococa 93,3","url":"https:\/\/transamerica93.com.br\/home\/","logo":{"@type":"ImageObject","inLanguage":"pt-BR","@id":"https:\/\/transamerica93.com.br\/home\/#\/schema\/logo\/image\/","url":"https:\/\/transamerica93.com.br\/home\/wp-content\/uploads\/2023\/10\/logo2.png","contentUrl":"https:\/\/transamerica93.com.br\/home\/wp-content\/uploads\/2023\/10\/logo2.png","width":800,"height":500,"caption":"Transam\u00e9rica Mococa 93,3"},"image":{"@id":"https:\/\/transamerica93.com.br\/home\/#\/schema\/logo\/image\/"},"sameAs":["https:\/\/www.facebook.com\/transamericamococa","https:\/\/x.com\/transamerica933","https:\/\/www.instagram.com\/transamericamococa"]},{"@type":"Person","@id":"https:\/\/transamerica93.com.br\/home\/#\/schema\/person\/7fed7c99c0d4562efa8561bc0f543172","name":"Reda\u00e7\u00e3o","image":{"@type":"ImageObject","inLanguage":"pt-BR","@id":"https:\/\/secure.gravatar.com\/avatar\/1072c6b775fb02ef8506ce967551d95926669a6b7d2c2147b42eea4d7c68395e?s=96&d=mm&r=g","url":"https:\/\/secure.gravatar.com\/avatar\/1072c6b775fb02ef8506ce967551d95926669a6b7d2c2147b42eea4d7c68395e?s=96&d=mm&r=g","contentUrl":"https:\/\/secure.gravatar.com\/avatar\/1072c6b775fb02ef8506ce967551d95926669a6b7d2c2147b42eea4d7c68395e?s=96&d=mm&r=g","caption":"Reda\u00e7\u00e3o"},"sameAs":["https:\/\/transamerica93.com.br\/home"],"url":"https:\/\/transamerica93.com.br\/home\/author\/william\/"}]}},"_links":{"self":[{"href":"https:\/\/transamerica93.com.br\/home\/wp-json\/wp\/v2\/posts\/2660","targetHints":{"allow":["GET"]}}],"collection":[{"href":"https:\/\/transamerica93.com.br\/home\/wp-json\/wp\/v2\/posts"}],"about":[{"href":"https:\/\/transamerica93.com.br\/home\/wp-json\/wp\/v2\/types\/post"}],"author":[{"embeddable":true,"href":"https:\/\/transamerica93.com.br\/home\/wp-json\/wp\/v2\/users\/1"}],"replies":[{"embeddable":true,"href":"https:\/\/transamerica93.com.br\/home\/wp-json\/wp\/v2\/comments?post=2660"}],"version-history":[{"count":1,"href":"https:\/\/transamerica93.com.br\/home\/wp-json\/wp\/v2\/posts\/2660\/revisions"}],"predecessor-version":[{"id":2662,"href":"https:\/\/transamerica93.com.br\/home\/wp-json\/wp\/v2\/posts\/2660\/revisions\/2662"}],"wp:featuredmedia":[{"embeddable":true,"href":"https:\/\/transamerica93.com.br\/home\/wp-json\/wp\/v2\/media\/2661"}],"wp:attachment":[{"href":"https:\/\/transamerica93.com.br\/home\/wp-json\/wp\/v2\/media?parent=2660"}],"wp:term":[{"taxonomy":"category","embeddable":true,"href":"https:\/\/transamerica93.com.br\/home\/wp-json\/wp\/v2\/categories?post=2660"},{"taxonomy":"post_tag","embeddable":true,"href":"https:\/\/transamerica93.com.br\/home\/wp-json\/wp\/v2\/tags?post=2660"}],"curies":[{"name":"wp","href":"https:\/\/api.w.org\/{rel}","templated":true}]}}