{"id":2670,"date":"2024-03-27T18:00:41","date_gmt":"2024-03-27T21:00:41","guid":{"rendered":"https:\/\/transamerica93.com.br\/home\/?p=2670"},"modified":"2024-03-25T11:55:00","modified_gmt":"2024-03-25T14:55:00","slug":"isis-valverde-desabafa-sobre-doenca-celiaca-fala-em-anemia-e-depressao-e-faz-alerta","status":"publish","type":"post","link":"https:\/\/transamerica93.com.br\/home\/isis-valverde-desabafa-sobre-doenca-celiaca-fala-em-anemia-e-depressao-e-faz-alerta\/","title":{"rendered":"Isis Valverde desabafa sobre doen\u00e7a cel\u00edaca, fala em anemia e depress\u00e3o e faz alerta"},"content":{"rendered":"<p>Por Reda\u00e7\u00e3o E+<\/p>\n<p>Isis Valverde usou suas redes sociais para desabafar sobre sua rotina com doen\u00e7a cel\u00edaca, que faz com que o sistema imunol\u00f3gico reaja de forma anormal ao gl\u00faten. A atriz tamb\u00e9m alertou seus seguidores: &#8220;Se cuidem, mantenham seus exames em dia e, se desconfiarem que possam ter a doen\u00e7a, busquem ajuda de um profissional&#8221;, escreveu.<\/p>\n<p>Ela iniciou seu relato contando as dificuldades que passou desde que recebeu o diagn\u00f3stico. &#8220;N\u00e3o foi f\u00e1cil. N\u00e3o \u00e9 f\u00e1cil. Voc\u00ea se sente muito mal no in\u00edcio [&#8230;] J\u00e1 aconteceu de eu n\u00e3o poder ir para o set porque passei muito mal.&#8221;<\/p>\n<p>Isis contou que descobriu a doen\u00e7a aos 19 anos &#8211; ela tem 37 hoje &#8211; e que passou por v\u00e1rios m\u00e9dicos at\u00e9 receber o diagn\u00f3stico correto. Seus sintomas eram cansa\u00e7o, queda de unha e cabelos, perda de peso, osteoporose, baixa absor\u00e7\u00e3o de nutrientes, pele seca, incha\u00e7o na barriga e dor abdominal.<\/p>\n<p>&#8220;Foi muito barra pesada no in\u00edcio. A doen\u00e7a cel\u00edaca n\u00e3o era algo muito comum. N\u00e3o tinha muitas op\u00e7\u00f5es sem gl\u00faten&#8221;, contou.<\/p>\n<p>A atriz tamb\u00e9m disse que ap\u00f3s o diagn\u00f3stico, sua vida melhorou muito. Ela revelou que havia ficado an\u00eamica e muito deprimida, mas que ap\u00f3s entender sua doen\u00e7a, seu \u00e2nimo e vontade de praticar exerc\u00edcios f\u00edsicos voltaram.<\/p>\n","protected":false},"excerpt":{"rendered":"<p>Por Reda\u00e7\u00e3o E+ Isis Valverde usou suas redes sociais para desabafar sobre sua rotina com doen\u00e7a cel\u00edaca, que faz com que o sistema imunol\u00f3gico reaja de forma anormal ao gl\u00faten. A atriz tamb\u00e9m alertou seus seguidores: &#8220;Se cuidem, mantenham seus exames em dia e, se desconfiarem que possam ter a doen\u00e7a, busquem ajuda de um &hellip;<\/p>\n","protected":false},"author":1,"featured_media":2671,"comment_status":"closed","ping_status":"closed","sticky":false,"template":"","format":"standard","meta":{"footnotes":""},"categories":[24],"tags":[],"class_list":["post-2670","post","type-post","status-publish","format-standard","has-post-thumbnail","hentry","category-entretenimento"],"yoast_head":"<!-- This site is optimized with the Yoast SEO plugin v27.4 - https:\/\/yoast.com\/product\/yoast-seo-wordpress\/ -->\n<title>Isis Valverde desabafa sobre doen\u00e7a cel\u00edaca, fala em anemia e depress\u00e3o e faz alerta - Transam\u00e9rica Mococa 93,3<\/title>\n<meta name=\"robots\" content=\"index, follow, max-snippet:-1, max-image-preview:large, max-video-preview:-1\" \/>\n<link rel=\"canonical\" href=\"https:\/\/transamerica93.com.br\/home\/isis-valverde-desabafa-sobre-doenca-celiaca-fala-em-anemia-e-depressao-e-faz-alerta\/\" \/>\n<meta property=\"og:locale\" content=\"pt_BR\" \/>\n<meta property=\"og:type\" content=\"article\" \/>\n<meta property=\"og:title\" content=\"Isis Valverde desabafa sobre doen\u00e7a cel\u00edaca, fala em anemia e depress\u00e3o e faz alerta - Transam\u00e9rica Mococa 93,3\" \/>\n<meta property=\"og:description\" content=\"Por Reda\u00e7\u00e3o E+ Isis Valverde usou suas redes sociais para desabafar sobre sua rotina com doen\u00e7a cel\u00edaca, que faz com que o sistema imunol\u00f3gico reaja de forma anormal ao gl\u00faten. A atriz tamb\u00e9m alertou seus seguidores: &#8220;Se cuidem, mantenham seus exames em dia e, se desconfiarem que possam ter a doen\u00e7a, busquem ajuda de um &hellip;\" \/>\n<meta property=\"og:url\" content=\"https:\/\/transamerica93.com.br\/home\/isis-valverde-desabafa-sobre-doenca-celiaca-fala-em-anemia-e-depressao-e-faz-alerta\/\" \/>\n<meta property=\"og:site_name\" content=\"Transam\u00e9rica Mococa 93,3\" \/>\n<meta property=\"article:publisher\" content=\"https:\/\/www.facebook.com\/transamericamococa\" \/>\n<meta property=\"article:published_time\" content=\"2024-03-27T21:00:41+00:00\" \/>\n<meta property=\"og:image\" content=\"https:\/\/transamerica93.com.br\/home\/wp-content\/uploads\/2024\/03\/imagem-24.jpg\" \/>\n\t<meta property=\"og:image:width\" content=\"731\" \/>\n\t<meta property=\"og:image:height\" content=\"473\" \/>\n\t<meta property=\"og:image:type\" content=\"image\/jpeg\" \/>\n<meta name=\"author\" content=\"Reda\u00e7\u00e3o\" \/>\n<meta name=\"twitter:card\" content=\"summary_large_image\" \/>\n<meta name=\"twitter:creator\" content=\"@transamerica933\" \/>\n<meta name=\"twitter:site\" content=\"@transamerica933\" \/>\n<meta name=\"twitter:label1\" content=\"Escrito por\" \/>\n\t<meta name=\"twitter:data1\" content=\"Reda\u00e7\u00e3o\" \/>\n\t<meta name=\"twitter:label2\" content=\"Est. tempo de leitura\" \/>\n\t<meta name=\"twitter:data2\" content=\"2 minutos\" \/>\n<script type=\"application\/ld+json\" class=\"yoast-schema-graph\">{\"@context\":\"https:\\\/\\\/schema.org\",\"@graph\":[{\"@type\":\"Article\",\"@id\":\"https:\\\/\\\/transamerica93.com.br\\\/home\\\/isis-valverde-desabafa-sobre-doenca-celiaca-fala-em-anemia-e-depressao-e-faz-alerta\\\/#article\",\"isPartOf\":{\"@id\":\"https:\\\/\\\/transamerica93.com.br\\\/home\\\/isis-valverde-desabafa-sobre-doenca-celiaca-fala-em-anemia-e-depressao-e-faz-alerta\\\/\"},\"author\":{\"name\":\"Reda\u00e7\u00e3o\",\"@id\":\"https:\\\/\\\/transamerica93.com.br\\\/home\\\/#\\\/schema\\\/person\\\/7fed7c99c0d4562efa8561bc0f543172\"},\"headline\":\"Isis Valverde desabafa sobre doen\u00e7a cel\u00edaca, fala em anemia e depress\u00e3o e faz alerta\",\"datePublished\":\"2024-03-27T21:00:41+00:00\",\"mainEntityOfPage\":{\"@id\":\"https:\\\/\\\/transamerica93.com.br\\\/home\\\/isis-valverde-desabafa-sobre-doenca-celiaca-fala-em-anemia-e-depressao-e-faz-alerta\\\/\"},\"wordCount\":256,\"publisher\":{\"@id\":\"https:\\\/\\\/transamerica93.com.br\\\/home\\\/#organization\"},\"image\":{\"@id\":\"https:\\\/\\\/transamerica93.com.br\\\/home\\\/isis-valverde-desabafa-sobre-doenca-celiaca-fala-em-anemia-e-depressao-e-faz-alerta\\\/#primaryimage\"},\"thumbnailUrl\":\"https:\\\/\\\/transamerica93.com.br\\\/home\\\/wp-content\\\/uploads\\\/2024\\\/03\\\/imagem-24.jpg\",\"articleSection\":[\"Entretenimento\"],\"inLanguage\":\"pt-BR\"},{\"@type\":\"WebPage\",\"@id\":\"https:\\\/\\\/transamerica93.com.br\\\/home\\\/isis-valverde-desabafa-sobre-doenca-celiaca-fala-em-anemia-e-depressao-e-faz-alerta\\\/\",\"url\":\"https:\\\/\\\/transamerica93.com.br\\\/home\\\/isis-valverde-desabafa-sobre-doenca-celiaca-fala-em-anemia-e-depressao-e-faz-alerta\\\/\",\"name\":\"Isis Valverde desabafa sobre doen\u00e7a cel\u00edaca, fala em anemia e depress\u00e3o e faz alerta - Transam\u00e9rica Mococa 93,3\",\"isPartOf\":{\"@id\":\"https:\\\/\\\/transamerica93.com.br\\\/home\\\/#website\"},\"primaryImageOfPage\":{\"@id\":\"https:\\\/\\\/transamerica93.com.br\\\/home\\\/isis-valverde-desabafa-sobre-doenca-celiaca-fala-em-anemia-e-depressao-e-faz-alerta\\\/#primaryimage\"},\"image\":{\"@id\":\"https:\\\/\\\/transamerica93.com.br\\\/home\\\/isis-valverde-desabafa-sobre-doenca-celiaca-fala-em-anemia-e-depressao-e-faz-alerta\\\/#primaryimage\"},\"thumbnailUrl\":\"https:\\\/\\\/transamerica93.com.br\\\/home\\\/wp-content\\\/uploads\\\/2024\\\/03\\\/imagem-24.jpg\",\"datePublished\":\"2024-03-27T21:00:41+00:00\",\"breadcrumb\":{\"@id\":\"https:\\\/\\\/transamerica93.com.br\\\/home\\\/isis-valverde-desabafa-sobre-doenca-celiaca-fala-em-anemia-e-depressao-e-faz-alerta\\\/#breadcrumb\"},\"inLanguage\":\"pt-BR\",\"potentialAction\":[{\"@type\":\"ReadAction\",\"target\":[\"https:\\\/\\\/transamerica93.com.br\\\/home\\\/isis-valverde-desabafa-sobre-doenca-celiaca-fala-em-anemia-e-depressao-e-faz-alerta\\\/\"]}]},{\"@type\":\"ImageObject\",\"inLanguage\":\"pt-BR\",\"@id\":\"https:\\\/\\\/transamerica93.com.br\\\/home\\\/isis-valverde-desabafa-sobre-doenca-celiaca-fala-em-anemia-e-depressao-e-faz-alerta\\\/#primaryimage\",\"url\":\"https:\\\/\\\/transamerica93.com.br\\\/home\\\/wp-content\\\/uploads\\\/2024\\\/03\\\/imagem-24.jpg\",\"contentUrl\":\"https:\\\/\\\/transamerica93.com.br\\\/home\\\/wp-content\\\/uploads\\\/2024\\\/03\\\/imagem-24.jpg\",\"width\":731,\"height\":473,\"caption\":\"Foto: Instagram @isisvalverde\"},{\"@type\":\"BreadcrumbList\",\"@id\":\"https:\\\/\\\/transamerica93.com.br\\\/home\\\/isis-valverde-desabafa-sobre-doenca-celiaca-fala-em-anemia-e-depressao-e-faz-alerta\\\/#breadcrumb\",\"itemListElement\":[{\"@type\":\"ListItem\",\"position\":1,\"name\":\"In\u00edcio\",\"item\":\"https:\\\/\\\/transamerica93.com.br\\\/home\\\/\"},{\"@type\":\"ListItem\",\"position\":2,\"name\":\"Isis Valverde desabafa sobre doen\u00e7a cel\u00edaca, fala em anemia e depress\u00e3o e faz alerta\"}]},{\"@type\":\"WebSite\",\"@id\":\"https:\\\/\\\/transamerica93.com.br\\\/home\\\/#website\",\"url\":\"https:\\\/\\\/transamerica93.com.br\\\/home\\\/\",\"name\":\"Transam\u00e9rica Mococa 93,3\",\"description\":\"\",\"publisher\":{\"@id\":\"https:\\\/\\\/transamerica93.com.br\\\/home\\\/#organization\"},\"potentialAction\":[{\"@type\":\"SearchAction\",\"target\":{\"@type\":\"EntryPoint\",\"urlTemplate\":\"https:\\\/\\\/transamerica93.com.br\\\/home\\\/?s={search_term_string}\"},\"query-input\":{\"@type\":\"PropertyValueSpecification\",\"valueRequired\":true,\"valueName\":\"search_term_string\"}}],\"inLanguage\":\"pt-BR\"},{\"@type\":\"Organization\",\"@id\":\"https:\\\/\\\/transamerica93.com.br\\\/home\\\/#organization\",\"name\":\"Transam\u00e9rica Mococa 93,3\",\"url\":\"https:\\\/\\\/transamerica93.com.br\\\/home\\\/\",\"logo\":{\"@type\":\"ImageObject\",\"inLanguage\":\"pt-BR\",\"@id\":\"https:\\\/\\\/transamerica93.com.br\\\/home\\\/#\\\/schema\\\/logo\\\/image\\\/\",\"url\":\"https:\\\/\\\/transamerica93.com.br\\\/home\\\/wp-content\\\/uploads\\\/2023\\\/10\\\/logo2.png\",\"contentUrl\":\"https:\\\/\\\/transamerica93.com.br\\\/home\\\/wp-content\\\/uploads\\\/2023\\\/10\\\/logo2.png\",\"width\":800,\"height\":500,\"caption\":\"Transam\u00e9rica Mococa 93,3\"},\"image\":{\"@id\":\"https:\\\/\\\/transamerica93.com.br\\\/home\\\/#\\\/schema\\\/logo\\\/image\\\/\"},\"sameAs\":[\"https:\\\/\\\/www.facebook.com\\\/transamericamococa\",\"https:\\\/\\\/x.com\\\/transamerica933\",\"https:\\\/\\\/www.instagram.com\\\/transamericamococa\"]},{\"@type\":\"Person\",\"@id\":\"https:\\\/\\\/transamerica93.com.br\\\/home\\\/#\\\/schema\\\/person\\\/7fed7c99c0d4562efa8561bc0f543172\",\"name\":\"Reda\u00e7\u00e3o\",\"image\":{\"@type\":\"ImageObject\",\"inLanguage\":\"pt-BR\",\"@id\":\"https:\\\/\\\/secure.gravatar.com\\\/avatar\\\/1072c6b775fb02ef8506ce967551d95926669a6b7d2c2147b42eea4d7c68395e?s=96&d=mm&r=g\",\"url\":\"https:\\\/\\\/secure.gravatar.com\\\/avatar\\\/1072c6b775fb02ef8506ce967551d95926669a6b7d2c2147b42eea4d7c68395e?s=96&d=mm&r=g\",\"contentUrl\":\"https:\\\/\\\/secure.gravatar.com\\\/avatar\\\/1072c6b775fb02ef8506ce967551d95926669a6b7d2c2147b42eea4d7c68395e?s=96&d=mm&r=g\",\"caption\":\"Reda\u00e7\u00e3o\"},\"sameAs\":[\"https:\\\/\\\/transamerica93.com.br\\\/home\"],\"url\":\"https:\\\/\\\/transamerica93.com.br\\\/home\\\/author\\\/william\\\/\"}]}<\/script>\n<!-- \/ Yoast SEO plugin. -->","yoast_head_json":{"title":"Isis Valverde desabafa sobre doen\u00e7a cel\u00edaca, fala em anemia e depress\u00e3o e faz alerta - Transam\u00e9rica Mococa 93,3","robots":{"index":"index","follow":"follow","max-snippet":"max-snippet:-1","max-image-preview":"max-image-preview:large","max-video-preview":"max-video-preview:-1"},"canonical":"https:\/\/transamerica93.com.br\/home\/isis-valverde-desabafa-sobre-doenca-celiaca-fala-em-anemia-e-depressao-e-faz-alerta\/","og_locale":"pt_BR","og_type":"article","og_title":"Isis Valverde desabafa sobre doen\u00e7a cel\u00edaca, fala em anemia e depress\u00e3o e faz alerta - Transam\u00e9rica Mococa 93,3","og_description":"Por Reda\u00e7\u00e3o E+ Isis Valverde usou suas redes sociais para desabafar sobre sua rotina com doen\u00e7a cel\u00edaca, que faz com que o sistema imunol\u00f3gico reaja de forma anormal ao gl\u00faten. A atriz tamb\u00e9m alertou seus seguidores: &#8220;Se cuidem, mantenham seus exames em dia e, se desconfiarem que possam ter a doen\u00e7a, busquem ajuda de um &hellip;","og_url":"https:\/\/transamerica93.com.br\/home\/isis-valverde-desabafa-sobre-doenca-celiaca-fala-em-anemia-e-depressao-e-faz-alerta\/","og_site_name":"Transam\u00e9rica Mococa 93,3","article_publisher":"https:\/\/www.facebook.com\/transamericamococa","article_published_time":"2024-03-27T21:00:41+00:00","og_image":[{"width":731,"height":473,"url":"https:\/\/transamerica93.com.br\/home\/wp-content\/uploads\/2024\/03\/imagem-24.jpg","type":"image\/jpeg"}],"author":"Reda\u00e7\u00e3o","twitter_card":"summary_large_image","twitter_creator":"@transamerica933","twitter_site":"@transamerica933","twitter_misc":{"Escrito por":"Reda\u00e7\u00e3o","Est. tempo de leitura":"2 minutos"},"schema":{"@context":"https:\/\/schema.org","@graph":[{"@type":"Article","@id":"https:\/\/transamerica93.com.br\/home\/isis-valverde-desabafa-sobre-doenca-celiaca-fala-em-anemia-e-depressao-e-faz-alerta\/#article","isPartOf":{"@id":"https:\/\/transamerica93.com.br\/home\/isis-valverde-desabafa-sobre-doenca-celiaca-fala-em-anemia-e-depressao-e-faz-alerta\/"},"author":{"name":"Reda\u00e7\u00e3o","@id":"https:\/\/transamerica93.com.br\/home\/#\/schema\/person\/7fed7c99c0d4562efa8561bc0f543172"},"headline":"Isis Valverde desabafa sobre doen\u00e7a cel\u00edaca, fala em anemia e depress\u00e3o e faz alerta","datePublished":"2024-03-27T21:00:41+00:00","mainEntityOfPage":{"@id":"https:\/\/transamerica93.com.br\/home\/isis-valverde-desabafa-sobre-doenca-celiaca-fala-em-anemia-e-depressao-e-faz-alerta\/"},"wordCount":256,"publisher":{"@id":"https:\/\/transamerica93.com.br\/home\/#organization"},"image":{"@id":"https:\/\/transamerica93.com.br\/home\/isis-valverde-desabafa-sobre-doenca-celiaca-fala-em-anemia-e-depressao-e-faz-alerta\/#primaryimage"},"thumbnailUrl":"https:\/\/transamerica93.com.br\/home\/wp-content\/uploads\/2024\/03\/imagem-24.jpg","articleSection":["Entretenimento"],"inLanguage":"pt-BR"},{"@type":"WebPage","@id":"https:\/\/transamerica93.com.br\/home\/isis-valverde-desabafa-sobre-doenca-celiaca-fala-em-anemia-e-depressao-e-faz-alerta\/","url":"https:\/\/transamerica93.com.br\/home\/isis-valverde-desabafa-sobre-doenca-celiaca-fala-em-anemia-e-depressao-e-faz-alerta\/","name":"Isis Valverde desabafa sobre doen\u00e7a cel\u00edaca, fala em anemia e depress\u00e3o e faz alerta - Transam\u00e9rica Mococa 93,3","isPartOf":{"@id":"https:\/\/transamerica93.com.br\/home\/#website"},"primaryImageOfPage":{"@id":"https:\/\/transamerica93.com.br\/home\/isis-valverde-desabafa-sobre-doenca-celiaca-fala-em-anemia-e-depressao-e-faz-alerta\/#primaryimage"},"image":{"@id":"https:\/\/transamerica93.com.br\/home\/isis-valverde-desabafa-sobre-doenca-celiaca-fala-em-anemia-e-depressao-e-faz-alerta\/#primaryimage"},"thumbnailUrl":"https:\/\/transamerica93.com.br\/home\/wp-content\/uploads\/2024\/03\/imagem-24.jpg","datePublished":"2024-03-27T21:00:41+00:00","breadcrumb":{"@id":"https:\/\/transamerica93.com.br\/home\/isis-valverde-desabafa-sobre-doenca-celiaca-fala-em-anemia-e-depressao-e-faz-alerta\/#breadcrumb"},"inLanguage":"pt-BR","potentialAction":[{"@type":"ReadAction","target":["https:\/\/transamerica93.com.br\/home\/isis-valverde-desabafa-sobre-doenca-celiaca-fala-em-anemia-e-depressao-e-faz-alerta\/"]}]},{"@type":"ImageObject","inLanguage":"pt-BR","@id":"https:\/\/transamerica93.com.br\/home\/isis-valverde-desabafa-sobre-doenca-celiaca-fala-em-anemia-e-depressao-e-faz-alerta\/#primaryimage","url":"https:\/\/transamerica93.com.br\/home\/wp-content\/uploads\/2024\/03\/imagem-24.jpg","contentUrl":"https:\/\/transamerica93.com.br\/home\/wp-content\/uploads\/2024\/03\/imagem-24.jpg","width":731,"height":473,"caption":"Foto: Instagram @isisvalverde"},{"@type":"BreadcrumbList","@id":"https:\/\/transamerica93.com.br\/home\/isis-valverde-desabafa-sobre-doenca-celiaca-fala-em-anemia-e-depressao-e-faz-alerta\/#breadcrumb","itemListElement":[{"@type":"ListItem","position":1,"name":"In\u00edcio","item":"https:\/\/transamerica93.com.br\/home\/"},{"@type":"ListItem","position":2,"name":"Isis Valverde desabafa sobre doen\u00e7a cel\u00edaca, fala em anemia e depress\u00e3o e faz alerta"}]},{"@type":"WebSite","@id":"https:\/\/transamerica93.com.br\/home\/#website","url":"https:\/\/transamerica93.com.br\/home\/","name":"Transam\u00e9rica Mococa 93,3","description":"","publisher":{"@id":"https:\/\/transamerica93.com.br\/home\/#organization"},"potentialAction":[{"@type":"SearchAction","target":{"@type":"EntryPoint","urlTemplate":"https:\/\/transamerica93.com.br\/home\/?s={search_term_string}"},"query-input":{"@type":"PropertyValueSpecification","valueRequired":true,"valueName":"search_term_string"}}],"inLanguage":"pt-BR"},{"@type":"Organization","@id":"https:\/\/transamerica93.com.br\/home\/#organization","name":"Transam\u00e9rica Mococa 93,3","url":"https:\/\/transamerica93.com.br\/home\/","logo":{"@type":"ImageObject","inLanguage":"pt-BR","@id":"https:\/\/transamerica93.com.br\/home\/#\/schema\/logo\/image\/","url":"https:\/\/transamerica93.com.br\/home\/wp-content\/uploads\/2023\/10\/logo2.png","contentUrl":"https:\/\/transamerica93.com.br\/home\/wp-content\/uploads\/2023\/10\/logo2.png","width":800,"height":500,"caption":"Transam\u00e9rica Mococa 93,3"},"image":{"@id":"https:\/\/transamerica93.com.br\/home\/#\/schema\/logo\/image\/"},"sameAs":["https:\/\/www.facebook.com\/transamericamococa","https:\/\/x.com\/transamerica933","https:\/\/www.instagram.com\/transamericamococa"]},{"@type":"Person","@id":"https:\/\/transamerica93.com.br\/home\/#\/schema\/person\/7fed7c99c0d4562efa8561bc0f543172","name":"Reda\u00e7\u00e3o","image":{"@type":"ImageObject","inLanguage":"pt-BR","@id":"https:\/\/secure.gravatar.com\/avatar\/1072c6b775fb02ef8506ce967551d95926669a6b7d2c2147b42eea4d7c68395e?s=96&d=mm&r=g","url":"https:\/\/secure.gravatar.com\/avatar\/1072c6b775fb02ef8506ce967551d95926669a6b7d2c2147b42eea4d7c68395e?s=96&d=mm&r=g","contentUrl":"https:\/\/secure.gravatar.com\/avatar\/1072c6b775fb02ef8506ce967551d95926669a6b7d2c2147b42eea4d7c68395e?s=96&d=mm&r=g","caption":"Reda\u00e7\u00e3o"},"sameAs":["https:\/\/transamerica93.com.br\/home"],"url":"https:\/\/transamerica93.com.br\/home\/author\/william\/"}]}},"_links":{"self":[{"href":"https:\/\/transamerica93.com.br\/home\/wp-json\/wp\/v2\/posts\/2670","targetHints":{"allow":["GET"]}}],"collection":[{"href":"https:\/\/transamerica93.com.br\/home\/wp-json\/wp\/v2\/posts"}],"about":[{"href":"https:\/\/transamerica93.com.br\/home\/wp-json\/wp\/v2\/types\/post"}],"author":[{"embeddable":true,"href":"https:\/\/transamerica93.com.br\/home\/wp-json\/wp\/v2\/users\/1"}],"replies":[{"embeddable":true,"href":"https:\/\/transamerica93.com.br\/home\/wp-json\/wp\/v2\/comments?post=2670"}],"version-history":[{"count":1,"href":"https:\/\/transamerica93.com.br\/home\/wp-json\/wp\/v2\/posts\/2670\/revisions"}],"predecessor-version":[{"id":2672,"href":"https:\/\/transamerica93.com.br\/home\/wp-json\/wp\/v2\/posts\/2670\/revisions\/2672"}],"wp:featuredmedia":[{"embeddable":true,"href":"https:\/\/transamerica93.com.br\/home\/wp-json\/wp\/v2\/media\/2671"}],"wp:attachment":[{"href":"https:\/\/transamerica93.com.br\/home\/wp-json\/wp\/v2\/media?parent=2670"}],"wp:term":[{"taxonomy":"category","embeddable":true,"href":"https:\/\/transamerica93.com.br\/home\/wp-json\/wp\/v2\/categories?post=2670"},{"taxonomy":"post_tag","embeddable":true,"href":"https:\/\/transamerica93.com.br\/home\/wp-json\/wp\/v2\/tags?post=2670"}],"curies":[{"name":"wp","href":"https:\/\/api.w.org\/{rel}","templated":true}]}}