{"id":2676,"date":"2024-03-29T18:00:20","date_gmt":"2024-03-29T21:00:20","guid":{"rendered":"https:\/\/transamerica93.com.br\/home\/?p=2676"},"modified":"2024-03-25T11:59:08","modified_gmt":"2024-03-25T14:59:08","slug":"nao-e-facil-mas-nao-e-sentenca-diz-fabiana-justus-fala-sobre-tratamento-contra-cancer","status":"publish","type":"post","link":"https:\/\/transamerica93.com.br\/home\/nao-e-facil-mas-nao-e-sentenca-diz-fabiana-justus-fala-sobre-tratamento-contra-cancer\/","title":{"rendered":"&#8216;N\u00e3o \u00e9 f\u00e1cil, mas n\u00e3o \u00e9 senten\u00e7a&#8217;, diz Fabiana Justus fala sobre tratamento contra c\u00e2ncer"},"content":{"rendered":"<div id=\"Corpo\">Por Reda\u00e7\u00e3o O Estado de S. Paulo<\/p>\n<p>Fabiana Justus falou sobre seu tratamento contra uma leucemia mieloide aguda em entrevista ao\u00a0<i>Fant\u00e1stico<\/i>. Entre os temas, ela falou sobre a forma como contou \u00e0s filhas crian\u00e7as sobre a doen\u00e7a.<\/p>\n<p>&#8220;Falei que estava precisando ficar mais forte e precisava da ajuda de um remedinho que s\u00f3 podia tomar no hospital. Falei para elas que, se ca\u00edsse meu cabelo, significaria que o rem\u00e9dio est\u00e1 dando certo. Tentei pintar de uma forma positiva. A\u00ed elas falaram: &#8216;Que bom que caiu, quer dizer que est\u00e1 dando certo'&#8221;, disse.<\/p>\n<p>Fabiana Justus ainda comentou a respeito do caso de Kate Middleton, que tamb\u00e9m foi diagnosticada recentemente com um c\u00e2ncer: &#8220;A dor de cada um \u00e9 a dor de cada um, mas acho que quem passa por isso consegue se relacionar obviamente muito melhor com o que ela est\u00e1 sentindo nesse momento&#8221;.<\/p>\n<p>&#8220;Eu fiquei muito tocada porque lembro que casei 9 de abril e ela 29 de abril, em 2011. Lembro de acordar para ver o casamento dela, aquela coisa, e tal. Hoje, com tr\u00eas filhos cada uma, 13 anos depois, ela recebeu o diagn\u00f3stico de c\u00e2ncer no mesmo m\u00eas que o meu. Achei muita coincid\u00eancia&#8221;, continuou.<\/p>\n<p>A filha de Roberto Justus ainda destacou que \u00e9 preciso &#8220;viver um dia de cada vez&#8221; e deu um recado para quem passa por um tratamento semelhante: &#8220;Um beijo para quem est\u00e1 passando por isso. N\u00e3o \u00e9 f\u00e1cil, mas n\u00e3o \u00e9 senten\u00e7a, de jeito nenhum. Acreditem, tenham f\u00e9, for\u00e7a e positividade&#8221;.<\/p><\/div>\n","protected":false},"excerpt":{"rendered":"<p>Por Reda\u00e7\u00e3o O Estado de S. Paulo Fabiana Justus falou sobre seu tratamento contra uma leucemia mieloide aguda em entrevista ao\u00a0Fant\u00e1stico. Entre os temas, ela falou sobre a forma como contou \u00e0s filhas crian\u00e7as sobre a doen\u00e7a. &#8220;Falei que estava precisando ficar mais forte e precisava da ajuda de um remedinho que s\u00f3 podia tomar &hellip;<\/p>\n","protected":false},"author":1,"featured_media":2677,"comment_status":"closed","ping_status":"closed","sticky":false,"template":"","format":"standard","meta":{"footnotes":""},"categories":[24],"tags":[],"class_list":["post-2676","post","type-post","status-publish","format-standard","has-post-thumbnail","hentry","category-entretenimento"],"yoast_head":"<!-- This site is optimized with the Yoast SEO plugin v27.4 - https:\/\/yoast.com\/product\/yoast-seo-wordpress\/ -->\n<title>&#039;N\u00e3o \u00e9 f\u00e1cil, mas n\u00e3o \u00e9 senten\u00e7a&#039;, diz Fabiana Justus fala sobre tratamento contra c\u00e2ncer - Transam\u00e9rica Mococa 93,3<\/title>\n<meta name=\"robots\" content=\"index, follow, max-snippet:-1, max-image-preview:large, max-video-preview:-1\" \/>\n<link rel=\"canonical\" href=\"https:\/\/transamerica93.com.br\/home\/nao-e-facil-mas-nao-e-sentenca-diz-fabiana-justus-fala-sobre-tratamento-contra-cancer\/\" \/>\n<meta property=\"og:locale\" content=\"pt_BR\" \/>\n<meta property=\"og:type\" content=\"article\" \/>\n<meta property=\"og:title\" content=\"&#039;N\u00e3o \u00e9 f\u00e1cil, mas n\u00e3o \u00e9 senten\u00e7a&#039;, diz Fabiana Justus fala sobre tratamento contra c\u00e2ncer - Transam\u00e9rica Mococa 93,3\" \/>\n<meta property=\"og:description\" content=\"Por Reda\u00e7\u00e3o O Estado de S. Paulo Fabiana Justus falou sobre seu tratamento contra uma leucemia mieloide aguda em entrevista ao\u00a0Fant\u00e1stico. Entre os temas, ela falou sobre a forma como contou \u00e0s filhas crian\u00e7as sobre a doen\u00e7a. &#8220;Falei que estava precisando ficar mais forte e precisava da ajuda de um remedinho que s\u00f3 podia tomar &hellip;\" \/>\n<meta property=\"og:url\" content=\"https:\/\/transamerica93.com.br\/home\/nao-e-facil-mas-nao-e-sentenca-diz-fabiana-justus-fala-sobre-tratamento-contra-cancer\/\" \/>\n<meta property=\"og:site_name\" content=\"Transam\u00e9rica Mococa 93,3\" \/>\n<meta property=\"article:publisher\" content=\"https:\/\/www.facebook.com\/transamericamococa\" \/>\n<meta property=\"article:published_time\" content=\"2024-03-29T21:00:20+00:00\" \/>\n<meta property=\"og:image\" content=\"https:\/\/transamerica93.com.br\/home\/wp-content\/uploads\/2024\/03\/imagem-26.jpg\" \/>\n\t<meta property=\"og:image:width\" content=\"827\" \/>\n\t<meta property=\"og:image:height\" content=\"627\" \/>\n\t<meta property=\"og:image:type\" content=\"image\/jpeg\" \/>\n<meta name=\"author\" content=\"Reda\u00e7\u00e3o\" \/>\n<meta name=\"twitter:card\" content=\"summary_large_image\" \/>\n<meta name=\"twitter:creator\" content=\"@transamerica933\" \/>\n<meta name=\"twitter:site\" content=\"@transamerica933\" \/>\n<meta name=\"twitter:label1\" content=\"Escrito por\" \/>\n\t<meta name=\"twitter:data1\" content=\"Reda\u00e7\u00e3o\" \/>\n\t<meta name=\"twitter:label2\" content=\"Est. tempo de leitura\" \/>\n\t<meta name=\"twitter:data2\" content=\"2 minutos\" \/>\n<script type=\"application\/ld+json\" class=\"yoast-schema-graph\">{\"@context\":\"https:\\\/\\\/schema.org\",\"@graph\":[{\"@type\":\"Article\",\"@id\":\"https:\\\/\\\/transamerica93.com.br\\\/home\\\/nao-e-facil-mas-nao-e-sentenca-diz-fabiana-justus-fala-sobre-tratamento-contra-cancer\\\/#article\",\"isPartOf\":{\"@id\":\"https:\\\/\\\/transamerica93.com.br\\\/home\\\/nao-e-facil-mas-nao-e-sentenca-diz-fabiana-justus-fala-sobre-tratamento-contra-cancer\\\/\"},\"author\":{\"name\":\"Reda\u00e7\u00e3o\",\"@id\":\"https:\\\/\\\/transamerica93.com.br\\\/home\\\/#\\\/schema\\\/person\\\/7fed7c99c0d4562efa8561bc0f543172\"},\"headline\":\"&#8216;N\u00e3o \u00e9 f\u00e1cil, mas n\u00e3o \u00e9 senten\u00e7a&#8217;, diz Fabiana Justus fala sobre tratamento contra c\u00e2ncer\",\"datePublished\":\"2024-03-29T21:00:20+00:00\",\"mainEntityOfPage\":{\"@id\":\"https:\\\/\\\/transamerica93.com.br\\\/home\\\/nao-e-facil-mas-nao-e-sentenca-diz-fabiana-justus-fala-sobre-tratamento-contra-cancer\\\/\"},\"wordCount\":278,\"publisher\":{\"@id\":\"https:\\\/\\\/transamerica93.com.br\\\/home\\\/#organization\"},\"image\":{\"@id\":\"https:\\\/\\\/transamerica93.com.br\\\/home\\\/nao-e-facil-mas-nao-e-sentenca-diz-fabiana-justus-fala-sobre-tratamento-contra-cancer\\\/#primaryimage\"},\"thumbnailUrl\":\"https:\\\/\\\/transamerica93.com.br\\\/home\\\/wp-content\\\/uploads\\\/2024\\\/03\\\/imagem-26.jpg\",\"articleSection\":[\"Entretenimento\"],\"inLanguage\":\"pt-BR\"},{\"@type\":\"WebPage\",\"@id\":\"https:\\\/\\\/transamerica93.com.br\\\/home\\\/nao-e-facil-mas-nao-e-sentenca-diz-fabiana-justus-fala-sobre-tratamento-contra-cancer\\\/\",\"url\":\"https:\\\/\\\/transamerica93.com.br\\\/home\\\/nao-e-facil-mas-nao-e-sentenca-diz-fabiana-justus-fala-sobre-tratamento-contra-cancer\\\/\",\"name\":\"'N\u00e3o \u00e9 f\u00e1cil, mas n\u00e3o \u00e9 senten\u00e7a', diz Fabiana Justus fala sobre tratamento contra c\u00e2ncer - Transam\u00e9rica Mococa 93,3\",\"isPartOf\":{\"@id\":\"https:\\\/\\\/transamerica93.com.br\\\/home\\\/#website\"},\"primaryImageOfPage\":{\"@id\":\"https:\\\/\\\/transamerica93.com.br\\\/home\\\/nao-e-facil-mas-nao-e-sentenca-diz-fabiana-justus-fala-sobre-tratamento-contra-cancer\\\/#primaryimage\"},\"image\":{\"@id\":\"https:\\\/\\\/transamerica93.com.br\\\/home\\\/nao-e-facil-mas-nao-e-sentenca-diz-fabiana-justus-fala-sobre-tratamento-contra-cancer\\\/#primaryimage\"},\"thumbnailUrl\":\"https:\\\/\\\/transamerica93.com.br\\\/home\\\/wp-content\\\/uploads\\\/2024\\\/03\\\/imagem-26.jpg\",\"datePublished\":\"2024-03-29T21:00:20+00:00\",\"breadcrumb\":{\"@id\":\"https:\\\/\\\/transamerica93.com.br\\\/home\\\/nao-e-facil-mas-nao-e-sentenca-diz-fabiana-justus-fala-sobre-tratamento-contra-cancer\\\/#breadcrumb\"},\"inLanguage\":\"pt-BR\",\"potentialAction\":[{\"@type\":\"ReadAction\",\"target\":[\"https:\\\/\\\/transamerica93.com.br\\\/home\\\/nao-e-facil-mas-nao-e-sentenca-diz-fabiana-justus-fala-sobre-tratamento-contra-cancer\\\/\"]}]},{\"@type\":\"ImageObject\",\"inLanguage\":\"pt-BR\",\"@id\":\"https:\\\/\\\/transamerica93.com.br\\\/home\\\/nao-e-facil-mas-nao-e-sentenca-diz-fabiana-justus-fala-sobre-tratamento-contra-cancer\\\/#primaryimage\",\"url\":\"https:\\\/\\\/transamerica93.com.br\\\/home\\\/wp-content\\\/uploads\\\/2024\\\/03\\\/imagem-26.jpg\",\"contentUrl\":\"https:\\\/\\\/transamerica93.com.br\\\/home\\\/wp-content\\\/uploads\\\/2024\\\/03\\\/imagem-26.jpg\",\"width\":827,\"height\":627,\"caption\":\"Foto: Reprodu\u00e7\u00e3o\\\/Redes sociais\"},{\"@type\":\"BreadcrumbList\",\"@id\":\"https:\\\/\\\/transamerica93.com.br\\\/home\\\/nao-e-facil-mas-nao-e-sentenca-diz-fabiana-justus-fala-sobre-tratamento-contra-cancer\\\/#breadcrumb\",\"itemListElement\":[{\"@type\":\"ListItem\",\"position\":1,\"name\":\"In\u00edcio\",\"item\":\"https:\\\/\\\/transamerica93.com.br\\\/home\\\/\"},{\"@type\":\"ListItem\",\"position\":2,\"name\":\"&#8216;N\u00e3o \u00e9 f\u00e1cil, mas n\u00e3o \u00e9 senten\u00e7a&#8217;, diz Fabiana Justus fala sobre tratamento contra c\u00e2ncer\"}]},{\"@type\":\"WebSite\",\"@id\":\"https:\\\/\\\/transamerica93.com.br\\\/home\\\/#website\",\"url\":\"https:\\\/\\\/transamerica93.com.br\\\/home\\\/\",\"name\":\"Transam\u00e9rica Mococa 93,3\",\"description\":\"\",\"publisher\":{\"@id\":\"https:\\\/\\\/transamerica93.com.br\\\/home\\\/#organization\"},\"potentialAction\":[{\"@type\":\"SearchAction\",\"target\":{\"@type\":\"EntryPoint\",\"urlTemplate\":\"https:\\\/\\\/transamerica93.com.br\\\/home\\\/?s={search_term_string}\"},\"query-input\":{\"@type\":\"PropertyValueSpecification\",\"valueRequired\":true,\"valueName\":\"search_term_string\"}}],\"inLanguage\":\"pt-BR\"},{\"@type\":\"Organization\",\"@id\":\"https:\\\/\\\/transamerica93.com.br\\\/home\\\/#organization\",\"name\":\"Transam\u00e9rica Mococa 93,3\",\"url\":\"https:\\\/\\\/transamerica93.com.br\\\/home\\\/\",\"logo\":{\"@type\":\"ImageObject\",\"inLanguage\":\"pt-BR\",\"@id\":\"https:\\\/\\\/transamerica93.com.br\\\/home\\\/#\\\/schema\\\/logo\\\/image\\\/\",\"url\":\"https:\\\/\\\/transamerica93.com.br\\\/home\\\/wp-content\\\/uploads\\\/2023\\\/10\\\/logo2.png\",\"contentUrl\":\"https:\\\/\\\/transamerica93.com.br\\\/home\\\/wp-content\\\/uploads\\\/2023\\\/10\\\/logo2.png\",\"width\":800,\"height\":500,\"caption\":\"Transam\u00e9rica Mococa 93,3\"},\"image\":{\"@id\":\"https:\\\/\\\/transamerica93.com.br\\\/home\\\/#\\\/schema\\\/logo\\\/image\\\/\"},\"sameAs\":[\"https:\\\/\\\/www.facebook.com\\\/transamericamococa\",\"https:\\\/\\\/x.com\\\/transamerica933\",\"https:\\\/\\\/www.instagram.com\\\/transamericamococa\"]},{\"@type\":\"Person\",\"@id\":\"https:\\\/\\\/transamerica93.com.br\\\/home\\\/#\\\/schema\\\/person\\\/7fed7c99c0d4562efa8561bc0f543172\",\"name\":\"Reda\u00e7\u00e3o\",\"image\":{\"@type\":\"ImageObject\",\"inLanguage\":\"pt-BR\",\"@id\":\"https:\\\/\\\/secure.gravatar.com\\\/avatar\\\/1072c6b775fb02ef8506ce967551d95926669a6b7d2c2147b42eea4d7c68395e?s=96&d=mm&r=g\",\"url\":\"https:\\\/\\\/secure.gravatar.com\\\/avatar\\\/1072c6b775fb02ef8506ce967551d95926669a6b7d2c2147b42eea4d7c68395e?s=96&d=mm&r=g\",\"contentUrl\":\"https:\\\/\\\/secure.gravatar.com\\\/avatar\\\/1072c6b775fb02ef8506ce967551d95926669a6b7d2c2147b42eea4d7c68395e?s=96&d=mm&r=g\",\"caption\":\"Reda\u00e7\u00e3o\"},\"sameAs\":[\"https:\\\/\\\/transamerica93.com.br\\\/home\"],\"url\":\"https:\\\/\\\/transamerica93.com.br\\\/home\\\/author\\\/william\\\/\"}]}<\/script>\n<!-- \/ Yoast SEO plugin. -->","yoast_head_json":{"title":"'N\u00e3o \u00e9 f\u00e1cil, mas n\u00e3o \u00e9 senten\u00e7a', diz Fabiana Justus fala sobre tratamento contra c\u00e2ncer - Transam\u00e9rica Mococa 93,3","robots":{"index":"index","follow":"follow","max-snippet":"max-snippet:-1","max-image-preview":"max-image-preview:large","max-video-preview":"max-video-preview:-1"},"canonical":"https:\/\/transamerica93.com.br\/home\/nao-e-facil-mas-nao-e-sentenca-diz-fabiana-justus-fala-sobre-tratamento-contra-cancer\/","og_locale":"pt_BR","og_type":"article","og_title":"'N\u00e3o \u00e9 f\u00e1cil, mas n\u00e3o \u00e9 senten\u00e7a', diz Fabiana Justus fala sobre tratamento contra c\u00e2ncer - Transam\u00e9rica Mococa 93,3","og_description":"Por Reda\u00e7\u00e3o O Estado de S. Paulo Fabiana Justus falou sobre seu tratamento contra uma leucemia mieloide aguda em entrevista ao\u00a0Fant\u00e1stico. Entre os temas, ela falou sobre a forma como contou \u00e0s filhas crian\u00e7as sobre a doen\u00e7a. &#8220;Falei que estava precisando ficar mais forte e precisava da ajuda de um remedinho que s\u00f3 podia tomar &hellip;","og_url":"https:\/\/transamerica93.com.br\/home\/nao-e-facil-mas-nao-e-sentenca-diz-fabiana-justus-fala-sobre-tratamento-contra-cancer\/","og_site_name":"Transam\u00e9rica Mococa 93,3","article_publisher":"https:\/\/www.facebook.com\/transamericamococa","article_published_time":"2024-03-29T21:00:20+00:00","og_image":[{"width":827,"height":627,"url":"https:\/\/transamerica93.com.br\/home\/wp-content\/uploads\/2024\/03\/imagem-26.jpg","type":"image\/jpeg"}],"author":"Reda\u00e7\u00e3o","twitter_card":"summary_large_image","twitter_creator":"@transamerica933","twitter_site":"@transamerica933","twitter_misc":{"Escrito por":"Reda\u00e7\u00e3o","Est. tempo de leitura":"2 minutos"},"schema":{"@context":"https:\/\/schema.org","@graph":[{"@type":"Article","@id":"https:\/\/transamerica93.com.br\/home\/nao-e-facil-mas-nao-e-sentenca-diz-fabiana-justus-fala-sobre-tratamento-contra-cancer\/#article","isPartOf":{"@id":"https:\/\/transamerica93.com.br\/home\/nao-e-facil-mas-nao-e-sentenca-diz-fabiana-justus-fala-sobre-tratamento-contra-cancer\/"},"author":{"name":"Reda\u00e7\u00e3o","@id":"https:\/\/transamerica93.com.br\/home\/#\/schema\/person\/7fed7c99c0d4562efa8561bc0f543172"},"headline":"&#8216;N\u00e3o \u00e9 f\u00e1cil, mas n\u00e3o \u00e9 senten\u00e7a&#8217;, diz Fabiana Justus fala sobre tratamento contra c\u00e2ncer","datePublished":"2024-03-29T21:00:20+00:00","mainEntityOfPage":{"@id":"https:\/\/transamerica93.com.br\/home\/nao-e-facil-mas-nao-e-sentenca-diz-fabiana-justus-fala-sobre-tratamento-contra-cancer\/"},"wordCount":278,"publisher":{"@id":"https:\/\/transamerica93.com.br\/home\/#organization"},"image":{"@id":"https:\/\/transamerica93.com.br\/home\/nao-e-facil-mas-nao-e-sentenca-diz-fabiana-justus-fala-sobre-tratamento-contra-cancer\/#primaryimage"},"thumbnailUrl":"https:\/\/transamerica93.com.br\/home\/wp-content\/uploads\/2024\/03\/imagem-26.jpg","articleSection":["Entretenimento"],"inLanguage":"pt-BR"},{"@type":"WebPage","@id":"https:\/\/transamerica93.com.br\/home\/nao-e-facil-mas-nao-e-sentenca-diz-fabiana-justus-fala-sobre-tratamento-contra-cancer\/","url":"https:\/\/transamerica93.com.br\/home\/nao-e-facil-mas-nao-e-sentenca-diz-fabiana-justus-fala-sobre-tratamento-contra-cancer\/","name":"'N\u00e3o \u00e9 f\u00e1cil, mas n\u00e3o \u00e9 senten\u00e7a', diz Fabiana Justus fala sobre tratamento contra c\u00e2ncer - Transam\u00e9rica Mococa 93,3","isPartOf":{"@id":"https:\/\/transamerica93.com.br\/home\/#website"},"primaryImageOfPage":{"@id":"https:\/\/transamerica93.com.br\/home\/nao-e-facil-mas-nao-e-sentenca-diz-fabiana-justus-fala-sobre-tratamento-contra-cancer\/#primaryimage"},"image":{"@id":"https:\/\/transamerica93.com.br\/home\/nao-e-facil-mas-nao-e-sentenca-diz-fabiana-justus-fala-sobre-tratamento-contra-cancer\/#primaryimage"},"thumbnailUrl":"https:\/\/transamerica93.com.br\/home\/wp-content\/uploads\/2024\/03\/imagem-26.jpg","datePublished":"2024-03-29T21:00:20+00:00","breadcrumb":{"@id":"https:\/\/transamerica93.com.br\/home\/nao-e-facil-mas-nao-e-sentenca-diz-fabiana-justus-fala-sobre-tratamento-contra-cancer\/#breadcrumb"},"inLanguage":"pt-BR","potentialAction":[{"@type":"ReadAction","target":["https:\/\/transamerica93.com.br\/home\/nao-e-facil-mas-nao-e-sentenca-diz-fabiana-justus-fala-sobre-tratamento-contra-cancer\/"]}]},{"@type":"ImageObject","inLanguage":"pt-BR","@id":"https:\/\/transamerica93.com.br\/home\/nao-e-facil-mas-nao-e-sentenca-diz-fabiana-justus-fala-sobre-tratamento-contra-cancer\/#primaryimage","url":"https:\/\/transamerica93.com.br\/home\/wp-content\/uploads\/2024\/03\/imagem-26.jpg","contentUrl":"https:\/\/transamerica93.com.br\/home\/wp-content\/uploads\/2024\/03\/imagem-26.jpg","width":827,"height":627,"caption":"Foto: Reprodu\u00e7\u00e3o\/Redes sociais"},{"@type":"BreadcrumbList","@id":"https:\/\/transamerica93.com.br\/home\/nao-e-facil-mas-nao-e-sentenca-diz-fabiana-justus-fala-sobre-tratamento-contra-cancer\/#breadcrumb","itemListElement":[{"@type":"ListItem","position":1,"name":"In\u00edcio","item":"https:\/\/transamerica93.com.br\/home\/"},{"@type":"ListItem","position":2,"name":"&#8216;N\u00e3o \u00e9 f\u00e1cil, mas n\u00e3o \u00e9 senten\u00e7a&#8217;, diz Fabiana Justus fala sobre tratamento contra c\u00e2ncer"}]},{"@type":"WebSite","@id":"https:\/\/transamerica93.com.br\/home\/#website","url":"https:\/\/transamerica93.com.br\/home\/","name":"Transam\u00e9rica Mococa 93,3","description":"","publisher":{"@id":"https:\/\/transamerica93.com.br\/home\/#organization"},"potentialAction":[{"@type":"SearchAction","target":{"@type":"EntryPoint","urlTemplate":"https:\/\/transamerica93.com.br\/home\/?s={search_term_string}"},"query-input":{"@type":"PropertyValueSpecification","valueRequired":true,"valueName":"search_term_string"}}],"inLanguage":"pt-BR"},{"@type":"Organization","@id":"https:\/\/transamerica93.com.br\/home\/#organization","name":"Transam\u00e9rica Mococa 93,3","url":"https:\/\/transamerica93.com.br\/home\/","logo":{"@type":"ImageObject","inLanguage":"pt-BR","@id":"https:\/\/transamerica93.com.br\/home\/#\/schema\/logo\/image\/","url":"https:\/\/transamerica93.com.br\/home\/wp-content\/uploads\/2023\/10\/logo2.png","contentUrl":"https:\/\/transamerica93.com.br\/home\/wp-content\/uploads\/2023\/10\/logo2.png","width":800,"height":500,"caption":"Transam\u00e9rica Mococa 93,3"},"image":{"@id":"https:\/\/transamerica93.com.br\/home\/#\/schema\/logo\/image\/"},"sameAs":["https:\/\/www.facebook.com\/transamericamococa","https:\/\/x.com\/transamerica933","https:\/\/www.instagram.com\/transamericamococa"]},{"@type":"Person","@id":"https:\/\/transamerica93.com.br\/home\/#\/schema\/person\/7fed7c99c0d4562efa8561bc0f543172","name":"Reda\u00e7\u00e3o","image":{"@type":"ImageObject","inLanguage":"pt-BR","@id":"https:\/\/secure.gravatar.com\/avatar\/1072c6b775fb02ef8506ce967551d95926669a6b7d2c2147b42eea4d7c68395e?s=96&d=mm&r=g","url":"https:\/\/secure.gravatar.com\/avatar\/1072c6b775fb02ef8506ce967551d95926669a6b7d2c2147b42eea4d7c68395e?s=96&d=mm&r=g","contentUrl":"https:\/\/secure.gravatar.com\/avatar\/1072c6b775fb02ef8506ce967551d95926669a6b7d2c2147b42eea4d7c68395e?s=96&d=mm&r=g","caption":"Reda\u00e7\u00e3o"},"sameAs":["https:\/\/transamerica93.com.br\/home"],"url":"https:\/\/transamerica93.com.br\/home\/author\/william\/"}]}},"_links":{"self":[{"href":"https:\/\/transamerica93.com.br\/home\/wp-json\/wp\/v2\/posts\/2676","targetHints":{"allow":["GET"]}}],"collection":[{"href":"https:\/\/transamerica93.com.br\/home\/wp-json\/wp\/v2\/posts"}],"about":[{"href":"https:\/\/transamerica93.com.br\/home\/wp-json\/wp\/v2\/types\/post"}],"author":[{"embeddable":true,"href":"https:\/\/transamerica93.com.br\/home\/wp-json\/wp\/v2\/users\/1"}],"replies":[{"embeddable":true,"href":"https:\/\/transamerica93.com.br\/home\/wp-json\/wp\/v2\/comments?post=2676"}],"version-history":[{"count":1,"href":"https:\/\/transamerica93.com.br\/home\/wp-json\/wp\/v2\/posts\/2676\/revisions"}],"predecessor-version":[{"id":2678,"href":"https:\/\/transamerica93.com.br\/home\/wp-json\/wp\/v2\/posts\/2676\/revisions\/2678"}],"wp:featuredmedia":[{"embeddable":true,"href":"https:\/\/transamerica93.com.br\/home\/wp-json\/wp\/v2\/media\/2677"}],"wp:attachment":[{"href":"https:\/\/transamerica93.com.br\/home\/wp-json\/wp\/v2\/media?parent=2676"}],"wp:term":[{"taxonomy":"category","embeddable":true,"href":"https:\/\/transamerica93.com.br\/home\/wp-json\/wp\/v2\/categories?post=2676"},{"taxonomy":"post_tag","embeddable":true,"href":"https:\/\/transamerica93.com.br\/home\/wp-json\/wp\/v2\/tags?post=2676"}],"curies":[{"name":"wp","href":"https:\/\/api.w.org\/{rel}","templated":true}]}}