{"id":2679,"date":"2024-04-01T09:00:54","date_gmt":"2024-04-01T12:00:54","guid":{"rendered":"https:\/\/transamerica93.com.br\/home\/?p=2679"},"modified":"2024-03-29T18:34:32","modified_gmt":"2024-03-29T21:34:32","slug":"vacinacao-contra-gripe-veja-locais-e-horarios-em-sao-carlos-araraquara-rio-claro-e-regiao","status":"publish","type":"post","link":"https:\/\/transamerica93.com.br\/home\/vacinacao-contra-gripe-veja-locais-e-horarios-em-sao-carlos-araraquara-rio-claro-e-regiao\/","title":{"rendered":"Vacina\u00e7\u00e3o contra gripe: veja locais e hor\u00e1rios em S\u00e3o Carlos, Araraquara, Rio Claro e regi\u00e3o"},"content":{"rendered":"<div id=\"chunk-cdjlu\">\n<div class=\"mc-column content-text active-extra-styles \" data-block-type=\"unstyled\" data-block-weight=\"38\" data-block-id=\"2\">\n<p class=\" content-text__container \" data-track-category=\"Link no Texto\" data-track-links=\"\" data-mrf-recirculation=\"Article links\">A campanha de vacina\u00e7\u00e3o contra a gripe, que tradicionalmente, ocorre entre os meses de abril e maio, foi antecipada este ano e iniciada em 25 mar\u00e7o em raz\u00e3o do aumento da circula\u00e7\u00e3o de v\u00edrus respirat\u00f3rios no pa\u00eds.<\/p>\n<\/div>\n<\/div>\n<div class=\"wall protected-content\">\n<div id=\"chunk-eo5de\">\n<div class=\"mc-column content-text active-extra-styles \" data-block-type=\"unstyled\" data-block-weight=\"26\" data-block-id=\"4\">\n<p class=\" content-text__container \" data-track-category=\"Link no Texto\" data-track-links=\"\" data-mrf-recirculation=\"Article links\">As cidades da regi\u00e3o j\u00e1 est\u00e3o realizando a imuniza\u00e7\u00e3o, que deve seguir at\u00e9 31 de maio para os grupos priorit\u00e1rios.\u00a0<strong>Veja abaixo os locais de vacina\u00e7\u00e3o.<\/strong><\/p>\n<\/div>\n<\/div>\n<div id=\"chunk-dqmbi\">\n<div class=\"mc-column content-text active-extra-styles\" data-block-type=\"raw\" data-block-weight=\"110\" data-block-id=\"7\">\n<ul class=\"content-unordered-list\" data-mrf-recirculation=\"Recomendado\">\n<li>Crian\u00e7as de 6 meses a menores de 6 anos;<\/li>\n<li>Crian\u00e7as ind\u00edgenas de 6 meses a menores de 9 anos;<\/li>\n<li>Trabalhadores da Sa\u00fade;<\/li>\n<li>Gestantes;<\/li>\n<li>Pu\u00e9rperas;<\/li>\n<li>Professores dos ensinos b\u00e1sico e superior;<\/li>\n<li>Povos ind\u00edgenas;<\/li>\n<li>Idosos com 60 anos ou mais;<\/li>\n<li>Pessoas em situa\u00e7\u00e3o de rua;<\/li>\n<li>Profissionais das for\u00e7as de seguran\u00e7a e de salvamento;<\/li>\n<li>Profissionais das For\u00e7as Armadas;<\/li>\n<li>Pessoas com doen\u00e7as cr\u00f4nicas n\u00e3o transmiss\u00edveis e outras condi\u00e7\u00f5es cl\u00ednicas especiais (independentemente da idade);<\/li>\n<li>Pessoas com defici\u00eancia permanente;<\/li>\n<li>Caminhoneiros;<\/li>\n<li>Trabalhadores do transporte rodovi\u00e1rio coletivo (urbano e de longo curso);<\/li>\n<li>Trabalhadores portu\u00e1rios;<\/li>\n<li>Funcion\u00e1rios do sistema de priva\u00e7\u00e3o de liberdade;<\/li>\n<li>Popula\u00e7\u00e3o privada de liberdade, al\u00e9m de adolescentes e jovens sob medidas socioeducativas (entre 12 e 21 anos).<\/li>\n<\/ul>\n<p>&nbsp;<\/p>\n<\/div>\n<\/div>\n<div id=\"chunk-85di5\">\n<div class=\"mc-column content-text active-extra-styles\" data-block-type=\"raw\" data-block-weight=\"9\" data-block-id=\"10\">\n<div class=\"content-intertitle\">\n<h2>Veja os locais de vacina\u00e7\u00e3o nas cidades da regi\u00e3o:<\/h2>\n<\/div>\n<\/div>\n<\/div>\n<div id=\"chunk-6q41p\">\n<div class=\"mc-column content-text active-extra-styles\" data-block-type=\"raw\" data-block-weight=\"890\" data-block-id=\"11\">\n<ul class=\"content-unordered-list\" data-mrf-recirculation=\"Recomendado\">\n<li><a class=\"\" href=\"https:\/\/g1.globo.com\/sp\/sao-carlos-regiao\/cidade\/aguai\/\" data-mrf-link=\"https:\/\/g1.globo.com\/sp\/sao-carlos-regiao\/cidade\/aguai\/\"><strong>AGUA\u00cd<\/strong><\/a><br \/>\n<strong>Locais<\/strong>: todas as UBSs da cidade<br \/>\n<strong>Hor\u00e1rio<\/strong>: 8h \u00e0s 16h<\/li>\n<li><a class=\"\" href=\"https:\/\/g1.globo.com\/sp\/sao-carlos-regiao\/cidade\/aguas-da-prata\/\" data-mrf-link=\"https:\/\/g1.globo.com\/sp\/sao-carlos-regiao\/cidade\/aguas-da-prata\/\"><strong>\u00c1GUAS DA PRATA<\/strong><\/a><strong><br \/>\nLocal:<\/strong>\u00a0tr\u00eas unidades de sa\u00fade do munic\u00edpio<br \/>\n<strong>Hor\u00e1rio:<\/strong>\u00a07h \u00e0s 16h<\/li>\n<li><a class=\"\" href=\"https:\/\/g1.globo.com\/sp\/sao-carlos-regiao\/cidade\/americo-brasiliense\/\" data-mrf-link=\"https:\/\/g1.globo.com\/sp\/sao-carlos-regiao\/cidade\/americo-brasiliense\/\"><strong>AM\u00c9RICO BRASILIENSE<\/strong><\/a><strong><br \/>\nLocais:<\/strong>\u00a0todos os postos de sa\u00fade<br \/>\n<strong>Hor\u00e1rio:<\/strong>\u00a08h \u00e0s 15h<br \/>\n<strong>In\u00edcio:\u00a0<\/strong>27\/03 para os grupos priorit\u00e1rios (a vacina\u00e7\u00e3o termina apenas quando acabarem as doses)<\/li>\n<li><a class=\"\" href=\"https:\/\/g1.globo.com\/sp\/sao-carlos-regiao\/cidade\/analandia\/\" data-mrf-link=\"https:\/\/g1.globo.com\/sp\/sao-carlos-regiao\/cidade\/analandia\/\"><strong>ANAL\u00c2NDIA<\/strong><\/a><strong><br \/>\nLocal:<\/strong>\u00a0ESF Dona Ivone Schalch<strong><br \/>\nHor\u00e1rio:\u00a0<\/strong>8h \u00e0s 11h40 e das 14h20 \u00e0s 16h40<\/li>\n<li><a class=\"\" href=\"https:\/\/g1.globo.com\/sp\/sao-carlos-regiao\/cidade\/araras-sp\/\" data-mrf-link=\"https:\/\/g1.globo.com\/sp\/sao-carlos-regiao\/cidade\/araras-sp\/\"><strong>ARARAS<\/strong><\/a><strong><br \/>\nHor\u00e1rio:\u00a0<\/strong>7h30 \u00e0s 15h30<strong><br \/>\nLocais:<br \/>\n<\/strong>CRI (Centro de Refer\u00eancia Infantil) Dr. Hercio Arantes \u2013 Av. Washington Lu\u00eds, 545, Centro<br \/>\nESF Dr. Edmundo Ulson \u2013 R. \u00c2ngelo Francato, 393, Parque Tiradentes<br \/>\nESF Dr. Sebasti\u00e3o Jair Mour\u00e3o \u2013 Rua do Estudante, s\/n, Jos\u00e9 Ometto 1<br \/>\nESF Madre Carla Rabolin \u2013 R. Carlindo Fernandes, Jardim Alvorada<br \/>\nPAM \u00canio Vitali \u2013 R. Fran\u00e7a, 99, Jardim Piratininga<br \/>\nPSF Lucia B. Meneghetti \u2013 R. Allan Kardec, s\/n\u00ba, Vila Dona Rosa<\/li>\n<li><a class=\"\" href=\"https:\/\/g1.globo.com\/sp\/sao-carlos-regiao\/cidade\/araraquara\/\" data-mrf-link=\"https:\/\/g1.globo.com\/sp\/sao-carlos-regiao\/cidade\/araraquara\/\"><strong>ARARAQUARA<\/strong><\/a><strong><br \/>\nLocais:\u00a0<\/strong>nas 37 Unidades B\u00e1sicas de Sa\u00fade e Sesa<strong><br \/>\nHor\u00e1rio:<\/strong>\u00a0das 8h \u00e0s 16h nas UBS, e das 8h \u00e0s 15h, na unidade do Sesa<br \/>\nPara receber a vacina, \u00e9 importante levar um documento com foto e a caderneta de vacina\u00e7\u00e3o. Profissionais devem apresentar tamb\u00e9m um comprovante de v\u00ednculo ativo.<\/li>\n<li><a class=\"\" href=\"https:\/\/g1.globo.com\/sp\/sao-carlos-regiao\/cidade\/boa-esperanca-do-sul\/\" data-mrf-link=\"https:\/\/g1.globo.com\/sp\/sao-carlos-regiao\/cidade\/boa-esperanca-do-sul\/\"><strong>BOA ESPERAN\u00c7A DO SUL<\/strong><\/a><strong><br \/>\nLocais:\u00a0<\/strong>todas as Unidades B\u00e1sicas de Sa\u00fade<br \/>\n<strong>Hor\u00e1rio<\/strong>: 8h \u00e0s 16h<br \/>\n\u00c9 preciso levar o cart\u00e3o do SUS ou CPF<\/li>\n<li><a class=\"\" href=\"https:\/\/g1.globo.com\/sp\/sao-carlos-regiao\/cidade\/brotas\/\" data-mrf-link=\"https:\/\/g1.globo.com\/sp\/sao-carlos-regiao\/cidade\/brotas\/\"><strong>BROTAS<\/strong><\/a><strong><br \/>\nLocais<\/strong>: todas as unidades de sa\u00fade do munic\u00edpio<\/li>\n<li><a class=\"\" href=\"https:\/\/g1.globo.com\/sp\/sao-carlos-regiao\/cidade\/caconde\/\" data-mrf-link=\"https:\/\/g1.globo.com\/sp\/sao-carlos-regiao\/cidade\/caconde\/\"><strong>CACONDE<\/strong><\/a><strong><br \/>\nLocais<\/strong>: todas as Unidade de Sa\u00fade com um documento pessoal (CPF) ou cart\u00e3o do SUS e o cart\u00e3o de vacinas<br \/>\n<strong>DIA D<\/strong>: 13 de abril<\/li>\n<li><a class=\"\" href=\"https:\/\/g1.globo.com\/sp\/sao-carlos-regiao\/cidade\/casa-branca\/\" data-mrf-link=\"https:\/\/g1.globo.com\/sp\/sao-carlos-regiao\/cidade\/casa-branca\/\"><strong>CASA BRANCA<\/strong><\/a><strong><br \/>\nLocais<\/strong>: todas as unidades de sa\u00fade<br \/>\n<strong>Hor\u00e1rio<\/strong>: segunda a quinta-feira, das 8h \u00e0s 16h<\/li>\n<li><a class=\"\" href=\"https:\/\/g1.globo.com\/sp\/sao-carlos-regiao\/cidade\/conchal\/\" data-mrf-link=\"https:\/\/g1.globo.com\/sp\/sao-carlos-regiao\/cidade\/conchal\/\"><strong>CONCHAL<\/strong><\/a><strong><br \/>\nLocais:\u00a0<\/strong>todas as unidades de sa\u00fade<br \/>\n<strong>Hor\u00e1rio<\/strong>: 7h \u00e0s 16h<br \/>\n<strong>In\u00edcio<\/strong>: a vacina sera liberada para aten\u00e7\u00e3o b\u00e1sica em 27\/03<\/li>\n<li><a class=\"\" href=\"https:\/\/g1.globo.com\/sp\/sao-carlos-regiao\/cidade\/corumbatai\/\" data-mrf-link=\"https:\/\/g1.globo.com\/sp\/sao-carlos-regiao\/cidade\/corumbatai\/\"><strong>CORUMBATA\u00cd<\/strong><\/a><strong><br \/>\nLocal<\/strong>: Unidade B\u00e1sica de Sa\u00fade Andr\u00e9 Gimene &#8211; Sala de vacina<br \/>\n<strong>Hor\u00e1rio<\/strong>: 7h30 \u00e0s 15h30<\/li>\n<li><a class=\"\" href=\"https:\/\/g1.globo.com\/sp\/sao-carlos-regiao\/cidade\/descalvado\/\" data-mrf-link=\"https:\/\/g1.globo.com\/sp\/sao-carlos-regiao\/cidade\/descalvado\/\"><strong>DESCALVADO<\/strong><\/a><strong><br \/>\nLocal:\u00a0<\/strong>centro de sa\u00fade<br \/>\n<strong>Hor\u00e1rio<\/strong>: de segunda a quinta-feira, at\u00e9 as 19h<\/li>\n<li><a class=\"\" href=\"https:\/\/g1.globo.com\/sp\/sao-carlos-regiao\/cidade\/divinolandia\/\" data-mrf-link=\"https:\/\/g1.globo.com\/sp\/sao-carlos-regiao\/cidade\/divinolandia\/\"><strong>DIVINOL\u00c2NDIA<\/strong><\/a><strong><br \/>\nLocais<\/strong>: Unidades B\u00e1sicas de Sa\u00fade (UBSs), Sala de Vacinas, no Centro de Sa\u00fade<br \/>\n<strong>Hor\u00e1rio<\/strong>: 8h \u00e0s 17h<\/li>\n<li><a class=\"\" href=\"https:\/\/g1.globo.com\/sp\/sao-carlos-regiao\/cidade\/dourado\/\" data-mrf-link=\"https:\/\/g1.globo.com\/sp\/sao-carlos-regiao\/cidade\/dourado\/\"><strong>DOURADO<\/strong><\/a><strong><br \/>\nLocais:<br \/>\n<\/strong>PSF I &#8211; Jardim Maria Luiza<br \/>\nPSF 2 &#8211; Jardim Novo Dourado<br \/>\nPSF 3 &#8211; Jardim Aeroporto<br \/>\n<strong>Hor\u00e1rio<\/strong>: das 7h \u00e0s 17h, de segunda a sexta-feira<\/li>\n<li><a class=\"\" href=\"https:\/\/g1.globo.com\/sp\/sao-carlos-regiao\/cidade\/gaviao-peixoto\/\" data-mrf-link=\"https:\/\/g1.globo.com\/sp\/sao-carlos-regiao\/cidade\/gaviao-peixoto\/\"><strong>GAVI\u00c3O PEIXOTO<\/strong><\/a><strong><br \/>\nLocal:\u00a0<\/strong>Unidade B\u00e1sica de Sa\u00fade (UBS)<br \/>\n<strong>Hor\u00e1rio:<\/strong>\u00a0das 8h \u00e0s 12h e das 13h \u00e0s 16h<\/li>\n<li><a class=\"\" href=\"https:\/\/g1.globo.com\/sp\/sao-carlos-regiao\/cidade\/ibate\/\" data-mrf-link=\"https:\/\/g1.globo.com\/sp\/sao-carlos-regiao\/cidade\/ibate\/\"><strong>IBAT\u00c9<\/strong><\/a><strong><br \/>\nLocais:\u00a0<\/strong>PSF\u2019s Esfer, Jardim Mariana e Jardim Icara\u00ed e UBS\u2019s Jardim Icara\u00ed, Jardim Cruzado II, e Popular<br \/>\n<strong>Hor\u00e1rio<\/strong>: de segunda a sexta-feira das das 8h \u00e0s 11h e das 13h \u00e0s 15h.<\/li>\n<li><a class=\"\" href=\"https:\/\/g1.globo.com\/sp\/sao-carlos-regiao\/cidade\/itobi\/\" data-mrf-link=\"https:\/\/g1.globo.com\/sp\/sao-carlos-regiao\/cidade\/itobi\/\"><strong>ITOBI<\/strong><\/a><strong><br \/>\nLocal:\u00a0<\/strong>Sala de Vacina da Policl\u00ednica<strong><br \/>\nHor\u00e1rio:\u00a0<\/strong>7h \u00e0s 15h30<\/li>\n<li><a class=\"\" href=\"https:\/\/g1.globo.com\/sp\/sao-carlos-regiao\/cidade\/leme\/\" data-mrf-link=\"https:\/\/g1.globo.com\/sp\/sao-carlos-regiao\/cidade\/leme\/\"><strong>LEME<\/strong><\/a><strong><br \/>\nLocais:\u00a0<\/strong>Postos de sa\u00fade Ariana, CS2, Jo\u00e3o Leme, Palmeiras, Primavera, Quaglia, Renascen\u00e7a, Saulo, S\u00e3o Manoel, Sumar\u00e9, Vanessa<br \/>\nHor\u00e1rio: das 7h \u00e0s 17h<\/li>\n<li><a class=\"\" href=\"https:\/\/g1.globo.com\/sp\/sao-carlos-regiao\/cidade\/matao\/\" data-mrf-link=\"https:\/\/g1.globo.com\/sp\/sao-carlos-regiao\/cidade\/matao\/\"><strong>MAT\u00c3O<\/strong><\/a><strong><br \/>\nLocais:<\/strong>\u00a0todas as Unidades B\u00e1sicas de Sa\u00fade (Postos), ESF do Distrito de S\u00e3o Louren\u00e7o do Turvo, Centro de Sa\u00fade<\/li>\n<li><a class=\"\" href=\"https:\/\/g1.globo.com\/sp\/sao-carlos-regiao\/cidade\/mococa\/\" data-mrf-link=\"https:\/\/g1.globo.com\/sp\/sao-carlos-regiao\/cidade\/mococa\/\"><strong>MOCOCA<\/strong><\/a><strong><br \/>\nLocais:\u00a0<\/strong>todas as Salas de Vacina das Unidades de Sa\u00fade<\/li>\n<li><a class=\"\" href=\"https:\/\/g1.globo.com\/sp\/sao-carlos-regiao\/cidade\/motuca\/\" data-mrf-link=\"https:\/\/g1.globo.com\/sp\/sao-carlos-regiao\/cidade\/motuca\/\"><strong>MOTUCA<\/strong><\/a><strong><br \/>\nLocais:\u00a0<\/strong>unidades de sa\u00fade, das 8h \u00e0s 16h30 e no ESF Rural, na Fazenda Monte Alegre (Assentamento I), das 8h \u00e0s 16h<\/li>\n<li><a class=\"\" href=\"https:\/\/g1.globo.com\/sp\/sao-carlos-regiao\/cidade\/nova-europa\/\" data-mrf-link=\"https:\/\/g1.globo.com\/sp\/sao-carlos-regiao\/cidade\/nova-europa\/\"><strong>NOVA EUROPA<\/strong><\/a><strong><br \/>\nLocais<\/strong>: todos os Postos de Sa\u00fade da Fam\u00edlia: ESF Central, ESF Santa F\u00e9 e ESF Jardim S\u00e3o Paulo<\/li>\n<li><a class=\"\" href=\"https:\/\/g1.globo.com\/sp\/sao-carlos-regiao\/cidade\/pirassununga\/\" data-mrf-link=\"https:\/\/g1.globo.com\/sp\/sao-carlos-regiao\/cidade\/pirassununga\/\"><strong>PIRASSUNUNGA<\/strong><\/a><strong><br \/>\nLocais:\u00a0<\/strong>Unidade Materno Infantil, USF Raia, USF Reden\u00e7\u00e3o, USF S\u00e3o Pedro, USF Vila Braz, USF Santa F\u00e9, USF Limoeiro, USF S\u00e3o Valentim, USF Laranjeiras<strong><br \/>\nHor\u00e1rio:\u00a0<\/strong>8h \u00e0s 16h<\/li>\n<li><a class=\"\" href=\"https:\/\/g1.globo.com\/sp\/sao-carlos-regiao\/cidade\/porto-ferreira\/\" data-mrf-link=\"https:\/\/g1.globo.com\/sp\/sao-carlos-regiao\/cidade\/porto-ferreira\/\"><strong>PORTO FERREIRA<\/strong><\/a><strong><br \/>\nLocais:<\/strong><br \/>\nUnidade da Crian\u00e7a \u2013 Centro<br \/>\nCentro de Sa\u00fade \u2013 Centro<br \/>\nUSF Ant\u00f4nio Gallo \u2013 Jardim Porto Bello<br \/>\nUSF Arlindo de Vicente \u2013 Jardim Paschoal Salzano<br \/>\nUSF Elza Falco Paschoanelli \u2013 Jardim An\u00e9sia<br \/>\nUSF Valdir \u00c1lvares Menendes \u2013 Alto da Serra D\u2019\u00e1gua<br \/>\nUSF Jo\u00e3o Malaman \u2013 Vila Maria<br \/>\nUSF Augusto Perondi \u2013 Cristo Redentor<br \/>\nUSF Dr. Mosart Baggio \u2013 Jardim \u00c1guas Claras<br \/>\nNas USFs Adalberto Lu\u00eds Perondi, no Jardim Bandeirante e USF Darcy Rippa, no Jardim Porto Novo, que est\u00e3o em reforma, o atendimento est\u00e1 sendo realizado provisoriamente em im\u00f3vel situado \u00e0 avenida Jean Gabriel Villin, 565, no Jardim Porto Novo.<br \/>\n<strong>Hor\u00e1rio<\/strong>: das 8h \u00e0s 16h, de segunda a sexta-feira<\/li>\n<li><a class=\"\" href=\"https:\/\/g1.globo.com\/sp\/sao-carlos-regiao\/cidade\/ribeirao-bonito\/\" data-mrf-link=\"https:\/\/g1.globo.com\/sp\/sao-carlos-regiao\/cidade\/ribeirao-bonito\/\"><strong>RIBEIR\u00c3O BONITO<\/strong><\/a><strong><br \/>\nLocais:\u00a0<\/strong>unidades de sa\u00fade dos bairros Jardim Centen\u00e1rio, Malvinas e Guarapiranga<br \/>\n<strong>Hor\u00e1rio<\/strong>: de segunda a sexta, das 8h \u00e0s 11h e das 13h \u00e0s 16h<br \/>\nAs pessoas acamadas, devem informar as unidades de sa\u00fade, deixando endere\u00e7o e telefone para equipe de sa\u00fade ir fazer vacina\u00e7\u00e3o na resid\u00eancia.<\/li>\n<li><a class=\"\" href=\"https:\/\/g1.globo.com\/sp\/sao-carlos-regiao\/cidade\/rincao\/\" data-mrf-link=\"https:\/\/g1.globo.com\/sp\/sao-carlos-regiao\/cidade\/rincao\/\"><strong>RINC\u00c3O<\/strong><\/a><strong><br \/>\nLocais e hor\u00e1rios:\u00a0<\/strong>de segunda a sexta-feira, das 8h \u00e0s 12h, das 13h \u00e0s 15h, na sala de vacina e ESF III (unidade da avenida) e das 9h \u00e0s 14h, no Taquaral e no ESF I<\/li>\n<li><a class=\"\" href=\"https:\/\/g1.globo.com\/sp\/sao-carlos-regiao\/cidade\/rio-claro-sp\/\" data-mrf-link=\"https:\/\/g1.globo.com\/sp\/sao-carlos-regiao\/cidade\/rio-claro-sp\/\"><strong>RIO CLARO<\/strong><\/a><strong><br \/>\nLocais e hor\u00e1rios:\u00a0<\/strong>unidades b\u00e1sicas de sa\u00fade e unidades de sa\u00fade da fam\u00edlia, a partir das 7h30 \u00e0s 16h30. Nas unidades dos bairros M\u00e3e Preta, Bonsucesso e Terra Nova, que funcionam em hor\u00e1rio estendido, a vacina\u00e7\u00e3o segue at\u00e9 as 18h30.<\/li>\n<li><a class=\"\" href=\"https:\/\/g1.globo.com\/sp\/sao-carlos-regiao\/cidade\/santa-cruz-da-conceicao\/\" data-mrf-link=\"https:\/\/g1.globo.com\/sp\/sao-carlos-regiao\/cidade\/santa-cruz-da-conceicao\/\"><strong>SANTA CRUZ DA CONCEI\u00c7\u00c3O<\/strong><\/a><strong><br \/>\nLocal:\u00a0<\/strong>NASF &#8211; Rua Jorge Tibiri\u00e7\u00e1 593<br \/>\n<strong>Hor\u00e1rio<\/strong>: das 14h \u00e0s 18h<\/li>\n<li><a class=\"\" href=\"https:\/\/g1.globo.com\/sp\/sao-carlos-regiao\/cidade\/santa-cruz-das-palmeiras\/\" data-mrf-link=\"https:\/\/g1.globo.com\/sp\/sao-carlos-regiao\/cidade\/santa-cruz-das-palmeiras\/\"><strong>SANTA CRUZ DAS PALMEIRAS<\/strong><\/a><strong><br \/>\nLocal:\u00a0<\/strong>Centro de Sa\u00fade III Afonso Luzzi<br \/>\n<strong>Hor\u00e1rio<\/strong>: de segunda \u00e0 sexta feira das 7h \u00e0s 19h<\/li>\n<li><a class=\"\" href=\"https:\/\/g1.globo.com\/sp\/sao-carlos-regiao\/cidade\/santa-gertrudes\/\" data-mrf-link=\"https:\/\/g1.globo.com\/sp\/sao-carlos-regiao\/cidade\/santa-gertrudes\/\"><strong>SANTA GERTRUDES<\/strong><\/a><strong><br \/>\nLocais:\u00a0<\/strong>todas as unidades de sa\u00fade<br \/>\n<strong>Hor\u00e1rio<\/strong>: das 8h \u00e0s 15h<\/li>\n<li><a class=\"\" href=\"https:\/\/g1.globo.com\/sp\/sao-carlos-regiao\/cidade\/santa-lucia-sp\/\" data-mrf-link=\"https:\/\/g1.globo.com\/sp\/sao-carlos-regiao\/cidade\/santa-lucia-sp\/\"><strong>SANTA L\u00daCIA<\/strong><\/a><strong><br \/>\nLocais<\/strong>: Nos dois posto de sa\u00fade do munic\u00edpio<br \/>\n<strong>Hor\u00e1rio<\/strong>: Das 8h \u00e0s 15h<\/li>\n<li><a class=\"\" href=\"https:\/\/g1.globo.com\/sp\/sao-carlos-regiao\/cidade\/santa-rita-do-passa-quatro\/\" data-mrf-link=\"https:\/\/g1.globo.com\/sp\/sao-carlos-regiao\/cidade\/santa-rita-do-passa-quatro\/\"><strong>SANTA RITA DO PASSA QUATRO<\/strong><\/a><strong><br \/>\nLocais:\u00a0<\/strong>CAIC e Centro de Sa\u00fade II<br \/>\n<strong>Hor\u00e1rios<\/strong>: de segunda a sexta, das 8h \u00e0s 15h<br \/>\n<strong>In\u00edcio<\/strong>: 27\/03<\/li>\n<li><strong>S\u00c3O CARLOS<br \/>\nLocais:\u00a0<\/strong>todas as Unidades B\u00e1sicas de Sa\u00fade (UBSs) e Unidades de Sa\u00fade da Fam\u00edlia (USFs)<br \/>\n<strong>Hor\u00e1rios<\/strong>: das 7h30 \u00e0s 16h30<\/li>\n<li><a class=\"\" href=\"https:\/\/g1.globo.com\/sp\/sao-carlos-regiao\/cidade\/sao-joao-da-boa-vista\/\" data-mrf-link=\"https:\/\/g1.globo.com\/sp\/sao-carlos-regiao\/cidade\/sao-joao-da-boa-vista\/\"><strong>S\u00c3O JO\u00c3O DA BOA VISTA<\/strong><\/a><strong><br \/>\nLocais:\u00a0<\/strong>Unidades de sa\u00fade<\/li>\n<li><a class=\"\" href=\"https:\/\/g1.globo.com\/sp\/sao-carlos-regiao\/cidade\/sao-sebastiao-da-grama\/\" data-mrf-link=\"https:\/\/g1.globo.com\/sp\/sao-carlos-regiao\/cidade\/sao-sebastiao-da-grama\/\"><strong>S\u00c3O SEBASTI\u00c3O DA GRAMA<\/strong><\/a><strong><br \/>\nLocal:\u00a0<\/strong>Centro de Sa\u00fade III<br \/>\n<strong>Hor\u00e1rio<\/strong>: segunda a sexta-feira, das 7h \u00e0s 15h<\/li>\n<li><a class=\"\" href=\"https:\/\/g1.globo.com\/sp\/sao-carlos-regiao\/cidade\/tambau\/\" data-mrf-link=\"https:\/\/g1.globo.com\/sp\/sao-carlos-regiao\/cidade\/tambau\/\"><strong>TAMBA\u00da<\/strong><\/a><strong><br \/>\nLocal:\u00a0<\/strong>Sala de vacina do Centro de Sa\u00fade &#8216;Dr. Wilson Martins Lara&#8217;<br \/>\n<strong>Hor\u00e1rio<\/strong>: segunda a sexta-feira, das 7h \u00e0s 16h<\/li>\n<li><a class=\"\" href=\"https:\/\/g1.globo.com\/sp\/sao-carlos-regiao\/cidade\/tapiratiba\/\" data-mrf-link=\"https:\/\/g1.globo.com\/sp\/sao-carlos-regiao\/cidade\/tapiratiba\/\"><strong>TAPIRATIBA<\/strong><\/a><strong><br \/>\nLocal:\u00a0<\/strong>Posto de sa\u00fade central, sala de vacina<br \/>\n<strong>Hor\u00e1rio<\/strong>: das 8h \u00e0s 16h<\/li>\n<li><a class=\"\" href=\"https:\/\/g1.globo.com\/sp\/sao-carlos-regiao\/cidade\/trabiju\/\" data-mrf-link=\"https:\/\/g1.globo.com\/sp\/sao-carlos-regiao\/cidade\/trabiju\/\"><strong>TRABIJU<\/strong><\/a><br \/>\n<strong>Local:\u00a0<\/strong>UBS &#8220;Manoel Morales&#8221;<\/li>\n<\/ul>\n<p>Via <em><strong><a href=\"https:\/\/g1.globo.com\/sp\/sao-carlos-regiao\/noticia\/2024\/03\/26\/vacinacao-contra-gripe-veja-locais-e-horarios-em-sao-carlos-araraquara-rio-claro-e-regiao.ghtml\" target=\"_blank\" rel=\"noopener\">G1 Mococa<\/a><\/strong><\/em><\/p>\n<\/div>\n<\/div>\n<\/div>\n","protected":false},"excerpt":{"rendered":"<p>A campanha de vacina\u00e7\u00e3o contra a gripe, que tradicionalmente, ocorre entre os meses de abril e maio, foi antecipada este ano e iniciada em 25 mar\u00e7o em raz\u00e3o do aumento da circula\u00e7\u00e3o de v\u00edrus respirat\u00f3rios no pa\u00eds. As cidades da regi\u00e3o j\u00e1 est\u00e3o realizando a imuniza\u00e7\u00e3o, que deve seguir at\u00e9 31 de maio para os &hellip;<\/p>\n","protected":false},"author":1,"featured_media":2680,"comment_status":"closed","ping_status":"closed","sticky":false,"template":"","format":"standard","meta":{"footnotes":""},"categories":[30],"tags":[],"class_list":["post-2679","post","type-post","status-publish","format-standard","has-post-thumbnail","hentry","category-geral"],"yoast_head":"<!-- This site is optimized with the Yoast SEO plugin v27.4 - https:\/\/yoast.com\/product\/yoast-seo-wordpress\/ -->\n<title>Vacina\u00e7\u00e3o contra gripe: veja locais e hor\u00e1rios em S\u00e3o Carlos, Araraquara, Rio Claro e regi\u00e3o - Transam\u00e9rica Mococa 93,3<\/title>\n<meta name=\"robots\" content=\"index, follow, max-snippet:-1, max-image-preview:large, max-video-preview:-1\" \/>\n<link rel=\"canonical\" href=\"https:\/\/transamerica93.com.br\/home\/vacinacao-contra-gripe-veja-locais-e-horarios-em-sao-carlos-araraquara-rio-claro-e-regiao\/\" \/>\n<meta property=\"og:locale\" content=\"pt_BR\" \/>\n<meta property=\"og:type\" content=\"article\" \/>\n<meta property=\"og:title\" content=\"Vacina\u00e7\u00e3o contra gripe: veja locais e hor\u00e1rios em S\u00e3o Carlos, Araraquara, Rio Claro e regi\u00e3o - Transam\u00e9rica Mococa 93,3\" \/>\n<meta property=\"og:description\" content=\"A campanha de vacina\u00e7\u00e3o contra a gripe, que tradicionalmente, ocorre entre os meses de abril e maio, foi antecipada este ano e iniciada em 25 mar\u00e7o em raz\u00e3o do aumento da circula\u00e7\u00e3o de v\u00edrus respirat\u00f3rios no pa\u00eds. As cidades da regi\u00e3o j\u00e1 est\u00e3o realizando a imuniza\u00e7\u00e3o, que deve seguir at\u00e9 31 de maio para os &hellip;\" \/>\n<meta property=\"og:url\" content=\"https:\/\/transamerica93.com.br\/home\/vacinacao-contra-gripe-veja-locais-e-horarios-em-sao-carlos-araraquara-rio-claro-e-regiao\/\" \/>\n<meta property=\"og:site_name\" content=\"Transam\u00e9rica Mococa 93,3\" \/>\n<meta property=\"article:publisher\" content=\"https:\/\/www.facebook.com\/transamericamococa\" \/>\n<meta property=\"article:published_time\" content=\"2024-04-01T12:00:54+00:00\" \/>\n<meta property=\"og:image\" content=\"https:\/\/transamerica93.com.br\/home\/wp-content\/uploads\/2024\/03\/imagem-27.jpg\" \/>\n\t<meta property=\"og:image:width\" content=\"981\" \/>\n\t<meta property=\"og:image:height\" content=\"658\" \/>\n\t<meta property=\"og:image:type\" content=\"image\/jpeg\" \/>\n<meta name=\"author\" content=\"Reda\u00e7\u00e3o\" \/>\n<meta name=\"twitter:card\" content=\"summary_large_image\" \/>\n<meta name=\"twitter:creator\" content=\"@transamerica933\" \/>\n<meta name=\"twitter:site\" content=\"@transamerica933\" \/>\n<meta name=\"twitter:label1\" content=\"Escrito por\" \/>\n\t<meta name=\"twitter:data1\" content=\"Reda\u00e7\u00e3o\" \/>\n\t<meta name=\"twitter:label2\" content=\"Est. tempo de leitura\" \/>\n\t<meta name=\"twitter:data2\" content=\"7 minutos\" \/>\n<script type=\"application\/ld+json\" class=\"yoast-schema-graph\">{\"@context\":\"https:\\\/\\\/schema.org\",\"@graph\":[{\"@type\":\"Article\",\"@id\":\"https:\\\/\\\/transamerica93.com.br\\\/home\\\/vacinacao-contra-gripe-veja-locais-e-horarios-em-sao-carlos-araraquara-rio-claro-e-regiao\\\/#article\",\"isPartOf\":{\"@id\":\"https:\\\/\\\/transamerica93.com.br\\\/home\\\/vacinacao-contra-gripe-veja-locais-e-horarios-em-sao-carlos-araraquara-rio-claro-e-regiao\\\/\"},\"author\":{\"name\":\"Reda\u00e7\u00e3o\",\"@id\":\"https:\\\/\\\/transamerica93.com.br\\\/home\\\/#\\\/schema\\\/person\\\/7fed7c99c0d4562efa8561bc0f543172\"},\"headline\":\"Vacina\u00e7\u00e3o contra gripe: veja locais e hor\u00e1rios em S\u00e3o Carlos, Araraquara, Rio Claro e regi\u00e3o\",\"datePublished\":\"2024-04-01T12:00:54+00:00\",\"mainEntityOfPage\":{\"@id\":\"https:\\\/\\\/transamerica93.com.br\\\/home\\\/vacinacao-contra-gripe-veja-locais-e-horarios-em-sao-carlos-araraquara-rio-claro-e-regiao\\\/\"},\"wordCount\":1312,\"publisher\":{\"@id\":\"https:\\\/\\\/transamerica93.com.br\\\/home\\\/#organization\"},\"image\":{\"@id\":\"https:\\\/\\\/transamerica93.com.br\\\/home\\\/vacinacao-contra-gripe-veja-locais-e-horarios-em-sao-carlos-araraquara-rio-claro-e-regiao\\\/#primaryimage\"},\"thumbnailUrl\":\"https:\\\/\\\/transamerica93.com.br\\\/home\\\/wp-content\\\/uploads\\\/2024\\\/03\\\/imagem-27.jpg\",\"articleSection\":[\"Geral\"],\"inLanguage\":\"pt-BR\"},{\"@type\":\"WebPage\",\"@id\":\"https:\\\/\\\/transamerica93.com.br\\\/home\\\/vacinacao-contra-gripe-veja-locais-e-horarios-em-sao-carlos-araraquara-rio-claro-e-regiao\\\/\",\"url\":\"https:\\\/\\\/transamerica93.com.br\\\/home\\\/vacinacao-contra-gripe-veja-locais-e-horarios-em-sao-carlos-araraquara-rio-claro-e-regiao\\\/\",\"name\":\"Vacina\u00e7\u00e3o contra gripe: veja locais e hor\u00e1rios em S\u00e3o Carlos, Araraquara, Rio Claro e regi\u00e3o - Transam\u00e9rica Mococa 93,3\",\"isPartOf\":{\"@id\":\"https:\\\/\\\/transamerica93.com.br\\\/home\\\/#website\"},\"primaryImageOfPage\":{\"@id\":\"https:\\\/\\\/transamerica93.com.br\\\/home\\\/vacinacao-contra-gripe-veja-locais-e-horarios-em-sao-carlos-araraquara-rio-claro-e-regiao\\\/#primaryimage\"},\"image\":{\"@id\":\"https:\\\/\\\/transamerica93.com.br\\\/home\\\/vacinacao-contra-gripe-veja-locais-e-horarios-em-sao-carlos-araraquara-rio-claro-e-regiao\\\/#primaryimage\"},\"thumbnailUrl\":\"https:\\\/\\\/transamerica93.com.br\\\/home\\\/wp-content\\\/uploads\\\/2024\\\/03\\\/imagem-27.jpg\",\"datePublished\":\"2024-04-01T12:00:54+00:00\",\"breadcrumb\":{\"@id\":\"https:\\\/\\\/transamerica93.com.br\\\/home\\\/vacinacao-contra-gripe-veja-locais-e-horarios-em-sao-carlos-araraquara-rio-claro-e-regiao\\\/#breadcrumb\"},\"inLanguage\":\"pt-BR\",\"potentialAction\":[{\"@type\":\"ReadAction\",\"target\":[\"https:\\\/\\\/transamerica93.com.br\\\/home\\\/vacinacao-contra-gripe-veja-locais-e-horarios-em-sao-carlos-araraquara-rio-claro-e-regiao\\\/\"]}]},{\"@type\":\"ImageObject\",\"inLanguage\":\"pt-BR\",\"@id\":\"https:\\\/\\\/transamerica93.com.br\\\/home\\\/vacinacao-contra-gripe-veja-locais-e-horarios-em-sao-carlos-araraquara-rio-claro-e-regiao\\\/#primaryimage\",\"url\":\"https:\\\/\\\/transamerica93.com.br\\\/home\\\/wp-content\\\/uploads\\\/2024\\\/03\\\/imagem-27.jpg\",\"contentUrl\":\"https:\\\/\\\/transamerica93.com.br\\\/home\\\/wp-content\\\/uploads\\\/2024\\\/03\\\/imagem-27.jpg\",\"width\":981,\"height\":658,\"caption\":\"Vacina\u00e7\u00e3o contra a gripe \u2014 Foto: Foto - Divulga\u00e7\u00e3o.\"},{\"@type\":\"BreadcrumbList\",\"@id\":\"https:\\\/\\\/transamerica93.com.br\\\/home\\\/vacinacao-contra-gripe-veja-locais-e-horarios-em-sao-carlos-araraquara-rio-claro-e-regiao\\\/#breadcrumb\",\"itemListElement\":[{\"@type\":\"ListItem\",\"position\":1,\"name\":\"In\u00edcio\",\"item\":\"https:\\\/\\\/transamerica93.com.br\\\/home\\\/\"},{\"@type\":\"ListItem\",\"position\":2,\"name\":\"Vacina\u00e7\u00e3o contra gripe: veja locais e hor\u00e1rios em S\u00e3o Carlos, Araraquara, Rio Claro e regi\u00e3o\"}]},{\"@type\":\"WebSite\",\"@id\":\"https:\\\/\\\/transamerica93.com.br\\\/home\\\/#website\",\"url\":\"https:\\\/\\\/transamerica93.com.br\\\/home\\\/\",\"name\":\"Transam\u00e9rica Mococa 93,3\",\"description\":\"\",\"publisher\":{\"@id\":\"https:\\\/\\\/transamerica93.com.br\\\/home\\\/#organization\"},\"potentialAction\":[{\"@type\":\"SearchAction\",\"target\":{\"@type\":\"EntryPoint\",\"urlTemplate\":\"https:\\\/\\\/transamerica93.com.br\\\/home\\\/?s={search_term_string}\"},\"query-input\":{\"@type\":\"PropertyValueSpecification\",\"valueRequired\":true,\"valueName\":\"search_term_string\"}}],\"inLanguage\":\"pt-BR\"},{\"@type\":\"Organization\",\"@id\":\"https:\\\/\\\/transamerica93.com.br\\\/home\\\/#organization\",\"name\":\"Transam\u00e9rica Mococa 93,3\",\"url\":\"https:\\\/\\\/transamerica93.com.br\\\/home\\\/\",\"logo\":{\"@type\":\"ImageObject\",\"inLanguage\":\"pt-BR\",\"@id\":\"https:\\\/\\\/transamerica93.com.br\\\/home\\\/#\\\/schema\\\/logo\\\/image\\\/\",\"url\":\"https:\\\/\\\/transamerica93.com.br\\\/home\\\/wp-content\\\/uploads\\\/2023\\\/10\\\/logo2.png\",\"contentUrl\":\"https:\\\/\\\/transamerica93.com.br\\\/home\\\/wp-content\\\/uploads\\\/2023\\\/10\\\/logo2.png\",\"width\":800,\"height\":500,\"caption\":\"Transam\u00e9rica Mococa 93,3\"},\"image\":{\"@id\":\"https:\\\/\\\/transamerica93.com.br\\\/home\\\/#\\\/schema\\\/logo\\\/image\\\/\"},\"sameAs\":[\"https:\\\/\\\/www.facebook.com\\\/transamericamococa\",\"https:\\\/\\\/x.com\\\/transamerica933\",\"https:\\\/\\\/www.instagram.com\\\/transamericamococa\"]},{\"@type\":\"Person\",\"@id\":\"https:\\\/\\\/transamerica93.com.br\\\/home\\\/#\\\/schema\\\/person\\\/7fed7c99c0d4562efa8561bc0f543172\",\"name\":\"Reda\u00e7\u00e3o\",\"image\":{\"@type\":\"ImageObject\",\"inLanguage\":\"pt-BR\",\"@id\":\"https:\\\/\\\/secure.gravatar.com\\\/avatar\\\/1072c6b775fb02ef8506ce967551d95926669a6b7d2c2147b42eea4d7c68395e?s=96&d=mm&r=g\",\"url\":\"https:\\\/\\\/secure.gravatar.com\\\/avatar\\\/1072c6b775fb02ef8506ce967551d95926669a6b7d2c2147b42eea4d7c68395e?s=96&d=mm&r=g\",\"contentUrl\":\"https:\\\/\\\/secure.gravatar.com\\\/avatar\\\/1072c6b775fb02ef8506ce967551d95926669a6b7d2c2147b42eea4d7c68395e?s=96&d=mm&r=g\",\"caption\":\"Reda\u00e7\u00e3o\"},\"sameAs\":[\"https:\\\/\\\/transamerica93.com.br\\\/home\"],\"url\":\"https:\\\/\\\/transamerica93.com.br\\\/home\\\/author\\\/william\\\/\"}]}<\/script>\n<!-- \/ Yoast SEO plugin. -->","yoast_head_json":{"title":"Vacina\u00e7\u00e3o contra gripe: veja locais e hor\u00e1rios em S\u00e3o Carlos, Araraquara, Rio Claro e regi\u00e3o - Transam\u00e9rica Mococa 93,3","robots":{"index":"index","follow":"follow","max-snippet":"max-snippet:-1","max-image-preview":"max-image-preview:large","max-video-preview":"max-video-preview:-1"},"canonical":"https:\/\/transamerica93.com.br\/home\/vacinacao-contra-gripe-veja-locais-e-horarios-em-sao-carlos-araraquara-rio-claro-e-regiao\/","og_locale":"pt_BR","og_type":"article","og_title":"Vacina\u00e7\u00e3o contra gripe: veja locais e hor\u00e1rios em S\u00e3o Carlos, Araraquara, Rio Claro e regi\u00e3o - Transam\u00e9rica Mococa 93,3","og_description":"A campanha de vacina\u00e7\u00e3o contra a gripe, que tradicionalmente, ocorre entre os meses de abril e maio, foi antecipada este ano e iniciada em 25 mar\u00e7o em raz\u00e3o do aumento da circula\u00e7\u00e3o de v\u00edrus respirat\u00f3rios no pa\u00eds. As cidades da regi\u00e3o j\u00e1 est\u00e3o realizando a imuniza\u00e7\u00e3o, que deve seguir at\u00e9 31 de maio para os &hellip;","og_url":"https:\/\/transamerica93.com.br\/home\/vacinacao-contra-gripe-veja-locais-e-horarios-em-sao-carlos-araraquara-rio-claro-e-regiao\/","og_site_name":"Transam\u00e9rica Mococa 93,3","article_publisher":"https:\/\/www.facebook.com\/transamericamococa","article_published_time":"2024-04-01T12:00:54+00:00","og_image":[{"width":981,"height":658,"url":"https:\/\/transamerica93.com.br\/home\/wp-content\/uploads\/2024\/03\/imagem-27.jpg","type":"image\/jpeg"}],"author":"Reda\u00e7\u00e3o","twitter_card":"summary_large_image","twitter_creator":"@transamerica933","twitter_site":"@transamerica933","twitter_misc":{"Escrito por":"Reda\u00e7\u00e3o","Est. tempo de leitura":"7 minutos"},"schema":{"@context":"https:\/\/schema.org","@graph":[{"@type":"Article","@id":"https:\/\/transamerica93.com.br\/home\/vacinacao-contra-gripe-veja-locais-e-horarios-em-sao-carlos-araraquara-rio-claro-e-regiao\/#article","isPartOf":{"@id":"https:\/\/transamerica93.com.br\/home\/vacinacao-contra-gripe-veja-locais-e-horarios-em-sao-carlos-araraquara-rio-claro-e-regiao\/"},"author":{"name":"Reda\u00e7\u00e3o","@id":"https:\/\/transamerica93.com.br\/home\/#\/schema\/person\/7fed7c99c0d4562efa8561bc0f543172"},"headline":"Vacina\u00e7\u00e3o contra gripe: veja locais e hor\u00e1rios em S\u00e3o Carlos, Araraquara, Rio Claro e regi\u00e3o","datePublished":"2024-04-01T12:00:54+00:00","mainEntityOfPage":{"@id":"https:\/\/transamerica93.com.br\/home\/vacinacao-contra-gripe-veja-locais-e-horarios-em-sao-carlos-araraquara-rio-claro-e-regiao\/"},"wordCount":1312,"publisher":{"@id":"https:\/\/transamerica93.com.br\/home\/#organization"},"image":{"@id":"https:\/\/transamerica93.com.br\/home\/vacinacao-contra-gripe-veja-locais-e-horarios-em-sao-carlos-araraquara-rio-claro-e-regiao\/#primaryimage"},"thumbnailUrl":"https:\/\/transamerica93.com.br\/home\/wp-content\/uploads\/2024\/03\/imagem-27.jpg","articleSection":["Geral"],"inLanguage":"pt-BR"},{"@type":"WebPage","@id":"https:\/\/transamerica93.com.br\/home\/vacinacao-contra-gripe-veja-locais-e-horarios-em-sao-carlos-araraquara-rio-claro-e-regiao\/","url":"https:\/\/transamerica93.com.br\/home\/vacinacao-contra-gripe-veja-locais-e-horarios-em-sao-carlos-araraquara-rio-claro-e-regiao\/","name":"Vacina\u00e7\u00e3o contra gripe: veja locais e hor\u00e1rios em S\u00e3o Carlos, Araraquara, Rio Claro e regi\u00e3o - Transam\u00e9rica Mococa 93,3","isPartOf":{"@id":"https:\/\/transamerica93.com.br\/home\/#website"},"primaryImageOfPage":{"@id":"https:\/\/transamerica93.com.br\/home\/vacinacao-contra-gripe-veja-locais-e-horarios-em-sao-carlos-araraquara-rio-claro-e-regiao\/#primaryimage"},"image":{"@id":"https:\/\/transamerica93.com.br\/home\/vacinacao-contra-gripe-veja-locais-e-horarios-em-sao-carlos-araraquara-rio-claro-e-regiao\/#primaryimage"},"thumbnailUrl":"https:\/\/transamerica93.com.br\/home\/wp-content\/uploads\/2024\/03\/imagem-27.jpg","datePublished":"2024-04-01T12:00:54+00:00","breadcrumb":{"@id":"https:\/\/transamerica93.com.br\/home\/vacinacao-contra-gripe-veja-locais-e-horarios-em-sao-carlos-araraquara-rio-claro-e-regiao\/#breadcrumb"},"inLanguage":"pt-BR","potentialAction":[{"@type":"ReadAction","target":["https:\/\/transamerica93.com.br\/home\/vacinacao-contra-gripe-veja-locais-e-horarios-em-sao-carlos-araraquara-rio-claro-e-regiao\/"]}]},{"@type":"ImageObject","inLanguage":"pt-BR","@id":"https:\/\/transamerica93.com.br\/home\/vacinacao-contra-gripe-veja-locais-e-horarios-em-sao-carlos-araraquara-rio-claro-e-regiao\/#primaryimage","url":"https:\/\/transamerica93.com.br\/home\/wp-content\/uploads\/2024\/03\/imagem-27.jpg","contentUrl":"https:\/\/transamerica93.com.br\/home\/wp-content\/uploads\/2024\/03\/imagem-27.jpg","width":981,"height":658,"caption":"Vacina\u00e7\u00e3o contra a gripe \u2014 Foto: Foto - Divulga\u00e7\u00e3o."},{"@type":"BreadcrumbList","@id":"https:\/\/transamerica93.com.br\/home\/vacinacao-contra-gripe-veja-locais-e-horarios-em-sao-carlos-araraquara-rio-claro-e-regiao\/#breadcrumb","itemListElement":[{"@type":"ListItem","position":1,"name":"In\u00edcio","item":"https:\/\/transamerica93.com.br\/home\/"},{"@type":"ListItem","position":2,"name":"Vacina\u00e7\u00e3o contra gripe: veja locais e hor\u00e1rios em S\u00e3o Carlos, Araraquara, Rio Claro e regi\u00e3o"}]},{"@type":"WebSite","@id":"https:\/\/transamerica93.com.br\/home\/#website","url":"https:\/\/transamerica93.com.br\/home\/","name":"Transam\u00e9rica Mococa 93,3","description":"","publisher":{"@id":"https:\/\/transamerica93.com.br\/home\/#organization"},"potentialAction":[{"@type":"SearchAction","target":{"@type":"EntryPoint","urlTemplate":"https:\/\/transamerica93.com.br\/home\/?s={search_term_string}"},"query-input":{"@type":"PropertyValueSpecification","valueRequired":true,"valueName":"search_term_string"}}],"inLanguage":"pt-BR"},{"@type":"Organization","@id":"https:\/\/transamerica93.com.br\/home\/#organization","name":"Transam\u00e9rica Mococa 93,3","url":"https:\/\/transamerica93.com.br\/home\/","logo":{"@type":"ImageObject","inLanguage":"pt-BR","@id":"https:\/\/transamerica93.com.br\/home\/#\/schema\/logo\/image\/","url":"https:\/\/transamerica93.com.br\/home\/wp-content\/uploads\/2023\/10\/logo2.png","contentUrl":"https:\/\/transamerica93.com.br\/home\/wp-content\/uploads\/2023\/10\/logo2.png","width":800,"height":500,"caption":"Transam\u00e9rica Mococa 93,3"},"image":{"@id":"https:\/\/transamerica93.com.br\/home\/#\/schema\/logo\/image\/"},"sameAs":["https:\/\/www.facebook.com\/transamericamococa","https:\/\/x.com\/transamerica933","https:\/\/www.instagram.com\/transamericamococa"]},{"@type":"Person","@id":"https:\/\/transamerica93.com.br\/home\/#\/schema\/person\/7fed7c99c0d4562efa8561bc0f543172","name":"Reda\u00e7\u00e3o","image":{"@type":"ImageObject","inLanguage":"pt-BR","@id":"https:\/\/secure.gravatar.com\/avatar\/1072c6b775fb02ef8506ce967551d95926669a6b7d2c2147b42eea4d7c68395e?s=96&d=mm&r=g","url":"https:\/\/secure.gravatar.com\/avatar\/1072c6b775fb02ef8506ce967551d95926669a6b7d2c2147b42eea4d7c68395e?s=96&d=mm&r=g","contentUrl":"https:\/\/secure.gravatar.com\/avatar\/1072c6b775fb02ef8506ce967551d95926669a6b7d2c2147b42eea4d7c68395e?s=96&d=mm&r=g","caption":"Reda\u00e7\u00e3o"},"sameAs":["https:\/\/transamerica93.com.br\/home"],"url":"https:\/\/transamerica93.com.br\/home\/author\/william\/"}]}},"_links":{"self":[{"href":"https:\/\/transamerica93.com.br\/home\/wp-json\/wp\/v2\/posts\/2679","targetHints":{"allow":["GET"]}}],"collection":[{"href":"https:\/\/transamerica93.com.br\/home\/wp-json\/wp\/v2\/posts"}],"about":[{"href":"https:\/\/transamerica93.com.br\/home\/wp-json\/wp\/v2\/types\/post"}],"author":[{"embeddable":true,"href":"https:\/\/transamerica93.com.br\/home\/wp-json\/wp\/v2\/users\/1"}],"replies":[{"embeddable":true,"href":"https:\/\/transamerica93.com.br\/home\/wp-json\/wp\/v2\/comments?post=2679"}],"version-history":[{"count":1,"href":"https:\/\/transamerica93.com.br\/home\/wp-json\/wp\/v2\/posts\/2679\/revisions"}],"predecessor-version":[{"id":2681,"href":"https:\/\/transamerica93.com.br\/home\/wp-json\/wp\/v2\/posts\/2679\/revisions\/2681"}],"wp:featuredmedia":[{"embeddable":true,"href":"https:\/\/transamerica93.com.br\/home\/wp-json\/wp\/v2\/media\/2680"}],"wp:attachment":[{"href":"https:\/\/transamerica93.com.br\/home\/wp-json\/wp\/v2\/media?parent=2679"}],"wp:term":[{"taxonomy":"category","embeddable":true,"href":"https:\/\/transamerica93.com.br\/home\/wp-json\/wp\/v2\/categories?post=2679"},{"taxonomy":"post_tag","embeddable":true,"href":"https:\/\/transamerica93.com.br\/home\/wp-json\/wp\/v2\/tags?post=2679"}],"curies":[{"name":"wp","href":"https:\/\/api.w.org\/{rel}","templated":true}]}}