{"id":2694,"date":"2024-04-01T12:00:02","date_gmt":"2024-04-01T15:00:02","guid":{"rendered":"https:\/\/transamerica93.com.br\/home\/?p=2694"},"modified":"2024-03-29T18:48:05","modified_gmt":"2024-03-29T21:48:05","slug":"igor-coronado-e-diagnosticado-com-dengue-e-deve-desfalcar-corinthians-na-sul-americana","status":"publish","type":"post","link":"https:\/\/transamerica93.com.br\/home\/igor-coronado-e-diagnosticado-com-dengue-e-deve-desfalcar-corinthians-na-sul-americana\/","title":{"rendered":"Igor Coronado \u00e9 diagnosticado com dengue e deve desfalcar Corinthians na Sul-Americana"},"content":{"rendered":"<p>O Corinthians pode ter um problema para a estreia na Copa Sul-Americana. O meia Igor Coronado foi diagnosticado com dengue e est\u00e1 sendo observado pelo departamento m\u00e9dico do clube. Ele j\u00e1 havia ficado de fora do amistoso frente ao Londrina, realizado na \u00faltima quarta-feira, na cidade de Cascavel (PR). Dificilmente o atleta estar\u00e1 \u00e0 disposi\u00e7\u00e3o diante do Racing, na ter\u00e7a-feira, \u00e0s 21h30 (hor\u00e1rio de Bras\u00edlia), no est\u00e1dio Centen\u00e1rio, em Montevid\u00e9u, no Uruguai.<\/p>\n<p>O diagn\u00f3stico de dengue foi confirmado logo ap\u00f3s o atleta se recuperar de uma les\u00e3o muscular na coxa. A tend\u00eancia \u00e9 que a doen\u00e7a retarde o processo de recondicionamento f\u00edsico do jogador<\/p>\n<p>Na manh\u00e3 desta sexta-feira, no CT Dr. Joaquim Grava, o Corinthians se reapresentou ap\u00f3s um dia de descanso. Os atletas realizaram uma ativa\u00e7\u00e3o f\u00edsica na academia antes de seguirem para o aquecimento no campo. O t\u00e9cnico Ant\u00f3nio Oliveira organizou um treinamento de posse de bola e marca\u00e7\u00e3o press\u00e3o em espa\u00e7o reduzido e, depois, um enfrentamento tamb\u00e9m com o campo encurtado.<\/p>\n<p>O zagueiro F\u00e9lix Torres retornou ap\u00f3s servir \u00e0 sele\u00e7\u00e3o do Equador na Data Fifa e treinou com o grupo. O treinador ainda est\u00e1 na expectativa de poder contar com Diego Palacios e Fausto Vera, em transi\u00e7\u00e3o f\u00edsica devido a suas respectivas les\u00f5es.<\/p>\n<p>J\u00e1 o volante Maycon ainda n\u00e3o tem previs\u00e3o de retornar aos gramados. O jogador teve uma les\u00e3o no m\u00fasculo retofemural da coxa direita e deve perder os primeiros jogos da equipe na Sul-Americana.<\/p>\n<p>O Corinthians est\u00e1 no Grupo F do torneio continental. Al\u00e9m do Racing, do Uruguai, enfrentar\u00e1 o Argentinos Juniors, da Argentina, e o Nacional, do Paraguai.<\/p>\n","protected":false},"excerpt":{"rendered":"<p>O Corinthians pode ter um problema para a estreia na Copa Sul-Americana. O meia Igor Coronado foi diagnosticado com dengue e est\u00e1 sendo observado pelo departamento m\u00e9dico do clube. Ele j\u00e1 havia ficado de fora do amistoso frente ao Londrina, realizado na \u00faltima quarta-feira, na cidade de Cascavel (PR). Dificilmente o atleta estar\u00e1 \u00e0 disposi\u00e7\u00e3o &hellip;<\/p>\n","protected":false},"author":1,"featured_media":2695,"comment_status":"closed","ping_status":"closed","sticky":false,"template":"","format":"standard","meta":{"footnotes":""},"categories":[31],"tags":[],"class_list":["post-2694","post","type-post","status-publish","format-standard","has-post-thumbnail","hentry","category-esportes"],"yoast_head":"<!-- This site is optimized with the Yoast SEO plugin v27.4 - https:\/\/yoast.com\/product\/yoast-seo-wordpress\/ -->\n<title>Igor Coronado \u00e9 diagnosticado com dengue e deve desfalcar Corinthians na Sul-Americana - Transam\u00e9rica Mococa 93,3<\/title>\n<meta name=\"robots\" content=\"index, follow, max-snippet:-1, max-image-preview:large, max-video-preview:-1\" \/>\n<link rel=\"canonical\" href=\"https:\/\/transamerica93.com.br\/home\/igor-coronado-e-diagnosticado-com-dengue-e-deve-desfalcar-corinthians-na-sul-americana\/\" \/>\n<meta property=\"og:locale\" content=\"pt_BR\" \/>\n<meta property=\"og:type\" content=\"article\" \/>\n<meta property=\"og:title\" content=\"Igor Coronado \u00e9 diagnosticado com dengue e deve desfalcar Corinthians na Sul-Americana - Transam\u00e9rica Mococa 93,3\" \/>\n<meta property=\"og:description\" content=\"O Corinthians pode ter um problema para a estreia na Copa Sul-Americana. O meia Igor Coronado foi diagnosticado com dengue e est\u00e1 sendo observado pelo departamento m\u00e9dico do clube. Ele j\u00e1 havia ficado de fora do amistoso frente ao Londrina, realizado na \u00faltima quarta-feira, na cidade de Cascavel (PR). Dificilmente o atleta estar\u00e1 \u00e0 disposi\u00e7\u00e3o &hellip;\" \/>\n<meta property=\"og:url\" content=\"https:\/\/transamerica93.com.br\/home\/igor-coronado-e-diagnosticado-com-dengue-e-deve-desfalcar-corinthians-na-sul-americana\/\" \/>\n<meta property=\"og:site_name\" content=\"Transam\u00e9rica Mococa 93,3\" \/>\n<meta property=\"article:publisher\" content=\"https:\/\/www.facebook.com\/transamericamococa\" \/>\n<meta property=\"article:published_time\" content=\"2024-04-01T15:00:02+00:00\" \/>\n<meta property=\"og:image\" content=\"https:\/\/transamerica93.com.br\/home\/wp-content\/uploads\/2024\/03\/1-1.jpg\" \/>\n\t<meta property=\"og:image:width\" content=\"774\" \/>\n\t<meta property=\"og:image:height\" content=\"505\" \/>\n\t<meta property=\"og:image:type\" content=\"image\/jpeg\" \/>\n<meta name=\"author\" content=\"Reda\u00e7\u00e3o\" \/>\n<meta name=\"twitter:card\" content=\"summary_large_image\" \/>\n<meta name=\"twitter:creator\" content=\"@transamerica933\" \/>\n<meta name=\"twitter:site\" content=\"@transamerica933\" \/>\n<meta name=\"twitter:label1\" content=\"Escrito por\" \/>\n\t<meta name=\"twitter:data1\" content=\"Reda\u00e7\u00e3o\" \/>\n\t<meta name=\"twitter:label2\" content=\"Est. tempo de leitura\" \/>\n\t<meta name=\"twitter:data2\" content=\"2 minutos\" \/>\n<script type=\"application\/ld+json\" class=\"yoast-schema-graph\">{\"@context\":\"https:\\\/\\\/schema.org\",\"@graph\":[{\"@type\":\"Article\",\"@id\":\"https:\\\/\\\/transamerica93.com.br\\\/home\\\/igor-coronado-e-diagnosticado-com-dengue-e-deve-desfalcar-corinthians-na-sul-americana\\\/#article\",\"isPartOf\":{\"@id\":\"https:\\\/\\\/transamerica93.com.br\\\/home\\\/igor-coronado-e-diagnosticado-com-dengue-e-deve-desfalcar-corinthians-na-sul-americana\\\/\"},\"author\":{\"name\":\"Reda\u00e7\u00e3o\",\"@id\":\"https:\\\/\\\/transamerica93.com.br\\\/home\\\/#\\\/schema\\\/person\\\/7fed7c99c0d4562efa8561bc0f543172\"},\"headline\":\"Igor Coronado \u00e9 diagnosticado com dengue e deve desfalcar Corinthians na Sul-Americana\",\"datePublished\":\"2024-04-01T15:00:02+00:00\",\"mainEntityOfPage\":{\"@id\":\"https:\\\/\\\/transamerica93.com.br\\\/home\\\/igor-coronado-e-diagnosticado-com-dengue-e-deve-desfalcar-corinthians-na-sul-americana\\\/\"},\"wordCount\":306,\"publisher\":{\"@id\":\"https:\\\/\\\/transamerica93.com.br\\\/home\\\/#organization\"},\"image\":{\"@id\":\"https:\\\/\\\/transamerica93.com.br\\\/home\\\/igor-coronado-e-diagnosticado-com-dengue-e-deve-desfalcar-corinthians-na-sul-americana\\\/#primaryimage\"},\"thumbnailUrl\":\"https:\\\/\\\/transamerica93.com.br\\\/home\\\/wp-content\\\/uploads\\\/2024\\\/03\\\/1-1.jpg\",\"articleSection\":[\"Esportes\"],\"inLanguage\":\"pt-BR\"},{\"@type\":\"WebPage\",\"@id\":\"https:\\\/\\\/transamerica93.com.br\\\/home\\\/igor-coronado-e-diagnosticado-com-dengue-e-deve-desfalcar-corinthians-na-sul-americana\\\/\",\"url\":\"https:\\\/\\\/transamerica93.com.br\\\/home\\\/igor-coronado-e-diagnosticado-com-dengue-e-deve-desfalcar-corinthians-na-sul-americana\\\/\",\"name\":\"Igor Coronado \u00e9 diagnosticado com dengue e deve desfalcar Corinthians na Sul-Americana - Transam\u00e9rica Mococa 93,3\",\"isPartOf\":{\"@id\":\"https:\\\/\\\/transamerica93.com.br\\\/home\\\/#website\"},\"primaryImageOfPage\":{\"@id\":\"https:\\\/\\\/transamerica93.com.br\\\/home\\\/igor-coronado-e-diagnosticado-com-dengue-e-deve-desfalcar-corinthians-na-sul-americana\\\/#primaryimage\"},\"image\":{\"@id\":\"https:\\\/\\\/transamerica93.com.br\\\/home\\\/igor-coronado-e-diagnosticado-com-dengue-e-deve-desfalcar-corinthians-na-sul-americana\\\/#primaryimage\"},\"thumbnailUrl\":\"https:\\\/\\\/transamerica93.com.br\\\/home\\\/wp-content\\\/uploads\\\/2024\\\/03\\\/1-1.jpg\",\"datePublished\":\"2024-04-01T15:00:02+00:00\",\"breadcrumb\":{\"@id\":\"https:\\\/\\\/transamerica93.com.br\\\/home\\\/igor-coronado-e-diagnosticado-com-dengue-e-deve-desfalcar-corinthians-na-sul-americana\\\/#breadcrumb\"},\"inLanguage\":\"pt-BR\",\"potentialAction\":[{\"@type\":\"ReadAction\",\"target\":[\"https:\\\/\\\/transamerica93.com.br\\\/home\\\/igor-coronado-e-diagnosticado-com-dengue-e-deve-desfalcar-corinthians-na-sul-americana\\\/\"]}]},{\"@type\":\"ImageObject\",\"inLanguage\":\"pt-BR\",\"@id\":\"https:\\\/\\\/transamerica93.com.br\\\/home\\\/igor-coronado-e-diagnosticado-com-dengue-e-deve-desfalcar-corinthians-na-sul-americana\\\/#primaryimage\",\"url\":\"https:\\\/\\\/transamerica93.com.br\\\/home\\\/wp-content\\\/uploads\\\/2024\\\/03\\\/1-1.jpg\",\"contentUrl\":\"https:\\\/\\\/transamerica93.com.br\\\/home\\\/wp-content\\\/uploads\\\/2024\\\/03\\\/1-1.jpg\",\"width\":774,\"height\":505,\"caption\":\"Foto: Rodrigo Coca\\\/Ag\u00eancia Corinthians\"},{\"@type\":\"BreadcrumbList\",\"@id\":\"https:\\\/\\\/transamerica93.com.br\\\/home\\\/igor-coronado-e-diagnosticado-com-dengue-e-deve-desfalcar-corinthians-na-sul-americana\\\/#breadcrumb\",\"itemListElement\":[{\"@type\":\"ListItem\",\"position\":1,\"name\":\"In\u00edcio\",\"item\":\"https:\\\/\\\/transamerica93.com.br\\\/home\\\/\"},{\"@type\":\"ListItem\",\"position\":2,\"name\":\"Igor Coronado \u00e9 diagnosticado com dengue e deve desfalcar Corinthians na Sul-Americana\"}]},{\"@type\":\"WebSite\",\"@id\":\"https:\\\/\\\/transamerica93.com.br\\\/home\\\/#website\",\"url\":\"https:\\\/\\\/transamerica93.com.br\\\/home\\\/\",\"name\":\"Transam\u00e9rica Mococa 93,3\",\"description\":\"\",\"publisher\":{\"@id\":\"https:\\\/\\\/transamerica93.com.br\\\/home\\\/#organization\"},\"potentialAction\":[{\"@type\":\"SearchAction\",\"target\":{\"@type\":\"EntryPoint\",\"urlTemplate\":\"https:\\\/\\\/transamerica93.com.br\\\/home\\\/?s={search_term_string}\"},\"query-input\":{\"@type\":\"PropertyValueSpecification\",\"valueRequired\":true,\"valueName\":\"search_term_string\"}}],\"inLanguage\":\"pt-BR\"},{\"@type\":\"Organization\",\"@id\":\"https:\\\/\\\/transamerica93.com.br\\\/home\\\/#organization\",\"name\":\"Transam\u00e9rica Mococa 93,3\",\"url\":\"https:\\\/\\\/transamerica93.com.br\\\/home\\\/\",\"logo\":{\"@type\":\"ImageObject\",\"inLanguage\":\"pt-BR\",\"@id\":\"https:\\\/\\\/transamerica93.com.br\\\/home\\\/#\\\/schema\\\/logo\\\/image\\\/\",\"url\":\"https:\\\/\\\/transamerica93.com.br\\\/home\\\/wp-content\\\/uploads\\\/2023\\\/10\\\/logo2.png\",\"contentUrl\":\"https:\\\/\\\/transamerica93.com.br\\\/home\\\/wp-content\\\/uploads\\\/2023\\\/10\\\/logo2.png\",\"width\":800,\"height\":500,\"caption\":\"Transam\u00e9rica Mococa 93,3\"},\"image\":{\"@id\":\"https:\\\/\\\/transamerica93.com.br\\\/home\\\/#\\\/schema\\\/logo\\\/image\\\/\"},\"sameAs\":[\"https:\\\/\\\/www.facebook.com\\\/transamericamococa\",\"https:\\\/\\\/x.com\\\/transamerica933\",\"https:\\\/\\\/www.instagram.com\\\/transamericamococa\"]},{\"@type\":\"Person\",\"@id\":\"https:\\\/\\\/transamerica93.com.br\\\/home\\\/#\\\/schema\\\/person\\\/7fed7c99c0d4562efa8561bc0f543172\",\"name\":\"Reda\u00e7\u00e3o\",\"image\":{\"@type\":\"ImageObject\",\"inLanguage\":\"pt-BR\",\"@id\":\"https:\\\/\\\/secure.gravatar.com\\\/avatar\\\/1072c6b775fb02ef8506ce967551d95926669a6b7d2c2147b42eea4d7c68395e?s=96&d=mm&r=g\",\"url\":\"https:\\\/\\\/secure.gravatar.com\\\/avatar\\\/1072c6b775fb02ef8506ce967551d95926669a6b7d2c2147b42eea4d7c68395e?s=96&d=mm&r=g\",\"contentUrl\":\"https:\\\/\\\/secure.gravatar.com\\\/avatar\\\/1072c6b775fb02ef8506ce967551d95926669a6b7d2c2147b42eea4d7c68395e?s=96&d=mm&r=g\",\"caption\":\"Reda\u00e7\u00e3o\"},\"sameAs\":[\"https:\\\/\\\/transamerica93.com.br\\\/home\"],\"url\":\"https:\\\/\\\/transamerica93.com.br\\\/home\\\/author\\\/william\\\/\"}]}<\/script>\n<!-- \/ Yoast SEO plugin. -->","yoast_head_json":{"title":"Igor Coronado \u00e9 diagnosticado com dengue e deve desfalcar Corinthians na Sul-Americana - Transam\u00e9rica Mococa 93,3","robots":{"index":"index","follow":"follow","max-snippet":"max-snippet:-1","max-image-preview":"max-image-preview:large","max-video-preview":"max-video-preview:-1"},"canonical":"https:\/\/transamerica93.com.br\/home\/igor-coronado-e-diagnosticado-com-dengue-e-deve-desfalcar-corinthians-na-sul-americana\/","og_locale":"pt_BR","og_type":"article","og_title":"Igor Coronado \u00e9 diagnosticado com dengue e deve desfalcar Corinthians na Sul-Americana - Transam\u00e9rica Mococa 93,3","og_description":"O Corinthians pode ter um problema para a estreia na Copa Sul-Americana. O meia Igor Coronado foi diagnosticado com dengue e est\u00e1 sendo observado pelo departamento m\u00e9dico do clube. Ele j\u00e1 havia ficado de fora do amistoso frente ao Londrina, realizado na \u00faltima quarta-feira, na cidade de Cascavel (PR). Dificilmente o atleta estar\u00e1 \u00e0 disposi\u00e7\u00e3o &hellip;","og_url":"https:\/\/transamerica93.com.br\/home\/igor-coronado-e-diagnosticado-com-dengue-e-deve-desfalcar-corinthians-na-sul-americana\/","og_site_name":"Transam\u00e9rica Mococa 93,3","article_publisher":"https:\/\/www.facebook.com\/transamericamococa","article_published_time":"2024-04-01T15:00:02+00:00","og_image":[{"width":774,"height":505,"url":"https:\/\/transamerica93.com.br\/home\/wp-content\/uploads\/2024\/03\/1-1.jpg","type":"image\/jpeg"}],"author":"Reda\u00e7\u00e3o","twitter_card":"summary_large_image","twitter_creator":"@transamerica933","twitter_site":"@transamerica933","twitter_misc":{"Escrito por":"Reda\u00e7\u00e3o","Est. tempo de leitura":"2 minutos"},"schema":{"@context":"https:\/\/schema.org","@graph":[{"@type":"Article","@id":"https:\/\/transamerica93.com.br\/home\/igor-coronado-e-diagnosticado-com-dengue-e-deve-desfalcar-corinthians-na-sul-americana\/#article","isPartOf":{"@id":"https:\/\/transamerica93.com.br\/home\/igor-coronado-e-diagnosticado-com-dengue-e-deve-desfalcar-corinthians-na-sul-americana\/"},"author":{"name":"Reda\u00e7\u00e3o","@id":"https:\/\/transamerica93.com.br\/home\/#\/schema\/person\/7fed7c99c0d4562efa8561bc0f543172"},"headline":"Igor Coronado \u00e9 diagnosticado com dengue e deve desfalcar Corinthians na Sul-Americana","datePublished":"2024-04-01T15:00:02+00:00","mainEntityOfPage":{"@id":"https:\/\/transamerica93.com.br\/home\/igor-coronado-e-diagnosticado-com-dengue-e-deve-desfalcar-corinthians-na-sul-americana\/"},"wordCount":306,"publisher":{"@id":"https:\/\/transamerica93.com.br\/home\/#organization"},"image":{"@id":"https:\/\/transamerica93.com.br\/home\/igor-coronado-e-diagnosticado-com-dengue-e-deve-desfalcar-corinthians-na-sul-americana\/#primaryimage"},"thumbnailUrl":"https:\/\/transamerica93.com.br\/home\/wp-content\/uploads\/2024\/03\/1-1.jpg","articleSection":["Esportes"],"inLanguage":"pt-BR"},{"@type":"WebPage","@id":"https:\/\/transamerica93.com.br\/home\/igor-coronado-e-diagnosticado-com-dengue-e-deve-desfalcar-corinthians-na-sul-americana\/","url":"https:\/\/transamerica93.com.br\/home\/igor-coronado-e-diagnosticado-com-dengue-e-deve-desfalcar-corinthians-na-sul-americana\/","name":"Igor Coronado \u00e9 diagnosticado com dengue e deve desfalcar Corinthians na Sul-Americana - Transam\u00e9rica Mococa 93,3","isPartOf":{"@id":"https:\/\/transamerica93.com.br\/home\/#website"},"primaryImageOfPage":{"@id":"https:\/\/transamerica93.com.br\/home\/igor-coronado-e-diagnosticado-com-dengue-e-deve-desfalcar-corinthians-na-sul-americana\/#primaryimage"},"image":{"@id":"https:\/\/transamerica93.com.br\/home\/igor-coronado-e-diagnosticado-com-dengue-e-deve-desfalcar-corinthians-na-sul-americana\/#primaryimage"},"thumbnailUrl":"https:\/\/transamerica93.com.br\/home\/wp-content\/uploads\/2024\/03\/1-1.jpg","datePublished":"2024-04-01T15:00:02+00:00","breadcrumb":{"@id":"https:\/\/transamerica93.com.br\/home\/igor-coronado-e-diagnosticado-com-dengue-e-deve-desfalcar-corinthians-na-sul-americana\/#breadcrumb"},"inLanguage":"pt-BR","potentialAction":[{"@type":"ReadAction","target":["https:\/\/transamerica93.com.br\/home\/igor-coronado-e-diagnosticado-com-dengue-e-deve-desfalcar-corinthians-na-sul-americana\/"]}]},{"@type":"ImageObject","inLanguage":"pt-BR","@id":"https:\/\/transamerica93.com.br\/home\/igor-coronado-e-diagnosticado-com-dengue-e-deve-desfalcar-corinthians-na-sul-americana\/#primaryimage","url":"https:\/\/transamerica93.com.br\/home\/wp-content\/uploads\/2024\/03\/1-1.jpg","contentUrl":"https:\/\/transamerica93.com.br\/home\/wp-content\/uploads\/2024\/03\/1-1.jpg","width":774,"height":505,"caption":"Foto: Rodrigo Coca\/Ag\u00eancia Corinthians"},{"@type":"BreadcrumbList","@id":"https:\/\/transamerica93.com.br\/home\/igor-coronado-e-diagnosticado-com-dengue-e-deve-desfalcar-corinthians-na-sul-americana\/#breadcrumb","itemListElement":[{"@type":"ListItem","position":1,"name":"In\u00edcio","item":"https:\/\/transamerica93.com.br\/home\/"},{"@type":"ListItem","position":2,"name":"Igor Coronado \u00e9 diagnosticado com dengue e deve desfalcar Corinthians na Sul-Americana"}]},{"@type":"WebSite","@id":"https:\/\/transamerica93.com.br\/home\/#website","url":"https:\/\/transamerica93.com.br\/home\/","name":"Transam\u00e9rica Mococa 93,3","description":"","publisher":{"@id":"https:\/\/transamerica93.com.br\/home\/#organization"},"potentialAction":[{"@type":"SearchAction","target":{"@type":"EntryPoint","urlTemplate":"https:\/\/transamerica93.com.br\/home\/?s={search_term_string}"},"query-input":{"@type":"PropertyValueSpecification","valueRequired":true,"valueName":"search_term_string"}}],"inLanguage":"pt-BR"},{"@type":"Organization","@id":"https:\/\/transamerica93.com.br\/home\/#organization","name":"Transam\u00e9rica Mococa 93,3","url":"https:\/\/transamerica93.com.br\/home\/","logo":{"@type":"ImageObject","inLanguage":"pt-BR","@id":"https:\/\/transamerica93.com.br\/home\/#\/schema\/logo\/image\/","url":"https:\/\/transamerica93.com.br\/home\/wp-content\/uploads\/2023\/10\/logo2.png","contentUrl":"https:\/\/transamerica93.com.br\/home\/wp-content\/uploads\/2023\/10\/logo2.png","width":800,"height":500,"caption":"Transam\u00e9rica Mococa 93,3"},"image":{"@id":"https:\/\/transamerica93.com.br\/home\/#\/schema\/logo\/image\/"},"sameAs":["https:\/\/www.facebook.com\/transamericamococa","https:\/\/x.com\/transamerica933","https:\/\/www.instagram.com\/transamericamococa"]},{"@type":"Person","@id":"https:\/\/transamerica93.com.br\/home\/#\/schema\/person\/7fed7c99c0d4562efa8561bc0f543172","name":"Reda\u00e7\u00e3o","image":{"@type":"ImageObject","inLanguage":"pt-BR","@id":"https:\/\/secure.gravatar.com\/avatar\/1072c6b775fb02ef8506ce967551d95926669a6b7d2c2147b42eea4d7c68395e?s=96&d=mm&r=g","url":"https:\/\/secure.gravatar.com\/avatar\/1072c6b775fb02ef8506ce967551d95926669a6b7d2c2147b42eea4d7c68395e?s=96&d=mm&r=g","contentUrl":"https:\/\/secure.gravatar.com\/avatar\/1072c6b775fb02ef8506ce967551d95926669a6b7d2c2147b42eea4d7c68395e?s=96&d=mm&r=g","caption":"Reda\u00e7\u00e3o"},"sameAs":["https:\/\/transamerica93.com.br\/home"],"url":"https:\/\/transamerica93.com.br\/home\/author\/william\/"}]}},"_links":{"self":[{"href":"https:\/\/transamerica93.com.br\/home\/wp-json\/wp\/v2\/posts\/2694","targetHints":{"allow":["GET"]}}],"collection":[{"href":"https:\/\/transamerica93.com.br\/home\/wp-json\/wp\/v2\/posts"}],"about":[{"href":"https:\/\/transamerica93.com.br\/home\/wp-json\/wp\/v2\/types\/post"}],"author":[{"embeddable":true,"href":"https:\/\/transamerica93.com.br\/home\/wp-json\/wp\/v2\/users\/1"}],"replies":[{"embeddable":true,"href":"https:\/\/transamerica93.com.br\/home\/wp-json\/wp\/v2\/comments?post=2694"}],"version-history":[{"count":1,"href":"https:\/\/transamerica93.com.br\/home\/wp-json\/wp\/v2\/posts\/2694\/revisions"}],"predecessor-version":[{"id":2696,"href":"https:\/\/transamerica93.com.br\/home\/wp-json\/wp\/v2\/posts\/2694\/revisions\/2696"}],"wp:featuredmedia":[{"embeddable":true,"href":"https:\/\/transamerica93.com.br\/home\/wp-json\/wp\/v2\/media\/2695"}],"wp:attachment":[{"href":"https:\/\/transamerica93.com.br\/home\/wp-json\/wp\/v2\/media?parent=2694"}],"wp:term":[{"taxonomy":"category","embeddable":true,"href":"https:\/\/transamerica93.com.br\/home\/wp-json\/wp\/v2\/categories?post=2694"},{"taxonomy":"post_tag","embeddable":true,"href":"https:\/\/transamerica93.com.br\/home\/wp-json\/wp\/v2\/tags?post=2694"}],"curies":[{"name":"wp","href":"https:\/\/api.w.org\/{rel}","templated":true}]}}