{"id":2697,"date":"2024-04-02T12:00:36","date_gmt":"2024-04-02T15:00:36","guid":{"rendered":"https:\/\/transamerica93.com.br\/home\/?p=2697"},"modified":"2024-03-29T18:49:40","modified_gmt":"2024-03-29T21:49:40","slug":"abel-ferreira-minimiza-rivalidade-e-ve-final-do-paulistao-entre-palmeiras-e-santos-como-justa","status":"publish","type":"post","link":"https:\/\/transamerica93.com.br\/home\/abel-ferreira-minimiza-rivalidade-e-ve-final-do-paulistao-entre-palmeiras-e-santos-como-justa\/","title":{"rendered":"Abel Ferreira minimiza rivalidade e v\u00ea final do Paulist\u00e3o entre Palmeiras e Santos como justa"},"content":{"rendered":"<div id=\"Corpo\">O t\u00e9cnico Abel Ferreira n\u00e3o quis bater na tecla da rivalidade, entre Palmeiras e Santos, que viveu um de seus auges entre os anos de 2015 a 2021, quando fizeram tr\u00eas finais (Paulist\u00e3o, Copa do Brasil e Libertadores). O treinador demonstrou muito respeito ao rival e entendeu ser uma final justa de Estadual, j\u00e1 que os dois times tiveram as melhores campanhas da primeira fase.<\/p>\n<p>&#8220;Eu sei que essa rivalidade \u00e9 antiga e eu cheguei recentemente. O Santos tem uma hist\u00f3ria imensa e, para ser bem sincero, quando eu era pequeno eu via mais o Santos do que o Palmeiras, por conta do Pel\u00e9. N\u00f3s respeitamos o nosso advers\u00e1rio. A final \u00e9 justa com os dois times melhores colocados disputando a final. Entendemos essa rivalidade, mas encaramos como mais uma final. Vamos focar na nossa tarefa e competir&#8221;, disse Abel, durante a coletiva de imprensa realizada entre os dois t\u00e9cnicos finalistas na sede da Federa\u00e7\u00e3o Paulista de Futebol (FPF).<\/p>\n<p>Em busca do seu d\u00e9cimo t\u00edtulo no comando do Palmeiras, o terceiro no Campeonato Paulista, Abel Ferreira revelou que a press\u00e3o est\u00e1 mais forte sobre o time e sua comiss\u00e3o t\u00e9cnica e destacou que \u00e9 preciso incentivar os jogadores para que eles continuem sempre com &#8220;fome&#8221; de conquistas.<\/p>\n<p>&#8220;Fazemos um trabalho de continuidade. Este ano trouxemos coisas novas para que os jogadores se sintam desafiados. Apesar de a base ser quase a mesma, estamos instalando din\u00e2micas diferentes. Ajuda os jogadores a crescerem e a se manterem motivados. \u00c9 um trabalho de continuidade, mas as exig\u00eancias s\u00e3o as mesmas, o sarrafo est\u00e1 cada vez mais alto, e a press\u00e3o s\u00f3 aumenta. Temos que continuar fortes como equipe e dar o nosso melhor para ganhar&#8221;, afirmou.<\/p>\n<p>Abel ainda usa o fato de estar longe de sua terra Natal para motivar seus atletas. &#8220;Meus jogadores sabem que fa\u00e7o muita ren\u00fancia para estar aqui com eles, e n\u00e3o d\u00e1 para fazer isso se n\u00e3o for para brigar por t\u00edtulos. Quando levanto da cama, como treinador, minha miss\u00e3o \u00e9 desafi\u00e1-los. Passamos horas no CT para estarmos nas finais. Veja o que aconteceu ao Corinthians e ao S\u00e3o Paulo, essa competi\u00e7\u00e3o \u00e9 muito dif\u00edcil. \u00c9 dif\u00edcil chegar nas finais de forma consistente. S\u00e3o 13 finais, voc\u00eas exaltam as vit\u00f3rias, mas mesmo nas derrotas sabemos o que fizemos. Mesmo nos momentos em que as coisas n\u00e3o acontecem da forma como queremos, n\u00f3s lutamos e queremos. Se eu chegasse no fim do ano e n\u00e3o ganhasse um t\u00edtulo, eu n\u00e3o estaria aqui.&#8221;<\/p>\n<p>Sobre o calend\u00e1rio, o treinador voltou a critic\u00e1-lo e alertou mais uma vez a import\u00e2ncia de uma mudan\u00e7a no futebol brasileiro. &#8220;Todos dentro dessa sala sabem, enquanto o Santos foca em uma coisa s\u00f3, que \u00e9 a final, n\u00f3s temos um jogo de Libertadores no meio do caminho, com dias de recupera\u00e7\u00e3o a menos. Por isso eu tanto batalho para que se ajuste o calend\u00e1rio.&#8221;<\/p>\n<p>Por fim, o treinador tamb\u00e9m minimizou um duelo individual com F\u00e1bio Carille, que tem tr\u00eas t\u00edtulos do Paulist\u00e3o, todas com o Corinthians, uma conquista a mais do que o palmeirense. &#8220;Eu n\u00e3o busco t\u00edtulos pra mim e eu nunca joguei contra nenhum treinador. \u00c9 o Palmeiras contra o Santos, n\u00e3o \u00e9 o Abel contra ningu\u00e9m, eu nunca joguei contra ningu\u00e9m. J\u00e1 jogamos contra o Santos e sabemos com ser\u00e1 dif\u00edcil. Mas espero que seja uma grande final&#8221;, concluiu.<\/p><\/div>\n","protected":false},"excerpt":{"rendered":"<p>O t\u00e9cnico Abel Ferreira n\u00e3o quis bater na tecla da rivalidade, entre Palmeiras e Santos, que viveu um de seus auges entre os anos de 2015 a 2021, quando fizeram tr\u00eas finais (Paulist\u00e3o, Copa do Brasil e Libertadores). O treinador demonstrou muito respeito ao rival e entendeu ser uma final justa de Estadual, j\u00e1 que &hellip;<\/p>\n","protected":false},"author":1,"featured_media":2698,"comment_status":"closed","ping_status":"closed","sticky":false,"template":"","format":"standard","meta":{"footnotes":""},"categories":[31],"tags":[],"class_list":["post-2697","post","type-post","status-publish","format-standard","has-post-thumbnail","hentry","category-esportes"],"yoast_head":"<!-- This site is optimized with the Yoast SEO plugin v27.4 - https:\/\/yoast.com\/product\/yoast-seo-wordpress\/ -->\n<title>Abel Ferreira minimiza rivalidade e v\u00ea final do Paulist\u00e3o entre Palmeiras e Santos como justa - Transam\u00e9rica Mococa 93,3<\/title>\n<meta name=\"robots\" content=\"index, follow, max-snippet:-1, max-image-preview:large, max-video-preview:-1\" \/>\n<link rel=\"canonical\" href=\"https:\/\/transamerica93.com.br\/home\/abel-ferreira-minimiza-rivalidade-e-ve-final-do-paulistao-entre-palmeiras-e-santos-como-justa\/\" \/>\n<meta property=\"og:locale\" content=\"pt_BR\" \/>\n<meta property=\"og:type\" content=\"article\" \/>\n<meta property=\"og:title\" content=\"Abel Ferreira minimiza rivalidade e v\u00ea final do Paulist\u00e3o entre Palmeiras e Santos como justa - Transam\u00e9rica Mococa 93,3\" \/>\n<meta property=\"og:description\" content=\"O t\u00e9cnico Abel Ferreira n\u00e3o quis bater na tecla da rivalidade, entre Palmeiras e Santos, que viveu um de seus auges entre os anos de 2015 a 2021, quando fizeram tr\u00eas finais (Paulist\u00e3o, Copa do Brasil e Libertadores). O treinador demonstrou muito respeito ao rival e entendeu ser uma final justa de Estadual, j\u00e1 que &hellip;\" \/>\n<meta property=\"og:url\" content=\"https:\/\/transamerica93.com.br\/home\/abel-ferreira-minimiza-rivalidade-e-ve-final-do-paulistao-entre-palmeiras-e-santos-como-justa\/\" \/>\n<meta property=\"og:site_name\" content=\"Transam\u00e9rica Mococa 93,3\" \/>\n<meta property=\"article:publisher\" content=\"https:\/\/www.facebook.com\/transamericamococa\" \/>\n<meta property=\"article:published_time\" content=\"2024-04-02T15:00:36+00:00\" \/>\n<meta property=\"og:image\" content=\"https:\/\/transamerica93.com.br\/home\/wp-content\/uploads\/2024\/03\/1-2.jpg\" \/>\n\t<meta property=\"og:image:width\" content=\"1024\" \/>\n\t<meta property=\"og:image:height\" content=\"735\" \/>\n\t<meta property=\"og:image:type\" content=\"image\/jpeg\" \/>\n<meta name=\"author\" content=\"Reda\u00e7\u00e3o\" \/>\n<meta name=\"twitter:card\" content=\"summary_large_image\" \/>\n<meta name=\"twitter:creator\" content=\"@transamerica933\" \/>\n<meta name=\"twitter:site\" content=\"@transamerica933\" \/>\n<meta name=\"twitter:label1\" content=\"Escrito por\" \/>\n\t<meta name=\"twitter:data1\" content=\"Reda\u00e7\u00e3o\" \/>\n\t<meta name=\"twitter:label2\" content=\"Est. tempo de leitura\" \/>\n\t<meta name=\"twitter:data2\" content=\"4 minutos\" \/>\n<script type=\"application\/ld+json\" class=\"yoast-schema-graph\">{\"@context\":\"https:\\\/\\\/schema.org\",\"@graph\":[{\"@type\":\"Article\",\"@id\":\"https:\\\/\\\/transamerica93.com.br\\\/home\\\/abel-ferreira-minimiza-rivalidade-e-ve-final-do-paulistao-entre-palmeiras-e-santos-como-justa\\\/#article\",\"isPartOf\":{\"@id\":\"https:\\\/\\\/transamerica93.com.br\\\/home\\\/abel-ferreira-minimiza-rivalidade-e-ve-final-do-paulistao-entre-palmeiras-e-santos-como-justa\\\/\"},\"author\":{\"name\":\"Reda\u00e7\u00e3o\",\"@id\":\"https:\\\/\\\/transamerica93.com.br\\\/home\\\/#\\\/schema\\\/person\\\/7fed7c99c0d4562efa8561bc0f543172\"},\"headline\":\"Abel Ferreira minimiza rivalidade e v\u00ea final do Paulist\u00e3o entre Palmeiras e Santos como justa\",\"datePublished\":\"2024-04-02T15:00:36+00:00\",\"mainEntityOfPage\":{\"@id\":\"https:\\\/\\\/transamerica93.com.br\\\/home\\\/abel-ferreira-minimiza-rivalidade-e-ve-final-do-paulistao-entre-palmeiras-e-santos-como-justa\\\/\"},\"wordCount\":614,\"publisher\":{\"@id\":\"https:\\\/\\\/transamerica93.com.br\\\/home\\\/#organization\"},\"image\":{\"@id\":\"https:\\\/\\\/transamerica93.com.br\\\/home\\\/abel-ferreira-minimiza-rivalidade-e-ve-final-do-paulistao-entre-palmeiras-e-santos-como-justa\\\/#primaryimage\"},\"thumbnailUrl\":\"https:\\\/\\\/transamerica93.com.br\\\/home\\\/wp-content\\\/uploads\\\/2024\\\/03\\\/1-2.jpg\",\"articleSection\":[\"Esportes\"],\"inLanguage\":\"pt-BR\"},{\"@type\":\"WebPage\",\"@id\":\"https:\\\/\\\/transamerica93.com.br\\\/home\\\/abel-ferreira-minimiza-rivalidade-e-ve-final-do-paulistao-entre-palmeiras-e-santos-como-justa\\\/\",\"url\":\"https:\\\/\\\/transamerica93.com.br\\\/home\\\/abel-ferreira-minimiza-rivalidade-e-ve-final-do-paulistao-entre-palmeiras-e-santos-como-justa\\\/\",\"name\":\"Abel Ferreira minimiza rivalidade e v\u00ea final do Paulist\u00e3o entre Palmeiras e Santos como justa - Transam\u00e9rica Mococa 93,3\",\"isPartOf\":{\"@id\":\"https:\\\/\\\/transamerica93.com.br\\\/home\\\/#website\"},\"primaryImageOfPage\":{\"@id\":\"https:\\\/\\\/transamerica93.com.br\\\/home\\\/abel-ferreira-minimiza-rivalidade-e-ve-final-do-paulistao-entre-palmeiras-e-santos-como-justa\\\/#primaryimage\"},\"image\":{\"@id\":\"https:\\\/\\\/transamerica93.com.br\\\/home\\\/abel-ferreira-minimiza-rivalidade-e-ve-final-do-paulistao-entre-palmeiras-e-santos-como-justa\\\/#primaryimage\"},\"thumbnailUrl\":\"https:\\\/\\\/transamerica93.com.br\\\/home\\\/wp-content\\\/uploads\\\/2024\\\/03\\\/1-2.jpg\",\"datePublished\":\"2024-04-02T15:00:36+00:00\",\"breadcrumb\":{\"@id\":\"https:\\\/\\\/transamerica93.com.br\\\/home\\\/abel-ferreira-minimiza-rivalidade-e-ve-final-do-paulistao-entre-palmeiras-e-santos-como-justa\\\/#breadcrumb\"},\"inLanguage\":\"pt-BR\",\"potentialAction\":[{\"@type\":\"ReadAction\",\"target\":[\"https:\\\/\\\/transamerica93.com.br\\\/home\\\/abel-ferreira-minimiza-rivalidade-e-ve-final-do-paulistao-entre-palmeiras-e-santos-como-justa\\\/\"]}]},{\"@type\":\"ImageObject\",\"inLanguage\":\"pt-BR\",\"@id\":\"https:\\\/\\\/transamerica93.com.br\\\/home\\\/abel-ferreira-minimiza-rivalidade-e-ve-final-do-paulistao-entre-palmeiras-e-santos-como-justa\\\/#primaryimage\",\"url\":\"https:\\\/\\\/transamerica93.com.br\\\/home\\\/wp-content\\\/uploads\\\/2024\\\/03\\\/1-2.jpg\",\"contentUrl\":\"https:\\\/\\\/transamerica93.com.br\\\/home\\\/wp-content\\\/uploads\\\/2024\\\/03\\\/1-2.jpg\",\"width\":1024,\"height\":735,\"caption\":\"Conmebol\\\/Divulga\u00e7\u00e3o\"},{\"@type\":\"BreadcrumbList\",\"@id\":\"https:\\\/\\\/transamerica93.com.br\\\/home\\\/abel-ferreira-minimiza-rivalidade-e-ve-final-do-paulistao-entre-palmeiras-e-santos-como-justa\\\/#breadcrumb\",\"itemListElement\":[{\"@type\":\"ListItem\",\"position\":1,\"name\":\"In\u00edcio\",\"item\":\"https:\\\/\\\/transamerica93.com.br\\\/home\\\/\"},{\"@type\":\"ListItem\",\"position\":2,\"name\":\"Abel Ferreira minimiza rivalidade e v\u00ea final do Paulist\u00e3o entre Palmeiras e Santos como justa\"}]},{\"@type\":\"WebSite\",\"@id\":\"https:\\\/\\\/transamerica93.com.br\\\/home\\\/#website\",\"url\":\"https:\\\/\\\/transamerica93.com.br\\\/home\\\/\",\"name\":\"Transam\u00e9rica Mococa 93,3\",\"description\":\"\",\"publisher\":{\"@id\":\"https:\\\/\\\/transamerica93.com.br\\\/home\\\/#organization\"},\"potentialAction\":[{\"@type\":\"SearchAction\",\"target\":{\"@type\":\"EntryPoint\",\"urlTemplate\":\"https:\\\/\\\/transamerica93.com.br\\\/home\\\/?s={search_term_string}\"},\"query-input\":{\"@type\":\"PropertyValueSpecification\",\"valueRequired\":true,\"valueName\":\"search_term_string\"}}],\"inLanguage\":\"pt-BR\"},{\"@type\":\"Organization\",\"@id\":\"https:\\\/\\\/transamerica93.com.br\\\/home\\\/#organization\",\"name\":\"Transam\u00e9rica Mococa 93,3\",\"url\":\"https:\\\/\\\/transamerica93.com.br\\\/home\\\/\",\"logo\":{\"@type\":\"ImageObject\",\"inLanguage\":\"pt-BR\",\"@id\":\"https:\\\/\\\/transamerica93.com.br\\\/home\\\/#\\\/schema\\\/logo\\\/image\\\/\",\"url\":\"https:\\\/\\\/transamerica93.com.br\\\/home\\\/wp-content\\\/uploads\\\/2023\\\/10\\\/logo2.png\",\"contentUrl\":\"https:\\\/\\\/transamerica93.com.br\\\/home\\\/wp-content\\\/uploads\\\/2023\\\/10\\\/logo2.png\",\"width\":800,\"height\":500,\"caption\":\"Transam\u00e9rica Mococa 93,3\"},\"image\":{\"@id\":\"https:\\\/\\\/transamerica93.com.br\\\/home\\\/#\\\/schema\\\/logo\\\/image\\\/\"},\"sameAs\":[\"https:\\\/\\\/www.facebook.com\\\/transamericamococa\",\"https:\\\/\\\/x.com\\\/transamerica933\",\"https:\\\/\\\/www.instagram.com\\\/transamericamococa\"]},{\"@type\":\"Person\",\"@id\":\"https:\\\/\\\/transamerica93.com.br\\\/home\\\/#\\\/schema\\\/person\\\/7fed7c99c0d4562efa8561bc0f543172\",\"name\":\"Reda\u00e7\u00e3o\",\"image\":{\"@type\":\"ImageObject\",\"inLanguage\":\"pt-BR\",\"@id\":\"https:\\\/\\\/secure.gravatar.com\\\/avatar\\\/1072c6b775fb02ef8506ce967551d95926669a6b7d2c2147b42eea4d7c68395e?s=96&d=mm&r=g\",\"url\":\"https:\\\/\\\/secure.gravatar.com\\\/avatar\\\/1072c6b775fb02ef8506ce967551d95926669a6b7d2c2147b42eea4d7c68395e?s=96&d=mm&r=g\",\"contentUrl\":\"https:\\\/\\\/secure.gravatar.com\\\/avatar\\\/1072c6b775fb02ef8506ce967551d95926669a6b7d2c2147b42eea4d7c68395e?s=96&d=mm&r=g\",\"caption\":\"Reda\u00e7\u00e3o\"},\"sameAs\":[\"https:\\\/\\\/transamerica93.com.br\\\/home\"],\"url\":\"https:\\\/\\\/transamerica93.com.br\\\/home\\\/author\\\/william\\\/\"}]}<\/script>\n<!-- \/ Yoast SEO plugin. -->","yoast_head_json":{"title":"Abel Ferreira minimiza rivalidade e v\u00ea final do Paulist\u00e3o entre Palmeiras e Santos como justa - Transam\u00e9rica Mococa 93,3","robots":{"index":"index","follow":"follow","max-snippet":"max-snippet:-1","max-image-preview":"max-image-preview:large","max-video-preview":"max-video-preview:-1"},"canonical":"https:\/\/transamerica93.com.br\/home\/abel-ferreira-minimiza-rivalidade-e-ve-final-do-paulistao-entre-palmeiras-e-santos-como-justa\/","og_locale":"pt_BR","og_type":"article","og_title":"Abel Ferreira minimiza rivalidade e v\u00ea final do Paulist\u00e3o entre Palmeiras e Santos como justa - Transam\u00e9rica Mococa 93,3","og_description":"O t\u00e9cnico Abel Ferreira n\u00e3o quis bater na tecla da rivalidade, entre Palmeiras e Santos, que viveu um de seus auges entre os anos de 2015 a 2021, quando fizeram tr\u00eas finais (Paulist\u00e3o, Copa do Brasil e Libertadores). O treinador demonstrou muito respeito ao rival e entendeu ser uma final justa de Estadual, j\u00e1 que &hellip;","og_url":"https:\/\/transamerica93.com.br\/home\/abel-ferreira-minimiza-rivalidade-e-ve-final-do-paulistao-entre-palmeiras-e-santos-como-justa\/","og_site_name":"Transam\u00e9rica Mococa 93,3","article_publisher":"https:\/\/www.facebook.com\/transamericamococa","article_published_time":"2024-04-02T15:00:36+00:00","og_image":[{"width":1024,"height":735,"url":"https:\/\/transamerica93.com.br\/home\/wp-content\/uploads\/2024\/03\/1-2.jpg","type":"image\/jpeg"}],"author":"Reda\u00e7\u00e3o","twitter_card":"summary_large_image","twitter_creator":"@transamerica933","twitter_site":"@transamerica933","twitter_misc":{"Escrito por":"Reda\u00e7\u00e3o","Est. tempo de leitura":"4 minutos"},"schema":{"@context":"https:\/\/schema.org","@graph":[{"@type":"Article","@id":"https:\/\/transamerica93.com.br\/home\/abel-ferreira-minimiza-rivalidade-e-ve-final-do-paulistao-entre-palmeiras-e-santos-como-justa\/#article","isPartOf":{"@id":"https:\/\/transamerica93.com.br\/home\/abel-ferreira-minimiza-rivalidade-e-ve-final-do-paulistao-entre-palmeiras-e-santos-como-justa\/"},"author":{"name":"Reda\u00e7\u00e3o","@id":"https:\/\/transamerica93.com.br\/home\/#\/schema\/person\/7fed7c99c0d4562efa8561bc0f543172"},"headline":"Abel Ferreira minimiza rivalidade e v\u00ea final do Paulist\u00e3o entre Palmeiras e Santos como justa","datePublished":"2024-04-02T15:00:36+00:00","mainEntityOfPage":{"@id":"https:\/\/transamerica93.com.br\/home\/abel-ferreira-minimiza-rivalidade-e-ve-final-do-paulistao-entre-palmeiras-e-santos-como-justa\/"},"wordCount":614,"publisher":{"@id":"https:\/\/transamerica93.com.br\/home\/#organization"},"image":{"@id":"https:\/\/transamerica93.com.br\/home\/abel-ferreira-minimiza-rivalidade-e-ve-final-do-paulistao-entre-palmeiras-e-santos-como-justa\/#primaryimage"},"thumbnailUrl":"https:\/\/transamerica93.com.br\/home\/wp-content\/uploads\/2024\/03\/1-2.jpg","articleSection":["Esportes"],"inLanguage":"pt-BR"},{"@type":"WebPage","@id":"https:\/\/transamerica93.com.br\/home\/abel-ferreira-minimiza-rivalidade-e-ve-final-do-paulistao-entre-palmeiras-e-santos-como-justa\/","url":"https:\/\/transamerica93.com.br\/home\/abel-ferreira-minimiza-rivalidade-e-ve-final-do-paulistao-entre-palmeiras-e-santos-como-justa\/","name":"Abel Ferreira minimiza rivalidade e v\u00ea final do Paulist\u00e3o entre Palmeiras e Santos como justa - Transam\u00e9rica Mococa 93,3","isPartOf":{"@id":"https:\/\/transamerica93.com.br\/home\/#website"},"primaryImageOfPage":{"@id":"https:\/\/transamerica93.com.br\/home\/abel-ferreira-minimiza-rivalidade-e-ve-final-do-paulistao-entre-palmeiras-e-santos-como-justa\/#primaryimage"},"image":{"@id":"https:\/\/transamerica93.com.br\/home\/abel-ferreira-minimiza-rivalidade-e-ve-final-do-paulistao-entre-palmeiras-e-santos-como-justa\/#primaryimage"},"thumbnailUrl":"https:\/\/transamerica93.com.br\/home\/wp-content\/uploads\/2024\/03\/1-2.jpg","datePublished":"2024-04-02T15:00:36+00:00","breadcrumb":{"@id":"https:\/\/transamerica93.com.br\/home\/abel-ferreira-minimiza-rivalidade-e-ve-final-do-paulistao-entre-palmeiras-e-santos-como-justa\/#breadcrumb"},"inLanguage":"pt-BR","potentialAction":[{"@type":"ReadAction","target":["https:\/\/transamerica93.com.br\/home\/abel-ferreira-minimiza-rivalidade-e-ve-final-do-paulistao-entre-palmeiras-e-santos-como-justa\/"]}]},{"@type":"ImageObject","inLanguage":"pt-BR","@id":"https:\/\/transamerica93.com.br\/home\/abel-ferreira-minimiza-rivalidade-e-ve-final-do-paulistao-entre-palmeiras-e-santos-como-justa\/#primaryimage","url":"https:\/\/transamerica93.com.br\/home\/wp-content\/uploads\/2024\/03\/1-2.jpg","contentUrl":"https:\/\/transamerica93.com.br\/home\/wp-content\/uploads\/2024\/03\/1-2.jpg","width":1024,"height":735,"caption":"Conmebol\/Divulga\u00e7\u00e3o"},{"@type":"BreadcrumbList","@id":"https:\/\/transamerica93.com.br\/home\/abel-ferreira-minimiza-rivalidade-e-ve-final-do-paulistao-entre-palmeiras-e-santos-como-justa\/#breadcrumb","itemListElement":[{"@type":"ListItem","position":1,"name":"In\u00edcio","item":"https:\/\/transamerica93.com.br\/home\/"},{"@type":"ListItem","position":2,"name":"Abel Ferreira minimiza rivalidade e v\u00ea final do Paulist\u00e3o entre Palmeiras e Santos como justa"}]},{"@type":"WebSite","@id":"https:\/\/transamerica93.com.br\/home\/#website","url":"https:\/\/transamerica93.com.br\/home\/","name":"Transam\u00e9rica Mococa 93,3","description":"","publisher":{"@id":"https:\/\/transamerica93.com.br\/home\/#organization"},"potentialAction":[{"@type":"SearchAction","target":{"@type":"EntryPoint","urlTemplate":"https:\/\/transamerica93.com.br\/home\/?s={search_term_string}"},"query-input":{"@type":"PropertyValueSpecification","valueRequired":true,"valueName":"search_term_string"}}],"inLanguage":"pt-BR"},{"@type":"Organization","@id":"https:\/\/transamerica93.com.br\/home\/#organization","name":"Transam\u00e9rica Mococa 93,3","url":"https:\/\/transamerica93.com.br\/home\/","logo":{"@type":"ImageObject","inLanguage":"pt-BR","@id":"https:\/\/transamerica93.com.br\/home\/#\/schema\/logo\/image\/","url":"https:\/\/transamerica93.com.br\/home\/wp-content\/uploads\/2023\/10\/logo2.png","contentUrl":"https:\/\/transamerica93.com.br\/home\/wp-content\/uploads\/2023\/10\/logo2.png","width":800,"height":500,"caption":"Transam\u00e9rica Mococa 93,3"},"image":{"@id":"https:\/\/transamerica93.com.br\/home\/#\/schema\/logo\/image\/"},"sameAs":["https:\/\/www.facebook.com\/transamericamococa","https:\/\/x.com\/transamerica933","https:\/\/www.instagram.com\/transamericamococa"]},{"@type":"Person","@id":"https:\/\/transamerica93.com.br\/home\/#\/schema\/person\/7fed7c99c0d4562efa8561bc0f543172","name":"Reda\u00e7\u00e3o","image":{"@type":"ImageObject","inLanguage":"pt-BR","@id":"https:\/\/secure.gravatar.com\/avatar\/1072c6b775fb02ef8506ce967551d95926669a6b7d2c2147b42eea4d7c68395e?s=96&d=mm&r=g","url":"https:\/\/secure.gravatar.com\/avatar\/1072c6b775fb02ef8506ce967551d95926669a6b7d2c2147b42eea4d7c68395e?s=96&d=mm&r=g","contentUrl":"https:\/\/secure.gravatar.com\/avatar\/1072c6b775fb02ef8506ce967551d95926669a6b7d2c2147b42eea4d7c68395e?s=96&d=mm&r=g","caption":"Reda\u00e7\u00e3o"},"sameAs":["https:\/\/transamerica93.com.br\/home"],"url":"https:\/\/transamerica93.com.br\/home\/author\/william\/"}]}},"_links":{"self":[{"href":"https:\/\/transamerica93.com.br\/home\/wp-json\/wp\/v2\/posts\/2697","targetHints":{"allow":["GET"]}}],"collection":[{"href":"https:\/\/transamerica93.com.br\/home\/wp-json\/wp\/v2\/posts"}],"about":[{"href":"https:\/\/transamerica93.com.br\/home\/wp-json\/wp\/v2\/types\/post"}],"author":[{"embeddable":true,"href":"https:\/\/transamerica93.com.br\/home\/wp-json\/wp\/v2\/users\/1"}],"replies":[{"embeddable":true,"href":"https:\/\/transamerica93.com.br\/home\/wp-json\/wp\/v2\/comments?post=2697"}],"version-history":[{"count":1,"href":"https:\/\/transamerica93.com.br\/home\/wp-json\/wp\/v2\/posts\/2697\/revisions"}],"predecessor-version":[{"id":2699,"href":"https:\/\/transamerica93.com.br\/home\/wp-json\/wp\/v2\/posts\/2697\/revisions\/2699"}],"wp:featuredmedia":[{"embeddable":true,"href":"https:\/\/transamerica93.com.br\/home\/wp-json\/wp\/v2\/media\/2698"}],"wp:attachment":[{"href":"https:\/\/transamerica93.com.br\/home\/wp-json\/wp\/v2\/media?parent=2697"}],"wp:term":[{"taxonomy":"category","embeddable":true,"href":"https:\/\/transamerica93.com.br\/home\/wp-json\/wp\/v2\/categories?post=2697"},{"taxonomy":"post_tag","embeddable":true,"href":"https:\/\/transamerica93.com.br\/home\/wp-json\/wp\/v2\/tags?post=2697"}],"curies":[{"name":"wp","href":"https:\/\/api.w.org\/{rel}","templated":true}]}}