{"id":2710,"date":"2024-04-01T15:00:10","date_gmt":"2024-04-01T18:00:10","guid":{"rendered":"https:\/\/transamerica93.com.br\/home\/?p=2710"},"modified":"2024-03-29T18:58:45","modified_gmt":"2024-03-29T21:58:45","slug":"madonna-voltara-ao-brasil-em-maio-para-show-na-praia-de-copacabana","status":"publish","type":"post","link":"https:\/\/transamerica93.com.br\/home\/madonna-voltara-ao-brasil-em-maio-para-show-na-praia-de-copacabana\/","title":{"rendered":"Madonna voltar\u00e1 ao Brasil em maio para show na Praia de Copacabana"},"content":{"rendered":"<h6 class=\"Assina\">Por Fabio Grellet e Julia Queiroz<\/h6>\n<p>A cantora Madonna vai se apresentar gratuitamente na Praia de Copacabana, na zona sul do Rio, a partir das 21h45 do dia 4 de maio, um s\u00e1bado. Ap\u00f3s semanas de especula\u00e7\u00e3o, a exibi\u00e7\u00e3o foi confirmada pelos organizadores do show.<\/p>\n<p>Apresenta\u00e7\u00e3o deve ser a \u00faltimo de\u00a0<i>The Celebration Tour<\/i>, em que Madonna comemora 40 anos de carreira. A turn\u00ea come\u00e7ou em outubro, em Londres. Antes do Rio, a rainha do pop far\u00e1 concerto no M\u00e9xico. O show mais recente de Madonna no Brasil foi em 2012, durante a MDNA Tour. Antes, esteve no Pa\u00eds em 1993, com\u00a0<i>The Girlie Show<\/i>, e 2008, com\u00a0<i>Sticky &amp; Sweet<\/i>.<\/p>\n<p>Em coletiva de imprensa no Rio, com a presen\u00e7a do\u00a0<b>Estad\u00e3o<\/b>, a organiza\u00e7\u00e3o do show informou que a apresenta\u00e7\u00e3o deve ter cerca de duas horas e transmiss\u00e3o ao vivo. O palco ser\u00e1 montado em frente ao hotel Copacabana Palace, com 16 torres de som e ao menos 8 tel\u00f5es.<\/p>\n<p>Segundo Jo\u00e3o Oscar Niemeyer, s\u00f3cio da empresa BonusTrack, respons\u00e1vel pelo show, Madonna ter\u00e1 no Rio uma estrutura &#8220;muito maior&#8221; do que nas outras apresenta\u00e7\u00f5es da turn\u00ea. &#8220;Ela est\u00e1 fazendo shows em arenas para 20 mil pessoas, aqui (no Rio) \u00e9 um show para um milh\u00e3o de pessoas, ent\u00e3o o palco ser\u00e1 maior, a estrutura ser\u00e1 diferente&#8221;, afirmou ainda.<\/p>\n<p><b>MILH\u00c3O<\/b><\/p>\n<p>Embora, em v\u00e1rios momentos da entrevista coletiva, ele tenha citado o p\u00fablico de um milh\u00e3o de pessoas, quando questionado especificamente sobre o p\u00fablico esperado Niemeyer preferiu n\u00e3o adiantar nenhum n\u00famero. Um rep\u00f3rter afirmou que o maior p\u00fablico reunido na praia teria sido de tr\u00eas milh\u00f5es, na Jornada Mundial da Juventude, em 2013, ao que o empres\u00e1rio respondeu que esse dado \u00e9 fict\u00edcio e que a praia n\u00e3o comporta tanta gente.<\/p>\n<p>De acordo com Daniela Maia, secret\u00e1ria municipal de Turismo do Rio, o esquema de seguran\u00e7a ser\u00e1 &#8220;pelo menos o mesmo&#8221; do que o que foi realizado no \u00faltimo r\u00e9veillon na cidade. Ser\u00e1 a \u00fanica passagem da turn\u00ea Celebration pela Am\u00e9rica do Sul. Ainda n\u00e3o se sabe quando a cantora chegar\u00e1 ao Rio, mas a organiza\u00e7\u00e3o diz que ela deve deixar o Pa\u00eds j\u00e1 no domingo, 5.<\/p>\n<p>A apresenta\u00e7\u00e3o ter\u00e1 transmiss\u00e3o ao vivo no Multishow e na TV Globo. A expectativa \u00e9 que o show tenha em torno de duas horas de dura\u00e7\u00e3o e que seja o maior p\u00fablico da carreira de Madonna, com cerca de 1 milh\u00e3o de pessoas.<\/p>\n<p>Esta ser\u00e1 a quarta vez da diva no Brasil. A primeira passagem ocorreu em 1993, quando ela trouxe a turn\u00ea\u00a0<i>The Girlie Show<\/i>, que promovia o \u00e1lbum\u00a0<i>Erotica<\/i>. Na ocasi\u00e3o, levou milhares de pessoas ao Morumbi, em S\u00e3o Paulo, e ao Maracan\u00e3, no Rio.<\/p>\n<p><b>\u2018CALDEIR\u00c3O\u2019<\/b><\/p>\n<p>Madonna s\u00f3 retornou a terras brasileiras 15 anos depois, em 2008, para a\u00a0<i>Sticky &amp; Sweet Tour<\/i>. De novo, passou pelo Morumbi (em duas noites) e pelo Maracan\u00e3 (com tr\u00eas shows). Na capital paulista, a apresenta\u00e7\u00e3o atrasou quase duas horas, mas o\u00a0<b>Estad\u00e3o<\/b>, que estava presente, disse que a cantora esbanjou bom humor e fez show com um &#8220;caldeir\u00e3o de estilos e refer\u00eancias&#8221;. No Rio, uma das noites foi marcada por chuva forte e a artista chegou a levar um tombo no palco.<\/p>\n<p>A \u00faltima passagem de Madonna pelo Brasil foi em 2012, com<i>\u00a0The MDNA<\/i>\u00a0Tour. Ela fez dois shows no Morumbi, um no Parque dos Atletas, no Rio, e, pela primeira vez, passou por Porto Alegre, com uma noite no Est\u00e1dio Ol\u00edmpico. Na \u00e9poca, fez um show completo, dan\u00e7ou bastante &#8211; como de costume &#8211; e at\u00e9 abriu m\u00e3o do playback, mas cometeu algumas gafes, como falar em espanhol o que queria dizer em portugu\u00eas.<\/p>\n","protected":false},"excerpt":{"rendered":"<p>Por Fabio Grellet e Julia Queiroz A cantora Madonna vai se apresentar gratuitamente na Praia de Copacabana, na zona sul do Rio, a partir das 21h45 do dia 4 de maio, um s\u00e1bado. Ap\u00f3s semanas de especula\u00e7\u00e3o, a exibi\u00e7\u00e3o foi confirmada pelos organizadores do show. Apresenta\u00e7\u00e3o deve ser a \u00faltimo de\u00a0The Celebration Tour, em que &hellip;<\/p>\n","protected":false},"author":1,"featured_media":2711,"comment_status":"closed","ping_status":"closed","sticky":false,"template":"","format":"standard","meta":{"footnotes":""},"categories":[25],"tags":[],"class_list":["post-2710","post","type-post","status-publish","format-standard","has-post-thumbnail","hentry","category-musica"],"yoast_head":"<!-- This site is optimized with the Yoast SEO plugin v27.4 - https:\/\/yoast.com\/product\/yoast-seo-wordpress\/ -->\n<title>Madonna voltar\u00e1 ao Brasil em maio para show na Praia de Copacabana - Transam\u00e9rica Mococa 93,3<\/title>\n<meta name=\"robots\" content=\"index, follow, max-snippet:-1, max-image-preview:large, max-video-preview:-1\" \/>\n<link rel=\"canonical\" href=\"https:\/\/transamerica93.com.br\/home\/madonna-voltara-ao-brasil-em-maio-para-show-na-praia-de-copacabana\/\" \/>\n<meta property=\"og:locale\" content=\"pt_BR\" \/>\n<meta property=\"og:type\" content=\"article\" \/>\n<meta property=\"og:title\" content=\"Madonna voltar\u00e1 ao Brasil em maio para show na Praia de Copacabana - Transam\u00e9rica Mococa 93,3\" \/>\n<meta property=\"og:description\" content=\"Por Fabio Grellet e Julia Queiroz A cantora Madonna vai se apresentar gratuitamente na Praia de Copacabana, na zona sul do Rio, a partir das 21h45 do dia 4 de maio, um s\u00e1bado. Ap\u00f3s semanas de especula\u00e7\u00e3o, a exibi\u00e7\u00e3o foi confirmada pelos organizadores do show. Apresenta\u00e7\u00e3o deve ser a \u00faltimo de\u00a0The Celebration Tour, em que &hellip;\" \/>\n<meta property=\"og:url\" content=\"https:\/\/transamerica93.com.br\/home\/madonna-voltara-ao-brasil-em-maio-para-show-na-praia-de-copacabana\/\" \/>\n<meta property=\"og:site_name\" content=\"Transam\u00e9rica Mococa 93,3\" \/>\n<meta property=\"article:publisher\" content=\"https:\/\/www.facebook.com\/transamericamococa\" \/>\n<meta property=\"article:published_time\" content=\"2024-04-01T18:00:10+00:00\" \/>\n<meta property=\"og:image\" content=\"https:\/\/transamerica93.com.br\/home\/wp-content\/uploads\/2024\/03\/1-4.jpg\" \/>\n\t<meta property=\"og:image:width\" content=\"711\" \/>\n\t<meta property=\"og:image:height\" content=\"531\" \/>\n\t<meta property=\"og:image:type\" content=\"image\/jpeg\" \/>\n<meta name=\"author\" content=\"Reda\u00e7\u00e3o\" \/>\n<meta name=\"twitter:card\" content=\"summary_large_image\" \/>\n<meta name=\"twitter:creator\" content=\"@transamerica933\" \/>\n<meta name=\"twitter:site\" content=\"@transamerica933\" \/>\n<meta name=\"twitter:label1\" content=\"Escrito por\" \/>\n\t<meta name=\"twitter:data1\" content=\"Reda\u00e7\u00e3o\" \/>\n\t<meta name=\"twitter:label2\" content=\"Est. tempo de leitura\" \/>\n\t<meta name=\"twitter:data2\" content=\"4 minutos\" \/>\n<script type=\"application\/ld+json\" class=\"yoast-schema-graph\">{\"@context\":\"https:\\\/\\\/schema.org\",\"@graph\":[{\"@type\":\"Article\",\"@id\":\"https:\\\/\\\/transamerica93.com.br\\\/home\\\/madonna-voltara-ao-brasil-em-maio-para-show-na-praia-de-copacabana\\\/#article\",\"isPartOf\":{\"@id\":\"https:\\\/\\\/transamerica93.com.br\\\/home\\\/madonna-voltara-ao-brasil-em-maio-para-show-na-praia-de-copacabana\\\/\"},\"author\":{\"name\":\"Reda\u00e7\u00e3o\",\"@id\":\"https:\\\/\\\/transamerica93.com.br\\\/home\\\/#\\\/schema\\\/person\\\/7fed7c99c0d4562efa8561bc0f543172\"},\"headline\":\"Madonna voltar\u00e1 ao Brasil em maio para show na Praia de Copacabana\",\"datePublished\":\"2024-04-01T18:00:10+00:00\",\"mainEntityOfPage\":{\"@id\":\"https:\\\/\\\/transamerica93.com.br\\\/home\\\/madonna-voltara-ao-brasil-em-maio-para-show-na-praia-de-copacabana\\\/\"},\"wordCount\":653,\"publisher\":{\"@id\":\"https:\\\/\\\/transamerica93.com.br\\\/home\\\/#organization\"},\"image\":{\"@id\":\"https:\\\/\\\/transamerica93.com.br\\\/home\\\/madonna-voltara-ao-brasil-em-maio-para-show-na-praia-de-copacabana\\\/#primaryimage\"},\"thumbnailUrl\":\"https:\\\/\\\/transamerica93.com.br\\\/home\\\/wp-content\\\/uploads\\\/2024\\\/03\\\/1-4.jpg\",\"articleSection\":[\"M\u00fasica\"],\"inLanguage\":\"pt-BR\"},{\"@type\":\"WebPage\",\"@id\":\"https:\\\/\\\/transamerica93.com.br\\\/home\\\/madonna-voltara-ao-brasil-em-maio-para-show-na-praia-de-copacabana\\\/\",\"url\":\"https:\\\/\\\/transamerica93.com.br\\\/home\\\/madonna-voltara-ao-brasil-em-maio-para-show-na-praia-de-copacabana\\\/\",\"name\":\"Madonna voltar\u00e1 ao Brasil em maio para show na Praia de Copacabana - Transam\u00e9rica Mococa 93,3\",\"isPartOf\":{\"@id\":\"https:\\\/\\\/transamerica93.com.br\\\/home\\\/#website\"},\"primaryImageOfPage\":{\"@id\":\"https:\\\/\\\/transamerica93.com.br\\\/home\\\/madonna-voltara-ao-brasil-em-maio-para-show-na-praia-de-copacabana\\\/#primaryimage\"},\"image\":{\"@id\":\"https:\\\/\\\/transamerica93.com.br\\\/home\\\/madonna-voltara-ao-brasil-em-maio-para-show-na-praia-de-copacabana\\\/#primaryimage\"},\"thumbnailUrl\":\"https:\\\/\\\/transamerica93.com.br\\\/home\\\/wp-content\\\/uploads\\\/2024\\\/03\\\/1-4.jpg\",\"datePublished\":\"2024-04-01T18:00:10+00:00\",\"breadcrumb\":{\"@id\":\"https:\\\/\\\/transamerica93.com.br\\\/home\\\/madonna-voltara-ao-brasil-em-maio-para-show-na-praia-de-copacabana\\\/#breadcrumb\"},\"inLanguage\":\"pt-BR\",\"potentialAction\":[{\"@type\":\"ReadAction\",\"target\":[\"https:\\\/\\\/transamerica93.com.br\\\/home\\\/madonna-voltara-ao-brasil-em-maio-para-show-na-praia-de-copacabana\\\/\"]}]},{\"@type\":\"ImageObject\",\"inLanguage\":\"pt-BR\",\"@id\":\"https:\\\/\\\/transamerica93.com.br\\\/home\\\/madonna-voltara-ao-brasil-em-maio-para-show-na-praia-de-copacabana\\\/#primaryimage\",\"url\":\"https:\\\/\\\/transamerica93.com.br\\\/home\\\/wp-content\\\/uploads\\\/2024\\\/03\\\/1-4.jpg\",\"contentUrl\":\"https:\\\/\\\/transamerica93.com.br\\\/home\\\/wp-content\\\/uploads\\\/2024\\\/03\\\/1-4.jpg\",\"width\":711,\"height\":531,\"caption\":\"Foto: Instagram @madonna\"},{\"@type\":\"BreadcrumbList\",\"@id\":\"https:\\\/\\\/transamerica93.com.br\\\/home\\\/madonna-voltara-ao-brasil-em-maio-para-show-na-praia-de-copacabana\\\/#breadcrumb\",\"itemListElement\":[{\"@type\":\"ListItem\",\"position\":1,\"name\":\"In\u00edcio\",\"item\":\"https:\\\/\\\/transamerica93.com.br\\\/home\\\/\"},{\"@type\":\"ListItem\",\"position\":2,\"name\":\"Madonna voltar\u00e1 ao Brasil em maio para show na Praia de Copacabana\"}]},{\"@type\":\"WebSite\",\"@id\":\"https:\\\/\\\/transamerica93.com.br\\\/home\\\/#website\",\"url\":\"https:\\\/\\\/transamerica93.com.br\\\/home\\\/\",\"name\":\"Transam\u00e9rica Mococa 93,3\",\"description\":\"\",\"publisher\":{\"@id\":\"https:\\\/\\\/transamerica93.com.br\\\/home\\\/#organization\"},\"potentialAction\":[{\"@type\":\"SearchAction\",\"target\":{\"@type\":\"EntryPoint\",\"urlTemplate\":\"https:\\\/\\\/transamerica93.com.br\\\/home\\\/?s={search_term_string}\"},\"query-input\":{\"@type\":\"PropertyValueSpecification\",\"valueRequired\":true,\"valueName\":\"search_term_string\"}}],\"inLanguage\":\"pt-BR\"},{\"@type\":\"Organization\",\"@id\":\"https:\\\/\\\/transamerica93.com.br\\\/home\\\/#organization\",\"name\":\"Transam\u00e9rica Mococa 93,3\",\"url\":\"https:\\\/\\\/transamerica93.com.br\\\/home\\\/\",\"logo\":{\"@type\":\"ImageObject\",\"inLanguage\":\"pt-BR\",\"@id\":\"https:\\\/\\\/transamerica93.com.br\\\/home\\\/#\\\/schema\\\/logo\\\/image\\\/\",\"url\":\"https:\\\/\\\/transamerica93.com.br\\\/home\\\/wp-content\\\/uploads\\\/2023\\\/10\\\/logo2.png\",\"contentUrl\":\"https:\\\/\\\/transamerica93.com.br\\\/home\\\/wp-content\\\/uploads\\\/2023\\\/10\\\/logo2.png\",\"width\":800,\"height\":500,\"caption\":\"Transam\u00e9rica Mococa 93,3\"},\"image\":{\"@id\":\"https:\\\/\\\/transamerica93.com.br\\\/home\\\/#\\\/schema\\\/logo\\\/image\\\/\"},\"sameAs\":[\"https:\\\/\\\/www.facebook.com\\\/transamericamococa\",\"https:\\\/\\\/x.com\\\/transamerica933\",\"https:\\\/\\\/www.instagram.com\\\/transamericamococa\"]},{\"@type\":\"Person\",\"@id\":\"https:\\\/\\\/transamerica93.com.br\\\/home\\\/#\\\/schema\\\/person\\\/7fed7c99c0d4562efa8561bc0f543172\",\"name\":\"Reda\u00e7\u00e3o\",\"image\":{\"@type\":\"ImageObject\",\"inLanguage\":\"pt-BR\",\"@id\":\"https:\\\/\\\/secure.gravatar.com\\\/avatar\\\/1072c6b775fb02ef8506ce967551d95926669a6b7d2c2147b42eea4d7c68395e?s=96&d=mm&r=g\",\"url\":\"https:\\\/\\\/secure.gravatar.com\\\/avatar\\\/1072c6b775fb02ef8506ce967551d95926669a6b7d2c2147b42eea4d7c68395e?s=96&d=mm&r=g\",\"contentUrl\":\"https:\\\/\\\/secure.gravatar.com\\\/avatar\\\/1072c6b775fb02ef8506ce967551d95926669a6b7d2c2147b42eea4d7c68395e?s=96&d=mm&r=g\",\"caption\":\"Reda\u00e7\u00e3o\"},\"sameAs\":[\"https:\\\/\\\/transamerica93.com.br\\\/home\"],\"url\":\"https:\\\/\\\/transamerica93.com.br\\\/home\\\/author\\\/william\\\/\"}]}<\/script>\n<!-- \/ Yoast SEO plugin. -->","yoast_head_json":{"title":"Madonna voltar\u00e1 ao Brasil em maio para show na Praia de Copacabana - Transam\u00e9rica Mococa 93,3","robots":{"index":"index","follow":"follow","max-snippet":"max-snippet:-1","max-image-preview":"max-image-preview:large","max-video-preview":"max-video-preview:-1"},"canonical":"https:\/\/transamerica93.com.br\/home\/madonna-voltara-ao-brasil-em-maio-para-show-na-praia-de-copacabana\/","og_locale":"pt_BR","og_type":"article","og_title":"Madonna voltar\u00e1 ao Brasil em maio para show na Praia de Copacabana - Transam\u00e9rica Mococa 93,3","og_description":"Por Fabio Grellet e Julia Queiroz A cantora Madonna vai se apresentar gratuitamente na Praia de Copacabana, na zona sul do Rio, a partir das 21h45 do dia 4 de maio, um s\u00e1bado. Ap\u00f3s semanas de especula\u00e7\u00e3o, a exibi\u00e7\u00e3o foi confirmada pelos organizadores do show. Apresenta\u00e7\u00e3o deve ser a \u00faltimo de\u00a0The Celebration Tour, em que &hellip;","og_url":"https:\/\/transamerica93.com.br\/home\/madonna-voltara-ao-brasil-em-maio-para-show-na-praia-de-copacabana\/","og_site_name":"Transam\u00e9rica Mococa 93,3","article_publisher":"https:\/\/www.facebook.com\/transamericamococa","article_published_time":"2024-04-01T18:00:10+00:00","og_image":[{"width":711,"height":531,"url":"https:\/\/transamerica93.com.br\/home\/wp-content\/uploads\/2024\/03\/1-4.jpg","type":"image\/jpeg"}],"author":"Reda\u00e7\u00e3o","twitter_card":"summary_large_image","twitter_creator":"@transamerica933","twitter_site":"@transamerica933","twitter_misc":{"Escrito por":"Reda\u00e7\u00e3o","Est. tempo de leitura":"4 minutos"},"schema":{"@context":"https:\/\/schema.org","@graph":[{"@type":"Article","@id":"https:\/\/transamerica93.com.br\/home\/madonna-voltara-ao-brasil-em-maio-para-show-na-praia-de-copacabana\/#article","isPartOf":{"@id":"https:\/\/transamerica93.com.br\/home\/madonna-voltara-ao-brasil-em-maio-para-show-na-praia-de-copacabana\/"},"author":{"name":"Reda\u00e7\u00e3o","@id":"https:\/\/transamerica93.com.br\/home\/#\/schema\/person\/7fed7c99c0d4562efa8561bc0f543172"},"headline":"Madonna voltar\u00e1 ao Brasil em maio para show na Praia de Copacabana","datePublished":"2024-04-01T18:00:10+00:00","mainEntityOfPage":{"@id":"https:\/\/transamerica93.com.br\/home\/madonna-voltara-ao-brasil-em-maio-para-show-na-praia-de-copacabana\/"},"wordCount":653,"publisher":{"@id":"https:\/\/transamerica93.com.br\/home\/#organization"},"image":{"@id":"https:\/\/transamerica93.com.br\/home\/madonna-voltara-ao-brasil-em-maio-para-show-na-praia-de-copacabana\/#primaryimage"},"thumbnailUrl":"https:\/\/transamerica93.com.br\/home\/wp-content\/uploads\/2024\/03\/1-4.jpg","articleSection":["M\u00fasica"],"inLanguage":"pt-BR"},{"@type":"WebPage","@id":"https:\/\/transamerica93.com.br\/home\/madonna-voltara-ao-brasil-em-maio-para-show-na-praia-de-copacabana\/","url":"https:\/\/transamerica93.com.br\/home\/madonna-voltara-ao-brasil-em-maio-para-show-na-praia-de-copacabana\/","name":"Madonna voltar\u00e1 ao Brasil em maio para show na Praia de Copacabana - Transam\u00e9rica Mococa 93,3","isPartOf":{"@id":"https:\/\/transamerica93.com.br\/home\/#website"},"primaryImageOfPage":{"@id":"https:\/\/transamerica93.com.br\/home\/madonna-voltara-ao-brasil-em-maio-para-show-na-praia-de-copacabana\/#primaryimage"},"image":{"@id":"https:\/\/transamerica93.com.br\/home\/madonna-voltara-ao-brasil-em-maio-para-show-na-praia-de-copacabana\/#primaryimage"},"thumbnailUrl":"https:\/\/transamerica93.com.br\/home\/wp-content\/uploads\/2024\/03\/1-4.jpg","datePublished":"2024-04-01T18:00:10+00:00","breadcrumb":{"@id":"https:\/\/transamerica93.com.br\/home\/madonna-voltara-ao-brasil-em-maio-para-show-na-praia-de-copacabana\/#breadcrumb"},"inLanguage":"pt-BR","potentialAction":[{"@type":"ReadAction","target":["https:\/\/transamerica93.com.br\/home\/madonna-voltara-ao-brasil-em-maio-para-show-na-praia-de-copacabana\/"]}]},{"@type":"ImageObject","inLanguage":"pt-BR","@id":"https:\/\/transamerica93.com.br\/home\/madonna-voltara-ao-brasil-em-maio-para-show-na-praia-de-copacabana\/#primaryimage","url":"https:\/\/transamerica93.com.br\/home\/wp-content\/uploads\/2024\/03\/1-4.jpg","contentUrl":"https:\/\/transamerica93.com.br\/home\/wp-content\/uploads\/2024\/03\/1-4.jpg","width":711,"height":531,"caption":"Foto: Instagram @madonna"},{"@type":"BreadcrumbList","@id":"https:\/\/transamerica93.com.br\/home\/madonna-voltara-ao-brasil-em-maio-para-show-na-praia-de-copacabana\/#breadcrumb","itemListElement":[{"@type":"ListItem","position":1,"name":"In\u00edcio","item":"https:\/\/transamerica93.com.br\/home\/"},{"@type":"ListItem","position":2,"name":"Madonna voltar\u00e1 ao Brasil em maio para show na Praia de Copacabana"}]},{"@type":"WebSite","@id":"https:\/\/transamerica93.com.br\/home\/#website","url":"https:\/\/transamerica93.com.br\/home\/","name":"Transam\u00e9rica Mococa 93,3","description":"","publisher":{"@id":"https:\/\/transamerica93.com.br\/home\/#organization"},"potentialAction":[{"@type":"SearchAction","target":{"@type":"EntryPoint","urlTemplate":"https:\/\/transamerica93.com.br\/home\/?s={search_term_string}"},"query-input":{"@type":"PropertyValueSpecification","valueRequired":true,"valueName":"search_term_string"}}],"inLanguage":"pt-BR"},{"@type":"Organization","@id":"https:\/\/transamerica93.com.br\/home\/#organization","name":"Transam\u00e9rica Mococa 93,3","url":"https:\/\/transamerica93.com.br\/home\/","logo":{"@type":"ImageObject","inLanguage":"pt-BR","@id":"https:\/\/transamerica93.com.br\/home\/#\/schema\/logo\/image\/","url":"https:\/\/transamerica93.com.br\/home\/wp-content\/uploads\/2023\/10\/logo2.png","contentUrl":"https:\/\/transamerica93.com.br\/home\/wp-content\/uploads\/2023\/10\/logo2.png","width":800,"height":500,"caption":"Transam\u00e9rica Mococa 93,3"},"image":{"@id":"https:\/\/transamerica93.com.br\/home\/#\/schema\/logo\/image\/"},"sameAs":["https:\/\/www.facebook.com\/transamericamococa","https:\/\/x.com\/transamerica933","https:\/\/www.instagram.com\/transamericamococa"]},{"@type":"Person","@id":"https:\/\/transamerica93.com.br\/home\/#\/schema\/person\/7fed7c99c0d4562efa8561bc0f543172","name":"Reda\u00e7\u00e3o","image":{"@type":"ImageObject","inLanguage":"pt-BR","@id":"https:\/\/secure.gravatar.com\/avatar\/1072c6b775fb02ef8506ce967551d95926669a6b7d2c2147b42eea4d7c68395e?s=96&d=mm&r=g","url":"https:\/\/secure.gravatar.com\/avatar\/1072c6b775fb02ef8506ce967551d95926669a6b7d2c2147b42eea4d7c68395e?s=96&d=mm&r=g","contentUrl":"https:\/\/secure.gravatar.com\/avatar\/1072c6b775fb02ef8506ce967551d95926669a6b7d2c2147b42eea4d7c68395e?s=96&d=mm&r=g","caption":"Reda\u00e7\u00e3o"},"sameAs":["https:\/\/transamerica93.com.br\/home"],"url":"https:\/\/transamerica93.com.br\/home\/author\/william\/"}]}},"_links":{"self":[{"href":"https:\/\/transamerica93.com.br\/home\/wp-json\/wp\/v2\/posts\/2710","targetHints":{"allow":["GET"]}}],"collection":[{"href":"https:\/\/transamerica93.com.br\/home\/wp-json\/wp\/v2\/posts"}],"about":[{"href":"https:\/\/transamerica93.com.br\/home\/wp-json\/wp\/v2\/types\/post"}],"author":[{"embeddable":true,"href":"https:\/\/transamerica93.com.br\/home\/wp-json\/wp\/v2\/users\/1"}],"replies":[{"embeddable":true,"href":"https:\/\/transamerica93.com.br\/home\/wp-json\/wp\/v2\/comments?post=2710"}],"version-history":[{"count":1,"href":"https:\/\/transamerica93.com.br\/home\/wp-json\/wp\/v2\/posts\/2710\/revisions"}],"predecessor-version":[{"id":2712,"href":"https:\/\/transamerica93.com.br\/home\/wp-json\/wp\/v2\/posts\/2710\/revisions\/2712"}],"wp:featuredmedia":[{"embeddable":true,"href":"https:\/\/transamerica93.com.br\/home\/wp-json\/wp\/v2\/media\/2711"}],"wp:attachment":[{"href":"https:\/\/transamerica93.com.br\/home\/wp-json\/wp\/v2\/media?parent=2710"}],"wp:term":[{"taxonomy":"category","embeddable":true,"href":"https:\/\/transamerica93.com.br\/home\/wp-json\/wp\/v2\/categories?post=2710"},{"taxonomy":"post_tag","embeddable":true,"href":"https:\/\/transamerica93.com.br\/home\/wp-json\/wp\/v2\/tags?post=2710"}],"curies":[{"name":"wp","href":"https:\/\/api.w.org\/{rel}","templated":true}]}}