{"id":2749,"date":"2024-04-08T09:00:50","date_gmt":"2024-04-08T12:00:50","guid":{"rendered":"https:\/\/transamerica93.com.br\/home\/?p=2749"},"modified":"2024-04-06T09:03:46","modified_gmt":"2024-04-06T12:03:46","slug":"servidores-federais-de-educacao-param-em-360-unidades-de-ensino","status":"publish","type":"post","link":"https:\/\/transamerica93.com.br\/home\/servidores-federais-de-educacao-param-em-360-unidades-de-ensino\/","title":{"rendered":"Servidores federais de educa\u00e7\u00e3o param em 360 unidades de ensino"},"content":{"rendered":"<div class=\"post-item-wrap\">\n<p>O Sindicato Nacional dos Servidores da Educa\u00e7\u00e3o B\u00e1sica, Profissional e Tecnol\u00f3gica (Sinasefe) informou que servidores federais de 360 unidades de ensino aderiram \u00e0 greve deflagrada na \u00faltima quarta-feira (3).<\/p>\n<p>O movimento paredista abrange tanto o quadro t\u00e9cnico-administrativo como docentes da rede federal em pelo menos 23 estados. Inicialmente, a\u00a0<a href=\"https:\/\/agenciabrasil.ebc.com.br\/educacao\/noticia\/2024-04\/servidores-federais-de-educacao-iniciam-greve-na-quarta-feira\" target=\"_blank\" rel=\"noopener\">expectativa\u00a0<\/a>do sindicato era\u00a0ades\u00e3o de 230 unidades de ensino. H\u00e1, entre as entidades que registraram ades\u00f5es, institui\u00e7\u00f5es de ensino ligadas ao Minist\u00e9rio da Defesa. A\u00a0<a href=\"https:\/\/sinasefe.org.br\/site\/greve-do-sinasefe-adesoes-em-04-04\/\" target=\"_blank\" rel=\"noopener\">lista<\/a>\u00a0completa foi divulgada no site do\u00a0<a href=\"https:\/\/sinasefe.org.br\/site\/\" target=\"_blank\" rel=\"noopener\">Sinasefe<\/a>.<\/p>\n<h2>Reivindica\u00e7\u00f5es<\/h2>\n<p>Al\u00e9m de uma recomposi\u00e7\u00e3o salarial que varia de 22,71% a 34,32%, dependendo da categoria, os servidores pedem tamb\u00e9m reestrutura\u00e7\u00e3o das carreiras da \u00e1rea t\u00e9cnico-administrativa e de docentes; a revoga\u00e7\u00e3o de \u201ctodas as normas que prejudicam a educa\u00e7\u00e3o federal aprovadas nos governos Temer e Bolsonaro\u201d; bem como a recomposi\u00e7\u00e3o do or\u00e7amento e o reajuste imediato dos aux\u00edlios e bolsas dos estudantes.<\/p>\n<p>Aprovada durante rodadas de assembleias realizadas desde o dia 18 de mar\u00e7o, em 29 se\u00e7\u00f5es sindicais, a greve ser\u00e1 nacional e por tempo indeterminado, conforme informa,\u00a0no dia 28 de mar\u00e7o, documento protocolado junto aos minist\u00e9rios da Gest\u00e3o e da Inova\u00e7\u00e3o em Servi\u00e7os P\u00fablicos, da Defesa e da Educa\u00e7\u00e3o, e ao Conselho Nacional das Institui\u00e7\u00f5es da Rede Federal de Educa\u00e7\u00e3o Profissional, Cient\u00edfica e Tecnol\u00f3gica (Conif).<\/p>\n<h2>Governo<\/h2>\n<p>Contatado pela\u00a0<strong>Ag\u00eancia Brasil<\/strong>, o Minist\u00e9rio da Gest\u00e3o informou que, em 2023, viabilizou, a partir de negocia\u00e7\u00e3o com as entidades representativas dos servidores federais, reajuste linear de 9% para todos os servidores, al\u00e9m do aumento de 43,6% no aux\u00edlio-alimenta\u00e7\u00e3o.<\/p>\n<p>\u201cEsse foi o primeiro acordo para reajustes fechado entre o governo e servidores em oito anos\u201d, destacou a pasta, ao acrescentar que, no segundo semestre de 2023, iniciou debate sobre reajuste para o ano de 2024.<\/p>\n<p>Ainda de acordo com o minist\u00e9rio, como parte desse processo foram abertas mesas espec\u00edficas para tratar de algumas carreiras.<\/p>\n<p>\u201cA recomposi\u00e7\u00e3o da for\u00e7a de trabalho na Administra\u00e7\u00e3o P\u00fablica Federal, para recuperar a capacidade de atua\u00e7\u00e3o do governo para a execu\u00e7\u00e3o de pol\u00edticas p\u00fablicas, \u00e9 pauta priorit\u00e1ria do Minist\u00e9rio da Gest\u00e3o, que vem atuando dentro do poss\u00edvel e dos limites or\u00e7ament\u00e1rios para atender \u00e0s demandas dos \u00f3rg\u00e3os e entidades do Executivo Federal\u201d, informou o minist\u00e9rio.<\/p>\n<p>No caso espec\u00edfico da carreira de t\u00e9cnicos-administrativos educacionais, os minist\u00e9rios\u00a0da Gest\u00e3o e da Educa\u00e7\u00e3o\u00a0criaram grupo de trabalho para tratar da reestrutura\u00e7\u00e3o do plano para cargos t\u00e9cnico-administrativos em educa\u00e7\u00e3o.<\/p>\n<p>No dia 27 de mar\u00e7o, o relat\u00f3rio final do grupo foi entregue \u00e0 ministra de gest\u00e3o\u00a0do Minist\u00e9rio da Gest\u00e3o e Inova\u00e7\u00e3o em Servi\u00e7os P\u00fablicos, Esther Dweck, para servir de \u201cinsumo\u201d para a proposta de reestrutura\u00e7\u00e3o de carreira que ser\u00e1 apresentada na mesa de negocia\u00e7\u00e3o.<\/p>\n<\/div>\n<p class=\"alt-font font-italic my-2 small text-info\">Edi\u00e7\u00e3o: Maria Claudia<\/p>\n","protected":false},"excerpt":{"rendered":"<p>O Sindicato Nacional dos Servidores da Educa\u00e7\u00e3o B\u00e1sica, Profissional e Tecnol\u00f3gica (Sinasefe) informou que servidores federais de 360 unidades de ensino aderiram \u00e0 greve deflagrada na \u00faltima quarta-feira (3). O movimento paredista abrange tanto o quadro t\u00e9cnico-administrativo como docentes da rede federal em pelo menos 23 estados. Inicialmente, a\u00a0expectativa\u00a0do sindicato era\u00a0ades\u00e3o de 230 unidades de &hellip;<\/p>\n","protected":false},"author":1,"featured_media":2750,"comment_status":"closed","ping_status":"closed","sticky":false,"template":"","format":"standard","meta":{"footnotes":""},"categories":[30],"tags":[],"class_list":["post-2749","post","type-post","status-publish","format-standard","has-post-thumbnail","hentry","category-geral"],"yoast_head":"<!-- This site is optimized with the Yoast SEO plugin v27.4 - https:\/\/yoast.com\/product\/yoast-seo-wordpress\/ -->\n<title>Servidores federais de educa\u00e7\u00e3o param em 360 unidades de ensino - Transam\u00e9rica Mococa 93,3<\/title>\n<meta name=\"robots\" content=\"index, follow, max-snippet:-1, max-image-preview:large, max-video-preview:-1\" \/>\n<link rel=\"canonical\" href=\"https:\/\/transamerica93.com.br\/home\/servidores-federais-de-educacao-param-em-360-unidades-de-ensino\/\" \/>\n<meta property=\"og:locale\" content=\"pt_BR\" \/>\n<meta property=\"og:type\" content=\"article\" \/>\n<meta property=\"og:title\" content=\"Servidores federais de educa\u00e7\u00e3o param em 360 unidades de ensino - Transam\u00e9rica Mococa 93,3\" \/>\n<meta property=\"og:description\" content=\"O Sindicato Nacional dos Servidores da Educa\u00e7\u00e3o B\u00e1sica, Profissional e Tecnol\u00f3gica (Sinasefe) informou que servidores federais de 360 unidades de ensino aderiram \u00e0 greve deflagrada na \u00faltima quarta-feira (3). O movimento paredista abrange tanto o quadro t\u00e9cnico-administrativo como docentes da rede federal em pelo menos 23 estados. Inicialmente, a\u00a0expectativa\u00a0do sindicato era\u00a0ades\u00e3o de 230 unidades de &hellip;\" \/>\n<meta property=\"og:url\" content=\"https:\/\/transamerica93.com.br\/home\/servidores-federais-de-educacao-param-em-360-unidades-de-ensino\/\" \/>\n<meta property=\"og:site_name\" content=\"Transam\u00e9rica Mococa 93,3\" \/>\n<meta property=\"article:publisher\" content=\"https:\/\/www.facebook.com\/transamericamococa\" \/>\n<meta property=\"article:published_time\" content=\"2024-04-08T12:00:50+00:00\" \/>\n<meta property=\"og:image\" content=\"https:\/\/transamerica93.com.br\/home\/wp-content\/uploads\/2024\/04\/imagem1.jpg\" \/>\n\t<meta property=\"og:image:width\" content=\"1170\" \/>\n\t<meta property=\"og:image:height\" content=\"700\" \/>\n\t<meta property=\"og:image:type\" content=\"image\/jpeg\" \/>\n<meta name=\"author\" content=\"Reda\u00e7\u00e3o\" \/>\n<meta name=\"twitter:card\" content=\"summary_large_image\" \/>\n<meta name=\"twitter:creator\" content=\"@transamerica933\" \/>\n<meta name=\"twitter:site\" content=\"@transamerica933\" \/>\n<meta name=\"twitter:label1\" content=\"Escrito por\" \/>\n\t<meta name=\"twitter:data1\" content=\"Reda\u00e7\u00e3o\" \/>\n\t<meta name=\"twitter:label2\" content=\"Est. tempo de leitura\" \/>\n\t<meta name=\"twitter:data2\" content=\"3 minutos\" \/>\n<script type=\"application\/ld+json\" class=\"yoast-schema-graph\">{\"@context\":\"https:\\\/\\\/schema.org\",\"@graph\":[{\"@type\":\"Article\",\"@id\":\"https:\\\/\\\/transamerica93.com.br\\\/home\\\/servidores-federais-de-educacao-param-em-360-unidades-de-ensino\\\/#article\",\"isPartOf\":{\"@id\":\"https:\\\/\\\/transamerica93.com.br\\\/home\\\/servidores-federais-de-educacao-param-em-360-unidades-de-ensino\\\/\"},\"author\":{\"name\":\"Reda\u00e7\u00e3o\",\"@id\":\"https:\\\/\\\/transamerica93.com.br\\\/home\\\/#\\\/schema\\\/person\\\/7fed7c99c0d4562efa8561bc0f543172\"},\"headline\":\"Servidores federais de educa\u00e7\u00e3o param em 360 unidades de ensino\",\"datePublished\":\"2024-04-08T12:00:50+00:00\",\"mainEntityOfPage\":{\"@id\":\"https:\\\/\\\/transamerica93.com.br\\\/home\\\/servidores-federais-de-educacao-param-em-360-unidades-de-ensino\\\/\"},\"wordCount\":505,\"publisher\":{\"@id\":\"https:\\\/\\\/transamerica93.com.br\\\/home\\\/#organization\"},\"image\":{\"@id\":\"https:\\\/\\\/transamerica93.com.br\\\/home\\\/servidores-federais-de-educacao-param-em-360-unidades-de-ensino\\\/#primaryimage\"},\"thumbnailUrl\":\"https:\\\/\\\/transamerica93.com.br\\\/home\\\/wp-content\\\/uploads\\\/2024\\\/04\\\/imagem1.jpg\",\"articleSection\":[\"Geral\"],\"inLanguage\":\"pt-BR\"},{\"@type\":\"WebPage\",\"@id\":\"https:\\\/\\\/transamerica93.com.br\\\/home\\\/servidores-federais-de-educacao-param-em-360-unidades-de-ensino\\\/\",\"url\":\"https:\\\/\\\/transamerica93.com.br\\\/home\\\/servidores-federais-de-educacao-param-em-360-unidades-de-ensino\\\/\",\"name\":\"Servidores federais de educa\u00e7\u00e3o param em 360 unidades de ensino - Transam\u00e9rica Mococa 93,3\",\"isPartOf\":{\"@id\":\"https:\\\/\\\/transamerica93.com.br\\\/home\\\/#website\"},\"primaryImageOfPage\":{\"@id\":\"https:\\\/\\\/transamerica93.com.br\\\/home\\\/servidores-federais-de-educacao-param-em-360-unidades-de-ensino\\\/#primaryimage\"},\"image\":{\"@id\":\"https:\\\/\\\/transamerica93.com.br\\\/home\\\/servidores-federais-de-educacao-param-em-360-unidades-de-ensino\\\/#primaryimage\"},\"thumbnailUrl\":\"https:\\\/\\\/transamerica93.com.br\\\/home\\\/wp-content\\\/uploads\\\/2024\\\/04\\\/imagem1.jpg\",\"datePublished\":\"2024-04-08T12:00:50+00:00\",\"breadcrumb\":{\"@id\":\"https:\\\/\\\/transamerica93.com.br\\\/home\\\/servidores-federais-de-educacao-param-em-360-unidades-de-ensino\\\/#breadcrumb\"},\"inLanguage\":\"pt-BR\",\"potentialAction\":[{\"@type\":\"ReadAction\",\"target\":[\"https:\\\/\\\/transamerica93.com.br\\\/home\\\/servidores-federais-de-educacao-param-em-360-unidades-de-ensino\\\/\"]}]},{\"@type\":\"ImageObject\",\"inLanguage\":\"pt-BR\",\"@id\":\"https:\\\/\\\/transamerica93.com.br\\\/home\\\/servidores-federais-de-educacao-param-em-360-unidades-de-ensino\\\/#primaryimage\",\"url\":\"https:\\\/\\\/transamerica93.com.br\\\/home\\\/wp-content\\\/uploads\\\/2024\\\/04\\\/imagem1.jpg\",\"contentUrl\":\"https:\\\/\\\/transamerica93.com.br\\\/home\\\/wp-content\\\/uploads\\\/2024\\\/04\\\/imagem1.jpg\",\"width\":1170,\"height\":700,\"caption\":\"\u00a9 Jos\u00e9 Cruz\\\/Ag\u00eancia Brasil\"},{\"@type\":\"BreadcrumbList\",\"@id\":\"https:\\\/\\\/transamerica93.com.br\\\/home\\\/servidores-federais-de-educacao-param-em-360-unidades-de-ensino\\\/#breadcrumb\",\"itemListElement\":[{\"@type\":\"ListItem\",\"position\":1,\"name\":\"In\u00edcio\",\"item\":\"https:\\\/\\\/transamerica93.com.br\\\/home\\\/\"},{\"@type\":\"ListItem\",\"position\":2,\"name\":\"Servidores federais de educa\u00e7\u00e3o param em 360 unidades de ensino\"}]},{\"@type\":\"WebSite\",\"@id\":\"https:\\\/\\\/transamerica93.com.br\\\/home\\\/#website\",\"url\":\"https:\\\/\\\/transamerica93.com.br\\\/home\\\/\",\"name\":\"Transam\u00e9rica Mococa 93,3\",\"description\":\"\",\"publisher\":{\"@id\":\"https:\\\/\\\/transamerica93.com.br\\\/home\\\/#organization\"},\"potentialAction\":[{\"@type\":\"SearchAction\",\"target\":{\"@type\":\"EntryPoint\",\"urlTemplate\":\"https:\\\/\\\/transamerica93.com.br\\\/home\\\/?s={search_term_string}\"},\"query-input\":{\"@type\":\"PropertyValueSpecification\",\"valueRequired\":true,\"valueName\":\"search_term_string\"}}],\"inLanguage\":\"pt-BR\"},{\"@type\":\"Organization\",\"@id\":\"https:\\\/\\\/transamerica93.com.br\\\/home\\\/#organization\",\"name\":\"Transam\u00e9rica Mococa 93,3\",\"url\":\"https:\\\/\\\/transamerica93.com.br\\\/home\\\/\",\"logo\":{\"@type\":\"ImageObject\",\"inLanguage\":\"pt-BR\",\"@id\":\"https:\\\/\\\/transamerica93.com.br\\\/home\\\/#\\\/schema\\\/logo\\\/image\\\/\",\"url\":\"https:\\\/\\\/transamerica93.com.br\\\/home\\\/wp-content\\\/uploads\\\/2023\\\/10\\\/logo2.png\",\"contentUrl\":\"https:\\\/\\\/transamerica93.com.br\\\/home\\\/wp-content\\\/uploads\\\/2023\\\/10\\\/logo2.png\",\"width\":800,\"height\":500,\"caption\":\"Transam\u00e9rica Mococa 93,3\"},\"image\":{\"@id\":\"https:\\\/\\\/transamerica93.com.br\\\/home\\\/#\\\/schema\\\/logo\\\/image\\\/\"},\"sameAs\":[\"https:\\\/\\\/www.facebook.com\\\/transamericamococa\",\"https:\\\/\\\/x.com\\\/transamerica933\",\"https:\\\/\\\/www.instagram.com\\\/transamericamococa\"]},{\"@type\":\"Person\",\"@id\":\"https:\\\/\\\/transamerica93.com.br\\\/home\\\/#\\\/schema\\\/person\\\/7fed7c99c0d4562efa8561bc0f543172\",\"name\":\"Reda\u00e7\u00e3o\",\"image\":{\"@type\":\"ImageObject\",\"inLanguage\":\"pt-BR\",\"@id\":\"https:\\\/\\\/secure.gravatar.com\\\/avatar\\\/1072c6b775fb02ef8506ce967551d95926669a6b7d2c2147b42eea4d7c68395e?s=96&d=mm&r=g\",\"url\":\"https:\\\/\\\/secure.gravatar.com\\\/avatar\\\/1072c6b775fb02ef8506ce967551d95926669a6b7d2c2147b42eea4d7c68395e?s=96&d=mm&r=g\",\"contentUrl\":\"https:\\\/\\\/secure.gravatar.com\\\/avatar\\\/1072c6b775fb02ef8506ce967551d95926669a6b7d2c2147b42eea4d7c68395e?s=96&d=mm&r=g\",\"caption\":\"Reda\u00e7\u00e3o\"},\"sameAs\":[\"https:\\\/\\\/transamerica93.com.br\\\/home\"],\"url\":\"https:\\\/\\\/transamerica93.com.br\\\/home\\\/author\\\/william\\\/\"}]}<\/script>\n<!-- \/ Yoast SEO plugin. -->","yoast_head_json":{"title":"Servidores federais de educa\u00e7\u00e3o param em 360 unidades de ensino - Transam\u00e9rica Mococa 93,3","robots":{"index":"index","follow":"follow","max-snippet":"max-snippet:-1","max-image-preview":"max-image-preview:large","max-video-preview":"max-video-preview:-1"},"canonical":"https:\/\/transamerica93.com.br\/home\/servidores-federais-de-educacao-param-em-360-unidades-de-ensino\/","og_locale":"pt_BR","og_type":"article","og_title":"Servidores federais de educa\u00e7\u00e3o param em 360 unidades de ensino - Transam\u00e9rica Mococa 93,3","og_description":"O Sindicato Nacional dos Servidores da Educa\u00e7\u00e3o B\u00e1sica, Profissional e Tecnol\u00f3gica (Sinasefe) informou que servidores federais de 360 unidades de ensino aderiram \u00e0 greve deflagrada na \u00faltima quarta-feira (3). O movimento paredista abrange tanto o quadro t\u00e9cnico-administrativo como docentes da rede federal em pelo menos 23 estados. Inicialmente, a\u00a0expectativa\u00a0do sindicato era\u00a0ades\u00e3o de 230 unidades de &hellip;","og_url":"https:\/\/transamerica93.com.br\/home\/servidores-federais-de-educacao-param-em-360-unidades-de-ensino\/","og_site_name":"Transam\u00e9rica Mococa 93,3","article_publisher":"https:\/\/www.facebook.com\/transamericamococa","article_published_time":"2024-04-08T12:00:50+00:00","og_image":[{"width":1170,"height":700,"url":"https:\/\/transamerica93.com.br\/home\/wp-content\/uploads\/2024\/04\/imagem1.jpg","type":"image\/jpeg"}],"author":"Reda\u00e7\u00e3o","twitter_card":"summary_large_image","twitter_creator":"@transamerica933","twitter_site":"@transamerica933","twitter_misc":{"Escrito por":"Reda\u00e7\u00e3o","Est. tempo de leitura":"3 minutos"},"schema":{"@context":"https:\/\/schema.org","@graph":[{"@type":"Article","@id":"https:\/\/transamerica93.com.br\/home\/servidores-federais-de-educacao-param-em-360-unidades-de-ensino\/#article","isPartOf":{"@id":"https:\/\/transamerica93.com.br\/home\/servidores-federais-de-educacao-param-em-360-unidades-de-ensino\/"},"author":{"name":"Reda\u00e7\u00e3o","@id":"https:\/\/transamerica93.com.br\/home\/#\/schema\/person\/7fed7c99c0d4562efa8561bc0f543172"},"headline":"Servidores federais de educa\u00e7\u00e3o param em 360 unidades de ensino","datePublished":"2024-04-08T12:00:50+00:00","mainEntityOfPage":{"@id":"https:\/\/transamerica93.com.br\/home\/servidores-federais-de-educacao-param-em-360-unidades-de-ensino\/"},"wordCount":505,"publisher":{"@id":"https:\/\/transamerica93.com.br\/home\/#organization"},"image":{"@id":"https:\/\/transamerica93.com.br\/home\/servidores-federais-de-educacao-param-em-360-unidades-de-ensino\/#primaryimage"},"thumbnailUrl":"https:\/\/transamerica93.com.br\/home\/wp-content\/uploads\/2024\/04\/imagem1.jpg","articleSection":["Geral"],"inLanguage":"pt-BR"},{"@type":"WebPage","@id":"https:\/\/transamerica93.com.br\/home\/servidores-federais-de-educacao-param-em-360-unidades-de-ensino\/","url":"https:\/\/transamerica93.com.br\/home\/servidores-federais-de-educacao-param-em-360-unidades-de-ensino\/","name":"Servidores federais de educa\u00e7\u00e3o param em 360 unidades de ensino - Transam\u00e9rica Mococa 93,3","isPartOf":{"@id":"https:\/\/transamerica93.com.br\/home\/#website"},"primaryImageOfPage":{"@id":"https:\/\/transamerica93.com.br\/home\/servidores-federais-de-educacao-param-em-360-unidades-de-ensino\/#primaryimage"},"image":{"@id":"https:\/\/transamerica93.com.br\/home\/servidores-federais-de-educacao-param-em-360-unidades-de-ensino\/#primaryimage"},"thumbnailUrl":"https:\/\/transamerica93.com.br\/home\/wp-content\/uploads\/2024\/04\/imagem1.jpg","datePublished":"2024-04-08T12:00:50+00:00","breadcrumb":{"@id":"https:\/\/transamerica93.com.br\/home\/servidores-federais-de-educacao-param-em-360-unidades-de-ensino\/#breadcrumb"},"inLanguage":"pt-BR","potentialAction":[{"@type":"ReadAction","target":["https:\/\/transamerica93.com.br\/home\/servidores-federais-de-educacao-param-em-360-unidades-de-ensino\/"]}]},{"@type":"ImageObject","inLanguage":"pt-BR","@id":"https:\/\/transamerica93.com.br\/home\/servidores-federais-de-educacao-param-em-360-unidades-de-ensino\/#primaryimage","url":"https:\/\/transamerica93.com.br\/home\/wp-content\/uploads\/2024\/04\/imagem1.jpg","contentUrl":"https:\/\/transamerica93.com.br\/home\/wp-content\/uploads\/2024\/04\/imagem1.jpg","width":1170,"height":700,"caption":"\u00a9 Jos\u00e9 Cruz\/Ag\u00eancia Brasil"},{"@type":"BreadcrumbList","@id":"https:\/\/transamerica93.com.br\/home\/servidores-federais-de-educacao-param-em-360-unidades-de-ensino\/#breadcrumb","itemListElement":[{"@type":"ListItem","position":1,"name":"In\u00edcio","item":"https:\/\/transamerica93.com.br\/home\/"},{"@type":"ListItem","position":2,"name":"Servidores federais de educa\u00e7\u00e3o param em 360 unidades de ensino"}]},{"@type":"WebSite","@id":"https:\/\/transamerica93.com.br\/home\/#website","url":"https:\/\/transamerica93.com.br\/home\/","name":"Transam\u00e9rica Mococa 93,3","description":"","publisher":{"@id":"https:\/\/transamerica93.com.br\/home\/#organization"},"potentialAction":[{"@type":"SearchAction","target":{"@type":"EntryPoint","urlTemplate":"https:\/\/transamerica93.com.br\/home\/?s={search_term_string}"},"query-input":{"@type":"PropertyValueSpecification","valueRequired":true,"valueName":"search_term_string"}}],"inLanguage":"pt-BR"},{"@type":"Organization","@id":"https:\/\/transamerica93.com.br\/home\/#organization","name":"Transam\u00e9rica Mococa 93,3","url":"https:\/\/transamerica93.com.br\/home\/","logo":{"@type":"ImageObject","inLanguage":"pt-BR","@id":"https:\/\/transamerica93.com.br\/home\/#\/schema\/logo\/image\/","url":"https:\/\/transamerica93.com.br\/home\/wp-content\/uploads\/2023\/10\/logo2.png","contentUrl":"https:\/\/transamerica93.com.br\/home\/wp-content\/uploads\/2023\/10\/logo2.png","width":800,"height":500,"caption":"Transam\u00e9rica Mococa 93,3"},"image":{"@id":"https:\/\/transamerica93.com.br\/home\/#\/schema\/logo\/image\/"},"sameAs":["https:\/\/www.facebook.com\/transamericamococa","https:\/\/x.com\/transamerica933","https:\/\/www.instagram.com\/transamericamococa"]},{"@type":"Person","@id":"https:\/\/transamerica93.com.br\/home\/#\/schema\/person\/7fed7c99c0d4562efa8561bc0f543172","name":"Reda\u00e7\u00e3o","image":{"@type":"ImageObject","inLanguage":"pt-BR","@id":"https:\/\/secure.gravatar.com\/avatar\/1072c6b775fb02ef8506ce967551d95926669a6b7d2c2147b42eea4d7c68395e?s=96&d=mm&r=g","url":"https:\/\/secure.gravatar.com\/avatar\/1072c6b775fb02ef8506ce967551d95926669a6b7d2c2147b42eea4d7c68395e?s=96&d=mm&r=g","contentUrl":"https:\/\/secure.gravatar.com\/avatar\/1072c6b775fb02ef8506ce967551d95926669a6b7d2c2147b42eea4d7c68395e?s=96&d=mm&r=g","caption":"Reda\u00e7\u00e3o"},"sameAs":["https:\/\/transamerica93.com.br\/home"],"url":"https:\/\/transamerica93.com.br\/home\/author\/william\/"}]}},"_links":{"self":[{"href":"https:\/\/transamerica93.com.br\/home\/wp-json\/wp\/v2\/posts\/2749","targetHints":{"allow":["GET"]}}],"collection":[{"href":"https:\/\/transamerica93.com.br\/home\/wp-json\/wp\/v2\/posts"}],"about":[{"href":"https:\/\/transamerica93.com.br\/home\/wp-json\/wp\/v2\/types\/post"}],"author":[{"embeddable":true,"href":"https:\/\/transamerica93.com.br\/home\/wp-json\/wp\/v2\/users\/1"}],"replies":[{"embeddable":true,"href":"https:\/\/transamerica93.com.br\/home\/wp-json\/wp\/v2\/comments?post=2749"}],"version-history":[{"count":1,"href":"https:\/\/transamerica93.com.br\/home\/wp-json\/wp\/v2\/posts\/2749\/revisions"}],"predecessor-version":[{"id":2755,"href":"https:\/\/transamerica93.com.br\/home\/wp-json\/wp\/v2\/posts\/2749\/revisions\/2755"}],"wp:featuredmedia":[{"embeddable":true,"href":"https:\/\/transamerica93.com.br\/home\/wp-json\/wp\/v2\/media\/2750"}],"wp:attachment":[{"href":"https:\/\/transamerica93.com.br\/home\/wp-json\/wp\/v2\/media?parent=2749"}],"wp:term":[{"taxonomy":"category","embeddable":true,"href":"https:\/\/transamerica93.com.br\/home\/wp-json\/wp\/v2\/categories?post=2749"},{"taxonomy":"post_tag","embeddable":true,"href":"https:\/\/transamerica93.com.br\/home\/wp-json\/wp\/v2\/tags?post=2749"}],"curies":[{"name":"wp","href":"https:\/\/api.w.org\/{rel}","templated":true}]}}