{"id":2756,"date":"2024-04-09T09:00:58","date_gmt":"2024-04-09T12:00:58","guid":{"rendered":"https:\/\/transamerica93.com.br\/home\/?p=2756"},"modified":"2024-04-06T09:05:58","modified_gmt":"2024-04-06T12:05:58","slug":"parabolica-digital-gratuita-mais-de-12-mil-familias-tem-direito-na-regiao-saiba-como-pedir","status":"publish","type":"post","link":"https:\/\/transamerica93.com.br\/home\/parabolica-digital-gratuita-mais-de-12-mil-familias-tem-direito-na-regiao-saiba-como-pedir\/","title":{"rendered":"Parab\u00f3lica digital gratuita: mais de 12 mil fam\u00edlias t\u00eam direito na regi\u00e3o; saiba como pedir"},"content":{"rendered":"<div id=\"chunk-9c4qb\">\n<div class=\"mc-column content-text active-extra-styles \" data-block-type=\"unstyled\" data-block-weight=\"39\" data-block-id=\"2\">\n<p class=\" content-text__container \" data-track-category=\"Link no Texto\" data-track-links=\"\" data-mrf-recirculation=\"Article links\">Pelo menos<strong>\u00a012,1 mil fam\u00edlias de 36 cidades da regi\u00e3o\u00a0<\/strong>que t\u00eam direito a receber uma antena parab\u00f3lica digital de gra\u00e7a ainda n\u00e3o agendaram para substituir as antenas parab\u00f3licas tradicionais pelo modelo digital.<\/p>\n<\/div>\n<\/div>\n<div class=\"wall protected-content\">\n<div id=\"chunk-imp\">\n<div class=\"mc-column content-text active-extra-styles \" data-block-type=\"unstyled\" data-block-weight=\"38\" data-block-id=\"4\">\n<p class=\" content-text__container \" data-track-category=\"Link no Texto\" data-track-links=\"\" data-mrf-recirculation=\"Article links\">Na regi\u00e3o, apenas em\u00a0<a class=\"\" href=\"https:\/\/g1.globo.com\/sp\/sao-carlos-regiao\/cidade\/caconde\/\" data-mrf-link=\"https:\/\/g1.globo.com\/sp\/sao-carlos-regiao\/cidade\/caconde\/\">Caconde<\/a>,\u00a0<a class=\"\" href=\"https:\/\/g1.globo.com\/sp\/sao-carlos-regiao\/cidade\/conchal\/\" data-mrf-link=\"https:\/\/g1.globo.com\/sp\/sao-carlos-regiao\/cidade\/conchal\/\">Conchal<\/a>,\u00a0<a class=\"\" href=\"https:\/\/g1.globo.com\/sp\/sao-carlos-regiao\/cidade\/gaviao-peixoto\/\" data-mrf-link=\"https:\/\/g1.globo.com\/sp\/sao-carlos-regiao\/cidade\/gaviao-peixoto\/\">Gavi\u00e3o Peixoto<\/a>,\u00a0<a class=\"\" href=\"https:\/\/g1.globo.com\/sp\/sao-carlos-regiao\/cidade\/itobi\/\" data-mrf-link=\"https:\/\/g1.globo.com\/sp\/sao-carlos-regiao\/cidade\/itobi\/\">Itobi<\/a>,\u00a0<a class=\"\" href=\"https:\/\/g1.globo.com\/sp\/sao-carlos-regiao\/cidade\/motuca\/\" data-mrf-link=\"https:\/\/g1.globo.com\/sp\/sao-carlos-regiao\/cidade\/motuca\/\">Motuca<\/a>\u00a0e\u00a0<a class=\"\" href=\"https:\/\/g1.globo.com\/sp\/sao-carlos-regiao\/cidade\/trabiju\/\" data-mrf-link=\"https:\/\/g1.globo.com\/sp\/sao-carlos-regiao\/cidade\/trabiju\/\">Trabiju<\/a>\u00a0j\u00e1 tiveram todas as antenas previstas pelo programa<a class=\"\" href=\"https:\/\/sigaantenado.com.br\/\" target=\"_blank\" rel=\"noopener\" data-mrf-link=\"https:\/\/sigaantenado.com.br\/\">\u00a0Siga Antenado<\/a>\u00a0instaladas\u00a0<strong><em>(veja na tabela abaixo a previs\u00e3o de antenas ainda a serem instaladas por cidade)<\/em><\/strong>.<\/p>\n<\/div>\n<\/div>\n<div id=\"chunk-749hl\">\n<div class=\"mc-column content-text active-extra-styles\" data-block-type=\"raw\" data-block-weight=\"7\" data-block-id=\"8\">\n<div class=\"content-intertitle\">\n<h2>Quem pode receber a antena digital gratuitamente?<\/h2>\n<\/div>\n<\/div>\n<\/div>\n<div id=\"chunk-6v8tf\">\n<div class=\"mc-column content-text active-extra-styles \" data-block-type=\"unstyled\" data-block-weight=\"26\" data-block-id=\"9\">\n<p class=\" content-text__container \" data-track-category=\"Link no Texto\" data-track-links=\"\" data-mrf-recirculation=\"Article links\">Todas as pessoas inscritas no Cad\u00danico do Governo Federal e que assistem TV por meio de uma antena parab\u00f3lica tradicional, t\u00eam direito a essa troca gratuita.<\/p>\n<\/div>\n<\/div>\n<div id=\"chunk-bbotd\">\n<div class=\"mc-column content-text active-extra-styles \" data-block-type=\"unstyled\" data-block-weight=\"34\" data-block-id=\"10\">\n<p class=\" content-text__container \" data-track-category=\"Link no Texto\" data-track-links=\"\" data-mrf-recirculation=\"Article links\">As fam\u00edlias que utilizam outros sistemas de transmiss\u00e3o para assistir televis\u00e3o, como antena espinha de peixe, antena digital interna ou TV por assinatura, mesmo que benefici\u00e1rias de programas sociais, n\u00e3o precisam fazer a troca.<\/p>\n<\/div>\n<\/div>\n<div id=\"chunk-699c9\">\n<div class=\"mc-column content-text active-extra-styles\" data-block-type=\"raw\" data-block-weight=\"7\" data-block-id=\"13\">\n<div class=\"content-intertitle\">\n<h2>Por que \u00e9 preciso trocar o equipamento?<\/h2>\n<\/div>\n<\/div>\n<\/div>\n<div id=\"chunk-3ilv\">\n<div class=\"row medium-uncollapsed content-media content-photo\" data-block-type=\"backstage-photo\" data-block-id=\"14\">\n<div class=\" mc-column  content-media__container\">\n<p class=\"content-media__description  \">Parab\u00f3licas tradicionais devem ser substitu\u00eddas por digitais por causa do sinal 5G \u2014 Foto: Siga Antenado \/ Divulga\u00e7\u00e3o<\/p>\n<\/div>\n<\/div>\n<\/div>\n<div id=\"chunk-ad13v\">\n<div class=\"mc-column content-text active-extra-styles \" data-block-type=\"unstyled\" data-block-weight=\"40\" data-block-id=\"16\">\n<p class=\" content-text__container \" data-track-category=\"Link no Texto\" data-track-links=\"\" data-mrf-recirculation=\"Article links\">A substitui\u00e7\u00e3o \u00e9 necess\u00e1ria porque a parab\u00f3lica tradicional poder\u00e1 enfrentar interfer\u00eancias no sinal da TV quando a tecnologia 5G for ativada no munic\u00edpio ou regi\u00e3o, como chuviscos, chiados, imagem travada ou at\u00e9 interrup\u00e7\u00e3o do sinal com a chegada do 5G.<\/p>\n<\/div>\n<\/div>\n<div id=\"chunk-85haf\">\n<div class=\"mc-column content-text active-extra-styles \" data-block-type=\"unstyled\" data-block-weight=\"42\" data-block-id=\"17\">\n<p class=\" content-text__container \" data-track-category=\"Link no Texto\" data-track-links=\"\" data-mrf-recirculation=\"Article links\">Quem n\u00e3o fizer a substitui\u00e7\u00e3o pela nova parab\u00f3lica digital poder\u00e1 n\u00e3o conseguir mais assistir \u00e0 TV. Isso acontece porque o 5G opera na mesma frequ\u00eancia da parab\u00f3lica tradicional, a Banda C. J\u00e1 o equipamento digital opera em outra faixa, a Banda Ku.<\/p>\n<\/div>\n<\/div>\n<div id=\"chunk-9bbfc\">\n<div class=\"mc-column content-text active-extra-styles\" data-block-type=\"raw\" data-block-weight=\"18\" data-block-id=\"18\">\n<div class=\"content-intertitle\">\n<h2>Confira o passo a passo para saber se voc\u00ea tem direito \u00e0 antena digital e agendar a instala\u00e7\u00e3o:<\/h2>\n<\/div>\n<\/div>\n<\/div>\n<div id=\"chunk-rotg\">\n<div class=\"mc-column content-text active-extra-styles \" data-block-type=\"unstyled\" data-block-weight=\"39\" data-block-id=\"19\">\n<p class=\" content-text__container \" data-track-category=\"Link no Texto\" data-track-links=\"\" data-mrf-recirculation=\"Article links\">\ud83d\udce1 Para saber se tem direito ao benef\u00edcio, a popula\u00e7\u00e3o deve entrar em contato com os canais de comunica\u00e7\u00e3o da entidade, que s\u00e3o o n\u00famero 0800 729 2404\u00a0<em>(tamb\u00e9m funciona como WhatsApp)\u00a0<\/em>ou o site da Siga Antenado.<\/p>\n<\/div>\n<\/div>\n<div id=\"chunk-cab8e\">\n<div class=\"mc-column content-text active-extra-styles \" data-block-type=\"unstyled\" data-block-weight=\"34\" data-block-id=\"20\">\n<p class=\" content-text__container \" data-track-category=\"Link no Texto\" data-track-links=\"\" data-mrf-recirculation=\"Article links\">\ud83d\udce1 Ser\u00e1 necess\u00e1rio informar, no momento do atendimento, o n\u00famero do CPF ou NIS (N\u00famero de Identifica\u00e7\u00e3o Social). Se voc\u00ea fizer parte de algum programa social do Governo Federal, poder\u00e1 continuar respondendo ao formul\u00e1rio.<\/p>\n<\/div>\n<\/div>\n<div id=\"chunk-a5i9o\">\n<div class=\"mc-column content-text active-extra-styles \" data-block-type=\"unstyled\" data-block-weight=\"7\" data-block-id=\"21\">\n<p class=\" content-text__container \" data-track-category=\"Link no Texto\" data-track-links=\"\" data-mrf-recirculation=\"Article links\">\ud83d\udce1 Responda as pr\u00f3ximas perguntas do formul\u00e1rio.<\/p>\n<\/div>\n<\/div>\n<div id=\"chunk-fqcd4\">\n<div class=\"mc-column content-text active-extra-styles \" data-block-type=\"unstyled\" data-block-weight=\"48\" data-block-id=\"22\">\n<p class=\" content-text__container \" data-track-category=\"Link no Texto\" data-track-links=\"\" data-mrf-recirculation=\"Article links\">\ud83d\udce1 Se estiver dentro dos crit\u00e9rios obrigat\u00f3rios \u2013 estar inscrito no Cad\u00danico e ter uma parab\u00f3lica tradicional instalada e funcionando &#8211; ser\u00e1 direcionado para o chat e poder\u00e1 escolher o melhor dia para que um dos t\u00e9cnicos da Siga Antenado v\u00e1 at\u00e9 a casa e fa\u00e7a a instala\u00e7\u00e3o.<\/p>\n<\/div>\n<\/div>\n<div id=\"chunk-tqqt\">\n<div class=\"mc-column content-text active-extra-styles\" data-block-type=\"raw\" data-block-weight=\"15\" data-block-id=\"24\">\n<div class=\"content-intertitle\">\n<h2>Veja a quantidade de antenas que ainda devem ser instaladas em cada cidade da regi\u00e3o:<\/h2>\n<\/div>\n<p>&nbsp;<\/p>\n<\/div>\n<\/div>\n<div id=\"chunk-2v1dc\">\n<div class=\"row medium-uncollapsed content-text\" data-block-type=\"table-plugin\" data-block-id=\"25\">\n<div class=\"column medium-centered medium-22 large-20\">\n<div class=\"show-table content-media content-media--normal\">\n<p class=\"mc-column show-table__title\">Antenas digitais que devem ser instaladas por cidade<\/p>\n<div class=\"show-table__centralized\">\n<div class=\"show-table__container\">\n<table class=\"show-table__content\n show-table__content--highlight-top        \"><\/p>\n<tbody>\n<tr>\n<td>Cidade<\/td>\n<td>Antenas a serem instaladas<\/td>\n<\/tr>\n<tr>\n<td>Agua\u00ed<\/td>\n<td>398<\/td>\n<\/tr>\n<tr>\n<td>\u00c1guas da Prata<\/td>\n<td>95<\/td>\n<\/tr>\n<tr>\n<td>Am\u00e9rico Brasiliense<\/td>\n<td>262<\/td>\n<\/tr>\n<tr>\n<td>Anal\u00e2ndia<\/td>\n<td>44<\/td>\n<\/tr>\n<tr>\n<td>Araraquara<\/td>\n<td>1168<\/td>\n<\/tr>\n<tr>\n<td>Araras<\/td>\n<td>1036<\/td>\n<\/tr>\n<tr>\n<td>Boa Esperan\u00e7a do Sul<\/td>\n<td>175<\/td>\n<\/tr>\n<tr>\n<td>Brotas<\/td>\n<td>186<\/td>\n<\/tr>\n<tr>\n<td>Casa Branca<\/td>\n<td>317<\/td>\n<\/tr>\n<tr>\n<td>Corumbata\u00ed<\/td>\n<td>60<\/td>\n<\/tr>\n<tr>\n<td>Descalvado<\/td>\n<td>278<\/td>\n<\/tr>\n<tr>\n<td>Divinol\u00e2ndia<\/td>\n<td>193<\/td>\n<\/tr>\n<tr>\n<td>Dourado<\/td>\n<td>69<\/td>\n<\/tr>\n<tr>\n<td>Ibat\u00e9<\/td>\n<td>380<\/td>\n<\/tr>\n<tr>\n<td>Itirapina<\/td>\n<td>187<\/td>\n<\/tr>\n<tr>\n<td>Leme<\/td>\n<td>721<\/td>\n<\/tr>\n<tr>\n<td>Mat\u00e3o<\/td>\n<td>430<\/td>\n<\/tr>\n<tr>\n<td>Mococa<\/td>\n<td>331<\/td>\n<\/tr>\n<tr>\n<td>Nova Europa<\/td>\n<td>118<\/td>\n<\/tr>\n<tr>\n<td>Pirassununga<\/td>\n<td>380<\/td>\n<\/tr>\n<tr>\n<td>Porto Ferreira<\/td>\n<td>441<\/td>\n<\/tr>\n<tr>\n<td>Ribeir\u00e3o Bonito<\/td>\n<td>48<\/td>\n<\/tr>\n<tr>\n<td>Rinc\u00e3o<\/td>\n<td>99<\/td>\n<\/tr>\n<tr>\n<td>Rio Claro<\/td>\n<td>799<\/td>\n<\/tr>\n<tr>\n<td>Santa Cruz da Concei\u00e7\u00e3o<\/td>\n<td>28<\/td>\n<\/tr>\n<tr>\n<td>Santa Cruz das Palmeiras<\/td>\n<td>298<\/td>\n<\/tr>\n<tr>\n<td>Santa Gertrudes<\/td>\n<td>165<\/td>\n<\/tr>\n<tr>\n<td>Santa L\u00facia<\/td>\n<td>37<\/td>\n<\/tr>\n<tr>\n<td>Santa Rita do Passa Quatro<\/td>\n<td>316<\/td>\n<\/tr>\n<tr>\n<td>S\u00e3o Carlos<\/td>\n<td>1208<\/td>\n<\/tr>\n<tr>\n<td>S\u00e3o Jo\u00e3o da Boa Vista<\/td>\n<td>428<\/td>\n<\/tr>\n<tr>\n<td>S\u00e3o Jos\u00e9 do Rio Pardo<\/td>\n<td>442<\/td>\n<\/tr>\n<tr>\n<td>S\u00e3o Sebasti\u00e3o da Grama<\/td>\n<td>124<\/td>\n<\/tr>\n<tr>\n<td>Tamba\u00fa<\/td>\n<td>343<\/td>\n<\/tr>\n<tr>\n<td>Tapiratiba<\/td>\n<td>164<\/td>\n<\/tr>\n<tr>\n<td>Vargem Grande do Sul<\/td>\n<td>338<\/td>\n<\/tr>\n<tr>\n<td><\/td>\n<td><\/td>\n<\/tr>\n<\/tbody>\n<\/table>\n<\/div>\n<div class=\"show-table__footer\">\n<div class=\"show-table__source\">Fonte: Programa Siga Antenado<\/div>\n<\/div>\n<\/div>\n<\/div>\n<\/div>\n<\/div>\n<\/div>\n<div id=\"chunk-ah27n\">\n<div class=\"row medium-uncollapsed content-media content-photo\" data-block-type=\"backstage-photo\" data-block-id=\"26\">\n<div class=\" mc-column  content-media__container\">\n<div class=\"content-media-container glb-skeleton-box\">\n<figure class=\"content-media-figure\"><img decoding=\"async\" class=\"i-amphtml-fill-content i-amphtml-replaced-content lazyload\" data-src=\"https:\/\/s2-g1.glbimg.com\/rXUHbzMthA45c8_g9bCrcjjwfSE=\/0x0:1200x1966\/984x0\/smart\/filters:strip_icc()\/i.s3.glbimg.com\/v1\/AUTH_59edd422c0c84a879bd37670ae4f538a\/internal_photos\/bs\/2022\/g\/Z\/FrBlhBQx66M9FNSeeoSA\/2311-antenas-parabolicas.png\" data-sizes=\"(max-width: 1600px) 648px, 100vw\" data-srcset=\"https:\/\/s2-g1.glbimg.com\/P3ffolzLTG2eX_HjWfnHbICyEy0=\/0x0:1200x1966\/1000x0\/smart\/filters:strip_icc()\/i.s3.glbimg.com\/v1\/AUTH_59edd422c0c84a879bd37670ae4f538a\/internal_photos\/bs\/2022\/g\/Z\/FrBlhBQx66M9FNSeeoSA\/2311-antenas-parabolicas.png 1000w, https:\/\/s2-g1.glbimg.com\/rXUHbzMthA45c8_g9bCrcjjwfSE=\/0x0:1200x1966\/984x0\/smart\/filters:strip_icc()\/i.s3.glbimg.com\/v1\/AUTH_59edd422c0c84a879bd37670ae4f538a\/internal_photos\/bs\/2022\/g\/Z\/FrBlhBQx66M9FNSeeoSA\/2311-antenas-parabolicas.png 984w, https:\/\/s2-g1.glbimg.com\/byxuQt-yX0V-4sucF2x15_FpOMk=\/0x0:1200x1966\/640x0\/smart\/filters:strip_icc()\/i.s3.glbimg.com\/v1\/AUTH_59edd422c0c84a879bd37670ae4f538a\/internal_photos\/bs\/2022\/g\/Z\/FrBlhBQx66M9FNSeeoSA\/2311-antenas-parabolicas.png 640w, https:\/\/s2-g1.glbimg.com\/qsFPDnY-hSATq227uXmkWzJjhck=\/0x0:1200x1966\/600x0\/smart\/filters:strip_icc()\/i.s3.glbimg.com\/v1\/AUTH_59edd422c0c84a879bd37670ae4f538a\/internal_photos\/bs\/2022\/g\/Z\/FrBlhBQx66M9FNSeeoSA\/2311-antenas-parabolicas.png 600w\" alt=\"Antena parab\u00f3lica convencional, digital e os outros modelos \u2014 Foto: Arte\/g1\" src=\"data:image\/svg+xml;base64,PHN2ZyB3aWR0aD0iMSIgaGVpZ2h0PSIxIiB4bWxucz0iaHR0cDovL3d3dy53My5vcmcvMjAwMC9zdmciPjwvc3ZnPg==\" \/><\/figure>\n<p>Via <a href=\"https:\/\/g1.globo.com\/sp\/sao-carlos-regiao\/noticia\/2024\/04\/03\/parabolica-digital-gratuita-mais-de-12-mil-familias-tem-direito-na-regiao-saiba-como-pedir.ghtml\" target=\"_blank\" rel=\"noopener\">G1 Mococa<\/a><\/p>\n<\/div>\n<\/div>\n<\/div>\n<\/div>\n<\/div>\n","protected":false},"excerpt":{"rendered":"<p>Pelo menos\u00a012,1 mil fam\u00edlias de 36 cidades da regi\u00e3o\u00a0que t\u00eam direito a receber uma antena parab\u00f3lica digital de gra\u00e7a ainda n\u00e3o agendaram para substituir as antenas parab\u00f3licas tradicionais pelo modelo digital. Na regi\u00e3o, apenas em\u00a0Caconde,\u00a0Conchal,\u00a0Gavi\u00e3o Peixoto,\u00a0Itobi,\u00a0Motuca\u00a0e\u00a0Trabiju\u00a0j\u00e1 tiveram todas as antenas previstas pelo programa\u00a0Siga Antenado\u00a0instaladas\u00a0(veja na tabela abaixo a previs\u00e3o de antenas ainda a serem instaladas &hellip;<\/p>\n","protected":false},"author":1,"featured_media":2751,"comment_status":"closed","ping_status":"closed","sticky":false,"template":"","format":"standard","meta":{"footnotes":""},"categories":[30],"tags":[],"class_list":["post-2756","post","type-post","status-publish","format-standard","has-post-thumbnail","hentry","category-geral"],"yoast_head":"<!-- This site is optimized with the Yoast SEO plugin v27.4 - https:\/\/yoast.com\/product\/yoast-seo-wordpress\/ -->\n<title>Parab\u00f3lica digital gratuita: mais de 12 mil fam\u00edlias t\u00eam direito na regi\u00e3o; saiba como pedir - Transam\u00e9rica Mococa 93,3<\/title>\n<meta name=\"robots\" content=\"index, follow, max-snippet:-1, max-image-preview:large, max-video-preview:-1\" \/>\n<link rel=\"canonical\" href=\"https:\/\/transamerica93.com.br\/home\/parabolica-digital-gratuita-mais-de-12-mil-familias-tem-direito-na-regiao-saiba-como-pedir\/\" \/>\n<meta property=\"og:locale\" content=\"pt_BR\" \/>\n<meta property=\"og:type\" content=\"article\" \/>\n<meta property=\"og:title\" content=\"Parab\u00f3lica digital gratuita: mais de 12 mil fam\u00edlias t\u00eam direito na regi\u00e3o; saiba como pedir - Transam\u00e9rica Mococa 93,3\" \/>\n<meta property=\"og:description\" content=\"Pelo menos\u00a012,1 mil fam\u00edlias de 36 cidades da regi\u00e3o\u00a0que t\u00eam direito a receber uma antena parab\u00f3lica digital de gra\u00e7a ainda n\u00e3o agendaram para substituir as antenas parab\u00f3licas tradicionais pelo modelo digital. Na regi\u00e3o, apenas em\u00a0Caconde,\u00a0Conchal,\u00a0Gavi\u00e3o Peixoto,\u00a0Itobi,\u00a0Motuca\u00a0e\u00a0Trabiju\u00a0j\u00e1 tiveram todas as antenas previstas pelo programa\u00a0Siga Antenado\u00a0instaladas\u00a0(veja na tabela abaixo a previs\u00e3o de antenas ainda a serem instaladas &hellip;\" \/>\n<meta property=\"og:url\" content=\"https:\/\/transamerica93.com.br\/home\/parabolica-digital-gratuita-mais-de-12-mil-familias-tem-direito-na-regiao-saiba-como-pedir\/\" \/>\n<meta property=\"og:site_name\" content=\"Transam\u00e9rica Mococa 93,3\" \/>\n<meta property=\"article:publisher\" content=\"https:\/\/www.facebook.com\/transamericamococa\" \/>\n<meta property=\"article:published_time\" content=\"2024-04-09T12:00:58+00:00\" \/>\n<meta property=\"og:image\" content=\"https:\/\/transamerica93.com.br\/home\/wp-content\/uploads\/2024\/04\/imagem2.jpg\" \/>\n\t<meta property=\"og:image:width\" content=\"1170\" \/>\n\t<meta property=\"og:image:height\" content=\"700\" \/>\n\t<meta property=\"og:image:type\" content=\"image\/jpeg\" \/>\n<meta name=\"author\" content=\"Reda\u00e7\u00e3o\" \/>\n<meta name=\"twitter:card\" content=\"summary_large_image\" \/>\n<meta name=\"twitter:creator\" content=\"@transamerica933\" \/>\n<meta name=\"twitter:site\" content=\"@transamerica933\" \/>\n<meta name=\"twitter:label1\" content=\"Escrito por\" \/>\n\t<meta name=\"twitter:data1\" content=\"Reda\u00e7\u00e3o\" \/>\n\t<meta name=\"twitter:label2\" content=\"Est. tempo de leitura\" \/>\n\t<meta name=\"twitter:data2\" content=\"4 minutos\" \/>\n<script type=\"application\/ld+json\" class=\"yoast-schema-graph\">{\"@context\":\"https:\\\/\\\/schema.org\",\"@graph\":[{\"@type\":\"Article\",\"@id\":\"https:\\\/\\\/transamerica93.com.br\\\/home\\\/parabolica-digital-gratuita-mais-de-12-mil-familias-tem-direito-na-regiao-saiba-como-pedir\\\/#article\",\"isPartOf\":{\"@id\":\"https:\\\/\\\/transamerica93.com.br\\\/home\\\/parabolica-digital-gratuita-mais-de-12-mil-familias-tem-direito-na-regiao-saiba-como-pedir\\\/\"},\"author\":{\"name\":\"Reda\u00e7\u00e3o\",\"@id\":\"https:\\\/\\\/transamerica93.com.br\\\/home\\\/#\\\/schema\\\/person\\\/7fed7c99c0d4562efa8561bc0f543172\"},\"headline\":\"Parab\u00f3lica digital gratuita: mais de 12 mil fam\u00edlias t\u00eam direito na regi\u00e3o; saiba como pedir\",\"datePublished\":\"2024-04-09T12:00:58+00:00\",\"mainEntityOfPage\":{\"@id\":\"https:\\\/\\\/transamerica93.com.br\\\/home\\\/parabolica-digital-gratuita-mais-de-12-mil-familias-tem-direito-na-regiao-saiba-como-pedir\\\/\"},\"wordCount\":572,\"publisher\":{\"@id\":\"https:\\\/\\\/transamerica93.com.br\\\/home\\\/#organization\"},\"image\":{\"@id\":\"https:\\\/\\\/transamerica93.com.br\\\/home\\\/parabolica-digital-gratuita-mais-de-12-mil-familias-tem-direito-na-regiao-saiba-como-pedir\\\/#primaryimage\"},\"thumbnailUrl\":\"https:\\\/\\\/transamerica93.com.br\\\/home\\\/wp-content\\\/uploads\\\/2024\\\/04\\\/imagem2.jpg\",\"articleSection\":[\"Geral\"],\"inLanguage\":\"pt-BR\"},{\"@type\":\"WebPage\",\"@id\":\"https:\\\/\\\/transamerica93.com.br\\\/home\\\/parabolica-digital-gratuita-mais-de-12-mil-familias-tem-direito-na-regiao-saiba-como-pedir\\\/\",\"url\":\"https:\\\/\\\/transamerica93.com.br\\\/home\\\/parabolica-digital-gratuita-mais-de-12-mil-familias-tem-direito-na-regiao-saiba-como-pedir\\\/\",\"name\":\"Parab\u00f3lica digital gratuita: mais de 12 mil fam\u00edlias t\u00eam direito na regi\u00e3o; saiba como pedir - Transam\u00e9rica Mococa 93,3\",\"isPartOf\":{\"@id\":\"https:\\\/\\\/transamerica93.com.br\\\/home\\\/#website\"},\"primaryImageOfPage\":{\"@id\":\"https:\\\/\\\/transamerica93.com.br\\\/home\\\/parabolica-digital-gratuita-mais-de-12-mil-familias-tem-direito-na-regiao-saiba-como-pedir\\\/#primaryimage\"},\"image\":{\"@id\":\"https:\\\/\\\/transamerica93.com.br\\\/home\\\/parabolica-digital-gratuita-mais-de-12-mil-familias-tem-direito-na-regiao-saiba-como-pedir\\\/#primaryimage\"},\"thumbnailUrl\":\"https:\\\/\\\/transamerica93.com.br\\\/home\\\/wp-content\\\/uploads\\\/2024\\\/04\\\/imagem2.jpg\",\"datePublished\":\"2024-04-09T12:00:58+00:00\",\"breadcrumb\":{\"@id\":\"https:\\\/\\\/transamerica93.com.br\\\/home\\\/parabolica-digital-gratuita-mais-de-12-mil-familias-tem-direito-na-regiao-saiba-como-pedir\\\/#breadcrumb\"},\"inLanguage\":\"pt-BR\",\"potentialAction\":[{\"@type\":\"ReadAction\",\"target\":[\"https:\\\/\\\/transamerica93.com.br\\\/home\\\/parabolica-digital-gratuita-mais-de-12-mil-familias-tem-direito-na-regiao-saiba-como-pedir\\\/\"]}]},{\"@type\":\"ImageObject\",\"inLanguage\":\"pt-BR\",\"@id\":\"https:\\\/\\\/transamerica93.com.br\\\/home\\\/parabolica-digital-gratuita-mais-de-12-mil-familias-tem-direito-na-regiao-saiba-como-pedir\\\/#primaryimage\",\"url\":\"https:\\\/\\\/transamerica93.com.br\\\/home\\\/wp-content\\\/uploads\\\/2024\\\/04\\\/imagem2.jpg\",\"contentUrl\":\"https:\\\/\\\/transamerica93.com.br\\\/home\\\/wp-content\\\/uploads\\\/2024\\\/04\\\/imagem2.jpg\",\"width\":1170,\"height\":700,\"caption\":\"Foto: Siga Antenado \\\/ Divulga\u00e7\u00e3o\"},{\"@type\":\"BreadcrumbList\",\"@id\":\"https:\\\/\\\/transamerica93.com.br\\\/home\\\/parabolica-digital-gratuita-mais-de-12-mil-familias-tem-direito-na-regiao-saiba-como-pedir\\\/#breadcrumb\",\"itemListElement\":[{\"@type\":\"ListItem\",\"position\":1,\"name\":\"In\u00edcio\",\"item\":\"https:\\\/\\\/transamerica93.com.br\\\/home\\\/\"},{\"@type\":\"ListItem\",\"position\":2,\"name\":\"Parab\u00f3lica digital gratuita: mais de 12 mil fam\u00edlias t\u00eam direito na regi\u00e3o; saiba como pedir\"}]},{\"@type\":\"WebSite\",\"@id\":\"https:\\\/\\\/transamerica93.com.br\\\/home\\\/#website\",\"url\":\"https:\\\/\\\/transamerica93.com.br\\\/home\\\/\",\"name\":\"Transam\u00e9rica Mococa 93,3\",\"description\":\"\",\"publisher\":{\"@id\":\"https:\\\/\\\/transamerica93.com.br\\\/home\\\/#organization\"},\"potentialAction\":[{\"@type\":\"SearchAction\",\"target\":{\"@type\":\"EntryPoint\",\"urlTemplate\":\"https:\\\/\\\/transamerica93.com.br\\\/home\\\/?s={search_term_string}\"},\"query-input\":{\"@type\":\"PropertyValueSpecification\",\"valueRequired\":true,\"valueName\":\"search_term_string\"}}],\"inLanguage\":\"pt-BR\"},{\"@type\":\"Organization\",\"@id\":\"https:\\\/\\\/transamerica93.com.br\\\/home\\\/#organization\",\"name\":\"Transam\u00e9rica Mococa 93,3\",\"url\":\"https:\\\/\\\/transamerica93.com.br\\\/home\\\/\",\"logo\":{\"@type\":\"ImageObject\",\"inLanguage\":\"pt-BR\",\"@id\":\"https:\\\/\\\/transamerica93.com.br\\\/home\\\/#\\\/schema\\\/logo\\\/image\\\/\",\"url\":\"https:\\\/\\\/transamerica93.com.br\\\/home\\\/wp-content\\\/uploads\\\/2023\\\/10\\\/logo2.png\",\"contentUrl\":\"https:\\\/\\\/transamerica93.com.br\\\/home\\\/wp-content\\\/uploads\\\/2023\\\/10\\\/logo2.png\",\"width\":800,\"height\":500,\"caption\":\"Transam\u00e9rica Mococa 93,3\"},\"image\":{\"@id\":\"https:\\\/\\\/transamerica93.com.br\\\/home\\\/#\\\/schema\\\/logo\\\/image\\\/\"},\"sameAs\":[\"https:\\\/\\\/www.facebook.com\\\/transamericamococa\",\"https:\\\/\\\/x.com\\\/transamerica933\",\"https:\\\/\\\/www.instagram.com\\\/transamericamococa\"]},{\"@type\":\"Person\",\"@id\":\"https:\\\/\\\/transamerica93.com.br\\\/home\\\/#\\\/schema\\\/person\\\/7fed7c99c0d4562efa8561bc0f543172\",\"name\":\"Reda\u00e7\u00e3o\",\"image\":{\"@type\":\"ImageObject\",\"inLanguage\":\"pt-BR\",\"@id\":\"https:\\\/\\\/secure.gravatar.com\\\/avatar\\\/1072c6b775fb02ef8506ce967551d95926669a6b7d2c2147b42eea4d7c68395e?s=96&d=mm&r=g\",\"url\":\"https:\\\/\\\/secure.gravatar.com\\\/avatar\\\/1072c6b775fb02ef8506ce967551d95926669a6b7d2c2147b42eea4d7c68395e?s=96&d=mm&r=g\",\"contentUrl\":\"https:\\\/\\\/secure.gravatar.com\\\/avatar\\\/1072c6b775fb02ef8506ce967551d95926669a6b7d2c2147b42eea4d7c68395e?s=96&d=mm&r=g\",\"caption\":\"Reda\u00e7\u00e3o\"},\"sameAs\":[\"https:\\\/\\\/transamerica93.com.br\\\/home\"],\"url\":\"https:\\\/\\\/transamerica93.com.br\\\/home\\\/author\\\/william\\\/\"}]}<\/script>\n<!-- \/ Yoast SEO plugin. -->","yoast_head_json":{"title":"Parab\u00f3lica digital gratuita: mais de 12 mil fam\u00edlias t\u00eam direito na regi\u00e3o; saiba como pedir - Transam\u00e9rica Mococa 93,3","robots":{"index":"index","follow":"follow","max-snippet":"max-snippet:-1","max-image-preview":"max-image-preview:large","max-video-preview":"max-video-preview:-1"},"canonical":"https:\/\/transamerica93.com.br\/home\/parabolica-digital-gratuita-mais-de-12-mil-familias-tem-direito-na-regiao-saiba-como-pedir\/","og_locale":"pt_BR","og_type":"article","og_title":"Parab\u00f3lica digital gratuita: mais de 12 mil fam\u00edlias t\u00eam direito na regi\u00e3o; saiba como pedir - Transam\u00e9rica Mococa 93,3","og_description":"Pelo menos\u00a012,1 mil fam\u00edlias de 36 cidades da regi\u00e3o\u00a0que t\u00eam direito a receber uma antena parab\u00f3lica digital de gra\u00e7a ainda n\u00e3o agendaram para substituir as antenas parab\u00f3licas tradicionais pelo modelo digital. Na regi\u00e3o, apenas em\u00a0Caconde,\u00a0Conchal,\u00a0Gavi\u00e3o Peixoto,\u00a0Itobi,\u00a0Motuca\u00a0e\u00a0Trabiju\u00a0j\u00e1 tiveram todas as antenas previstas pelo programa\u00a0Siga Antenado\u00a0instaladas\u00a0(veja na tabela abaixo a previs\u00e3o de antenas ainda a serem instaladas &hellip;","og_url":"https:\/\/transamerica93.com.br\/home\/parabolica-digital-gratuita-mais-de-12-mil-familias-tem-direito-na-regiao-saiba-como-pedir\/","og_site_name":"Transam\u00e9rica Mococa 93,3","article_publisher":"https:\/\/www.facebook.com\/transamericamococa","article_published_time":"2024-04-09T12:00:58+00:00","og_image":[{"width":1170,"height":700,"url":"https:\/\/transamerica93.com.br\/home\/wp-content\/uploads\/2024\/04\/imagem2.jpg","type":"image\/jpeg"}],"author":"Reda\u00e7\u00e3o","twitter_card":"summary_large_image","twitter_creator":"@transamerica933","twitter_site":"@transamerica933","twitter_misc":{"Escrito por":"Reda\u00e7\u00e3o","Est. tempo de leitura":"4 minutos"},"schema":{"@context":"https:\/\/schema.org","@graph":[{"@type":"Article","@id":"https:\/\/transamerica93.com.br\/home\/parabolica-digital-gratuita-mais-de-12-mil-familias-tem-direito-na-regiao-saiba-como-pedir\/#article","isPartOf":{"@id":"https:\/\/transamerica93.com.br\/home\/parabolica-digital-gratuita-mais-de-12-mil-familias-tem-direito-na-regiao-saiba-como-pedir\/"},"author":{"name":"Reda\u00e7\u00e3o","@id":"https:\/\/transamerica93.com.br\/home\/#\/schema\/person\/7fed7c99c0d4562efa8561bc0f543172"},"headline":"Parab\u00f3lica digital gratuita: mais de 12 mil fam\u00edlias t\u00eam direito na regi\u00e3o; saiba como pedir","datePublished":"2024-04-09T12:00:58+00:00","mainEntityOfPage":{"@id":"https:\/\/transamerica93.com.br\/home\/parabolica-digital-gratuita-mais-de-12-mil-familias-tem-direito-na-regiao-saiba-como-pedir\/"},"wordCount":572,"publisher":{"@id":"https:\/\/transamerica93.com.br\/home\/#organization"},"image":{"@id":"https:\/\/transamerica93.com.br\/home\/parabolica-digital-gratuita-mais-de-12-mil-familias-tem-direito-na-regiao-saiba-como-pedir\/#primaryimage"},"thumbnailUrl":"https:\/\/transamerica93.com.br\/home\/wp-content\/uploads\/2024\/04\/imagem2.jpg","articleSection":["Geral"],"inLanguage":"pt-BR"},{"@type":"WebPage","@id":"https:\/\/transamerica93.com.br\/home\/parabolica-digital-gratuita-mais-de-12-mil-familias-tem-direito-na-regiao-saiba-como-pedir\/","url":"https:\/\/transamerica93.com.br\/home\/parabolica-digital-gratuita-mais-de-12-mil-familias-tem-direito-na-regiao-saiba-como-pedir\/","name":"Parab\u00f3lica digital gratuita: mais de 12 mil fam\u00edlias t\u00eam direito na regi\u00e3o; saiba como pedir - Transam\u00e9rica Mococa 93,3","isPartOf":{"@id":"https:\/\/transamerica93.com.br\/home\/#website"},"primaryImageOfPage":{"@id":"https:\/\/transamerica93.com.br\/home\/parabolica-digital-gratuita-mais-de-12-mil-familias-tem-direito-na-regiao-saiba-como-pedir\/#primaryimage"},"image":{"@id":"https:\/\/transamerica93.com.br\/home\/parabolica-digital-gratuita-mais-de-12-mil-familias-tem-direito-na-regiao-saiba-como-pedir\/#primaryimage"},"thumbnailUrl":"https:\/\/transamerica93.com.br\/home\/wp-content\/uploads\/2024\/04\/imagem2.jpg","datePublished":"2024-04-09T12:00:58+00:00","breadcrumb":{"@id":"https:\/\/transamerica93.com.br\/home\/parabolica-digital-gratuita-mais-de-12-mil-familias-tem-direito-na-regiao-saiba-como-pedir\/#breadcrumb"},"inLanguage":"pt-BR","potentialAction":[{"@type":"ReadAction","target":["https:\/\/transamerica93.com.br\/home\/parabolica-digital-gratuita-mais-de-12-mil-familias-tem-direito-na-regiao-saiba-como-pedir\/"]}]},{"@type":"ImageObject","inLanguage":"pt-BR","@id":"https:\/\/transamerica93.com.br\/home\/parabolica-digital-gratuita-mais-de-12-mil-familias-tem-direito-na-regiao-saiba-como-pedir\/#primaryimage","url":"https:\/\/transamerica93.com.br\/home\/wp-content\/uploads\/2024\/04\/imagem2.jpg","contentUrl":"https:\/\/transamerica93.com.br\/home\/wp-content\/uploads\/2024\/04\/imagem2.jpg","width":1170,"height":700,"caption":"Foto: Siga Antenado \/ Divulga\u00e7\u00e3o"},{"@type":"BreadcrumbList","@id":"https:\/\/transamerica93.com.br\/home\/parabolica-digital-gratuita-mais-de-12-mil-familias-tem-direito-na-regiao-saiba-como-pedir\/#breadcrumb","itemListElement":[{"@type":"ListItem","position":1,"name":"In\u00edcio","item":"https:\/\/transamerica93.com.br\/home\/"},{"@type":"ListItem","position":2,"name":"Parab\u00f3lica digital gratuita: mais de 12 mil fam\u00edlias t\u00eam direito na regi\u00e3o; saiba como pedir"}]},{"@type":"WebSite","@id":"https:\/\/transamerica93.com.br\/home\/#website","url":"https:\/\/transamerica93.com.br\/home\/","name":"Transam\u00e9rica Mococa 93,3","description":"","publisher":{"@id":"https:\/\/transamerica93.com.br\/home\/#organization"},"potentialAction":[{"@type":"SearchAction","target":{"@type":"EntryPoint","urlTemplate":"https:\/\/transamerica93.com.br\/home\/?s={search_term_string}"},"query-input":{"@type":"PropertyValueSpecification","valueRequired":true,"valueName":"search_term_string"}}],"inLanguage":"pt-BR"},{"@type":"Organization","@id":"https:\/\/transamerica93.com.br\/home\/#organization","name":"Transam\u00e9rica Mococa 93,3","url":"https:\/\/transamerica93.com.br\/home\/","logo":{"@type":"ImageObject","inLanguage":"pt-BR","@id":"https:\/\/transamerica93.com.br\/home\/#\/schema\/logo\/image\/","url":"https:\/\/transamerica93.com.br\/home\/wp-content\/uploads\/2023\/10\/logo2.png","contentUrl":"https:\/\/transamerica93.com.br\/home\/wp-content\/uploads\/2023\/10\/logo2.png","width":800,"height":500,"caption":"Transam\u00e9rica Mococa 93,3"},"image":{"@id":"https:\/\/transamerica93.com.br\/home\/#\/schema\/logo\/image\/"},"sameAs":["https:\/\/www.facebook.com\/transamericamococa","https:\/\/x.com\/transamerica933","https:\/\/www.instagram.com\/transamericamococa"]},{"@type":"Person","@id":"https:\/\/transamerica93.com.br\/home\/#\/schema\/person\/7fed7c99c0d4562efa8561bc0f543172","name":"Reda\u00e7\u00e3o","image":{"@type":"ImageObject","inLanguage":"pt-BR","@id":"https:\/\/secure.gravatar.com\/avatar\/1072c6b775fb02ef8506ce967551d95926669a6b7d2c2147b42eea4d7c68395e?s=96&d=mm&r=g","url":"https:\/\/secure.gravatar.com\/avatar\/1072c6b775fb02ef8506ce967551d95926669a6b7d2c2147b42eea4d7c68395e?s=96&d=mm&r=g","contentUrl":"https:\/\/secure.gravatar.com\/avatar\/1072c6b775fb02ef8506ce967551d95926669a6b7d2c2147b42eea4d7c68395e?s=96&d=mm&r=g","caption":"Reda\u00e7\u00e3o"},"sameAs":["https:\/\/transamerica93.com.br\/home"],"url":"https:\/\/transamerica93.com.br\/home\/author\/william\/"}]}},"_links":{"self":[{"href":"https:\/\/transamerica93.com.br\/home\/wp-json\/wp\/v2\/posts\/2756","targetHints":{"allow":["GET"]}}],"collection":[{"href":"https:\/\/transamerica93.com.br\/home\/wp-json\/wp\/v2\/posts"}],"about":[{"href":"https:\/\/transamerica93.com.br\/home\/wp-json\/wp\/v2\/types\/post"}],"author":[{"embeddable":true,"href":"https:\/\/transamerica93.com.br\/home\/wp-json\/wp\/v2\/users\/1"}],"replies":[{"embeddable":true,"href":"https:\/\/transamerica93.com.br\/home\/wp-json\/wp\/v2\/comments?post=2756"}],"version-history":[{"count":1,"href":"https:\/\/transamerica93.com.br\/home\/wp-json\/wp\/v2\/posts\/2756\/revisions"}],"predecessor-version":[{"id":2757,"href":"https:\/\/transamerica93.com.br\/home\/wp-json\/wp\/v2\/posts\/2756\/revisions\/2757"}],"wp:featuredmedia":[{"embeddable":true,"href":"https:\/\/transamerica93.com.br\/home\/wp-json\/wp\/v2\/media\/2751"}],"wp:attachment":[{"href":"https:\/\/transamerica93.com.br\/home\/wp-json\/wp\/v2\/media?parent=2756"}],"wp:term":[{"taxonomy":"category","embeddable":true,"href":"https:\/\/transamerica93.com.br\/home\/wp-json\/wp\/v2\/categories?post=2756"},{"taxonomy":"post_tag","embeddable":true,"href":"https:\/\/transamerica93.com.br\/home\/wp-json\/wp\/v2\/tags?post=2756"}],"curies":[{"name":"wp","href":"https:\/\/api.w.org\/{rel}","templated":true}]}}