{"id":2760,"date":"2024-04-11T09:00:40","date_gmt":"2024-04-11T12:00:40","guid":{"rendered":"https:\/\/transamerica93.com.br\/home\/?p=2760"},"modified":"2024-04-06T09:07:06","modified_gmt":"2024-04-06T12:07:06","slug":"consumo-de-servicos-de-saude-avanca-103-apos-pandemia","status":"publish","type":"post","link":"https:\/\/transamerica93.com.br\/home\/consumo-de-servicos-de-saude-avanca-103-apos-pandemia\/","title":{"rendered":"Consumo de servi\u00e7os de sa\u00fade avan\u00e7a 10,3% ap\u00f3s pandemia"},"content":{"rendered":"<div class=\"post-item-wrap\">\n<p>O consumo de bens e servi\u00e7os de sa\u00fade foi impactado pela pandemia de covid-19 em seu primeiro ano (2020), ocorrendo o mesmo com os demais segmentos de bens e servi\u00e7os que tiveram queda de 4,4% em volume.<img decoding=\"async\" data-src=\"https:\/\/agenciabrasil.ebc.com.br\/ebc.png?id=1589070&amp;o=node\" src=\"data:image\/svg+xml;base64,PHN2ZyB3aWR0aD0iMSIgaGVpZ2h0PSIxIiB4bWxucz0iaHR0cDovL3d3dy53My5vcmcvMjAwMC9zdmciPjwvc3ZnPg==\" class=\"lazyload\" \/><img decoding=\"async\" data-src=\"https:\/\/agenciabrasil.ebc.com.br\/ebc.gif?id=1589070&amp;o=node\" src=\"data:image\/svg+xml;base64,PHN2ZyB3aWR0aD0iMSIgaGVpZ2h0PSIxIiB4bWxucz0iaHR0cDovL3d3dy53My5vcmcvMjAwMC9zdmciPjwvc3ZnPg==\" class=\"lazyload\" \/><\/p>\n<p>Em 2021, no entanto, o volume do setor de sa\u00fade avan\u00e7ou 10,3%, quase cinco vezes mais do que os bens e servi\u00e7os n\u00e3o relacionados \u00e0 sa\u00fade (2,3%).<\/p>\n<p>Os dados s\u00e3o da pesquisa Conta-Sat\u00e9lite de Sa\u00fade 2021, divulgada nesta sexta-feira (5), no Rio de Janeiro, pelo Instituto Brasileiro de Geografia e Estat\u00edstica (IBGE).<\/p>\n<p>Segundo Tassia Holguin, pesquisadora do IBGE, apesar do aumento dos procedimentos de emerg\u00eancia provocados pela pandemia, o isolamento social acabou reduzindo a busca por atendimentos n\u00e3o emergenciais em 2020.<\/p>\n<p>\u201cEm 2020, por conta do isolamento, a gente teve uma queda no n\u00famero de procedimentos ambulatoriais e hospitalares. As pessoas deixaram de fazer cirurgias eletivas e de ir ao m\u00e9dico e ao dentista. Elas foram postergando\u201d, explica Tassia. \u201cEm 2021, elas precisaram retomar as consultas, cirurgias que n\u00e3o podiam ser mais adiadas e o pr\u00f3prio consumo de medicamentos\u201d, acrescentou.<\/p>\n<h2>Expans\u00e3o<\/h2>\n<p>Apesar da redu\u00e7\u00e3o total do consumo de bens e servi\u00e7os de sa\u00fade, em 2020 o setor teve um aumento de 1,9% nos postos de trabalho nesse primeiro ano de pandemia, enquanto o restante da economia acusou uma perda de 7%.<\/p>\n<p>Os postos de trabalho da sa\u00fade p\u00fablica cresceram 7%, enquanto a fabrica\u00e7\u00e3o de produtos farmac\u00eauticos teve alta de 4,9%. A sa\u00fade privada cresceu apenas 0,2%.<\/p>\n<p>No ano seguinte, o emprego na sa\u00fade aumentou mais: 5,1%. No entanto, esse crescimento foi puxado pela sa\u00fade privada com alta de 10,8% nos postos de trabalho, enquanto a sa\u00fade p\u00fablica caiu 2,5%.<\/p>\n<p>As atividades relacionadas \u00e0 sa\u00fade eram respons\u00e1veis por 8,4 milh\u00f5es das ocupa\u00e7\u00f5es no Brasil em 2021, ou 8% do total, bem acima dos 5,2 milh\u00f5es (5,3%) de 2010.<\/p>\n<p>As remunera\u00e7\u00f5es do setor de sa\u00fade totalizaram R$ 372,3 bilh\u00f5es em 2021, o equivalente a 10,5% do total da economia em 2021.<\/p>\n<p>As despesas com sa\u00fade no Brasil chegaram a R$ 872,7 bilh\u00f5es em 2021, o equivalente a 9,7% do Produto Interno Bruto (PIB), que \u00e9 a soma de todos os bens e servi\u00e7os produzidos no pa\u00eds. Do total do PIB, 4% representavam os gastos do governo e 5,7% as despesas das fam\u00edlias.<\/p>\n<h2>Sa\u00fade p\u00fablica<\/h2>\n<p>Comparando-se a participa\u00e7\u00e3o da sa\u00fade p\u00fablica no PIB, em rela\u00e7\u00e3o a alguns pa\u00edses da Organiza\u00e7\u00e3o para a Coopera\u00e7\u00e3o e Desenvolvimento Econ\u00f4mico (OCDE), o Brasil ficou \u00e0 frente do M\u00e9xico (3,1%), mas atr\u00e1s da m\u00e9dia da OCDE (7,4%), Col\u00f4mbia (7,1%), Chile (5,9%), Reino Unido (10,3%), Fran\u00e7a (10,4%) e Alemanha (11,1%).<\/p>\n<p>Na compara\u00e7\u00e3o com 2020, houve uma queda da participa\u00e7\u00e3o dos gastos do governo com sa\u00fade no PIB, j\u00e1 que no primeiro ano da pandemia, a sa\u00fade p\u00fablica respondia por 4,2% da economia brasileira.<\/p>\n<p>Em 2021, a despesa per capita com o consumo de bens e servi\u00e7os de sa\u00fade de fam\u00edlias e institui\u00e7\u00f5es sem fins de lucro a servi\u00e7o das fam\u00edlias alcan\u00e7ou R$ 2.387,50, enquanto os gastos per capita do governo com o fornecimento de servi\u00e7os de sa\u00fade p\u00fablica e medicamentos foram de R$ 1.703,60.<\/p>\n<p>Em rela\u00e7\u00e3o aos gastos das fam\u00edlias com sa\u00fade, a maior parte (63,7% ou R$ 318,1 bilh\u00f5es) foi com servi\u00e7os de sa\u00fade privados. Os medicamentos responderam por 33,7% (R$ 168,3 bilh\u00f5es) dos gastos com sa\u00fade.<\/p>\n<\/div>\n<p class=\"alt-font font-italic my-2 small text-info\">Edi\u00e7\u00e3o: Kleber Sampaio<\/p>\n","protected":false},"excerpt":{"rendered":"<p>O consumo de bens e servi\u00e7os de sa\u00fade foi impactado pela pandemia de covid-19 em seu primeiro ano (2020), ocorrendo o mesmo com os demais segmentos de bens e servi\u00e7os que tiveram queda de 4,4% em volume. Em 2021, no entanto, o volume do setor de sa\u00fade avan\u00e7ou 10,3%, quase cinco vezes mais do que &hellip;<\/p>\n","protected":false},"author":1,"featured_media":2753,"comment_status":"closed","ping_status":"closed","sticky":false,"template":"","format":"standard","meta":{"footnotes":""},"categories":[30],"tags":[],"class_list":["post-2760","post","type-post","status-publish","format-standard","has-post-thumbnail","hentry","category-geral"],"yoast_head":"<!-- This site is optimized with the Yoast SEO plugin v27.4 - https:\/\/yoast.com\/product\/yoast-seo-wordpress\/ -->\n<title>Consumo de servi\u00e7os de sa\u00fade avan\u00e7a 10,3% ap\u00f3s pandemia - Transam\u00e9rica Mococa 93,3<\/title>\n<meta name=\"robots\" content=\"index, follow, max-snippet:-1, max-image-preview:large, max-video-preview:-1\" \/>\n<link rel=\"canonical\" href=\"https:\/\/transamerica93.com.br\/home\/consumo-de-servicos-de-saude-avanca-103-apos-pandemia\/\" \/>\n<meta property=\"og:locale\" content=\"pt_BR\" \/>\n<meta property=\"og:type\" content=\"article\" \/>\n<meta property=\"og:title\" content=\"Consumo de servi\u00e7os de sa\u00fade avan\u00e7a 10,3% ap\u00f3s pandemia - Transam\u00e9rica Mococa 93,3\" \/>\n<meta property=\"og:description\" content=\"O consumo de bens e servi\u00e7os de sa\u00fade foi impactado pela pandemia de covid-19 em seu primeiro ano (2020), ocorrendo o mesmo com os demais segmentos de bens e servi\u00e7os que tiveram queda de 4,4% em volume. Em 2021, no entanto, o volume do setor de sa\u00fade avan\u00e7ou 10,3%, quase cinco vezes mais do que &hellip;\" \/>\n<meta property=\"og:url\" content=\"https:\/\/transamerica93.com.br\/home\/consumo-de-servicos-de-saude-avanca-103-apos-pandemia\/\" \/>\n<meta property=\"og:site_name\" content=\"Transam\u00e9rica Mococa 93,3\" \/>\n<meta property=\"article:publisher\" content=\"https:\/\/www.facebook.com\/transamericamococa\" \/>\n<meta property=\"article:published_time\" content=\"2024-04-11T12:00:40+00:00\" \/>\n<meta property=\"og:image\" content=\"https:\/\/transamerica93.com.br\/home\/wp-content\/uploads\/2024\/04\/imagem4.jpg\" \/>\n\t<meta property=\"og:image:width\" content=\"1170\" \/>\n\t<meta property=\"og:image:height\" content=\"700\" \/>\n\t<meta property=\"og:image:type\" content=\"image\/jpeg\" \/>\n<meta name=\"author\" content=\"Reda\u00e7\u00e3o\" \/>\n<meta name=\"twitter:card\" content=\"summary_large_image\" \/>\n<meta name=\"twitter:creator\" content=\"@transamerica933\" \/>\n<meta name=\"twitter:site\" content=\"@transamerica933\" \/>\n<meta name=\"twitter:label1\" content=\"Escrito por\" \/>\n\t<meta name=\"twitter:data1\" content=\"Reda\u00e7\u00e3o\" \/>\n\t<meta name=\"twitter:label2\" content=\"Est. tempo de leitura\" \/>\n\t<meta name=\"twitter:data2\" content=\"4 minutos\" \/>\n<script type=\"application\/ld+json\" class=\"yoast-schema-graph\">{\"@context\":\"https:\\\/\\\/schema.org\",\"@graph\":[{\"@type\":\"Article\",\"@id\":\"https:\\\/\\\/transamerica93.com.br\\\/home\\\/consumo-de-servicos-de-saude-avanca-103-apos-pandemia\\\/#article\",\"isPartOf\":{\"@id\":\"https:\\\/\\\/transamerica93.com.br\\\/home\\\/consumo-de-servicos-de-saude-avanca-103-apos-pandemia\\\/\"},\"author\":{\"name\":\"Reda\u00e7\u00e3o\",\"@id\":\"https:\\\/\\\/transamerica93.com.br\\\/home\\\/#\\\/schema\\\/person\\\/7fed7c99c0d4562efa8561bc0f543172\"},\"headline\":\"Consumo de servi\u00e7os de sa\u00fade avan\u00e7a 10,3% ap\u00f3s pandemia\",\"datePublished\":\"2024-04-11T12:00:40+00:00\",\"mainEntityOfPage\":{\"@id\":\"https:\\\/\\\/transamerica93.com.br\\\/home\\\/consumo-de-servicos-de-saude-avanca-103-apos-pandemia\\\/\"},\"wordCount\":590,\"publisher\":{\"@id\":\"https:\\\/\\\/transamerica93.com.br\\\/home\\\/#organization\"},\"image\":{\"@id\":\"https:\\\/\\\/transamerica93.com.br\\\/home\\\/consumo-de-servicos-de-saude-avanca-103-apos-pandemia\\\/#primaryimage\"},\"thumbnailUrl\":\"https:\\\/\\\/transamerica93.com.br\\\/home\\\/wp-content\\\/uploads\\\/2024\\\/04\\\/imagem4.jpg\",\"articleSection\":[\"Geral\"],\"inLanguage\":\"pt-BR\"},{\"@type\":\"WebPage\",\"@id\":\"https:\\\/\\\/transamerica93.com.br\\\/home\\\/consumo-de-servicos-de-saude-avanca-103-apos-pandemia\\\/\",\"url\":\"https:\\\/\\\/transamerica93.com.br\\\/home\\\/consumo-de-servicos-de-saude-avanca-103-apos-pandemia\\\/\",\"name\":\"Consumo de servi\u00e7os de sa\u00fade avan\u00e7a 10,3% ap\u00f3s pandemia - Transam\u00e9rica Mococa 93,3\",\"isPartOf\":{\"@id\":\"https:\\\/\\\/transamerica93.com.br\\\/home\\\/#website\"},\"primaryImageOfPage\":{\"@id\":\"https:\\\/\\\/transamerica93.com.br\\\/home\\\/consumo-de-servicos-de-saude-avanca-103-apos-pandemia\\\/#primaryimage\"},\"image\":{\"@id\":\"https:\\\/\\\/transamerica93.com.br\\\/home\\\/consumo-de-servicos-de-saude-avanca-103-apos-pandemia\\\/#primaryimage\"},\"thumbnailUrl\":\"https:\\\/\\\/transamerica93.com.br\\\/home\\\/wp-content\\\/uploads\\\/2024\\\/04\\\/imagem4.jpg\",\"datePublished\":\"2024-04-11T12:00:40+00:00\",\"breadcrumb\":{\"@id\":\"https:\\\/\\\/transamerica93.com.br\\\/home\\\/consumo-de-servicos-de-saude-avanca-103-apos-pandemia\\\/#breadcrumb\"},\"inLanguage\":\"pt-BR\",\"potentialAction\":[{\"@type\":\"ReadAction\",\"target\":[\"https:\\\/\\\/transamerica93.com.br\\\/home\\\/consumo-de-servicos-de-saude-avanca-103-apos-pandemia\\\/\"]}]},{\"@type\":\"ImageObject\",\"inLanguage\":\"pt-BR\",\"@id\":\"https:\\\/\\\/transamerica93.com.br\\\/home\\\/consumo-de-servicos-de-saude-avanca-103-apos-pandemia\\\/#primaryimage\",\"url\":\"https:\\\/\\\/transamerica93.com.br\\\/home\\\/wp-content\\\/uploads\\\/2024\\\/04\\\/imagem4.jpg\",\"contentUrl\":\"https:\\\/\\\/transamerica93.com.br\\\/home\\\/wp-content\\\/uploads\\\/2024\\\/04\\\/imagem4.jpg\",\"width\":1170,\"height\":700,\"caption\":\"\u00a9 Breno Esaki\\\/Ag\u00eancia Sa\u00fade DF\"},{\"@type\":\"BreadcrumbList\",\"@id\":\"https:\\\/\\\/transamerica93.com.br\\\/home\\\/consumo-de-servicos-de-saude-avanca-103-apos-pandemia\\\/#breadcrumb\",\"itemListElement\":[{\"@type\":\"ListItem\",\"position\":1,\"name\":\"In\u00edcio\",\"item\":\"https:\\\/\\\/transamerica93.com.br\\\/home\\\/\"},{\"@type\":\"ListItem\",\"position\":2,\"name\":\"Consumo de servi\u00e7os de sa\u00fade avan\u00e7a 10,3% ap\u00f3s pandemia\"}]},{\"@type\":\"WebSite\",\"@id\":\"https:\\\/\\\/transamerica93.com.br\\\/home\\\/#website\",\"url\":\"https:\\\/\\\/transamerica93.com.br\\\/home\\\/\",\"name\":\"Transam\u00e9rica Mococa 93,3\",\"description\":\"\",\"publisher\":{\"@id\":\"https:\\\/\\\/transamerica93.com.br\\\/home\\\/#organization\"},\"potentialAction\":[{\"@type\":\"SearchAction\",\"target\":{\"@type\":\"EntryPoint\",\"urlTemplate\":\"https:\\\/\\\/transamerica93.com.br\\\/home\\\/?s={search_term_string}\"},\"query-input\":{\"@type\":\"PropertyValueSpecification\",\"valueRequired\":true,\"valueName\":\"search_term_string\"}}],\"inLanguage\":\"pt-BR\"},{\"@type\":\"Organization\",\"@id\":\"https:\\\/\\\/transamerica93.com.br\\\/home\\\/#organization\",\"name\":\"Transam\u00e9rica Mococa 93,3\",\"url\":\"https:\\\/\\\/transamerica93.com.br\\\/home\\\/\",\"logo\":{\"@type\":\"ImageObject\",\"inLanguage\":\"pt-BR\",\"@id\":\"https:\\\/\\\/transamerica93.com.br\\\/home\\\/#\\\/schema\\\/logo\\\/image\\\/\",\"url\":\"https:\\\/\\\/transamerica93.com.br\\\/home\\\/wp-content\\\/uploads\\\/2023\\\/10\\\/logo2.png\",\"contentUrl\":\"https:\\\/\\\/transamerica93.com.br\\\/home\\\/wp-content\\\/uploads\\\/2023\\\/10\\\/logo2.png\",\"width\":800,\"height\":500,\"caption\":\"Transam\u00e9rica Mococa 93,3\"},\"image\":{\"@id\":\"https:\\\/\\\/transamerica93.com.br\\\/home\\\/#\\\/schema\\\/logo\\\/image\\\/\"},\"sameAs\":[\"https:\\\/\\\/www.facebook.com\\\/transamericamococa\",\"https:\\\/\\\/x.com\\\/transamerica933\",\"https:\\\/\\\/www.instagram.com\\\/transamericamococa\"]},{\"@type\":\"Person\",\"@id\":\"https:\\\/\\\/transamerica93.com.br\\\/home\\\/#\\\/schema\\\/person\\\/7fed7c99c0d4562efa8561bc0f543172\",\"name\":\"Reda\u00e7\u00e3o\",\"image\":{\"@type\":\"ImageObject\",\"inLanguage\":\"pt-BR\",\"@id\":\"https:\\\/\\\/secure.gravatar.com\\\/avatar\\\/1072c6b775fb02ef8506ce967551d95926669a6b7d2c2147b42eea4d7c68395e?s=96&d=mm&r=g\",\"url\":\"https:\\\/\\\/secure.gravatar.com\\\/avatar\\\/1072c6b775fb02ef8506ce967551d95926669a6b7d2c2147b42eea4d7c68395e?s=96&d=mm&r=g\",\"contentUrl\":\"https:\\\/\\\/secure.gravatar.com\\\/avatar\\\/1072c6b775fb02ef8506ce967551d95926669a6b7d2c2147b42eea4d7c68395e?s=96&d=mm&r=g\",\"caption\":\"Reda\u00e7\u00e3o\"},\"sameAs\":[\"https:\\\/\\\/transamerica93.com.br\\\/home\"],\"url\":\"https:\\\/\\\/transamerica93.com.br\\\/home\\\/author\\\/william\\\/\"}]}<\/script>\n<!-- \/ Yoast SEO plugin. -->","yoast_head_json":{"title":"Consumo de servi\u00e7os de sa\u00fade avan\u00e7a 10,3% ap\u00f3s pandemia - Transam\u00e9rica Mococa 93,3","robots":{"index":"index","follow":"follow","max-snippet":"max-snippet:-1","max-image-preview":"max-image-preview:large","max-video-preview":"max-video-preview:-1"},"canonical":"https:\/\/transamerica93.com.br\/home\/consumo-de-servicos-de-saude-avanca-103-apos-pandemia\/","og_locale":"pt_BR","og_type":"article","og_title":"Consumo de servi\u00e7os de sa\u00fade avan\u00e7a 10,3% ap\u00f3s pandemia - Transam\u00e9rica Mococa 93,3","og_description":"O consumo de bens e servi\u00e7os de sa\u00fade foi impactado pela pandemia de covid-19 em seu primeiro ano (2020), ocorrendo o mesmo com os demais segmentos de bens e servi\u00e7os que tiveram queda de 4,4% em volume. Em 2021, no entanto, o volume do setor de sa\u00fade avan\u00e7ou 10,3%, quase cinco vezes mais do que &hellip;","og_url":"https:\/\/transamerica93.com.br\/home\/consumo-de-servicos-de-saude-avanca-103-apos-pandemia\/","og_site_name":"Transam\u00e9rica Mococa 93,3","article_publisher":"https:\/\/www.facebook.com\/transamericamococa","article_published_time":"2024-04-11T12:00:40+00:00","og_image":[{"width":1170,"height":700,"url":"https:\/\/transamerica93.com.br\/home\/wp-content\/uploads\/2024\/04\/imagem4.jpg","type":"image\/jpeg"}],"author":"Reda\u00e7\u00e3o","twitter_card":"summary_large_image","twitter_creator":"@transamerica933","twitter_site":"@transamerica933","twitter_misc":{"Escrito por":"Reda\u00e7\u00e3o","Est. tempo de leitura":"4 minutos"},"schema":{"@context":"https:\/\/schema.org","@graph":[{"@type":"Article","@id":"https:\/\/transamerica93.com.br\/home\/consumo-de-servicos-de-saude-avanca-103-apos-pandemia\/#article","isPartOf":{"@id":"https:\/\/transamerica93.com.br\/home\/consumo-de-servicos-de-saude-avanca-103-apos-pandemia\/"},"author":{"name":"Reda\u00e7\u00e3o","@id":"https:\/\/transamerica93.com.br\/home\/#\/schema\/person\/7fed7c99c0d4562efa8561bc0f543172"},"headline":"Consumo de servi\u00e7os de sa\u00fade avan\u00e7a 10,3% ap\u00f3s pandemia","datePublished":"2024-04-11T12:00:40+00:00","mainEntityOfPage":{"@id":"https:\/\/transamerica93.com.br\/home\/consumo-de-servicos-de-saude-avanca-103-apos-pandemia\/"},"wordCount":590,"publisher":{"@id":"https:\/\/transamerica93.com.br\/home\/#organization"},"image":{"@id":"https:\/\/transamerica93.com.br\/home\/consumo-de-servicos-de-saude-avanca-103-apos-pandemia\/#primaryimage"},"thumbnailUrl":"https:\/\/transamerica93.com.br\/home\/wp-content\/uploads\/2024\/04\/imagem4.jpg","articleSection":["Geral"],"inLanguage":"pt-BR"},{"@type":"WebPage","@id":"https:\/\/transamerica93.com.br\/home\/consumo-de-servicos-de-saude-avanca-103-apos-pandemia\/","url":"https:\/\/transamerica93.com.br\/home\/consumo-de-servicos-de-saude-avanca-103-apos-pandemia\/","name":"Consumo de servi\u00e7os de sa\u00fade avan\u00e7a 10,3% ap\u00f3s pandemia - Transam\u00e9rica Mococa 93,3","isPartOf":{"@id":"https:\/\/transamerica93.com.br\/home\/#website"},"primaryImageOfPage":{"@id":"https:\/\/transamerica93.com.br\/home\/consumo-de-servicos-de-saude-avanca-103-apos-pandemia\/#primaryimage"},"image":{"@id":"https:\/\/transamerica93.com.br\/home\/consumo-de-servicos-de-saude-avanca-103-apos-pandemia\/#primaryimage"},"thumbnailUrl":"https:\/\/transamerica93.com.br\/home\/wp-content\/uploads\/2024\/04\/imagem4.jpg","datePublished":"2024-04-11T12:00:40+00:00","breadcrumb":{"@id":"https:\/\/transamerica93.com.br\/home\/consumo-de-servicos-de-saude-avanca-103-apos-pandemia\/#breadcrumb"},"inLanguage":"pt-BR","potentialAction":[{"@type":"ReadAction","target":["https:\/\/transamerica93.com.br\/home\/consumo-de-servicos-de-saude-avanca-103-apos-pandemia\/"]}]},{"@type":"ImageObject","inLanguage":"pt-BR","@id":"https:\/\/transamerica93.com.br\/home\/consumo-de-servicos-de-saude-avanca-103-apos-pandemia\/#primaryimage","url":"https:\/\/transamerica93.com.br\/home\/wp-content\/uploads\/2024\/04\/imagem4.jpg","contentUrl":"https:\/\/transamerica93.com.br\/home\/wp-content\/uploads\/2024\/04\/imagem4.jpg","width":1170,"height":700,"caption":"\u00a9 Breno Esaki\/Ag\u00eancia Sa\u00fade DF"},{"@type":"BreadcrumbList","@id":"https:\/\/transamerica93.com.br\/home\/consumo-de-servicos-de-saude-avanca-103-apos-pandemia\/#breadcrumb","itemListElement":[{"@type":"ListItem","position":1,"name":"In\u00edcio","item":"https:\/\/transamerica93.com.br\/home\/"},{"@type":"ListItem","position":2,"name":"Consumo de servi\u00e7os de sa\u00fade avan\u00e7a 10,3% ap\u00f3s pandemia"}]},{"@type":"WebSite","@id":"https:\/\/transamerica93.com.br\/home\/#website","url":"https:\/\/transamerica93.com.br\/home\/","name":"Transam\u00e9rica Mococa 93,3","description":"","publisher":{"@id":"https:\/\/transamerica93.com.br\/home\/#organization"},"potentialAction":[{"@type":"SearchAction","target":{"@type":"EntryPoint","urlTemplate":"https:\/\/transamerica93.com.br\/home\/?s={search_term_string}"},"query-input":{"@type":"PropertyValueSpecification","valueRequired":true,"valueName":"search_term_string"}}],"inLanguage":"pt-BR"},{"@type":"Organization","@id":"https:\/\/transamerica93.com.br\/home\/#organization","name":"Transam\u00e9rica Mococa 93,3","url":"https:\/\/transamerica93.com.br\/home\/","logo":{"@type":"ImageObject","inLanguage":"pt-BR","@id":"https:\/\/transamerica93.com.br\/home\/#\/schema\/logo\/image\/","url":"https:\/\/transamerica93.com.br\/home\/wp-content\/uploads\/2023\/10\/logo2.png","contentUrl":"https:\/\/transamerica93.com.br\/home\/wp-content\/uploads\/2023\/10\/logo2.png","width":800,"height":500,"caption":"Transam\u00e9rica Mococa 93,3"},"image":{"@id":"https:\/\/transamerica93.com.br\/home\/#\/schema\/logo\/image\/"},"sameAs":["https:\/\/www.facebook.com\/transamericamococa","https:\/\/x.com\/transamerica933","https:\/\/www.instagram.com\/transamericamococa"]},{"@type":"Person","@id":"https:\/\/transamerica93.com.br\/home\/#\/schema\/person\/7fed7c99c0d4562efa8561bc0f543172","name":"Reda\u00e7\u00e3o","image":{"@type":"ImageObject","inLanguage":"pt-BR","@id":"https:\/\/secure.gravatar.com\/avatar\/1072c6b775fb02ef8506ce967551d95926669a6b7d2c2147b42eea4d7c68395e?s=96&d=mm&r=g","url":"https:\/\/secure.gravatar.com\/avatar\/1072c6b775fb02ef8506ce967551d95926669a6b7d2c2147b42eea4d7c68395e?s=96&d=mm&r=g","contentUrl":"https:\/\/secure.gravatar.com\/avatar\/1072c6b775fb02ef8506ce967551d95926669a6b7d2c2147b42eea4d7c68395e?s=96&d=mm&r=g","caption":"Reda\u00e7\u00e3o"},"sameAs":["https:\/\/transamerica93.com.br\/home"],"url":"https:\/\/transamerica93.com.br\/home\/author\/william\/"}]}},"_links":{"self":[{"href":"https:\/\/transamerica93.com.br\/home\/wp-json\/wp\/v2\/posts\/2760","targetHints":{"allow":["GET"]}}],"collection":[{"href":"https:\/\/transamerica93.com.br\/home\/wp-json\/wp\/v2\/posts"}],"about":[{"href":"https:\/\/transamerica93.com.br\/home\/wp-json\/wp\/v2\/types\/post"}],"author":[{"embeddable":true,"href":"https:\/\/transamerica93.com.br\/home\/wp-json\/wp\/v2\/users\/1"}],"replies":[{"embeddable":true,"href":"https:\/\/transamerica93.com.br\/home\/wp-json\/wp\/v2\/comments?post=2760"}],"version-history":[{"count":1,"href":"https:\/\/transamerica93.com.br\/home\/wp-json\/wp\/v2\/posts\/2760\/revisions"}],"predecessor-version":[{"id":2761,"href":"https:\/\/transamerica93.com.br\/home\/wp-json\/wp\/v2\/posts\/2760\/revisions\/2761"}],"wp:featuredmedia":[{"embeddable":true,"href":"https:\/\/transamerica93.com.br\/home\/wp-json\/wp\/v2\/media\/2753"}],"wp:attachment":[{"href":"https:\/\/transamerica93.com.br\/home\/wp-json\/wp\/v2\/media?parent=2760"}],"wp:term":[{"taxonomy":"category","embeddable":true,"href":"https:\/\/transamerica93.com.br\/home\/wp-json\/wp\/v2\/categories?post=2760"},{"taxonomy":"post_tag","embeddable":true,"href":"https:\/\/transamerica93.com.br\/home\/wp-json\/wp\/v2\/tags?post=2760"}],"curies":[{"name":"wp","href":"https:\/\/api.w.org\/{rel}","templated":true}]}}