{"id":2764,"date":"2024-04-08T12:00:58","date_gmt":"2024-04-08T15:00:58","guid":{"rendered":"https:\/\/transamerica93.com.br\/home\/?p=2764"},"modified":"2024-04-06T09:13:45","modified_gmt":"2024-04-06T12:13:45","slug":"confederacao-brasileira-de-judo-anuncia-10-convocados-para-paris-2024","status":"publish","type":"post","link":"https:\/\/transamerica93.com.br\/home\/confederacao-brasileira-de-judo-anuncia-10-convocados-para-paris-2024\/","title":{"rendered":"Confedera\u00e7\u00e3o Brasileira de Jud\u00f4 anuncia 10 convocados para Paris 2024"},"content":{"rendered":"<div class=\"post-item-wrap\">\n<p>A Confedera\u00e7\u00e3o Brasileira de Jud\u00f4 (CBJ) anunciou a primeira lista de convocados para a Olimp\u00edada de Paris. Entre os 10 atletas confirmados em Paris est\u00e3o medalhistas ol\u00edmpicos como Mayra Aguiar (78 quilos), Rafaela Silva (57 kg), Daniel Cargnin (73 kg) e Rafael Silva \u201cBaby\u201d (100 kg). A segunda e \u00faltima rela\u00e7\u00e3o de convocados sair\u00e1 no final de junho, ap\u00f3s o fechamento do ranking ol\u00edmpico da Federa\u00e7\u00e3o Internacional de Jud\u00f4 (IJF, na sigla em ingl\u00eas). O jud\u00f4 \u00e9 o esporte que mais garantiu p\u00f3dios ol\u00edmpicos para o Brasil na hist\u00f3ria: s\u00e3o 24 medalhas.<\/p>\n<blockquote><p>\u201cA sensa\u00e7\u00e3o de ter a chance de representar meu pa\u00eds mais uma vez \u00e9 de felicidade.\u00a0<a href=\"https:\/\/agenciabrasil.ebc.com.br\/esportes\/noticia\/2023-05\/brasil-garante-bronzes-com-rafael-silva-e-bia-souza-no-mundial-de-judo\"><strong>A medalha do mundial ano passado<\/strong><\/a>\u00a0me deu for\u00e7a para continuar acreditando. Estou me preparando da melhor maneira poss\u00edvel. Sei que \u00e9 mais dif\u00edcil por conta da minha idade, mas ao mesmo tempo estou motivado e conseguindo brigar de igual para igual com o pessoal da minha categoria\u201d, disse Baby, que soma dois bronzes ol\u00edmpicos (Londres 2012 e Rio 2016).<\/p><\/blockquote>\n<div class=\"dnd-widget-wrapper context-cheio_8colunas type-image\">\n<div class=\"dnd-atom-rendered\">\n<div class=\"shadow overflow-hidden rounded-lg d-block w-100\">\n<p>&nbsp;<\/p>\n<figure style=\"width: 754px\" class=\"wp-caption alignnone\"><img decoding=\"async\" class=\"flex-fill img-cover lazyload\" title=\"Emanuele Di Feliciantonio\/IJF\/Direitos Reservados\" data-src=\"https:\/\/imagens.ebc.com.br\/76E2PJd0XalBn0CWWT2Gijlmx10=\/754x0\/smart\/https:\/\/agenciabrasil.ebc.com.br\/sites\/default\/files\/thumbnails\/image\/bronze_100bra-tjk6-1684002496-1684002496.jpg?itok=fqZCcxpw\" alt=\"Rafael Silva, mundial de jud\u00f4, doha\" width=\"754\" height=\"503\" src=\"data:image\/svg+xml;base64,PHN2ZyB3aWR0aD0iMSIgaGVpZ2h0PSIxIiB4bWxucz0iaHR0cDovL3d3dy53My5vcmcvMjAwMC9zdmciPjwvc3ZnPg==\" style=\"--smush-placeholder-width: 754px; --smush-placeholder-aspect-ratio: 754\/503;\" \/><figcaption class=\"wp-caption-text\">&#8220;Estou me preparando da melhor maneira poss\u00edvel&#8221;, garantiu o judoca Rafael Silva, medalhista ol\u00edmpico em Londres 2012 e Rio 2016\u00a0&#8211;\u00a0Emanuele Di Feliciantonio\/IJF\/Direitos Reservados<\/figcaption><\/figure>\n<\/div>\n<\/div>\n<div class=\"dnd-caption-wrapper\">\n<div class=\"meta\"><\/div>\n<\/div>\n<\/div>\n<p>Na lista de convocados tamb\u00e9m est\u00e3o judocas estreantes em Jogos Ol\u00edmpicos. \u00c9 o caso de Willian Lima (66kg), Guilherme Schimidt (81kg), Leonardo Gon\u00e7alves (100kg), e Beatriz Souza (78 kg). Tamb\u00e9m elencados para Paris, Larissa Pimenta (52 kg) e Rafael Macedo (90 kg) v\u00e3o representar o pa\u00eds pela segunda vez nos Jogos.<\/p>\n<blockquote><p>\u201cTodas as atletas que foram anunciadas hoje j\u00e1 estavam classificadas no ranking ol\u00edmpico. Este \u00e9 um crit\u00e9rio objetivo que est\u00e1 no Plano de Trabalho. N\u00f3s temos hoje, no feminino, tr\u00eas categorias que ainda n\u00e3o est\u00e3o classificadas. Nosso planejamento \u00e9 classific\u00e1-las nestes pr\u00f3ximos quatro eventos e, dependendo dos resultados, direcion\u00e1-las a determinadas competi\u00e7\u00f5es\u201d, explicou Andrea Berti, t\u00e9cnica da sele\u00e7\u00e3o feminina, durante a convoca\u00e7\u00e3o nesta quinta (4), no Centro de Treinamento do Comit\u00ea Ol\u00edmpico Brasileiro (COB), no Rio de Janeiro.<\/p><\/blockquote>\n<p>A CBJ ainda definir\u00e1 representantes em tr\u00eas categorias femininas (48 kg, 63 kg e 70 kg) e tamb\u00e9m os judocas que lutar\u00e3o em Paris nos 60 kg.\u00a0 At\u00e9 o fechamento do ranking ol\u00edmpico, os brasileiros disputar\u00e3o quatro competi\u00e7\u00f5es: o Campeonato Pan-Americano e Oceania, de 22 a 28 de abril, no Rio de Janeiro; o Grand Slam de Dushanbe (Tajiquist\u00e3o), de 3 a 5 de maio; o Grand Slam de Astana (Cazaquist\u00e3o), de 10 a 12 de maio; e o Mundial de Abu Dhabi (Emirados \u00c1rabes Unidos), de 19 a 23 de maio.<\/p>\n<p>O jud\u00f4 reunir\u00e1 reunir\u00e1 372 atletas em Paris (igualmente divididos entre homens e mulheres).\u00a0 Os 17 primeiros colocados no ranking de cada categoria asseguram vaga em Paris 2024 (com o limite de um judoca por pa\u00eds). A partir das 18\u00aa coloca\u00e7\u00e3o no ranking, as vagas ser\u00e3o distribu\u00eddas por continente: Am\u00e9ricas (21 vagas), \u00c1frica (24), Europa (25), \u00c1sia (20) e Oceania (10).<\/p>\n<h2>Judocas brasileiros convocados para Paris 2024<\/h2>\n<p><strong>FEMININO<\/strong><\/p>\n<p>52kg &#8211;\u00a0Larissa Pimenta\u00a0 (EC Pinheiros)<\/p>\n<p>57kg &#8211;\u00a0Rafaela Silva\u00a0 (CR Flamengo)<\/p>\n<p>78kg &#8211;\u00a0Mayra Aguiar\u00a0(Sogipa)<\/p>\n<p>Acima de 78kg &#8211;\u00a0Beatriz Souza\u00a0(EC Pinheiros)<\/p>\n<p><strong>MASCULINO<\/strong><\/p>\n<p>66kg &#8211;\u00a0Willian Lima (\u00a0EC Pinheiros)<\/p>\n<p>73kg &#8211;\u00a0Daniel Cargnin\u00a0(Sogipa)<\/p>\n<p>81kg &#8211;\u00a0Guilherme Schimidt (Minas T\u00eanis Clube)<\/p>\n<p>90kg &#8211;\u00a0Rafael Macedo (Sogipa)<\/p>\n<p>100kg &#8211;\u00a0Leonardo Gon\u00e7alves (Sogipa)<\/p>\n<p>100kg &#8211;\u00a0Rafael Silva (EC Pinheiros)<\/p>\n<\/div>\n<p class=\"alt-font font-italic my-2 small text-info\">Edi\u00e7\u00e3o: Cl\u00e1udia Soares Rodrigues<\/p>\n","protected":false},"excerpt":{"rendered":"<p>A Confedera\u00e7\u00e3o Brasileira de Jud\u00f4 (CBJ) anunciou a primeira lista de convocados para a Olimp\u00edada de Paris. Entre os 10 atletas confirmados em Paris est\u00e3o medalhistas ol\u00edmpicos como Mayra Aguiar (78 quilos), Rafaela Silva (57 kg), Daniel Cargnin (73 kg) e Rafael Silva \u201cBaby\u201d (100 kg). A segunda e \u00faltima rela\u00e7\u00e3o de convocados sair\u00e1 no &hellip;<\/p>\n","protected":false},"author":1,"featured_media":2765,"comment_status":"closed","ping_status":"closed","sticky":false,"template":"","format":"standard","meta":{"footnotes":""},"categories":[31],"tags":[],"class_list":["post-2764","post","type-post","status-publish","format-standard","has-post-thumbnail","hentry","category-esportes"],"yoast_head":"<!-- This site is optimized with the Yoast SEO plugin v27.4 - https:\/\/yoast.com\/product\/yoast-seo-wordpress\/ -->\n<title>Confedera\u00e7\u00e3o Brasileira de Jud\u00f4 anuncia 10 convocados para Paris 2024 - Transam\u00e9rica Mococa 93,3<\/title>\n<meta name=\"robots\" content=\"index, follow, max-snippet:-1, max-image-preview:large, max-video-preview:-1\" \/>\n<link rel=\"canonical\" href=\"https:\/\/transamerica93.com.br\/home\/confederacao-brasileira-de-judo-anuncia-10-convocados-para-paris-2024\/\" \/>\n<meta property=\"og:locale\" content=\"pt_BR\" \/>\n<meta property=\"og:type\" content=\"article\" \/>\n<meta property=\"og:title\" content=\"Confedera\u00e7\u00e3o Brasileira de Jud\u00f4 anuncia 10 convocados para Paris 2024 - Transam\u00e9rica Mococa 93,3\" \/>\n<meta property=\"og:description\" content=\"A Confedera\u00e7\u00e3o Brasileira de Jud\u00f4 (CBJ) anunciou a primeira lista de convocados para a Olimp\u00edada de Paris. Entre os 10 atletas confirmados em Paris est\u00e3o medalhistas ol\u00edmpicos como Mayra Aguiar (78 quilos), Rafaela Silva (57 kg), Daniel Cargnin (73 kg) e Rafael Silva \u201cBaby\u201d (100 kg). A segunda e \u00faltima rela\u00e7\u00e3o de convocados sair\u00e1 no &hellip;\" \/>\n<meta property=\"og:url\" content=\"https:\/\/transamerica93.com.br\/home\/confederacao-brasileira-de-judo-anuncia-10-convocados-para-paris-2024\/\" \/>\n<meta property=\"og:site_name\" content=\"Transam\u00e9rica Mococa 93,3\" \/>\n<meta property=\"article:publisher\" content=\"https:\/\/www.facebook.com\/transamericamococa\" \/>\n<meta property=\"article:published_time\" content=\"2024-04-08T15:00:58+00:00\" \/>\n<meta property=\"og:image\" content=\"https:\/\/transamerica93.com.br\/home\/wp-content\/uploads\/2024\/04\/imagem1-1.jpg\" \/>\n\t<meta property=\"og:image:width\" content=\"1170\" \/>\n\t<meta property=\"og:image:height\" content=\"700\" \/>\n\t<meta property=\"og:image:type\" content=\"image\/jpeg\" \/>\n<meta name=\"author\" content=\"Reda\u00e7\u00e3o\" \/>\n<meta name=\"twitter:card\" content=\"summary_large_image\" \/>\n<meta name=\"twitter:creator\" content=\"@transamerica933\" \/>\n<meta name=\"twitter:site\" content=\"@transamerica933\" \/>\n<meta name=\"twitter:label1\" content=\"Escrito por\" \/>\n\t<meta name=\"twitter:data1\" content=\"Reda\u00e7\u00e3o\" \/>\n\t<meta name=\"twitter:label2\" content=\"Est. tempo de leitura\" \/>\n\t<meta name=\"twitter:data2\" content=\"3 minutos\" \/>\n<script type=\"application\/ld+json\" class=\"yoast-schema-graph\">{\"@context\":\"https:\\\/\\\/schema.org\",\"@graph\":[{\"@type\":\"Article\",\"@id\":\"https:\\\/\\\/transamerica93.com.br\\\/home\\\/confederacao-brasileira-de-judo-anuncia-10-convocados-para-paris-2024\\\/#article\",\"isPartOf\":{\"@id\":\"https:\\\/\\\/transamerica93.com.br\\\/home\\\/confederacao-brasileira-de-judo-anuncia-10-convocados-para-paris-2024\\\/\"},\"author\":{\"name\":\"Reda\u00e7\u00e3o\",\"@id\":\"https:\\\/\\\/transamerica93.com.br\\\/home\\\/#\\\/schema\\\/person\\\/7fed7c99c0d4562efa8561bc0f543172\"},\"headline\":\"Confedera\u00e7\u00e3o Brasileira de Jud\u00f4 anuncia 10 convocados para Paris 2024\",\"datePublished\":\"2024-04-08T15:00:58+00:00\",\"mainEntityOfPage\":{\"@id\":\"https:\\\/\\\/transamerica93.com.br\\\/home\\\/confederacao-brasileira-de-judo-anuncia-10-convocados-para-paris-2024\\\/\"},\"wordCount\":581,\"publisher\":{\"@id\":\"https:\\\/\\\/transamerica93.com.br\\\/home\\\/#organization\"},\"image\":{\"@id\":\"https:\\\/\\\/transamerica93.com.br\\\/home\\\/confederacao-brasileira-de-judo-anuncia-10-convocados-para-paris-2024\\\/#primaryimage\"},\"thumbnailUrl\":\"https:\\\/\\\/transamerica93.com.br\\\/home\\\/wp-content\\\/uploads\\\/2024\\\/04\\\/imagem1-1.jpg\",\"articleSection\":[\"Esportes\"],\"inLanguage\":\"pt-BR\"},{\"@type\":\"WebPage\",\"@id\":\"https:\\\/\\\/transamerica93.com.br\\\/home\\\/confederacao-brasileira-de-judo-anuncia-10-convocados-para-paris-2024\\\/\",\"url\":\"https:\\\/\\\/transamerica93.com.br\\\/home\\\/confederacao-brasileira-de-judo-anuncia-10-convocados-para-paris-2024\\\/\",\"name\":\"Confedera\u00e7\u00e3o Brasileira de Jud\u00f4 anuncia 10 convocados para Paris 2024 - Transam\u00e9rica Mococa 93,3\",\"isPartOf\":{\"@id\":\"https:\\\/\\\/transamerica93.com.br\\\/home\\\/#website\"},\"primaryImageOfPage\":{\"@id\":\"https:\\\/\\\/transamerica93.com.br\\\/home\\\/confederacao-brasileira-de-judo-anuncia-10-convocados-para-paris-2024\\\/#primaryimage\"},\"image\":{\"@id\":\"https:\\\/\\\/transamerica93.com.br\\\/home\\\/confederacao-brasileira-de-judo-anuncia-10-convocados-para-paris-2024\\\/#primaryimage\"},\"thumbnailUrl\":\"https:\\\/\\\/transamerica93.com.br\\\/home\\\/wp-content\\\/uploads\\\/2024\\\/04\\\/imagem1-1.jpg\",\"datePublished\":\"2024-04-08T15:00:58+00:00\",\"breadcrumb\":{\"@id\":\"https:\\\/\\\/transamerica93.com.br\\\/home\\\/confederacao-brasileira-de-judo-anuncia-10-convocados-para-paris-2024\\\/#breadcrumb\"},\"inLanguage\":\"pt-BR\",\"potentialAction\":[{\"@type\":\"ReadAction\",\"target\":[\"https:\\\/\\\/transamerica93.com.br\\\/home\\\/confederacao-brasileira-de-judo-anuncia-10-convocados-para-paris-2024\\\/\"]}]},{\"@type\":\"ImageObject\",\"inLanguage\":\"pt-BR\",\"@id\":\"https:\\\/\\\/transamerica93.com.br\\\/home\\\/confederacao-brasileira-de-judo-anuncia-10-convocados-para-paris-2024\\\/#primaryimage\",\"url\":\"https:\\\/\\\/transamerica93.com.br\\\/home\\\/wp-content\\\/uploads\\\/2024\\\/04\\\/imagem1-1.jpg\",\"contentUrl\":\"https:\\\/\\\/transamerica93.com.br\\\/home\\\/wp-content\\\/uploads\\\/2024\\\/04\\\/imagem1-1.jpg\",\"width\":1170,\"height\":700,\"caption\":\"\u00a9 Reprodu\u00e7\u00e3o Twitter\\\/Time Brasil\"},{\"@type\":\"BreadcrumbList\",\"@id\":\"https:\\\/\\\/transamerica93.com.br\\\/home\\\/confederacao-brasileira-de-judo-anuncia-10-convocados-para-paris-2024\\\/#breadcrumb\",\"itemListElement\":[{\"@type\":\"ListItem\",\"position\":1,\"name\":\"In\u00edcio\",\"item\":\"https:\\\/\\\/transamerica93.com.br\\\/home\\\/\"},{\"@type\":\"ListItem\",\"position\":2,\"name\":\"Confedera\u00e7\u00e3o Brasileira de Jud\u00f4 anuncia 10 convocados para Paris 2024\"}]},{\"@type\":\"WebSite\",\"@id\":\"https:\\\/\\\/transamerica93.com.br\\\/home\\\/#website\",\"url\":\"https:\\\/\\\/transamerica93.com.br\\\/home\\\/\",\"name\":\"Transam\u00e9rica Mococa 93,3\",\"description\":\"\",\"publisher\":{\"@id\":\"https:\\\/\\\/transamerica93.com.br\\\/home\\\/#organization\"},\"potentialAction\":[{\"@type\":\"SearchAction\",\"target\":{\"@type\":\"EntryPoint\",\"urlTemplate\":\"https:\\\/\\\/transamerica93.com.br\\\/home\\\/?s={search_term_string}\"},\"query-input\":{\"@type\":\"PropertyValueSpecification\",\"valueRequired\":true,\"valueName\":\"search_term_string\"}}],\"inLanguage\":\"pt-BR\"},{\"@type\":\"Organization\",\"@id\":\"https:\\\/\\\/transamerica93.com.br\\\/home\\\/#organization\",\"name\":\"Transam\u00e9rica Mococa 93,3\",\"url\":\"https:\\\/\\\/transamerica93.com.br\\\/home\\\/\",\"logo\":{\"@type\":\"ImageObject\",\"inLanguage\":\"pt-BR\",\"@id\":\"https:\\\/\\\/transamerica93.com.br\\\/home\\\/#\\\/schema\\\/logo\\\/image\\\/\",\"url\":\"https:\\\/\\\/transamerica93.com.br\\\/home\\\/wp-content\\\/uploads\\\/2023\\\/10\\\/logo2.png\",\"contentUrl\":\"https:\\\/\\\/transamerica93.com.br\\\/home\\\/wp-content\\\/uploads\\\/2023\\\/10\\\/logo2.png\",\"width\":800,\"height\":500,\"caption\":\"Transam\u00e9rica Mococa 93,3\"},\"image\":{\"@id\":\"https:\\\/\\\/transamerica93.com.br\\\/home\\\/#\\\/schema\\\/logo\\\/image\\\/\"},\"sameAs\":[\"https:\\\/\\\/www.facebook.com\\\/transamericamococa\",\"https:\\\/\\\/x.com\\\/transamerica933\",\"https:\\\/\\\/www.instagram.com\\\/transamericamococa\"]},{\"@type\":\"Person\",\"@id\":\"https:\\\/\\\/transamerica93.com.br\\\/home\\\/#\\\/schema\\\/person\\\/7fed7c99c0d4562efa8561bc0f543172\",\"name\":\"Reda\u00e7\u00e3o\",\"image\":{\"@type\":\"ImageObject\",\"inLanguage\":\"pt-BR\",\"@id\":\"https:\\\/\\\/secure.gravatar.com\\\/avatar\\\/1072c6b775fb02ef8506ce967551d95926669a6b7d2c2147b42eea4d7c68395e?s=96&d=mm&r=g\",\"url\":\"https:\\\/\\\/secure.gravatar.com\\\/avatar\\\/1072c6b775fb02ef8506ce967551d95926669a6b7d2c2147b42eea4d7c68395e?s=96&d=mm&r=g\",\"contentUrl\":\"https:\\\/\\\/secure.gravatar.com\\\/avatar\\\/1072c6b775fb02ef8506ce967551d95926669a6b7d2c2147b42eea4d7c68395e?s=96&d=mm&r=g\",\"caption\":\"Reda\u00e7\u00e3o\"},\"sameAs\":[\"https:\\\/\\\/transamerica93.com.br\\\/home\"],\"url\":\"https:\\\/\\\/transamerica93.com.br\\\/home\\\/author\\\/william\\\/\"}]}<\/script>\n<!-- \/ Yoast SEO plugin. -->","yoast_head_json":{"title":"Confedera\u00e7\u00e3o Brasileira de Jud\u00f4 anuncia 10 convocados para Paris 2024 - Transam\u00e9rica Mococa 93,3","robots":{"index":"index","follow":"follow","max-snippet":"max-snippet:-1","max-image-preview":"max-image-preview:large","max-video-preview":"max-video-preview:-1"},"canonical":"https:\/\/transamerica93.com.br\/home\/confederacao-brasileira-de-judo-anuncia-10-convocados-para-paris-2024\/","og_locale":"pt_BR","og_type":"article","og_title":"Confedera\u00e7\u00e3o Brasileira de Jud\u00f4 anuncia 10 convocados para Paris 2024 - Transam\u00e9rica Mococa 93,3","og_description":"A Confedera\u00e7\u00e3o Brasileira de Jud\u00f4 (CBJ) anunciou a primeira lista de convocados para a Olimp\u00edada de Paris. Entre os 10 atletas confirmados em Paris est\u00e3o medalhistas ol\u00edmpicos como Mayra Aguiar (78 quilos), Rafaela Silva (57 kg), Daniel Cargnin (73 kg) e Rafael Silva \u201cBaby\u201d (100 kg). A segunda e \u00faltima rela\u00e7\u00e3o de convocados sair\u00e1 no &hellip;","og_url":"https:\/\/transamerica93.com.br\/home\/confederacao-brasileira-de-judo-anuncia-10-convocados-para-paris-2024\/","og_site_name":"Transam\u00e9rica Mococa 93,3","article_publisher":"https:\/\/www.facebook.com\/transamericamococa","article_published_time":"2024-04-08T15:00:58+00:00","og_image":[{"width":1170,"height":700,"url":"https:\/\/transamerica93.com.br\/home\/wp-content\/uploads\/2024\/04\/imagem1-1.jpg","type":"image\/jpeg"}],"author":"Reda\u00e7\u00e3o","twitter_card":"summary_large_image","twitter_creator":"@transamerica933","twitter_site":"@transamerica933","twitter_misc":{"Escrito por":"Reda\u00e7\u00e3o","Est. tempo de leitura":"3 minutos"},"schema":{"@context":"https:\/\/schema.org","@graph":[{"@type":"Article","@id":"https:\/\/transamerica93.com.br\/home\/confederacao-brasileira-de-judo-anuncia-10-convocados-para-paris-2024\/#article","isPartOf":{"@id":"https:\/\/transamerica93.com.br\/home\/confederacao-brasileira-de-judo-anuncia-10-convocados-para-paris-2024\/"},"author":{"name":"Reda\u00e7\u00e3o","@id":"https:\/\/transamerica93.com.br\/home\/#\/schema\/person\/7fed7c99c0d4562efa8561bc0f543172"},"headline":"Confedera\u00e7\u00e3o Brasileira de Jud\u00f4 anuncia 10 convocados para Paris 2024","datePublished":"2024-04-08T15:00:58+00:00","mainEntityOfPage":{"@id":"https:\/\/transamerica93.com.br\/home\/confederacao-brasileira-de-judo-anuncia-10-convocados-para-paris-2024\/"},"wordCount":581,"publisher":{"@id":"https:\/\/transamerica93.com.br\/home\/#organization"},"image":{"@id":"https:\/\/transamerica93.com.br\/home\/confederacao-brasileira-de-judo-anuncia-10-convocados-para-paris-2024\/#primaryimage"},"thumbnailUrl":"https:\/\/transamerica93.com.br\/home\/wp-content\/uploads\/2024\/04\/imagem1-1.jpg","articleSection":["Esportes"],"inLanguage":"pt-BR"},{"@type":"WebPage","@id":"https:\/\/transamerica93.com.br\/home\/confederacao-brasileira-de-judo-anuncia-10-convocados-para-paris-2024\/","url":"https:\/\/transamerica93.com.br\/home\/confederacao-brasileira-de-judo-anuncia-10-convocados-para-paris-2024\/","name":"Confedera\u00e7\u00e3o Brasileira de Jud\u00f4 anuncia 10 convocados para Paris 2024 - Transam\u00e9rica Mococa 93,3","isPartOf":{"@id":"https:\/\/transamerica93.com.br\/home\/#website"},"primaryImageOfPage":{"@id":"https:\/\/transamerica93.com.br\/home\/confederacao-brasileira-de-judo-anuncia-10-convocados-para-paris-2024\/#primaryimage"},"image":{"@id":"https:\/\/transamerica93.com.br\/home\/confederacao-brasileira-de-judo-anuncia-10-convocados-para-paris-2024\/#primaryimage"},"thumbnailUrl":"https:\/\/transamerica93.com.br\/home\/wp-content\/uploads\/2024\/04\/imagem1-1.jpg","datePublished":"2024-04-08T15:00:58+00:00","breadcrumb":{"@id":"https:\/\/transamerica93.com.br\/home\/confederacao-brasileira-de-judo-anuncia-10-convocados-para-paris-2024\/#breadcrumb"},"inLanguage":"pt-BR","potentialAction":[{"@type":"ReadAction","target":["https:\/\/transamerica93.com.br\/home\/confederacao-brasileira-de-judo-anuncia-10-convocados-para-paris-2024\/"]}]},{"@type":"ImageObject","inLanguage":"pt-BR","@id":"https:\/\/transamerica93.com.br\/home\/confederacao-brasileira-de-judo-anuncia-10-convocados-para-paris-2024\/#primaryimage","url":"https:\/\/transamerica93.com.br\/home\/wp-content\/uploads\/2024\/04\/imagem1-1.jpg","contentUrl":"https:\/\/transamerica93.com.br\/home\/wp-content\/uploads\/2024\/04\/imagem1-1.jpg","width":1170,"height":700,"caption":"\u00a9 Reprodu\u00e7\u00e3o Twitter\/Time Brasil"},{"@type":"BreadcrumbList","@id":"https:\/\/transamerica93.com.br\/home\/confederacao-brasileira-de-judo-anuncia-10-convocados-para-paris-2024\/#breadcrumb","itemListElement":[{"@type":"ListItem","position":1,"name":"In\u00edcio","item":"https:\/\/transamerica93.com.br\/home\/"},{"@type":"ListItem","position":2,"name":"Confedera\u00e7\u00e3o Brasileira de Jud\u00f4 anuncia 10 convocados para Paris 2024"}]},{"@type":"WebSite","@id":"https:\/\/transamerica93.com.br\/home\/#website","url":"https:\/\/transamerica93.com.br\/home\/","name":"Transam\u00e9rica Mococa 93,3","description":"","publisher":{"@id":"https:\/\/transamerica93.com.br\/home\/#organization"},"potentialAction":[{"@type":"SearchAction","target":{"@type":"EntryPoint","urlTemplate":"https:\/\/transamerica93.com.br\/home\/?s={search_term_string}"},"query-input":{"@type":"PropertyValueSpecification","valueRequired":true,"valueName":"search_term_string"}}],"inLanguage":"pt-BR"},{"@type":"Organization","@id":"https:\/\/transamerica93.com.br\/home\/#organization","name":"Transam\u00e9rica Mococa 93,3","url":"https:\/\/transamerica93.com.br\/home\/","logo":{"@type":"ImageObject","inLanguage":"pt-BR","@id":"https:\/\/transamerica93.com.br\/home\/#\/schema\/logo\/image\/","url":"https:\/\/transamerica93.com.br\/home\/wp-content\/uploads\/2023\/10\/logo2.png","contentUrl":"https:\/\/transamerica93.com.br\/home\/wp-content\/uploads\/2023\/10\/logo2.png","width":800,"height":500,"caption":"Transam\u00e9rica Mococa 93,3"},"image":{"@id":"https:\/\/transamerica93.com.br\/home\/#\/schema\/logo\/image\/"},"sameAs":["https:\/\/www.facebook.com\/transamericamococa","https:\/\/x.com\/transamerica933","https:\/\/www.instagram.com\/transamericamococa"]},{"@type":"Person","@id":"https:\/\/transamerica93.com.br\/home\/#\/schema\/person\/7fed7c99c0d4562efa8561bc0f543172","name":"Reda\u00e7\u00e3o","image":{"@type":"ImageObject","inLanguage":"pt-BR","@id":"https:\/\/secure.gravatar.com\/avatar\/1072c6b775fb02ef8506ce967551d95926669a6b7d2c2147b42eea4d7c68395e?s=96&d=mm&r=g","url":"https:\/\/secure.gravatar.com\/avatar\/1072c6b775fb02ef8506ce967551d95926669a6b7d2c2147b42eea4d7c68395e?s=96&d=mm&r=g","contentUrl":"https:\/\/secure.gravatar.com\/avatar\/1072c6b775fb02ef8506ce967551d95926669a6b7d2c2147b42eea4d7c68395e?s=96&d=mm&r=g","caption":"Reda\u00e7\u00e3o"},"sameAs":["https:\/\/transamerica93.com.br\/home"],"url":"https:\/\/transamerica93.com.br\/home\/author\/william\/"}]}},"_links":{"self":[{"href":"https:\/\/transamerica93.com.br\/home\/wp-json\/wp\/v2\/posts\/2764","targetHints":{"allow":["GET"]}}],"collection":[{"href":"https:\/\/transamerica93.com.br\/home\/wp-json\/wp\/v2\/posts"}],"about":[{"href":"https:\/\/transamerica93.com.br\/home\/wp-json\/wp\/v2\/types\/post"}],"author":[{"embeddable":true,"href":"https:\/\/transamerica93.com.br\/home\/wp-json\/wp\/v2\/users\/1"}],"replies":[{"embeddable":true,"href":"https:\/\/transamerica93.com.br\/home\/wp-json\/wp\/v2\/comments?post=2764"}],"version-history":[{"count":1,"href":"https:\/\/transamerica93.com.br\/home\/wp-json\/wp\/v2\/posts\/2764\/revisions"}],"predecessor-version":[{"id":2770,"href":"https:\/\/transamerica93.com.br\/home\/wp-json\/wp\/v2\/posts\/2764\/revisions\/2770"}],"wp:featuredmedia":[{"embeddable":true,"href":"https:\/\/transamerica93.com.br\/home\/wp-json\/wp\/v2\/media\/2765"}],"wp:attachment":[{"href":"https:\/\/transamerica93.com.br\/home\/wp-json\/wp\/v2\/media?parent=2764"}],"wp:term":[{"taxonomy":"category","embeddable":true,"href":"https:\/\/transamerica93.com.br\/home\/wp-json\/wp\/v2\/categories?post=2764"},{"taxonomy":"post_tag","embeddable":true,"href":"https:\/\/transamerica93.com.br\/home\/wp-json\/wp\/v2\/tags?post=2764"}],"curies":[{"name":"wp","href":"https:\/\/api.w.org\/{rel}","templated":true}]}}