{"id":2773,"date":"2024-04-10T12:00:00","date_gmt":"2024-04-10T15:00:00","guid":{"rendered":"https:\/\/transamerica93.com.br\/home\/?p=2773"},"modified":"2024-04-06T09:16:06","modified_gmt":"2024-04-06T12:16:06","slug":"geovana-meyer-carimba-3a-vaga-olimpica-do-brasil-no-tiro-esportivo","status":"publish","type":"post","link":"https:\/\/transamerica93.com.br\/home\/geovana-meyer-carimba-3a-vaga-olimpica-do-brasil-no-tiro-esportivo\/","title":{"rendered":"Geovana Meyer carimba 3\u00aa vaga ol\u00edmpica do Brasil no tiro esportivo"},"content":{"rendered":"<div class=\"post-item-wrap\">\n<p>A brasileira Geovana Meyer assegurou a terceira vaga ol\u00edmpica do pa\u00eds no tiro esportivo ao faturar a prata no Pan-Americano de Rifle e Pistola, em Buenos Aires (Argentina), qualificat\u00f3rio para os Jogos de Paris. A catarinense foi a segunda colocada na final da disputa feminina da carabina tr\u00eas posi\u00e7\u00f5es, ao somar 455.9. Em princ\u00edpio, apenas a vencedora &#8211; a norte-americana Sagen Maddalena (460.5) &#8211; teria direito \u00e0 vaga, mas ela foi automaticamente transferida para Geovana, porque Maddalena j\u00e1 havia garantido presen\u00e7a nos Jogos. O bronze ficou com a canadense Shannon Westlake (443.2).<\/p>\n<p>O Pan-Americano de Buenos Aires foi a pen\u00faltima competi\u00e7\u00e3o que garante pontos no ranking ol\u00edmpico, cujo fechamento ser\u00e1 em 9 de junho. A \u00faltima seletiva para Paris 2024 come\u00e7a no pr\u00f3ximo dia 11 de abril, no Centro Militar de Tiro Esportivo (CMTE), em Deodoro, no Rio de Janeiro.<\/p>\n<p>As outras duas vagas do Brasil\u00a0na modalidade s\u00e3o na pistola de ar 10m masculina, conquistada por Philipe Chateaubrian- ouro no Pan-Americano da modalidade em Lima (Peru) em 2022 \u2013 e tamb\u00e9m no skeet feminino, assegurada em mar\u00e7o por Ge\u00f3rgia Furquim, no Campeonato das Am\u00e9ricas, na Santo Domingo (Rep\u00fablica Dominicana). Com a classifica\u00e7\u00e3o hoje de Geovana Meyer, o\u00a0<a href=\"https:\/\/www.cob.org.br\/pt\/galerias\/noticias\/lista-de-vagas-garantidas-pelo-time-brasil-nos-jogos-olimpicos-paris-2024\/\"><strong>Brasil j\u00e1 totaliza 171 vagas nos Jogos de Paris.<\/strong><\/a><\/p>\n<\/div>\n<p class=\"alt-font font-italic my-2 small text-info\">Edi\u00e7\u00e3o: Cl\u00e1udia Soares Rodrigues<\/p>\n","protected":false},"excerpt":{"rendered":"<p>A brasileira Geovana Meyer assegurou a terceira vaga ol\u00edmpica do pa\u00eds no tiro esportivo ao faturar a prata no Pan-Americano de Rifle e Pistola, em Buenos Aires (Argentina), qualificat\u00f3rio para os Jogos de Paris. A catarinense foi a segunda colocada na final da disputa feminina da carabina tr\u00eas posi\u00e7\u00f5es, ao somar 455.9. Em princ\u00edpio, apenas &hellip;<\/p>\n","protected":false},"author":1,"featured_media":2767,"comment_status":"closed","ping_status":"closed","sticky":false,"template":"","format":"standard","meta":{"footnotes":""},"categories":[31],"tags":[],"class_list":["post-2773","post","type-post","status-publish","format-standard","has-post-thumbnail","hentry","category-esportes"],"yoast_head":"<!-- This site is optimized with the Yoast SEO plugin v27.4 - https:\/\/yoast.com\/product\/yoast-seo-wordpress\/ -->\n<title>Geovana Meyer carimba 3\u00aa vaga ol\u00edmpica do Brasil no tiro esportivo - Transam\u00e9rica Mococa 93,3<\/title>\n<meta name=\"robots\" content=\"index, follow, max-snippet:-1, max-image-preview:large, max-video-preview:-1\" \/>\n<link rel=\"canonical\" href=\"https:\/\/transamerica93.com.br\/home\/geovana-meyer-carimba-3a-vaga-olimpica-do-brasil-no-tiro-esportivo\/\" \/>\n<meta property=\"og:locale\" content=\"pt_BR\" \/>\n<meta property=\"og:type\" content=\"article\" \/>\n<meta property=\"og:title\" content=\"Geovana Meyer carimba 3\u00aa vaga ol\u00edmpica do Brasil no tiro esportivo - Transam\u00e9rica Mococa 93,3\" \/>\n<meta property=\"og:description\" content=\"A brasileira Geovana Meyer assegurou a terceira vaga ol\u00edmpica do pa\u00eds no tiro esportivo ao faturar a prata no Pan-Americano de Rifle e Pistola, em Buenos Aires (Argentina), qualificat\u00f3rio para os Jogos de Paris. A catarinense foi a segunda colocada na final da disputa feminina da carabina tr\u00eas posi\u00e7\u00f5es, ao somar 455.9. Em princ\u00edpio, apenas &hellip;\" \/>\n<meta property=\"og:url\" content=\"https:\/\/transamerica93.com.br\/home\/geovana-meyer-carimba-3a-vaga-olimpica-do-brasil-no-tiro-esportivo\/\" \/>\n<meta property=\"og:site_name\" content=\"Transam\u00e9rica Mococa 93,3\" \/>\n<meta property=\"article:publisher\" content=\"https:\/\/www.facebook.com\/transamericamococa\" \/>\n<meta property=\"article:published_time\" content=\"2024-04-10T15:00:00+00:00\" \/>\n<meta property=\"og:image\" content=\"https:\/\/transamerica93.com.br\/home\/wp-content\/uploads\/2024\/04\/imagem3-1.jpg\" \/>\n\t<meta property=\"og:image:width\" content=\"1170\" \/>\n\t<meta property=\"og:image:height\" content=\"700\" \/>\n\t<meta property=\"og:image:type\" content=\"image\/jpeg\" \/>\n<meta name=\"author\" content=\"Reda\u00e7\u00e3o\" \/>\n<meta name=\"twitter:card\" content=\"summary_large_image\" \/>\n<meta name=\"twitter:creator\" content=\"@transamerica933\" \/>\n<meta name=\"twitter:site\" content=\"@transamerica933\" \/>\n<meta name=\"twitter:label1\" content=\"Escrito por\" \/>\n\t<meta name=\"twitter:data1\" content=\"Reda\u00e7\u00e3o\" \/>\n\t<meta name=\"twitter:label2\" content=\"Est. tempo de leitura\" \/>\n\t<meta name=\"twitter:data2\" content=\"2 minutos\" \/>\n<script type=\"application\/ld+json\" class=\"yoast-schema-graph\">{\"@context\":\"https:\\\/\\\/schema.org\",\"@graph\":[{\"@type\":\"Article\",\"@id\":\"https:\\\/\\\/transamerica93.com.br\\\/home\\\/geovana-meyer-carimba-3a-vaga-olimpica-do-brasil-no-tiro-esportivo\\\/#article\",\"isPartOf\":{\"@id\":\"https:\\\/\\\/transamerica93.com.br\\\/home\\\/geovana-meyer-carimba-3a-vaga-olimpica-do-brasil-no-tiro-esportivo\\\/\"},\"author\":{\"name\":\"Reda\u00e7\u00e3o\",\"@id\":\"https:\\\/\\\/transamerica93.com.br\\\/home\\\/#\\\/schema\\\/person\\\/7fed7c99c0d4562efa8561bc0f543172\"},\"headline\":\"Geovana Meyer carimba 3\u00aa vaga ol\u00edmpica do Brasil no tiro esportivo\",\"datePublished\":\"2024-04-10T15:00:00+00:00\",\"mainEntityOfPage\":{\"@id\":\"https:\\\/\\\/transamerica93.com.br\\\/home\\\/geovana-meyer-carimba-3a-vaga-olimpica-do-brasil-no-tiro-esportivo\\\/\"},\"wordCount\":233,\"publisher\":{\"@id\":\"https:\\\/\\\/transamerica93.com.br\\\/home\\\/#organization\"},\"image\":{\"@id\":\"https:\\\/\\\/transamerica93.com.br\\\/home\\\/geovana-meyer-carimba-3a-vaga-olimpica-do-brasil-no-tiro-esportivo\\\/#primaryimage\"},\"thumbnailUrl\":\"https:\\\/\\\/transamerica93.com.br\\\/home\\\/wp-content\\\/uploads\\\/2024\\\/04\\\/imagem3-1.jpg\",\"articleSection\":[\"Esportes\"],\"inLanguage\":\"pt-BR\"},{\"@type\":\"WebPage\",\"@id\":\"https:\\\/\\\/transamerica93.com.br\\\/home\\\/geovana-meyer-carimba-3a-vaga-olimpica-do-brasil-no-tiro-esportivo\\\/\",\"url\":\"https:\\\/\\\/transamerica93.com.br\\\/home\\\/geovana-meyer-carimba-3a-vaga-olimpica-do-brasil-no-tiro-esportivo\\\/\",\"name\":\"Geovana Meyer carimba 3\u00aa vaga ol\u00edmpica do Brasil no tiro esportivo - Transam\u00e9rica Mococa 93,3\",\"isPartOf\":{\"@id\":\"https:\\\/\\\/transamerica93.com.br\\\/home\\\/#website\"},\"primaryImageOfPage\":{\"@id\":\"https:\\\/\\\/transamerica93.com.br\\\/home\\\/geovana-meyer-carimba-3a-vaga-olimpica-do-brasil-no-tiro-esportivo\\\/#primaryimage\"},\"image\":{\"@id\":\"https:\\\/\\\/transamerica93.com.br\\\/home\\\/geovana-meyer-carimba-3a-vaga-olimpica-do-brasil-no-tiro-esportivo\\\/#primaryimage\"},\"thumbnailUrl\":\"https:\\\/\\\/transamerica93.com.br\\\/home\\\/wp-content\\\/uploads\\\/2024\\\/04\\\/imagem3-1.jpg\",\"datePublished\":\"2024-04-10T15:00:00+00:00\",\"breadcrumb\":{\"@id\":\"https:\\\/\\\/transamerica93.com.br\\\/home\\\/geovana-meyer-carimba-3a-vaga-olimpica-do-brasil-no-tiro-esportivo\\\/#breadcrumb\"},\"inLanguage\":\"pt-BR\",\"potentialAction\":[{\"@type\":\"ReadAction\",\"target\":[\"https:\\\/\\\/transamerica93.com.br\\\/home\\\/geovana-meyer-carimba-3a-vaga-olimpica-do-brasil-no-tiro-esportivo\\\/\"]}]},{\"@type\":\"ImageObject\",\"inLanguage\":\"pt-BR\",\"@id\":\"https:\\\/\\\/transamerica93.com.br\\\/home\\\/geovana-meyer-carimba-3a-vaga-olimpica-do-brasil-no-tiro-esportivo\\\/#primaryimage\",\"url\":\"https:\\\/\\\/transamerica93.com.br\\\/home\\\/wp-content\\\/uploads\\\/2024\\\/04\\\/imagem3-1.jpg\",\"contentUrl\":\"https:\\\/\\\/transamerica93.com.br\\\/home\\\/wp-content\\\/uploads\\\/2024\\\/04\\\/imagem3-1.jpg\",\"width\":1170,\"height\":700,\"caption\":\"\u00a9 Reprodu\u00e7\u00e3o Instagram\\\/Geovana Meyer\"},{\"@type\":\"BreadcrumbList\",\"@id\":\"https:\\\/\\\/transamerica93.com.br\\\/home\\\/geovana-meyer-carimba-3a-vaga-olimpica-do-brasil-no-tiro-esportivo\\\/#breadcrumb\",\"itemListElement\":[{\"@type\":\"ListItem\",\"position\":1,\"name\":\"In\u00edcio\",\"item\":\"https:\\\/\\\/transamerica93.com.br\\\/home\\\/\"},{\"@type\":\"ListItem\",\"position\":2,\"name\":\"Geovana Meyer carimba 3\u00aa vaga ol\u00edmpica do Brasil no tiro esportivo\"}]},{\"@type\":\"WebSite\",\"@id\":\"https:\\\/\\\/transamerica93.com.br\\\/home\\\/#website\",\"url\":\"https:\\\/\\\/transamerica93.com.br\\\/home\\\/\",\"name\":\"Transam\u00e9rica Mococa 93,3\",\"description\":\"\",\"publisher\":{\"@id\":\"https:\\\/\\\/transamerica93.com.br\\\/home\\\/#organization\"},\"potentialAction\":[{\"@type\":\"SearchAction\",\"target\":{\"@type\":\"EntryPoint\",\"urlTemplate\":\"https:\\\/\\\/transamerica93.com.br\\\/home\\\/?s={search_term_string}\"},\"query-input\":{\"@type\":\"PropertyValueSpecification\",\"valueRequired\":true,\"valueName\":\"search_term_string\"}}],\"inLanguage\":\"pt-BR\"},{\"@type\":\"Organization\",\"@id\":\"https:\\\/\\\/transamerica93.com.br\\\/home\\\/#organization\",\"name\":\"Transam\u00e9rica Mococa 93,3\",\"url\":\"https:\\\/\\\/transamerica93.com.br\\\/home\\\/\",\"logo\":{\"@type\":\"ImageObject\",\"inLanguage\":\"pt-BR\",\"@id\":\"https:\\\/\\\/transamerica93.com.br\\\/home\\\/#\\\/schema\\\/logo\\\/image\\\/\",\"url\":\"https:\\\/\\\/transamerica93.com.br\\\/home\\\/wp-content\\\/uploads\\\/2023\\\/10\\\/logo2.png\",\"contentUrl\":\"https:\\\/\\\/transamerica93.com.br\\\/home\\\/wp-content\\\/uploads\\\/2023\\\/10\\\/logo2.png\",\"width\":800,\"height\":500,\"caption\":\"Transam\u00e9rica Mococa 93,3\"},\"image\":{\"@id\":\"https:\\\/\\\/transamerica93.com.br\\\/home\\\/#\\\/schema\\\/logo\\\/image\\\/\"},\"sameAs\":[\"https:\\\/\\\/www.facebook.com\\\/transamericamococa\",\"https:\\\/\\\/x.com\\\/transamerica933\",\"https:\\\/\\\/www.instagram.com\\\/transamericamococa\"]},{\"@type\":\"Person\",\"@id\":\"https:\\\/\\\/transamerica93.com.br\\\/home\\\/#\\\/schema\\\/person\\\/7fed7c99c0d4562efa8561bc0f543172\",\"name\":\"Reda\u00e7\u00e3o\",\"image\":{\"@type\":\"ImageObject\",\"inLanguage\":\"pt-BR\",\"@id\":\"https:\\\/\\\/secure.gravatar.com\\\/avatar\\\/1072c6b775fb02ef8506ce967551d95926669a6b7d2c2147b42eea4d7c68395e?s=96&d=mm&r=g\",\"url\":\"https:\\\/\\\/secure.gravatar.com\\\/avatar\\\/1072c6b775fb02ef8506ce967551d95926669a6b7d2c2147b42eea4d7c68395e?s=96&d=mm&r=g\",\"contentUrl\":\"https:\\\/\\\/secure.gravatar.com\\\/avatar\\\/1072c6b775fb02ef8506ce967551d95926669a6b7d2c2147b42eea4d7c68395e?s=96&d=mm&r=g\",\"caption\":\"Reda\u00e7\u00e3o\"},\"sameAs\":[\"https:\\\/\\\/transamerica93.com.br\\\/home\"],\"url\":\"https:\\\/\\\/transamerica93.com.br\\\/home\\\/author\\\/william\\\/\"}]}<\/script>\n<!-- \/ Yoast SEO plugin. -->","yoast_head_json":{"title":"Geovana Meyer carimba 3\u00aa vaga ol\u00edmpica do Brasil no tiro esportivo - Transam\u00e9rica Mococa 93,3","robots":{"index":"index","follow":"follow","max-snippet":"max-snippet:-1","max-image-preview":"max-image-preview:large","max-video-preview":"max-video-preview:-1"},"canonical":"https:\/\/transamerica93.com.br\/home\/geovana-meyer-carimba-3a-vaga-olimpica-do-brasil-no-tiro-esportivo\/","og_locale":"pt_BR","og_type":"article","og_title":"Geovana Meyer carimba 3\u00aa vaga ol\u00edmpica do Brasil no tiro esportivo - Transam\u00e9rica Mococa 93,3","og_description":"A brasileira Geovana Meyer assegurou a terceira vaga ol\u00edmpica do pa\u00eds no tiro esportivo ao faturar a prata no Pan-Americano de Rifle e Pistola, em Buenos Aires (Argentina), qualificat\u00f3rio para os Jogos de Paris. A catarinense foi a segunda colocada na final da disputa feminina da carabina tr\u00eas posi\u00e7\u00f5es, ao somar 455.9. Em princ\u00edpio, apenas &hellip;","og_url":"https:\/\/transamerica93.com.br\/home\/geovana-meyer-carimba-3a-vaga-olimpica-do-brasil-no-tiro-esportivo\/","og_site_name":"Transam\u00e9rica Mococa 93,3","article_publisher":"https:\/\/www.facebook.com\/transamericamococa","article_published_time":"2024-04-10T15:00:00+00:00","og_image":[{"width":1170,"height":700,"url":"https:\/\/transamerica93.com.br\/home\/wp-content\/uploads\/2024\/04\/imagem3-1.jpg","type":"image\/jpeg"}],"author":"Reda\u00e7\u00e3o","twitter_card":"summary_large_image","twitter_creator":"@transamerica933","twitter_site":"@transamerica933","twitter_misc":{"Escrito por":"Reda\u00e7\u00e3o","Est. tempo de leitura":"2 minutos"},"schema":{"@context":"https:\/\/schema.org","@graph":[{"@type":"Article","@id":"https:\/\/transamerica93.com.br\/home\/geovana-meyer-carimba-3a-vaga-olimpica-do-brasil-no-tiro-esportivo\/#article","isPartOf":{"@id":"https:\/\/transamerica93.com.br\/home\/geovana-meyer-carimba-3a-vaga-olimpica-do-brasil-no-tiro-esportivo\/"},"author":{"name":"Reda\u00e7\u00e3o","@id":"https:\/\/transamerica93.com.br\/home\/#\/schema\/person\/7fed7c99c0d4562efa8561bc0f543172"},"headline":"Geovana Meyer carimba 3\u00aa vaga ol\u00edmpica do Brasil no tiro esportivo","datePublished":"2024-04-10T15:00:00+00:00","mainEntityOfPage":{"@id":"https:\/\/transamerica93.com.br\/home\/geovana-meyer-carimba-3a-vaga-olimpica-do-brasil-no-tiro-esportivo\/"},"wordCount":233,"publisher":{"@id":"https:\/\/transamerica93.com.br\/home\/#organization"},"image":{"@id":"https:\/\/transamerica93.com.br\/home\/geovana-meyer-carimba-3a-vaga-olimpica-do-brasil-no-tiro-esportivo\/#primaryimage"},"thumbnailUrl":"https:\/\/transamerica93.com.br\/home\/wp-content\/uploads\/2024\/04\/imagem3-1.jpg","articleSection":["Esportes"],"inLanguage":"pt-BR"},{"@type":"WebPage","@id":"https:\/\/transamerica93.com.br\/home\/geovana-meyer-carimba-3a-vaga-olimpica-do-brasil-no-tiro-esportivo\/","url":"https:\/\/transamerica93.com.br\/home\/geovana-meyer-carimba-3a-vaga-olimpica-do-brasil-no-tiro-esportivo\/","name":"Geovana Meyer carimba 3\u00aa vaga ol\u00edmpica do Brasil no tiro esportivo - Transam\u00e9rica Mococa 93,3","isPartOf":{"@id":"https:\/\/transamerica93.com.br\/home\/#website"},"primaryImageOfPage":{"@id":"https:\/\/transamerica93.com.br\/home\/geovana-meyer-carimba-3a-vaga-olimpica-do-brasil-no-tiro-esportivo\/#primaryimage"},"image":{"@id":"https:\/\/transamerica93.com.br\/home\/geovana-meyer-carimba-3a-vaga-olimpica-do-brasil-no-tiro-esportivo\/#primaryimage"},"thumbnailUrl":"https:\/\/transamerica93.com.br\/home\/wp-content\/uploads\/2024\/04\/imagem3-1.jpg","datePublished":"2024-04-10T15:00:00+00:00","breadcrumb":{"@id":"https:\/\/transamerica93.com.br\/home\/geovana-meyer-carimba-3a-vaga-olimpica-do-brasil-no-tiro-esportivo\/#breadcrumb"},"inLanguage":"pt-BR","potentialAction":[{"@type":"ReadAction","target":["https:\/\/transamerica93.com.br\/home\/geovana-meyer-carimba-3a-vaga-olimpica-do-brasil-no-tiro-esportivo\/"]}]},{"@type":"ImageObject","inLanguage":"pt-BR","@id":"https:\/\/transamerica93.com.br\/home\/geovana-meyer-carimba-3a-vaga-olimpica-do-brasil-no-tiro-esportivo\/#primaryimage","url":"https:\/\/transamerica93.com.br\/home\/wp-content\/uploads\/2024\/04\/imagem3-1.jpg","contentUrl":"https:\/\/transamerica93.com.br\/home\/wp-content\/uploads\/2024\/04\/imagem3-1.jpg","width":1170,"height":700,"caption":"\u00a9 Reprodu\u00e7\u00e3o Instagram\/Geovana Meyer"},{"@type":"BreadcrumbList","@id":"https:\/\/transamerica93.com.br\/home\/geovana-meyer-carimba-3a-vaga-olimpica-do-brasil-no-tiro-esportivo\/#breadcrumb","itemListElement":[{"@type":"ListItem","position":1,"name":"In\u00edcio","item":"https:\/\/transamerica93.com.br\/home\/"},{"@type":"ListItem","position":2,"name":"Geovana Meyer carimba 3\u00aa vaga ol\u00edmpica do Brasil no tiro esportivo"}]},{"@type":"WebSite","@id":"https:\/\/transamerica93.com.br\/home\/#website","url":"https:\/\/transamerica93.com.br\/home\/","name":"Transam\u00e9rica Mococa 93,3","description":"","publisher":{"@id":"https:\/\/transamerica93.com.br\/home\/#organization"},"potentialAction":[{"@type":"SearchAction","target":{"@type":"EntryPoint","urlTemplate":"https:\/\/transamerica93.com.br\/home\/?s={search_term_string}"},"query-input":{"@type":"PropertyValueSpecification","valueRequired":true,"valueName":"search_term_string"}}],"inLanguage":"pt-BR"},{"@type":"Organization","@id":"https:\/\/transamerica93.com.br\/home\/#organization","name":"Transam\u00e9rica Mococa 93,3","url":"https:\/\/transamerica93.com.br\/home\/","logo":{"@type":"ImageObject","inLanguage":"pt-BR","@id":"https:\/\/transamerica93.com.br\/home\/#\/schema\/logo\/image\/","url":"https:\/\/transamerica93.com.br\/home\/wp-content\/uploads\/2023\/10\/logo2.png","contentUrl":"https:\/\/transamerica93.com.br\/home\/wp-content\/uploads\/2023\/10\/logo2.png","width":800,"height":500,"caption":"Transam\u00e9rica Mococa 93,3"},"image":{"@id":"https:\/\/transamerica93.com.br\/home\/#\/schema\/logo\/image\/"},"sameAs":["https:\/\/www.facebook.com\/transamericamococa","https:\/\/x.com\/transamerica933","https:\/\/www.instagram.com\/transamericamococa"]},{"@type":"Person","@id":"https:\/\/transamerica93.com.br\/home\/#\/schema\/person\/7fed7c99c0d4562efa8561bc0f543172","name":"Reda\u00e7\u00e3o","image":{"@type":"ImageObject","inLanguage":"pt-BR","@id":"https:\/\/secure.gravatar.com\/avatar\/1072c6b775fb02ef8506ce967551d95926669a6b7d2c2147b42eea4d7c68395e?s=96&d=mm&r=g","url":"https:\/\/secure.gravatar.com\/avatar\/1072c6b775fb02ef8506ce967551d95926669a6b7d2c2147b42eea4d7c68395e?s=96&d=mm&r=g","contentUrl":"https:\/\/secure.gravatar.com\/avatar\/1072c6b775fb02ef8506ce967551d95926669a6b7d2c2147b42eea4d7c68395e?s=96&d=mm&r=g","caption":"Reda\u00e7\u00e3o"},"sameAs":["https:\/\/transamerica93.com.br\/home"],"url":"https:\/\/transamerica93.com.br\/home\/author\/william\/"}]}},"_links":{"self":[{"href":"https:\/\/transamerica93.com.br\/home\/wp-json\/wp\/v2\/posts\/2773","targetHints":{"allow":["GET"]}}],"collection":[{"href":"https:\/\/transamerica93.com.br\/home\/wp-json\/wp\/v2\/posts"}],"about":[{"href":"https:\/\/transamerica93.com.br\/home\/wp-json\/wp\/v2\/types\/post"}],"author":[{"embeddable":true,"href":"https:\/\/transamerica93.com.br\/home\/wp-json\/wp\/v2\/users\/1"}],"replies":[{"embeddable":true,"href":"https:\/\/transamerica93.com.br\/home\/wp-json\/wp\/v2\/comments?post=2773"}],"version-history":[{"count":1,"href":"https:\/\/transamerica93.com.br\/home\/wp-json\/wp\/v2\/posts\/2773\/revisions"}],"predecessor-version":[{"id":2774,"href":"https:\/\/transamerica93.com.br\/home\/wp-json\/wp\/v2\/posts\/2773\/revisions\/2774"}],"wp:featuredmedia":[{"embeddable":true,"href":"https:\/\/transamerica93.com.br\/home\/wp-json\/wp\/v2\/media\/2767"}],"wp:attachment":[{"href":"https:\/\/transamerica93.com.br\/home\/wp-json\/wp\/v2\/media?parent=2773"}],"wp:term":[{"taxonomy":"category","embeddable":true,"href":"https:\/\/transamerica93.com.br\/home\/wp-json\/wp\/v2\/categories?post=2773"},{"taxonomy":"post_tag","embeddable":true,"href":"https:\/\/transamerica93.com.br\/home\/wp-json\/wp\/v2\/tags?post=2773"}],"curies":[{"name":"wp","href":"https:\/\/api.w.org\/{rel}","templated":true}]}}