{"id":2775,"date":"2024-04-11T12:00:16","date_gmt":"2024-04-11T15:00:16","guid":{"rendered":"https:\/\/transamerica93.com.br\/home\/?p=2775"},"modified":"2024-04-06T09:17:04","modified_gmt":"2024-04-06T12:17:04","slug":"brasil-encerra-gp-de-antalya-de-judo-paralimpico-na-3a-posicao","status":"publish","type":"post","link":"https:\/\/transamerica93.com.br\/home\/brasil-encerra-gp-de-antalya-de-judo-paralimpico-na-3a-posicao\/","title":{"rendered":"Brasil encerra GP de Antalya de jud\u00f4 paral\u00edmpico na 3\u00aa posi\u00e7\u00e3o"},"content":{"rendered":"<div class=\"post-item-wrap\">\n<p>O Brasil encerrou o Grand Prix de Antalya (Turquia) na terceira coloca\u00e7\u00e3o geral ap\u00f3s conquistar mais cinco medalhas. Foram dois ouros &#8211; com \u00c9rika Zoaga (+70 kg J1, para atletas cegos) e Wilians Ara\u00fajo (+90 kg J1) &#8211; uma de prata &#8211; com Alana Maldonado (at\u00e9 70 kg J2, para atletas com baixa vis\u00e3o) &#8211; e dois bronzes &#8211; com Brenda Freitas (at\u00e9 70 kg, J1) e Rebeca Silva (+70 kg, J2).<\/p>\n<p>Um dos destaques do dia, a sul-mato-grossense \u00c9rika Zoaga, de 35 anos, afirmou que a conquista na Turquia aumenta a sua confian\u00e7a de alcan\u00e7ar a classifica\u00e7\u00e3o para a pr\u00f3xima edi\u00e7\u00e3o dos Jogos Paral\u00edmpicos: \u201cDesafio e supera\u00e7\u00e3o, \u00e9 o que posso dizer desse resultado. Estou muito feliz e emocionada por saber que o sonho de chegar em Paris est\u00e1 cada vez mais perto. Sigo cada vez mais focada, porque ainda tenho um caminho a percorrer antes disso\u201d.<\/p>\n<p>O paraibano Wilians Ara\u00fajo, de 32 anos, tamb\u00e9m recebeu a medalha como um est\u00edmulo extra para alcan\u00e7ar a vaga em Paris 2024: \u201cMais um degrau alcan\u00e7ado. O sonho de Paris est\u00e1 muito vivo, a cada dia tendo mais confian\u00e7a. S\u00f3 tenho de agradecer a todos que n\u00e3o medem esfor\u00e7os para que estejamos aqui em alto n\u00edvel\u201d.<\/p>\n<p>Com as cinco medalhas desta ter\u00e7a, a equipe brasileira fechou a competi\u00e7\u00e3o com o total de oito p\u00f3dios, ap\u00f3s as pratas de Rosi Andrade (at\u00e9 48 kg J1) e de Elielton Oliveira (at\u00e9 60 kg J1) e o bronze de Thiego Marques (at\u00e9 60 kg J2).<\/p>\n<p>A China foi a campe\u00e3 do Grand Prix de Antalya (com quatro medalhas douradas, duas de prata e duas de bronze) e foi seguida pelo Uzbequist\u00e3o (que somou tr\u00eas ouros e um bronze).<\/p>\n<\/div>\n<p class=\"alt-font font-italic my-2 small text-info\">Edi\u00e7\u00e3o: F\u00e1bio Lisboa<\/p>\n","protected":false},"excerpt":{"rendered":"<p>O Brasil encerrou o Grand Prix de Antalya (Turquia) na terceira coloca\u00e7\u00e3o geral ap\u00f3s conquistar mais cinco medalhas. Foram dois ouros &#8211; com \u00c9rika Zoaga (+70 kg J1, para atletas cegos) e Wilians Ara\u00fajo (+90 kg J1) &#8211; uma de prata &#8211; com Alana Maldonado (at\u00e9 70 kg J2, para atletas com baixa vis\u00e3o) &#8211; &hellip;<\/p>\n","protected":false},"author":1,"featured_media":2768,"comment_status":"closed","ping_status":"closed","sticky":false,"template":"","format":"standard","meta":{"footnotes":""},"categories":[31],"tags":[],"class_list":["post-2775","post","type-post","status-publish","format-standard","has-post-thumbnail","hentry","category-esportes"],"yoast_head":"<!-- This site is optimized with the Yoast SEO plugin v27.4 - https:\/\/yoast.com\/product\/yoast-seo-wordpress\/ -->\n<title>Brasil encerra GP de Antalya de jud\u00f4 paral\u00edmpico na 3\u00aa posi\u00e7\u00e3o - Transam\u00e9rica Mococa 93,3<\/title>\n<meta name=\"robots\" content=\"index, follow, max-snippet:-1, max-image-preview:large, max-video-preview:-1\" \/>\n<link rel=\"canonical\" href=\"https:\/\/transamerica93.com.br\/home\/brasil-encerra-gp-de-antalya-de-judo-paralimpico-na-3a-posicao\/\" \/>\n<meta property=\"og:locale\" content=\"pt_BR\" \/>\n<meta property=\"og:type\" content=\"article\" \/>\n<meta property=\"og:title\" content=\"Brasil encerra GP de Antalya de jud\u00f4 paral\u00edmpico na 3\u00aa posi\u00e7\u00e3o - Transam\u00e9rica Mococa 93,3\" \/>\n<meta property=\"og:description\" content=\"O Brasil encerrou o Grand Prix de Antalya (Turquia) na terceira coloca\u00e7\u00e3o geral ap\u00f3s conquistar mais cinco medalhas. Foram dois ouros &#8211; com \u00c9rika Zoaga (+70 kg J1, para atletas cegos) e Wilians Ara\u00fajo (+90 kg J1) &#8211; uma de prata &#8211; com Alana Maldonado (at\u00e9 70 kg J2, para atletas com baixa vis\u00e3o) &#8211; &hellip;\" \/>\n<meta property=\"og:url\" content=\"https:\/\/transamerica93.com.br\/home\/brasil-encerra-gp-de-antalya-de-judo-paralimpico-na-3a-posicao\/\" \/>\n<meta property=\"og:site_name\" content=\"Transam\u00e9rica Mococa 93,3\" \/>\n<meta property=\"article:publisher\" content=\"https:\/\/www.facebook.com\/transamericamococa\" \/>\n<meta property=\"article:published_time\" content=\"2024-04-11T15:00:16+00:00\" \/>\n<meta property=\"og:image\" content=\"https:\/\/transamerica93.com.br\/home\/wp-content\/uploads\/2024\/04\/imagem4-1.jpg\" \/>\n\t<meta property=\"og:image:width\" content=\"1170\" \/>\n\t<meta property=\"og:image:height\" content=\"700\" \/>\n\t<meta property=\"og:image:type\" content=\"image\/jpeg\" \/>\n<meta name=\"author\" content=\"Reda\u00e7\u00e3o\" \/>\n<meta name=\"twitter:card\" content=\"summary_large_image\" \/>\n<meta name=\"twitter:creator\" content=\"@transamerica933\" \/>\n<meta name=\"twitter:site\" content=\"@transamerica933\" \/>\n<meta name=\"twitter:label1\" content=\"Escrito por\" \/>\n\t<meta name=\"twitter:data1\" content=\"Reda\u00e7\u00e3o\" \/>\n\t<meta name=\"twitter:label2\" content=\"Est. tempo de leitura\" \/>\n\t<meta name=\"twitter:data2\" content=\"2 minutos\" \/>\n<script type=\"application\/ld+json\" class=\"yoast-schema-graph\">{\"@context\":\"https:\\\/\\\/schema.org\",\"@graph\":[{\"@type\":\"Article\",\"@id\":\"https:\\\/\\\/transamerica93.com.br\\\/home\\\/brasil-encerra-gp-de-antalya-de-judo-paralimpico-na-3a-posicao\\\/#article\",\"isPartOf\":{\"@id\":\"https:\\\/\\\/transamerica93.com.br\\\/home\\\/brasil-encerra-gp-de-antalya-de-judo-paralimpico-na-3a-posicao\\\/\"},\"author\":{\"name\":\"Reda\u00e7\u00e3o\",\"@id\":\"https:\\\/\\\/transamerica93.com.br\\\/home\\\/#\\\/schema\\\/person\\\/7fed7c99c0d4562efa8561bc0f543172\"},\"headline\":\"Brasil encerra GP de Antalya de jud\u00f4 paral\u00edmpico na 3\u00aa posi\u00e7\u00e3o\",\"datePublished\":\"2024-04-11T15:00:16+00:00\",\"mainEntityOfPage\":{\"@id\":\"https:\\\/\\\/transamerica93.com.br\\\/home\\\/brasil-encerra-gp-de-antalya-de-judo-paralimpico-na-3a-posicao\\\/\"},\"wordCount\":314,\"publisher\":{\"@id\":\"https:\\\/\\\/transamerica93.com.br\\\/home\\\/#organization\"},\"image\":{\"@id\":\"https:\\\/\\\/transamerica93.com.br\\\/home\\\/brasil-encerra-gp-de-antalya-de-judo-paralimpico-na-3a-posicao\\\/#primaryimage\"},\"thumbnailUrl\":\"https:\\\/\\\/transamerica93.com.br\\\/home\\\/wp-content\\\/uploads\\\/2024\\\/04\\\/imagem4-1.jpg\",\"articleSection\":[\"Esportes\"],\"inLanguage\":\"pt-BR\"},{\"@type\":\"WebPage\",\"@id\":\"https:\\\/\\\/transamerica93.com.br\\\/home\\\/brasil-encerra-gp-de-antalya-de-judo-paralimpico-na-3a-posicao\\\/\",\"url\":\"https:\\\/\\\/transamerica93.com.br\\\/home\\\/brasil-encerra-gp-de-antalya-de-judo-paralimpico-na-3a-posicao\\\/\",\"name\":\"Brasil encerra GP de Antalya de jud\u00f4 paral\u00edmpico na 3\u00aa posi\u00e7\u00e3o - Transam\u00e9rica Mococa 93,3\",\"isPartOf\":{\"@id\":\"https:\\\/\\\/transamerica93.com.br\\\/home\\\/#website\"},\"primaryImageOfPage\":{\"@id\":\"https:\\\/\\\/transamerica93.com.br\\\/home\\\/brasil-encerra-gp-de-antalya-de-judo-paralimpico-na-3a-posicao\\\/#primaryimage\"},\"image\":{\"@id\":\"https:\\\/\\\/transamerica93.com.br\\\/home\\\/brasil-encerra-gp-de-antalya-de-judo-paralimpico-na-3a-posicao\\\/#primaryimage\"},\"thumbnailUrl\":\"https:\\\/\\\/transamerica93.com.br\\\/home\\\/wp-content\\\/uploads\\\/2024\\\/04\\\/imagem4-1.jpg\",\"datePublished\":\"2024-04-11T15:00:16+00:00\",\"breadcrumb\":{\"@id\":\"https:\\\/\\\/transamerica93.com.br\\\/home\\\/brasil-encerra-gp-de-antalya-de-judo-paralimpico-na-3a-posicao\\\/#breadcrumb\"},\"inLanguage\":\"pt-BR\",\"potentialAction\":[{\"@type\":\"ReadAction\",\"target\":[\"https:\\\/\\\/transamerica93.com.br\\\/home\\\/brasil-encerra-gp-de-antalya-de-judo-paralimpico-na-3a-posicao\\\/\"]}]},{\"@type\":\"ImageObject\",\"inLanguage\":\"pt-BR\",\"@id\":\"https:\\\/\\\/transamerica93.com.br\\\/home\\\/brasil-encerra-gp-de-antalya-de-judo-paralimpico-na-3a-posicao\\\/#primaryimage\",\"url\":\"https:\\\/\\\/transamerica93.com.br\\\/home\\\/wp-content\\\/uploads\\\/2024\\\/04\\\/imagem4-1.jpg\",\"contentUrl\":\"https:\\\/\\\/transamerica93.com.br\\\/home\\\/wp-content\\\/uploads\\\/2024\\\/04\\\/imagem4-1.jpg\",\"width\":1170,\"height\":700,\"caption\":\"\u00a9 Alessandra Cabral\\\/CPB\\\/Direitos Reservados\"},{\"@type\":\"BreadcrumbList\",\"@id\":\"https:\\\/\\\/transamerica93.com.br\\\/home\\\/brasil-encerra-gp-de-antalya-de-judo-paralimpico-na-3a-posicao\\\/#breadcrumb\",\"itemListElement\":[{\"@type\":\"ListItem\",\"position\":1,\"name\":\"In\u00edcio\",\"item\":\"https:\\\/\\\/transamerica93.com.br\\\/home\\\/\"},{\"@type\":\"ListItem\",\"position\":2,\"name\":\"Brasil encerra GP de Antalya de jud\u00f4 paral\u00edmpico na 3\u00aa posi\u00e7\u00e3o\"}]},{\"@type\":\"WebSite\",\"@id\":\"https:\\\/\\\/transamerica93.com.br\\\/home\\\/#website\",\"url\":\"https:\\\/\\\/transamerica93.com.br\\\/home\\\/\",\"name\":\"Transam\u00e9rica Mococa 93,3\",\"description\":\"\",\"publisher\":{\"@id\":\"https:\\\/\\\/transamerica93.com.br\\\/home\\\/#organization\"},\"potentialAction\":[{\"@type\":\"SearchAction\",\"target\":{\"@type\":\"EntryPoint\",\"urlTemplate\":\"https:\\\/\\\/transamerica93.com.br\\\/home\\\/?s={search_term_string}\"},\"query-input\":{\"@type\":\"PropertyValueSpecification\",\"valueRequired\":true,\"valueName\":\"search_term_string\"}}],\"inLanguage\":\"pt-BR\"},{\"@type\":\"Organization\",\"@id\":\"https:\\\/\\\/transamerica93.com.br\\\/home\\\/#organization\",\"name\":\"Transam\u00e9rica Mococa 93,3\",\"url\":\"https:\\\/\\\/transamerica93.com.br\\\/home\\\/\",\"logo\":{\"@type\":\"ImageObject\",\"inLanguage\":\"pt-BR\",\"@id\":\"https:\\\/\\\/transamerica93.com.br\\\/home\\\/#\\\/schema\\\/logo\\\/image\\\/\",\"url\":\"https:\\\/\\\/transamerica93.com.br\\\/home\\\/wp-content\\\/uploads\\\/2023\\\/10\\\/logo2.png\",\"contentUrl\":\"https:\\\/\\\/transamerica93.com.br\\\/home\\\/wp-content\\\/uploads\\\/2023\\\/10\\\/logo2.png\",\"width\":800,\"height\":500,\"caption\":\"Transam\u00e9rica Mococa 93,3\"},\"image\":{\"@id\":\"https:\\\/\\\/transamerica93.com.br\\\/home\\\/#\\\/schema\\\/logo\\\/image\\\/\"},\"sameAs\":[\"https:\\\/\\\/www.facebook.com\\\/transamericamococa\",\"https:\\\/\\\/x.com\\\/transamerica933\",\"https:\\\/\\\/www.instagram.com\\\/transamericamococa\"]},{\"@type\":\"Person\",\"@id\":\"https:\\\/\\\/transamerica93.com.br\\\/home\\\/#\\\/schema\\\/person\\\/7fed7c99c0d4562efa8561bc0f543172\",\"name\":\"Reda\u00e7\u00e3o\",\"image\":{\"@type\":\"ImageObject\",\"inLanguage\":\"pt-BR\",\"@id\":\"https:\\\/\\\/secure.gravatar.com\\\/avatar\\\/1072c6b775fb02ef8506ce967551d95926669a6b7d2c2147b42eea4d7c68395e?s=96&d=mm&r=g\",\"url\":\"https:\\\/\\\/secure.gravatar.com\\\/avatar\\\/1072c6b775fb02ef8506ce967551d95926669a6b7d2c2147b42eea4d7c68395e?s=96&d=mm&r=g\",\"contentUrl\":\"https:\\\/\\\/secure.gravatar.com\\\/avatar\\\/1072c6b775fb02ef8506ce967551d95926669a6b7d2c2147b42eea4d7c68395e?s=96&d=mm&r=g\",\"caption\":\"Reda\u00e7\u00e3o\"},\"sameAs\":[\"https:\\\/\\\/transamerica93.com.br\\\/home\"],\"url\":\"https:\\\/\\\/transamerica93.com.br\\\/home\\\/author\\\/william\\\/\"}]}<\/script>\n<!-- \/ Yoast SEO plugin. -->","yoast_head_json":{"title":"Brasil encerra GP de Antalya de jud\u00f4 paral\u00edmpico na 3\u00aa posi\u00e7\u00e3o - Transam\u00e9rica Mococa 93,3","robots":{"index":"index","follow":"follow","max-snippet":"max-snippet:-1","max-image-preview":"max-image-preview:large","max-video-preview":"max-video-preview:-1"},"canonical":"https:\/\/transamerica93.com.br\/home\/brasil-encerra-gp-de-antalya-de-judo-paralimpico-na-3a-posicao\/","og_locale":"pt_BR","og_type":"article","og_title":"Brasil encerra GP de Antalya de jud\u00f4 paral\u00edmpico na 3\u00aa posi\u00e7\u00e3o - Transam\u00e9rica Mococa 93,3","og_description":"O Brasil encerrou o Grand Prix de Antalya (Turquia) na terceira coloca\u00e7\u00e3o geral ap\u00f3s conquistar mais cinco medalhas. Foram dois ouros &#8211; com \u00c9rika Zoaga (+70 kg J1, para atletas cegos) e Wilians Ara\u00fajo (+90 kg J1) &#8211; uma de prata &#8211; com Alana Maldonado (at\u00e9 70 kg J2, para atletas com baixa vis\u00e3o) &#8211; &hellip;","og_url":"https:\/\/transamerica93.com.br\/home\/brasil-encerra-gp-de-antalya-de-judo-paralimpico-na-3a-posicao\/","og_site_name":"Transam\u00e9rica Mococa 93,3","article_publisher":"https:\/\/www.facebook.com\/transamericamococa","article_published_time":"2024-04-11T15:00:16+00:00","og_image":[{"width":1170,"height":700,"url":"https:\/\/transamerica93.com.br\/home\/wp-content\/uploads\/2024\/04\/imagem4-1.jpg","type":"image\/jpeg"}],"author":"Reda\u00e7\u00e3o","twitter_card":"summary_large_image","twitter_creator":"@transamerica933","twitter_site":"@transamerica933","twitter_misc":{"Escrito por":"Reda\u00e7\u00e3o","Est. tempo de leitura":"2 minutos"},"schema":{"@context":"https:\/\/schema.org","@graph":[{"@type":"Article","@id":"https:\/\/transamerica93.com.br\/home\/brasil-encerra-gp-de-antalya-de-judo-paralimpico-na-3a-posicao\/#article","isPartOf":{"@id":"https:\/\/transamerica93.com.br\/home\/brasil-encerra-gp-de-antalya-de-judo-paralimpico-na-3a-posicao\/"},"author":{"name":"Reda\u00e7\u00e3o","@id":"https:\/\/transamerica93.com.br\/home\/#\/schema\/person\/7fed7c99c0d4562efa8561bc0f543172"},"headline":"Brasil encerra GP de Antalya de jud\u00f4 paral\u00edmpico na 3\u00aa posi\u00e7\u00e3o","datePublished":"2024-04-11T15:00:16+00:00","mainEntityOfPage":{"@id":"https:\/\/transamerica93.com.br\/home\/brasil-encerra-gp-de-antalya-de-judo-paralimpico-na-3a-posicao\/"},"wordCount":314,"publisher":{"@id":"https:\/\/transamerica93.com.br\/home\/#organization"},"image":{"@id":"https:\/\/transamerica93.com.br\/home\/brasil-encerra-gp-de-antalya-de-judo-paralimpico-na-3a-posicao\/#primaryimage"},"thumbnailUrl":"https:\/\/transamerica93.com.br\/home\/wp-content\/uploads\/2024\/04\/imagem4-1.jpg","articleSection":["Esportes"],"inLanguage":"pt-BR"},{"@type":"WebPage","@id":"https:\/\/transamerica93.com.br\/home\/brasil-encerra-gp-de-antalya-de-judo-paralimpico-na-3a-posicao\/","url":"https:\/\/transamerica93.com.br\/home\/brasil-encerra-gp-de-antalya-de-judo-paralimpico-na-3a-posicao\/","name":"Brasil encerra GP de Antalya de jud\u00f4 paral\u00edmpico na 3\u00aa posi\u00e7\u00e3o - Transam\u00e9rica Mococa 93,3","isPartOf":{"@id":"https:\/\/transamerica93.com.br\/home\/#website"},"primaryImageOfPage":{"@id":"https:\/\/transamerica93.com.br\/home\/brasil-encerra-gp-de-antalya-de-judo-paralimpico-na-3a-posicao\/#primaryimage"},"image":{"@id":"https:\/\/transamerica93.com.br\/home\/brasil-encerra-gp-de-antalya-de-judo-paralimpico-na-3a-posicao\/#primaryimage"},"thumbnailUrl":"https:\/\/transamerica93.com.br\/home\/wp-content\/uploads\/2024\/04\/imagem4-1.jpg","datePublished":"2024-04-11T15:00:16+00:00","breadcrumb":{"@id":"https:\/\/transamerica93.com.br\/home\/brasil-encerra-gp-de-antalya-de-judo-paralimpico-na-3a-posicao\/#breadcrumb"},"inLanguage":"pt-BR","potentialAction":[{"@type":"ReadAction","target":["https:\/\/transamerica93.com.br\/home\/brasil-encerra-gp-de-antalya-de-judo-paralimpico-na-3a-posicao\/"]}]},{"@type":"ImageObject","inLanguage":"pt-BR","@id":"https:\/\/transamerica93.com.br\/home\/brasil-encerra-gp-de-antalya-de-judo-paralimpico-na-3a-posicao\/#primaryimage","url":"https:\/\/transamerica93.com.br\/home\/wp-content\/uploads\/2024\/04\/imagem4-1.jpg","contentUrl":"https:\/\/transamerica93.com.br\/home\/wp-content\/uploads\/2024\/04\/imagem4-1.jpg","width":1170,"height":700,"caption":"\u00a9 Alessandra Cabral\/CPB\/Direitos Reservados"},{"@type":"BreadcrumbList","@id":"https:\/\/transamerica93.com.br\/home\/brasil-encerra-gp-de-antalya-de-judo-paralimpico-na-3a-posicao\/#breadcrumb","itemListElement":[{"@type":"ListItem","position":1,"name":"In\u00edcio","item":"https:\/\/transamerica93.com.br\/home\/"},{"@type":"ListItem","position":2,"name":"Brasil encerra GP de Antalya de jud\u00f4 paral\u00edmpico na 3\u00aa posi\u00e7\u00e3o"}]},{"@type":"WebSite","@id":"https:\/\/transamerica93.com.br\/home\/#website","url":"https:\/\/transamerica93.com.br\/home\/","name":"Transam\u00e9rica Mococa 93,3","description":"","publisher":{"@id":"https:\/\/transamerica93.com.br\/home\/#organization"},"potentialAction":[{"@type":"SearchAction","target":{"@type":"EntryPoint","urlTemplate":"https:\/\/transamerica93.com.br\/home\/?s={search_term_string}"},"query-input":{"@type":"PropertyValueSpecification","valueRequired":true,"valueName":"search_term_string"}}],"inLanguage":"pt-BR"},{"@type":"Organization","@id":"https:\/\/transamerica93.com.br\/home\/#organization","name":"Transam\u00e9rica Mococa 93,3","url":"https:\/\/transamerica93.com.br\/home\/","logo":{"@type":"ImageObject","inLanguage":"pt-BR","@id":"https:\/\/transamerica93.com.br\/home\/#\/schema\/logo\/image\/","url":"https:\/\/transamerica93.com.br\/home\/wp-content\/uploads\/2023\/10\/logo2.png","contentUrl":"https:\/\/transamerica93.com.br\/home\/wp-content\/uploads\/2023\/10\/logo2.png","width":800,"height":500,"caption":"Transam\u00e9rica Mococa 93,3"},"image":{"@id":"https:\/\/transamerica93.com.br\/home\/#\/schema\/logo\/image\/"},"sameAs":["https:\/\/www.facebook.com\/transamericamococa","https:\/\/x.com\/transamerica933","https:\/\/www.instagram.com\/transamericamococa"]},{"@type":"Person","@id":"https:\/\/transamerica93.com.br\/home\/#\/schema\/person\/7fed7c99c0d4562efa8561bc0f543172","name":"Reda\u00e7\u00e3o","image":{"@type":"ImageObject","inLanguage":"pt-BR","@id":"https:\/\/secure.gravatar.com\/avatar\/1072c6b775fb02ef8506ce967551d95926669a6b7d2c2147b42eea4d7c68395e?s=96&d=mm&r=g","url":"https:\/\/secure.gravatar.com\/avatar\/1072c6b775fb02ef8506ce967551d95926669a6b7d2c2147b42eea4d7c68395e?s=96&d=mm&r=g","contentUrl":"https:\/\/secure.gravatar.com\/avatar\/1072c6b775fb02ef8506ce967551d95926669a6b7d2c2147b42eea4d7c68395e?s=96&d=mm&r=g","caption":"Reda\u00e7\u00e3o"},"sameAs":["https:\/\/transamerica93.com.br\/home"],"url":"https:\/\/transamerica93.com.br\/home\/author\/william\/"}]}},"_links":{"self":[{"href":"https:\/\/transamerica93.com.br\/home\/wp-json\/wp\/v2\/posts\/2775","targetHints":{"allow":["GET"]}}],"collection":[{"href":"https:\/\/transamerica93.com.br\/home\/wp-json\/wp\/v2\/posts"}],"about":[{"href":"https:\/\/transamerica93.com.br\/home\/wp-json\/wp\/v2\/types\/post"}],"author":[{"embeddable":true,"href":"https:\/\/transamerica93.com.br\/home\/wp-json\/wp\/v2\/users\/1"}],"replies":[{"embeddable":true,"href":"https:\/\/transamerica93.com.br\/home\/wp-json\/wp\/v2\/comments?post=2775"}],"version-history":[{"count":2,"href":"https:\/\/transamerica93.com.br\/home\/wp-json\/wp\/v2\/posts\/2775\/revisions"}],"predecessor-version":[{"id":2777,"href":"https:\/\/transamerica93.com.br\/home\/wp-json\/wp\/v2\/posts\/2775\/revisions\/2777"}],"wp:featuredmedia":[{"embeddable":true,"href":"https:\/\/transamerica93.com.br\/home\/wp-json\/wp\/v2\/media\/2768"}],"wp:attachment":[{"href":"https:\/\/transamerica93.com.br\/home\/wp-json\/wp\/v2\/media?parent=2775"}],"wp:term":[{"taxonomy":"category","embeddable":true,"href":"https:\/\/transamerica93.com.br\/home\/wp-json\/wp\/v2\/categories?post=2775"},{"taxonomy":"post_tag","embeddable":true,"href":"https:\/\/transamerica93.com.br\/home\/wp-json\/wp\/v2\/tags?post=2775"}],"curies":[{"name":"wp","href":"https:\/\/api.w.org\/{rel}","templated":true}]}}