{"id":2791,"date":"2024-04-12T15:00:16","date_gmt":"2024-04-12T18:00:16","guid":{"rendered":"https:\/\/transamerica93.com.br\/home\/?p=2791"},"modified":"2024-04-06T09:28:03","modified_gmt":"2024-04-06T12:28:03","slug":"minha-vida-e-zero-glamour-revela-sandy-ao-comentar-sobre-marmita-no-almoco","status":"publish","type":"post","link":"https:\/\/transamerica93.com.br\/home\/minha-vida-e-zero-glamour-revela-sandy-ao-comentar-sobre-marmita-no-almoco\/","title":{"rendered":"&#8216;Minha vida \u00e9 zero glamour&#8217;, revela Sandy ao comentar sobre marmita no almo\u00e7o"},"content":{"rendered":"<div id=\"Corpo\">\n<h6 class=\"Assina\">Por Reda\u00e7\u00e3o<\/h6>\n<p>A cantora Sandy viralizou recentemente ao compartilhar um almo\u00e7o r\u00e1pido feito no carro durante as grava\u00e7\u00f5es do novo filme da qual participa,\u00a0<i>Evid\u00eancias do Amor<\/i>, que protagoniza com F\u00e1bio Porchat. A foto do famoso &#8220;PF&#8221; (g\u00edria para prato feito) foi compartilhada em suas redes sociais com a legenda: &#8220;Almo\u00e7o de hoje: PF na estrada! Amo tamb\u00e9m&#8221;.<\/p>\n<p>A postagem da marmita da cantora repercutiu nas redes, e durante a entrevista da pr\u00e9-estreia do longa, para a\u00a0<i>Rede TV!<\/i>, na ter\u00e7a-feira, 2, Sandy revelou que sua vida \u00e9 &#8220;zero glamour&#8221;: &#8220;O glamour \u00e9 s\u00f3 quando a gente se arruma assim bonitinho para uma pr\u00e9-estreia!&#8221;.<\/p>\n<p>Ela tamb\u00e9m confessou para a influenciadora Paula Lemos, em suas redes sociais, que n\u00e3o vive de dieta: &#8220;Sou muito comilona, inclusive eu n\u00e3o sou vegetariana! Como carne vermelha, adoro uma picanha. Tem gente que acha que vivo de alface&#8221;.<\/p>\n<p>Em\u00a0<i>Evid\u00eancias do Amor<\/i>, Sandy vive a personagem Laura, par rom\u00e2ntico de Marco, interpretado por Porchat. O casal se conhece durante uma noite de karaok\u00ea cantando\u00a0<i>Evid\u00eancias<\/i>, m\u00fasica de Chit\u00e3ozinho e Xoror\u00f3, e vive um relacionamento est\u00e1vel, at\u00e9 que Laura deixa Marco no altar, no dia de seu casamento.<\/p>\n<p>O protagonista ent\u00e3o ganha uma &#8220;segunda chance&#8221; ao ouvir a m\u00fasica novamente e voltar no tempo. Ele tem a chance de consertar os erros do passado e reviver seu amor com Laura. Com dire\u00e7\u00e3o de Pedro Ant\u00f4nio, a com\u00e9dia estreia no dia 11 de abril nos cinemas.<\/p><\/div>\n","protected":false},"excerpt":{"rendered":"<p>Por Reda\u00e7\u00e3o A cantora Sandy viralizou recentemente ao compartilhar um almo\u00e7o r\u00e1pido feito no carro durante as grava\u00e7\u00f5es do novo filme da qual participa,\u00a0Evid\u00eancias do Amor, que protagoniza com F\u00e1bio Porchat. A foto do famoso &#8220;PF&#8221; (g\u00edria para prato feito) foi compartilhada em suas redes sociais com a legenda: &#8220;Almo\u00e7o de hoje: PF na estrada! &hellip;<\/p>\n","protected":false},"author":1,"featured_media":2792,"comment_status":"closed","ping_status":"closed","sticky":false,"template":"","format":"standard","meta":{"footnotes":""},"categories":[25],"tags":[],"class_list":["post-2791","post","type-post","status-publish","format-standard","has-post-thumbnail","hentry","category-musica"],"yoast_head":"<!-- This site is optimized with the Yoast SEO plugin v27.4 - https:\/\/yoast.com\/product\/yoast-seo-wordpress\/ -->\n<title>&#039;Minha vida \u00e9 zero glamour&#039;, revela Sandy ao comentar sobre marmita no almo\u00e7o - Transam\u00e9rica Mococa 93,3<\/title>\n<meta name=\"robots\" content=\"index, follow, max-snippet:-1, max-image-preview:large, max-video-preview:-1\" \/>\n<link rel=\"canonical\" href=\"https:\/\/transamerica93.com.br\/home\/minha-vida-e-zero-glamour-revela-sandy-ao-comentar-sobre-marmita-no-almoco\/\" \/>\n<meta property=\"og:locale\" content=\"pt_BR\" \/>\n<meta property=\"og:type\" content=\"article\" \/>\n<meta property=\"og:title\" content=\"&#039;Minha vida \u00e9 zero glamour&#039;, revela Sandy ao comentar sobre marmita no almo\u00e7o - Transam\u00e9rica Mococa 93,3\" \/>\n<meta property=\"og:description\" content=\"Por Reda\u00e7\u00e3o A cantora Sandy viralizou recentemente ao compartilhar um almo\u00e7o r\u00e1pido feito no carro durante as grava\u00e7\u00f5es do novo filme da qual participa,\u00a0Evid\u00eancias do Amor, que protagoniza com F\u00e1bio Porchat. A foto do famoso &#8220;PF&#8221; (g\u00edria para prato feito) foi compartilhada em suas redes sociais com a legenda: &#8220;Almo\u00e7o de hoje: PF na estrada! &hellip;\" \/>\n<meta property=\"og:url\" content=\"https:\/\/transamerica93.com.br\/home\/minha-vida-e-zero-glamour-revela-sandy-ao-comentar-sobre-marmita-no-almoco\/\" \/>\n<meta property=\"og:site_name\" content=\"Transam\u00e9rica Mococa 93,3\" \/>\n<meta property=\"article:publisher\" content=\"https:\/\/www.facebook.com\/transamericamococa\" \/>\n<meta property=\"article:published_time\" content=\"2024-04-12T18:00:16+00:00\" \/>\n<meta property=\"og:image\" content=\"https:\/\/transamerica93.com.br\/home\/wp-content\/uploads\/2024\/04\/sandyoficial.jpg\" \/>\n\t<meta property=\"og:image:width\" content=\"787\" \/>\n\t<meta property=\"og:image:height\" content=\"498\" \/>\n\t<meta property=\"og:image:type\" content=\"image\/jpeg\" \/>\n<meta name=\"author\" content=\"Reda\u00e7\u00e3o\" \/>\n<meta name=\"twitter:card\" content=\"summary_large_image\" \/>\n<meta name=\"twitter:creator\" content=\"@transamerica933\" \/>\n<meta name=\"twitter:site\" content=\"@transamerica933\" \/>\n<meta name=\"twitter:label1\" content=\"Escrito por\" \/>\n\t<meta name=\"twitter:data1\" content=\"Reda\u00e7\u00e3o\" \/>\n\t<meta name=\"twitter:label2\" content=\"Est. tempo de leitura\" \/>\n\t<meta name=\"twitter:data2\" content=\"2 minutos\" \/>\n<script type=\"application\/ld+json\" class=\"yoast-schema-graph\">{\"@context\":\"https:\\\/\\\/schema.org\",\"@graph\":[{\"@type\":\"Article\",\"@id\":\"https:\\\/\\\/transamerica93.com.br\\\/home\\\/minha-vida-e-zero-glamour-revela-sandy-ao-comentar-sobre-marmita-no-almoco\\\/#article\",\"isPartOf\":{\"@id\":\"https:\\\/\\\/transamerica93.com.br\\\/home\\\/minha-vida-e-zero-glamour-revela-sandy-ao-comentar-sobre-marmita-no-almoco\\\/\"},\"author\":{\"name\":\"Reda\u00e7\u00e3o\",\"@id\":\"https:\\\/\\\/transamerica93.com.br\\\/home\\\/#\\\/schema\\\/person\\\/7fed7c99c0d4562efa8561bc0f543172\"},\"headline\":\"&#8216;Minha vida \u00e9 zero glamour&#8217;, revela Sandy ao comentar sobre marmita no almo\u00e7o\",\"datePublished\":\"2024-04-12T18:00:16+00:00\",\"mainEntityOfPage\":{\"@id\":\"https:\\\/\\\/transamerica93.com.br\\\/home\\\/minha-vida-e-zero-glamour-revela-sandy-ao-comentar-sobre-marmita-no-almoco\\\/\"},\"wordCount\":274,\"publisher\":{\"@id\":\"https:\\\/\\\/transamerica93.com.br\\\/home\\\/#organization\"},\"image\":{\"@id\":\"https:\\\/\\\/transamerica93.com.br\\\/home\\\/minha-vida-e-zero-glamour-revela-sandy-ao-comentar-sobre-marmita-no-almoco\\\/#primaryimage\"},\"thumbnailUrl\":\"https:\\\/\\\/transamerica93.com.br\\\/home\\\/wp-content\\\/uploads\\\/2024\\\/04\\\/sandyoficial.jpg\",\"articleSection\":[\"M\u00fasica\"],\"inLanguage\":\"pt-BR\"},{\"@type\":\"WebPage\",\"@id\":\"https:\\\/\\\/transamerica93.com.br\\\/home\\\/minha-vida-e-zero-glamour-revela-sandy-ao-comentar-sobre-marmita-no-almoco\\\/\",\"url\":\"https:\\\/\\\/transamerica93.com.br\\\/home\\\/minha-vida-e-zero-glamour-revela-sandy-ao-comentar-sobre-marmita-no-almoco\\\/\",\"name\":\"'Minha vida \u00e9 zero glamour', revela Sandy ao comentar sobre marmita no almo\u00e7o - Transam\u00e9rica Mococa 93,3\",\"isPartOf\":{\"@id\":\"https:\\\/\\\/transamerica93.com.br\\\/home\\\/#website\"},\"primaryImageOfPage\":{\"@id\":\"https:\\\/\\\/transamerica93.com.br\\\/home\\\/minha-vida-e-zero-glamour-revela-sandy-ao-comentar-sobre-marmita-no-almoco\\\/#primaryimage\"},\"image\":{\"@id\":\"https:\\\/\\\/transamerica93.com.br\\\/home\\\/minha-vida-e-zero-glamour-revela-sandy-ao-comentar-sobre-marmita-no-almoco\\\/#primaryimage\"},\"thumbnailUrl\":\"https:\\\/\\\/transamerica93.com.br\\\/home\\\/wp-content\\\/uploads\\\/2024\\\/04\\\/sandyoficial.jpg\",\"datePublished\":\"2024-04-12T18:00:16+00:00\",\"breadcrumb\":{\"@id\":\"https:\\\/\\\/transamerica93.com.br\\\/home\\\/minha-vida-e-zero-glamour-revela-sandy-ao-comentar-sobre-marmita-no-almoco\\\/#breadcrumb\"},\"inLanguage\":\"pt-BR\",\"potentialAction\":[{\"@type\":\"ReadAction\",\"target\":[\"https:\\\/\\\/transamerica93.com.br\\\/home\\\/minha-vida-e-zero-glamour-revela-sandy-ao-comentar-sobre-marmita-no-almoco\\\/\"]}]},{\"@type\":\"ImageObject\",\"inLanguage\":\"pt-BR\",\"@id\":\"https:\\\/\\\/transamerica93.com.br\\\/home\\\/minha-vida-e-zero-glamour-revela-sandy-ao-comentar-sobre-marmita-no-almoco\\\/#primaryimage\",\"url\":\"https:\\\/\\\/transamerica93.com.br\\\/home\\\/wp-content\\\/uploads\\\/2024\\\/04\\\/sandyoficial.jpg\",\"contentUrl\":\"https:\\\/\\\/transamerica93.com.br\\\/home\\\/wp-content\\\/uploads\\\/2024\\\/04\\\/sandyoficial.jpg\",\"width\":787,\"height\":498,\"caption\":\"Foto: Instagram @sandyoficial\"},{\"@type\":\"BreadcrumbList\",\"@id\":\"https:\\\/\\\/transamerica93.com.br\\\/home\\\/minha-vida-e-zero-glamour-revela-sandy-ao-comentar-sobre-marmita-no-almoco\\\/#breadcrumb\",\"itemListElement\":[{\"@type\":\"ListItem\",\"position\":1,\"name\":\"In\u00edcio\",\"item\":\"https:\\\/\\\/transamerica93.com.br\\\/home\\\/\"},{\"@type\":\"ListItem\",\"position\":2,\"name\":\"&#8216;Minha vida \u00e9 zero glamour&#8217;, revela Sandy ao comentar sobre marmita no almo\u00e7o\"}]},{\"@type\":\"WebSite\",\"@id\":\"https:\\\/\\\/transamerica93.com.br\\\/home\\\/#website\",\"url\":\"https:\\\/\\\/transamerica93.com.br\\\/home\\\/\",\"name\":\"Transam\u00e9rica Mococa 93,3\",\"description\":\"\",\"publisher\":{\"@id\":\"https:\\\/\\\/transamerica93.com.br\\\/home\\\/#organization\"},\"potentialAction\":[{\"@type\":\"SearchAction\",\"target\":{\"@type\":\"EntryPoint\",\"urlTemplate\":\"https:\\\/\\\/transamerica93.com.br\\\/home\\\/?s={search_term_string}\"},\"query-input\":{\"@type\":\"PropertyValueSpecification\",\"valueRequired\":true,\"valueName\":\"search_term_string\"}}],\"inLanguage\":\"pt-BR\"},{\"@type\":\"Organization\",\"@id\":\"https:\\\/\\\/transamerica93.com.br\\\/home\\\/#organization\",\"name\":\"Transam\u00e9rica Mococa 93,3\",\"url\":\"https:\\\/\\\/transamerica93.com.br\\\/home\\\/\",\"logo\":{\"@type\":\"ImageObject\",\"inLanguage\":\"pt-BR\",\"@id\":\"https:\\\/\\\/transamerica93.com.br\\\/home\\\/#\\\/schema\\\/logo\\\/image\\\/\",\"url\":\"https:\\\/\\\/transamerica93.com.br\\\/home\\\/wp-content\\\/uploads\\\/2023\\\/10\\\/logo2.png\",\"contentUrl\":\"https:\\\/\\\/transamerica93.com.br\\\/home\\\/wp-content\\\/uploads\\\/2023\\\/10\\\/logo2.png\",\"width\":800,\"height\":500,\"caption\":\"Transam\u00e9rica Mococa 93,3\"},\"image\":{\"@id\":\"https:\\\/\\\/transamerica93.com.br\\\/home\\\/#\\\/schema\\\/logo\\\/image\\\/\"},\"sameAs\":[\"https:\\\/\\\/www.facebook.com\\\/transamericamococa\",\"https:\\\/\\\/x.com\\\/transamerica933\",\"https:\\\/\\\/www.instagram.com\\\/transamericamococa\"]},{\"@type\":\"Person\",\"@id\":\"https:\\\/\\\/transamerica93.com.br\\\/home\\\/#\\\/schema\\\/person\\\/7fed7c99c0d4562efa8561bc0f543172\",\"name\":\"Reda\u00e7\u00e3o\",\"image\":{\"@type\":\"ImageObject\",\"inLanguage\":\"pt-BR\",\"@id\":\"https:\\\/\\\/secure.gravatar.com\\\/avatar\\\/1072c6b775fb02ef8506ce967551d95926669a6b7d2c2147b42eea4d7c68395e?s=96&d=mm&r=g\",\"url\":\"https:\\\/\\\/secure.gravatar.com\\\/avatar\\\/1072c6b775fb02ef8506ce967551d95926669a6b7d2c2147b42eea4d7c68395e?s=96&d=mm&r=g\",\"contentUrl\":\"https:\\\/\\\/secure.gravatar.com\\\/avatar\\\/1072c6b775fb02ef8506ce967551d95926669a6b7d2c2147b42eea4d7c68395e?s=96&d=mm&r=g\",\"caption\":\"Reda\u00e7\u00e3o\"},\"sameAs\":[\"https:\\\/\\\/transamerica93.com.br\\\/home\"],\"url\":\"https:\\\/\\\/transamerica93.com.br\\\/home\\\/author\\\/william\\\/\"}]}<\/script>\n<!-- \/ Yoast SEO plugin. -->","yoast_head_json":{"title":"'Minha vida \u00e9 zero glamour', revela Sandy ao comentar sobre marmita no almo\u00e7o - Transam\u00e9rica Mococa 93,3","robots":{"index":"index","follow":"follow","max-snippet":"max-snippet:-1","max-image-preview":"max-image-preview:large","max-video-preview":"max-video-preview:-1"},"canonical":"https:\/\/transamerica93.com.br\/home\/minha-vida-e-zero-glamour-revela-sandy-ao-comentar-sobre-marmita-no-almoco\/","og_locale":"pt_BR","og_type":"article","og_title":"'Minha vida \u00e9 zero glamour', revela Sandy ao comentar sobre marmita no almo\u00e7o - Transam\u00e9rica Mococa 93,3","og_description":"Por Reda\u00e7\u00e3o A cantora Sandy viralizou recentemente ao compartilhar um almo\u00e7o r\u00e1pido feito no carro durante as grava\u00e7\u00f5es do novo filme da qual participa,\u00a0Evid\u00eancias do Amor, que protagoniza com F\u00e1bio Porchat. A foto do famoso &#8220;PF&#8221; (g\u00edria para prato feito) foi compartilhada em suas redes sociais com a legenda: &#8220;Almo\u00e7o de hoje: PF na estrada! &hellip;","og_url":"https:\/\/transamerica93.com.br\/home\/minha-vida-e-zero-glamour-revela-sandy-ao-comentar-sobre-marmita-no-almoco\/","og_site_name":"Transam\u00e9rica Mococa 93,3","article_publisher":"https:\/\/www.facebook.com\/transamericamococa","article_published_time":"2024-04-12T18:00:16+00:00","og_image":[{"width":787,"height":498,"url":"https:\/\/transamerica93.com.br\/home\/wp-content\/uploads\/2024\/04\/sandyoficial.jpg","type":"image\/jpeg"}],"author":"Reda\u00e7\u00e3o","twitter_card":"summary_large_image","twitter_creator":"@transamerica933","twitter_site":"@transamerica933","twitter_misc":{"Escrito por":"Reda\u00e7\u00e3o","Est. tempo de leitura":"2 minutos"},"schema":{"@context":"https:\/\/schema.org","@graph":[{"@type":"Article","@id":"https:\/\/transamerica93.com.br\/home\/minha-vida-e-zero-glamour-revela-sandy-ao-comentar-sobre-marmita-no-almoco\/#article","isPartOf":{"@id":"https:\/\/transamerica93.com.br\/home\/minha-vida-e-zero-glamour-revela-sandy-ao-comentar-sobre-marmita-no-almoco\/"},"author":{"name":"Reda\u00e7\u00e3o","@id":"https:\/\/transamerica93.com.br\/home\/#\/schema\/person\/7fed7c99c0d4562efa8561bc0f543172"},"headline":"&#8216;Minha vida \u00e9 zero glamour&#8217;, revela Sandy ao comentar sobre marmita no almo\u00e7o","datePublished":"2024-04-12T18:00:16+00:00","mainEntityOfPage":{"@id":"https:\/\/transamerica93.com.br\/home\/minha-vida-e-zero-glamour-revela-sandy-ao-comentar-sobre-marmita-no-almoco\/"},"wordCount":274,"publisher":{"@id":"https:\/\/transamerica93.com.br\/home\/#organization"},"image":{"@id":"https:\/\/transamerica93.com.br\/home\/minha-vida-e-zero-glamour-revela-sandy-ao-comentar-sobre-marmita-no-almoco\/#primaryimage"},"thumbnailUrl":"https:\/\/transamerica93.com.br\/home\/wp-content\/uploads\/2024\/04\/sandyoficial.jpg","articleSection":["M\u00fasica"],"inLanguage":"pt-BR"},{"@type":"WebPage","@id":"https:\/\/transamerica93.com.br\/home\/minha-vida-e-zero-glamour-revela-sandy-ao-comentar-sobre-marmita-no-almoco\/","url":"https:\/\/transamerica93.com.br\/home\/minha-vida-e-zero-glamour-revela-sandy-ao-comentar-sobre-marmita-no-almoco\/","name":"'Minha vida \u00e9 zero glamour', revela Sandy ao comentar sobre marmita no almo\u00e7o - Transam\u00e9rica Mococa 93,3","isPartOf":{"@id":"https:\/\/transamerica93.com.br\/home\/#website"},"primaryImageOfPage":{"@id":"https:\/\/transamerica93.com.br\/home\/minha-vida-e-zero-glamour-revela-sandy-ao-comentar-sobre-marmita-no-almoco\/#primaryimage"},"image":{"@id":"https:\/\/transamerica93.com.br\/home\/minha-vida-e-zero-glamour-revela-sandy-ao-comentar-sobre-marmita-no-almoco\/#primaryimage"},"thumbnailUrl":"https:\/\/transamerica93.com.br\/home\/wp-content\/uploads\/2024\/04\/sandyoficial.jpg","datePublished":"2024-04-12T18:00:16+00:00","breadcrumb":{"@id":"https:\/\/transamerica93.com.br\/home\/minha-vida-e-zero-glamour-revela-sandy-ao-comentar-sobre-marmita-no-almoco\/#breadcrumb"},"inLanguage":"pt-BR","potentialAction":[{"@type":"ReadAction","target":["https:\/\/transamerica93.com.br\/home\/minha-vida-e-zero-glamour-revela-sandy-ao-comentar-sobre-marmita-no-almoco\/"]}]},{"@type":"ImageObject","inLanguage":"pt-BR","@id":"https:\/\/transamerica93.com.br\/home\/minha-vida-e-zero-glamour-revela-sandy-ao-comentar-sobre-marmita-no-almoco\/#primaryimage","url":"https:\/\/transamerica93.com.br\/home\/wp-content\/uploads\/2024\/04\/sandyoficial.jpg","contentUrl":"https:\/\/transamerica93.com.br\/home\/wp-content\/uploads\/2024\/04\/sandyoficial.jpg","width":787,"height":498,"caption":"Foto: Instagram @sandyoficial"},{"@type":"BreadcrumbList","@id":"https:\/\/transamerica93.com.br\/home\/minha-vida-e-zero-glamour-revela-sandy-ao-comentar-sobre-marmita-no-almoco\/#breadcrumb","itemListElement":[{"@type":"ListItem","position":1,"name":"In\u00edcio","item":"https:\/\/transamerica93.com.br\/home\/"},{"@type":"ListItem","position":2,"name":"&#8216;Minha vida \u00e9 zero glamour&#8217;, revela Sandy ao comentar sobre marmita no almo\u00e7o"}]},{"@type":"WebSite","@id":"https:\/\/transamerica93.com.br\/home\/#website","url":"https:\/\/transamerica93.com.br\/home\/","name":"Transam\u00e9rica Mococa 93,3","description":"","publisher":{"@id":"https:\/\/transamerica93.com.br\/home\/#organization"},"potentialAction":[{"@type":"SearchAction","target":{"@type":"EntryPoint","urlTemplate":"https:\/\/transamerica93.com.br\/home\/?s={search_term_string}"},"query-input":{"@type":"PropertyValueSpecification","valueRequired":true,"valueName":"search_term_string"}}],"inLanguage":"pt-BR"},{"@type":"Organization","@id":"https:\/\/transamerica93.com.br\/home\/#organization","name":"Transam\u00e9rica Mococa 93,3","url":"https:\/\/transamerica93.com.br\/home\/","logo":{"@type":"ImageObject","inLanguage":"pt-BR","@id":"https:\/\/transamerica93.com.br\/home\/#\/schema\/logo\/image\/","url":"https:\/\/transamerica93.com.br\/home\/wp-content\/uploads\/2023\/10\/logo2.png","contentUrl":"https:\/\/transamerica93.com.br\/home\/wp-content\/uploads\/2023\/10\/logo2.png","width":800,"height":500,"caption":"Transam\u00e9rica Mococa 93,3"},"image":{"@id":"https:\/\/transamerica93.com.br\/home\/#\/schema\/logo\/image\/"},"sameAs":["https:\/\/www.facebook.com\/transamericamococa","https:\/\/x.com\/transamerica933","https:\/\/www.instagram.com\/transamericamococa"]},{"@type":"Person","@id":"https:\/\/transamerica93.com.br\/home\/#\/schema\/person\/7fed7c99c0d4562efa8561bc0f543172","name":"Reda\u00e7\u00e3o","image":{"@type":"ImageObject","inLanguage":"pt-BR","@id":"https:\/\/secure.gravatar.com\/avatar\/1072c6b775fb02ef8506ce967551d95926669a6b7d2c2147b42eea4d7c68395e?s=96&d=mm&r=g","url":"https:\/\/secure.gravatar.com\/avatar\/1072c6b775fb02ef8506ce967551d95926669a6b7d2c2147b42eea4d7c68395e?s=96&d=mm&r=g","contentUrl":"https:\/\/secure.gravatar.com\/avatar\/1072c6b775fb02ef8506ce967551d95926669a6b7d2c2147b42eea4d7c68395e?s=96&d=mm&r=g","caption":"Reda\u00e7\u00e3o"},"sameAs":["https:\/\/transamerica93.com.br\/home"],"url":"https:\/\/transamerica93.com.br\/home\/author\/william\/"}]}},"_links":{"self":[{"href":"https:\/\/transamerica93.com.br\/home\/wp-json\/wp\/v2\/posts\/2791","targetHints":{"allow":["GET"]}}],"collection":[{"href":"https:\/\/transamerica93.com.br\/home\/wp-json\/wp\/v2\/posts"}],"about":[{"href":"https:\/\/transamerica93.com.br\/home\/wp-json\/wp\/v2\/types\/post"}],"author":[{"embeddable":true,"href":"https:\/\/transamerica93.com.br\/home\/wp-json\/wp\/v2\/users\/1"}],"replies":[{"embeddable":true,"href":"https:\/\/transamerica93.com.br\/home\/wp-json\/wp\/v2\/comments?post=2791"}],"version-history":[{"count":1,"href":"https:\/\/transamerica93.com.br\/home\/wp-json\/wp\/v2\/posts\/2791\/revisions"}],"predecessor-version":[{"id":2793,"href":"https:\/\/transamerica93.com.br\/home\/wp-json\/wp\/v2\/posts\/2791\/revisions\/2793"}],"wp:featuredmedia":[{"embeddable":true,"href":"https:\/\/transamerica93.com.br\/home\/wp-json\/wp\/v2\/media\/2792"}],"wp:attachment":[{"href":"https:\/\/transamerica93.com.br\/home\/wp-json\/wp\/v2\/media?parent=2791"}],"wp:term":[{"taxonomy":"category","embeddable":true,"href":"https:\/\/transamerica93.com.br\/home\/wp-json\/wp\/v2\/categories?post=2791"},{"taxonomy":"post_tag","embeddable":true,"href":"https:\/\/transamerica93.com.br\/home\/wp-json\/wp\/v2\/tags?post=2791"}],"curies":[{"name":"wp","href":"https:\/\/api.w.org\/{rel}","templated":true}]}}