{"id":2804,"date":"2024-04-11T18:00:40","date_gmt":"2024-04-11T21:00:40","guid":{"rendered":"https:\/\/transamerica93.com.br\/home\/?p=2804"},"modified":"2024-04-06T09:40:53","modified_gmt":"2024-04-06T12:40:53","slug":"eliezer-retira-a-harmonizacao-facial-veja-outros-artistas-que-se-arrependeram-do-procedimento","status":"publish","type":"post","link":"https:\/\/transamerica93.com.br\/home\/eliezer-retira-a-harmonizacao-facial-veja-outros-artistas-que-se-arrependeram-do-procedimento\/","title":{"rendered":"Eliezer retira a harmoniza\u00e7\u00e3o facial; veja outros artistas que se arrependeram do procedimento"},"content":{"rendered":"<div id=\"Corpo\">Eliezer usou suas redes sociais, para revelar que retirou a harmoniza\u00e7\u00e3o facial que havia realizado em 2022, no mesmo ano em que participou do Big Brother Brasil.<\/p>\n<p>O ex-BBB optou por reverter o procedimento ap\u00f3s, segundo ele, perceber que sofria de distor\u00e7\u00e3o de imagem. &#8220;Comecei a tirar no final do ano passado [&#8230;] O que aconteceu comigo foi uma grande distor\u00e7\u00e3o de imagem. Quem me mostrou que eu poderia estar com isso foi a Viih, depois de uma foto minha que viralizou.&#8221;<\/p>\n<p>Eliezer explicou que ap\u00f3s conversar com sua mulher percebeu que fez harmoniza\u00e7\u00e3o facial para que as pessoas parassem de criticar sua apar\u00eancia. &#8220;Percebi que a \u00fanica vez que eu preenchi a cara por mim foi antes do Big Brother. Todas as outras vezes eu fiz realmente para parar de ser chamado de feio&#8221;, desabafou.<\/p>\n<p>O marido de Viih Tube ainda disse que s\u00f3 percebeu as consequ\u00eancias do procedimento quando tirou a barba.<\/p>\n<p>Confira outros artistas que se arrependeram do procedimento<\/p>\n<p><b>Gabi Martins<\/b><\/p>\n<p>Em 2021, a cantora realizou uma s\u00e9rie de procedimentos est\u00e9ticos Mais de um ano depois, ela revelou ter se arrependido da decis\u00e3o.<\/p>\n<p>Em entrevista a Daniela Albuquerque, no programa Sensacional, da RedeTV!, Gabi Martins contou que nenhuma das mudan\u00e7as em sua apar\u00eancia foi feita por coment\u00e1rios alheios. &#8220;Tudo que eu fiz foi porque eu realmente queria.&#8221;<\/p>\n<p>&#8220;Mudei tudo. Cabelo, boca, fiz harmoniza\u00e7\u00e3o [facial], queixo e at\u00e9 o pr\u00f3prio nariz. Naquele momento eu me empolguei. Confesso que me arrependi um pouco. Eu senti que poderia ter feito menos. As pessoas come\u00e7aram a falar e eu, vendo aquilo, pensei: \u2018N\u00e3o devia ter feito isso, n\u00e3o\u2019&#8221;, disse.<\/p>\n<p>Ap\u00f3s perceber que os resultados n\u00e3o a agradavam mais, ela optou pela revers\u00e3o das interven\u00e7\u00f5es.<\/p>\n<p><b>Deborah Secco<\/b><\/p>\n<p>Deborah Secco tamb\u00e9m j\u00e1 realizou procedimentos est\u00e9ticos e acabou se arrependendo. A atriz fez um preenchimento nas olheiras e na regi\u00e3o do maxilar.<\/p>\n<p>Em entrevista ao jornal\u00a0<i>O Globo<\/i>\u00a0em 2022, ela revelou que desfez os preenchimentos no mesmo dia. &#8220;Realizei um procedimento h\u00e1 uns anos que deu muito errado. Sofri muito. Fiz preenchimento de olheira e maxilar. Ficou um horror, desfiz no mesmo dia. Quando cheguei em casa, o Hugo falou: \u2018Isso \u00e9 muito preocupante. Voc\u00ea n\u00e3o gosta de quem voc\u00ea \u00e9\u2019. Desde ent\u00e3o, parei de fazer tudo Porque fiquei \u2018um alien\u2019&#8221;.<\/p>\n<p><b>Lucas Lucco<\/b><\/p>\n<p>Em outubro de 2020, o cantor Lucas Lucco participou do Fant\u00e1stico, revelando que realizou harmoniza\u00e7\u00e3o facial. Ele contou que realizou o procedimento em 2019, quando foi em um dentista para &#8220;tirar um pouco de olheiras&#8221;.<\/p>\n<p>Ap\u00f3s o procedimento, por\u00e9m, o cantor disse que n\u00e3o gostou do resultado: &#8220;Voc\u00ea se olha no espelho e n\u00e3o consegue enxergar os seus rastros, isso \u00e9 muito ruim. Abala muito a nossa autoestima &#8221;<\/p>\n<p><b>Carlinhos Maia<\/b><\/p>\n<p>O influenciador Carlinhos Maia tamb\u00e9m realizou harmoniza\u00e7\u00e3o facial, mas optou pela retirada do procedimento ap\u00f3s um tempo. Em 2021, ele falou sobre o assunto em live com Wesley Safad\u00e3o.<\/p>\n<p>&#8220;Essa harmoniza\u00e7\u00e3o que voc\u00ea fez eu fiz tamb\u00e9m, viu? Mas eu desfiz depois. Vou te passar o n\u00famero do m\u00e9dico. Ele \u00e9 \u00f3timo, meu filho. Do mesmo jeito que ele bota, tira&#8221;, brincou.<\/p><\/div>\n","protected":false},"excerpt":{"rendered":"<p>Eliezer usou suas redes sociais, para revelar que retirou a harmoniza\u00e7\u00e3o facial que havia realizado em 2022, no mesmo ano em que participou do Big Brother Brasil. O ex-BBB optou por reverter o procedimento ap\u00f3s, segundo ele, perceber que sofria de distor\u00e7\u00e3o de imagem. &#8220;Comecei a tirar no final do ano passado [&#8230;] O que &hellip;<\/p>\n","protected":false},"author":1,"featured_media":2805,"comment_status":"closed","ping_status":"closed","sticky":false,"template":"","format":"standard","meta":{"footnotes":""},"categories":[24],"tags":[],"class_list":["post-2804","post","type-post","status-publish","format-standard","has-post-thumbnail","hentry","category-entretenimento"],"yoast_head":"<!-- This site is optimized with the Yoast SEO plugin v27.4 - https:\/\/yoast.com\/product\/yoast-seo-wordpress\/ -->\n<title>Eliezer retira a harmoniza\u00e7\u00e3o facial; veja outros artistas que se arrependeram do procedimento - Transam\u00e9rica Mococa 93,3<\/title>\n<meta name=\"robots\" content=\"index, follow, max-snippet:-1, max-image-preview:large, max-video-preview:-1\" \/>\n<link rel=\"canonical\" href=\"https:\/\/transamerica93.com.br\/home\/eliezer-retira-a-harmonizacao-facial-veja-outros-artistas-que-se-arrependeram-do-procedimento\/\" \/>\n<meta property=\"og:locale\" content=\"pt_BR\" \/>\n<meta property=\"og:type\" content=\"article\" \/>\n<meta property=\"og:title\" content=\"Eliezer retira a harmoniza\u00e7\u00e3o facial; veja outros artistas que se arrependeram do procedimento - Transam\u00e9rica Mococa 93,3\" \/>\n<meta property=\"og:description\" content=\"Eliezer usou suas redes sociais, para revelar que retirou a harmoniza\u00e7\u00e3o facial que havia realizado em 2022, no mesmo ano em que participou do Big Brother Brasil. O ex-BBB optou por reverter o procedimento ap\u00f3s, segundo ele, perceber que sofria de distor\u00e7\u00e3o de imagem. &#8220;Comecei a tirar no final do ano passado [&#8230;] O que &hellip;\" \/>\n<meta property=\"og:url\" content=\"https:\/\/transamerica93.com.br\/home\/eliezer-retira-a-harmonizacao-facial-veja-outros-artistas-que-se-arrependeram-do-procedimento\/\" \/>\n<meta property=\"og:site_name\" content=\"Transam\u00e9rica Mococa 93,3\" \/>\n<meta property=\"article:publisher\" content=\"https:\/\/www.facebook.com\/transamericamococa\" \/>\n<meta property=\"article:published_time\" content=\"2024-04-11T21:00:40+00:00\" \/>\n<meta property=\"og:image\" content=\"https:\/\/transamerica93.com.br\/home\/wp-content\/uploads\/2024\/04\/imagem1-4.jpg\" \/>\n\t<meta property=\"og:image:width\" content=\"887\" \/>\n\t<meta property=\"og:image:height\" content=\"523\" \/>\n\t<meta property=\"og:image:type\" content=\"image\/jpeg\" \/>\n<meta name=\"author\" content=\"Reda\u00e7\u00e3o\" \/>\n<meta name=\"twitter:card\" content=\"summary_large_image\" \/>\n<meta name=\"twitter:creator\" content=\"@transamerica933\" \/>\n<meta name=\"twitter:site\" content=\"@transamerica933\" \/>\n<meta name=\"twitter:label1\" content=\"Escrito por\" \/>\n\t<meta name=\"twitter:data1\" content=\"Reda\u00e7\u00e3o\" \/>\n\t<meta name=\"twitter:label2\" content=\"Est. tempo de leitura\" \/>\n\t<meta name=\"twitter:data2\" content=\"4 minutos\" \/>\n<script type=\"application\/ld+json\" class=\"yoast-schema-graph\">{\"@context\":\"https:\\\/\\\/schema.org\",\"@graph\":[{\"@type\":\"Article\",\"@id\":\"https:\\\/\\\/transamerica93.com.br\\\/home\\\/eliezer-retira-a-harmonizacao-facial-veja-outros-artistas-que-se-arrependeram-do-procedimento\\\/#article\",\"isPartOf\":{\"@id\":\"https:\\\/\\\/transamerica93.com.br\\\/home\\\/eliezer-retira-a-harmonizacao-facial-veja-outros-artistas-que-se-arrependeram-do-procedimento\\\/\"},\"author\":{\"name\":\"Reda\u00e7\u00e3o\",\"@id\":\"https:\\\/\\\/transamerica93.com.br\\\/home\\\/#\\\/schema\\\/person\\\/7fed7c99c0d4562efa8561bc0f543172\"},\"headline\":\"Eliezer retira a harmoniza\u00e7\u00e3o facial; veja outros artistas que se arrependeram do procedimento\",\"datePublished\":\"2024-04-11T21:00:40+00:00\",\"mainEntityOfPage\":{\"@id\":\"https:\\\/\\\/transamerica93.com.br\\\/home\\\/eliezer-retira-a-harmonizacao-facial-veja-outros-artistas-que-se-arrependeram-do-procedimento\\\/\"},\"wordCount\":557,\"publisher\":{\"@id\":\"https:\\\/\\\/transamerica93.com.br\\\/home\\\/#organization\"},\"image\":{\"@id\":\"https:\\\/\\\/transamerica93.com.br\\\/home\\\/eliezer-retira-a-harmonizacao-facial-veja-outros-artistas-que-se-arrependeram-do-procedimento\\\/#primaryimage\"},\"thumbnailUrl\":\"https:\\\/\\\/transamerica93.com.br\\\/home\\\/wp-content\\\/uploads\\\/2024\\\/04\\\/imagem1-4.jpg\",\"articleSection\":[\"Entretenimento\"],\"inLanguage\":\"pt-BR\"},{\"@type\":\"WebPage\",\"@id\":\"https:\\\/\\\/transamerica93.com.br\\\/home\\\/eliezer-retira-a-harmonizacao-facial-veja-outros-artistas-que-se-arrependeram-do-procedimento\\\/\",\"url\":\"https:\\\/\\\/transamerica93.com.br\\\/home\\\/eliezer-retira-a-harmonizacao-facial-veja-outros-artistas-que-se-arrependeram-do-procedimento\\\/\",\"name\":\"Eliezer retira a harmoniza\u00e7\u00e3o facial; veja outros artistas que se arrependeram do procedimento - Transam\u00e9rica Mococa 93,3\",\"isPartOf\":{\"@id\":\"https:\\\/\\\/transamerica93.com.br\\\/home\\\/#website\"},\"primaryImageOfPage\":{\"@id\":\"https:\\\/\\\/transamerica93.com.br\\\/home\\\/eliezer-retira-a-harmonizacao-facial-veja-outros-artistas-que-se-arrependeram-do-procedimento\\\/#primaryimage\"},\"image\":{\"@id\":\"https:\\\/\\\/transamerica93.com.br\\\/home\\\/eliezer-retira-a-harmonizacao-facial-veja-outros-artistas-que-se-arrependeram-do-procedimento\\\/#primaryimage\"},\"thumbnailUrl\":\"https:\\\/\\\/transamerica93.com.br\\\/home\\\/wp-content\\\/uploads\\\/2024\\\/04\\\/imagem1-4.jpg\",\"datePublished\":\"2024-04-11T21:00:40+00:00\",\"breadcrumb\":{\"@id\":\"https:\\\/\\\/transamerica93.com.br\\\/home\\\/eliezer-retira-a-harmonizacao-facial-veja-outros-artistas-que-se-arrependeram-do-procedimento\\\/#breadcrumb\"},\"inLanguage\":\"pt-BR\",\"potentialAction\":[{\"@type\":\"ReadAction\",\"target\":[\"https:\\\/\\\/transamerica93.com.br\\\/home\\\/eliezer-retira-a-harmonizacao-facial-veja-outros-artistas-que-se-arrependeram-do-procedimento\\\/\"]}]},{\"@type\":\"ImageObject\",\"inLanguage\":\"pt-BR\",\"@id\":\"https:\\\/\\\/transamerica93.com.br\\\/home\\\/eliezer-retira-a-harmonizacao-facial-veja-outros-artistas-que-se-arrependeram-do-procedimento\\\/#primaryimage\",\"url\":\"https:\\\/\\\/transamerica93.com.br\\\/home\\\/wp-content\\\/uploads\\\/2024\\\/04\\\/imagem1-4.jpg\",\"contentUrl\":\"https:\\\/\\\/transamerica93.com.br\\\/home\\\/wp-content\\\/uploads\\\/2024\\\/04\\\/imagem1-4.jpg\",\"width\":887,\"height\":523,\"caption\":\"Reprodu\u00e7\u00e3o\"},{\"@type\":\"BreadcrumbList\",\"@id\":\"https:\\\/\\\/transamerica93.com.br\\\/home\\\/eliezer-retira-a-harmonizacao-facial-veja-outros-artistas-que-se-arrependeram-do-procedimento\\\/#breadcrumb\",\"itemListElement\":[{\"@type\":\"ListItem\",\"position\":1,\"name\":\"In\u00edcio\",\"item\":\"https:\\\/\\\/transamerica93.com.br\\\/home\\\/\"},{\"@type\":\"ListItem\",\"position\":2,\"name\":\"Eliezer retira a harmoniza\u00e7\u00e3o facial; veja outros artistas que se arrependeram do procedimento\"}]},{\"@type\":\"WebSite\",\"@id\":\"https:\\\/\\\/transamerica93.com.br\\\/home\\\/#website\",\"url\":\"https:\\\/\\\/transamerica93.com.br\\\/home\\\/\",\"name\":\"Transam\u00e9rica Mococa 93,3\",\"description\":\"\",\"publisher\":{\"@id\":\"https:\\\/\\\/transamerica93.com.br\\\/home\\\/#organization\"},\"potentialAction\":[{\"@type\":\"SearchAction\",\"target\":{\"@type\":\"EntryPoint\",\"urlTemplate\":\"https:\\\/\\\/transamerica93.com.br\\\/home\\\/?s={search_term_string}\"},\"query-input\":{\"@type\":\"PropertyValueSpecification\",\"valueRequired\":true,\"valueName\":\"search_term_string\"}}],\"inLanguage\":\"pt-BR\"},{\"@type\":\"Organization\",\"@id\":\"https:\\\/\\\/transamerica93.com.br\\\/home\\\/#organization\",\"name\":\"Transam\u00e9rica Mococa 93,3\",\"url\":\"https:\\\/\\\/transamerica93.com.br\\\/home\\\/\",\"logo\":{\"@type\":\"ImageObject\",\"inLanguage\":\"pt-BR\",\"@id\":\"https:\\\/\\\/transamerica93.com.br\\\/home\\\/#\\\/schema\\\/logo\\\/image\\\/\",\"url\":\"https:\\\/\\\/transamerica93.com.br\\\/home\\\/wp-content\\\/uploads\\\/2023\\\/10\\\/logo2.png\",\"contentUrl\":\"https:\\\/\\\/transamerica93.com.br\\\/home\\\/wp-content\\\/uploads\\\/2023\\\/10\\\/logo2.png\",\"width\":800,\"height\":500,\"caption\":\"Transam\u00e9rica Mococa 93,3\"},\"image\":{\"@id\":\"https:\\\/\\\/transamerica93.com.br\\\/home\\\/#\\\/schema\\\/logo\\\/image\\\/\"},\"sameAs\":[\"https:\\\/\\\/www.facebook.com\\\/transamericamococa\",\"https:\\\/\\\/x.com\\\/transamerica933\",\"https:\\\/\\\/www.instagram.com\\\/transamericamococa\"]},{\"@type\":\"Person\",\"@id\":\"https:\\\/\\\/transamerica93.com.br\\\/home\\\/#\\\/schema\\\/person\\\/7fed7c99c0d4562efa8561bc0f543172\",\"name\":\"Reda\u00e7\u00e3o\",\"image\":{\"@type\":\"ImageObject\",\"inLanguage\":\"pt-BR\",\"@id\":\"https:\\\/\\\/secure.gravatar.com\\\/avatar\\\/1072c6b775fb02ef8506ce967551d95926669a6b7d2c2147b42eea4d7c68395e?s=96&d=mm&r=g\",\"url\":\"https:\\\/\\\/secure.gravatar.com\\\/avatar\\\/1072c6b775fb02ef8506ce967551d95926669a6b7d2c2147b42eea4d7c68395e?s=96&d=mm&r=g\",\"contentUrl\":\"https:\\\/\\\/secure.gravatar.com\\\/avatar\\\/1072c6b775fb02ef8506ce967551d95926669a6b7d2c2147b42eea4d7c68395e?s=96&d=mm&r=g\",\"caption\":\"Reda\u00e7\u00e3o\"},\"sameAs\":[\"https:\\\/\\\/transamerica93.com.br\\\/home\"],\"url\":\"https:\\\/\\\/transamerica93.com.br\\\/home\\\/author\\\/william\\\/\"}]}<\/script>\n<!-- \/ Yoast SEO plugin. -->","yoast_head_json":{"title":"Eliezer retira a harmoniza\u00e7\u00e3o facial; veja outros artistas que se arrependeram do procedimento - Transam\u00e9rica Mococa 93,3","robots":{"index":"index","follow":"follow","max-snippet":"max-snippet:-1","max-image-preview":"max-image-preview:large","max-video-preview":"max-video-preview:-1"},"canonical":"https:\/\/transamerica93.com.br\/home\/eliezer-retira-a-harmonizacao-facial-veja-outros-artistas-que-se-arrependeram-do-procedimento\/","og_locale":"pt_BR","og_type":"article","og_title":"Eliezer retira a harmoniza\u00e7\u00e3o facial; veja outros artistas que se arrependeram do procedimento - Transam\u00e9rica Mococa 93,3","og_description":"Eliezer usou suas redes sociais, para revelar que retirou a harmoniza\u00e7\u00e3o facial que havia realizado em 2022, no mesmo ano em que participou do Big Brother Brasil. O ex-BBB optou por reverter o procedimento ap\u00f3s, segundo ele, perceber que sofria de distor\u00e7\u00e3o de imagem. &#8220;Comecei a tirar no final do ano passado [&#8230;] O que &hellip;","og_url":"https:\/\/transamerica93.com.br\/home\/eliezer-retira-a-harmonizacao-facial-veja-outros-artistas-que-se-arrependeram-do-procedimento\/","og_site_name":"Transam\u00e9rica Mococa 93,3","article_publisher":"https:\/\/www.facebook.com\/transamericamococa","article_published_time":"2024-04-11T21:00:40+00:00","og_image":[{"width":887,"height":523,"url":"https:\/\/transamerica93.com.br\/home\/wp-content\/uploads\/2024\/04\/imagem1-4.jpg","type":"image\/jpeg"}],"author":"Reda\u00e7\u00e3o","twitter_card":"summary_large_image","twitter_creator":"@transamerica933","twitter_site":"@transamerica933","twitter_misc":{"Escrito por":"Reda\u00e7\u00e3o","Est. tempo de leitura":"4 minutos"},"schema":{"@context":"https:\/\/schema.org","@graph":[{"@type":"Article","@id":"https:\/\/transamerica93.com.br\/home\/eliezer-retira-a-harmonizacao-facial-veja-outros-artistas-que-se-arrependeram-do-procedimento\/#article","isPartOf":{"@id":"https:\/\/transamerica93.com.br\/home\/eliezer-retira-a-harmonizacao-facial-veja-outros-artistas-que-se-arrependeram-do-procedimento\/"},"author":{"name":"Reda\u00e7\u00e3o","@id":"https:\/\/transamerica93.com.br\/home\/#\/schema\/person\/7fed7c99c0d4562efa8561bc0f543172"},"headline":"Eliezer retira a harmoniza\u00e7\u00e3o facial; veja outros artistas que se arrependeram do procedimento","datePublished":"2024-04-11T21:00:40+00:00","mainEntityOfPage":{"@id":"https:\/\/transamerica93.com.br\/home\/eliezer-retira-a-harmonizacao-facial-veja-outros-artistas-que-se-arrependeram-do-procedimento\/"},"wordCount":557,"publisher":{"@id":"https:\/\/transamerica93.com.br\/home\/#organization"},"image":{"@id":"https:\/\/transamerica93.com.br\/home\/eliezer-retira-a-harmonizacao-facial-veja-outros-artistas-que-se-arrependeram-do-procedimento\/#primaryimage"},"thumbnailUrl":"https:\/\/transamerica93.com.br\/home\/wp-content\/uploads\/2024\/04\/imagem1-4.jpg","articleSection":["Entretenimento"],"inLanguage":"pt-BR"},{"@type":"WebPage","@id":"https:\/\/transamerica93.com.br\/home\/eliezer-retira-a-harmonizacao-facial-veja-outros-artistas-que-se-arrependeram-do-procedimento\/","url":"https:\/\/transamerica93.com.br\/home\/eliezer-retira-a-harmonizacao-facial-veja-outros-artistas-que-se-arrependeram-do-procedimento\/","name":"Eliezer retira a harmoniza\u00e7\u00e3o facial; veja outros artistas que se arrependeram do procedimento - Transam\u00e9rica Mococa 93,3","isPartOf":{"@id":"https:\/\/transamerica93.com.br\/home\/#website"},"primaryImageOfPage":{"@id":"https:\/\/transamerica93.com.br\/home\/eliezer-retira-a-harmonizacao-facial-veja-outros-artistas-que-se-arrependeram-do-procedimento\/#primaryimage"},"image":{"@id":"https:\/\/transamerica93.com.br\/home\/eliezer-retira-a-harmonizacao-facial-veja-outros-artistas-que-se-arrependeram-do-procedimento\/#primaryimage"},"thumbnailUrl":"https:\/\/transamerica93.com.br\/home\/wp-content\/uploads\/2024\/04\/imagem1-4.jpg","datePublished":"2024-04-11T21:00:40+00:00","breadcrumb":{"@id":"https:\/\/transamerica93.com.br\/home\/eliezer-retira-a-harmonizacao-facial-veja-outros-artistas-que-se-arrependeram-do-procedimento\/#breadcrumb"},"inLanguage":"pt-BR","potentialAction":[{"@type":"ReadAction","target":["https:\/\/transamerica93.com.br\/home\/eliezer-retira-a-harmonizacao-facial-veja-outros-artistas-que-se-arrependeram-do-procedimento\/"]}]},{"@type":"ImageObject","inLanguage":"pt-BR","@id":"https:\/\/transamerica93.com.br\/home\/eliezer-retira-a-harmonizacao-facial-veja-outros-artistas-que-se-arrependeram-do-procedimento\/#primaryimage","url":"https:\/\/transamerica93.com.br\/home\/wp-content\/uploads\/2024\/04\/imagem1-4.jpg","contentUrl":"https:\/\/transamerica93.com.br\/home\/wp-content\/uploads\/2024\/04\/imagem1-4.jpg","width":887,"height":523,"caption":"Reprodu\u00e7\u00e3o"},{"@type":"BreadcrumbList","@id":"https:\/\/transamerica93.com.br\/home\/eliezer-retira-a-harmonizacao-facial-veja-outros-artistas-que-se-arrependeram-do-procedimento\/#breadcrumb","itemListElement":[{"@type":"ListItem","position":1,"name":"In\u00edcio","item":"https:\/\/transamerica93.com.br\/home\/"},{"@type":"ListItem","position":2,"name":"Eliezer retira a harmoniza\u00e7\u00e3o facial; veja outros artistas que se arrependeram do procedimento"}]},{"@type":"WebSite","@id":"https:\/\/transamerica93.com.br\/home\/#website","url":"https:\/\/transamerica93.com.br\/home\/","name":"Transam\u00e9rica Mococa 93,3","description":"","publisher":{"@id":"https:\/\/transamerica93.com.br\/home\/#organization"},"potentialAction":[{"@type":"SearchAction","target":{"@type":"EntryPoint","urlTemplate":"https:\/\/transamerica93.com.br\/home\/?s={search_term_string}"},"query-input":{"@type":"PropertyValueSpecification","valueRequired":true,"valueName":"search_term_string"}}],"inLanguage":"pt-BR"},{"@type":"Organization","@id":"https:\/\/transamerica93.com.br\/home\/#organization","name":"Transam\u00e9rica Mococa 93,3","url":"https:\/\/transamerica93.com.br\/home\/","logo":{"@type":"ImageObject","inLanguage":"pt-BR","@id":"https:\/\/transamerica93.com.br\/home\/#\/schema\/logo\/image\/","url":"https:\/\/transamerica93.com.br\/home\/wp-content\/uploads\/2023\/10\/logo2.png","contentUrl":"https:\/\/transamerica93.com.br\/home\/wp-content\/uploads\/2023\/10\/logo2.png","width":800,"height":500,"caption":"Transam\u00e9rica Mococa 93,3"},"image":{"@id":"https:\/\/transamerica93.com.br\/home\/#\/schema\/logo\/image\/"},"sameAs":["https:\/\/www.facebook.com\/transamericamococa","https:\/\/x.com\/transamerica933","https:\/\/www.instagram.com\/transamericamococa"]},{"@type":"Person","@id":"https:\/\/transamerica93.com.br\/home\/#\/schema\/person\/7fed7c99c0d4562efa8561bc0f543172","name":"Reda\u00e7\u00e3o","image":{"@type":"ImageObject","inLanguage":"pt-BR","@id":"https:\/\/secure.gravatar.com\/avatar\/1072c6b775fb02ef8506ce967551d95926669a6b7d2c2147b42eea4d7c68395e?s=96&d=mm&r=g","url":"https:\/\/secure.gravatar.com\/avatar\/1072c6b775fb02ef8506ce967551d95926669a6b7d2c2147b42eea4d7c68395e?s=96&d=mm&r=g","contentUrl":"https:\/\/secure.gravatar.com\/avatar\/1072c6b775fb02ef8506ce967551d95926669a6b7d2c2147b42eea4d7c68395e?s=96&d=mm&r=g","caption":"Reda\u00e7\u00e3o"},"sameAs":["https:\/\/transamerica93.com.br\/home"],"url":"https:\/\/transamerica93.com.br\/home\/author\/william\/"}]}},"_links":{"self":[{"href":"https:\/\/transamerica93.com.br\/home\/wp-json\/wp\/v2\/posts\/2804","targetHints":{"allow":["GET"]}}],"collection":[{"href":"https:\/\/transamerica93.com.br\/home\/wp-json\/wp\/v2\/posts"}],"about":[{"href":"https:\/\/transamerica93.com.br\/home\/wp-json\/wp\/v2\/types\/post"}],"author":[{"embeddable":true,"href":"https:\/\/transamerica93.com.br\/home\/wp-json\/wp\/v2\/users\/1"}],"replies":[{"embeddable":true,"href":"https:\/\/transamerica93.com.br\/home\/wp-json\/wp\/v2\/comments?post=2804"}],"version-history":[{"count":1,"href":"https:\/\/transamerica93.com.br\/home\/wp-json\/wp\/v2\/posts\/2804\/revisions"}],"predecessor-version":[{"id":2806,"href":"https:\/\/transamerica93.com.br\/home\/wp-json\/wp\/v2\/posts\/2804\/revisions\/2806"}],"wp:featuredmedia":[{"embeddable":true,"href":"https:\/\/transamerica93.com.br\/home\/wp-json\/wp\/v2\/media\/2805"}],"wp:attachment":[{"href":"https:\/\/transamerica93.com.br\/home\/wp-json\/wp\/v2\/media?parent=2804"}],"wp:term":[{"taxonomy":"category","embeddable":true,"href":"https:\/\/transamerica93.com.br\/home\/wp-json\/wp\/v2\/categories?post=2804"},{"taxonomy":"post_tag","embeddable":true,"href":"https:\/\/transamerica93.com.br\/home\/wp-json\/wp\/v2\/tags?post=2804"}],"curies":[{"name":"wp","href":"https:\/\/api.w.org\/{rel}","templated":true}]}}