{"id":2807,"date":"2024-04-12T18:00:10","date_gmt":"2024-04-12T21:00:10","guid":{"rendered":"https:\/\/transamerica93.com.br\/home\/?p=2807"},"modified":"2024-04-06T09:46:31","modified_gmt":"2024-04-06T12:46:31","slug":"mingau-baixista-do-ultraje-a-rigor-passara-por-cirurgia-no-cranio","status":"publish","type":"post","link":"https:\/\/transamerica93.com.br\/home\/mingau-baixista-do-ultraje-a-rigor-passara-por-cirurgia-no-cranio\/","title":{"rendered":"Mingau, baixista do Ultraje a Rigor, passar\u00e1 por cirurgia no cr\u00e2nio"},"content":{"rendered":"<h6 class=\"Assina\">Por Larissa Godoy<\/h6>\n<p>Mingau, baixista do grupo Ultraje a Rigor, ser\u00e1 submetido a uma cranioplastia nas pr\u00f3ximas semanas. O m\u00fasico, que foi v\u00edtima de um disparo na cabe\u00e7a durante uma tentativa de assalto em setembro, continua internado. A informa\u00e7\u00e3o foi divulgada por sua filha Isabella Aglio, em uma postagem nas redes sociais.<\/p>\n<p>Isabella detalhou a situa\u00e7\u00e3o de seu pai: &#8220;Gra\u00e7as a Deus o quadro dele \u00e9 est\u00e1vel, por isso dever\u00e1 se submeter a uma cranioplastia nas pr\u00f3ximas semanas para colocar uma pr\u00f3tese na \u00e1rea do osso que foi destru\u00edda pelo ferimento e para o tratamento&#8221;.<\/p>\n<p><b>Dificuldades financeiras<\/b><\/p>\n<p>A fam\u00edlia enfrentou dificuldades financeiras em decorr\u00eancia dos custos com o tratamento m\u00e9dico. &#8220;Quando tudo aconteceu, meu pai foi atendido pelo SUS, onde n\u00e3o tinha neurocirurgi\u00e3o, ent\u00e3o ele precisou ser transferido para um hospital autorizado pelo conv\u00eanio. Quem iria pensar em conferir se os m\u00e9dicos trazidos por um amigo dele n\u00e3o eram credenciados pelo conv\u00eanio?&#8221;, questionou Isabella, ao explicar a origem de uma d\u00edvida que alcan\u00e7ou os R$ 300 mil.<\/p>\n<p>Para sanar a d\u00edvida, foi organizada uma vaquinha online e um evento beneficente: &#8220;Os amigos mais pr\u00f3ximos acompanharam tudo, sugeriram a vaquinha e organizaram o show no Teatro Bradesco. Em quatro meses, essa conta foi quitada&#8221;, disse Isabella, que tamb\u00e9m mencionou a destina\u00e7\u00e3o dos fundos adicionais arrecadados para o procedimento subsequente de seu pai.<\/p>\n<p>Ap\u00f3s a pr\u00f3xima cirurgia, Mingau ser\u00e1 encaminhado a uma cl\u00ednica de reabilita\u00e7\u00e3o, com progn\u00f3sticos positivos quanto \u00e0 sua recupera\u00e7\u00e3o. Isabella refor\u00e7ou a confian\u00e7a na equipe m\u00e9dica que vem cuidando de seu pai: &#8220;Simplesmente n\u00e3o d\u00e1 para mudar de time, afinal foram esses neurologistas que salvaram a vida do meu pai, e conhecem mais do que ningu\u00e9m o seu c\u00e9rebro&#8221;. O per\u00edodo de reabilita\u00e7\u00e3o est\u00e1 previsto para ser extenso.<\/p>\n","protected":false},"excerpt":{"rendered":"<p>Por Larissa Godoy Mingau, baixista do grupo Ultraje a Rigor, ser\u00e1 submetido a uma cranioplastia nas pr\u00f3ximas semanas. O m\u00fasico, que foi v\u00edtima de um disparo na cabe\u00e7a durante uma tentativa de assalto em setembro, continua internado. A informa\u00e7\u00e3o foi divulgada por sua filha Isabella Aglio, em uma postagem nas redes sociais. Isabella detalhou a &hellip;<\/p>\n","protected":false},"author":1,"featured_media":2808,"comment_status":"closed","ping_status":"closed","sticky":false,"template":"","format":"standard","meta":{"footnotes":""},"categories":[24],"tags":[],"class_list":["post-2807","post","type-post","status-publish","format-standard","has-post-thumbnail","hentry","category-entretenimento"],"yoast_head":"<!-- This site is optimized with the Yoast SEO plugin v27.4 - https:\/\/yoast.com\/product\/yoast-seo-wordpress\/ -->\n<title>Mingau, baixista do Ultraje a Rigor, passar\u00e1 por cirurgia no cr\u00e2nio - Transam\u00e9rica Mococa 93,3<\/title>\n<meta name=\"robots\" content=\"index, follow, max-snippet:-1, max-image-preview:large, max-video-preview:-1\" \/>\n<link rel=\"canonical\" href=\"https:\/\/transamerica93.com.br\/home\/mingau-baixista-do-ultraje-a-rigor-passara-por-cirurgia-no-cranio\/\" \/>\n<meta property=\"og:locale\" content=\"pt_BR\" \/>\n<meta property=\"og:type\" content=\"article\" \/>\n<meta property=\"og:title\" content=\"Mingau, baixista do Ultraje a Rigor, passar\u00e1 por cirurgia no cr\u00e2nio - Transam\u00e9rica Mococa 93,3\" \/>\n<meta property=\"og:description\" content=\"Por Larissa Godoy Mingau, baixista do grupo Ultraje a Rigor, ser\u00e1 submetido a uma cranioplastia nas pr\u00f3ximas semanas. O m\u00fasico, que foi v\u00edtima de um disparo na cabe\u00e7a durante uma tentativa de assalto em setembro, continua internado. A informa\u00e7\u00e3o foi divulgada por sua filha Isabella Aglio, em uma postagem nas redes sociais. Isabella detalhou a &hellip;\" \/>\n<meta property=\"og:url\" content=\"https:\/\/transamerica93.com.br\/home\/mingau-baixista-do-ultraje-a-rigor-passara-por-cirurgia-no-cranio\/\" \/>\n<meta property=\"og:site_name\" content=\"Transam\u00e9rica Mococa 93,3\" \/>\n<meta property=\"article:publisher\" content=\"https:\/\/www.facebook.com\/transamericamococa\" \/>\n<meta property=\"article:published_time\" content=\"2024-04-12T21:00:10+00:00\" \/>\n<meta property=\"og:image\" content=\"https:\/\/transamerica93.com.br\/home\/wp-content\/uploads\/2024\/04\/mingau.jpg\" \/>\n\t<meta property=\"og:image:width\" content=\"843\" \/>\n\t<meta property=\"og:image:height\" content=\"600\" \/>\n\t<meta property=\"og:image:type\" content=\"image\/jpeg\" \/>\n<meta name=\"author\" content=\"Reda\u00e7\u00e3o\" \/>\n<meta name=\"twitter:card\" content=\"summary_large_image\" \/>\n<meta name=\"twitter:creator\" content=\"@transamerica933\" \/>\n<meta name=\"twitter:site\" content=\"@transamerica933\" \/>\n<meta name=\"twitter:label1\" content=\"Escrito por\" \/>\n\t<meta name=\"twitter:data1\" content=\"Reda\u00e7\u00e3o\" \/>\n\t<meta name=\"twitter:label2\" content=\"Est. tempo de leitura\" \/>\n\t<meta name=\"twitter:data2\" content=\"2 minutos\" \/>\n<script type=\"application\/ld+json\" class=\"yoast-schema-graph\">{\"@context\":\"https:\\\/\\\/schema.org\",\"@graph\":[{\"@type\":\"Article\",\"@id\":\"https:\\\/\\\/transamerica93.com.br\\\/home\\\/mingau-baixista-do-ultraje-a-rigor-passara-por-cirurgia-no-cranio\\\/#article\",\"isPartOf\":{\"@id\":\"https:\\\/\\\/transamerica93.com.br\\\/home\\\/mingau-baixista-do-ultraje-a-rigor-passara-por-cirurgia-no-cranio\\\/\"},\"author\":{\"name\":\"Reda\u00e7\u00e3o\",\"@id\":\"https:\\\/\\\/transamerica93.com.br\\\/home\\\/#\\\/schema\\\/person\\\/7fed7c99c0d4562efa8561bc0f543172\"},\"headline\":\"Mingau, baixista do Ultraje a Rigor, passar\u00e1 por cirurgia no cr\u00e2nio\",\"datePublished\":\"2024-04-12T21:00:10+00:00\",\"mainEntityOfPage\":{\"@id\":\"https:\\\/\\\/transamerica93.com.br\\\/home\\\/mingau-baixista-do-ultraje-a-rigor-passara-por-cirurgia-no-cranio\\\/\"},\"wordCount\":339,\"publisher\":{\"@id\":\"https:\\\/\\\/transamerica93.com.br\\\/home\\\/#organization\"},\"image\":{\"@id\":\"https:\\\/\\\/transamerica93.com.br\\\/home\\\/mingau-baixista-do-ultraje-a-rigor-passara-por-cirurgia-no-cranio\\\/#primaryimage\"},\"thumbnailUrl\":\"https:\\\/\\\/transamerica93.com.br\\\/home\\\/wp-content\\\/uploads\\\/2024\\\/04\\\/mingau.jpg\",\"articleSection\":[\"Entretenimento\"],\"inLanguage\":\"pt-BR\"},{\"@type\":\"WebPage\",\"@id\":\"https:\\\/\\\/transamerica93.com.br\\\/home\\\/mingau-baixista-do-ultraje-a-rigor-passara-por-cirurgia-no-cranio\\\/\",\"url\":\"https:\\\/\\\/transamerica93.com.br\\\/home\\\/mingau-baixista-do-ultraje-a-rigor-passara-por-cirurgia-no-cranio\\\/\",\"name\":\"Mingau, baixista do Ultraje a Rigor, passar\u00e1 por cirurgia no cr\u00e2nio - Transam\u00e9rica Mococa 93,3\",\"isPartOf\":{\"@id\":\"https:\\\/\\\/transamerica93.com.br\\\/home\\\/#website\"},\"primaryImageOfPage\":{\"@id\":\"https:\\\/\\\/transamerica93.com.br\\\/home\\\/mingau-baixista-do-ultraje-a-rigor-passara-por-cirurgia-no-cranio\\\/#primaryimage\"},\"image\":{\"@id\":\"https:\\\/\\\/transamerica93.com.br\\\/home\\\/mingau-baixista-do-ultraje-a-rigor-passara-por-cirurgia-no-cranio\\\/#primaryimage\"},\"thumbnailUrl\":\"https:\\\/\\\/transamerica93.com.br\\\/home\\\/wp-content\\\/uploads\\\/2024\\\/04\\\/mingau.jpg\",\"datePublished\":\"2024-04-12T21:00:10+00:00\",\"breadcrumb\":{\"@id\":\"https:\\\/\\\/transamerica93.com.br\\\/home\\\/mingau-baixista-do-ultraje-a-rigor-passara-por-cirurgia-no-cranio\\\/#breadcrumb\"},\"inLanguage\":\"pt-BR\",\"potentialAction\":[{\"@type\":\"ReadAction\",\"target\":[\"https:\\\/\\\/transamerica93.com.br\\\/home\\\/mingau-baixista-do-ultraje-a-rigor-passara-por-cirurgia-no-cranio\\\/\"]}]},{\"@type\":\"ImageObject\",\"inLanguage\":\"pt-BR\",\"@id\":\"https:\\\/\\\/transamerica93.com.br\\\/home\\\/mingau-baixista-do-ultraje-a-rigor-passara-por-cirurgia-no-cranio\\\/#primaryimage\",\"url\":\"https:\\\/\\\/transamerica93.com.br\\\/home\\\/wp-content\\\/uploads\\\/2024\\\/04\\\/mingau.jpg\",\"contentUrl\":\"https:\\\/\\\/transamerica93.com.br\\\/home\\\/wp-content\\\/uploads\\\/2024\\\/04\\\/mingau.jpg\",\"width\":843,\"height\":600,\"caption\":\"Mingau, baixista do Ultraje a Rigor, passar\u00e1 por cirurgia no cr\u00e2nio - Foto: Reprodu\u00e7\u00e3o\"},{\"@type\":\"BreadcrumbList\",\"@id\":\"https:\\\/\\\/transamerica93.com.br\\\/home\\\/mingau-baixista-do-ultraje-a-rigor-passara-por-cirurgia-no-cranio\\\/#breadcrumb\",\"itemListElement\":[{\"@type\":\"ListItem\",\"position\":1,\"name\":\"In\u00edcio\",\"item\":\"https:\\\/\\\/transamerica93.com.br\\\/home\\\/\"},{\"@type\":\"ListItem\",\"position\":2,\"name\":\"Mingau, baixista do Ultraje a Rigor, passar\u00e1 por cirurgia no cr\u00e2nio\"}]},{\"@type\":\"WebSite\",\"@id\":\"https:\\\/\\\/transamerica93.com.br\\\/home\\\/#website\",\"url\":\"https:\\\/\\\/transamerica93.com.br\\\/home\\\/\",\"name\":\"Transam\u00e9rica Mococa 93,3\",\"description\":\"\",\"publisher\":{\"@id\":\"https:\\\/\\\/transamerica93.com.br\\\/home\\\/#organization\"},\"potentialAction\":[{\"@type\":\"SearchAction\",\"target\":{\"@type\":\"EntryPoint\",\"urlTemplate\":\"https:\\\/\\\/transamerica93.com.br\\\/home\\\/?s={search_term_string}\"},\"query-input\":{\"@type\":\"PropertyValueSpecification\",\"valueRequired\":true,\"valueName\":\"search_term_string\"}}],\"inLanguage\":\"pt-BR\"},{\"@type\":\"Organization\",\"@id\":\"https:\\\/\\\/transamerica93.com.br\\\/home\\\/#organization\",\"name\":\"Transam\u00e9rica Mococa 93,3\",\"url\":\"https:\\\/\\\/transamerica93.com.br\\\/home\\\/\",\"logo\":{\"@type\":\"ImageObject\",\"inLanguage\":\"pt-BR\",\"@id\":\"https:\\\/\\\/transamerica93.com.br\\\/home\\\/#\\\/schema\\\/logo\\\/image\\\/\",\"url\":\"https:\\\/\\\/transamerica93.com.br\\\/home\\\/wp-content\\\/uploads\\\/2023\\\/10\\\/logo2.png\",\"contentUrl\":\"https:\\\/\\\/transamerica93.com.br\\\/home\\\/wp-content\\\/uploads\\\/2023\\\/10\\\/logo2.png\",\"width\":800,\"height\":500,\"caption\":\"Transam\u00e9rica Mococa 93,3\"},\"image\":{\"@id\":\"https:\\\/\\\/transamerica93.com.br\\\/home\\\/#\\\/schema\\\/logo\\\/image\\\/\"},\"sameAs\":[\"https:\\\/\\\/www.facebook.com\\\/transamericamococa\",\"https:\\\/\\\/x.com\\\/transamerica933\",\"https:\\\/\\\/www.instagram.com\\\/transamericamococa\"]},{\"@type\":\"Person\",\"@id\":\"https:\\\/\\\/transamerica93.com.br\\\/home\\\/#\\\/schema\\\/person\\\/7fed7c99c0d4562efa8561bc0f543172\",\"name\":\"Reda\u00e7\u00e3o\",\"image\":{\"@type\":\"ImageObject\",\"inLanguage\":\"pt-BR\",\"@id\":\"https:\\\/\\\/secure.gravatar.com\\\/avatar\\\/1072c6b775fb02ef8506ce967551d95926669a6b7d2c2147b42eea4d7c68395e?s=96&d=mm&r=g\",\"url\":\"https:\\\/\\\/secure.gravatar.com\\\/avatar\\\/1072c6b775fb02ef8506ce967551d95926669a6b7d2c2147b42eea4d7c68395e?s=96&d=mm&r=g\",\"contentUrl\":\"https:\\\/\\\/secure.gravatar.com\\\/avatar\\\/1072c6b775fb02ef8506ce967551d95926669a6b7d2c2147b42eea4d7c68395e?s=96&d=mm&r=g\",\"caption\":\"Reda\u00e7\u00e3o\"},\"sameAs\":[\"https:\\\/\\\/transamerica93.com.br\\\/home\"],\"url\":\"https:\\\/\\\/transamerica93.com.br\\\/home\\\/author\\\/william\\\/\"}]}<\/script>\n<!-- \/ Yoast SEO plugin. -->","yoast_head_json":{"title":"Mingau, baixista do Ultraje a Rigor, passar\u00e1 por cirurgia no cr\u00e2nio - Transam\u00e9rica Mococa 93,3","robots":{"index":"index","follow":"follow","max-snippet":"max-snippet:-1","max-image-preview":"max-image-preview:large","max-video-preview":"max-video-preview:-1"},"canonical":"https:\/\/transamerica93.com.br\/home\/mingau-baixista-do-ultraje-a-rigor-passara-por-cirurgia-no-cranio\/","og_locale":"pt_BR","og_type":"article","og_title":"Mingau, baixista do Ultraje a Rigor, passar\u00e1 por cirurgia no cr\u00e2nio - Transam\u00e9rica Mococa 93,3","og_description":"Por Larissa Godoy Mingau, baixista do grupo Ultraje a Rigor, ser\u00e1 submetido a uma cranioplastia nas pr\u00f3ximas semanas. O m\u00fasico, que foi v\u00edtima de um disparo na cabe\u00e7a durante uma tentativa de assalto em setembro, continua internado. A informa\u00e7\u00e3o foi divulgada por sua filha Isabella Aglio, em uma postagem nas redes sociais. Isabella detalhou a &hellip;","og_url":"https:\/\/transamerica93.com.br\/home\/mingau-baixista-do-ultraje-a-rigor-passara-por-cirurgia-no-cranio\/","og_site_name":"Transam\u00e9rica Mococa 93,3","article_publisher":"https:\/\/www.facebook.com\/transamericamococa","article_published_time":"2024-04-12T21:00:10+00:00","og_image":[{"width":843,"height":600,"url":"https:\/\/transamerica93.com.br\/home\/wp-content\/uploads\/2024\/04\/mingau.jpg","type":"image\/jpeg"}],"author":"Reda\u00e7\u00e3o","twitter_card":"summary_large_image","twitter_creator":"@transamerica933","twitter_site":"@transamerica933","twitter_misc":{"Escrito por":"Reda\u00e7\u00e3o","Est. tempo de leitura":"2 minutos"},"schema":{"@context":"https:\/\/schema.org","@graph":[{"@type":"Article","@id":"https:\/\/transamerica93.com.br\/home\/mingau-baixista-do-ultraje-a-rigor-passara-por-cirurgia-no-cranio\/#article","isPartOf":{"@id":"https:\/\/transamerica93.com.br\/home\/mingau-baixista-do-ultraje-a-rigor-passara-por-cirurgia-no-cranio\/"},"author":{"name":"Reda\u00e7\u00e3o","@id":"https:\/\/transamerica93.com.br\/home\/#\/schema\/person\/7fed7c99c0d4562efa8561bc0f543172"},"headline":"Mingau, baixista do Ultraje a Rigor, passar\u00e1 por cirurgia no cr\u00e2nio","datePublished":"2024-04-12T21:00:10+00:00","mainEntityOfPage":{"@id":"https:\/\/transamerica93.com.br\/home\/mingau-baixista-do-ultraje-a-rigor-passara-por-cirurgia-no-cranio\/"},"wordCount":339,"publisher":{"@id":"https:\/\/transamerica93.com.br\/home\/#organization"},"image":{"@id":"https:\/\/transamerica93.com.br\/home\/mingau-baixista-do-ultraje-a-rigor-passara-por-cirurgia-no-cranio\/#primaryimage"},"thumbnailUrl":"https:\/\/transamerica93.com.br\/home\/wp-content\/uploads\/2024\/04\/mingau.jpg","articleSection":["Entretenimento"],"inLanguage":"pt-BR"},{"@type":"WebPage","@id":"https:\/\/transamerica93.com.br\/home\/mingau-baixista-do-ultraje-a-rigor-passara-por-cirurgia-no-cranio\/","url":"https:\/\/transamerica93.com.br\/home\/mingau-baixista-do-ultraje-a-rigor-passara-por-cirurgia-no-cranio\/","name":"Mingau, baixista do Ultraje a Rigor, passar\u00e1 por cirurgia no cr\u00e2nio - Transam\u00e9rica Mococa 93,3","isPartOf":{"@id":"https:\/\/transamerica93.com.br\/home\/#website"},"primaryImageOfPage":{"@id":"https:\/\/transamerica93.com.br\/home\/mingau-baixista-do-ultraje-a-rigor-passara-por-cirurgia-no-cranio\/#primaryimage"},"image":{"@id":"https:\/\/transamerica93.com.br\/home\/mingau-baixista-do-ultraje-a-rigor-passara-por-cirurgia-no-cranio\/#primaryimage"},"thumbnailUrl":"https:\/\/transamerica93.com.br\/home\/wp-content\/uploads\/2024\/04\/mingau.jpg","datePublished":"2024-04-12T21:00:10+00:00","breadcrumb":{"@id":"https:\/\/transamerica93.com.br\/home\/mingau-baixista-do-ultraje-a-rigor-passara-por-cirurgia-no-cranio\/#breadcrumb"},"inLanguage":"pt-BR","potentialAction":[{"@type":"ReadAction","target":["https:\/\/transamerica93.com.br\/home\/mingau-baixista-do-ultraje-a-rigor-passara-por-cirurgia-no-cranio\/"]}]},{"@type":"ImageObject","inLanguage":"pt-BR","@id":"https:\/\/transamerica93.com.br\/home\/mingau-baixista-do-ultraje-a-rigor-passara-por-cirurgia-no-cranio\/#primaryimage","url":"https:\/\/transamerica93.com.br\/home\/wp-content\/uploads\/2024\/04\/mingau.jpg","contentUrl":"https:\/\/transamerica93.com.br\/home\/wp-content\/uploads\/2024\/04\/mingau.jpg","width":843,"height":600,"caption":"Mingau, baixista do Ultraje a Rigor, passar\u00e1 por cirurgia no cr\u00e2nio - Foto: Reprodu\u00e7\u00e3o"},{"@type":"BreadcrumbList","@id":"https:\/\/transamerica93.com.br\/home\/mingau-baixista-do-ultraje-a-rigor-passara-por-cirurgia-no-cranio\/#breadcrumb","itemListElement":[{"@type":"ListItem","position":1,"name":"In\u00edcio","item":"https:\/\/transamerica93.com.br\/home\/"},{"@type":"ListItem","position":2,"name":"Mingau, baixista do Ultraje a Rigor, passar\u00e1 por cirurgia no cr\u00e2nio"}]},{"@type":"WebSite","@id":"https:\/\/transamerica93.com.br\/home\/#website","url":"https:\/\/transamerica93.com.br\/home\/","name":"Transam\u00e9rica Mococa 93,3","description":"","publisher":{"@id":"https:\/\/transamerica93.com.br\/home\/#organization"},"potentialAction":[{"@type":"SearchAction","target":{"@type":"EntryPoint","urlTemplate":"https:\/\/transamerica93.com.br\/home\/?s={search_term_string}"},"query-input":{"@type":"PropertyValueSpecification","valueRequired":true,"valueName":"search_term_string"}}],"inLanguage":"pt-BR"},{"@type":"Organization","@id":"https:\/\/transamerica93.com.br\/home\/#organization","name":"Transam\u00e9rica Mococa 93,3","url":"https:\/\/transamerica93.com.br\/home\/","logo":{"@type":"ImageObject","inLanguage":"pt-BR","@id":"https:\/\/transamerica93.com.br\/home\/#\/schema\/logo\/image\/","url":"https:\/\/transamerica93.com.br\/home\/wp-content\/uploads\/2023\/10\/logo2.png","contentUrl":"https:\/\/transamerica93.com.br\/home\/wp-content\/uploads\/2023\/10\/logo2.png","width":800,"height":500,"caption":"Transam\u00e9rica Mococa 93,3"},"image":{"@id":"https:\/\/transamerica93.com.br\/home\/#\/schema\/logo\/image\/"},"sameAs":["https:\/\/www.facebook.com\/transamericamococa","https:\/\/x.com\/transamerica933","https:\/\/www.instagram.com\/transamericamococa"]},{"@type":"Person","@id":"https:\/\/transamerica93.com.br\/home\/#\/schema\/person\/7fed7c99c0d4562efa8561bc0f543172","name":"Reda\u00e7\u00e3o","image":{"@type":"ImageObject","inLanguage":"pt-BR","@id":"https:\/\/secure.gravatar.com\/avatar\/1072c6b775fb02ef8506ce967551d95926669a6b7d2c2147b42eea4d7c68395e?s=96&d=mm&r=g","url":"https:\/\/secure.gravatar.com\/avatar\/1072c6b775fb02ef8506ce967551d95926669a6b7d2c2147b42eea4d7c68395e?s=96&d=mm&r=g","contentUrl":"https:\/\/secure.gravatar.com\/avatar\/1072c6b775fb02ef8506ce967551d95926669a6b7d2c2147b42eea4d7c68395e?s=96&d=mm&r=g","caption":"Reda\u00e7\u00e3o"},"sameAs":["https:\/\/transamerica93.com.br\/home"],"url":"https:\/\/transamerica93.com.br\/home\/author\/william\/"}]}},"_links":{"self":[{"href":"https:\/\/transamerica93.com.br\/home\/wp-json\/wp\/v2\/posts\/2807","targetHints":{"allow":["GET"]}}],"collection":[{"href":"https:\/\/transamerica93.com.br\/home\/wp-json\/wp\/v2\/posts"}],"about":[{"href":"https:\/\/transamerica93.com.br\/home\/wp-json\/wp\/v2\/types\/post"}],"author":[{"embeddable":true,"href":"https:\/\/transamerica93.com.br\/home\/wp-json\/wp\/v2\/users\/1"}],"replies":[{"embeddable":true,"href":"https:\/\/transamerica93.com.br\/home\/wp-json\/wp\/v2\/comments?post=2807"}],"version-history":[{"count":1,"href":"https:\/\/transamerica93.com.br\/home\/wp-json\/wp\/v2\/posts\/2807\/revisions"}],"predecessor-version":[{"id":2809,"href":"https:\/\/transamerica93.com.br\/home\/wp-json\/wp\/v2\/posts\/2807\/revisions\/2809"}],"wp:featuredmedia":[{"embeddable":true,"href":"https:\/\/transamerica93.com.br\/home\/wp-json\/wp\/v2\/media\/2808"}],"wp:attachment":[{"href":"https:\/\/transamerica93.com.br\/home\/wp-json\/wp\/v2\/media?parent=2807"}],"wp:term":[{"taxonomy":"category","embeddable":true,"href":"https:\/\/transamerica93.com.br\/home\/wp-json\/wp\/v2\/categories?post=2807"},{"taxonomy":"post_tag","embeddable":true,"href":"https:\/\/transamerica93.com.br\/home\/wp-json\/wp\/v2\/tags?post=2807"}],"curies":[{"name":"wp","href":"https:\/\/api.w.org\/{rel}","templated":true}]}}