{"id":2810,"date":"2024-04-14T07:23:17","date_gmt":"2024-04-14T10:23:17","guid":{"rendered":"https:\/\/transamerica93.com.br\/home\/?p=2810"},"modified":"2024-04-14T07:23:17","modified_gmt":"2024-04-14T10:23:17","slug":"praia-clube-e-minas-sao-finalistas-da-superliga-feminina-de-volei","status":"publish","type":"post","link":"https:\/\/transamerica93.com.br\/home\/praia-clube-e-minas-sao-finalistas-da-superliga-feminina-de-volei\/","title":{"rendered":"Praia Clube e Minas s\u00e3o finalistas da Superliga Feminina de V\u00f4lei"},"content":{"rendered":"<div class=\"post-item-wrap\">\n<p>A final da Superliga Brasileira de V\u00f4lei Feminino da temporada 2023-24 ser\u00e1 um reencontro, entre Dentil Praia Clube e Gerdau Minas. As equipes venceram na noite de sexta-feira (12) seus jogos \u00a0contra Sesc-Flamengo e Osasco, respectivamente, fechando em vantagem de 2 a 0 as s\u00e9ries de melhor de tr\u00eas jogos. O cl\u00e1ssico mineiro definir\u00e1 novamente o campe\u00e3o dda Superliga Feminina no domingo (21),\u00a0\u00a0em partida \u00fanica, no Gin\u00e1sio Gerald\u00e3o, em Recife (PE).<\/p>\n<p>Al\u00e9m de o duelo\u00a0mineiro\u00a0representar mais um epis\u00f3dio hist\u00f3rico da Superliga Feminina &#8211;\u00a0 nas decis\u00f5es anteriores, foram tr\u00eas t\u00edtulos para o Minas e um para o Praia Clube &#8211;\u00a0\u00a0tamb\u00e9m servir\u00e1 de tira-teima da temporada:\u00a0as duas equipes decidiram quatro torneios. O Minas venceu dois (Supercopa e Sul-Americano) e o Praia Clube os outros dois (Mineiro e Copa Brasil).<\/p>\n<p>No Rio de Janeiro, o Praia Clube conseguiu a classifica\u00e7\u00e3o em ambiente hostil. A torcida do Flamengo lotou o Maracan\u00e3zinho para tentar incentivar o time a igualar a s\u00e9rie depois da derrota por 3 a 2 no primeiro jogo, em Uberl\u00e2ndia. A equipe at\u00e9 saiu na frente, vencendo o primeiro set por 25 a 23 mas acabou sucumbindo e perdendo os tr\u00eas seguintes por 25 a 16, 25 a 20 e 25 a 21. O Praia Clube comemorou a sexta classifica\u00e7\u00e3o consecutiva a uma final de Superliga, sequ\u00eancia que come\u00e7ou na temporada 2017-18, com o t\u00edtulo na decis\u00e3o contra a equipe do Rexona\/Rio de Janeiro, que posteriormente se tornou o Sesc-Flamengo. A equipe mineira tem dois t\u00edtulos: este e o da edi\u00e7\u00e3o passada, em 2022-23.<\/p>\n<h2>Minas bate\u00a0Osasco e avan\u00e7a com confus\u00e3o<\/h2>\n<p>Em Belo Horizonte, o Minas tinha a faca e o queijo na m\u00e3o para avan\u00e7ar para outro encontro com o Praia Clube na final. O time vinha de vit\u00f3ria por 3 sets a 1 no duelo de abertura com o Osasco, em S\u00e3o Paulo. Dentro de casa, a confirma\u00e7\u00e3o da vaga veio de forma suada.<\/p>\n<p>Depois de abrir 2 a 0 (parciais de 25-23 e 25-18), as donas da casa viram a equipe paulista reagir, vencer o terceiro set (25-15) e dificultar muito a classifica\u00e7\u00e3o no quarto set, que se estendeu at\u00e9 acabar em vit\u00f3ria mineira por 37 a 35.<\/p>\n<p>Ao final da partida, o clima ficou tenso na Arena UniBH, com desentendimento entre integrantes da comiss\u00e3o t\u00e9cnica do Osasco e funcion\u00e1rios da Federa\u00e7\u00e3o Mineira de V\u00f4lei (FMV).<\/p>\n<p>A decis\u00e3o entre Minas e Praia Clube, al\u00e9m de representar mais um epis\u00f3dio hist\u00f3rico da Superliga (nas quatro decis\u00f5es anteriores, foram tr\u00eas t\u00edtulos de Minas e um do Praia Clube), tamb\u00e9m serve como um tira-teima da temporada como um todo: at\u00e9 agora, as duas equipes decidiram quatro torneios. O Minas venceu dois (Supercopa e Sul-Americano) e o Praia Clube os outros dois (Mineiro e Copa Brasil).<\/p>\n<\/div>\n<p class=\"alt-font font-italic my-2 small text-info\">Edi\u00e7\u00e3o: Cl\u00e1udia Soares Rodrigues<\/p>\n","protected":false},"excerpt":{"rendered":"<p>A final da Superliga Brasileira de V\u00f4lei Feminino da temporada 2023-24 ser\u00e1 um reencontro, entre Dentil Praia Clube e Gerdau Minas. As equipes venceram na noite de sexta-feira (12) seus jogos \u00a0contra Sesc-Flamengo e Osasco, respectivamente, fechando em vantagem de 2 a 0 as s\u00e9ries de melhor de tr\u00eas jogos. O cl\u00e1ssico mineiro definir\u00e1 novamente &hellip;<\/p>\n","protected":false},"author":1,"featured_media":2811,"comment_status":"closed","ping_status":"closed","sticky":false,"template":"","format":"standard","meta":{"footnotes":""},"categories":[31],"tags":[],"class_list":["post-2810","post","type-post","status-publish","format-standard","has-post-thumbnail","hentry","category-esportes"],"yoast_head":"<!-- This site is optimized with the Yoast SEO plugin v27.4 - https:\/\/yoast.com\/product\/yoast-seo-wordpress\/ -->\n<title>Praia Clube e Minas s\u00e3o finalistas da Superliga Feminina de V\u00f4lei - Transam\u00e9rica Mococa 93,3<\/title>\n<meta name=\"robots\" content=\"index, follow, max-snippet:-1, max-image-preview:large, max-video-preview:-1\" \/>\n<link rel=\"canonical\" href=\"https:\/\/transamerica93.com.br\/home\/praia-clube-e-minas-sao-finalistas-da-superliga-feminina-de-volei\/\" \/>\n<meta property=\"og:locale\" content=\"pt_BR\" \/>\n<meta property=\"og:type\" content=\"article\" \/>\n<meta property=\"og:title\" content=\"Praia Clube e Minas s\u00e3o finalistas da Superliga Feminina de V\u00f4lei - Transam\u00e9rica Mococa 93,3\" \/>\n<meta property=\"og:description\" content=\"A final da Superliga Brasileira de V\u00f4lei Feminino da temporada 2023-24 ser\u00e1 um reencontro, entre Dentil Praia Clube e Gerdau Minas. As equipes venceram na noite de sexta-feira (12) seus jogos \u00a0contra Sesc-Flamengo e Osasco, respectivamente, fechando em vantagem de 2 a 0 as s\u00e9ries de melhor de tr\u00eas jogos. O cl\u00e1ssico mineiro definir\u00e1 novamente &hellip;\" \/>\n<meta property=\"og:url\" content=\"https:\/\/transamerica93.com.br\/home\/praia-clube-e-minas-sao-finalistas-da-superliga-feminina-de-volei\/\" \/>\n<meta property=\"og:site_name\" content=\"Transam\u00e9rica Mococa 93,3\" \/>\n<meta property=\"article:publisher\" content=\"https:\/\/www.facebook.com\/transamericamococa\" \/>\n<meta property=\"article:published_time\" content=\"2024-04-14T10:23:17+00:00\" \/>\n<meta property=\"og:image\" content=\"https:\/\/transamerica93.com.br\/home\/wp-content\/uploads\/2024\/04\/imagem.jpg\" \/>\n\t<meta property=\"og:image:width\" content=\"1170\" \/>\n\t<meta property=\"og:image:height\" content=\"700\" \/>\n\t<meta property=\"og:image:type\" content=\"image\/jpeg\" \/>\n<meta name=\"author\" content=\"Reda\u00e7\u00e3o\" \/>\n<meta name=\"twitter:card\" content=\"summary_large_image\" \/>\n<meta name=\"twitter:creator\" content=\"@transamerica933\" \/>\n<meta name=\"twitter:site\" content=\"@transamerica933\" \/>\n<meta name=\"twitter:label1\" content=\"Escrito por\" \/>\n\t<meta name=\"twitter:data1\" content=\"Reda\u00e7\u00e3o\" \/>\n\t<meta name=\"twitter:label2\" content=\"Est. tempo de leitura\" \/>\n\t<meta name=\"twitter:data2\" content=\"3 minutos\" \/>\n<script type=\"application\/ld+json\" class=\"yoast-schema-graph\">{\"@context\":\"https:\\\/\\\/schema.org\",\"@graph\":[{\"@type\":\"Article\",\"@id\":\"https:\\\/\\\/transamerica93.com.br\\\/home\\\/praia-clube-e-minas-sao-finalistas-da-superliga-feminina-de-volei\\\/#article\",\"isPartOf\":{\"@id\":\"https:\\\/\\\/transamerica93.com.br\\\/home\\\/praia-clube-e-minas-sao-finalistas-da-superliga-feminina-de-volei\\\/\"},\"author\":{\"name\":\"Reda\u00e7\u00e3o\",\"@id\":\"https:\\\/\\\/transamerica93.com.br\\\/home\\\/#\\\/schema\\\/person\\\/7fed7c99c0d4562efa8561bc0f543172\"},\"headline\":\"Praia Clube e Minas s\u00e3o finalistas da Superliga Feminina de V\u00f4lei\",\"datePublished\":\"2024-04-14T10:23:17+00:00\",\"mainEntityOfPage\":{\"@id\":\"https:\\\/\\\/transamerica93.com.br\\\/home\\\/praia-clube-e-minas-sao-finalistas-da-superliga-feminina-de-volei\\\/\"},\"wordCount\":506,\"publisher\":{\"@id\":\"https:\\\/\\\/transamerica93.com.br\\\/home\\\/#organization\"},\"image\":{\"@id\":\"https:\\\/\\\/transamerica93.com.br\\\/home\\\/praia-clube-e-minas-sao-finalistas-da-superliga-feminina-de-volei\\\/#primaryimage\"},\"thumbnailUrl\":\"https:\\\/\\\/transamerica93.com.br\\\/home\\\/wp-content\\\/uploads\\\/2024\\\/04\\\/imagem.jpg\",\"articleSection\":[\"Esportes\"],\"inLanguage\":\"pt-BR\"},{\"@type\":\"WebPage\",\"@id\":\"https:\\\/\\\/transamerica93.com.br\\\/home\\\/praia-clube-e-minas-sao-finalistas-da-superliga-feminina-de-volei\\\/\",\"url\":\"https:\\\/\\\/transamerica93.com.br\\\/home\\\/praia-clube-e-minas-sao-finalistas-da-superliga-feminina-de-volei\\\/\",\"name\":\"Praia Clube e Minas s\u00e3o finalistas da Superliga Feminina de V\u00f4lei - Transam\u00e9rica Mococa 93,3\",\"isPartOf\":{\"@id\":\"https:\\\/\\\/transamerica93.com.br\\\/home\\\/#website\"},\"primaryImageOfPage\":{\"@id\":\"https:\\\/\\\/transamerica93.com.br\\\/home\\\/praia-clube-e-minas-sao-finalistas-da-superliga-feminina-de-volei\\\/#primaryimage\"},\"image\":{\"@id\":\"https:\\\/\\\/transamerica93.com.br\\\/home\\\/praia-clube-e-minas-sao-finalistas-da-superliga-feminina-de-volei\\\/#primaryimage\"},\"thumbnailUrl\":\"https:\\\/\\\/transamerica93.com.br\\\/home\\\/wp-content\\\/uploads\\\/2024\\\/04\\\/imagem.jpg\",\"datePublished\":\"2024-04-14T10:23:17+00:00\",\"breadcrumb\":{\"@id\":\"https:\\\/\\\/transamerica93.com.br\\\/home\\\/praia-clube-e-minas-sao-finalistas-da-superliga-feminina-de-volei\\\/#breadcrumb\"},\"inLanguage\":\"pt-BR\",\"potentialAction\":[{\"@type\":\"ReadAction\",\"target\":[\"https:\\\/\\\/transamerica93.com.br\\\/home\\\/praia-clube-e-minas-sao-finalistas-da-superliga-feminina-de-volei\\\/\"]}]},{\"@type\":\"ImageObject\",\"inLanguage\":\"pt-BR\",\"@id\":\"https:\\\/\\\/transamerica93.com.br\\\/home\\\/praia-clube-e-minas-sao-finalistas-da-superliga-feminina-de-volei\\\/#primaryimage\",\"url\":\"https:\\\/\\\/transamerica93.com.br\\\/home\\\/wp-content\\\/uploads\\\/2024\\\/04\\\/imagem.jpg\",\"contentUrl\":\"https:\\\/\\\/transamerica93.com.br\\\/home\\\/wp-content\\\/uploads\\\/2024\\\/04\\\/imagem.jpg\",\"width\":1170,\"height\":700,\"caption\":\"\u00a9 Hedgard Moraes\\\/MTC\\\/Direitos Reservados\"},{\"@type\":\"BreadcrumbList\",\"@id\":\"https:\\\/\\\/transamerica93.com.br\\\/home\\\/praia-clube-e-minas-sao-finalistas-da-superliga-feminina-de-volei\\\/#breadcrumb\",\"itemListElement\":[{\"@type\":\"ListItem\",\"position\":1,\"name\":\"In\u00edcio\",\"item\":\"https:\\\/\\\/transamerica93.com.br\\\/home\\\/\"},{\"@type\":\"ListItem\",\"position\":2,\"name\":\"Praia Clube e Minas s\u00e3o finalistas da Superliga Feminina de V\u00f4lei\"}]},{\"@type\":\"WebSite\",\"@id\":\"https:\\\/\\\/transamerica93.com.br\\\/home\\\/#website\",\"url\":\"https:\\\/\\\/transamerica93.com.br\\\/home\\\/\",\"name\":\"Transam\u00e9rica Mococa 93,3\",\"description\":\"\",\"publisher\":{\"@id\":\"https:\\\/\\\/transamerica93.com.br\\\/home\\\/#organization\"},\"potentialAction\":[{\"@type\":\"SearchAction\",\"target\":{\"@type\":\"EntryPoint\",\"urlTemplate\":\"https:\\\/\\\/transamerica93.com.br\\\/home\\\/?s={search_term_string}\"},\"query-input\":{\"@type\":\"PropertyValueSpecification\",\"valueRequired\":true,\"valueName\":\"search_term_string\"}}],\"inLanguage\":\"pt-BR\"},{\"@type\":\"Organization\",\"@id\":\"https:\\\/\\\/transamerica93.com.br\\\/home\\\/#organization\",\"name\":\"Transam\u00e9rica Mococa 93,3\",\"url\":\"https:\\\/\\\/transamerica93.com.br\\\/home\\\/\",\"logo\":{\"@type\":\"ImageObject\",\"inLanguage\":\"pt-BR\",\"@id\":\"https:\\\/\\\/transamerica93.com.br\\\/home\\\/#\\\/schema\\\/logo\\\/image\\\/\",\"url\":\"https:\\\/\\\/transamerica93.com.br\\\/home\\\/wp-content\\\/uploads\\\/2023\\\/10\\\/logo2.png\",\"contentUrl\":\"https:\\\/\\\/transamerica93.com.br\\\/home\\\/wp-content\\\/uploads\\\/2023\\\/10\\\/logo2.png\",\"width\":800,\"height\":500,\"caption\":\"Transam\u00e9rica Mococa 93,3\"},\"image\":{\"@id\":\"https:\\\/\\\/transamerica93.com.br\\\/home\\\/#\\\/schema\\\/logo\\\/image\\\/\"},\"sameAs\":[\"https:\\\/\\\/www.facebook.com\\\/transamericamococa\",\"https:\\\/\\\/x.com\\\/transamerica933\",\"https:\\\/\\\/www.instagram.com\\\/transamericamococa\"]},{\"@type\":\"Person\",\"@id\":\"https:\\\/\\\/transamerica93.com.br\\\/home\\\/#\\\/schema\\\/person\\\/7fed7c99c0d4562efa8561bc0f543172\",\"name\":\"Reda\u00e7\u00e3o\",\"image\":{\"@type\":\"ImageObject\",\"inLanguage\":\"pt-BR\",\"@id\":\"https:\\\/\\\/secure.gravatar.com\\\/avatar\\\/1072c6b775fb02ef8506ce967551d95926669a6b7d2c2147b42eea4d7c68395e?s=96&d=mm&r=g\",\"url\":\"https:\\\/\\\/secure.gravatar.com\\\/avatar\\\/1072c6b775fb02ef8506ce967551d95926669a6b7d2c2147b42eea4d7c68395e?s=96&d=mm&r=g\",\"contentUrl\":\"https:\\\/\\\/secure.gravatar.com\\\/avatar\\\/1072c6b775fb02ef8506ce967551d95926669a6b7d2c2147b42eea4d7c68395e?s=96&d=mm&r=g\",\"caption\":\"Reda\u00e7\u00e3o\"},\"sameAs\":[\"https:\\\/\\\/transamerica93.com.br\\\/home\"],\"url\":\"https:\\\/\\\/transamerica93.com.br\\\/home\\\/author\\\/william\\\/\"}]}<\/script>\n<!-- \/ Yoast SEO plugin. -->","yoast_head_json":{"title":"Praia Clube e Minas s\u00e3o finalistas da Superliga Feminina de V\u00f4lei - Transam\u00e9rica Mococa 93,3","robots":{"index":"index","follow":"follow","max-snippet":"max-snippet:-1","max-image-preview":"max-image-preview:large","max-video-preview":"max-video-preview:-1"},"canonical":"https:\/\/transamerica93.com.br\/home\/praia-clube-e-minas-sao-finalistas-da-superliga-feminina-de-volei\/","og_locale":"pt_BR","og_type":"article","og_title":"Praia Clube e Minas s\u00e3o finalistas da Superliga Feminina de V\u00f4lei - Transam\u00e9rica Mococa 93,3","og_description":"A final da Superliga Brasileira de V\u00f4lei Feminino da temporada 2023-24 ser\u00e1 um reencontro, entre Dentil Praia Clube e Gerdau Minas. As equipes venceram na noite de sexta-feira (12) seus jogos \u00a0contra Sesc-Flamengo e Osasco, respectivamente, fechando em vantagem de 2 a 0 as s\u00e9ries de melhor de tr\u00eas jogos. O cl\u00e1ssico mineiro definir\u00e1 novamente &hellip;","og_url":"https:\/\/transamerica93.com.br\/home\/praia-clube-e-minas-sao-finalistas-da-superliga-feminina-de-volei\/","og_site_name":"Transam\u00e9rica Mococa 93,3","article_publisher":"https:\/\/www.facebook.com\/transamericamococa","article_published_time":"2024-04-14T10:23:17+00:00","og_image":[{"width":1170,"height":700,"url":"https:\/\/transamerica93.com.br\/home\/wp-content\/uploads\/2024\/04\/imagem.jpg","type":"image\/jpeg"}],"author":"Reda\u00e7\u00e3o","twitter_card":"summary_large_image","twitter_creator":"@transamerica933","twitter_site":"@transamerica933","twitter_misc":{"Escrito por":"Reda\u00e7\u00e3o","Est. tempo de leitura":"3 minutos"},"schema":{"@context":"https:\/\/schema.org","@graph":[{"@type":"Article","@id":"https:\/\/transamerica93.com.br\/home\/praia-clube-e-minas-sao-finalistas-da-superliga-feminina-de-volei\/#article","isPartOf":{"@id":"https:\/\/transamerica93.com.br\/home\/praia-clube-e-minas-sao-finalistas-da-superliga-feminina-de-volei\/"},"author":{"name":"Reda\u00e7\u00e3o","@id":"https:\/\/transamerica93.com.br\/home\/#\/schema\/person\/7fed7c99c0d4562efa8561bc0f543172"},"headline":"Praia Clube e Minas s\u00e3o finalistas da Superliga Feminina de V\u00f4lei","datePublished":"2024-04-14T10:23:17+00:00","mainEntityOfPage":{"@id":"https:\/\/transamerica93.com.br\/home\/praia-clube-e-minas-sao-finalistas-da-superliga-feminina-de-volei\/"},"wordCount":506,"publisher":{"@id":"https:\/\/transamerica93.com.br\/home\/#organization"},"image":{"@id":"https:\/\/transamerica93.com.br\/home\/praia-clube-e-minas-sao-finalistas-da-superliga-feminina-de-volei\/#primaryimage"},"thumbnailUrl":"https:\/\/transamerica93.com.br\/home\/wp-content\/uploads\/2024\/04\/imagem.jpg","articleSection":["Esportes"],"inLanguage":"pt-BR"},{"@type":"WebPage","@id":"https:\/\/transamerica93.com.br\/home\/praia-clube-e-minas-sao-finalistas-da-superliga-feminina-de-volei\/","url":"https:\/\/transamerica93.com.br\/home\/praia-clube-e-minas-sao-finalistas-da-superliga-feminina-de-volei\/","name":"Praia Clube e Minas s\u00e3o finalistas da Superliga Feminina de V\u00f4lei - Transam\u00e9rica Mococa 93,3","isPartOf":{"@id":"https:\/\/transamerica93.com.br\/home\/#website"},"primaryImageOfPage":{"@id":"https:\/\/transamerica93.com.br\/home\/praia-clube-e-minas-sao-finalistas-da-superliga-feminina-de-volei\/#primaryimage"},"image":{"@id":"https:\/\/transamerica93.com.br\/home\/praia-clube-e-minas-sao-finalistas-da-superliga-feminina-de-volei\/#primaryimage"},"thumbnailUrl":"https:\/\/transamerica93.com.br\/home\/wp-content\/uploads\/2024\/04\/imagem.jpg","datePublished":"2024-04-14T10:23:17+00:00","breadcrumb":{"@id":"https:\/\/transamerica93.com.br\/home\/praia-clube-e-minas-sao-finalistas-da-superliga-feminina-de-volei\/#breadcrumb"},"inLanguage":"pt-BR","potentialAction":[{"@type":"ReadAction","target":["https:\/\/transamerica93.com.br\/home\/praia-clube-e-minas-sao-finalistas-da-superliga-feminina-de-volei\/"]}]},{"@type":"ImageObject","inLanguage":"pt-BR","@id":"https:\/\/transamerica93.com.br\/home\/praia-clube-e-minas-sao-finalistas-da-superliga-feminina-de-volei\/#primaryimage","url":"https:\/\/transamerica93.com.br\/home\/wp-content\/uploads\/2024\/04\/imagem.jpg","contentUrl":"https:\/\/transamerica93.com.br\/home\/wp-content\/uploads\/2024\/04\/imagem.jpg","width":1170,"height":700,"caption":"\u00a9 Hedgard Moraes\/MTC\/Direitos Reservados"},{"@type":"BreadcrumbList","@id":"https:\/\/transamerica93.com.br\/home\/praia-clube-e-minas-sao-finalistas-da-superliga-feminina-de-volei\/#breadcrumb","itemListElement":[{"@type":"ListItem","position":1,"name":"In\u00edcio","item":"https:\/\/transamerica93.com.br\/home\/"},{"@type":"ListItem","position":2,"name":"Praia Clube e Minas s\u00e3o finalistas da Superliga Feminina de V\u00f4lei"}]},{"@type":"WebSite","@id":"https:\/\/transamerica93.com.br\/home\/#website","url":"https:\/\/transamerica93.com.br\/home\/","name":"Transam\u00e9rica Mococa 93,3","description":"","publisher":{"@id":"https:\/\/transamerica93.com.br\/home\/#organization"},"potentialAction":[{"@type":"SearchAction","target":{"@type":"EntryPoint","urlTemplate":"https:\/\/transamerica93.com.br\/home\/?s={search_term_string}"},"query-input":{"@type":"PropertyValueSpecification","valueRequired":true,"valueName":"search_term_string"}}],"inLanguage":"pt-BR"},{"@type":"Organization","@id":"https:\/\/transamerica93.com.br\/home\/#organization","name":"Transam\u00e9rica Mococa 93,3","url":"https:\/\/transamerica93.com.br\/home\/","logo":{"@type":"ImageObject","inLanguage":"pt-BR","@id":"https:\/\/transamerica93.com.br\/home\/#\/schema\/logo\/image\/","url":"https:\/\/transamerica93.com.br\/home\/wp-content\/uploads\/2023\/10\/logo2.png","contentUrl":"https:\/\/transamerica93.com.br\/home\/wp-content\/uploads\/2023\/10\/logo2.png","width":800,"height":500,"caption":"Transam\u00e9rica Mococa 93,3"},"image":{"@id":"https:\/\/transamerica93.com.br\/home\/#\/schema\/logo\/image\/"},"sameAs":["https:\/\/www.facebook.com\/transamericamococa","https:\/\/x.com\/transamerica933","https:\/\/www.instagram.com\/transamericamococa"]},{"@type":"Person","@id":"https:\/\/transamerica93.com.br\/home\/#\/schema\/person\/7fed7c99c0d4562efa8561bc0f543172","name":"Reda\u00e7\u00e3o","image":{"@type":"ImageObject","inLanguage":"pt-BR","@id":"https:\/\/secure.gravatar.com\/avatar\/1072c6b775fb02ef8506ce967551d95926669a6b7d2c2147b42eea4d7c68395e?s=96&d=mm&r=g","url":"https:\/\/secure.gravatar.com\/avatar\/1072c6b775fb02ef8506ce967551d95926669a6b7d2c2147b42eea4d7c68395e?s=96&d=mm&r=g","contentUrl":"https:\/\/secure.gravatar.com\/avatar\/1072c6b775fb02ef8506ce967551d95926669a6b7d2c2147b42eea4d7c68395e?s=96&d=mm&r=g","caption":"Reda\u00e7\u00e3o"},"sameAs":["https:\/\/transamerica93.com.br\/home"],"url":"https:\/\/transamerica93.com.br\/home\/author\/william\/"}]}},"_links":{"self":[{"href":"https:\/\/transamerica93.com.br\/home\/wp-json\/wp\/v2\/posts\/2810","targetHints":{"allow":["GET"]}}],"collection":[{"href":"https:\/\/transamerica93.com.br\/home\/wp-json\/wp\/v2\/posts"}],"about":[{"href":"https:\/\/transamerica93.com.br\/home\/wp-json\/wp\/v2\/types\/post"}],"author":[{"embeddable":true,"href":"https:\/\/transamerica93.com.br\/home\/wp-json\/wp\/v2\/users\/1"}],"replies":[{"embeddable":true,"href":"https:\/\/transamerica93.com.br\/home\/wp-json\/wp\/v2\/comments?post=2810"}],"version-history":[{"count":1,"href":"https:\/\/transamerica93.com.br\/home\/wp-json\/wp\/v2\/posts\/2810\/revisions"}],"predecessor-version":[{"id":2812,"href":"https:\/\/transamerica93.com.br\/home\/wp-json\/wp\/v2\/posts\/2810\/revisions\/2812"}],"wp:featuredmedia":[{"embeddable":true,"href":"https:\/\/transamerica93.com.br\/home\/wp-json\/wp\/v2\/media\/2811"}],"wp:attachment":[{"href":"https:\/\/transamerica93.com.br\/home\/wp-json\/wp\/v2\/media?parent=2810"}],"wp:term":[{"taxonomy":"category","embeddable":true,"href":"https:\/\/transamerica93.com.br\/home\/wp-json\/wp\/v2\/categories?post=2810"},{"taxonomy":"post_tag","embeddable":true,"href":"https:\/\/transamerica93.com.br\/home\/wp-json\/wp\/v2\/tags?post=2810"}],"curies":[{"name":"wp","href":"https:\/\/api.w.org\/{rel}","templated":true}]}}