{"id":2824,"date":"2024-04-18T09:00:49","date_gmt":"2024-04-18T12:00:49","guid":{"rendered":"https:\/\/transamerica93.com.br\/home\/?p=2824"},"modified":"2024-04-14T07:28:24","modified_gmt":"2024-04-14T10:28:24","slug":"concurso-unificado-candidatos-saberao-local-de-provas-em-25-de-abril","status":"publish","type":"post","link":"https:\/\/transamerica93.com.br\/home\/concurso-unificado-candidatos-saberao-local-de-provas-em-25-de-abril\/","title":{"rendered":"Concurso Unificado: candidatos saber\u00e3o local de provas em 25 de abril"},"content":{"rendered":"<div class=\"post-item-wrap\">\n<p>A ministra da Gest\u00e3o e da Inova\u00e7\u00e3o em Servi\u00e7os P\u00fablicos (MGI), Esther Dweck, disse que a partir de 25 de abril, os 2,144 milh\u00f5es de inscritos no Concurso P\u00fablico Nacional Unificado (CNPU) poder\u00e3o ver no Cart\u00e3o de Confirma\u00e7\u00e3o de Inscri\u00e7\u00e3o o local onde far\u00e3o as provas nos per\u00edodos da manh\u00e3 e tarde. A prova est\u00e1 marcada para o dia 5 de maio.<\/p>\n<p>O Cart\u00e3o de Confirma\u00e7\u00e3o de Inscri\u00e7\u00e3o ser\u00e1 disponibilizado online, pela plataforma\u00a0<a href=\"http:\/\/gov.br\/\" target=\"_blank\" rel=\"noopener\">Gov.br<\/a>., na p\u00e1gina do candidato, pela Funda\u00e7\u00e3o Cesgranrio, a banca organizadora. O documento individual, com n\u00famero de Inscri\u00e7\u00e3o, comprova a regularidade da inscri\u00e7\u00e3o do candidato que pagou a taxa de inscri\u00e7\u00e3o.\u00a0 Ao acess\u00e1-lo, o candidato poder\u00e1 ter\u00a0informa\u00e7\u00f5es como endere\u00e7o do local\u00a0e n\u00famero da sala onde ser\u00e3o\u00a0aplicadas as provas, hor\u00e1rio de abertura e fechamento dos port\u00f5es; orienta\u00e7\u00f5es gerais para a realiza\u00e7\u00e3o das avalia\u00e7\u00f5es; e dados sobre tratamento diferenciado para realiza\u00e7\u00e3o das provas, como quest\u00e3o de acessibilidade, para pessoas com defici\u00eancia (PcD). O cart\u00e3o de inscri\u00e7\u00e3o n\u00e3o ser\u00e1 enviado para a casa dos candidatos.<\/p>\n<p>As declara\u00e7\u00f5es da ministra foram dadas em entrevista ao programa\u00a0<em>Bom Dia, Ministra<\/em>, produzido pelo\u00a0<strong>Canal Gov<\/strong>,\u00a0da\u00a0<strong>Empresa Brasil de Comunica\u00e7\u00e3o<\/strong>\u00a0(<strong>EBC)<\/strong>, nesta quinta-feira (11). \u201c\u00c9 superimportante que as pessoas n\u00e3o deixem para a \u00faltima hora para ver isso, para que elas possam saber onde v\u00e3o fazer a prova. Se elas ainda n\u00e3o conhecem o local, a gente recomenda que v\u00e1 antes para conhecer, ver como \u00e9 que chega, quanto tempo demora de casa.\u201d ressalta a ministra.<\/p>\n<blockquote><p>\u201cO mais importante \u00e9 chegar cedo para n\u00e3o ter aquela cena de Indiana Jones e ter que se jogar embaixo do port\u00e3o\u201d,\u00a0recomenda aos candidatos a ministra do MGI, Esther Dweck.<\/p><\/blockquote>\n<p>Entre os dias 25 de abril e 4 de maio, v\u00e9spera do concurso, a Cesgranrio prestar\u00e1 atendimento aos candidatos com d\u00favidas sobre os locais de provas, vagas reservadas ou tratamento diferenciado durante a aplica\u00e7\u00e3o das avalia\u00e7\u00f5es, entre outras situa\u00e7\u00f5es.<\/p>\n<h2>Localidades<\/h2>\n<p>Ao todo,\u00a0<a href=\"https:\/\/www.gov.br\/gestao\/pt-br\/assuntos\/noticias\/2024\/abril\/aumenta-para-228-o-numero-de-municipios-onde-serao-aplicadas-as-provas-do-concurso-publico-nacional\/cpnu_inscritos-por-cidade.pdf\" target=\"_blank\" rel=\"noopener\">228 munic\u00edpios<\/a>\u00a0espalhados em todos os estados, mais o Distrito Federal, v\u00e3o sediar as provas do certame. Foram selecionadas cidades com mais de 100 mil habitantes. O local escrito no cart\u00e3o do candidato deve ser o mesmo escolhido a no ato de inscri\u00e7\u00e3o. Em caso de erro na identifica\u00e7\u00e3o da cidade, a ministra orienta a comunica\u00e7\u00e3o imediata do problema \u00e0 empresa contratada para organizar o concurso para que a localidade seja corrigida.<\/p>\n<p>A ministra alerta, no entanto, que a cidade escolhida n\u00e3o poder\u00e1 ser alterada e brincou. \u201cPor conta do show da Madonna, tem gente querendo fazer a prova no Rio. Quem n\u00e3o escolheu o Rio, n\u00e3o vai poder trocar para fazer a prova l\u00e1, no domingo. Ent\u00e3o, tem que fazer no local onde escolheu. S\u00f3 pode corrigir, caso o local que ela escolheu n\u00e3o seja o que esteja l\u00e1. Mas, isso n\u00e3o tende a acontecer\u201d.<\/p>\n<p>Se, em 25 de abril, portanto, dez dias antes da realiza\u00e7\u00e3o das provas do CNPU, algum candidato n\u00e3o conseguir acessar o Cart\u00e3o de Confirma\u00e7\u00e3o de Inscri\u00e7\u00e3o, a orienta\u00e7\u00e3o do minist\u00e9rio \u00e9 que entre em contato, com brevidade, diretamente com a Funda\u00e7\u00e3o Cesgranrio por e-mail (cpnu@cesgranrio.org.br\u00a0) ou pelo telefone de suporte das 9h \u00e0s 17h:\u00a00800 701 2028.<\/p>\n<h2>Log\u00edstica a seguran\u00e7a<\/h2>\n<p>Durante a entrevista, a ministra ainda destacou o apoio de intelig\u00eancia, log\u00edstico e de seguran\u00e7a para a efetiva realiza\u00e7\u00e3o das provas do chamado\u00a0Enem dos Concursos.<\/p>\n<p>Os procedimentos de organiza\u00e7\u00e3o e seguran\u00e7a do concurso unificado ser\u00e3o parecidos com os adotados durante a aplica\u00e7\u00e3o do Exame Nacional do Ensino M\u00e9dio (Enem).<\/p>\n<p>O esquema de seguran\u00e7a foi elaborado pela Ag\u00eancia Brasileira de Intelig\u00eancia (Abin) e contar\u00e1 com o acompanhamento operacional do Minist\u00e9rio da Justi\u00e7a e Seguran\u00e7a P\u00fablica, por meio da das Pol\u00edcias Federal (PF) e Rodovi\u00e1ria Federal (PRF), For\u00e7a Nacional, da Casa Civil da Presid\u00eancia da Rep\u00fablica, al\u00e9m dos \u00f3rg\u00e3os locais das secretarias estaduais de seguran\u00e7a p\u00fablica, como as pol\u00edcias militar, civil e do corpo de bombeiros.<\/p>\n<p>Em alguns locais, haver\u00e1 detectores de metal e de pontos eletr\u00f4nicos, que t\u00eam uso proibido durante as provas, sob pena de pris\u00e3o do candidato que cometer a irregularidade. Durante a realiza\u00e7\u00e3o do concurso, a organiza\u00e7\u00e3o recolher\u00e1, em sala, a biometria de todos os candidatos para garantir evitar fraudes.<\/p>\n<p>A previs\u00e3o da organiza\u00e7\u00e3o do concurso \u00e9 de que a distribui\u00e7\u00e3o dos cadernos de provas objetivas, \u00a0discursiva e de reda\u00e7\u00e3o seja iniciada com 48 horas de anteced\u00eancia \u00e0s provas.<\/p>\n<p>O processo de distribui\u00e7\u00e3o das provas do certame\u00a0contar\u00e1 com o apoio dos Correios. \u00a0A vigil\u00e2ncia dos cadernos de provas ocorrer\u00e1 durante a guarda do material, entrega nas salas de provas, at\u00e9 a devolu\u00e7\u00e3o \u00e0 Cesgranrio para a corre\u00e7\u00e3o.<\/p>\n<h2>Concurso unificado<\/h2>\n<p>O Concurso Nacional Unificado tem 2,144 milh\u00f5es de inscritos confirmados (pagantes e isentos). As mulheres s\u00e3o maioria dos candidatos, 56%.<\/p>\n<p>Juntos, todos os candidatos disputar\u00e3o 6.640 vagas em 21 \u00f3rg\u00e3os federais. A remunera\u00e7\u00e3o inicial \u00e9 de at\u00e9 R$ 22,9 mil.<\/p>\n<\/div>\n<p class=\"alt-font font-italic my-2 small text-info\">Edi\u00e7\u00e3o: Aline Leal<\/p>\n","protected":false},"excerpt":{"rendered":"<p>A ministra da Gest\u00e3o e da Inova\u00e7\u00e3o em Servi\u00e7os P\u00fablicos (MGI), Esther Dweck, disse que a partir de 25 de abril, os 2,144 milh\u00f5es de inscritos no Concurso P\u00fablico Nacional Unificado (CNPU) poder\u00e3o ver no Cart\u00e3o de Confirma\u00e7\u00e3o de Inscri\u00e7\u00e3o o local onde far\u00e3o as provas nos per\u00edodos da manh\u00e3 e tarde. A prova est\u00e1 &hellip;<\/p>\n","protected":false},"author":1,"featured_media":2817,"comment_status":"closed","ping_status":"closed","sticky":false,"template":"","format":"standard","meta":{"footnotes":""},"categories":[30],"tags":[],"class_list":["post-2824","post","type-post","status-publish","format-standard","has-post-thumbnail","hentry","category-geral"],"yoast_head":"<!-- This site is optimized with the Yoast SEO plugin v27.4 - https:\/\/yoast.com\/product\/yoast-seo-wordpress\/ -->\n<title>Concurso Unificado: candidatos saber\u00e3o local de provas em 25 de abril - Transam\u00e9rica Mococa 93,3<\/title>\n<meta name=\"robots\" content=\"index, follow, max-snippet:-1, max-image-preview:large, max-video-preview:-1\" \/>\n<link rel=\"canonical\" href=\"https:\/\/transamerica93.com.br\/home\/concurso-unificado-candidatos-saberao-local-de-provas-em-25-de-abril\/\" \/>\n<meta property=\"og:locale\" content=\"pt_BR\" \/>\n<meta property=\"og:type\" content=\"article\" \/>\n<meta property=\"og:title\" content=\"Concurso Unificado: candidatos saber\u00e3o local de provas em 25 de abril - Transam\u00e9rica Mococa 93,3\" \/>\n<meta property=\"og:description\" content=\"A ministra da Gest\u00e3o e da Inova\u00e7\u00e3o em Servi\u00e7os P\u00fablicos (MGI), Esther Dweck, disse que a partir de 25 de abril, os 2,144 milh\u00f5es de inscritos no Concurso P\u00fablico Nacional Unificado (CNPU) poder\u00e3o ver no Cart\u00e3o de Confirma\u00e7\u00e3o de Inscri\u00e7\u00e3o o local onde far\u00e3o as provas nos per\u00edodos da manh\u00e3 e tarde. A prova est\u00e1 &hellip;\" \/>\n<meta property=\"og:url\" content=\"https:\/\/transamerica93.com.br\/home\/concurso-unificado-candidatos-saberao-local-de-provas-em-25-de-abril\/\" \/>\n<meta property=\"og:site_name\" content=\"Transam\u00e9rica Mococa 93,3\" \/>\n<meta property=\"article:publisher\" content=\"https:\/\/www.facebook.com\/transamericamococa\" \/>\n<meta property=\"article:published_time\" content=\"2024-04-18T12:00:49+00:00\" \/>\n<meta property=\"og:image\" content=\"https:\/\/transamerica93.com.br\/home\/wp-content\/uploads\/2024\/04\/4.jpg\" \/>\n\t<meta property=\"og:image:width\" content=\"1170\" \/>\n\t<meta property=\"og:image:height\" content=\"700\" \/>\n\t<meta property=\"og:image:type\" content=\"image\/jpeg\" \/>\n<meta name=\"author\" content=\"Reda\u00e7\u00e3o\" \/>\n<meta name=\"twitter:card\" content=\"summary_large_image\" \/>\n<meta name=\"twitter:creator\" content=\"@transamerica933\" \/>\n<meta name=\"twitter:site\" content=\"@transamerica933\" \/>\n<meta name=\"twitter:label1\" content=\"Escrito por\" \/>\n\t<meta name=\"twitter:data1\" content=\"Reda\u00e7\u00e3o\" \/>\n\t<meta name=\"twitter:label2\" content=\"Est. tempo de leitura\" \/>\n\t<meta name=\"twitter:data2\" content=\"5 minutos\" \/>\n<script type=\"application\/ld+json\" class=\"yoast-schema-graph\">{\"@context\":\"https:\\\/\\\/schema.org\",\"@graph\":[{\"@type\":\"Article\",\"@id\":\"https:\\\/\\\/transamerica93.com.br\\\/home\\\/concurso-unificado-candidatos-saberao-local-de-provas-em-25-de-abril\\\/#article\",\"isPartOf\":{\"@id\":\"https:\\\/\\\/transamerica93.com.br\\\/home\\\/concurso-unificado-candidatos-saberao-local-de-provas-em-25-de-abril\\\/\"},\"author\":{\"name\":\"Reda\u00e7\u00e3o\",\"@id\":\"https:\\\/\\\/transamerica93.com.br\\\/home\\\/#\\\/schema\\\/person\\\/7fed7c99c0d4562efa8561bc0f543172\"},\"headline\":\"Concurso Unificado: candidatos saber\u00e3o local de provas em 25 de abril\",\"datePublished\":\"2024-04-18T12:00:49+00:00\",\"mainEntityOfPage\":{\"@id\":\"https:\\\/\\\/transamerica93.com.br\\\/home\\\/concurso-unificado-candidatos-saberao-local-de-provas-em-25-de-abril\\\/\"},\"wordCount\":907,\"publisher\":{\"@id\":\"https:\\\/\\\/transamerica93.com.br\\\/home\\\/#organization\"},\"image\":{\"@id\":\"https:\\\/\\\/transamerica93.com.br\\\/home\\\/concurso-unificado-candidatos-saberao-local-de-provas-em-25-de-abril\\\/#primaryimage\"},\"thumbnailUrl\":\"https:\\\/\\\/transamerica93.com.br\\\/home\\\/wp-content\\\/uploads\\\/2024\\\/04\\\/4.jpg\",\"articleSection\":[\"Geral\"],\"inLanguage\":\"pt-BR\"},{\"@type\":\"WebPage\",\"@id\":\"https:\\\/\\\/transamerica93.com.br\\\/home\\\/concurso-unificado-candidatos-saberao-local-de-provas-em-25-de-abril\\\/\",\"url\":\"https:\\\/\\\/transamerica93.com.br\\\/home\\\/concurso-unificado-candidatos-saberao-local-de-provas-em-25-de-abril\\\/\",\"name\":\"Concurso Unificado: candidatos saber\u00e3o local de provas em 25 de abril - Transam\u00e9rica Mococa 93,3\",\"isPartOf\":{\"@id\":\"https:\\\/\\\/transamerica93.com.br\\\/home\\\/#website\"},\"primaryImageOfPage\":{\"@id\":\"https:\\\/\\\/transamerica93.com.br\\\/home\\\/concurso-unificado-candidatos-saberao-local-de-provas-em-25-de-abril\\\/#primaryimage\"},\"image\":{\"@id\":\"https:\\\/\\\/transamerica93.com.br\\\/home\\\/concurso-unificado-candidatos-saberao-local-de-provas-em-25-de-abril\\\/#primaryimage\"},\"thumbnailUrl\":\"https:\\\/\\\/transamerica93.com.br\\\/home\\\/wp-content\\\/uploads\\\/2024\\\/04\\\/4.jpg\",\"datePublished\":\"2024-04-18T12:00:49+00:00\",\"breadcrumb\":{\"@id\":\"https:\\\/\\\/transamerica93.com.br\\\/home\\\/concurso-unificado-candidatos-saberao-local-de-provas-em-25-de-abril\\\/#breadcrumb\"},\"inLanguage\":\"pt-BR\",\"potentialAction\":[{\"@type\":\"ReadAction\",\"target\":[\"https:\\\/\\\/transamerica93.com.br\\\/home\\\/concurso-unificado-candidatos-saberao-local-de-provas-em-25-de-abril\\\/\"]}]},{\"@type\":\"ImageObject\",\"inLanguage\":\"pt-BR\",\"@id\":\"https:\\\/\\\/transamerica93.com.br\\\/home\\\/concurso-unificado-candidatos-saberao-local-de-provas-em-25-de-abril\\\/#primaryimage\",\"url\":\"https:\\\/\\\/transamerica93.com.br\\\/home\\\/wp-content\\\/uploads\\\/2024\\\/04\\\/4.jpg\",\"contentUrl\":\"https:\\\/\\\/transamerica93.com.br\\\/home\\\/wp-content\\\/uploads\\\/2024\\\/04\\\/4.jpg\",\"width\":1170,\"height\":700,\"caption\":\"\u00a9 Arte\\\/EBC\"},{\"@type\":\"BreadcrumbList\",\"@id\":\"https:\\\/\\\/transamerica93.com.br\\\/home\\\/concurso-unificado-candidatos-saberao-local-de-provas-em-25-de-abril\\\/#breadcrumb\",\"itemListElement\":[{\"@type\":\"ListItem\",\"position\":1,\"name\":\"In\u00edcio\",\"item\":\"https:\\\/\\\/transamerica93.com.br\\\/home\\\/\"},{\"@type\":\"ListItem\",\"position\":2,\"name\":\"Concurso Unificado: candidatos saber\u00e3o local de provas em 25 de abril\"}]},{\"@type\":\"WebSite\",\"@id\":\"https:\\\/\\\/transamerica93.com.br\\\/home\\\/#website\",\"url\":\"https:\\\/\\\/transamerica93.com.br\\\/home\\\/\",\"name\":\"Transam\u00e9rica Mococa 93,3\",\"description\":\"\",\"publisher\":{\"@id\":\"https:\\\/\\\/transamerica93.com.br\\\/home\\\/#organization\"},\"potentialAction\":[{\"@type\":\"SearchAction\",\"target\":{\"@type\":\"EntryPoint\",\"urlTemplate\":\"https:\\\/\\\/transamerica93.com.br\\\/home\\\/?s={search_term_string}\"},\"query-input\":{\"@type\":\"PropertyValueSpecification\",\"valueRequired\":true,\"valueName\":\"search_term_string\"}}],\"inLanguage\":\"pt-BR\"},{\"@type\":\"Organization\",\"@id\":\"https:\\\/\\\/transamerica93.com.br\\\/home\\\/#organization\",\"name\":\"Transam\u00e9rica Mococa 93,3\",\"url\":\"https:\\\/\\\/transamerica93.com.br\\\/home\\\/\",\"logo\":{\"@type\":\"ImageObject\",\"inLanguage\":\"pt-BR\",\"@id\":\"https:\\\/\\\/transamerica93.com.br\\\/home\\\/#\\\/schema\\\/logo\\\/image\\\/\",\"url\":\"https:\\\/\\\/transamerica93.com.br\\\/home\\\/wp-content\\\/uploads\\\/2023\\\/10\\\/logo2.png\",\"contentUrl\":\"https:\\\/\\\/transamerica93.com.br\\\/home\\\/wp-content\\\/uploads\\\/2023\\\/10\\\/logo2.png\",\"width\":800,\"height\":500,\"caption\":\"Transam\u00e9rica Mococa 93,3\"},\"image\":{\"@id\":\"https:\\\/\\\/transamerica93.com.br\\\/home\\\/#\\\/schema\\\/logo\\\/image\\\/\"},\"sameAs\":[\"https:\\\/\\\/www.facebook.com\\\/transamericamococa\",\"https:\\\/\\\/x.com\\\/transamerica933\",\"https:\\\/\\\/www.instagram.com\\\/transamericamococa\"]},{\"@type\":\"Person\",\"@id\":\"https:\\\/\\\/transamerica93.com.br\\\/home\\\/#\\\/schema\\\/person\\\/7fed7c99c0d4562efa8561bc0f543172\",\"name\":\"Reda\u00e7\u00e3o\",\"image\":{\"@type\":\"ImageObject\",\"inLanguage\":\"pt-BR\",\"@id\":\"https:\\\/\\\/secure.gravatar.com\\\/avatar\\\/1072c6b775fb02ef8506ce967551d95926669a6b7d2c2147b42eea4d7c68395e?s=96&d=mm&r=g\",\"url\":\"https:\\\/\\\/secure.gravatar.com\\\/avatar\\\/1072c6b775fb02ef8506ce967551d95926669a6b7d2c2147b42eea4d7c68395e?s=96&d=mm&r=g\",\"contentUrl\":\"https:\\\/\\\/secure.gravatar.com\\\/avatar\\\/1072c6b775fb02ef8506ce967551d95926669a6b7d2c2147b42eea4d7c68395e?s=96&d=mm&r=g\",\"caption\":\"Reda\u00e7\u00e3o\"},\"sameAs\":[\"https:\\\/\\\/transamerica93.com.br\\\/home\"],\"url\":\"https:\\\/\\\/transamerica93.com.br\\\/home\\\/author\\\/william\\\/\"}]}<\/script>\n<!-- \/ Yoast SEO plugin. -->","yoast_head_json":{"title":"Concurso Unificado: candidatos saber\u00e3o local de provas em 25 de abril - Transam\u00e9rica Mococa 93,3","robots":{"index":"index","follow":"follow","max-snippet":"max-snippet:-1","max-image-preview":"max-image-preview:large","max-video-preview":"max-video-preview:-1"},"canonical":"https:\/\/transamerica93.com.br\/home\/concurso-unificado-candidatos-saberao-local-de-provas-em-25-de-abril\/","og_locale":"pt_BR","og_type":"article","og_title":"Concurso Unificado: candidatos saber\u00e3o local de provas em 25 de abril - Transam\u00e9rica Mococa 93,3","og_description":"A ministra da Gest\u00e3o e da Inova\u00e7\u00e3o em Servi\u00e7os P\u00fablicos (MGI), Esther Dweck, disse que a partir de 25 de abril, os 2,144 milh\u00f5es de inscritos no Concurso P\u00fablico Nacional Unificado (CNPU) poder\u00e3o ver no Cart\u00e3o de Confirma\u00e7\u00e3o de Inscri\u00e7\u00e3o o local onde far\u00e3o as provas nos per\u00edodos da manh\u00e3 e tarde. A prova est\u00e1 &hellip;","og_url":"https:\/\/transamerica93.com.br\/home\/concurso-unificado-candidatos-saberao-local-de-provas-em-25-de-abril\/","og_site_name":"Transam\u00e9rica Mococa 93,3","article_publisher":"https:\/\/www.facebook.com\/transamericamococa","article_published_time":"2024-04-18T12:00:49+00:00","og_image":[{"width":1170,"height":700,"url":"https:\/\/transamerica93.com.br\/home\/wp-content\/uploads\/2024\/04\/4.jpg","type":"image\/jpeg"}],"author":"Reda\u00e7\u00e3o","twitter_card":"summary_large_image","twitter_creator":"@transamerica933","twitter_site":"@transamerica933","twitter_misc":{"Escrito por":"Reda\u00e7\u00e3o","Est. tempo de leitura":"5 minutos"},"schema":{"@context":"https:\/\/schema.org","@graph":[{"@type":"Article","@id":"https:\/\/transamerica93.com.br\/home\/concurso-unificado-candidatos-saberao-local-de-provas-em-25-de-abril\/#article","isPartOf":{"@id":"https:\/\/transamerica93.com.br\/home\/concurso-unificado-candidatos-saberao-local-de-provas-em-25-de-abril\/"},"author":{"name":"Reda\u00e7\u00e3o","@id":"https:\/\/transamerica93.com.br\/home\/#\/schema\/person\/7fed7c99c0d4562efa8561bc0f543172"},"headline":"Concurso Unificado: candidatos saber\u00e3o local de provas em 25 de abril","datePublished":"2024-04-18T12:00:49+00:00","mainEntityOfPage":{"@id":"https:\/\/transamerica93.com.br\/home\/concurso-unificado-candidatos-saberao-local-de-provas-em-25-de-abril\/"},"wordCount":907,"publisher":{"@id":"https:\/\/transamerica93.com.br\/home\/#organization"},"image":{"@id":"https:\/\/transamerica93.com.br\/home\/concurso-unificado-candidatos-saberao-local-de-provas-em-25-de-abril\/#primaryimage"},"thumbnailUrl":"https:\/\/transamerica93.com.br\/home\/wp-content\/uploads\/2024\/04\/4.jpg","articleSection":["Geral"],"inLanguage":"pt-BR"},{"@type":"WebPage","@id":"https:\/\/transamerica93.com.br\/home\/concurso-unificado-candidatos-saberao-local-de-provas-em-25-de-abril\/","url":"https:\/\/transamerica93.com.br\/home\/concurso-unificado-candidatos-saberao-local-de-provas-em-25-de-abril\/","name":"Concurso Unificado: candidatos saber\u00e3o local de provas em 25 de abril - Transam\u00e9rica Mococa 93,3","isPartOf":{"@id":"https:\/\/transamerica93.com.br\/home\/#website"},"primaryImageOfPage":{"@id":"https:\/\/transamerica93.com.br\/home\/concurso-unificado-candidatos-saberao-local-de-provas-em-25-de-abril\/#primaryimage"},"image":{"@id":"https:\/\/transamerica93.com.br\/home\/concurso-unificado-candidatos-saberao-local-de-provas-em-25-de-abril\/#primaryimage"},"thumbnailUrl":"https:\/\/transamerica93.com.br\/home\/wp-content\/uploads\/2024\/04\/4.jpg","datePublished":"2024-04-18T12:00:49+00:00","breadcrumb":{"@id":"https:\/\/transamerica93.com.br\/home\/concurso-unificado-candidatos-saberao-local-de-provas-em-25-de-abril\/#breadcrumb"},"inLanguage":"pt-BR","potentialAction":[{"@type":"ReadAction","target":["https:\/\/transamerica93.com.br\/home\/concurso-unificado-candidatos-saberao-local-de-provas-em-25-de-abril\/"]}]},{"@type":"ImageObject","inLanguage":"pt-BR","@id":"https:\/\/transamerica93.com.br\/home\/concurso-unificado-candidatos-saberao-local-de-provas-em-25-de-abril\/#primaryimage","url":"https:\/\/transamerica93.com.br\/home\/wp-content\/uploads\/2024\/04\/4.jpg","contentUrl":"https:\/\/transamerica93.com.br\/home\/wp-content\/uploads\/2024\/04\/4.jpg","width":1170,"height":700,"caption":"\u00a9 Arte\/EBC"},{"@type":"BreadcrumbList","@id":"https:\/\/transamerica93.com.br\/home\/concurso-unificado-candidatos-saberao-local-de-provas-em-25-de-abril\/#breadcrumb","itemListElement":[{"@type":"ListItem","position":1,"name":"In\u00edcio","item":"https:\/\/transamerica93.com.br\/home\/"},{"@type":"ListItem","position":2,"name":"Concurso Unificado: candidatos saber\u00e3o local de provas em 25 de abril"}]},{"@type":"WebSite","@id":"https:\/\/transamerica93.com.br\/home\/#website","url":"https:\/\/transamerica93.com.br\/home\/","name":"Transam\u00e9rica Mococa 93,3","description":"","publisher":{"@id":"https:\/\/transamerica93.com.br\/home\/#organization"},"potentialAction":[{"@type":"SearchAction","target":{"@type":"EntryPoint","urlTemplate":"https:\/\/transamerica93.com.br\/home\/?s={search_term_string}"},"query-input":{"@type":"PropertyValueSpecification","valueRequired":true,"valueName":"search_term_string"}}],"inLanguage":"pt-BR"},{"@type":"Organization","@id":"https:\/\/transamerica93.com.br\/home\/#organization","name":"Transam\u00e9rica Mococa 93,3","url":"https:\/\/transamerica93.com.br\/home\/","logo":{"@type":"ImageObject","inLanguage":"pt-BR","@id":"https:\/\/transamerica93.com.br\/home\/#\/schema\/logo\/image\/","url":"https:\/\/transamerica93.com.br\/home\/wp-content\/uploads\/2023\/10\/logo2.png","contentUrl":"https:\/\/transamerica93.com.br\/home\/wp-content\/uploads\/2023\/10\/logo2.png","width":800,"height":500,"caption":"Transam\u00e9rica Mococa 93,3"},"image":{"@id":"https:\/\/transamerica93.com.br\/home\/#\/schema\/logo\/image\/"},"sameAs":["https:\/\/www.facebook.com\/transamericamococa","https:\/\/x.com\/transamerica933","https:\/\/www.instagram.com\/transamericamococa"]},{"@type":"Person","@id":"https:\/\/transamerica93.com.br\/home\/#\/schema\/person\/7fed7c99c0d4562efa8561bc0f543172","name":"Reda\u00e7\u00e3o","image":{"@type":"ImageObject","inLanguage":"pt-BR","@id":"https:\/\/secure.gravatar.com\/avatar\/1072c6b775fb02ef8506ce967551d95926669a6b7d2c2147b42eea4d7c68395e?s=96&d=mm&r=g","url":"https:\/\/secure.gravatar.com\/avatar\/1072c6b775fb02ef8506ce967551d95926669a6b7d2c2147b42eea4d7c68395e?s=96&d=mm&r=g","contentUrl":"https:\/\/secure.gravatar.com\/avatar\/1072c6b775fb02ef8506ce967551d95926669a6b7d2c2147b42eea4d7c68395e?s=96&d=mm&r=g","caption":"Reda\u00e7\u00e3o"},"sameAs":["https:\/\/transamerica93.com.br\/home"],"url":"https:\/\/transamerica93.com.br\/home\/author\/william\/"}]}},"_links":{"self":[{"href":"https:\/\/transamerica93.com.br\/home\/wp-json\/wp\/v2\/posts\/2824","targetHints":{"allow":["GET"]}}],"collection":[{"href":"https:\/\/transamerica93.com.br\/home\/wp-json\/wp\/v2\/posts"}],"about":[{"href":"https:\/\/transamerica93.com.br\/home\/wp-json\/wp\/v2\/types\/post"}],"author":[{"embeddable":true,"href":"https:\/\/transamerica93.com.br\/home\/wp-json\/wp\/v2\/users\/1"}],"replies":[{"embeddable":true,"href":"https:\/\/transamerica93.com.br\/home\/wp-json\/wp\/v2\/comments?post=2824"}],"version-history":[{"count":1,"href":"https:\/\/transamerica93.com.br\/home\/wp-json\/wp\/v2\/posts\/2824\/revisions"}],"predecessor-version":[{"id":2825,"href":"https:\/\/transamerica93.com.br\/home\/wp-json\/wp\/v2\/posts\/2824\/revisions\/2825"}],"wp:featuredmedia":[{"embeddable":true,"href":"https:\/\/transamerica93.com.br\/home\/wp-json\/wp\/v2\/media\/2817"}],"wp:attachment":[{"href":"https:\/\/transamerica93.com.br\/home\/wp-json\/wp\/v2\/media?parent=2824"}],"wp:term":[{"taxonomy":"category","embeddable":true,"href":"https:\/\/transamerica93.com.br\/home\/wp-json\/wp\/v2\/categories?post=2824"},{"taxonomy":"post_tag","embeddable":true,"href":"https:\/\/transamerica93.com.br\/home\/wp-json\/wp\/v2\/tags?post=2824"}],"curies":[{"name":"wp","href":"https:\/\/api.w.org\/{rel}","templated":true}]}}