{"id":2869,"date":"2024-04-18T18:00:04","date_gmt":"2024-04-18T21:00:04","guid":{"rendered":"https:\/\/transamerica93.com.br\/home\/?p=2869"},"modified":"2024-04-14T07:53:52","modified_gmt":"2024-04-14T10:53:52","slug":"eu-renasci-fabiana-justus-celebra-sucesso-do-transplante-de-medula","status":"publish","type":"post","link":"https:\/\/transamerica93.com.br\/home\/eu-renasci-fabiana-justus-celebra-sucesso-do-transplante-de-medula\/","title":{"rendered":"&#8216;Eu renasci&#8217;: Fabiana Justus celebra sucesso do transplante de medula"},"content":{"rendered":"<h6 class=\"Assina\">Por Reda\u00e7\u00e3o E+<\/h6>\n<p>&#8220;Minha medula nova pegou!&#8221;, comemorou Fabiana Justus, influenciadora e filha do empres\u00e1rio Roberto Justus em uma publica\u00e7\u00e3o no Instagram. No final de mar\u00e7o ela havia feito o transplante ap\u00f3s receber doa\u00e7\u00e3o 100% compat\u00edvel de um doador an\u00f4nimo.<\/p>\n<p>&#8220;Hoje eu estou comemorando meu novo anivers\u00e1rio. Minha nova chance na vida. Eu renasci&#8221;, escreveu no post ao contar que a data tem mais de um significado festivo. Nesta ter\u00e7a, ela completou 13 anos de casamento e a confirma\u00e7\u00e3o do sucesso do transplante veio 13 dias depois do procedimento.<\/p>\n<p>Entre os mais de 100 mil coment\u00e1rios na publica\u00e7\u00e3o &#8211; ela tem 4,2 milh\u00f5es de seguidores -, um deles \u00e9 do pai, celebrando a boa not\u00edcia. &#8220;Muito feliz e emocionado, filha. Te amo&#8221;, disse Roberto Justus usando tamb\u00e9m uma s\u00e9rie de emojis de cora\u00e7\u00e3o azuis.<\/p>\n<p>&#8220;Sei que o transplante n\u00e3o acaba quando ele termina, que ainda tenho um caminho de cuidados pela frente e prometo viver com ainda mais gratid\u00e3o e ainda mais amor do que eu j\u00e1 tinha. Se \u00e9 que \u00e9 poss\u00edvel&#8221;, finalizou a postagem. Veja a publica\u00e7\u00e3o na \u00edntegra abaixo.<\/p>\n<p><b>Relembre a hist\u00f3ria<\/b><\/p>\n<p>Aos 37 anos, Fabiana havia sido diagnosticada com leucemia mieloide aguda em janeiro, ap\u00f3s uma visita ao pronto-socorro devido a dor nas costas e febre. Ela compartilhou nas redes sociais a not\u00edcia da doa\u00e7\u00e3o em 27 de mar\u00e7o.<\/p>\n<p>Ap\u00f3s o diagn\u00f3stico, Fabiana havia iniciado o tratamento com quimioterapia, para o qual ficou internada por um m\u00eas no primeiro ciclo. Ela destacou a import\u00e2ncia da doa\u00e7\u00e3o, agradecendo ao doador an\u00f4nimo e mencionando a compatibilidade 100% como crucial para o sucesso do tratamento.<\/p>\n","protected":false},"excerpt":{"rendered":"<p>Por Reda\u00e7\u00e3o E+ &#8220;Minha medula nova pegou!&#8221;, comemorou Fabiana Justus, influenciadora e filha do empres\u00e1rio Roberto Justus em uma publica\u00e7\u00e3o no Instagram. No final de mar\u00e7o ela havia feito o transplante ap\u00f3s receber doa\u00e7\u00e3o 100% compat\u00edvel de um doador an\u00f4nimo. &#8220;Hoje eu estou comemorando meu novo anivers\u00e1rio. Minha nova chance na vida. Eu renasci&#8221;, escreveu &hellip;<\/p>\n","protected":false},"author":1,"featured_media":2677,"comment_status":"closed","ping_status":"closed","sticky":false,"template":"","format":"standard","meta":{"footnotes":""},"categories":[24],"tags":[],"class_list":["post-2869","post","type-post","status-publish","format-standard","has-post-thumbnail","hentry","category-entretenimento"],"yoast_head":"<!-- This site is optimized with the Yoast SEO plugin v27.4 - https:\/\/yoast.com\/product\/yoast-seo-wordpress\/ -->\n<title>&#039;Eu renasci&#039;: Fabiana Justus celebra sucesso do transplante de medula - Transam\u00e9rica Mococa 93,3<\/title>\n<meta name=\"robots\" content=\"index, follow, max-snippet:-1, max-image-preview:large, max-video-preview:-1\" \/>\n<link rel=\"canonical\" href=\"https:\/\/transamerica93.com.br\/home\/eu-renasci-fabiana-justus-celebra-sucesso-do-transplante-de-medula\/\" \/>\n<meta property=\"og:locale\" content=\"pt_BR\" \/>\n<meta property=\"og:type\" content=\"article\" \/>\n<meta property=\"og:title\" content=\"&#039;Eu renasci&#039;: Fabiana Justus celebra sucesso do transplante de medula - Transam\u00e9rica Mococa 93,3\" \/>\n<meta property=\"og:description\" content=\"Por Reda\u00e7\u00e3o E+ &#8220;Minha medula nova pegou!&#8221;, comemorou Fabiana Justus, influenciadora e filha do empres\u00e1rio Roberto Justus em uma publica\u00e7\u00e3o no Instagram. No final de mar\u00e7o ela havia feito o transplante ap\u00f3s receber doa\u00e7\u00e3o 100% compat\u00edvel de um doador an\u00f4nimo. &#8220;Hoje eu estou comemorando meu novo anivers\u00e1rio. Minha nova chance na vida. Eu renasci&#8221;, escreveu &hellip;\" \/>\n<meta property=\"og:url\" content=\"https:\/\/transamerica93.com.br\/home\/eu-renasci-fabiana-justus-celebra-sucesso-do-transplante-de-medula\/\" \/>\n<meta property=\"og:site_name\" content=\"Transam\u00e9rica Mococa 93,3\" \/>\n<meta property=\"article:publisher\" content=\"https:\/\/www.facebook.com\/transamericamococa\" \/>\n<meta property=\"article:published_time\" content=\"2024-04-18T21:00:04+00:00\" \/>\n<meta property=\"og:image\" content=\"https:\/\/transamerica93.com.br\/home\/wp-content\/uploads\/2024\/03\/imagem-26.jpg\" \/>\n\t<meta property=\"og:image:width\" content=\"827\" \/>\n\t<meta property=\"og:image:height\" content=\"627\" \/>\n\t<meta property=\"og:image:type\" content=\"image\/jpeg\" \/>\n<meta name=\"author\" content=\"Reda\u00e7\u00e3o\" \/>\n<meta name=\"twitter:card\" content=\"summary_large_image\" \/>\n<meta name=\"twitter:creator\" content=\"@transamerica933\" \/>\n<meta name=\"twitter:site\" content=\"@transamerica933\" \/>\n<meta name=\"twitter:label1\" content=\"Escrito por\" \/>\n\t<meta name=\"twitter:data1\" content=\"Reda\u00e7\u00e3o\" \/>\n\t<meta name=\"twitter:label2\" content=\"Est. tempo de leitura\" \/>\n\t<meta name=\"twitter:data2\" content=\"2 minutos\" \/>\n<script type=\"application\/ld+json\" class=\"yoast-schema-graph\">{\"@context\":\"https:\\\/\\\/schema.org\",\"@graph\":[{\"@type\":\"Article\",\"@id\":\"https:\\\/\\\/transamerica93.com.br\\\/home\\\/eu-renasci-fabiana-justus-celebra-sucesso-do-transplante-de-medula\\\/#article\",\"isPartOf\":{\"@id\":\"https:\\\/\\\/transamerica93.com.br\\\/home\\\/eu-renasci-fabiana-justus-celebra-sucesso-do-transplante-de-medula\\\/\"},\"author\":{\"name\":\"Reda\u00e7\u00e3o\",\"@id\":\"https:\\\/\\\/transamerica93.com.br\\\/home\\\/#\\\/schema\\\/person\\\/7fed7c99c0d4562efa8561bc0f543172\"},\"headline\":\"&#8216;Eu renasci&#8217;: Fabiana Justus celebra sucesso do transplante de medula\",\"datePublished\":\"2024-04-18T21:00:04+00:00\",\"mainEntityOfPage\":{\"@id\":\"https:\\\/\\\/transamerica93.com.br\\\/home\\\/eu-renasci-fabiana-justus-celebra-sucesso-do-transplante-de-medula\\\/\"},\"wordCount\":298,\"publisher\":{\"@id\":\"https:\\\/\\\/transamerica93.com.br\\\/home\\\/#organization\"},\"image\":{\"@id\":\"https:\\\/\\\/transamerica93.com.br\\\/home\\\/eu-renasci-fabiana-justus-celebra-sucesso-do-transplante-de-medula\\\/#primaryimage\"},\"thumbnailUrl\":\"https:\\\/\\\/transamerica93.com.br\\\/home\\\/wp-content\\\/uploads\\\/2024\\\/03\\\/imagem-26.jpg\",\"articleSection\":[\"Entretenimento\"],\"inLanguage\":\"pt-BR\"},{\"@type\":\"WebPage\",\"@id\":\"https:\\\/\\\/transamerica93.com.br\\\/home\\\/eu-renasci-fabiana-justus-celebra-sucesso-do-transplante-de-medula\\\/\",\"url\":\"https:\\\/\\\/transamerica93.com.br\\\/home\\\/eu-renasci-fabiana-justus-celebra-sucesso-do-transplante-de-medula\\\/\",\"name\":\"'Eu renasci': Fabiana Justus celebra sucesso do transplante de medula - Transam\u00e9rica Mococa 93,3\",\"isPartOf\":{\"@id\":\"https:\\\/\\\/transamerica93.com.br\\\/home\\\/#website\"},\"primaryImageOfPage\":{\"@id\":\"https:\\\/\\\/transamerica93.com.br\\\/home\\\/eu-renasci-fabiana-justus-celebra-sucesso-do-transplante-de-medula\\\/#primaryimage\"},\"image\":{\"@id\":\"https:\\\/\\\/transamerica93.com.br\\\/home\\\/eu-renasci-fabiana-justus-celebra-sucesso-do-transplante-de-medula\\\/#primaryimage\"},\"thumbnailUrl\":\"https:\\\/\\\/transamerica93.com.br\\\/home\\\/wp-content\\\/uploads\\\/2024\\\/03\\\/imagem-26.jpg\",\"datePublished\":\"2024-04-18T21:00:04+00:00\",\"breadcrumb\":{\"@id\":\"https:\\\/\\\/transamerica93.com.br\\\/home\\\/eu-renasci-fabiana-justus-celebra-sucesso-do-transplante-de-medula\\\/#breadcrumb\"},\"inLanguage\":\"pt-BR\",\"potentialAction\":[{\"@type\":\"ReadAction\",\"target\":[\"https:\\\/\\\/transamerica93.com.br\\\/home\\\/eu-renasci-fabiana-justus-celebra-sucesso-do-transplante-de-medula\\\/\"]}]},{\"@type\":\"ImageObject\",\"inLanguage\":\"pt-BR\",\"@id\":\"https:\\\/\\\/transamerica93.com.br\\\/home\\\/eu-renasci-fabiana-justus-celebra-sucesso-do-transplante-de-medula\\\/#primaryimage\",\"url\":\"https:\\\/\\\/transamerica93.com.br\\\/home\\\/wp-content\\\/uploads\\\/2024\\\/03\\\/imagem-26.jpg\",\"contentUrl\":\"https:\\\/\\\/transamerica93.com.br\\\/home\\\/wp-content\\\/uploads\\\/2024\\\/03\\\/imagem-26.jpg\",\"width\":827,\"height\":627,\"caption\":\"Foto: Reprodu\u00e7\u00e3o\\\/Redes sociais\"},{\"@type\":\"BreadcrumbList\",\"@id\":\"https:\\\/\\\/transamerica93.com.br\\\/home\\\/eu-renasci-fabiana-justus-celebra-sucesso-do-transplante-de-medula\\\/#breadcrumb\",\"itemListElement\":[{\"@type\":\"ListItem\",\"position\":1,\"name\":\"In\u00edcio\",\"item\":\"https:\\\/\\\/transamerica93.com.br\\\/home\\\/\"},{\"@type\":\"ListItem\",\"position\":2,\"name\":\"&#8216;Eu renasci&#8217;: Fabiana Justus celebra sucesso do transplante de medula\"}]},{\"@type\":\"WebSite\",\"@id\":\"https:\\\/\\\/transamerica93.com.br\\\/home\\\/#website\",\"url\":\"https:\\\/\\\/transamerica93.com.br\\\/home\\\/\",\"name\":\"Transam\u00e9rica Mococa 93,3\",\"description\":\"\",\"publisher\":{\"@id\":\"https:\\\/\\\/transamerica93.com.br\\\/home\\\/#organization\"},\"potentialAction\":[{\"@type\":\"SearchAction\",\"target\":{\"@type\":\"EntryPoint\",\"urlTemplate\":\"https:\\\/\\\/transamerica93.com.br\\\/home\\\/?s={search_term_string}\"},\"query-input\":{\"@type\":\"PropertyValueSpecification\",\"valueRequired\":true,\"valueName\":\"search_term_string\"}}],\"inLanguage\":\"pt-BR\"},{\"@type\":\"Organization\",\"@id\":\"https:\\\/\\\/transamerica93.com.br\\\/home\\\/#organization\",\"name\":\"Transam\u00e9rica Mococa 93,3\",\"url\":\"https:\\\/\\\/transamerica93.com.br\\\/home\\\/\",\"logo\":{\"@type\":\"ImageObject\",\"inLanguage\":\"pt-BR\",\"@id\":\"https:\\\/\\\/transamerica93.com.br\\\/home\\\/#\\\/schema\\\/logo\\\/image\\\/\",\"url\":\"https:\\\/\\\/transamerica93.com.br\\\/home\\\/wp-content\\\/uploads\\\/2023\\\/10\\\/logo2.png\",\"contentUrl\":\"https:\\\/\\\/transamerica93.com.br\\\/home\\\/wp-content\\\/uploads\\\/2023\\\/10\\\/logo2.png\",\"width\":800,\"height\":500,\"caption\":\"Transam\u00e9rica Mococa 93,3\"},\"image\":{\"@id\":\"https:\\\/\\\/transamerica93.com.br\\\/home\\\/#\\\/schema\\\/logo\\\/image\\\/\"},\"sameAs\":[\"https:\\\/\\\/www.facebook.com\\\/transamericamococa\",\"https:\\\/\\\/x.com\\\/transamerica933\",\"https:\\\/\\\/www.instagram.com\\\/transamericamococa\"]},{\"@type\":\"Person\",\"@id\":\"https:\\\/\\\/transamerica93.com.br\\\/home\\\/#\\\/schema\\\/person\\\/7fed7c99c0d4562efa8561bc0f543172\",\"name\":\"Reda\u00e7\u00e3o\",\"image\":{\"@type\":\"ImageObject\",\"inLanguage\":\"pt-BR\",\"@id\":\"https:\\\/\\\/secure.gravatar.com\\\/avatar\\\/1072c6b775fb02ef8506ce967551d95926669a6b7d2c2147b42eea4d7c68395e?s=96&d=mm&r=g\",\"url\":\"https:\\\/\\\/secure.gravatar.com\\\/avatar\\\/1072c6b775fb02ef8506ce967551d95926669a6b7d2c2147b42eea4d7c68395e?s=96&d=mm&r=g\",\"contentUrl\":\"https:\\\/\\\/secure.gravatar.com\\\/avatar\\\/1072c6b775fb02ef8506ce967551d95926669a6b7d2c2147b42eea4d7c68395e?s=96&d=mm&r=g\",\"caption\":\"Reda\u00e7\u00e3o\"},\"sameAs\":[\"https:\\\/\\\/transamerica93.com.br\\\/home\"],\"url\":\"https:\\\/\\\/transamerica93.com.br\\\/home\\\/author\\\/william\\\/\"}]}<\/script>\n<!-- \/ Yoast SEO plugin. -->","yoast_head_json":{"title":"'Eu renasci': Fabiana Justus celebra sucesso do transplante de medula - Transam\u00e9rica Mococa 93,3","robots":{"index":"index","follow":"follow","max-snippet":"max-snippet:-1","max-image-preview":"max-image-preview:large","max-video-preview":"max-video-preview:-1"},"canonical":"https:\/\/transamerica93.com.br\/home\/eu-renasci-fabiana-justus-celebra-sucesso-do-transplante-de-medula\/","og_locale":"pt_BR","og_type":"article","og_title":"'Eu renasci': Fabiana Justus celebra sucesso do transplante de medula - Transam\u00e9rica Mococa 93,3","og_description":"Por Reda\u00e7\u00e3o E+ &#8220;Minha medula nova pegou!&#8221;, comemorou Fabiana Justus, influenciadora e filha do empres\u00e1rio Roberto Justus em uma publica\u00e7\u00e3o no Instagram. No final de mar\u00e7o ela havia feito o transplante ap\u00f3s receber doa\u00e7\u00e3o 100% compat\u00edvel de um doador an\u00f4nimo. &#8220;Hoje eu estou comemorando meu novo anivers\u00e1rio. Minha nova chance na vida. Eu renasci&#8221;, escreveu &hellip;","og_url":"https:\/\/transamerica93.com.br\/home\/eu-renasci-fabiana-justus-celebra-sucesso-do-transplante-de-medula\/","og_site_name":"Transam\u00e9rica Mococa 93,3","article_publisher":"https:\/\/www.facebook.com\/transamericamococa","article_published_time":"2024-04-18T21:00:04+00:00","og_image":[{"width":827,"height":627,"url":"https:\/\/transamerica93.com.br\/home\/wp-content\/uploads\/2024\/03\/imagem-26.jpg","type":"image\/jpeg"}],"author":"Reda\u00e7\u00e3o","twitter_card":"summary_large_image","twitter_creator":"@transamerica933","twitter_site":"@transamerica933","twitter_misc":{"Escrito por":"Reda\u00e7\u00e3o","Est. tempo de leitura":"2 minutos"},"schema":{"@context":"https:\/\/schema.org","@graph":[{"@type":"Article","@id":"https:\/\/transamerica93.com.br\/home\/eu-renasci-fabiana-justus-celebra-sucesso-do-transplante-de-medula\/#article","isPartOf":{"@id":"https:\/\/transamerica93.com.br\/home\/eu-renasci-fabiana-justus-celebra-sucesso-do-transplante-de-medula\/"},"author":{"name":"Reda\u00e7\u00e3o","@id":"https:\/\/transamerica93.com.br\/home\/#\/schema\/person\/7fed7c99c0d4562efa8561bc0f543172"},"headline":"&#8216;Eu renasci&#8217;: Fabiana Justus celebra sucesso do transplante de medula","datePublished":"2024-04-18T21:00:04+00:00","mainEntityOfPage":{"@id":"https:\/\/transamerica93.com.br\/home\/eu-renasci-fabiana-justus-celebra-sucesso-do-transplante-de-medula\/"},"wordCount":298,"publisher":{"@id":"https:\/\/transamerica93.com.br\/home\/#organization"},"image":{"@id":"https:\/\/transamerica93.com.br\/home\/eu-renasci-fabiana-justus-celebra-sucesso-do-transplante-de-medula\/#primaryimage"},"thumbnailUrl":"https:\/\/transamerica93.com.br\/home\/wp-content\/uploads\/2024\/03\/imagem-26.jpg","articleSection":["Entretenimento"],"inLanguage":"pt-BR"},{"@type":"WebPage","@id":"https:\/\/transamerica93.com.br\/home\/eu-renasci-fabiana-justus-celebra-sucesso-do-transplante-de-medula\/","url":"https:\/\/transamerica93.com.br\/home\/eu-renasci-fabiana-justus-celebra-sucesso-do-transplante-de-medula\/","name":"'Eu renasci': Fabiana Justus celebra sucesso do transplante de medula - Transam\u00e9rica Mococa 93,3","isPartOf":{"@id":"https:\/\/transamerica93.com.br\/home\/#website"},"primaryImageOfPage":{"@id":"https:\/\/transamerica93.com.br\/home\/eu-renasci-fabiana-justus-celebra-sucesso-do-transplante-de-medula\/#primaryimage"},"image":{"@id":"https:\/\/transamerica93.com.br\/home\/eu-renasci-fabiana-justus-celebra-sucesso-do-transplante-de-medula\/#primaryimage"},"thumbnailUrl":"https:\/\/transamerica93.com.br\/home\/wp-content\/uploads\/2024\/03\/imagem-26.jpg","datePublished":"2024-04-18T21:00:04+00:00","breadcrumb":{"@id":"https:\/\/transamerica93.com.br\/home\/eu-renasci-fabiana-justus-celebra-sucesso-do-transplante-de-medula\/#breadcrumb"},"inLanguage":"pt-BR","potentialAction":[{"@type":"ReadAction","target":["https:\/\/transamerica93.com.br\/home\/eu-renasci-fabiana-justus-celebra-sucesso-do-transplante-de-medula\/"]}]},{"@type":"ImageObject","inLanguage":"pt-BR","@id":"https:\/\/transamerica93.com.br\/home\/eu-renasci-fabiana-justus-celebra-sucesso-do-transplante-de-medula\/#primaryimage","url":"https:\/\/transamerica93.com.br\/home\/wp-content\/uploads\/2024\/03\/imagem-26.jpg","contentUrl":"https:\/\/transamerica93.com.br\/home\/wp-content\/uploads\/2024\/03\/imagem-26.jpg","width":827,"height":627,"caption":"Foto: Reprodu\u00e7\u00e3o\/Redes sociais"},{"@type":"BreadcrumbList","@id":"https:\/\/transamerica93.com.br\/home\/eu-renasci-fabiana-justus-celebra-sucesso-do-transplante-de-medula\/#breadcrumb","itemListElement":[{"@type":"ListItem","position":1,"name":"In\u00edcio","item":"https:\/\/transamerica93.com.br\/home\/"},{"@type":"ListItem","position":2,"name":"&#8216;Eu renasci&#8217;: Fabiana Justus celebra sucesso do transplante de medula"}]},{"@type":"WebSite","@id":"https:\/\/transamerica93.com.br\/home\/#website","url":"https:\/\/transamerica93.com.br\/home\/","name":"Transam\u00e9rica Mococa 93,3","description":"","publisher":{"@id":"https:\/\/transamerica93.com.br\/home\/#organization"},"potentialAction":[{"@type":"SearchAction","target":{"@type":"EntryPoint","urlTemplate":"https:\/\/transamerica93.com.br\/home\/?s={search_term_string}"},"query-input":{"@type":"PropertyValueSpecification","valueRequired":true,"valueName":"search_term_string"}}],"inLanguage":"pt-BR"},{"@type":"Organization","@id":"https:\/\/transamerica93.com.br\/home\/#organization","name":"Transam\u00e9rica Mococa 93,3","url":"https:\/\/transamerica93.com.br\/home\/","logo":{"@type":"ImageObject","inLanguage":"pt-BR","@id":"https:\/\/transamerica93.com.br\/home\/#\/schema\/logo\/image\/","url":"https:\/\/transamerica93.com.br\/home\/wp-content\/uploads\/2023\/10\/logo2.png","contentUrl":"https:\/\/transamerica93.com.br\/home\/wp-content\/uploads\/2023\/10\/logo2.png","width":800,"height":500,"caption":"Transam\u00e9rica Mococa 93,3"},"image":{"@id":"https:\/\/transamerica93.com.br\/home\/#\/schema\/logo\/image\/"},"sameAs":["https:\/\/www.facebook.com\/transamericamococa","https:\/\/x.com\/transamerica933","https:\/\/www.instagram.com\/transamericamococa"]},{"@type":"Person","@id":"https:\/\/transamerica93.com.br\/home\/#\/schema\/person\/7fed7c99c0d4562efa8561bc0f543172","name":"Reda\u00e7\u00e3o","image":{"@type":"ImageObject","inLanguage":"pt-BR","@id":"https:\/\/secure.gravatar.com\/avatar\/1072c6b775fb02ef8506ce967551d95926669a6b7d2c2147b42eea4d7c68395e?s=96&d=mm&r=g","url":"https:\/\/secure.gravatar.com\/avatar\/1072c6b775fb02ef8506ce967551d95926669a6b7d2c2147b42eea4d7c68395e?s=96&d=mm&r=g","contentUrl":"https:\/\/secure.gravatar.com\/avatar\/1072c6b775fb02ef8506ce967551d95926669a6b7d2c2147b42eea4d7c68395e?s=96&d=mm&r=g","caption":"Reda\u00e7\u00e3o"},"sameAs":["https:\/\/transamerica93.com.br\/home"],"url":"https:\/\/transamerica93.com.br\/home\/author\/william\/"}]}},"_links":{"self":[{"href":"https:\/\/transamerica93.com.br\/home\/wp-json\/wp\/v2\/posts\/2869","targetHints":{"allow":["GET"]}}],"collection":[{"href":"https:\/\/transamerica93.com.br\/home\/wp-json\/wp\/v2\/posts"}],"about":[{"href":"https:\/\/transamerica93.com.br\/home\/wp-json\/wp\/v2\/types\/post"}],"author":[{"embeddable":true,"href":"https:\/\/transamerica93.com.br\/home\/wp-json\/wp\/v2\/users\/1"}],"replies":[{"embeddable":true,"href":"https:\/\/transamerica93.com.br\/home\/wp-json\/wp\/v2\/comments?post=2869"}],"version-history":[{"count":1,"href":"https:\/\/transamerica93.com.br\/home\/wp-json\/wp\/v2\/posts\/2869\/revisions"}],"predecessor-version":[{"id":2870,"href":"https:\/\/transamerica93.com.br\/home\/wp-json\/wp\/v2\/posts\/2869\/revisions\/2870"}],"wp:featuredmedia":[{"embeddable":true,"href":"https:\/\/transamerica93.com.br\/home\/wp-json\/wp\/v2\/media\/2677"}],"wp:attachment":[{"href":"https:\/\/transamerica93.com.br\/home\/wp-json\/wp\/v2\/media?parent=2869"}],"wp:term":[{"taxonomy":"category","embeddable":true,"href":"https:\/\/transamerica93.com.br\/home\/wp-json\/wp\/v2\/categories?post=2869"},{"taxonomy":"post_tag","embeddable":true,"href":"https:\/\/transamerica93.com.br\/home\/wp-json\/wp\/v2\/tags?post=2869"}],"curies":[{"name":"wp","href":"https:\/\/api.w.org\/{rel}","templated":true}]}}