{"id":2876,"date":"2024-04-22T09:00:28","date_gmt":"2024-04-22T12:00:28","guid":{"rendered":"https:\/\/transamerica93.com.br\/home\/?p=2876"},"modified":"2024-04-19T18:07:07","modified_gmt":"2024-04-19T21:07:07","slug":"fatec-abre-inscricoes-para-vestibular-do-2o-semestre-veja-cursos-disponiveis-na-regiao","status":"publish","type":"post","link":"https:\/\/transamerica93.com.br\/home\/fatec-abre-inscricoes-para-vestibular-do-2o-semestre-veja-cursos-disponiveis-na-regiao\/","title":{"rendered":"Fatec abre inscri\u00e7\u00f5es para vestibular do 2\u00ba semestre; veja cursos dispon\u00edveis na regi\u00e3o"},"content":{"rendered":"<div id=\"chunk-bmd4t\">\n<div class=\"mc-column content-text active-extra-styles \" data-block-type=\"unstyled\" data-block-weight=\"34\" data-block-id=\"2\">\n<p class=\" content-text__container \" data-track-category=\"Link no Texto\" data-track-links=\"\">A Faculdade de Tecnologia (Fatec) est\u00e1 com\u00a0<a class=\"\" href=\"https:\/\/www.vestibularfatec.com.br\/home\/\" target=\"_blank\" rel=\"noopener\">inscri\u00e7\u00f5es abertas para o vestibular do 2\u00ba semestre<\/a>.\u00a0<a class=\"\" href=\"https:\/\/g1.globo.com\/sp\/sao-carlos-regiao\/cidade\/araraquara\/\">Araraquara<\/a>,\u00a0<a class=\"\" href=\"https:\/\/g1.globo.com\/sp\/sao-carlos-regiao\/cidade\/araras-sp\/\">Araras<\/a>,\u00a0<a class=\"\" href=\"https:\/\/g1.globo.com\/sp\/sao-carlos-regiao\/cidade\/matao\/\">Mat\u00e3o<\/a>,\u00a0<a class=\"\" href=\"https:\/\/g1.globo.com\/sp\/sao-carlos-regiao\/cidade\/mococa\/\">Mococa<\/a>\u00a0e\u00a0<a class=\"\" href=\"https:\/\/g1.globo.com\/sp\/sao-carlos-regiao\/cidade\/sao-carlos\/\">S\u00e3o Carlos (SP)<\/a>\u00a0t\u00eam mais de 460 vagas dispon\u00edveis.\u00a0<strong><em>(Veja abaixo como se inscrever.)<\/em><\/strong><\/p>\n<\/div>\n<\/div>\n<div class=\"wall protected-content\">\n<div id=\"chunk-c0ckr\">\n<div class=\"mc-column content-text active-extra-styles \" data-block-type=\"unstyled\" data-block-weight=\"32\" data-block-id=\"5\">\n<p class=\" content-text__container \" data-track-category=\"Link no Texto\" data-track-links=\"\">Os interessados devem se candidatar \u00e0s oportunidades a partir desta ter\u00e7a-feira (16) at\u00e9 o dia 7 de junho, no\u00a0<a class=\"\" href=\"https:\/\/www.vestibularfatec.com.br\/home\/\" target=\"_blank\" rel=\"noopener\">site da Fatec<\/a>. As provas ser\u00e3o aplicadas no dia 30 de junho.<\/p>\n<\/div>\n<\/div>\n<div id=\"chunk-dsqcp\">\n<div class=\"mc-column content-text active-extra-styles\" data-block-type=\"raw\" data-block-weight=\"3\" data-block-id=\"6\">\n<p class=\"content-text__container\">\n<div class=\"content-intertitle\">\n<h2>Como se inscrever<\/h2>\n<\/div>\n<\/div>\n<\/div>\n<div id=\"chunk-elvr6\">\n<div class=\"bs-video-block mc-column   content-media content-video\" data-block-type=\"backstage-video\" data-block-id=\"7\">\n<div class=\"content-media__container\">\n<p class=\"content-media__description\">Fatec abre inscri\u00e7\u00f5es para vestibular do 2\u00ba semestre<\/p>\n<\/div>\n<\/div>\n<\/div>\n<div id=\"chunk-fk7eu\">\n<div class=\"mc-column content-text active-extra-styles \" data-block-type=\"unstyled\" data-block-weight=\"31\" data-block-id=\"9\">\n<p class=\" content-text__container \" data-track-category=\"Link no Texto\" data-track-links=\"\">Para participar, os interessados devem ter conclu\u00eddo o ensino m\u00e9dio. Em caso de aprova\u00e7\u00e3o, no momento da matr\u00edcula no curso desejado, o estudante dever\u00e1 apresentar um documento que comprove a condi\u00e7\u00e3o.<\/p>\n<\/div>\n<\/div>\n<div id=\"chunk-fvsij\">\n<div class=\"mc-column content-text active-extra-styles \" data-block-type=\"unstyled\" data-block-weight=\"27\" data-block-id=\"10\">\n<p class=\" content-text__container \" data-track-category=\"Link no Texto\" data-track-links=\"\">A inscri\u00e7\u00e3o deve ser feita no site da Fatec. O candidato dever\u00e1 pagar a taxa de inscri\u00e7\u00e3o, que custa R$ 90, al\u00e9m de preencher as informa\u00e7\u00f5es solicitadas.<\/p>\n<\/div>\n<\/div>\n<div id=\"chunk-b47qq\">\n<div class=\"mc-column content-text active-extra-styles\" data-block-type=\"raw\" data-block-weight=\"6\" data-block-id=\"11\">\n<ul class=\"content-unordered-list\">\n<li><a class=\"\" href=\"https:\/\/www.vestibularfatec.com.br\/home\/\" target=\"_blank\" rel=\"noopener\">Clique aqui para fazer sua inscri\u00e7\u00e3o<\/a><\/li>\n<\/ul>\n<\/div>\n<\/div>\n<div id=\"chunk-5ub3o\">\n<div class=\"mc-column content-text active-extra-styles \" data-block-type=\"unstyled\" data-block-weight=\"32\" data-block-id=\"12\">\n<p class=\" content-text__container \" data-track-category=\"Link no Texto\" data-track-links=\"\">No ato da inscri\u00e7\u00e3o, o candidato deve escolher um curso em primeira op\u00e7\u00e3o e, caso seja do seu interesse, optar por um curso para segunda op\u00e7\u00e3o, em qualquer Fatec e per\u00edodo.<\/p>\n<\/div>\n<\/div>\n<div id=\"chunk-525dd\">\n<div class=\"mc-column content-text active-extra-styles\" data-block-type=\"raw\" data-block-weight=\"13\" data-block-id=\"13\">\n<p class=\"content-text__container\">\n<div class=\"content-intertitle\">\n<h2>Veja abaixo a rela\u00e7\u00e3o de vagas de acordo com as cidades da regi\u00e3o:<\/h2>\n<\/div>\n<p>&nbsp;<\/p>\n<\/div>\n<\/div>\n<div id=\"chunk-a92p2\">\n<div class=\"mc-column content-text active-extra-styles \" data-block-type=\"unstyled\" data-block-weight=\"4\" data-block-id=\"14\">\n<p class=\" content-text__container \" data-track-category=\"Link no Texto\" data-track-links=\"\"><strong><span class=\"highlight highlighted\">Araraquara &#8211; 122 vagas<\/span><\/strong><\/p>\n<\/div>\n<\/div>\n<div id=\"chunk-1rco2\">\n<div class=\"mc-column content-text active-extra-styles \" data-block-type=\"unstyled\" data-block-weight=\"22\" data-block-id=\"15\">\n<p class=\" content-text__container \" data-track-category=\"Link no Texto\" data-track-links=\"\">A\u00a0<a class=\"\" href=\"https:\/\/www.vestibularfatec.com.br\/unidades-cursos\/escola.asp?c=252\" target=\"_blank\" rel=\"noopener\">Fatec de Araraquara<\/a> fica localizada na Rua Precide Scarpino Martim, n\u00ba 126, no Jardim Santa Clara. O telefone \u00e9 (16) 3339-7841<\/p>\n<\/div>\n<\/div>\n<div id=\"chunk-dv8jp\">\n<div class=\"mc-column content-text active-extra-styles\" data-block-type=\"raw\" data-block-weight=\"29\" data-block-id=\"16\">\n<ul class=\"content-unordered-list\">\n<li>An\u00e1lise e Desenvolvimento de Sistemas &#8211; 35 vagas (manh\u00e3);<\/li>\n<li>Gest\u00e3o Comercial &#8211; 28 vagas (noite);<\/li>\n<li>Gest\u00e3o Empresarial &#8211; 24 vagas (manh\u00e3);<\/li>\n<li>Seguran\u00e7a da Informa\u00e7\u00e3o &#8211; 35 vagas (noite).<\/li>\n<\/ul>\n<p>&nbsp;<\/p>\n<\/div>\n<\/div>\n<div id=\"chunk-1ilbk\">\n<div class=\"mc-column content-text active-extra-styles \" data-block-type=\"unstyled\" data-block-weight=\"4\" data-block-id=\"17\">\n<p class=\" content-text__container \" data-track-category=\"Link no Texto\" data-track-links=\"\"><strong><span class=\"highlight highlighted\">Araras &#8211; 52 vagas<\/span><\/strong><\/p>\n<\/div>\n<\/div>\n<div id=\"chunk-54ven\">\n<div class=\"mc-column content-text active-extra-styles \" data-block-type=\"unstyled\" data-block-weight=\"19\" data-block-id=\"18\">\n<p class=\" content-text__container \" data-track-category=\"Link no Texto\" data-track-links=\"\">A\u00a0<a class=\"\" href=\"https:\/\/www.vestibularfatec.com.br\/unidades-cursos\/escola.asp?c=253\" target=\"_blank\" rel=\"noopener\">Fatec de Araras<\/a> fica localizada na Rua Jarbas Leme de Godoy, n\u00ba 875, no Jardim Jos\u00e9 Ometto II.<\/p>\n<\/div>\n<\/div>\n<div id=\"chunk-96i0r\">\n<div class=\"mc-column content-text active-extra-styles\" data-block-type=\"raw\" data-block-weight=\"14\" data-block-id=\"19\">\n<ul class=\"content-unordered-list\">\n<li>Desenvolvimento de Software Multiplataforma &#8211; 28 vagas (noite);<\/li>\n<li>Gest\u00e3o Empresarial &#8211; 24 vagas (noite).<\/li>\n<li><\/li>\n<\/ul>\n<\/div>\n<\/div>\n<div id=\"chunk-dhte5\">\n<div class=\"content-ads content-ads--reveal\" data-block-type=\"ads\" data-block-id=\"20\"><\/div>\n<\/div>\n<div id=\"chunk-6pj9i\">\n<div class=\"mc-column content-text active-extra-styles \" data-block-type=\"unstyled\" data-block-weight=\"4\" data-block-id=\"21\">\n<p class=\" content-text__container \" data-track-category=\"Link no Texto\" data-track-links=\"\"><strong><span class=\"highlight highlighted\">Mat\u00e3o &#8211; 63 vagas<\/span><\/strong><\/p>\n<\/div>\n<\/div>\n<div id=\"chunk-e5sgc\">\n<div class=\"mc-column content-text active-extra-styles \" data-block-type=\"unstyled\" data-block-weight=\"22\" data-block-id=\"22\">\n<p class=\" content-text__container \" data-track-category=\"Link no Texto\" data-track-links=\"\">A\u00a0<a class=\"\" href=\"https:\/\/www.vestibularfatec.com.br\/unidades-cursos\/escola.asp?c=258\" target=\"_blank\" rel=\"noopener\">Fatec de Mat\u00e3o<\/a> fica localizada na Avenida Habib Gabriel, n\u00ba 1360, no Bairro Residencial Ol\u00edvio Benassi. O telefone \u00e9 (16) 2016-2694.<\/p>\n<\/div>\n<\/div>\n<div id=\"chunk-dq2bl\">\n<div class=\"mc-column content-text active-extra-styles\" data-block-type=\"raw\" data-block-weight=\"16\" data-block-id=\"23\">\n<ul class=\"content-unordered-list\">\n<li>An\u00e1lise de Processos Agroindustriais &#8211; 35 vagas (noite);<\/li>\n<li>Desenvolvimento de Software Multiplataforma &#8211; 28 vagas (manh\u00e3).<\/li>\n<\/ul>\n<p>&nbsp;<\/p>\n<\/div>\n<\/div>\n<div id=\"chunk-ap5o7\">\n<div class=\"mc-column content-text active-extra-styles \" data-block-type=\"unstyled\" data-block-weight=\"4\" data-block-id=\"24\">\n<p class=\" content-text__container \" data-track-category=\"Link no Texto\" data-track-links=\"\"><strong><span class=\"highlight highlighted\">Mococa &#8211; 175 vagas<\/span><\/strong><\/p>\n<\/div>\n<\/div>\n<div id=\"chunk-13ljq\">\n<div class=\"mc-column content-text active-extra-styles \" data-block-type=\"unstyled\" data-block-weight=\"20\" data-block-id=\"25\">\n<p class=\" content-text__container \" data-track-category=\"Link no Texto\" data-track-links=\"\">A\u00a0<a class=\"\" href=\"https:\/\/www.vestibularfatec.com.br\/unidades-cursos\/escola.asp?c=151\" target=\"_blank\" rel=\"noopener\"><strong>Fatec de Mococa<\/strong><\/a> fica localizada na Avenida Dr. Am\u00e9rico Pereira Lima, no Jardim Lav\u00ednia. O telefone \u00e9 (19) 3656-5559.<\/p>\n<\/div>\n<\/div>\n<div id=\"chunk-7kd6n\">\n<div class=\"mc-column content-text active-extra-styles\" data-block-type=\"raw\" data-block-weight=\"43\" data-block-id=\"26\">\n<ul class=\"content-unordered-list\">\n<li>Agroneg\u00f3cio &#8211; 24 vagas (noite);<\/li>\n<li>An\u00e1lise e Desenvolvimento de Sistemas &#8211; 35 vagas (noite);<\/li>\n<li>Gest\u00e3o de Recursos Humanos &#8211; 24 vagas (noite);<\/li>\n<li>Gest\u00e3o Empresarial &#8211; 28 vagas (noite);<\/li>\n<li>Gest\u00e3o Empresarial &#8211; 40 vagas (educa\u00e7\u00e3o \u00e0 dist\u00e2ncia);<\/li>\n<li>Sistemas para Internet &#8211; 24 vagas (manh\u00e3).<\/li>\n<\/ul>\n<p>&nbsp;<\/p>\n<\/div>\n<\/div>\n<div id=\"chunk-3ie5l\">\n<div class=\"mc-column content-text active-extra-styles \" data-block-type=\"unstyled\" data-block-weight=\"5\" data-block-id=\"27\">\n<p class=\" content-text__container \" data-track-category=\"Link no Texto\" data-track-links=\"\"><strong><span class=\"highlight highlighted\">S\u00e3o Carlos &#8211; 52 vagas<\/span><\/strong><\/p>\n<\/div>\n<\/div>\n<div id=\"chunk-9ms00\">\n<div class=\"mc-column content-text active-extra-styles \" data-block-type=\"unstyled\" data-block-weight=\"20\" data-block-id=\"28\">\n<p class=\" content-text__container \" data-track-category=\"Link no Texto\" data-track-links=\"\">A\u00a0<a class=\"\" href=\"https:\/\/www.vestibularfatec.com.br\/unidades-cursos\/escola.asp?c=242\" target=\"_blank\" rel=\"noopener\">Fatec de S\u00e3o Carlos<\/a> fica localizada na Avenida Araraquara, n\u00ba 45, na Vila Bras\u00edlia. O telefone \u00e9 (16) 3307-7545.<\/p>\n<\/div>\n<\/div>\n<div id=\"chunk-6qkv6\">\n<div class=\"mc-column content-text active-extra-styles\" data-block-type=\"raw\" data-block-weight=\"14\" data-block-id=\"29\">\n<ul class=\"content-unordered-list\">\n<li>Gest\u00e3o de Recursos Humanos &#8211; 24 vagas (noite);<\/li>\n<li>Gest\u00e3o Empresarial &#8211; 28 vagas (noite).<\/li>\n<\/ul>\n<p>Via <a href=\"https:\/\/g1.globo.com\/sp\/sao-carlos-regiao\/educacao\/noticia\/2024\/04\/16\/fatec-abre-inscricoes-para-vestibular-do-2o-semestre-veja-cursos-disponiveis-na-regiao.ghtml\" target=\"_blank\" rel=\"noopener\"><em><strong>G1 Mococa<\/strong><\/em><\/a><\/p>\n<\/div>\n<\/div>\n<\/div>\n","protected":false},"excerpt":{"rendered":"<p>A Faculdade de Tecnologia (Fatec) est\u00e1 com\u00a0inscri\u00e7\u00f5es abertas para o vestibular do 2\u00ba semestre.\u00a0Araraquara,\u00a0Araras,\u00a0Mat\u00e3o,\u00a0Mococa\u00a0e\u00a0S\u00e3o Carlos (SP)\u00a0t\u00eam mais de 460 vagas dispon\u00edveis.\u00a0(Veja abaixo como se inscrever.) Os interessados devem se candidatar \u00e0s oportunidades a partir desta ter\u00e7a-feira (16) at\u00e9 o dia 7 de junho, no\u00a0site da Fatec. As provas ser\u00e3o aplicadas no dia 30 de junho. &hellip;<\/p>\n","protected":false},"author":1,"featured_media":2877,"comment_status":"closed","ping_status":"closed","sticky":false,"template":"","format":"standard","meta":{"footnotes":""},"categories":[30],"tags":[],"class_list":["post-2876","post","type-post","status-publish","format-standard","has-post-thumbnail","hentry","category-geral"],"yoast_head":"<!-- This site is optimized with the Yoast SEO plugin v27.4 - https:\/\/yoast.com\/product\/yoast-seo-wordpress\/ -->\n<title>Fatec abre inscri\u00e7\u00f5es para vestibular do 2\u00ba semestre; veja cursos dispon\u00edveis na regi\u00e3o - Transam\u00e9rica Mococa 93,3<\/title>\n<meta name=\"robots\" content=\"index, follow, max-snippet:-1, max-image-preview:large, max-video-preview:-1\" \/>\n<link rel=\"canonical\" href=\"https:\/\/transamerica93.com.br\/home\/fatec-abre-inscricoes-para-vestibular-do-2o-semestre-veja-cursos-disponiveis-na-regiao\/\" \/>\n<meta property=\"og:locale\" content=\"pt_BR\" \/>\n<meta property=\"og:type\" content=\"article\" \/>\n<meta property=\"og:title\" content=\"Fatec abre inscri\u00e7\u00f5es para vestibular do 2\u00ba semestre; veja cursos dispon\u00edveis na regi\u00e3o - Transam\u00e9rica Mococa 93,3\" \/>\n<meta property=\"og:description\" content=\"A Faculdade de Tecnologia (Fatec) est\u00e1 com\u00a0inscri\u00e7\u00f5es abertas para o vestibular do 2\u00ba semestre.\u00a0Araraquara,\u00a0Araras,\u00a0Mat\u00e3o,\u00a0Mococa\u00a0e\u00a0S\u00e3o Carlos (SP)\u00a0t\u00eam mais de 460 vagas dispon\u00edveis.\u00a0(Veja abaixo como se inscrever.) Os interessados devem se candidatar \u00e0s oportunidades a partir desta ter\u00e7a-feira (16) at\u00e9 o dia 7 de junho, no\u00a0site da Fatec. As provas ser\u00e3o aplicadas no dia 30 de junho. &hellip;\" \/>\n<meta property=\"og:url\" content=\"https:\/\/transamerica93.com.br\/home\/fatec-abre-inscricoes-para-vestibular-do-2o-semestre-veja-cursos-disponiveis-na-regiao\/\" \/>\n<meta property=\"og:site_name\" content=\"Transam\u00e9rica Mococa 93,3\" \/>\n<meta property=\"article:publisher\" content=\"https:\/\/www.facebook.com\/transamericamococa\" \/>\n<meta property=\"article:published_time\" content=\"2024-04-22T12:00:28+00:00\" \/>\n<meta property=\"og:image\" content=\"https:\/\/transamerica93.com.br\/home\/wp-content\/uploads\/2024\/04\/1-2.jpg\" \/>\n\t<meta property=\"og:image:width\" content=\"983\" \/>\n\t<meta property=\"og:image:height\" content=\"653\" \/>\n\t<meta property=\"og:image:type\" content=\"image\/jpeg\" \/>\n<meta name=\"author\" content=\"Reda\u00e7\u00e3o\" \/>\n<meta name=\"twitter:card\" content=\"summary_large_image\" \/>\n<meta name=\"twitter:creator\" content=\"@transamerica933\" \/>\n<meta name=\"twitter:site\" content=\"@transamerica933\" \/>\n<meta name=\"twitter:label1\" content=\"Escrito por\" \/>\n\t<meta name=\"twitter:data1\" content=\"Reda\u00e7\u00e3o\" \/>\n\t<meta name=\"twitter:label2\" content=\"Est. tempo de leitura\" \/>\n\t<meta name=\"twitter:data2\" content=\"3 minutos\" \/>\n<script type=\"application\/ld+json\" class=\"yoast-schema-graph\">{\"@context\":\"https:\\\/\\\/schema.org\",\"@graph\":[{\"@type\":\"Article\",\"@id\":\"https:\\\/\\\/transamerica93.com.br\\\/home\\\/fatec-abre-inscricoes-para-vestibular-do-2o-semestre-veja-cursos-disponiveis-na-regiao\\\/#article\",\"isPartOf\":{\"@id\":\"https:\\\/\\\/transamerica93.com.br\\\/home\\\/fatec-abre-inscricoes-para-vestibular-do-2o-semestre-veja-cursos-disponiveis-na-regiao\\\/\"},\"author\":{\"name\":\"Reda\u00e7\u00e3o\",\"@id\":\"https:\\\/\\\/transamerica93.com.br\\\/home\\\/#\\\/schema\\\/person\\\/7fed7c99c0d4562efa8561bc0f543172\"},\"headline\":\"Fatec abre inscri\u00e7\u00f5es para vestibular do 2\u00ba semestre; veja cursos dispon\u00edveis na regi\u00e3o\",\"datePublished\":\"2024-04-22T12:00:28+00:00\",\"mainEntityOfPage\":{\"@id\":\"https:\\\/\\\/transamerica93.com.br\\\/home\\\/fatec-abre-inscricoes-para-vestibular-do-2o-semestre-veja-cursos-disponiveis-na-regiao\\\/\"},\"wordCount\":452,\"publisher\":{\"@id\":\"https:\\\/\\\/transamerica93.com.br\\\/home\\\/#organization\"},\"image\":{\"@id\":\"https:\\\/\\\/transamerica93.com.br\\\/home\\\/fatec-abre-inscricoes-para-vestibular-do-2o-semestre-veja-cursos-disponiveis-na-regiao\\\/#primaryimage\"},\"thumbnailUrl\":\"https:\\\/\\\/transamerica93.com.br\\\/home\\\/wp-content\\\/uploads\\\/2024\\\/04\\\/1-2.jpg\",\"articleSection\":[\"Geral\"],\"inLanguage\":\"pt-BR\"},{\"@type\":\"WebPage\",\"@id\":\"https:\\\/\\\/transamerica93.com.br\\\/home\\\/fatec-abre-inscricoes-para-vestibular-do-2o-semestre-veja-cursos-disponiveis-na-regiao\\\/\",\"url\":\"https:\\\/\\\/transamerica93.com.br\\\/home\\\/fatec-abre-inscricoes-para-vestibular-do-2o-semestre-veja-cursos-disponiveis-na-regiao\\\/\",\"name\":\"Fatec abre inscri\u00e7\u00f5es para vestibular do 2\u00ba semestre; veja cursos dispon\u00edveis na regi\u00e3o - Transam\u00e9rica Mococa 93,3\",\"isPartOf\":{\"@id\":\"https:\\\/\\\/transamerica93.com.br\\\/home\\\/#website\"},\"primaryImageOfPage\":{\"@id\":\"https:\\\/\\\/transamerica93.com.br\\\/home\\\/fatec-abre-inscricoes-para-vestibular-do-2o-semestre-veja-cursos-disponiveis-na-regiao\\\/#primaryimage\"},\"image\":{\"@id\":\"https:\\\/\\\/transamerica93.com.br\\\/home\\\/fatec-abre-inscricoes-para-vestibular-do-2o-semestre-veja-cursos-disponiveis-na-regiao\\\/#primaryimage\"},\"thumbnailUrl\":\"https:\\\/\\\/transamerica93.com.br\\\/home\\\/wp-content\\\/uploads\\\/2024\\\/04\\\/1-2.jpg\",\"datePublished\":\"2024-04-22T12:00:28+00:00\",\"breadcrumb\":{\"@id\":\"https:\\\/\\\/transamerica93.com.br\\\/home\\\/fatec-abre-inscricoes-para-vestibular-do-2o-semestre-veja-cursos-disponiveis-na-regiao\\\/#breadcrumb\"},\"inLanguage\":\"pt-BR\",\"potentialAction\":[{\"@type\":\"ReadAction\",\"target\":[\"https:\\\/\\\/transamerica93.com.br\\\/home\\\/fatec-abre-inscricoes-para-vestibular-do-2o-semestre-veja-cursos-disponiveis-na-regiao\\\/\"]}]},{\"@type\":\"ImageObject\",\"inLanguage\":\"pt-BR\",\"@id\":\"https:\\\/\\\/transamerica93.com.br\\\/home\\\/fatec-abre-inscricoes-para-vestibular-do-2o-semestre-veja-cursos-disponiveis-na-regiao\\\/#primaryimage\",\"url\":\"https:\\\/\\\/transamerica93.com.br\\\/home\\\/wp-content\\\/uploads\\\/2024\\\/04\\\/1-2.jpg\",\"contentUrl\":\"https:\\\/\\\/transamerica93.com.br\\\/home\\\/wp-content\\\/uploads\\\/2024\\\/04\\\/1-2.jpg\",\"width\":983,\"height\":653,\"caption\":\"Vestibular Fatec \u2014 Foto: Roberto Sungi\\\/Divulga\u00e7\u00e3o\"},{\"@type\":\"BreadcrumbList\",\"@id\":\"https:\\\/\\\/transamerica93.com.br\\\/home\\\/fatec-abre-inscricoes-para-vestibular-do-2o-semestre-veja-cursos-disponiveis-na-regiao\\\/#breadcrumb\",\"itemListElement\":[{\"@type\":\"ListItem\",\"position\":1,\"name\":\"In\u00edcio\",\"item\":\"https:\\\/\\\/transamerica93.com.br\\\/home\\\/\"},{\"@type\":\"ListItem\",\"position\":2,\"name\":\"Fatec abre inscri\u00e7\u00f5es para vestibular do 2\u00ba semestre; veja cursos dispon\u00edveis na regi\u00e3o\"}]},{\"@type\":\"WebSite\",\"@id\":\"https:\\\/\\\/transamerica93.com.br\\\/home\\\/#website\",\"url\":\"https:\\\/\\\/transamerica93.com.br\\\/home\\\/\",\"name\":\"Transam\u00e9rica Mococa 93,3\",\"description\":\"\",\"publisher\":{\"@id\":\"https:\\\/\\\/transamerica93.com.br\\\/home\\\/#organization\"},\"potentialAction\":[{\"@type\":\"SearchAction\",\"target\":{\"@type\":\"EntryPoint\",\"urlTemplate\":\"https:\\\/\\\/transamerica93.com.br\\\/home\\\/?s={search_term_string}\"},\"query-input\":{\"@type\":\"PropertyValueSpecification\",\"valueRequired\":true,\"valueName\":\"search_term_string\"}}],\"inLanguage\":\"pt-BR\"},{\"@type\":\"Organization\",\"@id\":\"https:\\\/\\\/transamerica93.com.br\\\/home\\\/#organization\",\"name\":\"Transam\u00e9rica Mococa 93,3\",\"url\":\"https:\\\/\\\/transamerica93.com.br\\\/home\\\/\",\"logo\":{\"@type\":\"ImageObject\",\"inLanguage\":\"pt-BR\",\"@id\":\"https:\\\/\\\/transamerica93.com.br\\\/home\\\/#\\\/schema\\\/logo\\\/image\\\/\",\"url\":\"https:\\\/\\\/transamerica93.com.br\\\/home\\\/wp-content\\\/uploads\\\/2023\\\/10\\\/logo2.png\",\"contentUrl\":\"https:\\\/\\\/transamerica93.com.br\\\/home\\\/wp-content\\\/uploads\\\/2023\\\/10\\\/logo2.png\",\"width\":800,\"height\":500,\"caption\":\"Transam\u00e9rica Mococa 93,3\"},\"image\":{\"@id\":\"https:\\\/\\\/transamerica93.com.br\\\/home\\\/#\\\/schema\\\/logo\\\/image\\\/\"},\"sameAs\":[\"https:\\\/\\\/www.facebook.com\\\/transamericamococa\",\"https:\\\/\\\/x.com\\\/transamerica933\",\"https:\\\/\\\/www.instagram.com\\\/transamericamococa\"]},{\"@type\":\"Person\",\"@id\":\"https:\\\/\\\/transamerica93.com.br\\\/home\\\/#\\\/schema\\\/person\\\/7fed7c99c0d4562efa8561bc0f543172\",\"name\":\"Reda\u00e7\u00e3o\",\"image\":{\"@type\":\"ImageObject\",\"inLanguage\":\"pt-BR\",\"@id\":\"https:\\\/\\\/secure.gravatar.com\\\/avatar\\\/1072c6b775fb02ef8506ce967551d95926669a6b7d2c2147b42eea4d7c68395e?s=96&d=mm&r=g\",\"url\":\"https:\\\/\\\/secure.gravatar.com\\\/avatar\\\/1072c6b775fb02ef8506ce967551d95926669a6b7d2c2147b42eea4d7c68395e?s=96&d=mm&r=g\",\"contentUrl\":\"https:\\\/\\\/secure.gravatar.com\\\/avatar\\\/1072c6b775fb02ef8506ce967551d95926669a6b7d2c2147b42eea4d7c68395e?s=96&d=mm&r=g\",\"caption\":\"Reda\u00e7\u00e3o\"},\"sameAs\":[\"https:\\\/\\\/transamerica93.com.br\\\/home\"],\"url\":\"https:\\\/\\\/transamerica93.com.br\\\/home\\\/author\\\/william\\\/\"}]}<\/script>\n<!-- \/ Yoast SEO plugin. -->","yoast_head_json":{"title":"Fatec abre inscri\u00e7\u00f5es para vestibular do 2\u00ba semestre; veja cursos dispon\u00edveis na regi\u00e3o - Transam\u00e9rica Mococa 93,3","robots":{"index":"index","follow":"follow","max-snippet":"max-snippet:-1","max-image-preview":"max-image-preview:large","max-video-preview":"max-video-preview:-1"},"canonical":"https:\/\/transamerica93.com.br\/home\/fatec-abre-inscricoes-para-vestibular-do-2o-semestre-veja-cursos-disponiveis-na-regiao\/","og_locale":"pt_BR","og_type":"article","og_title":"Fatec abre inscri\u00e7\u00f5es para vestibular do 2\u00ba semestre; veja cursos dispon\u00edveis na regi\u00e3o - Transam\u00e9rica Mococa 93,3","og_description":"A Faculdade de Tecnologia (Fatec) est\u00e1 com\u00a0inscri\u00e7\u00f5es abertas para o vestibular do 2\u00ba semestre.\u00a0Araraquara,\u00a0Araras,\u00a0Mat\u00e3o,\u00a0Mococa\u00a0e\u00a0S\u00e3o Carlos (SP)\u00a0t\u00eam mais de 460 vagas dispon\u00edveis.\u00a0(Veja abaixo como se inscrever.) Os interessados devem se candidatar \u00e0s oportunidades a partir desta ter\u00e7a-feira (16) at\u00e9 o dia 7 de junho, no\u00a0site da Fatec. As provas ser\u00e3o aplicadas no dia 30 de junho. &hellip;","og_url":"https:\/\/transamerica93.com.br\/home\/fatec-abre-inscricoes-para-vestibular-do-2o-semestre-veja-cursos-disponiveis-na-regiao\/","og_site_name":"Transam\u00e9rica Mococa 93,3","article_publisher":"https:\/\/www.facebook.com\/transamericamococa","article_published_time":"2024-04-22T12:00:28+00:00","og_image":[{"width":983,"height":653,"url":"https:\/\/transamerica93.com.br\/home\/wp-content\/uploads\/2024\/04\/1-2.jpg","type":"image\/jpeg"}],"author":"Reda\u00e7\u00e3o","twitter_card":"summary_large_image","twitter_creator":"@transamerica933","twitter_site":"@transamerica933","twitter_misc":{"Escrito por":"Reda\u00e7\u00e3o","Est. tempo de leitura":"3 minutos"},"schema":{"@context":"https:\/\/schema.org","@graph":[{"@type":"Article","@id":"https:\/\/transamerica93.com.br\/home\/fatec-abre-inscricoes-para-vestibular-do-2o-semestre-veja-cursos-disponiveis-na-regiao\/#article","isPartOf":{"@id":"https:\/\/transamerica93.com.br\/home\/fatec-abre-inscricoes-para-vestibular-do-2o-semestre-veja-cursos-disponiveis-na-regiao\/"},"author":{"name":"Reda\u00e7\u00e3o","@id":"https:\/\/transamerica93.com.br\/home\/#\/schema\/person\/7fed7c99c0d4562efa8561bc0f543172"},"headline":"Fatec abre inscri\u00e7\u00f5es para vestibular do 2\u00ba semestre; veja cursos dispon\u00edveis na regi\u00e3o","datePublished":"2024-04-22T12:00:28+00:00","mainEntityOfPage":{"@id":"https:\/\/transamerica93.com.br\/home\/fatec-abre-inscricoes-para-vestibular-do-2o-semestre-veja-cursos-disponiveis-na-regiao\/"},"wordCount":452,"publisher":{"@id":"https:\/\/transamerica93.com.br\/home\/#organization"},"image":{"@id":"https:\/\/transamerica93.com.br\/home\/fatec-abre-inscricoes-para-vestibular-do-2o-semestre-veja-cursos-disponiveis-na-regiao\/#primaryimage"},"thumbnailUrl":"https:\/\/transamerica93.com.br\/home\/wp-content\/uploads\/2024\/04\/1-2.jpg","articleSection":["Geral"],"inLanguage":"pt-BR"},{"@type":"WebPage","@id":"https:\/\/transamerica93.com.br\/home\/fatec-abre-inscricoes-para-vestibular-do-2o-semestre-veja-cursos-disponiveis-na-regiao\/","url":"https:\/\/transamerica93.com.br\/home\/fatec-abre-inscricoes-para-vestibular-do-2o-semestre-veja-cursos-disponiveis-na-regiao\/","name":"Fatec abre inscri\u00e7\u00f5es para vestibular do 2\u00ba semestre; veja cursos dispon\u00edveis na regi\u00e3o - Transam\u00e9rica Mococa 93,3","isPartOf":{"@id":"https:\/\/transamerica93.com.br\/home\/#website"},"primaryImageOfPage":{"@id":"https:\/\/transamerica93.com.br\/home\/fatec-abre-inscricoes-para-vestibular-do-2o-semestre-veja-cursos-disponiveis-na-regiao\/#primaryimage"},"image":{"@id":"https:\/\/transamerica93.com.br\/home\/fatec-abre-inscricoes-para-vestibular-do-2o-semestre-veja-cursos-disponiveis-na-regiao\/#primaryimage"},"thumbnailUrl":"https:\/\/transamerica93.com.br\/home\/wp-content\/uploads\/2024\/04\/1-2.jpg","datePublished":"2024-04-22T12:00:28+00:00","breadcrumb":{"@id":"https:\/\/transamerica93.com.br\/home\/fatec-abre-inscricoes-para-vestibular-do-2o-semestre-veja-cursos-disponiveis-na-regiao\/#breadcrumb"},"inLanguage":"pt-BR","potentialAction":[{"@type":"ReadAction","target":["https:\/\/transamerica93.com.br\/home\/fatec-abre-inscricoes-para-vestibular-do-2o-semestre-veja-cursos-disponiveis-na-regiao\/"]}]},{"@type":"ImageObject","inLanguage":"pt-BR","@id":"https:\/\/transamerica93.com.br\/home\/fatec-abre-inscricoes-para-vestibular-do-2o-semestre-veja-cursos-disponiveis-na-regiao\/#primaryimage","url":"https:\/\/transamerica93.com.br\/home\/wp-content\/uploads\/2024\/04\/1-2.jpg","contentUrl":"https:\/\/transamerica93.com.br\/home\/wp-content\/uploads\/2024\/04\/1-2.jpg","width":983,"height":653,"caption":"Vestibular Fatec \u2014 Foto: Roberto Sungi\/Divulga\u00e7\u00e3o"},{"@type":"BreadcrumbList","@id":"https:\/\/transamerica93.com.br\/home\/fatec-abre-inscricoes-para-vestibular-do-2o-semestre-veja-cursos-disponiveis-na-regiao\/#breadcrumb","itemListElement":[{"@type":"ListItem","position":1,"name":"In\u00edcio","item":"https:\/\/transamerica93.com.br\/home\/"},{"@type":"ListItem","position":2,"name":"Fatec abre inscri\u00e7\u00f5es para vestibular do 2\u00ba semestre; veja cursos dispon\u00edveis na regi\u00e3o"}]},{"@type":"WebSite","@id":"https:\/\/transamerica93.com.br\/home\/#website","url":"https:\/\/transamerica93.com.br\/home\/","name":"Transam\u00e9rica Mococa 93,3","description":"","publisher":{"@id":"https:\/\/transamerica93.com.br\/home\/#organization"},"potentialAction":[{"@type":"SearchAction","target":{"@type":"EntryPoint","urlTemplate":"https:\/\/transamerica93.com.br\/home\/?s={search_term_string}"},"query-input":{"@type":"PropertyValueSpecification","valueRequired":true,"valueName":"search_term_string"}}],"inLanguage":"pt-BR"},{"@type":"Organization","@id":"https:\/\/transamerica93.com.br\/home\/#organization","name":"Transam\u00e9rica Mococa 93,3","url":"https:\/\/transamerica93.com.br\/home\/","logo":{"@type":"ImageObject","inLanguage":"pt-BR","@id":"https:\/\/transamerica93.com.br\/home\/#\/schema\/logo\/image\/","url":"https:\/\/transamerica93.com.br\/home\/wp-content\/uploads\/2023\/10\/logo2.png","contentUrl":"https:\/\/transamerica93.com.br\/home\/wp-content\/uploads\/2023\/10\/logo2.png","width":800,"height":500,"caption":"Transam\u00e9rica Mococa 93,3"},"image":{"@id":"https:\/\/transamerica93.com.br\/home\/#\/schema\/logo\/image\/"},"sameAs":["https:\/\/www.facebook.com\/transamericamococa","https:\/\/x.com\/transamerica933","https:\/\/www.instagram.com\/transamericamococa"]},{"@type":"Person","@id":"https:\/\/transamerica93.com.br\/home\/#\/schema\/person\/7fed7c99c0d4562efa8561bc0f543172","name":"Reda\u00e7\u00e3o","image":{"@type":"ImageObject","inLanguage":"pt-BR","@id":"https:\/\/secure.gravatar.com\/avatar\/1072c6b775fb02ef8506ce967551d95926669a6b7d2c2147b42eea4d7c68395e?s=96&d=mm&r=g","url":"https:\/\/secure.gravatar.com\/avatar\/1072c6b775fb02ef8506ce967551d95926669a6b7d2c2147b42eea4d7c68395e?s=96&d=mm&r=g","contentUrl":"https:\/\/secure.gravatar.com\/avatar\/1072c6b775fb02ef8506ce967551d95926669a6b7d2c2147b42eea4d7c68395e?s=96&d=mm&r=g","caption":"Reda\u00e7\u00e3o"},"sameAs":["https:\/\/transamerica93.com.br\/home"],"url":"https:\/\/transamerica93.com.br\/home\/author\/william\/"}]}},"_links":{"self":[{"href":"https:\/\/transamerica93.com.br\/home\/wp-json\/wp\/v2\/posts\/2876","targetHints":{"allow":["GET"]}}],"collection":[{"href":"https:\/\/transamerica93.com.br\/home\/wp-json\/wp\/v2\/posts"}],"about":[{"href":"https:\/\/transamerica93.com.br\/home\/wp-json\/wp\/v2\/types\/post"}],"author":[{"embeddable":true,"href":"https:\/\/transamerica93.com.br\/home\/wp-json\/wp\/v2\/users\/1"}],"replies":[{"embeddable":true,"href":"https:\/\/transamerica93.com.br\/home\/wp-json\/wp\/v2\/comments?post=2876"}],"version-history":[{"count":1,"href":"https:\/\/transamerica93.com.br\/home\/wp-json\/wp\/v2\/posts\/2876\/revisions"}],"predecessor-version":[{"id":2879,"href":"https:\/\/transamerica93.com.br\/home\/wp-json\/wp\/v2\/posts\/2876\/revisions\/2879"}],"wp:featuredmedia":[{"embeddable":true,"href":"https:\/\/transamerica93.com.br\/home\/wp-json\/wp\/v2\/media\/2877"}],"wp:attachment":[{"href":"https:\/\/transamerica93.com.br\/home\/wp-json\/wp\/v2\/media?parent=2876"}],"wp:term":[{"taxonomy":"category","embeddable":true,"href":"https:\/\/transamerica93.com.br\/home\/wp-json\/wp\/v2\/categories?post=2876"},{"taxonomy":"post_tag","embeddable":true,"href":"https:\/\/transamerica93.com.br\/home\/wp-json\/wp\/v2\/tags?post=2876"}],"curies":[{"name":"wp","href":"https:\/\/api.w.org\/{rel}","templated":true}]}}