{"id":2880,"date":"2024-04-23T09:00:35","date_gmt":"2024-04-23T12:00:35","guid":{"rendered":"https:\/\/transamerica93.com.br\/home\/?p=2880"},"modified":"2024-04-19T18:10:53","modified_gmt":"2024-04-19T21:10:53","slug":"conta-de-agua-vai-ficar-644-mais-cara-em-mococa-e-outras-cidades-da-regiao-a-partir-de-mai","status":"publish","type":"post","link":"https:\/\/transamerica93.com.br\/home\/conta-de-agua-vai-ficar-644-mais-cara-em-mococa-e-outras-cidades-da-regiao-a-partir-de-mai\/","title":{"rendered":"Conta de \u00e1gua vai ficar 6,44% mais cara em Mococa e outras cidades da regi\u00e3o a partir de mai"},"content":{"rendered":"<div id=\"chunk-bf8gs\">\n<div class=\"mc-column content-text active-extra-styles \" data-block-type=\"unstyled\" data-block-weight=\"46\" data-block-id=\"2\">\n<p class=\" content-text__container \" data-track-category=\"Link no Texto\" data-track-links=\"\">A conta de \u00e1gua vai ficar mais cara para para moradores de\u00a0<a class=\"\" href=\"https:\/\/g1.globo.com\/sp\/sao-carlos-regiao\/cidade\/aguas-da-prata\/\">\u00c1guas da Prata<\/a>,\u00a0<a class=\"\" href=\"https:\/\/g1.globo.com\/sp\/sao-carlos-regiao\/cidade\/divinolandia\/\">Divinol\u00e2ndia<\/a>,\u00a0<a class=\"\" href=\"https:\/\/g1.globo.com\/sp\/sao-carlos-regiao\/cidade\/dourado\/\">Dourado<\/a>,\u00a0<a class=\"\" href=\"https:\/\/g1.globo.com\/sp\/sao-carlos-regiao\/cidade\/itobi\/\">Itobi<\/a>,\u00a0<a class=\"\" href=\"https:\/\/g1.globo.com\/sp\/sao-carlos-regiao\/cidade\/mococa\/\">Mococa<\/a>\u00a0e\u00a0<a class=\"\" href=\"https:\/\/g1.globo.com\/sp\/sao-carlos-regiao\/cidade\/sao-joao-da-boa-vista\/\">S\u00e3o Jo\u00e3o da Boa Vista (SP)<\/a> a partir do dia 10 de maio. Isso porque a Sabesp ir\u00e1 reajustar o valor da tarifa em 6,44%.<\/p>\n<\/div>\n<\/div>\n<div class=\"wall protected-content\">\n<div id=\"chunk-9eiil\">\n<div class=\"mc-column content-text active-extra-styles \" data-block-type=\"unstyled\" data-block-weight=\"21\" data-block-id=\"5\">\n<p class=\" content-text__container \" data-track-category=\"Link no Texto\" data-track-links=\"\">O aumento foi autorizado pela ag\u00eancia que regula o setor de saneamento e de energia no estado de S\u00e3o Paulo (Arsesp).<\/p>\n<\/div>\n<\/div>\n<div id=\"chunk-52b5\">\n<div class=\"mc-column content-text active-extra-styles \" data-block-type=\"unstyled\" data-block-weight=\"15\" data-block-id=\"6\">\n<p class=\" content-text__container \" data-track-category=\"Link no Texto\" data-track-links=\"\">Com esse reajuste as tarifas um consumo de at\u00e9 10 m\u00b3 de \u00e1gua, passam de:<\/p>\n<\/div>\n<\/div>\n<div id=\"chunk-eetr4\">\n<div class=\"mc-column content-text active-extra-styles\" data-block-type=\"raw\" data-block-weight=\"31\" data-block-id=\"7\">\n<ul class=\"content-unordered-list\">\n<li>R$ R$ 20,13 para R$ 21,52, na categoria residencial social;<\/li>\n<li>R$ 64,60 para R$ 69,09, na categoria residencial normal; e<\/li>\n<li>R$ 129,55 para R$ 138,56, nas categorias comercial, industrial e p\u00fablica.<\/li>\n<\/ul>\n<\/div>\n<\/div>\n<div id=\"chunk-ahli9\">\n<div class=\"content-ads content-ads--reveal\" data-block-type=\"ads\" data-block-id=\"8\"><\/div>\n<\/div>\n<div id=\"chunk-d1u9q\">\n<div class=\"mc-column content-text active-extra-styles \" data-block-type=\"unstyled\" data-block-weight=\"16\" data-block-id=\"9\">\n<p class=\" content-text__container \" data-track-category=\"Link no Texto\" data-track-links=\"\">O \u00edndice autorizado, que vale para todos os segmentos de consumo, \u00e9 de 6,44% e corresponde:<\/p>\n<\/div>\n<\/div>\n<div id=\"chunk-fupvc\">\n<div class=\"mc-column content-text active-extra-styles\" data-block-type=\"raw\" data-block-weight=\"79\" data-block-id=\"10\">\n<ul class=\"content-unordered-list\">\n<li>A infla\u00e7\u00e3o acumulada de 12 meses em fevereiro de 2024 a mar\u00e7o de 2024, que foi de 4,4964%, descontado um percentual de 0,2142% fixado pelo regulador, referente a ganhos de efici\u00eancia que devem ser compartilhados com os usu\u00e1rios e aplicado o valor de 0,0720% referente o \u00cdndice Geral de Qualidade;<\/li>\n<li>Ao ajuste compensat\u00f3rio de 2,0927%, decorrente do \u00faltimo processo de revis\u00e3o tarif\u00e1ria da empresa, conclu\u00eddo em maio de 2023, conforme descrito na nota t\u00e9cnica publicada no site da Ag\u00eancia.<\/li>\n<\/ul>\n<p>Via <a href=\"https:\/\/g1.globo.com\/sp\/sao-carlos-regiao\/noticia\/2024\/04\/15\/conta-de-agua-vai-ficar-644percent-mais-cara-em-6-cidades-da-regiao-a-partir-de-maio-veja-lista.ghtml\" target=\"_blank\" rel=\"noopener\">G1 Mococa<\/a><\/p>\n<\/div>\n<\/div>\n<\/div>\n","protected":false},"excerpt":{"rendered":"<p>A conta de \u00e1gua vai ficar mais cara para para moradores de\u00a0\u00c1guas da Prata,\u00a0Divinol\u00e2ndia,\u00a0Dourado,\u00a0Itobi,\u00a0Mococa\u00a0e\u00a0S\u00e3o Jo\u00e3o da Boa Vista (SP) a partir do dia 10 de maio. Isso porque a Sabesp ir\u00e1 reajustar o valor da tarifa em 6,44%. O aumento foi autorizado pela ag\u00eancia que regula o setor de saneamento e de energia no estado &hellip;<\/p>\n","protected":false},"author":1,"featured_media":2878,"comment_status":"closed","ping_status":"closed","sticky":false,"template":"","format":"standard","meta":{"footnotes":""},"categories":[30],"tags":[],"class_list":["post-2880","post","type-post","status-publish","format-standard","has-post-thumbnail","hentry","category-geral"],"yoast_head":"<!-- This site is optimized with the Yoast SEO plugin v27.4 - https:\/\/yoast.com\/product\/yoast-seo-wordpress\/ -->\n<title>Conta de \u00e1gua vai ficar 6,44% mais cara em Mococa e outras cidades da regi\u00e3o a partir de mai - Transam\u00e9rica Mococa 93,3<\/title>\n<meta name=\"robots\" content=\"index, follow, max-snippet:-1, max-image-preview:large, max-video-preview:-1\" \/>\n<link rel=\"canonical\" href=\"https:\/\/transamerica93.com.br\/home\/conta-de-agua-vai-ficar-644-mais-cara-em-mococa-e-outras-cidades-da-regiao-a-partir-de-mai\/\" \/>\n<meta property=\"og:locale\" content=\"pt_BR\" \/>\n<meta property=\"og:type\" content=\"article\" \/>\n<meta property=\"og:title\" content=\"Conta de \u00e1gua vai ficar 6,44% mais cara em Mococa e outras cidades da regi\u00e3o a partir de mai - Transam\u00e9rica Mococa 93,3\" \/>\n<meta property=\"og:description\" content=\"A conta de \u00e1gua vai ficar mais cara para para moradores de\u00a0\u00c1guas da Prata,\u00a0Divinol\u00e2ndia,\u00a0Dourado,\u00a0Itobi,\u00a0Mococa\u00a0e\u00a0S\u00e3o Jo\u00e3o da Boa Vista (SP) a partir do dia 10 de maio. Isso porque a Sabesp ir\u00e1 reajustar o valor da tarifa em 6,44%. O aumento foi autorizado pela ag\u00eancia que regula o setor de saneamento e de energia no estado &hellip;\" \/>\n<meta property=\"og:url\" content=\"https:\/\/transamerica93.com.br\/home\/conta-de-agua-vai-ficar-644-mais-cara-em-mococa-e-outras-cidades-da-regiao-a-partir-de-mai\/\" \/>\n<meta property=\"og:site_name\" content=\"Transam\u00e9rica Mococa 93,3\" \/>\n<meta property=\"article:publisher\" content=\"https:\/\/www.facebook.com\/transamericamococa\" \/>\n<meta property=\"article:published_time\" content=\"2024-04-23T12:00:35+00:00\" \/>\n<meta property=\"og:image\" content=\"https:\/\/transamerica93.com.br\/home\/wp-content\/uploads\/2024\/04\/2-2.jpg\" \/>\n\t<meta property=\"og:image:width\" content=\"984\" \/>\n\t<meta property=\"og:image:height\" content=\"653\" \/>\n\t<meta property=\"og:image:type\" content=\"image\/jpeg\" \/>\n<meta name=\"author\" content=\"Reda\u00e7\u00e3o\" \/>\n<meta name=\"twitter:card\" content=\"summary_large_image\" \/>\n<meta name=\"twitter:creator\" content=\"@transamerica933\" \/>\n<meta name=\"twitter:site\" content=\"@transamerica933\" \/>\n<meta name=\"twitter:label1\" content=\"Escrito por\" \/>\n\t<meta name=\"twitter:data1\" content=\"Reda\u00e7\u00e3o\" \/>\n\t<meta name=\"twitter:label2\" content=\"Est. tempo de leitura\" \/>\n\t<meta name=\"twitter:data2\" content=\"2 minutos\" \/>\n<script type=\"application\/ld+json\" class=\"yoast-schema-graph\">{\"@context\":\"https:\\\/\\\/schema.org\",\"@graph\":[{\"@type\":\"Article\",\"@id\":\"https:\\\/\\\/transamerica93.com.br\\\/home\\\/conta-de-agua-vai-ficar-644-mais-cara-em-mococa-e-outras-cidades-da-regiao-a-partir-de-mai\\\/#article\",\"isPartOf\":{\"@id\":\"https:\\\/\\\/transamerica93.com.br\\\/home\\\/conta-de-agua-vai-ficar-644-mais-cara-em-mococa-e-outras-cidades-da-regiao-a-partir-de-mai\\\/\"},\"author\":{\"name\":\"Reda\u00e7\u00e3o\",\"@id\":\"https:\\\/\\\/transamerica93.com.br\\\/home\\\/#\\\/schema\\\/person\\\/7fed7c99c0d4562efa8561bc0f543172\"},\"headline\":\"Conta de \u00e1gua vai ficar 6,44% mais cara em Mococa e outras cidades da regi\u00e3o a partir de mai\",\"datePublished\":\"2024-04-23T12:00:35+00:00\",\"mainEntityOfPage\":{\"@id\":\"https:\\\/\\\/transamerica93.com.br\\\/home\\\/conta-de-agua-vai-ficar-644-mais-cara-em-mococa-e-outras-cidades-da-regiao-a-partir-de-mai\\\/\"},\"wordCount\":226,\"publisher\":{\"@id\":\"https:\\\/\\\/transamerica93.com.br\\\/home\\\/#organization\"},\"image\":{\"@id\":\"https:\\\/\\\/transamerica93.com.br\\\/home\\\/conta-de-agua-vai-ficar-644-mais-cara-em-mococa-e-outras-cidades-da-regiao-a-partir-de-mai\\\/#primaryimage\"},\"thumbnailUrl\":\"https:\\\/\\\/transamerica93.com.br\\\/home\\\/wp-content\\\/uploads\\\/2024\\\/04\\\/2-2.jpg\",\"articleSection\":[\"Geral\"],\"inLanguage\":\"pt-BR\"},{\"@type\":\"WebPage\",\"@id\":\"https:\\\/\\\/transamerica93.com.br\\\/home\\\/conta-de-agua-vai-ficar-644-mais-cara-em-mococa-e-outras-cidades-da-regiao-a-partir-de-mai\\\/\",\"url\":\"https:\\\/\\\/transamerica93.com.br\\\/home\\\/conta-de-agua-vai-ficar-644-mais-cara-em-mococa-e-outras-cidades-da-regiao-a-partir-de-mai\\\/\",\"name\":\"Conta de \u00e1gua vai ficar 6,44% mais cara em Mococa e outras cidades da regi\u00e3o a partir de mai - Transam\u00e9rica Mococa 93,3\",\"isPartOf\":{\"@id\":\"https:\\\/\\\/transamerica93.com.br\\\/home\\\/#website\"},\"primaryImageOfPage\":{\"@id\":\"https:\\\/\\\/transamerica93.com.br\\\/home\\\/conta-de-agua-vai-ficar-644-mais-cara-em-mococa-e-outras-cidades-da-regiao-a-partir-de-mai\\\/#primaryimage\"},\"image\":{\"@id\":\"https:\\\/\\\/transamerica93.com.br\\\/home\\\/conta-de-agua-vai-ficar-644-mais-cara-em-mococa-e-outras-cidades-da-regiao-a-partir-de-mai\\\/#primaryimage\"},\"thumbnailUrl\":\"https:\\\/\\\/transamerica93.com.br\\\/home\\\/wp-content\\\/uploads\\\/2024\\\/04\\\/2-2.jpg\",\"datePublished\":\"2024-04-23T12:00:35+00:00\",\"breadcrumb\":{\"@id\":\"https:\\\/\\\/transamerica93.com.br\\\/home\\\/conta-de-agua-vai-ficar-644-mais-cara-em-mococa-e-outras-cidades-da-regiao-a-partir-de-mai\\\/#breadcrumb\"},\"inLanguage\":\"pt-BR\",\"potentialAction\":[{\"@type\":\"ReadAction\",\"target\":[\"https:\\\/\\\/transamerica93.com.br\\\/home\\\/conta-de-agua-vai-ficar-644-mais-cara-em-mococa-e-outras-cidades-da-regiao-a-partir-de-mai\\\/\"]}]},{\"@type\":\"ImageObject\",\"inLanguage\":\"pt-BR\",\"@id\":\"https:\\\/\\\/transamerica93.com.br\\\/home\\\/conta-de-agua-vai-ficar-644-mais-cara-em-mococa-e-outras-cidades-da-regiao-a-partir-de-mai\\\/#primaryimage\",\"url\":\"https:\\\/\\\/transamerica93.com.br\\\/home\\\/wp-content\\\/uploads\\\/2024\\\/04\\\/2-2.jpg\",\"contentUrl\":\"https:\\\/\\\/transamerica93.com.br\\\/home\\\/wp-content\\\/uploads\\\/2024\\\/04\\\/2-2.jpg\",\"width\":984,\"height\":653,\"caption\":\"Torneira com \u00e1gua \u2014 Foto: Igor J\u00e1come\\\/g1\"},{\"@type\":\"BreadcrumbList\",\"@id\":\"https:\\\/\\\/transamerica93.com.br\\\/home\\\/conta-de-agua-vai-ficar-644-mais-cara-em-mococa-e-outras-cidades-da-regiao-a-partir-de-mai\\\/#breadcrumb\",\"itemListElement\":[{\"@type\":\"ListItem\",\"position\":1,\"name\":\"In\u00edcio\",\"item\":\"https:\\\/\\\/transamerica93.com.br\\\/home\\\/\"},{\"@type\":\"ListItem\",\"position\":2,\"name\":\"Conta de \u00e1gua vai ficar 6,44% mais cara em Mococa e outras cidades da regi\u00e3o a partir de mai\"}]},{\"@type\":\"WebSite\",\"@id\":\"https:\\\/\\\/transamerica93.com.br\\\/home\\\/#website\",\"url\":\"https:\\\/\\\/transamerica93.com.br\\\/home\\\/\",\"name\":\"Transam\u00e9rica Mococa 93,3\",\"description\":\"\",\"publisher\":{\"@id\":\"https:\\\/\\\/transamerica93.com.br\\\/home\\\/#organization\"},\"potentialAction\":[{\"@type\":\"SearchAction\",\"target\":{\"@type\":\"EntryPoint\",\"urlTemplate\":\"https:\\\/\\\/transamerica93.com.br\\\/home\\\/?s={search_term_string}\"},\"query-input\":{\"@type\":\"PropertyValueSpecification\",\"valueRequired\":true,\"valueName\":\"search_term_string\"}}],\"inLanguage\":\"pt-BR\"},{\"@type\":\"Organization\",\"@id\":\"https:\\\/\\\/transamerica93.com.br\\\/home\\\/#organization\",\"name\":\"Transam\u00e9rica Mococa 93,3\",\"url\":\"https:\\\/\\\/transamerica93.com.br\\\/home\\\/\",\"logo\":{\"@type\":\"ImageObject\",\"inLanguage\":\"pt-BR\",\"@id\":\"https:\\\/\\\/transamerica93.com.br\\\/home\\\/#\\\/schema\\\/logo\\\/image\\\/\",\"url\":\"https:\\\/\\\/transamerica93.com.br\\\/home\\\/wp-content\\\/uploads\\\/2023\\\/10\\\/logo2.png\",\"contentUrl\":\"https:\\\/\\\/transamerica93.com.br\\\/home\\\/wp-content\\\/uploads\\\/2023\\\/10\\\/logo2.png\",\"width\":800,\"height\":500,\"caption\":\"Transam\u00e9rica Mococa 93,3\"},\"image\":{\"@id\":\"https:\\\/\\\/transamerica93.com.br\\\/home\\\/#\\\/schema\\\/logo\\\/image\\\/\"},\"sameAs\":[\"https:\\\/\\\/www.facebook.com\\\/transamericamococa\",\"https:\\\/\\\/x.com\\\/transamerica933\",\"https:\\\/\\\/www.instagram.com\\\/transamericamococa\"]},{\"@type\":\"Person\",\"@id\":\"https:\\\/\\\/transamerica93.com.br\\\/home\\\/#\\\/schema\\\/person\\\/7fed7c99c0d4562efa8561bc0f543172\",\"name\":\"Reda\u00e7\u00e3o\",\"image\":{\"@type\":\"ImageObject\",\"inLanguage\":\"pt-BR\",\"@id\":\"https:\\\/\\\/secure.gravatar.com\\\/avatar\\\/1072c6b775fb02ef8506ce967551d95926669a6b7d2c2147b42eea4d7c68395e?s=96&d=mm&r=g\",\"url\":\"https:\\\/\\\/secure.gravatar.com\\\/avatar\\\/1072c6b775fb02ef8506ce967551d95926669a6b7d2c2147b42eea4d7c68395e?s=96&d=mm&r=g\",\"contentUrl\":\"https:\\\/\\\/secure.gravatar.com\\\/avatar\\\/1072c6b775fb02ef8506ce967551d95926669a6b7d2c2147b42eea4d7c68395e?s=96&d=mm&r=g\",\"caption\":\"Reda\u00e7\u00e3o\"},\"sameAs\":[\"https:\\\/\\\/transamerica93.com.br\\\/home\"],\"url\":\"https:\\\/\\\/transamerica93.com.br\\\/home\\\/author\\\/william\\\/\"}]}<\/script>\n<!-- \/ Yoast SEO plugin. -->","yoast_head_json":{"title":"Conta de \u00e1gua vai ficar 6,44% mais cara em Mococa e outras cidades da regi\u00e3o a partir de mai - Transam\u00e9rica Mococa 93,3","robots":{"index":"index","follow":"follow","max-snippet":"max-snippet:-1","max-image-preview":"max-image-preview:large","max-video-preview":"max-video-preview:-1"},"canonical":"https:\/\/transamerica93.com.br\/home\/conta-de-agua-vai-ficar-644-mais-cara-em-mococa-e-outras-cidades-da-regiao-a-partir-de-mai\/","og_locale":"pt_BR","og_type":"article","og_title":"Conta de \u00e1gua vai ficar 6,44% mais cara em Mococa e outras cidades da regi\u00e3o a partir de mai - Transam\u00e9rica Mococa 93,3","og_description":"A conta de \u00e1gua vai ficar mais cara para para moradores de\u00a0\u00c1guas da Prata,\u00a0Divinol\u00e2ndia,\u00a0Dourado,\u00a0Itobi,\u00a0Mococa\u00a0e\u00a0S\u00e3o Jo\u00e3o da Boa Vista (SP) a partir do dia 10 de maio. Isso porque a Sabesp ir\u00e1 reajustar o valor da tarifa em 6,44%. O aumento foi autorizado pela ag\u00eancia que regula o setor de saneamento e de energia no estado &hellip;","og_url":"https:\/\/transamerica93.com.br\/home\/conta-de-agua-vai-ficar-644-mais-cara-em-mococa-e-outras-cidades-da-regiao-a-partir-de-mai\/","og_site_name":"Transam\u00e9rica Mococa 93,3","article_publisher":"https:\/\/www.facebook.com\/transamericamococa","article_published_time":"2024-04-23T12:00:35+00:00","og_image":[{"width":984,"height":653,"url":"https:\/\/transamerica93.com.br\/home\/wp-content\/uploads\/2024\/04\/2-2.jpg","type":"image\/jpeg"}],"author":"Reda\u00e7\u00e3o","twitter_card":"summary_large_image","twitter_creator":"@transamerica933","twitter_site":"@transamerica933","twitter_misc":{"Escrito por":"Reda\u00e7\u00e3o","Est. tempo de leitura":"2 minutos"},"schema":{"@context":"https:\/\/schema.org","@graph":[{"@type":"Article","@id":"https:\/\/transamerica93.com.br\/home\/conta-de-agua-vai-ficar-644-mais-cara-em-mococa-e-outras-cidades-da-regiao-a-partir-de-mai\/#article","isPartOf":{"@id":"https:\/\/transamerica93.com.br\/home\/conta-de-agua-vai-ficar-644-mais-cara-em-mococa-e-outras-cidades-da-regiao-a-partir-de-mai\/"},"author":{"name":"Reda\u00e7\u00e3o","@id":"https:\/\/transamerica93.com.br\/home\/#\/schema\/person\/7fed7c99c0d4562efa8561bc0f543172"},"headline":"Conta de \u00e1gua vai ficar 6,44% mais cara em Mococa e outras cidades da regi\u00e3o a partir de mai","datePublished":"2024-04-23T12:00:35+00:00","mainEntityOfPage":{"@id":"https:\/\/transamerica93.com.br\/home\/conta-de-agua-vai-ficar-644-mais-cara-em-mococa-e-outras-cidades-da-regiao-a-partir-de-mai\/"},"wordCount":226,"publisher":{"@id":"https:\/\/transamerica93.com.br\/home\/#organization"},"image":{"@id":"https:\/\/transamerica93.com.br\/home\/conta-de-agua-vai-ficar-644-mais-cara-em-mococa-e-outras-cidades-da-regiao-a-partir-de-mai\/#primaryimage"},"thumbnailUrl":"https:\/\/transamerica93.com.br\/home\/wp-content\/uploads\/2024\/04\/2-2.jpg","articleSection":["Geral"],"inLanguage":"pt-BR"},{"@type":"WebPage","@id":"https:\/\/transamerica93.com.br\/home\/conta-de-agua-vai-ficar-644-mais-cara-em-mococa-e-outras-cidades-da-regiao-a-partir-de-mai\/","url":"https:\/\/transamerica93.com.br\/home\/conta-de-agua-vai-ficar-644-mais-cara-em-mococa-e-outras-cidades-da-regiao-a-partir-de-mai\/","name":"Conta de \u00e1gua vai ficar 6,44% mais cara em Mococa e outras cidades da regi\u00e3o a partir de mai - Transam\u00e9rica Mococa 93,3","isPartOf":{"@id":"https:\/\/transamerica93.com.br\/home\/#website"},"primaryImageOfPage":{"@id":"https:\/\/transamerica93.com.br\/home\/conta-de-agua-vai-ficar-644-mais-cara-em-mococa-e-outras-cidades-da-regiao-a-partir-de-mai\/#primaryimage"},"image":{"@id":"https:\/\/transamerica93.com.br\/home\/conta-de-agua-vai-ficar-644-mais-cara-em-mococa-e-outras-cidades-da-regiao-a-partir-de-mai\/#primaryimage"},"thumbnailUrl":"https:\/\/transamerica93.com.br\/home\/wp-content\/uploads\/2024\/04\/2-2.jpg","datePublished":"2024-04-23T12:00:35+00:00","breadcrumb":{"@id":"https:\/\/transamerica93.com.br\/home\/conta-de-agua-vai-ficar-644-mais-cara-em-mococa-e-outras-cidades-da-regiao-a-partir-de-mai\/#breadcrumb"},"inLanguage":"pt-BR","potentialAction":[{"@type":"ReadAction","target":["https:\/\/transamerica93.com.br\/home\/conta-de-agua-vai-ficar-644-mais-cara-em-mococa-e-outras-cidades-da-regiao-a-partir-de-mai\/"]}]},{"@type":"ImageObject","inLanguage":"pt-BR","@id":"https:\/\/transamerica93.com.br\/home\/conta-de-agua-vai-ficar-644-mais-cara-em-mococa-e-outras-cidades-da-regiao-a-partir-de-mai\/#primaryimage","url":"https:\/\/transamerica93.com.br\/home\/wp-content\/uploads\/2024\/04\/2-2.jpg","contentUrl":"https:\/\/transamerica93.com.br\/home\/wp-content\/uploads\/2024\/04\/2-2.jpg","width":984,"height":653,"caption":"Torneira com \u00e1gua \u2014 Foto: Igor J\u00e1come\/g1"},{"@type":"BreadcrumbList","@id":"https:\/\/transamerica93.com.br\/home\/conta-de-agua-vai-ficar-644-mais-cara-em-mococa-e-outras-cidades-da-regiao-a-partir-de-mai\/#breadcrumb","itemListElement":[{"@type":"ListItem","position":1,"name":"In\u00edcio","item":"https:\/\/transamerica93.com.br\/home\/"},{"@type":"ListItem","position":2,"name":"Conta de \u00e1gua vai ficar 6,44% mais cara em Mococa e outras cidades da regi\u00e3o a partir de mai"}]},{"@type":"WebSite","@id":"https:\/\/transamerica93.com.br\/home\/#website","url":"https:\/\/transamerica93.com.br\/home\/","name":"Transam\u00e9rica Mococa 93,3","description":"","publisher":{"@id":"https:\/\/transamerica93.com.br\/home\/#organization"},"potentialAction":[{"@type":"SearchAction","target":{"@type":"EntryPoint","urlTemplate":"https:\/\/transamerica93.com.br\/home\/?s={search_term_string}"},"query-input":{"@type":"PropertyValueSpecification","valueRequired":true,"valueName":"search_term_string"}}],"inLanguage":"pt-BR"},{"@type":"Organization","@id":"https:\/\/transamerica93.com.br\/home\/#organization","name":"Transam\u00e9rica Mococa 93,3","url":"https:\/\/transamerica93.com.br\/home\/","logo":{"@type":"ImageObject","inLanguage":"pt-BR","@id":"https:\/\/transamerica93.com.br\/home\/#\/schema\/logo\/image\/","url":"https:\/\/transamerica93.com.br\/home\/wp-content\/uploads\/2023\/10\/logo2.png","contentUrl":"https:\/\/transamerica93.com.br\/home\/wp-content\/uploads\/2023\/10\/logo2.png","width":800,"height":500,"caption":"Transam\u00e9rica Mococa 93,3"},"image":{"@id":"https:\/\/transamerica93.com.br\/home\/#\/schema\/logo\/image\/"},"sameAs":["https:\/\/www.facebook.com\/transamericamococa","https:\/\/x.com\/transamerica933","https:\/\/www.instagram.com\/transamericamococa"]},{"@type":"Person","@id":"https:\/\/transamerica93.com.br\/home\/#\/schema\/person\/7fed7c99c0d4562efa8561bc0f543172","name":"Reda\u00e7\u00e3o","image":{"@type":"ImageObject","inLanguage":"pt-BR","@id":"https:\/\/secure.gravatar.com\/avatar\/1072c6b775fb02ef8506ce967551d95926669a6b7d2c2147b42eea4d7c68395e?s=96&d=mm&r=g","url":"https:\/\/secure.gravatar.com\/avatar\/1072c6b775fb02ef8506ce967551d95926669a6b7d2c2147b42eea4d7c68395e?s=96&d=mm&r=g","contentUrl":"https:\/\/secure.gravatar.com\/avatar\/1072c6b775fb02ef8506ce967551d95926669a6b7d2c2147b42eea4d7c68395e?s=96&d=mm&r=g","caption":"Reda\u00e7\u00e3o"},"sameAs":["https:\/\/transamerica93.com.br\/home"],"url":"https:\/\/transamerica93.com.br\/home\/author\/william\/"}]}},"_links":{"self":[{"href":"https:\/\/transamerica93.com.br\/home\/wp-json\/wp\/v2\/posts\/2880","targetHints":{"allow":["GET"]}}],"collection":[{"href":"https:\/\/transamerica93.com.br\/home\/wp-json\/wp\/v2\/posts"}],"about":[{"href":"https:\/\/transamerica93.com.br\/home\/wp-json\/wp\/v2\/types\/post"}],"author":[{"embeddable":true,"href":"https:\/\/transamerica93.com.br\/home\/wp-json\/wp\/v2\/users\/1"}],"replies":[{"embeddable":true,"href":"https:\/\/transamerica93.com.br\/home\/wp-json\/wp\/v2\/comments?post=2880"}],"version-history":[{"count":2,"href":"https:\/\/transamerica93.com.br\/home\/wp-json\/wp\/v2\/posts\/2880\/revisions"}],"predecessor-version":[{"id":2882,"href":"https:\/\/transamerica93.com.br\/home\/wp-json\/wp\/v2\/posts\/2880\/revisions\/2882"}],"wp:featuredmedia":[{"embeddable":true,"href":"https:\/\/transamerica93.com.br\/home\/wp-json\/wp\/v2\/media\/2878"}],"wp:attachment":[{"href":"https:\/\/transamerica93.com.br\/home\/wp-json\/wp\/v2\/media?parent=2880"}],"wp:term":[{"taxonomy":"category","embeddable":true,"href":"https:\/\/transamerica93.com.br\/home\/wp-json\/wp\/v2\/categories?post=2880"},{"taxonomy":"post_tag","embeddable":true,"href":"https:\/\/transamerica93.com.br\/home\/wp-json\/wp\/v2\/tags?post=2880"}],"curies":[{"name":"wp","href":"https:\/\/api.w.org\/{rel}","templated":true}]}}