{"id":2904,"date":"2024-04-25T12:00:22","date_gmt":"2024-04-25T15:00:22","guid":{"rendered":"https:\/\/transamerica93.com.br\/home\/?p=2904"},"modified":"2024-04-19T18:26:00","modified_gmt":"2024-04-19T21:26:00","slug":"cob-anuncia-primeiros-atletas-do-programa-vivencia-olimpica","status":"publish","type":"post","link":"https:\/\/transamerica93.com.br\/home\/cob-anuncia-primeiros-atletas-do-programa-vivencia-olimpica\/","title":{"rendered":"COB anuncia primeiros atletas do programa Viv\u00eancia Ol\u00edmpica"},"content":{"rendered":"<div class=\"post-item-wrap\">\n<p>O Comit\u00ea Ol\u00edmpico do Brasil (COB) anunciou os dois primeiros nomes que far\u00e3o parte do programa Viv\u00eancia Ol\u00edmpica, que tem como objetivo permitir que jovens atletas tenham a possibilidade de viver o ambiente dos Jogos Ol\u00edmpicos de forma antecipada. E os escolhidos foram a levantadora de peso Taiane Justino, de 20 anos, e o surfista Ryan Kainalo, de 18 anos.<\/p>\n<p>Taiane e Ryan s\u00e3o apenas os dois primeiros de um grupo formado por seis homens e seis mulheres que t\u00eam potencial de evolu\u00e7\u00e3o e protagonismo tanto nos Jogos Ol\u00edmpicos de Los Angeles (2028) como de Brisbane (2032).<\/p>\n<p>\u201cO programa sempre teve muito sucesso e \u00e9 aguardado por todos. A escolha dos atletas envolve uma an\u00e1lise de v\u00e1rios fatores. S\u00e3o atletas que j\u00e1 v\u00eam apresentando um desempenho nas categorias de base. \u00c9 muito bom perceber como teve essa conex\u00e3o, de atletas de sucesso que participaram desse programa no passado. Faz muita diferen\u00e7a para os atletas ter essa viv\u00eancia de fato. Construir essa vontade dentro deles, facilita que eles sigam percorrendo esse sonho e cheguem mais preparados, sabendo o que espera por eles\u201d, declarou o diretor de Desenvolvimento e Ci\u00eancias do Esporte, Kenji Saito, durante evento realizado pelo COB na noite da \u00faltima quarta-feira (17) no Rio de Janeiro.<\/p>\n<p>O programa Viv\u00eancia Ol\u00edmpica teve sua primeira edi\u00e7\u00e3o nos Jogos de Londres (2012), e desde ent\u00e3o ajudou na forma\u00e7\u00e3o de nomes como Rebeca Andrade, Isaquias Queiroz, Thiago Braz, Martine Grael, Bia Ferreira, Felipe Wu, Hugo Calderano, Duda e Ana Patr\u00edcia.<\/p>\n<h2>Embaixadores ol\u00edmpicos<\/h2>\n<p>Al\u00e9m disso, o COB anunciou a rela\u00e7\u00e3o de ex-atletas medalhistas ol\u00edmpicos que ser\u00e3o Embaixadores Ol\u00edmpicos do COB nos Jogos Ol\u00edmpicos de Paris: Virna, Mauricio Lima, Thiago Camilo, Vanderlei Cordeiro, Janeth Arcain e Natalia Falavigna. Eles ter\u00e3o como miss\u00e3o principal inspirar novas gera\u00e7\u00f5es de atletas atrav\u00e9s da troca de experi\u00eancias.<\/p>\n<p>\u201c\u00c9 fundamental que os atletas tenham refer\u00eancias positivas e vencedoras para que possam dar continuidade a suas carreiras. O mais importante \u00e9 trazer um ambiente vencedor, positivo e de confian\u00e7a\u201d, declarou o diretor-geral do COB, Rogerio Sampaio.<\/p>\n<\/div>\n<p class=\"alt-font font-italic my-2 small text-info\">Edi\u00e7\u00e3o: F\u00e1bio Lisboa<\/p>\n","protected":false},"excerpt":{"rendered":"<p>O Comit\u00ea Ol\u00edmpico do Brasil (COB) anunciou os dois primeiros nomes que far\u00e3o parte do programa Viv\u00eancia Ol\u00edmpica, que tem como objetivo permitir que jovens atletas tenham a possibilidade de viver o ambiente dos Jogos Ol\u00edmpicos de forma antecipada. E os escolhidos foram a levantadora de peso Taiane Justino, de 20 anos, e o surfista &hellip;<\/p>\n","protected":false},"author":1,"featured_media":2896,"comment_status":"closed","ping_status":"closed","sticky":false,"template":"","format":"standard","meta":{"footnotes":""},"categories":[31],"tags":[],"class_list":["post-2904","post","type-post","status-publish","format-standard","has-post-thumbnail","hentry","category-esportes"],"yoast_head":"<!-- This site is optimized with the Yoast SEO plugin v27.4 - https:\/\/yoast.com\/product\/yoast-seo-wordpress\/ -->\n<title>COB anuncia primeiros atletas do programa Viv\u00eancia Ol\u00edmpica - Transam\u00e9rica Mococa 93,3<\/title>\n<meta name=\"robots\" content=\"index, follow, max-snippet:-1, max-image-preview:large, max-video-preview:-1\" \/>\n<link rel=\"canonical\" href=\"https:\/\/transamerica93.com.br\/home\/cob-anuncia-primeiros-atletas-do-programa-vivencia-olimpica\/\" \/>\n<meta property=\"og:locale\" content=\"pt_BR\" \/>\n<meta property=\"og:type\" content=\"article\" \/>\n<meta property=\"og:title\" content=\"COB anuncia primeiros atletas do programa Viv\u00eancia Ol\u00edmpica - Transam\u00e9rica Mococa 93,3\" \/>\n<meta property=\"og:description\" content=\"O Comit\u00ea Ol\u00edmpico do Brasil (COB) anunciou os dois primeiros nomes que far\u00e3o parte do programa Viv\u00eancia Ol\u00edmpica, que tem como objetivo permitir que jovens atletas tenham a possibilidade de viver o ambiente dos Jogos Ol\u00edmpicos de forma antecipada. E os escolhidos foram a levantadora de peso Taiane Justino, de 20 anos, e o surfista &hellip;\" \/>\n<meta property=\"og:url\" content=\"https:\/\/transamerica93.com.br\/home\/cob-anuncia-primeiros-atletas-do-programa-vivencia-olimpica\/\" \/>\n<meta property=\"og:site_name\" content=\"Transam\u00e9rica Mococa 93,3\" \/>\n<meta property=\"article:publisher\" content=\"https:\/\/www.facebook.com\/transamericamococa\" \/>\n<meta property=\"article:published_time\" content=\"2024-04-25T15:00:22+00:00\" \/>\n<meta property=\"og:image\" content=\"https:\/\/transamerica93.com.br\/home\/wp-content\/uploads\/2024\/04\/4-3.jpg\" \/>\n\t<meta property=\"og:image:width\" content=\"1170\" \/>\n\t<meta property=\"og:image:height\" content=\"700\" \/>\n\t<meta property=\"og:image:type\" content=\"image\/jpeg\" \/>\n<meta name=\"author\" content=\"Reda\u00e7\u00e3o\" \/>\n<meta name=\"twitter:card\" content=\"summary_large_image\" \/>\n<meta name=\"twitter:creator\" content=\"@transamerica933\" \/>\n<meta name=\"twitter:site\" content=\"@transamerica933\" \/>\n<meta name=\"twitter:label1\" content=\"Escrito por\" \/>\n\t<meta name=\"twitter:data1\" content=\"Reda\u00e7\u00e3o\" \/>\n\t<meta name=\"twitter:label2\" content=\"Est. tempo de leitura\" \/>\n\t<meta name=\"twitter:data2\" content=\"3 minutos\" \/>\n<script type=\"application\/ld+json\" class=\"yoast-schema-graph\">{\"@context\":\"https:\\\/\\\/schema.org\",\"@graph\":[{\"@type\":\"Article\",\"@id\":\"https:\\\/\\\/transamerica93.com.br\\\/home\\\/cob-anuncia-primeiros-atletas-do-programa-vivencia-olimpica\\\/#article\",\"isPartOf\":{\"@id\":\"https:\\\/\\\/transamerica93.com.br\\\/home\\\/cob-anuncia-primeiros-atletas-do-programa-vivencia-olimpica\\\/\"},\"author\":{\"name\":\"Reda\u00e7\u00e3o\",\"@id\":\"https:\\\/\\\/transamerica93.com.br\\\/home\\\/#\\\/schema\\\/person\\\/7fed7c99c0d4562efa8561bc0f543172\"},\"headline\":\"COB anuncia primeiros atletas do programa Viv\u00eancia Ol\u00edmpica\",\"datePublished\":\"2024-04-25T15:00:22+00:00\",\"mainEntityOfPage\":{\"@id\":\"https:\\\/\\\/transamerica93.com.br\\\/home\\\/cob-anuncia-primeiros-atletas-do-programa-vivencia-olimpica\\\/\"},\"wordCount\":377,\"publisher\":{\"@id\":\"https:\\\/\\\/transamerica93.com.br\\\/home\\\/#organization\"},\"image\":{\"@id\":\"https:\\\/\\\/transamerica93.com.br\\\/home\\\/cob-anuncia-primeiros-atletas-do-programa-vivencia-olimpica\\\/#primaryimage\"},\"thumbnailUrl\":\"https:\\\/\\\/transamerica93.com.br\\\/home\\\/wp-content\\\/uploads\\\/2024\\\/04\\\/4-3.jpg\",\"articleSection\":[\"Esportes\"],\"inLanguage\":\"pt-BR\"},{\"@type\":\"WebPage\",\"@id\":\"https:\\\/\\\/transamerica93.com.br\\\/home\\\/cob-anuncia-primeiros-atletas-do-programa-vivencia-olimpica\\\/\",\"url\":\"https:\\\/\\\/transamerica93.com.br\\\/home\\\/cob-anuncia-primeiros-atletas-do-programa-vivencia-olimpica\\\/\",\"name\":\"COB anuncia primeiros atletas do programa Viv\u00eancia Ol\u00edmpica - Transam\u00e9rica Mococa 93,3\",\"isPartOf\":{\"@id\":\"https:\\\/\\\/transamerica93.com.br\\\/home\\\/#website\"},\"primaryImageOfPage\":{\"@id\":\"https:\\\/\\\/transamerica93.com.br\\\/home\\\/cob-anuncia-primeiros-atletas-do-programa-vivencia-olimpica\\\/#primaryimage\"},\"image\":{\"@id\":\"https:\\\/\\\/transamerica93.com.br\\\/home\\\/cob-anuncia-primeiros-atletas-do-programa-vivencia-olimpica\\\/#primaryimage\"},\"thumbnailUrl\":\"https:\\\/\\\/transamerica93.com.br\\\/home\\\/wp-content\\\/uploads\\\/2024\\\/04\\\/4-3.jpg\",\"datePublished\":\"2024-04-25T15:00:22+00:00\",\"breadcrumb\":{\"@id\":\"https:\\\/\\\/transamerica93.com.br\\\/home\\\/cob-anuncia-primeiros-atletas-do-programa-vivencia-olimpica\\\/#breadcrumb\"},\"inLanguage\":\"pt-BR\",\"potentialAction\":[{\"@type\":\"ReadAction\",\"target\":[\"https:\\\/\\\/transamerica93.com.br\\\/home\\\/cob-anuncia-primeiros-atletas-do-programa-vivencia-olimpica\\\/\"]}]},{\"@type\":\"ImageObject\",\"inLanguage\":\"pt-BR\",\"@id\":\"https:\\\/\\\/transamerica93.com.br\\\/home\\\/cob-anuncia-primeiros-atletas-do-programa-vivencia-olimpica\\\/#primaryimage\",\"url\":\"https:\\\/\\\/transamerica93.com.br\\\/home\\\/wp-content\\\/uploads\\\/2024\\\/04\\\/4-3.jpg\",\"contentUrl\":\"https:\\\/\\\/transamerica93.com.br\\\/home\\\/wp-content\\\/uploads\\\/2024\\\/04\\\/4-3.jpg\",\"width\":1170,\"height\":700,\"caption\":\"\u00a9 Alexandre Loureiro\\\/COB\\\/Direitos Reservados\"},{\"@type\":\"BreadcrumbList\",\"@id\":\"https:\\\/\\\/transamerica93.com.br\\\/home\\\/cob-anuncia-primeiros-atletas-do-programa-vivencia-olimpica\\\/#breadcrumb\",\"itemListElement\":[{\"@type\":\"ListItem\",\"position\":1,\"name\":\"In\u00edcio\",\"item\":\"https:\\\/\\\/transamerica93.com.br\\\/home\\\/\"},{\"@type\":\"ListItem\",\"position\":2,\"name\":\"COB anuncia primeiros atletas do programa Viv\u00eancia Ol\u00edmpica\"}]},{\"@type\":\"WebSite\",\"@id\":\"https:\\\/\\\/transamerica93.com.br\\\/home\\\/#website\",\"url\":\"https:\\\/\\\/transamerica93.com.br\\\/home\\\/\",\"name\":\"Transam\u00e9rica Mococa 93,3\",\"description\":\"\",\"publisher\":{\"@id\":\"https:\\\/\\\/transamerica93.com.br\\\/home\\\/#organization\"},\"potentialAction\":[{\"@type\":\"SearchAction\",\"target\":{\"@type\":\"EntryPoint\",\"urlTemplate\":\"https:\\\/\\\/transamerica93.com.br\\\/home\\\/?s={search_term_string}\"},\"query-input\":{\"@type\":\"PropertyValueSpecification\",\"valueRequired\":true,\"valueName\":\"search_term_string\"}}],\"inLanguage\":\"pt-BR\"},{\"@type\":\"Organization\",\"@id\":\"https:\\\/\\\/transamerica93.com.br\\\/home\\\/#organization\",\"name\":\"Transam\u00e9rica Mococa 93,3\",\"url\":\"https:\\\/\\\/transamerica93.com.br\\\/home\\\/\",\"logo\":{\"@type\":\"ImageObject\",\"inLanguage\":\"pt-BR\",\"@id\":\"https:\\\/\\\/transamerica93.com.br\\\/home\\\/#\\\/schema\\\/logo\\\/image\\\/\",\"url\":\"https:\\\/\\\/transamerica93.com.br\\\/home\\\/wp-content\\\/uploads\\\/2023\\\/10\\\/logo2.png\",\"contentUrl\":\"https:\\\/\\\/transamerica93.com.br\\\/home\\\/wp-content\\\/uploads\\\/2023\\\/10\\\/logo2.png\",\"width\":800,\"height\":500,\"caption\":\"Transam\u00e9rica Mococa 93,3\"},\"image\":{\"@id\":\"https:\\\/\\\/transamerica93.com.br\\\/home\\\/#\\\/schema\\\/logo\\\/image\\\/\"},\"sameAs\":[\"https:\\\/\\\/www.facebook.com\\\/transamericamococa\",\"https:\\\/\\\/x.com\\\/transamerica933\",\"https:\\\/\\\/www.instagram.com\\\/transamericamococa\"]},{\"@type\":\"Person\",\"@id\":\"https:\\\/\\\/transamerica93.com.br\\\/home\\\/#\\\/schema\\\/person\\\/7fed7c99c0d4562efa8561bc0f543172\",\"name\":\"Reda\u00e7\u00e3o\",\"image\":{\"@type\":\"ImageObject\",\"inLanguage\":\"pt-BR\",\"@id\":\"https:\\\/\\\/secure.gravatar.com\\\/avatar\\\/1072c6b775fb02ef8506ce967551d95926669a6b7d2c2147b42eea4d7c68395e?s=96&d=mm&r=g\",\"url\":\"https:\\\/\\\/secure.gravatar.com\\\/avatar\\\/1072c6b775fb02ef8506ce967551d95926669a6b7d2c2147b42eea4d7c68395e?s=96&d=mm&r=g\",\"contentUrl\":\"https:\\\/\\\/secure.gravatar.com\\\/avatar\\\/1072c6b775fb02ef8506ce967551d95926669a6b7d2c2147b42eea4d7c68395e?s=96&d=mm&r=g\",\"caption\":\"Reda\u00e7\u00e3o\"},\"sameAs\":[\"https:\\\/\\\/transamerica93.com.br\\\/home\"],\"url\":\"https:\\\/\\\/transamerica93.com.br\\\/home\\\/author\\\/william\\\/\"}]}<\/script>\n<!-- \/ Yoast SEO plugin. -->","yoast_head_json":{"title":"COB anuncia primeiros atletas do programa Viv\u00eancia Ol\u00edmpica - Transam\u00e9rica Mococa 93,3","robots":{"index":"index","follow":"follow","max-snippet":"max-snippet:-1","max-image-preview":"max-image-preview:large","max-video-preview":"max-video-preview:-1"},"canonical":"https:\/\/transamerica93.com.br\/home\/cob-anuncia-primeiros-atletas-do-programa-vivencia-olimpica\/","og_locale":"pt_BR","og_type":"article","og_title":"COB anuncia primeiros atletas do programa Viv\u00eancia Ol\u00edmpica - Transam\u00e9rica Mococa 93,3","og_description":"O Comit\u00ea Ol\u00edmpico do Brasil (COB) anunciou os dois primeiros nomes que far\u00e3o parte do programa Viv\u00eancia Ol\u00edmpica, que tem como objetivo permitir que jovens atletas tenham a possibilidade de viver o ambiente dos Jogos Ol\u00edmpicos de forma antecipada. E os escolhidos foram a levantadora de peso Taiane Justino, de 20 anos, e o surfista &hellip;","og_url":"https:\/\/transamerica93.com.br\/home\/cob-anuncia-primeiros-atletas-do-programa-vivencia-olimpica\/","og_site_name":"Transam\u00e9rica Mococa 93,3","article_publisher":"https:\/\/www.facebook.com\/transamericamococa","article_published_time":"2024-04-25T15:00:22+00:00","og_image":[{"width":1170,"height":700,"url":"https:\/\/transamerica93.com.br\/home\/wp-content\/uploads\/2024\/04\/4-3.jpg","type":"image\/jpeg"}],"author":"Reda\u00e7\u00e3o","twitter_card":"summary_large_image","twitter_creator":"@transamerica933","twitter_site":"@transamerica933","twitter_misc":{"Escrito por":"Reda\u00e7\u00e3o","Est. tempo de leitura":"3 minutos"},"schema":{"@context":"https:\/\/schema.org","@graph":[{"@type":"Article","@id":"https:\/\/transamerica93.com.br\/home\/cob-anuncia-primeiros-atletas-do-programa-vivencia-olimpica\/#article","isPartOf":{"@id":"https:\/\/transamerica93.com.br\/home\/cob-anuncia-primeiros-atletas-do-programa-vivencia-olimpica\/"},"author":{"name":"Reda\u00e7\u00e3o","@id":"https:\/\/transamerica93.com.br\/home\/#\/schema\/person\/7fed7c99c0d4562efa8561bc0f543172"},"headline":"COB anuncia primeiros atletas do programa Viv\u00eancia Ol\u00edmpica","datePublished":"2024-04-25T15:00:22+00:00","mainEntityOfPage":{"@id":"https:\/\/transamerica93.com.br\/home\/cob-anuncia-primeiros-atletas-do-programa-vivencia-olimpica\/"},"wordCount":377,"publisher":{"@id":"https:\/\/transamerica93.com.br\/home\/#organization"},"image":{"@id":"https:\/\/transamerica93.com.br\/home\/cob-anuncia-primeiros-atletas-do-programa-vivencia-olimpica\/#primaryimage"},"thumbnailUrl":"https:\/\/transamerica93.com.br\/home\/wp-content\/uploads\/2024\/04\/4-3.jpg","articleSection":["Esportes"],"inLanguage":"pt-BR"},{"@type":"WebPage","@id":"https:\/\/transamerica93.com.br\/home\/cob-anuncia-primeiros-atletas-do-programa-vivencia-olimpica\/","url":"https:\/\/transamerica93.com.br\/home\/cob-anuncia-primeiros-atletas-do-programa-vivencia-olimpica\/","name":"COB anuncia primeiros atletas do programa Viv\u00eancia Ol\u00edmpica - Transam\u00e9rica Mococa 93,3","isPartOf":{"@id":"https:\/\/transamerica93.com.br\/home\/#website"},"primaryImageOfPage":{"@id":"https:\/\/transamerica93.com.br\/home\/cob-anuncia-primeiros-atletas-do-programa-vivencia-olimpica\/#primaryimage"},"image":{"@id":"https:\/\/transamerica93.com.br\/home\/cob-anuncia-primeiros-atletas-do-programa-vivencia-olimpica\/#primaryimage"},"thumbnailUrl":"https:\/\/transamerica93.com.br\/home\/wp-content\/uploads\/2024\/04\/4-3.jpg","datePublished":"2024-04-25T15:00:22+00:00","breadcrumb":{"@id":"https:\/\/transamerica93.com.br\/home\/cob-anuncia-primeiros-atletas-do-programa-vivencia-olimpica\/#breadcrumb"},"inLanguage":"pt-BR","potentialAction":[{"@type":"ReadAction","target":["https:\/\/transamerica93.com.br\/home\/cob-anuncia-primeiros-atletas-do-programa-vivencia-olimpica\/"]}]},{"@type":"ImageObject","inLanguage":"pt-BR","@id":"https:\/\/transamerica93.com.br\/home\/cob-anuncia-primeiros-atletas-do-programa-vivencia-olimpica\/#primaryimage","url":"https:\/\/transamerica93.com.br\/home\/wp-content\/uploads\/2024\/04\/4-3.jpg","contentUrl":"https:\/\/transamerica93.com.br\/home\/wp-content\/uploads\/2024\/04\/4-3.jpg","width":1170,"height":700,"caption":"\u00a9 Alexandre Loureiro\/COB\/Direitos Reservados"},{"@type":"BreadcrumbList","@id":"https:\/\/transamerica93.com.br\/home\/cob-anuncia-primeiros-atletas-do-programa-vivencia-olimpica\/#breadcrumb","itemListElement":[{"@type":"ListItem","position":1,"name":"In\u00edcio","item":"https:\/\/transamerica93.com.br\/home\/"},{"@type":"ListItem","position":2,"name":"COB anuncia primeiros atletas do programa Viv\u00eancia Ol\u00edmpica"}]},{"@type":"WebSite","@id":"https:\/\/transamerica93.com.br\/home\/#website","url":"https:\/\/transamerica93.com.br\/home\/","name":"Transam\u00e9rica Mococa 93,3","description":"","publisher":{"@id":"https:\/\/transamerica93.com.br\/home\/#organization"},"potentialAction":[{"@type":"SearchAction","target":{"@type":"EntryPoint","urlTemplate":"https:\/\/transamerica93.com.br\/home\/?s={search_term_string}"},"query-input":{"@type":"PropertyValueSpecification","valueRequired":true,"valueName":"search_term_string"}}],"inLanguage":"pt-BR"},{"@type":"Organization","@id":"https:\/\/transamerica93.com.br\/home\/#organization","name":"Transam\u00e9rica Mococa 93,3","url":"https:\/\/transamerica93.com.br\/home\/","logo":{"@type":"ImageObject","inLanguage":"pt-BR","@id":"https:\/\/transamerica93.com.br\/home\/#\/schema\/logo\/image\/","url":"https:\/\/transamerica93.com.br\/home\/wp-content\/uploads\/2023\/10\/logo2.png","contentUrl":"https:\/\/transamerica93.com.br\/home\/wp-content\/uploads\/2023\/10\/logo2.png","width":800,"height":500,"caption":"Transam\u00e9rica Mococa 93,3"},"image":{"@id":"https:\/\/transamerica93.com.br\/home\/#\/schema\/logo\/image\/"},"sameAs":["https:\/\/www.facebook.com\/transamericamococa","https:\/\/x.com\/transamerica933","https:\/\/www.instagram.com\/transamericamococa"]},{"@type":"Person","@id":"https:\/\/transamerica93.com.br\/home\/#\/schema\/person\/7fed7c99c0d4562efa8561bc0f543172","name":"Reda\u00e7\u00e3o","image":{"@type":"ImageObject","inLanguage":"pt-BR","@id":"https:\/\/secure.gravatar.com\/avatar\/1072c6b775fb02ef8506ce967551d95926669a6b7d2c2147b42eea4d7c68395e?s=96&d=mm&r=g","url":"https:\/\/secure.gravatar.com\/avatar\/1072c6b775fb02ef8506ce967551d95926669a6b7d2c2147b42eea4d7c68395e?s=96&d=mm&r=g","contentUrl":"https:\/\/secure.gravatar.com\/avatar\/1072c6b775fb02ef8506ce967551d95926669a6b7d2c2147b42eea4d7c68395e?s=96&d=mm&r=g","caption":"Reda\u00e7\u00e3o"},"sameAs":["https:\/\/transamerica93.com.br\/home"],"url":"https:\/\/transamerica93.com.br\/home\/author\/william\/"}]}},"_links":{"self":[{"href":"https:\/\/transamerica93.com.br\/home\/wp-json\/wp\/v2\/posts\/2904","targetHints":{"allow":["GET"]}}],"collection":[{"href":"https:\/\/transamerica93.com.br\/home\/wp-json\/wp\/v2\/posts"}],"about":[{"href":"https:\/\/transamerica93.com.br\/home\/wp-json\/wp\/v2\/types\/post"}],"author":[{"embeddable":true,"href":"https:\/\/transamerica93.com.br\/home\/wp-json\/wp\/v2\/users\/1"}],"replies":[{"embeddable":true,"href":"https:\/\/transamerica93.com.br\/home\/wp-json\/wp\/v2\/comments?post=2904"}],"version-history":[{"count":1,"href":"https:\/\/transamerica93.com.br\/home\/wp-json\/wp\/v2\/posts\/2904\/revisions"}],"predecessor-version":[{"id":2905,"href":"https:\/\/transamerica93.com.br\/home\/wp-json\/wp\/v2\/posts\/2904\/revisions\/2905"}],"wp:featuredmedia":[{"embeddable":true,"href":"https:\/\/transamerica93.com.br\/home\/wp-json\/wp\/v2\/media\/2896"}],"wp:attachment":[{"href":"https:\/\/transamerica93.com.br\/home\/wp-json\/wp\/v2\/media?parent=2904"}],"wp:term":[{"taxonomy":"category","embeddable":true,"href":"https:\/\/transamerica93.com.br\/home\/wp-json\/wp\/v2\/categories?post=2904"},{"taxonomy":"post_tag","embeddable":true,"href":"https:\/\/transamerica93.com.br\/home\/wp-json\/wp\/v2\/tags?post=2904"}],"curies":[{"name":"wp","href":"https:\/\/api.w.org\/{rel}","templated":true}]}}