{"id":2906,"date":"2024-04-26T12:00:06","date_gmt":"2024-04-26T15:00:06","guid":{"rendered":"https:\/\/transamerica93.com.br\/home\/?p=2906"},"modified":"2024-04-19T18:26:48","modified_gmt":"2024-04-19T21:26:48","slug":"tecnico-petrovic-retorna-a-selecao-de-basquete-com-equipe-experiente","status":"publish","type":"post","link":"https:\/\/transamerica93.com.br\/home\/tecnico-petrovic-retorna-a-selecao-de-basquete-com-equipe-experiente\/","title":{"rendered":"T\u00e9cnico Petrovic retorna \u00e0 sele\u00e7\u00e3o de basquete com equipe experiente"},"content":{"rendered":"<div class=\"post-item-wrap\">\n<p>O t\u00e9cnico croata Aleksander Petrovic, de 65 anos, est\u00e1 de volta \u00e0 sele\u00e7\u00e3o brasileira masculina de basquete, ap\u00f3s um hiato de dois anos e sete meses. Ele assumir\u00e1 o comando da equipe, um dia depois da sa\u00edda de Gustavo Conti. O principal desafio de Petrovic ser\u00e1 preparar a sele\u00e7\u00e3o para garantir presen\u00e7a nos Jogos de Paris, no \u00faltimo torneio classificat\u00f3rio antes do evento: o Pr\u00e9-Ol\u00edmpico em Riga (Let\u00f4nia), no per\u00edodo de 2 a 7 de julho.<\/p>\n<p>O treinador croata contar\u00e1 com auxiliares t\u00e9cnicos experientes tanto dentro quanto fora de quadra: Tiago Splitter, auxiliar no Houston Rockets, da NBA (Estados Unidos),), Bruno Savignani, t\u00e9cnico do B\u00e9tis (Espanha), Helinho Garcia (Sesi-Franca) e Dem\u00e9trius Ferracci\u00fa (Paulistano). Em mar\u00e7o,\u00a0<a href=\"https:\/\/twitter.com\/basquetebrasil\/status\/1775141752912945184\"><strong>Savignani foi eleito o melhor treinador da LEB ORO<\/strong><\/a>\u00a0(Liga de Baquete da Espanha).<\/p>\n<blockquote><p>\u201cEstou muito feliz de retornar ao comando da sele\u00e7\u00e3o brasileira. Agora \u00e9 focar no Pr\u00e9-Ol\u00edmpico da Let\u00f4nia em busca da vaga ol\u00edmpica para Paris\u201d, projetou Petrovic, em declara\u00e7\u00e3o \u00e0 Confedera\u00e7\u00e3o Brasileira de Basquete (CBB).<\/p><\/blockquote>\n<p>No Pr\u00e9-Ol\u00edmpico da Let\u00f4nia,\u00a0em julho,\u00a0o Brasil enfrentar\u00e1 Camar\u00f5es e Montenegro na primeira fase. Em caso de classifica\u00e7\u00e3o \u00e0s semifinais, a sele\u00e7\u00e3o ter\u00e1 pela frente Let\u00f4nia, Filipinas ou Ge\u00f3rgia. Apenas o campe\u00e3o do Pr\u00e9-Ol\u00edmpico carimbar\u00e1 a vaga a Paris.<\/p>\n<p>A primeira passagem de Petrovic pela sele\u00e7\u00e3o come\u00e7ou em 2017 e foi at\u00e9 setembro de 2021, quando o\u00a0<a href=\"https:\/\/agenciabrasil.ebc.com.br\/esportes\/noticia\/2021-09\/aleksandar-petrovic-deixa-comando-tecnico-da-selecao-de-basquete\"><strong>t\u00e9cnico pediu demiss\u00e3o<\/strong><\/a>, quase dois meses ap\u00f3s o Brasil dar adeus \u00e0 vaga nos \u00a0Jogos de T\u00f3quio: a sele\u00e7\u00e3o foi superada pela Alemanha (75 a 64) na final do Pr\u00e9-Ol\u00edmpico de Split (Cro\u00e1cia). Ao longo do per\u00edodo, o treinador\u00a0lan\u00e7ou na sele\u00e7\u00e3o atletas como Yago, Gui Santos e Didi, nomes de destaque no cen\u00e1rio internacional (Euroliga, Eurocup e NBA).<\/p>\n<\/div>\n<p class=\"alt-font font-italic my-2 small text-info\">Edi\u00e7\u00e3o: Cl\u00e1udia Soares Rodrigues<\/p>\n","protected":false},"excerpt":{"rendered":"<p>O t\u00e9cnico croata Aleksander Petrovic, de 65 anos, est\u00e1 de volta \u00e0 sele\u00e7\u00e3o brasileira masculina de basquete, ap\u00f3s um hiato de dois anos e sete meses. Ele assumir\u00e1 o comando da equipe, um dia depois da sa\u00edda de Gustavo Conti. O principal desafio de Petrovic ser\u00e1 preparar a sele\u00e7\u00e3o para garantir presen\u00e7a nos Jogos de &hellip;<\/p>\n","protected":false},"author":1,"featured_media":2897,"comment_status":"closed","ping_status":"closed","sticky":false,"template":"","format":"standard","meta":{"footnotes":""},"categories":[31],"tags":[],"class_list":["post-2906","post","type-post","status-publish","format-standard","has-post-thumbnail","hentry","category-esportes"],"yoast_head":"<!-- This site is optimized with the Yoast SEO plugin v27.4 - https:\/\/yoast.com\/product\/yoast-seo-wordpress\/ -->\n<title>T\u00e9cnico Petrovic retorna \u00e0 sele\u00e7\u00e3o de basquete com equipe experiente - Transam\u00e9rica Mococa 93,3<\/title>\n<meta name=\"robots\" content=\"index, follow, max-snippet:-1, max-image-preview:large, max-video-preview:-1\" \/>\n<link rel=\"canonical\" href=\"https:\/\/transamerica93.com.br\/home\/tecnico-petrovic-retorna-a-selecao-de-basquete-com-equipe-experiente\/\" \/>\n<meta property=\"og:locale\" content=\"pt_BR\" \/>\n<meta property=\"og:type\" content=\"article\" \/>\n<meta property=\"og:title\" content=\"T\u00e9cnico Petrovic retorna \u00e0 sele\u00e7\u00e3o de basquete com equipe experiente - Transam\u00e9rica Mococa 93,3\" \/>\n<meta property=\"og:description\" content=\"O t\u00e9cnico croata Aleksander Petrovic, de 65 anos, est\u00e1 de volta \u00e0 sele\u00e7\u00e3o brasileira masculina de basquete, ap\u00f3s um hiato de dois anos e sete meses. Ele assumir\u00e1 o comando da equipe, um dia depois da sa\u00edda de Gustavo Conti. O principal desafio de Petrovic ser\u00e1 preparar a sele\u00e7\u00e3o para garantir presen\u00e7a nos Jogos de &hellip;\" \/>\n<meta property=\"og:url\" content=\"https:\/\/transamerica93.com.br\/home\/tecnico-petrovic-retorna-a-selecao-de-basquete-com-equipe-experiente\/\" \/>\n<meta property=\"og:site_name\" content=\"Transam\u00e9rica Mococa 93,3\" \/>\n<meta property=\"article:publisher\" content=\"https:\/\/www.facebook.com\/transamericamococa\" \/>\n<meta property=\"article:published_time\" content=\"2024-04-26T15:00:06+00:00\" \/>\n<meta property=\"og:image\" content=\"https:\/\/transamerica93.com.br\/home\/wp-content\/uploads\/2024\/04\/5-3.jpg\" \/>\n\t<meta property=\"og:image:width\" content=\"1170\" \/>\n\t<meta property=\"og:image:height\" content=\"700\" \/>\n\t<meta property=\"og:image:type\" content=\"image\/jpeg\" \/>\n<meta name=\"author\" content=\"Reda\u00e7\u00e3o\" \/>\n<meta name=\"twitter:card\" content=\"summary_large_image\" \/>\n<meta name=\"twitter:creator\" content=\"@transamerica933\" \/>\n<meta name=\"twitter:site\" content=\"@transamerica933\" \/>\n<meta name=\"twitter:label1\" content=\"Escrito por\" \/>\n\t<meta name=\"twitter:data1\" content=\"Reda\u00e7\u00e3o\" \/>\n\t<meta name=\"twitter:label2\" content=\"Est. tempo de leitura\" \/>\n\t<meta name=\"twitter:data2\" content=\"2 minutos\" \/>\n<script type=\"application\/ld+json\" class=\"yoast-schema-graph\">{\"@context\":\"https:\\\/\\\/schema.org\",\"@graph\":[{\"@type\":\"Article\",\"@id\":\"https:\\\/\\\/transamerica93.com.br\\\/home\\\/tecnico-petrovic-retorna-a-selecao-de-basquete-com-equipe-experiente\\\/#article\",\"isPartOf\":{\"@id\":\"https:\\\/\\\/transamerica93.com.br\\\/home\\\/tecnico-petrovic-retorna-a-selecao-de-basquete-com-equipe-experiente\\\/\"},\"author\":{\"name\":\"Reda\u00e7\u00e3o\",\"@id\":\"https:\\\/\\\/transamerica93.com.br\\\/home\\\/#\\\/schema\\\/person\\\/7fed7c99c0d4562efa8561bc0f543172\"},\"headline\":\"T\u00e9cnico Petrovic retorna \u00e0 sele\u00e7\u00e3o de basquete com equipe experiente\",\"datePublished\":\"2024-04-26T15:00:06+00:00\",\"mainEntityOfPage\":{\"@id\":\"https:\\\/\\\/transamerica93.com.br\\\/home\\\/tecnico-petrovic-retorna-a-selecao-de-basquete-com-equipe-experiente\\\/\"},\"wordCount\":334,\"publisher\":{\"@id\":\"https:\\\/\\\/transamerica93.com.br\\\/home\\\/#organization\"},\"image\":{\"@id\":\"https:\\\/\\\/transamerica93.com.br\\\/home\\\/tecnico-petrovic-retorna-a-selecao-de-basquete-com-equipe-experiente\\\/#primaryimage\"},\"thumbnailUrl\":\"https:\\\/\\\/transamerica93.com.br\\\/home\\\/wp-content\\\/uploads\\\/2024\\\/04\\\/5-3.jpg\",\"articleSection\":[\"Esportes\"],\"inLanguage\":\"pt-BR\"},{\"@type\":\"WebPage\",\"@id\":\"https:\\\/\\\/transamerica93.com.br\\\/home\\\/tecnico-petrovic-retorna-a-selecao-de-basquete-com-equipe-experiente\\\/\",\"url\":\"https:\\\/\\\/transamerica93.com.br\\\/home\\\/tecnico-petrovic-retorna-a-selecao-de-basquete-com-equipe-experiente\\\/\",\"name\":\"T\u00e9cnico Petrovic retorna \u00e0 sele\u00e7\u00e3o de basquete com equipe experiente - Transam\u00e9rica Mococa 93,3\",\"isPartOf\":{\"@id\":\"https:\\\/\\\/transamerica93.com.br\\\/home\\\/#website\"},\"primaryImageOfPage\":{\"@id\":\"https:\\\/\\\/transamerica93.com.br\\\/home\\\/tecnico-petrovic-retorna-a-selecao-de-basquete-com-equipe-experiente\\\/#primaryimage\"},\"image\":{\"@id\":\"https:\\\/\\\/transamerica93.com.br\\\/home\\\/tecnico-petrovic-retorna-a-selecao-de-basquete-com-equipe-experiente\\\/#primaryimage\"},\"thumbnailUrl\":\"https:\\\/\\\/transamerica93.com.br\\\/home\\\/wp-content\\\/uploads\\\/2024\\\/04\\\/5-3.jpg\",\"datePublished\":\"2024-04-26T15:00:06+00:00\",\"breadcrumb\":{\"@id\":\"https:\\\/\\\/transamerica93.com.br\\\/home\\\/tecnico-petrovic-retorna-a-selecao-de-basquete-com-equipe-experiente\\\/#breadcrumb\"},\"inLanguage\":\"pt-BR\",\"potentialAction\":[{\"@type\":\"ReadAction\",\"target\":[\"https:\\\/\\\/transamerica93.com.br\\\/home\\\/tecnico-petrovic-retorna-a-selecao-de-basquete-com-equipe-experiente\\\/\"]}]},{\"@type\":\"ImageObject\",\"inLanguage\":\"pt-BR\",\"@id\":\"https:\\\/\\\/transamerica93.com.br\\\/home\\\/tecnico-petrovic-retorna-a-selecao-de-basquete-com-equipe-experiente\\\/#primaryimage\",\"url\":\"https:\\\/\\\/transamerica93.com.br\\\/home\\\/wp-content\\\/uploads\\\/2024\\\/04\\\/5-3.jpg\",\"contentUrl\":\"https:\\\/\\\/transamerica93.com.br\\\/home\\\/wp-content\\\/uploads\\\/2024\\\/04\\\/5-3.jpg\",\"width\":1170,\"height\":700,\"caption\":\"\u00a9 Divulga\u00e7\u00e3o\\\/FIBA\"},{\"@type\":\"BreadcrumbList\",\"@id\":\"https:\\\/\\\/transamerica93.com.br\\\/home\\\/tecnico-petrovic-retorna-a-selecao-de-basquete-com-equipe-experiente\\\/#breadcrumb\",\"itemListElement\":[{\"@type\":\"ListItem\",\"position\":1,\"name\":\"In\u00edcio\",\"item\":\"https:\\\/\\\/transamerica93.com.br\\\/home\\\/\"},{\"@type\":\"ListItem\",\"position\":2,\"name\":\"T\u00e9cnico Petrovic retorna \u00e0 sele\u00e7\u00e3o de basquete com equipe experiente\"}]},{\"@type\":\"WebSite\",\"@id\":\"https:\\\/\\\/transamerica93.com.br\\\/home\\\/#website\",\"url\":\"https:\\\/\\\/transamerica93.com.br\\\/home\\\/\",\"name\":\"Transam\u00e9rica Mococa 93,3\",\"description\":\"\",\"publisher\":{\"@id\":\"https:\\\/\\\/transamerica93.com.br\\\/home\\\/#organization\"},\"potentialAction\":[{\"@type\":\"SearchAction\",\"target\":{\"@type\":\"EntryPoint\",\"urlTemplate\":\"https:\\\/\\\/transamerica93.com.br\\\/home\\\/?s={search_term_string}\"},\"query-input\":{\"@type\":\"PropertyValueSpecification\",\"valueRequired\":true,\"valueName\":\"search_term_string\"}}],\"inLanguage\":\"pt-BR\"},{\"@type\":\"Organization\",\"@id\":\"https:\\\/\\\/transamerica93.com.br\\\/home\\\/#organization\",\"name\":\"Transam\u00e9rica Mococa 93,3\",\"url\":\"https:\\\/\\\/transamerica93.com.br\\\/home\\\/\",\"logo\":{\"@type\":\"ImageObject\",\"inLanguage\":\"pt-BR\",\"@id\":\"https:\\\/\\\/transamerica93.com.br\\\/home\\\/#\\\/schema\\\/logo\\\/image\\\/\",\"url\":\"https:\\\/\\\/transamerica93.com.br\\\/home\\\/wp-content\\\/uploads\\\/2023\\\/10\\\/logo2.png\",\"contentUrl\":\"https:\\\/\\\/transamerica93.com.br\\\/home\\\/wp-content\\\/uploads\\\/2023\\\/10\\\/logo2.png\",\"width\":800,\"height\":500,\"caption\":\"Transam\u00e9rica Mococa 93,3\"},\"image\":{\"@id\":\"https:\\\/\\\/transamerica93.com.br\\\/home\\\/#\\\/schema\\\/logo\\\/image\\\/\"},\"sameAs\":[\"https:\\\/\\\/www.facebook.com\\\/transamericamococa\",\"https:\\\/\\\/x.com\\\/transamerica933\",\"https:\\\/\\\/www.instagram.com\\\/transamericamococa\"]},{\"@type\":\"Person\",\"@id\":\"https:\\\/\\\/transamerica93.com.br\\\/home\\\/#\\\/schema\\\/person\\\/7fed7c99c0d4562efa8561bc0f543172\",\"name\":\"Reda\u00e7\u00e3o\",\"image\":{\"@type\":\"ImageObject\",\"inLanguage\":\"pt-BR\",\"@id\":\"https:\\\/\\\/secure.gravatar.com\\\/avatar\\\/1072c6b775fb02ef8506ce967551d95926669a6b7d2c2147b42eea4d7c68395e?s=96&d=mm&r=g\",\"url\":\"https:\\\/\\\/secure.gravatar.com\\\/avatar\\\/1072c6b775fb02ef8506ce967551d95926669a6b7d2c2147b42eea4d7c68395e?s=96&d=mm&r=g\",\"contentUrl\":\"https:\\\/\\\/secure.gravatar.com\\\/avatar\\\/1072c6b775fb02ef8506ce967551d95926669a6b7d2c2147b42eea4d7c68395e?s=96&d=mm&r=g\",\"caption\":\"Reda\u00e7\u00e3o\"},\"sameAs\":[\"https:\\\/\\\/transamerica93.com.br\\\/home\"],\"url\":\"https:\\\/\\\/transamerica93.com.br\\\/home\\\/author\\\/william\\\/\"}]}<\/script>\n<!-- \/ Yoast SEO plugin. -->","yoast_head_json":{"title":"T\u00e9cnico Petrovic retorna \u00e0 sele\u00e7\u00e3o de basquete com equipe experiente - Transam\u00e9rica Mococa 93,3","robots":{"index":"index","follow":"follow","max-snippet":"max-snippet:-1","max-image-preview":"max-image-preview:large","max-video-preview":"max-video-preview:-1"},"canonical":"https:\/\/transamerica93.com.br\/home\/tecnico-petrovic-retorna-a-selecao-de-basquete-com-equipe-experiente\/","og_locale":"pt_BR","og_type":"article","og_title":"T\u00e9cnico Petrovic retorna \u00e0 sele\u00e7\u00e3o de basquete com equipe experiente - Transam\u00e9rica Mococa 93,3","og_description":"O t\u00e9cnico croata Aleksander Petrovic, de 65 anos, est\u00e1 de volta \u00e0 sele\u00e7\u00e3o brasileira masculina de basquete, ap\u00f3s um hiato de dois anos e sete meses. Ele assumir\u00e1 o comando da equipe, um dia depois da sa\u00edda de Gustavo Conti. O principal desafio de Petrovic ser\u00e1 preparar a sele\u00e7\u00e3o para garantir presen\u00e7a nos Jogos de &hellip;","og_url":"https:\/\/transamerica93.com.br\/home\/tecnico-petrovic-retorna-a-selecao-de-basquete-com-equipe-experiente\/","og_site_name":"Transam\u00e9rica Mococa 93,3","article_publisher":"https:\/\/www.facebook.com\/transamericamococa","article_published_time":"2024-04-26T15:00:06+00:00","og_image":[{"width":1170,"height":700,"url":"https:\/\/transamerica93.com.br\/home\/wp-content\/uploads\/2024\/04\/5-3.jpg","type":"image\/jpeg"}],"author":"Reda\u00e7\u00e3o","twitter_card":"summary_large_image","twitter_creator":"@transamerica933","twitter_site":"@transamerica933","twitter_misc":{"Escrito por":"Reda\u00e7\u00e3o","Est. tempo de leitura":"2 minutos"},"schema":{"@context":"https:\/\/schema.org","@graph":[{"@type":"Article","@id":"https:\/\/transamerica93.com.br\/home\/tecnico-petrovic-retorna-a-selecao-de-basquete-com-equipe-experiente\/#article","isPartOf":{"@id":"https:\/\/transamerica93.com.br\/home\/tecnico-petrovic-retorna-a-selecao-de-basquete-com-equipe-experiente\/"},"author":{"name":"Reda\u00e7\u00e3o","@id":"https:\/\/transamerica93.com.br\/home\/#\/schema\/person\/7fed7c99c0d4562efa8561bc0f543172"},"headline":"T\u00e9cnico Petrovic retorna \u00e0 sele\u00e7\u00e3o de basquete com equipe experiente","datePublished":"2024-04-26T15:00:06+00:00","mainEntityOfPage":{"@id":"https:\/\/transamerica93.com.br\/home\/tecnico-petrovic-retorna-a-selecao-de-basquete-com-equipe-experiente\/"},"wordCount":334,"publisher":{"@id":"https:\/\/transamerica93.com.br\/home\/#organization"},"image":{"@id":"https:\/\/transamerica93.com.br\/home\/tecnico-petrovic-retorna-a-selecao-de-basquete-com-equipe-experiente\/#primaryimage"},"thumbnailUrl":"https:\/\/transamerica93.com.br\/home\/wp-content\/uploads\/2024\/04\/5-3.jpg","articleSection":["Esportes"],"inLanguage":"pt-BR"},{"@type":"WebPage","@id":"https:\/\/transamerica93.com.br\/home\/tecnico-petrovic-retorna-a-selecao-de-basquete-com-equipe-experiente\/","url":"https:\/\/transamerica93.com.br\/home\/tecnico-petrovic-retorna-a-selecao-de-basquete-com-equipe-experiente\/","name":"T\u00e9cnico Petrovic retorna \u00e0 sele\u00e7\u00e3o de basquete com equipe experiente - Transam\u00e9rica Mococa 93,3","isPartOf":{"@id":"https:\/\/transamerica93.com.br\/home\/#website"},"primaryImageOfPage":{"@id":"https:\/\/transamerica93.com.br\/home\/tecnico-petrovic-retorna-a-selecao-de-basquete-com-equipe-experiente\/#primaryimage"},"image":{"@id":"https:\/\/transamerica93.com.br\/home\/tecnico-petrovic-retorna-a-selecao-de-basquete-com-equipe-experiente\/#primaryimage"},"thumbnailUrl":"https:\/\/transamerica93.com.br\/home\/wp-content\/uploads\/2024\/04\/5-3.jpg","datePublished":"2024-04-26T15:00:06+00:00","breadcrumb":{"@id":"https:\/\/transamerica93.com.br\/home\/tecnico-petrovic-retorna-a-selecao-de-basquete-com-equipe-experiente\/#breadcrumb"},"inLanguage":"pt-BR","potentialAction":[{"@type":"ReadAction","target":["https:\/\/transamerica93.com.br\/home\/tecnico-petrovic-retorna-a-selecao-de-basquete-com-equipe-experiente\/"]}]},{"@type":"ImageObject","inLanguage":"pt-BR","@id":"https:\/\/transamerica93.com.br\/home\/tecnico-petrovic-retorna-a-selecao-de-basquete-com-equipe-experiente\/#primaryimage","url":"https:\/\/transamerica93.com.br\/home\/wp-content\/uploads\/2024\/04\/5-3.jpg","contentUrl":"https:\/\/transamerica93.com.br\/home\/wp-content\/uploads\/2024\/04\/5-3.jpg","width":1170,"height":700,"caption":"\u00a9 Divulga\u00e7\u00e3o\/FIBA"},{"@type":"BreadcrumbList","@id":"https:\/\/transamerica93.com.br\/home\/tecnico-petrovic-retorna-a-selecao-de-basquete-com-equipe-experiente\/#breadcrumb","itemListElement":[{"@type":"ListItem","position":1,"name":"In\u00edcio","item":"https:\/\/transamerica93.com.br\/home\/"},{"@type":"ListItem","position":2,"name":"T\u00e9cnico Petrovic retorna \u00e0 sele\u00e7\u00e3o de basquete com equipe experiente"}]},{"@type":"WebSite","@id":"https:\/\/transamerica93.com.br\/home\/#website","url":"https:\/\/transamerica93.com.br\/home\/","name":"Transam\u00e9rica Mococa 93,3","description":"","publisher":{"@id":"https:\/\/transamerica93.com.br\/home\/#organization"},"potentialAction":[{"@type":"SearchAction","target":{"@type":"EntryPoint","urlTemplate":"https:\/\/transamerica93.com.br\/home\/?s={search_term_string}"},"query-input":{"@type":"PropertyValueSpecification","valueRequired":true,"valueName":"search_term_string"}}],"inLanguage":"pt-BR"},{"@type":"Organization","@id":"https:\/\/transamerica93.com.br\/home\/#organization","name":"Transam\u00e9rica Mococa 93,3","url":"https:\/\/transamerica93.com.br\/home\/","logo":{"@type":"ImageObject","inLanguage":"pt-BR","@id":"https:\/\/transamerica93.com.br\/home\/#\/schema\/logo\/image\/","url":"https:\/\/transamerica93.com.br\/home\/wp-content\/uploads\/2023\/10\/logo2.png","contentUrl":"https:\/\/transamerica93.com.br\/home\/wp-content\/uploads\/2023\/10\/logo2.png","width":800,"height":500,"caption":"Transam\u00e9rica Mococa 93,3"},"image":{"@id":"https:\/\/transamerica93.com.br\/home\/#\/schema\/logo\/image\/"},"sameAs":["https:\/\/www.facebook.com\/transamericamococa","https:\/\/x.com\/transamerica933","https:\/\/www.instagram.com\/transamericamococa"]},{"@type":"Person","@id":"https:\/\/transamerica93.com.br\/home\/#\/schema\/person\/7fed7c99c0d4562efa8561bc0f543172","name":"Reda\u00e7\u00e3o","image":{"@type":"ImageObject","inLanguage":"pt-BR","@id":"https:\/\/secure.gravatar.com\/avatar\/1072c6b775fb02ef8506ce967551d95926669a6b7d2c2147b42eea4d7c68395e?s=96&d=mm&r=g","url":"https:\/\/secure.gravatar.com\/avatar\/1072c6b775fb02ef8506ce967551d95926669a6b7d2c2147b42eea4d7c68395e?s=96&d=mm&r=g","contentUrl":"https:\/\/secure.gravatar.com\/avatar\/1072c6b775fb02ef8506ce967551d95926669a6b7d2c2147b42eea4d7c68395e?s=96&d=mm&r=g","caption":"Reda\u00e7\u00e3o"},"sameAs":["https:\/\/transamerica93.com.br\/home"],"url":"https:\/\/transamerica93.com.br\/home\/author\/william\/"}]}},"_links":{"self":[{"href":"https:\/\/transamerica93.com.br\/home\/wp-json\/wp\/v2\/posts\/2906","targetHints":{"allow":["GET"]}}],"collection":[{"href":"https:\/\/transamerica93.com.br\/home\/wp-json\/wp\/v2\/posts"}],"about":[{"href":"https:\/\/transamerica93.com.br\/home\/wp-json\/wp\/v2\/types\/post"}],"author":[{"embeddable":true,"href":"https:\/\/transamerica93.com.br\/home\/wp-json\/wp\/v2\/users\/1"}],"replies":[{"embeddable":true,"href":"https:\/\/transamerica93.com.br\/home\/wp-json\/wp\/v2\/comments?post=2906"}],"version-history":[{"count":1,"href":"https:\/\/transamerica93.com.br\/home\/wp-json\/wp\/v2\/posts\/2906\/revisions"}],"predecessor-version":[{"id":2907,"href":"https:\/\/transamerica93.com.br\/home\/wp-json\/wp\/v2\/posts\/2906\/revisions\/2907"}],"wp:featuredmedia":[{"embeddable":true,"href":"https:\/\/transamerica93.com.br\/home\/wp-json\/wp\/v2\/media\/2897"}],"wp:attachment":[{"href":"https:\/\/transamerica93.com.br\/home\/wp-json\/wp\/v2\/media?parent=2906"}],"wp:term":[{"taxonomy":"category","embeddable":true,"href":"https:\/\/transamerica93.com.br\/home\/wp-json\/wp\/v2\/categories?post=2906"},{"taxonomy":"post_tag","embeddable":true,"href":"https:\/\/transamerica93.com.br\/home\/wp-json\/wp\/v2\/tags?post=2906"}],"curies":[{"name":"wp","href":"https:\/\/api.w.org\/{rel}","templated":true}]}}