{"id":2908,"date":"2024-04-22T15:00:42","date_gmt":"2024-04-22T18:00:42","guid":{"rendered":"https:\/\/transamerica93.com.br\/home\/?p=2908"},"modified":"2024-04-19T18:28:49","modified_gmt":"2024-04-19T21:28:49","slug":"filho-de-gal-costa-e-primas-da-cantora-fazem-acordo-para-criar-fundacao","status":"publish","type":"post","link":"https:\/\/transamerica93.com.br\/home\/filho-de-gal-costa-e-primas-da-cantora-fazem-acordo-para-criar-fundacao\/","title":{"rendered":"Filho de Gal Costa e primas da cantora fazem acordo para criar funda\u00e7\u00e3o"},"content":{"rendered":"<div id=\"Corpo\">\n<h6 class=\"Assina\">Por Fl\u00e1vio Pinto<\/h6>\n<p>Gabriel Penna Burgos Costa, filho de Gal Costa, fez um acordo extrajudicial com as primas da cantora, Ver\u00f4nica e Priscila Silva. Juntos, eles est\u00e3o comprometidos em estabelecer a Funda\u00e7\u00e3o Gal Costa de Incentivo \u00e0 M\u00fasica e Cultura, uma institui\u00e7\u00e3o sem fins lucrativos e originalmente planejada no testamento da cantora em 1997 (ele foi revogado em 2019). As informa\u00e7\u00f5es foram publicadas originalmente no Correio da Bahia e confirmadas ao\u00a0<b>Estad\u00e3o<\/b>\u00a0pela assessoria de imprensa de Gabriel Costa.<\/p>\n<p>&#8220;Gabriel Costa chegou a acordo extrajudicial com as primas de Gal Costa para por fim aos questionamentos que elas apresentaram em ju\u00edzo sobre a Funda\u00e7\u00e3o Gal Costa. As regras para a exist\u00eancia e o funcionamento da funda\u00e7\u00e3o foram estabelecidas pela pr\u00f3pria cantora h\u00e1 muitos anos. Gabriel Costa, com o apoio das primas, se compromete a buscar meios para realizar o desejo de sua m\u00e3e de criar uma institui\u00e7\u00e3o que preserve sua obra&#8221;, diz a assessoria do filho da cantora, adotado por Gal aos dois anos, em 2007.<\/p>\n<p>O acordo entre o filho de Gal Costa e suas primas foi estabelecido em 1\u00ba de abril, conforme reportado pelo Correio da Bahia.<\/p>\n<p>Al\u00e9m disso, o ve\u00edculo tamb\u00e9m noticiou que, em mar\u00e7o deste ano, as primas de Gal Costa entraram com um processo contra Wilma Petrillo, companheira de Gal Costa e que alega tamb\u00e9m ser m\u00e3e de Gabriel, embora n\u00e3o o tenha registrado, acusando-a de t\u00ea-las coagido a anular o testamento.<\/p>\n<p>Segundo o testamento de Gal Costa de 1997, citado pelo Correio, a funda\u00e7\u00e3o sem fins lucrativos ajudaria m\u00fasicos e outros artistas da m\u00fasica. Eles planejavam fazer festivais, concursos e dar bolsas de estudo para pessoas que precisassem. Ver\u00f4nica, Priscila e outras tr\u00eas primas da cantora seriam respons\u00e1veis por administrar essa funda\u00e7\u00e3o.<\/p>\n<p>Gabriel concordou em criar a funda\u00e7\u00e3o ap\u00f3s a conclus\u00e3o do invent\u00e1rio, que definir\u00e1 como a heran\u00e7a de Gal ser\u00e1 distribu\u00edda &#8211; ela \u00e9 alvo de disputa entre ele e Petrillo. Segundo este acordo divulgado agora, os recursos para a funda\u00e7\u00e3o seriam provenientes da parte da heran\u00e7a de Gabriel e de poss\u00edveis parcerias p\u00fablicas ou privadas ainda n\u00e3o discutidas.<\/p>\n<p>O an\u00fancio do acordo entre o filho e familiares de Gal surge ap\u00f3s entrevistas concedidas por Petrillo \u00e0 imprensa e depois da decis\u00e3o da Justi\u00e7a de S\u00e3o Paulo de negar o pedido de exuma\u00e7\u00e3o do corpo da cantora feito por Gabriel Costa &#8211; ao\u00a0<b>Estad\u00e3o<\/b>, os advogados do filho da cantora afirmaram, na semana passada, que v\u00e3o recorrer da decis\u00e3o.<\/div>\n","protected":false},"excerpt":{"rendered":"<p>Por Fl\u00e1vio Pinto Gabriel Penna Burgos Costa, filho de Gal Costa, fez um acordo extrajudicial com as primas da cantora, Ver\u00f4nica e Priscila Silva. Juntos, eles est\u00e3o comprometidos em estabelecer a Funda\u00e7\u00e3o Gal Costa de Incentivo \u00e0 M\u00fasica e Cultura, uma institui\u00e7\u00e3o sem fins lucrativos e originalmente planejada no testamento da cantora em 1997 (ele &hellip;<\/p>\n","protected":false},"author":1,"featured_media":2909,"comment_status":"closed","ping_status":"closed","sticky":false,"template":"","format":"standard","meta":{"footnotes":""},"categories":[25],"tags":[],"class_list":["post-2908","post","type-post","status-publish","format-standard","has-post-thumbnail","hentry","category-musica"],"yoast_head":"<!-- This site is optimized with the Yoast SEO plugin v27.4 - https:\/\/yoast.com\/product\/yoast-seo-wordpress\/ -->\n<title>Filho de Gal Costa e primas da cantora fazem acordo para criar funda\u00e7\u00e3o - Transam\u00e9rica Mococa 93,3<\/title>\n<meta name=\"robots\" content=\"index, follow, max-snippet:-1, max-image-preview:large, max-video-preview:-1\" \/>\n<link rel=\"canonical\" href=\"https:\/\/transamerica93.com.br\/home\/filho-de-gal-costa-e-primas-da-cantora-fazem-acordo-para-criar-fundacao\/\" \/>\n<meta property=\"og:locale\" content=\"pt_BR\" \/>\n<meta property=\"og:type\" content=\"article\" \/>\n<meta property=\"og:title\" content=\"Filho de Gal Costa e primas da cantora fazem acordo para criar funda\u00e7\u00e3o - Transam\u00e9rica Mococa 93,3\" \/>\n<meta property=\"og:description\" content=\"Por Fl\u00e1vio Pinto Gabriel Penna Burgos Costa, filho de Gal Costa, fez um acordo extrajudicial com as primas da cantora, Ver\u00f4nica e Priscila Silva. Juntos, eles est\u00e3o comprometidos em estabelecer a Funda\u00e7\u00e3o Gal Costa de Incentivo \u00e0 M\u00fasica e Cultura, uma institui\u00e7\u00e3o sem fins lucrativos e originalmente planejada no testamento da cantora em 1997 (ele &hellip;\" \/>\n<meta property=\"og:url\" content=\"https:\/\/transamerica93.com.br\/home\/filho-de-gal-costa-e-primas-da-cantora-fazem-acordo-para-criar-fundacao\/\" \/>\n<meta property=\"og:site_name\" content=\"Transam\u00e9rica Mococa 93,3\" \/>\n<meta property=\"article:publisher\" content=\"https:\/\/www.facebook.com\/transamericamococa\" \/>\n<meta property=\"article:published_time\" content=\"2024-04-22T18:00:42+00:00\" \/>\n<meta property=\"og:image\" content=\"https:\/\/transamerica93.com.br\/home\/wp-content\/uploads\/2024\/04\/1-4.jpg\" \/>\n\t<meta property=\"og:image:width\" content=\"1280\" \/>\n\t<meta property=\"og:image:height\" content=\"720\" \/>\n\t<meta property=\"og:image:type\" content=\"image\/jpeg\" \/>\n<meta name=\"author\" content=\"Reda\u00e7\u00e3o\" \/>\n<meta name=\"twitter:card\" content=\"summary_large_image\" \/>\n<meta name=\"twitter:creator\" content=\"@transamerica933\" \/>\n<meta name=\"twitter:site\" content=\"@transamerica933\" \/>\n<meta name=\"twitter:label1\" content=\"Escrito por\" \/>\n\t<meta name=\"twitter:data1\" content=\"Reda\u00e7\u00e3o\" \/>\n\t<meta name=\"twitter:label2\" content=\"Est. tempo de leitura\" \/>\n\t<meta name=\"twitter:data2\" content=\"3 minutos\" \/>\n<script type=\"application\/ld+json\" class=\"yoast-schema-graph\">{\"@context\":\"https:\\\/\\\/schema.org\",\"@graph\":[{\"@type\":\"Article\",\"@id\":\"https:\\\/\\\/transamerica93.com.br\\\/home\\\/filho-de-gal-costa-e-primas-da-cantora-fazem-acordo-para-criar-fundacao\\\/#article\",\"isPartOf\":{\"@id\":\"https:\\\/\\\/transamerica93.com.br\\\/home\\\/filho-de-gal-costa-e-primas-da-cantora-fazem-acordo-para-criar-fundacao\\\/\"},\"author\":{\"name\":\"Reda\u00e7\u00e3o\",\"@id\":\"https:\\\/\\\/transamerica93.com.br\\\/home\\\/#\\\/schema\\\/person\\\/7fed7c99c0d4562efa8561bc0f543172\"},\"headline\":\"Filho de Gal Costa e primas da cantora fazem acordo para criar funda\u00e7\u00e3o\",\"datePublished\":\"2024-04-22T18:00:42+00:00\",\"mainEntityOfPage\":{\"@id\":\"https:\\\/\\\/transamerica93.com.br\\\/home\\\/filho-de-gal-costa-e-primas-da-cantora-fazem-acordo-para-criar-fundacao\\\/\"},\"wordCount\":462,\"publisher\":{\"@id\":\"https:\\\/\\\/transamerica93.com.br\\\/home\\\/#organization\"},\"image\":{\"@id\":\"https:\\\/\\\/transamerica93.com.br\\\/home\\\/filho-de-gal-costa-e-primas-da-cantora-fazem-acordo-para-criar-fundacao\\\/#primaryimage\"},\"thumbnailUrl\":\"https:\\\/\\\/transamerica93.com.br\\\/home\\\/wp-content\\\/uploads\\\/2024\\\/04\\\/1-4.jpg\",\"articleSection\":[\"M\u00fasica\"],\"inLanguage\":\"pt-BR\"},{\"@type\":\"WebPage\",\"@id\":\"https:\\\/\\\/transamerica93.com.br\\\/home\\\/filho-de-gal-costa-e-primas-da-cantora-fazem-acordo-para-criar-fundacao\\\/\",\"url\":\"https:\\\/\\\/transamerica93.com.br\\\/home\\\/filho-de-gal-costa-e-primas-da-cantora-fazem-acordo-para-criar-fundacao\\\/\",\"name\":\"Filho de Gal Costa e primas da cantora fazem acordo para criar funda\u00e7\u00e3o - Transam\u00e9rica Mococa 93,3\",\"isPartOf\":{\"@id\":\"https:\\\/\\\/transamerica93.com.br\\\/home\\\/#website\"},\"primaryImageOfPage\":{\"@id\":\"https:\\\/\\\/transamerica93.com.br\\\/home\\\/filho-de-gal-costa-e-primas-da-cantora-fazem-acordo-para-criar-fundacao\\\/#primaryimage\"},\"image\":{\"@id\":\"https:\\\/\\\/transamerica93.com.br\\\/home\\\/filho-de-gal-costa-e-primas-da-cantora-fazem-acordo-para-criar-fundacao\\\/#primaryimage\"},\"thumbnailUrl\":\"https:\\\/\\\/transamerica93.com.br\\\/home\\\/wp-content\\\/uploads\\\/2024\\\/04\\\/1-4.jpg\",\"datePublished\":\"2024-04-22T18:00:42+00:00\",\"breadcrumb\":{\"@id\":\"https:\\\/\\\/transamerica93.com.br\\\/home\\\/filho-de-gal-costa-e-primas-da-cantora-fazem-acordo-para-criar-fundacao\\\/#breadcrumb\"},\"inLanguage\":\"pt-BR\",\"potentialAction\":[{\"@type\":\"ReadAction\",\"target\":[\"https:\\\/\\\/transamerica93.com.br\\\/home\\\/filho-de-gal-costa-e-primas-da-cantora-fazem-acordo-para-criar-fundacao\\\/\"]}]},{\"@type\":\"ImageObject\",\"inLanguage\":\"pt-BR\",\"@id\":\"https:\\\/\\\/transamerica93.com.br\\\/home\\\/filho-de-gal-costa-e-primas-da-cantora-fazem-acordo-para-criar-fundacao\\\/#primaryimage\",\"url\":\"https:\\\/\\\/transamerica93.com.br\\\/home\\\/wp-content\\\/uploads\\\/2024\\\/04\\\/1-4.jpg\",\"contentUrl\":\"https:\\\/\\\/transamerica93.com.br\\\/home\\\/wp-content\\\/uploads\\\/2024\\\/04\\\/1-4.jpg\",\"width\":1280,\"height\":720,\"caption\":\"Gal Costa. Foto: Divulga\u00e7\u00e3o\"},{\"@type\":\"BreadcrumbList\",\"@id\":\"https:\\\/\\\/transamerica93.com.br\\\/home\\\/filho-de-gal-costa-e-primas-da-cantora-fazem-acordo-para-criar-fundacao\\\/#breadcrumb\",\"itemListElement\":[{\"@type\":\"ListItem\",\"position\":1,\"name\":\"In\u00edcio\",\"item\":\"https:\\\/\\\/transamerica93.com.br\\\/home\\\/\"},{\"@type\":\"ListItem\",\"position\":2,\"name\":\"Filho de Gal Costa e primas da cantora fazem acordo para criar funda\u00e7\u00e3o\"}]},{\"@type\":\"WebSite\",\"@id\":\"https:\\\/\\\/transamerica93.com.br\\\/home\\\/#website\",\"url\":\"https:\\\/\\\/transamerica93.com.br\\\/home\\\/\",\"name\":\"Transam\u00e9rica Mococa 93,3\",\"description\":\"\",\"publisher\":{\"@id\":\"https:\\\/\\\/transamerica93.com.br\\\/home\\\/#organization\"},\"potentialAction\":[{\"@type\":\"SearchAction\",\"target\":{\"@type\":\"EntryPoint\",\"urlTemplate\":\"https:\\\/\\\/transamerica93.com.br\\\/home\\\/?s={search_term_string}\"},\"query-input\":{\"@type\":\"PropertyValueSpecification\",\"valueRequired\":true,\"valueName\":\"search_term_string\"}}],\"inLanguage\":\"pt-BR\"},{\"@type\":\"Organization\",\"@id\":\"https:\\\/\\\/transamerica93.com.br\\\/home\\\/#organization\",\"name\":\"Transam\u00e9rica Mococa 93,3\",\"url\":\"https:\\\/\\\/transamerica93.com.br\\\/home\\\/\",\"logo\":{\"@type\":\"ImageObject\",\"inLanguage\":\"pt-BR\",\"@id\":\"https:\\\/\\\/transamerica93.com.br\\\/home\\\/#\\\/schema\\\/logo\\\/image\\\/\",\"url\":\"https:\\\/\\\/transamerica93.com.br\\\/home\\\/wp-content\\\/uploads\\\/2023\\\/10\\\/logo2.png\",\"contentUrl\":\"https:\\\/\\\/transamerica93.com.br\\\/home\\\/wp-content\\\/uploads\\\/2023\\\/10\\\/logo2.png\",\"width\":800,\"height\":500,\"caption\":\"Transam\u00e9rica Mococa 93,3\"},\"image\":{\"@id\":\"https:\\\/\\\/transamerica93.com.br\\\/home\\\/#\\\/schema\\\/logo\\\/image\\\/\"},\"sameAs\":[\"https:\\\/\\\/www.facebook.com\\\/transamericamococa\",\"https:\\\/\\\/x.com\\\/transamerica933\",\"https:\\\/\\\/www.instagram.com\\\/transamericamococa\"]},{\"@type\":\"Person\",\"@id\":\"https:\\\/\\\/transamerica93.com.br\\\/home\\\/#\\\/schema\\\/person\\\/7fed7c99c0d4562efa8561bc0f543172\",\"name\":\"Reda\u00e7\u00e3o\",\"image\":{\"@type\":\"ImageObject\",\"inLanguage\":\"pt-BR\",\"@id\":\"https:\\\/\\\/secure.gravatar.com\\\/avatar\\\/1072c6b775fb02ef8506ce967551d95926669a6b7d2c2147b42eea4d7c68395e?s=96&d=mm&r=g\",\"url\":\"https:\\\/\\\/secure.gravatar.com\\\/avatar\\\/1072c6b775fb02ef8506ce967551d95926669a6b7d2c2147b42eea4d7c68395e?s=96&d=mm&r=g\",\"contentUrl\":\"https:\\\/\\\/secure.gravatar.com\\\/avatar\\\/1072c6b775fb02ef8506ce967551d95926669a6b7d2c2147b42eea4d7c68395e?s=96&d=mm&r=g\",\"caption\":\"Reda\u00e7\u00e3o\"},\"sameAs\":[\"https:\\\/\\\/transamerica93.com.br\\\/home\"],\"url\":\"https:\\\/\\\/transamerica93.com.br\\\/home\\\/author\\\/william\\\/\"}]}<\/script>\n<!-- \/ Yoast SEO plugin. -->","yoast_head_json":{"title":"Filho de Gal Costa e primas da cantora fazem acordo para criar funda\u00e7\u00e3o - Transam\u00e9rica Mococa 93,3","robots":{"index":"index","follow":"follow","max-snippet":"max-snippet:-1","max-image-preview":"max-image-preview:large","max-video-preview":"max-video-preview:-1"},"canonical":"https:\/\/transamerica93.com.br\/home\/filho-de-gal-costa-e-primas-da-cantora-fazem-acordo-para-criar-fundacao\/","og_locale":"pt_BR","og_type":"article","og_title":"Filho de Gal Costa e primas da cantora fazem acordo para criar funda\u00e7\u00e3o - Transam\u00e9rica Mococa 93,3","og_description":"Por Fl\u00e1vio Pinto Gabriel Penna Burgos Costa, filho de Gal Costa, fez um acordo extrajudicial com as primas da cantora, Ver\u00f4nica e Priscila Silva. Juntos, eles est\u00e3o comprometidos em estabelecer a Funda\u00e7\u00e3o Gal Costa de Incentivo \u00e0 M\u00fasica e Cultura, uma institui\u00e7\u00e3o sem fins lucrativos e originalmente planejada no testamento da cantora em 1997 (ele &hellip;","og_url":"https:\/\/transamerica93.com.br\/home\/filho-de-gal-costa-e-primas-da-cantora-fazem-acordo-para-criar-fundacao\/","og_site_name":"Transam\u00e9rica Mococa 93,3","article_publisher":"https:\/\/www.facebook.com\/transamericamococa","article_published_time":"2024-04-22T18:00:42+00:00","og_image":[{"width":1280,"height":720,"url":"https:\/\/transamerica93.com.br\/home\/wp-content\/uploads\/2024\/04\/1-4.jpg","type":"image\/jpeg"}],"author":"Reda\u00e7\u00e3o","twitter_card":"summary_large_image","twitter_creator":"@transamerica933","twitter_site":"@transamerica933","twitter_misc":{"Escrito por":"Reda\u00e7\u00e3o","Est. tempo de leitura":"3 minutos"},"schema":{"@context":"https:\/\/schema.org","@graph":[{"@type":"Article","@id":"https:\/\/transamerica93.com.br\/home\/filho-de-gal-costa-e-primas-da-cantora-fazem-acordo-para-criar-fundacao\/#article","isPartOf":{"@id":"https:\/\/transamerica93.com.br\/home\/filho-de-gal-costa-e-primas-da-cantora-fazem-acordo-para-criar-fundacao\/"},"author":{"name":"Reda\u00e7\u00e3o","@id":"https:\/\/transamerica93.com.br\/home\/#\/schema\/person\/7fed7c99c0d4562efa8561bc0f543172"},"headline":"Filho de Gal Costa e primas da cantora fazem acordo para criar funda\u00e7\u00e3o","datePublished":"2024-04-22T18:00:42+00:00","mainEntityOfPage":{"@id":"https:\/\/transamerica93.com.br\/home\/filho-de-gal-costa-e-primas-da-cantora-fazem-acordo-para-criar-fundacao\/"},"wordCount":462,"publisher":{"@id":"https:\/\/transamerica93.com.br\/home\/#organization"},"image":{"@id":"https:\/\/transamerica93.com.br\/home\/filho-de-gal-costa-e-primas-da-cantora-fazem-acordo-para-criar-fundacao\/#primaryimage"},"thumbnailUrl":"https:\/\/transamerica93.com.br\/home\/wp-content\/uploads\/2024\/04\/1-4.jpg","articleSection":["M\u00fasica"],"inLanguage":"pt-BR"},{"@type":"WebPage","@id":"https:\/\/transamerica93.com.br\/home\/filho-de-gal-costa-e-primas-da-cantora-fazem-acordo-para-criar-fundacao\/","url":"https:\/\/transamerica93.com.br\/home\/filho-de-gal-costa-e-primas-da-cantora-fazem-acordo-para-criar-fundacao\/","name":"Filho de Gal Costa e primas da cantora fazem acordo para criar funda\u00e7\u00e3o - Transam\u00e9rica Mococa 93,3","isPartOf":{"@id":"https:\/\/transamerica93.com.br\/home\/#website"},"primaryImageOfPage":{"@id":"https:\/\/transamerica93.com.br\/home\/filho-de-gal-costa-e-primas-da-cantora-fazem-acordo-para-criar-fundacao\/#primaryimage"},"image":{"@id":"https:\/\/transamerica93.com.br\/home\/filho-de-gal-costa-e-primas-da-cantora-fazem-acordo-para-criar-fundacao\/#primaryimage"},"thumbnailUrl":"https:\/\/transamerica93.com.br\/home\/wp-content\/uploads\/2024\/04\/1-4.jpg","datePublished":"2024-04-22T18:00:42+00:00","breadcrumb":{"@id":"https:\/\/transamerica93.com.br\/home\/filho-de-gal-costa-e-primas-da-cantora-fazem-acordo-para-criar-fundacao\/#breadcrumb"},"inLanguage":"pt-BR","potentialAction":[{"@type":"ReadAction","target":["https:\/\/transamerica93.com.br\/home\/filho-de-gal-costa-e-primas-da-cantora-fazem-acordo-para-criar-fundacao\/"]}]},{"@type":"ImageObject","inLanguage":"pt-BR","@id":"https:\/\/transamerica93.com.br\/home\/filho-de-gal-costa-e-primas-da-cantora-fazem-acordo-para-criar-fundacao\/#primaryimage","url":"https:\/\/transamerica93.com.br\/home\/wp-content\/uploads\/2024\/04\/1-4.jpg","contentUrl":"https:\/\/transamerica93.com.br\/home\/wp-content\/uploads\/2024\/04\/1-4.jpg","width":1280,"height":720,"caption":"Gal Costa. Foto: Divulga\u00e7\u00e3o"},{"@type":"BreadcrumbList","@id":"https:\/\/transamerica93.com.br\/home\/filho-de-gal-costa-e-primas-da-cantora-fazem-acordo-para-criar-fundacao\/#breadcrumb","itemListElement":[{"@type":"ListItem","position":1,"name":"In\u00edcio","item":"https:\/\/transamerica93.com.br\/home\/"},{"@type":"ListItem","position":2,"name":"Filho de Gal Costa e primas da cantora fazem acordo para criar funda\u00e7\u00e3o"}]},{"@type":"WebSite","@id":"https:\/\/transamerica93.com.br\/home\/#website","url":"https:\/\/transamerica93.com.br\/home\/","name":"Transam\u00e9rica Mococa 93,3","description":"","publisher":{"@id":"https:\/\/transamerica93.com.br\/home\/#organization"},"potentialAction":[{"@type":"SearchAction","target":{"@type":"EntryPoint","urlTemplate":"https:\/\/transamerica93.com.br\/home\/?s={search_term_string}"},"query-input":{"@type":"PropertyValueSpecification","valueRequired":true,"valueName":"search_term_string"}}],"inLanguage":"pt-BR"},{"@type":"Organization","@id":"https:\/\/transamerica93.com.br\/home\/#organization","name":"Transam\u00e9rica Mococa 93,3","url":"https:\/\/transamerica93.com.br\/home\/","logo":{"@type":"ImageObject","inLanguage":"pt-BR","@id":"https:\/\/transamerica93.com.br\/home\/#\/schema\/logo\/image\/","url":"https:\/\/transamerica93.com.br\/home\/wp-content\/uploads\/2023\/10\/logo2.png","contentUrl":"https:\/\/transamerica93.com.br\/home\/wp-content\/uploads\/2023\/10\/logo2.png","width":800,"height":500,"caption":"Transam\u00e9rica Mococa 93,3"},"image":{"@id":"https:\/\/transamerica93.com.br\/home\/#\/schema\/logo\/image\/"},"sameAs":["https:\/\/www.facebook.com\/transamericamococa","https:\/\/x.com\/transamerica933","https:\/\/www.instagram.com\/transamericamococa"]},{"@type":"Person","@id":"https:\/\/transamerica93.com.br\/home\/#\/schema\/person\/7fed7c99c0d4562efa8561bc0f543172","name":"Reda\u00e7\u00e3o","image":{"@type":"ImageObject","inLanguage":"pt-BR","@id":"https:\/\/secure.gravatar.com\/avatar\/1072c6b775fb02ef8506ce967551d95926669a6b7d2c2147b42eea4d7c68395e?s=96&d=mm&r=g","url":"https:\/\/secure.gravatar.com\/avatar\/1072c6b775fb02ef8506ce967551d95926669a6b7d2c2147b42eea4d7c68395e?s=96&d=mm&r=g","contentUrl":"https:\/\/secure.gravatar.com\/avatar\/1072c6b775fb02ef8506ce967551d95926669a6b7d2c2147b42eea4d7c68395e?s=96&d=mm&r=g","caption":"Reda\u00e7\u00e3o"},"sameAs":["https:\/\/transamerica93.com.br\/home"],"url":"https:\/\/transamerica93.com.br\/home\/author\/william\/"}]}},"_links":{"self":[{"href":"https:\/\/transamerica93.com.br\/home\/wp-json\/wp\/v2\/posts\/2908","targetHints":{"allow":["GET"]}}],"collection":[{"href":"https:\/\/transamerica93.com.br\/home\/wp-json\/wp\/v2\/posts"}],"about":[{"href":"https:\/\/transamerica93.com.br\/home\/wp-json\/wp\/v2\/types\/post"}],"author":[{"embeddable":true,"href":"https:\/\/transamerica93.com.br\/home\/wp-json\/wp\/v2\/users\/1"}],"replies":[{"embeddable":true,"href":"https:\/\/transamerica93.com.br\/home\/wp-json\/wp\/v2\/comments?post=2908"}],"version-history":[{"count":1,"href":"https:\/\/transamerica93.com.br\/home\/wp-json\/wp\/v2\/posts\/2908\/revisions"}],"predecessor-version":[{"id":2910,"href":"https:\/\/transamerica93.com.br\/home\/wp-json\/wp\/v2\/posts\/2908\/revisions\/2910"}],"wp:featuredmedia":[{"embeddable":true,"href":"https:\/\/transamerica93.com.br\/home\/wp-json\/wp\/v2\/media\/2909"}],"wp:attachment":[{"href":"https:\/\/transamerica93.com.br\/home\/wp-json\/wp\/v2\/media?parent=2908"}],"wp:term":[{"taxonomy":"category","embeddable":true,"href":"https:\/\/transamerica93.com.br\/home\/wp-json\/wp\/v2\/categories?post=2908"},{"taxonomy":"post_tag","embeddable":true,"href":"https:\/\/transamerica93.com.br\/home\/wp-json\/wp\/v2\/tags?post=2908"}],"curies":[{"name":"wp","href":"https:\/\/api.w.org\/{rel}","templated":true}]}}