{"id":2911,"date":"2024-04-22T18:00:08","date_gmt":"2024-04-22T21:00:08","guid":{"rendered":"https:\/\/transamerica93.com.br\/home\/?p=2911"},"modified":"2024-04-19T18:31:44","modified_gmt":"2024-04-19T21:31:44","slug":"iza-fala-sobre-gravidez-e-relacao-com-yuri-lima-experiencia-mais-louca-da-minha-vida","status":"publish","type":"post","link":"https:\/\/transamerica93.com.br\/home\/iza-fala-sobre-gravidez-e-relacao-com-yuri-lima-experiencia-mais-louca-da-minha-vida\/","title":{"rendered":"Iza fala sobre gravidez e rela\u00e7\u00e3o com Yuri Lima: &#8216;Experi\u00eancia mais louca da minha vida&#8217;"},"content":{"rendered":"<p>Por Reda\u00e7\u00e3o E+<\/p>\n<p>A cantora Iza falou sobre sua gravidez: ela espera um filho do jogador de futebol Yuri Lima. Ser m\u00e3e sempre foi um sonho, conta a artista, que tamb\u00e9m relata as surpresas proporcionadas por esse momento. &#8220;A experi\u00eancia mais louca que eu estou passando na minha vida&#8221;, disse ela ao <i>Fant\u00e1stico<\/i>, da TV Globo.<\/p>\n<p>&#8220;Eu aqui, sentada, estou fazendo dois pulm\u00f5es, dois rins, est\u00f4mago, es\u00f4fago, esqueleto, pele, cabelo, c\u00edlios&#8221;, afirmou.<\/p>\n<p>Desde o carnaval, em fevereiro, quando se apresentou em um trio el\u00e9trico em S\u00e3o Paulo, a gesta\u00e7\u00e3o de Iza j\u00e1 tinha mais de tr\u00eas semanas, mas ela ainda n\u00e3o sabia. &#8220;Foram cinco horas no sol. Eu me lembro de ficar muito cansada&#8221;, relata.<\/p>\n<p>Ao descobrir a gravidez, aos 34 anos, a artista preparou uma surpresa ao companheiro, Yuri Lima, jogador de Mirassol, clube do interior de S\u00e3o Paulo. Ela fez uma caixinha com uma chupeta, um par de sapatinhos de beb\u00ea e o teste de gravidez. &#8220;Ele come\u00e7ou a correr pelo quarto, abriu a janela e gritou \u2018eu vou ser pai\u2019&#8221;, lembra.<\/p>\n<p>&#8220;O que eu mais quero \u00e9 ser um pai maravilhoso para o meu filho, um marido para a Iza, a mulher da minha vida&#8221;, disse o jogador ao programa, emocionado.<\/p>\n<p>&#8220;A gente j\u00e1 se v\u00ea como uma fam\u00edlia, porque somos&#8221;, completou Iza<\/p>\n<p>Durante o in\u00edcio da gravidez, por\u00e9m, a cantora chegou a levar um susto. Ela teve um leve sangramento e desmarcou sua agenda, incluindo um show em Aracaju, para poder descansar. Agora ela conta estar recuperada e diz que n\u00e3o vai dar uma pausa na carreira.<\/p>\n<p>&#8220;Eu agora s\u00f3 diminui o ritmo de shows, mas vou continuar trabalhando. No Rock In Rio, vou estar com um barrig\u00e3o de oito meses&#8221;, afirmou. &#8220;Imagina eu estar em cima de um palco gr\u00e1vida, isso \u00e9 uma coisa que eu sonhei&#8221;.<\/p>\n","protected":false},"excerpt":{"rendered":"<p>Por Reda\u00e7\u00e3o E+ A cantora Iza falou sobre sua gravidez: ela espera um filho do jogador de futebol Yuri Lima. Ser m\u00e3e sempre foi um sonho, conta a artista, que tamb\u00e9m relata as surpresas proporcionadas por esse momento. &#8220;A experi\u00eancia mais louca que eu estou passando na minha vida&#8221;, disse ela ao Fant\u00e1stico, da TV &hellip;<\/p>\n","protected":false},"author":1,"featured_media":2912,"comment_status":"closed","ping_status":"closed","sticky":false,"template":"","format":"standard","meta":{"footnotes":""},"categories":[24],"tags":[],"class_list":["post-2911","post","type-post","status-publish","format-standard","has-post-thumbnail","hentry","category-entretenimento"],"yoast_head":"<!-- This site is optimized with the Yoast SEO plugin v27.4 - https:\/\/yoast.com\/product\/yoast-seo-wordpress\/ -->\n<title>Iza fala sobre gravidez e rela\u00e7\u00e3o com Yuri Lima: &#039;Experi\u00eancia mais louca da minha vida&#039; - Transam\u00e9rica Mococa 93,3<\/title>\n<meta name=\"robots\" content=\"index, follow, max-snippet:-1, max-image-preview:large, max-video-preview:-1\" \/>\n<link rel=\"canonical\" href=\"https:\/\/transamerica93.com.br\/home\/iza-fala-sobre-gravidez-e-relacao-com-yuri-lima-experiencia-mais-louca-da-minha-vida\/\" \/>\n<meta property=\"og:locale\" content=\"pt_BR\" \/>\n<meta property=\"og:type\" content=\"article\" \/>\n<meta property=\"og:title\" content=\"Iza fala sobre gravidez e rela\u00e7\u00e3o com Yuri Lima: &#039;Experi\u00eancia mais louca da minha vida&#039; - Transam\u00e9rica Mococa 93,3\" \/>\n<meta property=\"og:description\" content=\"Por Reda\u00e7\u00e3o E+ A cantora Iza falou sobre sua gravidez: ela espera um filho do jogador de futebol Yuri Lima. Ser m\u00e3e sempre foi um sonho, conta a artista, que tamb\u00e9m relata as surpresas proporcionadas por esse momento. &#8220;A experi\u00eancia mais louca que eu estou passando na minha vida&#8221;, disse ela ao Fant\u00e1stico, da TV &hellip;\" \/>\n<meta property=\"og:url\" content=\"https:\/\/transamerica93.com.br\/home\/iza-fala-sobre-gravidez-e-relacao-com-yuri-lima-experiencia-mais-louca-da-minha-vida\/\" \/>\n<meta property=\"og:site_name\" content=\"Transam\u00e9rica Mococa 93,3\" \/>\n<meta property=\"article:publisher\" content=\"https:\/\/www.facebook.com\/transamericamococa\" \/>\n<meta property=\"article:published_time\" content=\"2024-04-22T21:00:08+00:00\" \/>\n<meta property=\"og:image\" content=\"https:\/\/transamerica93.com.br\/home\/wp-content\/uploads\/2024\/04\/1-5.jpg\" \/>\n\t<meta property=\"og:image:width\" content=\"889\" \/>\n\t<meta property=\"og:image:height\" content=\"554\" \/>\n\t<meta property=\"og:image:type\" content=\"image\/jpeg\" \/>\n<meta name=\"author\" content=\"Reda\u00e7\u00e3o\" \/>\n<meta name=\"twitter:card\" content=\"summary_large_image\" \/>\n<meta name=\"twitter:creator\" content=\"@transamerica933\" \/>\n<meta name=\"twitter:site\" content=\"@transamerica933\" \/>\n<meta name=\"twitter:label1\" content=\"Escrito por\" \/>\n\t<meta name=\"twitter:data1\" content=\"Reda\u00e7\u00e3o\" \/>\n\t<meta name=\"twitter:label2\" content=\"Est. tempo de leitura\" \/>\n\t<meta name=\"twitter:data2\" content=\"2 minutos\" \/>\n<script type=\"application\/ld+json\" class=\"yoast-schema-graph\">{\"@context\":\"https:\\\/\\\/schema.org\",\"@graph\":[{\"@type\":\"Article\",\"@id\":\"https:\\\/\\\/transamerica93.com.br\\\/home\\\/iza-fala-sobre-gravidez-e-relacao-com-yuri-lima-experiencia-mais-louca-da-minha-vida\\\/#article\",\"isPartOf\":{\"@id\":\"https:\\\/\\\/transamerica93.com.br\\\/home\\\/iza-fala-sobre-gravidez-e-relacao-com-yuri-lima-experiencia-mais-louca-da-minha-vida\\\/\"},\"author\":{\"name\":\"Reda\u00e7\u00e3o\",\"@id\":\"https:\\\/\\\/transamerica93.com.br\\\/home\\\/#\\\/schema\\\/person\\\/7fed7c99c0d4562efa8561bc0f543172\"},\"headline\":\"Iza fala sobre gravidez e rela\u00e7\u00e3o com Yuri Lima: &#8216;Experi\u00eancia mais louca da minha vida&#8217;\",\"datePublished\":\"2024-04-22T21:00:08+00:00\",\"mainEntityOfPage\":{\"@id\":\"https:\\\/\\\/transamerica93.com.br\\\/home\\\/iza-fala-sobre-gravidez-e-relacao-com-yuri-lima-experiencia-mais-louca-da-minha-vida\\\/\"},\"wordCount\":338,\"publisher\":{\"@id\":\"https:\\\/\\\/transamerica93.com.br\\\/home\\\/#organization\"},\"image\":{\"@id\":\"https:\\\/\\\/transamerica93.com.br\\\/home\\\/iza-fala-sobre-gravidez-e-relacao-com-yuri-lima-experiencia-mais-louca-da-minha-vida\\\/#primaryimage\"},\"thumbnailUrl\":\"https:\\\/\\\/transamerica93.com.br\\\/home\\\/wp-content\\\/uploads\\\/2024\\\/04\\\/1-5.jpg\",\"articleSection\":[\"Entretenimento\"],\"inLanguage\":\"pt-BR\"},{\"@type\":\"WebPage\",\"@id\":\"https:\\\/\\\/transamerica93.com.br\\\/home\\\/iza-fala-sobre-gravidez-e-relacao-com-yuri-lima-experiencia-mais-louca-da-minha-vida\\\/\",\"url\":\"https:\\\/\\\/transamerica93.com.br\\\/home\\\/iza-fala-sobre-gravidez-e-relacao-com-yuri-lima-experiencia-mais-louca-da-minha-vida\\\/\",\"name\":\"Iza fala sobre gravidez e rela\u00e7\u00e3o com Yuri Lima: 'Experi\u00eancia mais louca da minha vida' - Transam\u00e9rica Mococa 93,3\",\"isPartOf\":{\"@id\":\"https:\\\/\\\/transamerica93.com.br\\\/home\\\/#website\"},\"primaryImageOfPage\":{\"@id\":\"https:\\\/\\\/transamerica93.com.br\\\/home\\\/iza-fala-sobre-gravidez-e-relacao-com-yuri-lima-experiencia-mais-louca-da-minha-vida\\\/#primaryimage\"},\"image\":{\"@id\":\"https:\\\/\\\/transamerica93.com.br\\\/home\\\/iza-fala-sobre-gravidez-e-relacao-com-yuri-lima-experiencia-mais-louca-da-minha-vida\\\/#primaryimage\"},\"thumbnailUrl\":\"https:\\\/\\\/transamerica93.com.br\\\/home\\\/wp-content\\\/uploads\\\/2024\\\/04\\\/1-5.jpg\",\"datePublished\":\"2024-04-22T21:00:08+00:00\",\"breadcrumb\":{\"@id\":\"https:\\\/\\\/transamerica93.com.br\\\/home\\\/iza-fala-sobre-gravidez-e-relacao-com-yuri-lima-experiencia-mais-louca-da-minha-vida\\\/#breadcrumb\"},\"inLanguage\":\"pt-BR\",\"potentialAction\":[{\"@type\":\"ReadAction\",\"target\":[\"https:\\\/\\\/transamerica93.com.br\\\/home\\\/iza-fala-sobre-gravidez-e-relacao-com-yuri-lima-experiencia-mais-louca-da-minha-vida\\\/\"]}]},{\"@type\":\"ImageObject\",\"inLanguage\":\"pt-BR\",\"@id\":\"https:\\\/\\\/transamerica93.com.br\\\/home\\\/iza-fala-sobre-gravidez-e-relacao-com-yuri-lima-experiencia-mais-louca-da-minha-vida\\\/#primaryimage\",\"url\":\"https:\\\/\\\/transamerica93.com.br\\\/home\\\/wp-content\\\/uploads\\\/2024\\\/04\\\/1-5.jpg\",\"contentUrl\":\"https:\\\/\\\/transamerica93.com.br\\\/home\\\/wp-content\\\/uploads\\\/2024\\\/04\\\/1-5.jpg\",\"width\":889,\"height\":554,\"caption\":\"Foto: Reprodu\u00e7\u00e3o\\\/ Instagram\"},{\"@type\":\"BreadcrumbList\",\"@id\":\"https:\\\/\\\/transamerica93.com.br\\\/home\\\/iza-fala-sobre-gravidez-e-relacao-com-yuri-lima-experiencia-mais-louca-da-minha-vida\\\/#breadcrumb\",\"itemListElement\":[{\"@type\":\"ListItem\",\"position\":1,\"name\":\"In\u00edcio\",\"item\":\"https:\\\/\\\/transamerica93.com.br\\\/home\\\/\"},{\"@type\":\"ListItem\",\"position\":2,\"name\":\"Iza fala sobre gravidez e rela\u00e7\u00e3o com Yuri Lima: &#8216;Experi\u00eancia mais louca da minha vida&#8217;\"}]},{\"@type\":\"WebSite\",\"@id\":\"https:\\\/\\\/transamerica93.com.br\\\/home\\\/#website\",\"url\":\"https:\\\/\\\/transamerica93.com.br\\\/home\\\/\",\"name\":\"Transam\u00e9rica Mococa 93,3\",\"description\":\"\",\"publisher\":{\"@id\":\"https:\\\/\\\/transamerica93.com.br\\\/home\\\/#organization\"},\"potentialAction\":[{\"@type\":\"SearchAction\",\"target\":{\"@type\":\"EntryPoint\",\"urlTemplate\":\"https:\\\/\\\/transamerica93.com.br\\\/home\\\/?s={search_term_string}\"},\"query-input\":{\"@type\":\"PropertyValueSpecification\",\"valueRequired\":true,\"valueName\":\"search_term_string\"}}],\"inLanguage\":\"pt-BR\"},{\"@type\":\"Organization\",\"@id\":\"https:\\\/\\\/transamerica93.com.br\\\/home\\\/#organization\",\"name\":\"Transam\u00e9rica Mococa 93,3\",\"url\":\"https:\\\/\\\/transamerica93.com.br\\\/home\\\/\",\"logo\":{\"@type\":\"ImageObject\",\"inLanguage\":\"pt-BR\",\"@id\":\"https:\\\/\\\/transamerica93.com.br\\\/home\\\/#\\\/schema\\\/logo\\\/image\\\/\",\"url\":\"https:\\\/\\\/transamerica93.com.br\\\/home\\\/wp-content\\\/uploads\\\/2023\\\/10\\\/logo2.png\",\"contentUrl\":\"https:\\\/\\\/transamerica93.com.br\\\/home\\\/wp-content\\\/uploads\\\/2023\\\/10\\\/logo2.png\",\"width\":800,\"height\":500,\"caption\":\"Transam\u00e9rica Mococa 93,3\"},\"image\":{\"@id\":\"https:\\\/\\\/transamerica93.com.br\\\/home\\\/#\\\/schema\\\/logo\\\/image\\\/\"},\"sameAs\":[\"https:\\\/\\\/www.facebook.com\\\/transamericamococa\",\"https:\\\/\\\/x.com\\\/transamerica933\",\"https:\\\/\\\/www.instagram.com\\\/transamericamococa\"]},{\"@type\":\"Person\",\"@id\":\"https:\\\/\\\/transamerica93.com.br\\\/home\\\/#\\\/schema\\\/person\\\/7fed7c99c0d4562efa8561bc0f543172\",\"name\":\"Reda\u00e7\u00e3o\",\"image\":{\"@type\":\"ImageObject\",\"inLanguage\":\"pt-BR\",\"@id\":\"https:\\\/\\\/secure.gravatar.com\\\/avatar\\\/1072c6b775fb02ef8506ce967551d95926669a6b7d2c2147b42eea4d7c68395e?s=96&d=mm&r=g\",\"url\":\"https:\\\/\\\/secure.gravatar.com\\\/avatar\\\/1072c6b775fb02ef8506ce967551d95926669a6b7d2c2147b42eea4d7c68395e?s=96&d=mm&r=g\",\"contentUrl\":\"https:\\\/\\\/secure.gravatar.com\\\/avatar\\\/1072c6b775fb02ef8506ce967551d95926669a6b7d2c2147b42eea4d7c68395e?s=96&d=mm&r=g\",\"caption\":\"Reda\u00e7\u00e3o\"},\"sameAs\":[\"https:\\\/\\\/transamerica93.com.br\\\/home\"],\"url\":\"https:\\\/\\\/transamerica93.com.br\\\/home\\\/author\\\/william\\\/\"}]}<\/script>\n<!-- \/ Yoast SEO plugin. -->","yoast_head_json":{"title":"Iza fala sobre gravidez e rela\u00e7\u00e3o com Yuri Lima: 'Experi\u00eancia mais louca da minha vida' - Transam\u00e9rica Mococa 93,3","robots":{"index":"index","follow":"follow","max-snippet":"max-snippet:-1","max-image-preview":"max-image-preview:large","max-video-preview":"max-video-preview:-1"},"canonical":"https:\/\/transamerica93.com.br\/home\/iza-fala-sobre-gravidez-e-relacao-com-yuri-lima-experiencia-mais-louca-da-minha-vida\/","og_locale":"pt_BR","og_type":"article","og_title":"Iza fala sobre gravidez e rela\u00e7\u00e3o com Yuri Lima: 'Experi\u00eancia mais louca da minha vida' - Transam\u00e9rica Mococa 93,3","og_description":"Por Reda\u00e7\u00e3o E+ A cantora Iza falou sobre sua gravidez: ela espera um filho do jogador de futebol Yuri Lima. Ser m\u00e3e sempre foi um sonho, conta a artista, que tamb\u00e9m relata as surpresas proporcionadas por esse momento. &#8220;A experi\u00eancia mais louca que eu estou passando na minha vida&#8221;, disse ela ao Fant\u00e1stico, da TV &hellip;","og_url":"https:\/\/transamerica93.com.br\/home\/iza-fala-sobre-gravidez-e-relacao-com-yuri-lima-experiencia-mais-louca-da-minha-vida\/","og_site_name":"Transam\u00e9rica Mococa 93,3","article_publisher":"https:\/\/www.facebook.com\/transamericamococa","article_published_time":"2024-04-22T21:00:08+00:00","og_image":[{"width":889,"height":554,"url":"https:\/\/transamerica93.com.br\/home\/wp-content\/uploads\/2024\/04\/1-5.jpg","type":"image\/jpeg"}],"author":"Reda\u00e7\u00e3o","twitter_card":"summary_large_image","twitter_creator":"@transamerica933","twitter_site":"@transamerica933","twitter_misc":{"Escrito por":"Reda\u00e7\u00e3o","Est. tempo de leitura":"2 minutos"},"schema":{"@context":"https:\/\/schema.org","@graph":[{"@type":"Article","@id":"https:\/\/transamerica93.com.br\/home\/iza-fala-sobre-gravidez-e-relacao-com-yuri-lima-experiencia-mais-louca-da-minha-vida\/#article","isPartOf":{"@id":"https:\/\/transamerica93.com.br\/home\/iza-fala-sobre-gravidez-e-relacao-com-yuri-lima-experiencia-mais-louca-da-minha-vida\/"},"author":{"name":"Reda\u00e7\u00e3o","@id":"https:\/\/transamerica93.com.br\/home\/#\/schema\/person\/7fed7c99c0d4562efa8561bc0f543172"},"headline":"Iza fala sobre gravidez e rela\u00e7\u00e3o com Yuri Lima: &#8216;Experi\u00eancia mais louca da minha vida&#8217;","datePublished":"2024-04-22T21:00:08+00:00","mainEntityOfPage":{"@id":"https:\/\/transamerica93.com.br\/home\/iza-fala-sobre-gravidez-e-relacao-com-yuri-lima-experiencia-mais-louca-da-minha-vida\/"},"wordCount":338,"publisher":{"@id":"https:\/\/transamerica93.com.br\/home\/#organization"},"image":{"@id":"https:\/\/transamerica93.com.br\/home\/iza-fala-sobre-gravidez-e-relacao-com-yuri-lima-experiencia-mais-louca-da-minha-vida\/#primaryimage"},"thumbnailUrl":"https:\/\/transamerica93.com.br\/home\/wp-content\/uploads\/2024\/04\/1-5.jpg","articleSection":["Entretenimento"],"inLanguage":"pt-BR"},{"@type":"WebPage","@id":"https:\/\/transamerica93.com.br\/home\/iza-fala-sobre-gravidez-e-relacao-com-yuri-lima-experiencia-mais-louca-da-minha-vida\/","url":"https:\/\/transamerica93.com.br\/home\/iza-fala-sobre-gravidez-e-relacao-com-yuri-lima-experiencia-mais-louca-da-minha-vida\/","name":"Iza fala sobre gravidez e rela\u00e7\u00e3o com Yuri Lima: 'Experi\u00eancia mais louca da minha vida' - Transam\u00e9rica Mococa 93,3","isPartOf":{"@id":"https:\/\/transamerica93.com.br\/home\/#website"},"primaryImageOfPage":{"@id":"https:\/\/transamerica93.com.br\/home\/iza-fala-sobre-gravidez-e-relacao-com-yuri-lima-experiencia-mais-louca-da-minha-vida\/#primaryimage"},"image":{"@id":"https:\/\/transamerica93.com.br\/home\/iza-fala-sobre-gravidez-e-relacao-com-yuri-lima-experiencia-mais-louca-da-minha-vida\/#primaryimage"},"thumbnailUrl":"https:\/\/transamerica93.com.br\/home\/wp-content\/uploads\/2024\/04\/1-5.jpg","datePublished":"2024-04-22T21:00:08+00:00","breadcrumb":{"@id":"https:\/\/transamerica93.com.br\/home\/iza-fala-sobre-gravidez-e-relacao-com-yuri-lima-experiencia-mais-louca-da-minha-vida\/#breadcrumb"},"inLanguage":"pt-BR","potentialAction":[{"@type":"ReadAction","target":["https:\/\/transamerica93.com.br\/home\/iza-fala-sobre-gravidez-e-relacao-com-yuri-lima-experiencia-mais-louca-da-minha-vida\/"]}]},{"@type":"ImageObject","inLanguage":"pt-BR","@id":"https:\/\/transamerica93.com.br\/home\/iza-fala-sobre-gravidez-e-relacao-com-yuri-lima-experiencia-mais-louca-da-minha-vida\/#primaryimage","url":"https:\/\/transamerica93.com.br\/home\/wp-content\/uploads\/2024\/04\/1-5.jpg","contentUrl":"https:\/\/transamerica93.com.br\/home\/wp-content\/uploads\/2024\/04\/1-5.jpg","width":889,"height":554,"caption":"Foto: Reprodu\u00e7\u00e3o\/ Instagram"},{"@type":"BreadcrumbList","@id":"https:\/\/transamerica93.com.br\/home\/iza-fala-sobre-gravidez-e-relacao-com-yuri-lima-experiencia-mais-louca-da-minha-vida\/#breadcrumb","itemListElement":[{"@type":"ListItem","position":1,"name":"In\u00edcio","item":"https:\/\/transamerica93.com.br\/home\/"},{"@type":"ListItem","position":2,"name":"Iza fala sobre gravidez e rela\u00e7\u00e3o com Yuri Lima: &#8216;Experi\u00eancia mais louca da minha vida&#8217;"}]},{"@type":"WebSite","@id":"https:\/\/transamerica93.com.br\/home\/#website","url":"https:\/\/transamerica93.com.br\/home\/","name":"Transam\u00e9rica Mococa 93,3","description":"","publisher":{"@id":"https:\/\/transamerica93.com.br\/home\/#organization"},"potentialAction":[{"@type":"SearchAction","target":{"@type":"EntryPoint","urlTemplate":"https:\/\/transamerica93.com.br\/home\/?s={search_term_string}"},"query-input":{"@type":"PropertyValueSpecification","valueRequired":true,"valueName":"search_term_string"}}],"inLanguage":"pt-BR"},{"@type":"Organization","@id":"https:\/\/transamerica93.com.br\/home\/#organization","name":"Transam\u00e9rica Mococa 93,3","url":"https:\/\/transamerica93.com.br\/home\/","logo":{"@type":"ImageObject","inLanguage":"pt-BR","@id":"https:\/\/transamerica93.com.br\/home\/#\/schema\/logo\/image\/","url":"https:\/\/transamerica93.com.br\/home\/wp-content\/uploads\/2023\/10\/logo2.png","contentUrl":"https:\/\/transamerica93.com.br\/home\/wp-content\/uploads\/2023\/10\/logo2.png","width":800,"height":500,"caption":"Transam\u00e9rica Mococa 93,3"},"image":{"@id":"https:\/\/transamerica93.com.br\/home\/#\/schema\/logo\/image\/"},"sameAs":["https:\/\/www.facebook.com\/transamericamococa","https:\/\/x.com\/transamerica933","https:\/\/www.instagram.com\/transamericamococa"]},{"@type":"Person","@id":"https:\/\/transamerica93.com.br\/home\/#\/schema\/person\/7fed7c99c0d4562efa8561bc0f543172","name":"Reda\u00e7\u00e3o","image":{"@type":"ImageObject","inLanguage":"pt-BR","@id":"https:\/\/secure.gravatar.com\/avatar\/1072c6b775fb02ef8506ce967551d95926669a6b7d2c2147b42eea4d7c68395e?s=96&d=mm&r=g","url":"https:\/\/secure.gravatar.com\/avatar\/1072c6b775fb02ef8506ce967551d95926669a6b7d2c2147b42eea4d7c68395e?s=96&d=mm&r=g","contentUrl":"https:\/\/secure.gravatar.com\/avatar\/1072c6b775fb02ef8506ce967551d95926669a6b7d2c2147b42eea4d7c68395e?s=96&d=mm&r=g","caption":"Reda\u00e7\u00e3o"},"sameAs":["https:\/\/transamerica93.com.br\/home"],"url":"https:\/\/transamerica93.com.br\/home\/author\/william\/"}]}},"_links":{"self":[{"href":"https:\/\/transamerica93.com.br\/home\/wp-json\/wp\/v2\/posts\/2911","targetHints":{"allow":["GET"]}}],"collection":[{"href":"https:\/\/transamerica93.com.br\/home\/wp-json\/wp\/v2\/posts"}],"about":[{"href":"https:\/\/transamerica93.com.br\/home\/wp-json\/wp\/v2\/types\/post"}],"author":[{"embeddable":true,"href":"https:\/\/transamerica93.com.br\/home\/wp-json\/wp\/v2\/users\/1"}],"replies":[{"embeddable":true,"href":"https:\/\/transamerica93.com.br\/home\/wp-json\/wp\/v2\/comments?post=2911"}],"version-history":[{"count":1,"href":"https:\/\/transamerica93.com.br\/home\/wp-json\/wp\/v2\/posts\/2911\/revisions"}],"predecessor-version":[{"id":2913,"href":"https:\/\/transamerica93.com.br\/home\/wp-json\/wp\/v2\/posts\/2911\/revisions\/2913"}],"wp:featuredmedia":[{"embeddable":true,"href":"https:\/\/transamerica93.com.br\/home\/wp-json\/wp\/v2\/media\/2912"}],"wp:attachment":[{"href":"https:\/\/transamerica93.com.br\/home\/wp-json\/wp\/v2\/media?parent=2911"}],"wp:term":[{"taxonomy":"category","embeddable":true,"href":"https:\/\/transamerica93.com.br\/home\/wp-json\/wp\/v2\/categories?post=2911"},{"taxonomy":"post_tag","embeddable":true,"href":"https:\/\/transamerica93.com.br\/home\/wp-json\/wp\/v2\/tags?post=2911"}],"curies":[{"name":"wp","href":"https:\/\/api.w.org\/{rel}","templated":true}]}}