{"id":2926,"date":"2024-04-26T18:00:06","date_gmt":"2024-04-26T21:00:06","guid":{"rendered":"https:\/\/transamerica93.com.br\/home\/?p=2926"},"modified":"2024-04-19T18:45:02","modified_gmt":"2024-04-19T21:45:02","slug":"wagner-moura-revela-que-quebrou-o-nariz-de-um-homem-em-preparacao-para-tropa-de-elite","status":"publish","type":"post","link":"https:\/\/transamerica93.com.br\/home\/wagner-moura-revela-que-quebrou-o-nariz-de-um-homem-em-preparacao-para-tropa-de-elite\/","title":{"rendered":"Wagner Moura revela que quebrou o nariz de um homem em prepara\u00e7\u00e3o para &#8216;Tropa de Elite&#8217;"},"content":{"rendered":"<p>Por Gabriela Caputo<\/p>\n<p>Wagner Moura quebrou o nariz de um homem em prepara\u00e7\u00e3o para uma cena do Capit\u00e3o Nascimento em\u00a0<i>Tropa de Elite<\/i>. O ator baiano, que est\u00e1 em cartaz nos cinemas com o filme americano\u00a0<i>Guerra Civil<\/i>, revelou a curiosidade em entrevista ao podcast Podpah.<\/p>\n<p>&#8220;A prepara\u00e7\u00e3o era sinistra. Eu quebrei o nariz de um cara do Bope. Foi louco, porque o cara ficava me provocando no treinamento, teve uma hora que ele falou uma coisa l\u00e1 do meu filho e eu quebrei o nariz dele&#8221;, contou Moura. &#8220;Ele adorou. Falou: \u2018\u00c9 isso a\u00ed. Agora sim!\u2019 Era barra pesada&#8221;, acrescentou o ator.<\/p>\n<p>Ele diz valorizar o processo de ensaio para um papel. &#8220;Todo personagem que voc\u00ea faz, voc\u00ea tem ele dentro de voc\u00ea. Voc\u00ea n\u00e3o vai buscar nada que n\u00e3o conhece. Eu sei o que \u00e9 aquela raiva, sei o que \u00e9 aquela viol\u00eancia. Todo mundo tem tudo de ruim e tudo de extraordin\u00e1rio, de lindo, de belo. O ser humano \u00e9 essa complexidade. O processo com o Bope foi para acordar a agressividade&#8221;, detalhou o Moura.<\/p>\n<p>&#8220;Os caras do Bope falaram que depois do treinamento que fizemos, est\u00e1vamos mais aptos que a pol\u00edcia&#8221;, explicou. Para filmar a sequ\u00eancia\u00a0<i>Tropa de Elite 2: O Inimigo Agora \u00e9 Outro<\/i>, ele precisou ser convencido pelo diretor Jos\u00e9 Padilha. &#8220;O Z\u00e9 Padilha foi muito bom no convencimento, me ligou bastante&#8221;, disse.<\/p>\n<p>No programa, Wagner Moura ainda comentou que sente saudades do Brasil e pretende voltar para o Pa\u00eds em breve. Atualmente, ele mora em Los Angeles, nos Estados Unidos, com a mulher e tr\u00eas filhos. Um trecho em que fala sobre o assunto viralizou nas redes sociais. &#8220;L\u00e1 [Los Angeles] a qualidade de vida deve ser outra coisa&#8221;, disse um dos apresentadores. &#8220;Mas n\u00e3o \u00e9 a Bahia&#8221;, respondeu o ator.<\/p>\n","protected":false},"excerpt":{"rendered":"<p>Por Gabriela Caputo Wagner Moura quebrou o nariz de um homem em prepara\u00e7\u00e3o para uma cena do Capit\u00e3o Nascimento em\u00a0Tropa de Elite. O ator baiano, que est\u00e1 em cartaz nos cinemas com o filme americano\u00a0Guerra Civil, revelou a curiosidade em entrevista ao podcast Podpah. &#8220;A prepara\u00e7\u00e3o era sinistra. Eu quebrei o nariz de um cara &hellip;<\/p>\n","protected":false},"author":1,"featured_media":2927,"comment_status":"closed","ping_status":"closed","sticky":false,"template":"","format":"standard","meta":{"footnotes":""},"categories":[24],"tags":[],"class_list":["post-2926","post","type-post","status-publish","format-standard","has-post-thumbnail","hentry","category-entretenimento"],"yoast_head":"<!-- This site is optimized with the Yoast SEO plugin v27.4 - https:\/\/yoast.com\/product\/yoast-seo-wordpress\/ -->\n<title>Wagner Moura revela que quebrou o nariz de um homem em prepara\u00e7\u00e3o para &#039;Tropa de Elite&#039; - Transam\u00e9rica Mococa 93,3<\/title>\n<meta name=\"robots\" content=\"index, follow, max-snippet:-1, max-image-preview:large, max-video-preview:-1\" \/>\n<link rel=\"canonical\" href=\"https:\/\/transamerica93.com.br\/home\/wagner-moura-revela-que-quebrou-o-nariz-de-um-homem-em-preparacao-para-tropa-de-elite\/\" \/>\n<meta property=\"og:locale\" content=\"pt_BR\" \/>\n<meta property=\"og:type\" content=\"article\" \/>\n<meta property=\"og:title\" content=\"Wagner Moura revela que quebrou o nariz de um homem em prepara\u00e7\u00e3o para &#039;Tropa de Elite&#039; - Transam\u00e9rica Mococa 93,3\" \/>\n<meta property=\"og:description\" content=\"Por Gabriela Caputo Wagner Moura quebrou o nariz de um homem em prepara\u00e7\u00e3o para uma cena do Capit\u00e3o Nascimento em\u00a0Tropa de Elite. O ator baiano, que est\u00e1 em cartaz nos cinemas com o filme americano\u00a0Guerra Civil, revelou a curiosidade em entrevista ao podcast Podpah. &#8220;A prepara\u00e7\u00e3o era sinistra. Eu quebrei o nariz de um cara &hellip;\" \/>\n<meta property=\"og:url\" content=\"https:\/\/transamerica93.com.br\/home\/wagner-moura-revela-que-quebrou-o-nariz-de-um-homem-em-preparacao-para-tropa-de-elite\/\" \/>\n<meta property=\"og:site_name\" content=\"Transam\u00e9rica Mococa 93,3\" \/>\n<meta property=\"article:publisher\" content=\"https:\/\/www.facebook.com\/transamericamococa\" \/>\n<meta property=\"article:published_time\" content=\"2024-04-26T21:00:06+00:00\" \/>\n<meta property=\"og:image\" content=\"https:\/\/transamerica93.com.br\/home\/wp-content\/uploads\/2024\/04\/portaldoholanda-wagner-moura-reproducao-podcast-podpah-1299258.jpg\" \/>\n\t<meta property=\"og:image:width\" content=\"750\" \/>\n\t<meta property=\"og:image:height\" content=\"422\" \/>\n\t<meta property=\"og:image:type\" content=\"image\/jpeg\" \/>\n<meta name=\"author\" content=\"Reda\u00e7\u00e3o\" \/>\n<meta name=\"twitter:card\" content=\"summary_large_image\" \/>\n<meta name=\"twitter:creator\" content=\"@transamerica933\" \/>\n<meta name=\"twitter:site\" content=\"@transamerica933\" \/>\n<meta name=\"twitter:label1\" content=\"Escrito por\" \/>\n\t<meta name=\"twitter:data1\" content=\"Reda\u00e7\u00e3o\" \/>\n\t<meta name=\"twitter:label2\" content=\"Est. tempo de leitura\" \/>\n\t<meta name=\"twitter:data2\" content=\"2 minutos\" \/>\n<script type=\"application\/ld+json\" class=\"yoast-schema-graph\">{\"@context\":\"https:\\\/\\\/schema.org\",\"@graph\":[{\"@type\":\"Article\",\"@id\":\"https:\\\/\\\/transamerica93.com.br\\\/home\\\/wagner-moura-revela-que-quebrou-o-nariz-de-um-homem-em-preparacao-para-tropa-de-elite\\\/#article\",\"isPartOf\":{\"@id\":\"https:\\\/\\\/transamerica93.com.br\\\/home\\\/wagner-moura-revela-que-quebrou-o-nariz-de-um-homem-em-preparacao-para-tropa-de-elite\\\/\"},\"author\":{\"name\":\"Reda\u00e7\u00e3o\",\"@id\":\"https:\\\/\\\/transamerica93.com.br\\\/home\\\/#\\\/schema\\\/person\\\/7fed7c99c0d4562efa8561bc0f543172\"},\"headline\":\"Wagner Moura revela que quebrou o nariz de um homem em prepara\u00e7\u00e3o para &#8216;Tropa de Elite&#8217;\",\"datePublished\":\"2024-04-26T21:00:06+00:00\",\"mainEntityOfPage\":{\"@id\":\"https:\\\/\\\/transamerica93.com.br\\\/home\\\/wagner-moura-revela-que-quebrou-o-nariz-de-um-homem-em-preparacao-para-tropa-de-elite\\\/\"},\"wordCount\":321,\"publisher\":{\"@id\":\"https:\\\/\\\/transamerica93.com.br\\\/home\\\/#organization\"},\"image\":{\"@id\":\"https:\\\/\\\/transamerica93.com.br\\\/home\\\/wagner-moura-revela-que-quebrou-o-nariz-de-um-homem-em-preparacao-para-tropa-de-elite\\\/#primaryimage\"},\"thumbnailUrl\":\"https:\\\/\\\/transamerica93.com.br\\\/home\\\/wp-content\\\/uploads\\\/2024\\\/04\\\/portaldoholanda-wagner-moura-reproducao-podcast-podpah-1299258.jpg\",\"articleSection\":[\"Entretenimento\"],\"inLanguage\":\"pt-BR\"},{\"@type\":\"WebPage\",\"@id\":\"https:\\\/\\\/transamerica93.com.br\\\/home\\\/wagner-moura-revela-que-quebrou-o-nariz-de-um-homem-em-preparacao-para-tropa-de-elite\\\/\",\"url\":\"https:\\\/\\\/transamerica93.com.br\\\/home\\\/wagner-moura-revela-que-quebrou-o-nariz-de-um-homem-em-preparacao-para-tropa-de-elite\\\/\",\"name\":\"Wagner Moura revela que quebrou o nariz de um homem em prepara\u00e7\u00e3o para 'Tropa de Elite' - Transam\u00e9rica Mococa 93,3\",\"isPartOf\":{\"@id\":\"https:\\\/\\\/transamerica93.com.br\\\/home\\\/#website\"},\"primaryImageOfPage\":{\"@id\":\"https:\\\/\\\/transamerica93.com.br\\\/home\\\/wagner-moura-revela-que-quebrou-o-nariz-de-um-homem-em-preparacao-para-tropa-de-elite\\\/#primaryimage\"},\"image\":{\"@id\":\"https:\\\/\\\/transamerica93.com.br\\\/home\\\/wagner-moura-revela-que-quebrou-o-nariz-de-um-homem-em-preparacao-para-tropa-de-elite\\\/#primaryimage\"},\"thumbnailUrl\":\"https:\\\/\\\/transamerica93.com.br\\\/home\\\/wp-content\\\/uploads\\\/2024\\\/04\\\/portaldoholanda-wagner-moura-reproducao-podcast-podpah-1299258.jpg\",\"datePublished\":\"2024-04-26T21:00:06+00:00\",\"breadcrumb\":{\"@id\":\"https:\\\/\\\/transamerica93.com.br\\\/home\\\/wagner-moura-revela-que-quebrou-o-nariz-de-um-homem-em-preparacao-para-tropa-de-elite\\\/#breadcrumb\"},\"inLanguage\":\"pt-BR\",\"potentialAction\":[{\"@type\":\"ReadAction\",\"target\":[\"https:\\\/\\\/transamerica93.com.br\\\/home\\\/wagner-moura-revela-que-quebrou-o-nariz-de-um-homem-em-preparacao-para-tropa-de-elite\\\/\"]}]},{\"@type\":\"ImageObject\",\"inLanguage\":\"pt-BR\",\"@id\":\"https:\\\/\\\/transamerica93.com.br\\\/home\\\/wagner-moura-revela-que-quebrou-o-nariz-de-um-homem-em-preparacao-para-tropa-de-elite\\\/#primaryimage\",\"url\":\"https:\\\/\\\/transamerica93.com.br\\\/home\\\/wp-content\\\/uploads\\\/2024\\\/04\\\/portaldoholanda-wagner-moura-reproducao-podcast-podpah-1299258.jpg\",\"contentUrl\":\"https:\\\/\\\/transamerica93.com.br\\\/home\\\/wp-content\\\/uploads\\\/2024\\\/04\\\/portaldoholanda-wagner-moura-reproducao-podcast-podpah-1299258.jpg\",\"width\":750,\"height\":422,\"caption\":\"Foto: Reproducao Podcast Podpah\"},{\"@type\":\"BreadcrumbList\",\"@id\":\"https:\\\/\\\/transamerica93.com.br\\\/home\\\/wagner-moura-revela-que-quebrou-o-nariz-de-um-homem-em-preparacao-para-tropa-de-elite\\\/#breadcrumb\",\"itemListElement\":[{\"@type\":\"ListItem\",\"position\":1,\"name\":\"In\u00edcio\",\"item\":\"https:\\\/\\\/transamerica93.com.br\\\/home\\\/\"},{\"@type\":\"ListItem\",\"position\":2,\"name\":\"Wagner Moura revela que quebrou o nariz de um homem em prepara\u00e7\u00e3o para &#8216;Tropa de Elite&#8217;\"}]},{\"@type\":\"WebSite\",\"@id\":\"https:\\\/\\\/transamerica93.com.br\\\/home\\\/#website\",\"url\":\"https:\\\/\\\/transamerica93.com.br\\\/home\\\/\",\"name\":\"Transam\u00e9rica Mococa 93,3\",\"description\":\"\",\"publisher\":{\"@id\":\"https:\\\/\\\/transamerica93.com.br\\\/home\\\/#organization\"},\"potentialAction\":[{\"@type\":\"SearchAction\",\"target\":{\"@type\":\"EntryPoint\",\"urlTemplate\":\"https:\\\/\\\/transamerica93.com.br\\\/home\\\/?s={search_term_string}\"},\"query-input\":{\"@type\":\"PropertyValueSpecification\",\"valueRequired\":true,\"valueName\":\"search_term_string\"}}],\"inLanguage\":\"pt-BR\"},{\"@type\":\"Organization\",\"@id\":\"https:\\\/\\\/transamerica93.com.br\\\/home\\\/#organization\",\"name\":\"Transam\u00e9rica Mococa 93,3\",\"url\":\"https:\\\/\\\/transamerica93.com.br\\\/home\\\/\",\"logo\":{\"@type\":\"ImageObject\",\"inLanguage\":\"pt-BR\",\"@id\":\"https:\\\/\\\/transamerica93.com.br\\\/home\\\/#\\\/schema\\\/logo\\\/image\\\/\",\"url\":\"https:\\\/\\\/transamerica93.com.br\\\/home\\\/wp-content\\\/uploads\\\/2023\\\/10\\\/logo2.png\",\"contentUrl\":\"https:\\\/\\\/transamerica93.com.br\\\/home\\\/wp-content\\\/uploads\\\/2023\\\/10\\\/logo2.png\",\"width\":800,\"height\":500,\"caption\":\"Transam\u00e9rica Mococa 93,3\"},\"image\":{\"@id\":\"https:\\\/\\\/transamerica93.com.br\\\/home\\\/#\\\/schema\\\/logo\\\/image\\\/\"},\"sameAs\":[\"https:\\\/\\\/www.facebook.com\\\/transamericamococa\",\"https:\\\/\\\/x.com\\\/transamerica933\",\"https:\\\/\\\/www.instagram.com\\\/transamericamococa\"]},{\"@type\":\"Person\",\"@id\":\"https:\\\/\\\/transamerica93.com.br\\\/home\\\/#\\\/schema\\\/person\\\/7fed7c99c0d4562efa8561bc0f543172\",\"name\":\"Reda\u00e7\u00e3o\",\"image\":{\"@type\":\"ImageObject\",\"inLanguage\":\"pt-BR\",\"@id\":\"https:\\\/\\\/secure.gravatar.com\\\/avatar\\\/1072c6b775fb02ef8506ce967551d95926669a6b7d2c2147b42eea4d7c68395e?s=96&d=mm&r=g\",\"url\":\"https:\\\/\\\/secure.gravatar.com\\\/avatar\\\/1072c6b775fb02ef8506ce967551d95926669a6b7d2c2147b42eea4d7c68395e?s=96&d=mm&r=g\",\"contentUrl\":\"https:\\\/\\\/secure.gravatar.com\\\/avatar\\\/1072c6b775fb02ef8506ce967551d95926669a6b7d2c2147b42eea4d7c68395e?s=96&d=mm&r=g\",\"caption\":\"Reda\u00e7\u00e3o\"},\"sameAs\":[\"https:\\\/\\\/transamerica93.com.br\\\/home\"],\"url\":\"https:\\\/\\\/transamerica93.com.br\\\/home\\\/author\\\/william\\\/\"}]}<\/script>\n<!-- \/ Yoast SEO plugin. -->","yoast_head_json":{"title":"Wagner Moura revela que quebrou o nariz de um homem em prepara\u00e7\u00e3o para 'Tropa de Elite' - Transam\u00e9rica Mococa 93,3","robots":{"index":"index","follow":"follow","max-snippet":"max-snippet:-1","max-image-preview":"max-image-preview:large","max-video-preview":"max-video-preview:-1"},"canonical":"https:\/\/transamerica93.com.br\/home\/wagner-moura-revela-que-quebrou-o-nariz-de-um-homem-em-preparacao-para-tropa-de-elite\/","og_locale":"pt_BR","og_type":"article","og_title":"Wagner Moura revela que quebrou o nariz de um homem em prepara\u00e7\u00e3o para 'Tropa de Elite' - Transam\u00e9rica Mococa 93,3","og_description":"Por Gabriela Caputo Wagner Moura quebrou o nariz de um homem em prepara\u00e7\u00e3o para uma cena do Capit\u00e3o Nascimento em\u00a0Tropa de Elite. O ator baiano, que est\u00e1 em cartaz nos cinemas com o filme americano\u00a0Guerra Civil, revelou a curiosidade em entrevista ao podcast Podpah. &#8220;A prepara\u00e7\u00e3o era sinistra. Eu quebrei o nariz de um cara &hellip;","og_url":"https:\/\/transamerica93.com.br\/home\/wagner-moura-revela-que-quebrou-o-nariz-de-um-homem-em-preparacao-para-tropa-de-elite\/","og_site_name":"Transam\u00e9rica Mococa 93,3","article_publisher":"https:\/\/www.facebook.com\/transamericamococa","article_published_time":"2024-04-26T21:00:06+00:00","og_image":[{"width":750,"height":422,"url":"https:\/\/transamerica93.com.br\/home\/wp-content\/uploads\/2024\/04\/portaldoholanda-wagner-moura-reproducao-podcast-podpah-1299258.jpg","type":"image\/jpeg"}],"author":"Reda\u00e7\u00e3o","twitter_card":"summary_large_image","twitter_creator":"@transamerica933","twitter_site":"@transamerica933","twitter_misc":{"Escrito por":"Reda\u00e7\u00e3o","Est. tempo de leitura":"2 minutos"},"schema":{"@context":"https:\/\/schema.org","@graph":[{"@type":"Article","@id":"https:\/\/transamerica93.com.br\/home\/wagner-moura-revela-que-quebrou-o-nariz-de-um-homem-em-preparacao-para-tropa-de-elite\/#article","isPartOf":{"@id":"https:\/\/transamerica93.com.br\/home\/wagner-moura-revela-que-quebrou-o-nariz-de-um-homem-em-preparacao-para-tropa-de-elite\/"},"author":{"name":"Reda\u00e7\u00e3o","@id":"https:\/\/transamerica93.com.br\/home\/#\/schema\/person\/7fed7c99c0d4562efa8561bc0f543172"},"headline":"Wagner Moura revela que quebrou o nariz de um homem em prepara\u00e7\u00e3o para &#8216;Tropa de Elite&#8217;","datePublished":"2024-04-26T21:00:06+00:00","mainEntityOfPage":{"@id":"https:\/\/transamerica93.com.br\/home\/wagner-moura-revela-que-quebrou-o-nariz-de-um-homem-em-preparacao-para-tropa-de-elite\/"},"wordCount":321,"publisher":{"@id":"https:\/\/transamerica93.com.br\/home\/#organization"},"image":{"@id":"https:\/\/transamerica93.com.br\/home\/wagner-moura-revela-que-quebrou-o-nariz-de-um-homem-em-preparacao-para-tropa-de-elite\/#primaryimage"},"thumbnailUrl":"https:\/\/transamerica93.com.br\/home\/wp-content\/uploads\/2024\/04\/portaldoholanda-wagner-moura-reproducao-podcast-podpah-1299258.jpg","articleSection":["Entretenimento"],"inLanguage":"pt-BR"},{"@type":"WebPage","@id":"https:\/\/transamerica93.com.br\/home\/wagner-moura-revela-que-quebrou-o-nariz-de-um-homem-em-preparacao-para-tropa-de-elite\/","url":"https:\/\/transamerica93.com.br\/home\/wagner-moura-revela-que-quebrou-o-nariz-de-um-homem-em-preparacao-para-tropa-de-elite\/","name":"Wagner Moura revela que quebrou o nariz de um homem em prepara\u00e7\u00e3o para 'Tropa de Elite' - Transam\u00e9rica Mococa 93,3","isPartOf":{"@id":"https:\/\/transamerica93.com.br\/home\/#website"},"primaryImageOfPage":{"@id":"https:\/\/transamerica93.com.br\/home\/wagner-moura-revela-que-quebrou-o-nariz-de-um-homem-em-preparacao-para-tropa-de-elite\/#primaryimage"},"image":{"@id":"https:\/\/transamerica93.com.br\/home\/wagner-moura-revela-que-quebrou-o-nariz-de-um-homem-em-preparacao-para-tropa-de-elite\/#primaryimage"},"thumbnailUrl":"https:\/\/transamerica93.com.br\/home\/wp-content\/uploads\/2024\/04\/portaldoholanda-wagner-moura-reproducao-podcast-podpah-1299258.jpg","datePublished":"2024-04-26T21:00:06+00:00","breadcrumb":{"@id":"https:\/\/transamerica93.com.br\/home\/wagner-moura-revela-que-quebrou-o-nariz-de-um-homem-em-preparacao-para-tropa-de-elite\/#breadcrumb"},"inLanguage":"pt-BR","potentialAction":[{"@type":"ReadAction","target":["https:\/\/transamerica93.com.br\/home\/wagner-moura-revela-que-quebrou-o-nariz-de-um-homem-em-preparacao-para-tropa-de-elite\/"]}]},{"@type":"ImageObject","inLanguage":"pt-BR","@id":"https:\/\/transamerica93.com.br\/home\/wagner-moura-revela-que-quebrou-o-nariz-de-um-homem-em-preparacao-para-tropa-de-elite\/#primaryimage","url":"https:\/\/transamerica93.com.br\/home\/wp-content\/uploads\/2024\/04\/portaldoholanda-wagner-moura-reproducao-podcast-podpah-1299258.jpg","contentUrl":"https:\/\/transamerica93.com.br\/home\/wp-content\/uploads\/2024\/04\/portaldoholanda-wagner-moura-reproducao-podcast-podpah-1299258.jpg","width":750,"height":422,"caption":"Foto: Reproducao Podcast Podpah"},{"@type":"BreadcrumbList","@id":"https:\/\/transamerica93.com.br\/home\/wagner-moura-revela-que-quebrou-o-nariz-de-um-homem-em-preparacao-para-tropa-de-elite\/#breadcrumb","itemListElement":[{"@type":"ListItem","position":1,"name":"In\u00edcio","item":"https:\/\/transamerica93.com.br\/home\/"},{"@type":"ListItem","position":2,"name":"Wagner Moura revela que quebrou o nariz de um homem em prepara\u00e7\u00e3o para &#8216;Tropa de Elite&#8217;"}]},{"@type":"WebSite","@id":"https:\/\/transamerica93.com.br\/home\/#website","url":"https:\/\/transamerica93.com.br\/home\/","name":"Transam\u00e9rica Mococa 93,3","description":"","publisher":{"@id":"https:\/\/transamerica93.com.br\/home\/#organization"},"potentialAction":[{"@type":"SearchAction","target":{"@type":"EntryPoint","urlTemplate":"https:\/\/transamerica93.com.br\/home\/?s={search_term_string}"},"query-input":{"@type":"PropertyValueSpecification","valueRequired":true,"valueName":"search_term_string"}}],"inLanguage":"pt-BR"},{"@type":"Organization","@id":"https:\/\/transamerica93.com.br\/home\/#organization","name":"Transam\u00e9rica Mococa 93,3","url":"https:\/\/transamerica93.com.br\/home\/","logo":{"@type":"ImageObject","inLanguage":"pt-BR","@id":"https:\/\/transamerica93.com.br\/home\/#\/schema\/logo\/image\/","url":"https:\/\/transamerica93.com.br\/home\/wp-content\/uploads\/2023\/10\/logo2.png","contentUrl":"https:\/\/transamerica93.com.br\/home\/wp-content\/uploads\/2023\/10\/logo2.png","width":800,"height":500,"caption":"Transam\u00e9rica Mococa 93,3"},"image":{"@id":"https:\/\/transamerica93.com.br\/home\/#\/schema\/logo\/image\/"},"sameAs":["https:\/\/www.facebook.com\/transamericamococa","https:\/\/x.com\/transamerica933","https:\/\/www.instagram.com\/transamericamococa"]},{"@type":"Person","@id":"https:\/\/transamerica93.com.br\/home\/#\/schema\/person\/7fed7c99c0d4562efa8561bc0f543172","name":"Reda\u00e7\u00e3o","image":{"@type":"ImageObject","inLanguage":"pt-BR","@id":"https:\/\/secure.gravatar.com\/avatar\/1072c6b775fb02ef8506ce967551d95926669a6b7d2c2147b42eea4d7c68395e?s=96&d=mm&r=g","url":"https:\/\/secure.gravatar.com\/avatar\/1072c6b775fb02ef8506ce967551d95926669a6b7d2c2147b42eea4d7c68395e?s=96&d=mm&r=g","contentUrl":"https:\/\/secure.gravatar.com\/avatar\/1072c6b775fb02ef8506ce967551d95926669a6b7d2c2147b42eea4d7c68395e?s=96&d=mm&r=g","caption":"Reda\u00e7\u00e3o"},"sameAs":["https:\/\/transamerica93.com.br\/home"],"url":"https:\/\/transamerica93.com.br\/home\/author\/william\/"}]}},"_links":{"self":[{"href":"https:\/\/transamerica93.com.br\/home\/wp-json\/wp\/v2\/posts\/2926","targetHints":{"allow":["GET"]}}],"collection":[{"href":"https:\/\/transamerica93.com.br\/home\/wp-json\/wp\/v2\/posts"}],"about":[{"href":"https:\/\/transamerica93.com.br\/home\/wp-json\/wp\/v2\/types\/post"}],"author":[{"embeddable":true,"href":"https:\/\/transamerica93.com.br\/home\/wp-json\/wp\/v2\/users\/1"}],"replies":[{"embeddable":true,"href":"https:\/\/transamerica93.com.br\/home\/wp-json\/wp\/v2\/comments?post=2926"}],"version-history":[{"count":1,"href":"https:\/\/transamerica93.com.br\/home\/wp-json\/wp\/v2\/posts\/2926\/revisions"}],"predecessor-version":[{"id":2928,"href":"https:\/\/transamerica93.com.br\/home\/wp-json\/wp\/v2\/posts\/2926\/revisions\/2928"}],"wp:featuredmedia":[{"embeddable":true,"href":"https:\/\/transamerica93.com.br\/home\/wp-json\/wp\/v2\/media\/2927"}],"wp:attachment":[{"href":"https:\/\/transamerica93.com.br\/home\/wp-json\/wp\/v2\/media?parent=2926"}],"wp:term":[{"taxonomy":"category","embeddable":true,"href":"https:\/\/transamerica93.com.br\/home\/wp-json\/wp\/v2\/categories?post=2926"},{"taxonomy":"post_tag","embeddable":true,"href":"https:\/\/transamerica93.com.br\/home\/wp-json\/wp\/v2\/tags?post=2926"}],"curies":[{"name":"wp","href":"https:\/\/api.w.org\/{rel}","templated":true}]}}