{"id":2932,"date":"2024-04-26T15:00:56","date_gmt":"2024-04-26T18:00:56","guid":{"rendered":"https:\/\/transamerica93.com.br\/home\/?p=2932"},"modified":"2024-04-19T18:51:01","modified_gmt":"2024-04-19T21:51:01","slug":"rock-in-rio-anuncia-belo-xande-de-pilares-pocah-e-karol-g-veja-lista-de-atracoes-confirmadas","status":"publish","type":"post","link":"https:\/\/transamerica93.com.br\/home\/rock-in-rio-anuncia-belo-xande-de-pilares-pocah-e-karol-g-veja-lista-de-atracoes-confirmadas\/","title":{"rendered":"Rock in Rio anuncia Belo, Xande de Pilares, Pocah e Karol G; veja lista de atra\u00e7\u00f5es confirmadas"},"content":{"rendered":"<div id=\"Corpo\">Por Larissa Godoy<\/p>\n<p>O Rock in Rio 2024, que ocorrer\u00e1 entre 13 e 22 de setembro no Parque Ol\u00edmpico do Rio de Janeiro, anunciou novos artistas para seu line-up de 40 anos.<\/p>\n<p>Karol G, cantora colombiana de hits como Tusa e Bichota e do premiado \u00e1lbum Ma\u00f1ana Ser\u00e1 Bonito, estrear\u00e1 no festival no dia 20 de setembro. O Espa\u00e7o Favela receber\u00e1 Xande de Pilares como embaixador no dia 19; Dennis DJ no dia 14; Pocah no dia 20; e Belo encerrando o festival no dia 22.<\/p>\n<p>Entre os artistas internacionais j\u00e1 confirmados para a edi\u00e7\u00e3o de 2024 est\u00e3o Akon, 21 Savage, Travis Scott, Katy Perry, NE-YO, Shawn Mendes, Mariah Carey, Gloria Gaynor, Ed Sheeran, Charlie Puth, Tyla e Joss Stone. Os destaques nacionais incluem nomes como Ivete Sangalo, NX Zero, J\u00e3o, IZA, Luedji Luna, X\u00eania Fran\u00e7a, e Tassia Reis. Outros nomes confirmados s\u00e3o MC Cabelinho, Orochi, Chefin, Veigh, Kayblack, Funk Orquestra, MC Daniel, Rebecca, MC Soffia e DJ Snake. O DJ Deadmau5 tamb\u00e9m \u00e9 esperado como headliner no palco New Dance Order.<\/p>\n<p>Al\u00e9m dos shows, o Rock in Rio introduzir\u00e1 inova\u00e7\u00f5es como a expans\u00e3o do Palco Mundo e a remodela\u00e7\u00e3o do Palco Sunset, garantindo melhor visibilidade para todos os espectadores. A nova \u00e1rea Global Village representar\u00e1 diferentes culturas mundiais.<\/p>\n<p>O festival tamb\u00e9m apresentar\u00e1 o musical Sonhos, Lama e Rock and Roll, que destaca a hist\u00f3ria do Rock in Rio ao longo das quatro d\u00e9cadas.<\/p>\n<p>As vendas gerais de ingressos come\u00e7ar\u00e3o em 23 de maio \u00e0s 19h, dispon\u00edveis exclusivamente atrav\u00e9s do site da Ticketmaster. Os pre\u00e7os s\u00e3o de R$ 795 para inteira e R$ 397,50 para meia-entrada, com detalhes adicionais dispon\u00edveis no site oficial do evento.<\/p><\/div>\n","protected":false},"excerpt":{"rendered":"<p>Por Larissa Godoy O Rock in Rio 2024, que ocorrer\u00e1 entre 13 e 22 de setembro no Parque Ol\u00edmpico do Rio de Janeiro, anunciou novos artistas para seu line-up de 40 anos. Karol G, cantora colombiana de hits como Tusa e Bichota e do premiado \u00e1lbum Ma\u00f1ana Ser\u00e1 Bonito, estrear\u00e1 no festival no dia 20 &hellip;<\/p>\n","protected":false},"author":1,"featured_media":2735,"comment_status":"closed","ping_status":"closed","sticky":false,"template":"","format":"standard","meta":{"footnotes":""},"categories":[25],"tags":[],"class_list":["post-2932","post","type-post","status-publish","format-standard","has-post-thumbnail","hentry","category-musica"],"yoast_head":"<!-- This site is optimized with the Yoast SEO plugin v27.4 - https:\/\/yoast.com\/product\/yoast-seo-wordpress\/ -->\n<title>Rock in Rio anuncia Belo, Xande de Pilares, Pocah e Karol G; veja lista de atra\u00e7\u00f5es confirmadas - Transam\u00e9rica Mococa 93,3<\/title>\n<meta name=\"robots\" content=\"index, follow, max-snippet:-1, max-image-preview:large, max-video-preview:-1\" \/>\n<link rel=\"canonical\" href=\"https:\/\/transamerica93.com.br\/home\/rock-in-rio-anuncia-belo-xande-de-pilares-pocah-e-karol-g-veja-lista-de-atracoes-confirmadas\/\" \/>\n<meta property=\"og:locale\" content=\"pt_BR\" \/>\n<meta property=\"og:type\" content=\"article\" \/>\n<meta property=\"og:title\" content=\"Rock in Rio anuncia Belo, Xande de Pilares, Pocah e Karol G; veja lista de atra\u00e7\u00f5es confirmadas - Transam\u00e9rica Mococa 93,3\" \/>\n<meta property=\"og:description\" content=\"Por Larissa Godoy O Rock in Rio 2024, que ocorrer\u00e1 entre 13 e 22 de setembro no Parque Ol\u00edmpico do Rio de Janeiro, anunciou novos artistas para seu line-up de 40 anos. Karol G, cantora colombiana de hits como Tusa e Bichota e do premiado \u00e1lbum Ma\u00f1ana Ser\u00e1 Bonito, estrear\u00e1 no festival no dia 20 &hellip;\" \/>\n<meta property=\"og:url\" content=\"https:\/\/transamerica93.com.br\/home\/rock-in-rio-anuncia-belo-xande-de-pilares-pocah-e-karol-g-veja-lista-de-atracoes-confirmadas\/\" \/>\n<meta property=\"og:site_name\" content=\"Transam\u00e9rica Mococa 93,3\" \/>\n<meta property=\"article:publisher\" content=\"https:\/\/www.facebook.com\/transamericamococa\" \/>\n<meta property=\"article:published_time\" content=\"2024-04-26T18:00:56+00:00\" \/>\n<meta property=\"og:image\" content=\"https:\/\/transamerica93.com.br\/home\/wp-content\/uploads\/2024\/03\/1-12.jpg\" \/>\n\t<meta property=\"og:image:width\" content=\"786\" \/>\n\t<meta property=\"og:image:height\" content=\"487\" \/>\n\t<meta property=\"og:image:type\" content=\"image\/jpeg\" \/>\n<meta name=\"author\" content=\"Reda\u00e7\u00e3o\" \/>\n<meta name=\"twitter:card\" content=\"summary_large_image\" \/>\n<meta name=\"twitter:creator\" content=\"@transamerica933\" \/>\n<meta name=\"twitter:site\" content=\"@transamerica933\" \/>\n<meta name=\"twitter:label1\" content=\"Escrito por\" \/>\n\t<meta name=\"twitter:data1\" content=\"Reda\u00e7\u00e3o\" \/>\n\t<meta name=\"twitter:label2\" content=\"Est. tempo de leitura\" \/>\n\t<meta name=\"twitter:data2\" content=\"2 minutos\" \/>\n<script type=\"application\/ld+json\" class=\"yoast-schema-graph\">{\"@context\":\"https:\\\/\\\/schema.org\",\"@graph\":[{\"@type\":\"Article\",\"@id\":\"https:\\\/\\\/transamerica93.com.br\\\/home\\\/rock-in-rio-anuncia-belo-xande-de-pilares-pocah-e-karol-g-veja-lista-de-atracoes-confirmadas\\\/#article\",\"isPartOf\":{\"@id\":\"https:\\\/\\\/transamerica93.com.br\\\/home\\\/rock-in-rio-anuncia-belo-xande-de-pilares-pocah-e-karol-g-veja-lista-de-atracoes-confirmadas\\\/\"},\"author\":{\"name\":\"Reda\u00e7\u00e3o\",\"@id\":\"https:\\\/\\\/transamerica93.com.br\\\/home\\\/#\\\/schema\\\/person\\\/7fed7c99c0d4562efa8561bc0f543172\"},\"headline\":\"Rock in Rio anuncia Belo, Xande de Pilares, Pocah e Karol G; veja lista de atra\u00e7\u00f5es confirmadas\",\"datePublished\":\"2024-04-26T18:00:56+00:00\",\"mainEntityOfPage\":{\"@id\":\"https:\\\/\\\/transamerica93.com.br\\\/home\\\/rock-in-rio-anuncia-belo-xande-de-pilares-pocah-e-karol-g-veja-lista-de-atracoes-confirmadas\\\/\"},\"wordCount\":302,\"publisher\":{\"@id\":\"https:\\\/\\\/transamerica93.com.br\\\/home\\\/#organization\"},\"image\":{\"@id\":\"https:\\\/\\\/transamerica93.com.br\\\/home\\\/rock-in-rio-anuncia-belo-xande-de-pilares-pocah-e-karol-g-veja-lista-de-atracoes-confirmadas\\\/#primaryimage\"},\"thumbnailUrl\":\"https:\\\/\\\/transamerica93.com.br\\\/home\\\/wp-content\\\/uploads\\\/2024\\\/03\\\/1-12.jpg\",\"articleSection\":[\"M\u00fasica\"],\"inLanguage\":\"pt-BR\"},{\"@type\":\"WebPage\",\"@id\":\"https:\\\/\\\/transamerica93.com.br\\\/home\\\/rock-in-rio-anuncia-belo-xande-de-pilares-pocah-e-karol-g-veja-lista-de-atracoes-confirmadas\\\/\",\"url\":\"https:\\\/\\\/transamerica93.com.br\\\/home\\\/rock-in-rio-anuncia-belo-xande-de-pilares-pocah-e-karol-g-veja-lista-de-atracoes-confirmadas\\\/\",\"name\":\"Rock in Rio anuncia Belo, Xande de Pilares, Pocah e Karol G; veja lista de atra\u00e7\u00f5es confirmadas - Transam\u00e9rica Mococa 93,3\",\"isPartOf\":{\"@id\":\"https:\\\/\\\/transamerica93.com.br\\\/home\\\/#website\"},\"primaryImageOfPage\":{\"@id\":\"https:\\\/\\\/transamerica93.com.br\\\/home\\\/rock-in-rio-anuncia-belo-xande-de-pilares-pocah-e-karol-g-veja-lista-de-atracoes-confirmadas\\\/#primaryimage\"},\"image\":{\"@id\":\"https:\\\/\\\/transamerica93.com.br\\\/home\\\/rock-in-rio-anuncia-belo-xande-de-pilares-pocah-e-karol-g-veja-lista-de-atracoes-confirmadas\\\/#primaryimage\"},\"thumbnailUrl\":\"https:\\\/\\\/transamerica93.com.br\\\/home\\\/wp-content\\\/uploads\\\/2024\\\/03\\\/1-12.jpg\",\"datePublished\":\"2024-04-26T18:00:56+00:00\",\"breadcrumb\":{\"@id\":\"https:\\\/\\\/transamerica93.com.br\\\/home\\\/rock-in-rio-anuncia-belo-xande-de-pilares-pocah-e-karol-g-veja-lista-de-atracoes-confirmadas\\\/#breadcrumb\"},\"inLanguage\":\"pt-BR\",\"potentialAction\":[{\"@type\":\"ReadAction\",\"target\":[\"https:\\\/\\\/transamerica93.com.br\\\/home\\\/rock-in-rio-anuncia-belo-xande-de-pilares-pocah-e-karol-g-veja-lista-de-atracoes-confirmadas\\\/\"]}]},{\"@type\":\"ImageObject\",\"inLanguage\":\"pt-BR\",\"@id\":\"https:\\\/\\\/transamerica93.com.br\\\/home\\\/rock-in-rio-anuncia-belo-xande-de-pilares-pocah-e-karol-g-veja-lista-de-atracoes-confirmadas\\\/#primaryimage\",\"url\":\"https:\\\/\\\/transamerica93.com.br\\\/home\\\/wp-content\\\/uploads\\\/2024\\\/03\\\/1-12.jpg\",\"contentUrl\":\"https:\\\/\\\/transamerica93.com.br\\\/home\\\/wp-content\\\/uploads\\\/2024\\\/03\\\/1-12.jpg\",\"width\":786,\"height\":487,\"caption\":\"Foto: Instagram @rockinrio\"},{\"@type\":\"BreadcrumbList\",\"@id\":\"https:\\\/\\\/transamerica93.com.br\\\/home\\\/rock-in-rio-anuncia-belo-xande-de-pilares-pocah-e-karol-g-veja-lista-de-atracoes-confirmadas\\\/#breadcrumb\",\"itemListElement\":[{\"@type\":\"ListItem\",\"position\":1,\"name\":\"In\u00edcio\",\"item\":\"https:\\\/\\\/transamerica93.com.br\\\/home\\\/\"},{\"@type\":\"ListItem\",\"position\":2,\"name\":\"Rock in Rio anuncia Belo, Xande de Pilares, Pocah e Karol G; veja lista de atra\u00e7\u00f5es confirmadas\"}]},{\"@type\":\"WebSite\",\"@id\":\"https:\\\/\\\/transamerica93.com.br\\\/home\\\/#website\",\"url\":\"https:\\\/\\\/transamerica93.com.br\\\/home\\\/\",\"name\":\"Transam\u00e9rica Mococa 93,3\",\"description\":\"\",\"publisher\":{\"@id\":\"https:\\\/\\\/transamerica93.com.br\\\/home\\\/#organization\"},\"potentialAction\":[{\"@type\":\"SearchAction\",\"target\":{\"@type\":\"EntryPoint\",\"urlTemplate\":\"https:\\\/\\\/transamerica93.com.br\\\/home\\\/?s={search_term_string}\"},\"query-input\":{\"@type\":\"PropertyValueSpecification\",\"valueRequired\":true,\"valueName\":\"search_term_string\"}}],\"inLanguage\":\"pt-BR\"},{\"@type\":\"Organization\",\"@id\":\"https:\\\/\\\/transamerica93.com.br\\\/home\\\/#organization\",\"name\":\"Transam\u00e9rica Mococa 93,3\",\"url\":\"https:\\\/\\\/transamerica93.com.br\\\/home\\\/\",\"logo\":{\"@type\":\"ImageObject\",\"inLanguage\":\"pt-BR\",\"@id\":\"https:\\\/\\\/transamerica93.com.br\\\/home\\\/#\\\/schema\\\/logo\\\/image\\\/\",\"url\":\"https:\\\/\\\/transamerica93.com.br\\\/home\\\/wp-content\\\/uploads\\\/2023\\\/10\\\/logo2.png\",\"contentUrl\":\"https:\\\/\\\/transamerica93.com.br\\\/home\\\/wp-content\\\/uploads\\\/2023\\\/10\\\/logo2.png\",\"width\":800,\"height\":500,\"caption\":\"Transam\u00e9rica Mococa 93,3\"},\"image\":{\"@id\":\"https:\\\/\\\/transamerica93.com.br\\\/home\\\/#\\\/schema\\\/logo\\\/image\\\/\"},\"sameAs\":[\"https:\\\/\\\/www.facebook.com\\\/transamericamococa\",\"https:\\\/\\\/x.com\\\/transamerica933\",\"https:\\\/\\\/www.instagram.com\\\/transamericamococa\"]},{\"@type\":\"Person\",\"@id\":\"https:\\\/\\\/transamerica93.com.br\\\/home\\\/#\\\/schema\\\/person\\\/7fed7c99c0d4562efa8561bc0f543172\",\"name\":\"Reda\u00e7\u00e3o\",\"image\":{\"@type\":\"ImageObject\",\"inLanguage\":\"pt-BR\",\"@id\":\"https:\\\/\\\/secure.gravatar.com\\\/avatar\\\/1072c6b775fb02ef8506ce967551d95926669a6b7d2c2147b42eea4d7c68395e?s=96&d=mm&r=g\",\"url\":\"https:\\\/\\\/secure.gravatar.com\\\/avatar\\\/1072c6b775fb02ef8506ce967551d95926669a6b7d2c2147b42eea4d7c68395e?s=96&d=mm&r=g\",\"contentUrl\":\"https:\\\/\\\/secure.gravatar.com\\\/avatar\\\/1072c6b775fb02ef8506ce967551d95926669a6b7d2c2147b42eea4d7c68395e?s=96&d=mm&r=g\",\"caption\":\"Reda\u00e7\u00e3o\"},\"sameAs\":[\"https:\\\/\\\/transamerica93.com.br\\\/home\"],\"url\":\"https:\\\/\\\/transamerica93.com.br\\\/home\\\/author\\\/william\\\/\"}]}<\/script>\n<!-- \/ Yoast SEO plugin. -->","yoast_head_json":{"title":"Rock in Rio anuncia Belo, Xande de Pilares, Pocah e Karol G; veja lista de atra\u00e7\u00f5es confirmadas - Transam\u00e9rica Mococa 93,3","robots":{"index":"index","follow":"follow","max-snippet":"max-snippet:-1","max-image-preview":"max-image-preview:large","max-video-preview":"max-video-preview:-1"},"canonical":"https:\/\/transamerica93.com.br\/home\/rock-in-rio-anuncia-belo-xande-de-pilares-pocah-e-karol-g-veja-lista-de-atracoes-confirmadas\/","og_locale":"pt_BR","og_type":"article","og_title":"Rock in Rio anuncia Belo, Xande de Pilares, Pocah e Karol G; veja lista de atra\u00e7\u00f5es confirmadas - Transam\u00e9rica Mococa 93,3","og_description":"Por Larissa Godoy O Rock in Rio 2024, que ocorrer\u00e1 entre 13 e 22 de setembro no Parque Ol\u00edmpico do Rio de Janeiro, anunciou novos artistas para seu line-up de 40 anos. Karol G, cantora colombiana de hits como Tusa e Bichota e do premiado \u00e1lbum Ma\u00f1ana Ser\u00e1 Bonito, estrear\u00e1 no festival no dia 20 &hellip;","og_url":"https:\/\/transamerica93.com.br\/home\/rock-in-rio-anuncia-belo-xande-de-pilares-pocah-e-karol-g-veja-lista-de-atracoes-confirmadas\/","og_site_name":"Transam\u00e9rica Mococa 93,3","article_publisher":"https:\/\/www.facebook.com\/transamericamococa","article_published_time":"2024-04-26T18:00:56+00:00","og_image":[{"width":786,"height":487,"url":"https:\/\/transamerica93.com.br\/home\/wp-content\/uploads\/2024\/03\/1-12.jpg","type":"image\/jpeg"}],"author":"Reda\u00e7\u00e3o","twitter_card":"summary_large_image","twitter_creator":"@transamerica933","twitter_site":"@transamerica933","twitter_misc":{"Escrito por":"Reda\u00e7\u00e3o","Est. tempo de leitura":"2 minutos"},"schema":{"@context":"https:\/\/schema.org","@graph":[{"@type":"Article","@id":"https:\/\/transamerica93.com.br\/home\/rock-in-rio-anuncia-belo-xande-de-pilares-pocah-e-karol-g-veja-lista-de-atracoes-confirmadas\/#article","isPartOf":{"@id":"https:\/\/transamerica93.com.br\/home\/rock-in-rio-anuncia-belo-xande-de-pilares-pocah-e-karol-g-veja-lista-de-atracoes-confirmadas\/"},"author":{"name":"Reda\u00e7\u00e3o","@id":"https:\/\/transamerica93.com.br\/home\/#\/schema\/person\/7fed7c99c0d4562efa8561bc0f543172"},"headline":"Rock in Rio anuncia Belo, Xande de Pilares, Pocah e Karol G; veja lista de atra\u00e7\u00f5es confirmadas","datePublished":"2024-04-26T18:00:56+00:00","mainEntityOfPage":{"@id":"https:\/\/transamerica93.com.br\/home\/rock-in-rio-anuncia-belo-xande-de-pilares-pocah-e-karol-g-veja-lista-de-atracoes-confirmadas\/"},"wordCount":302,"publisher":{"@id":"https:\/\/transamerica93.com.br\/home\/#organization"},"image":{"@id":"https:\/\/transamerica93.com.br\/home\/rock-in-rio-anuncia-belo-xande-de-pilares-pocah-e-karol-g-veja-lista-de-atracoes-confirmadas\/#primaryimage"},"thumbnailUrl":"https:\/\/transamerica93.com.br\/home\/wp-content\/uploads\/2024\/03\/1-12.jpg","articleSection":["M\u00fasica"],"inLanguage":"pt-BR"},{"@type":"WebPage","@id":"https:\/\/transamerica93.com.br\/home\/rock-in-rio-anuncia-belo-xande-de-pilares-pocah-e-karol-g-veja-lista-de-atracoes-confirmadas\/","url":"https:\/\/transamerica93.com.br\/home\/rock-in-rio-anuncia-belo-xande-de-pilares-pocah-e-karol-g-veja-lista-de-atracoes-confirmadas\/","name":"Rock in Rio anuncia Belo, Xande de Pilares, Pocah e Karol G; veja lista de atra\u00e7\u00f5es confirmadas - Transam\u00e9rica Mococa 93,3","isPartOf":{"@id":"https:\/\/transamerica93.com.br\/home\/#website"},"primaryImageOfPage":{"@id":"https:\/\/transamerica93.com.br\/home\/rock-in-rio-anuncia-belo-xande-de-pilares-pocah-e-karol-g-veja-lista-de-atracoes-confirmadas\/#primaryimage"},"image":{"@id":"https:\/\/transamerica93.com.br\/home\/rock-in-rio-anuncia-belo-xande-de-pilares-pocah-e-karol-g-veja-lista-de-atracoes-confirmadas\/#primaryimage"},"thumbnailUrl":"https:\/\/transamerica93.com.br\/home\/wp-content\/uploads\/2024\/03\/1-12.jpg","datePublished":"2024-04-26T18:00:56+00:00","breadcrumb":{"@id":"https:\/\/transamerica93.com.br\/home\/rock-in-rio-anuncia-belo-xande-de-pilares-pocah-e-karol-g-veja-lista-de-atracoes-confirmadas\/#breadcrumb"},"inLanguage":"pt-BR","potentialAction":[{"@type":"ReadAction","target":["https:\/\/transamerica93.com.br\/home\/rock-in-rio-anuncia-belo-xande-de-pilares-pocah-e-karol-g-veja-lista-de-atracoes-confirmadas\/"]}]},{"@type":"ImageObject","inLanguage":"pt-BR","@id":"https:\/\/transamerica93.com.br\/home\/rock-in-rio-anuncia-belo-xande-de-pilares-pocah-e-karol-g-veja-lista-de-atracoes-confirmadas\/#primaryimage","url":"https:\/\/transamerica93.com.br\/home\/wp-content\/uploads\/2024\/03\/1-12.jpg","contentUrl":"https:\/\/transamerica93.com.br\/home\/wp-content\/uploads\/2024\/03\/1-12.jpg","width":786,"height":487,"caption":"Foto: Instagram @rockinrio"},{"@type":"BreadcrumbList","@id":"https:\/\/transamerica93.com.br\/home\/rock-in-rio-anuncia-belo-xande-de-pilares-pocah-e-karol-g-veja-lista-de-atracoes-confirmadas\/#breadcrumb","itemListElement":[{"@type":"ListItem","position":1,"name":"In\u00edcio","item":"https:\/\/transamerica93.com.br\/home\/"},{"@type":"ListItem","position":2,"name":"Rock in Rio anuncia Belo, Xande de Pilares, Pocah e Karol G; veja lista de atra\u00e7\u00f5es confirmadas"}]},{"@type":"WebSite","@id":"https:\/\/transamerica93.com.br\/home\/#website","url":"https:\/\/transamerica93.com.br\/home\/","name":"Transam\u00e9rica Mococa 93,3","description":"","publisher":{"@id":"https:\/\/transamerica93.com.br\/home\/#organization"},"potentialAction":[{"@type":"SearchAction","target":{"@type":"EntryPoint","urlTemplate":"https:\/\/transamerica93.com.br\/home\/?s={search_term_string}"},"query-input":{"@type":"PropertyValueSpecification","valueRequired":true,"valueName":"search_term_string"}}],"inLanguage":"pt-BR"},{"@type":"Organization","@id":"https:\/\/transamerica93.com.br\/home\/#organization","name":"Transam\u00e9rica Mococa 93,3","url":"https:\/\/transamerica93.com.br\/home\/","logo":{"@type":"ImageObject","inLanguage":"pt-BR","@id":"https:\/\/transamerica93.com.br\/home\/#\/schema\/logo\/image\/","url":"https:\/\/transamerica93.com.br\/home\/wp-content\/uploads\/2023\/10\/logo2.png","contentUrl":"https:\/\/transamerica93.com.br\/home\/wp-content\/uploads\/2023\/10\/logo2.png","width":800,"height":500,"caption":"Transam\u00e9rica Mococa 93,3"},"image":{"@id":"https:\/\/transamerica93.com.br\/home\/#\/schema\/logo\/image\/"},"sameAs":["https:\/\/www.facebook.com\/transamericamococa","https:\/\/x.com\/transamerica933","https:\/\/www.instagram.com\/transamericamococa"]},{"@type":"Person","@id":"https:\/\/transamerica93.com.br\/home\/#\/schema\/person\/7fed7c99c0d4562efa8561bc0f543172","name":"Reda\u00e7\u00e3o","image":{"@type":"ImageObject","inLanguage":"pt-BR","@id":"https:\/\/secure.gravatar.com\/avatar\/1072c6b775fb02ef8506ce967551d95926669a6b7d2c2147b42eea4d7c68395e?s=96&d=mm&r=g","url":"https:\/\/secure.gravatar.com\/avatar\/1072c6b775fb02ef8506ce967551d95926669a6b7d2c2147b42eea4d7c68395e?s=96&d=mm&r=g","contentUrl":"https:\/\/secure.gravatar.com\/avatar\/1072c6b775fb02ef8506ce967551d95926669a6b7d2c2147b42eea4d7c68395e?s=96&d=mm&r=g","caption":"Reda\u00e7\u00e3o"},"sameAs":["https:\/\/transamerica93.com.br\/home"],"url":"https:\/\/transamerica93.com.br\/home\/author\/william\/"}]}},"_links":{"self":[{"href":"https:\/\/transamerica93.com.br\/home\/wp-json\/wp\/v2\/posts\/2932","targetHints":{"allow":["GET"]}}],"collection":[{"href":"https:\/\/transamerica93.com.br\/home\/wp-json\/wp\/v2\/posts"}],"about":[{"href":"https:\/\/transamerica93.com.br\/home\/wp-json\/wp\/v2\/types\/post"}],"author":[{"embeddable":true,"href":"https:\/\/transamerica93.com.br\/home\/wp-json\/wp\/v2\/users\/1"}],"replies":[{"embeddable":true,"href":"https:\/\/transamerica93.com.br\/home\/wp-json\/wp\/v2\/comments?post=2932"}],"version-history":[{"count":1,"href":"https:\/\/transamerica93.com.br\/home\/wp-json\/wp\/v2\/posts\/2932\/revisions"}],"predecessor-version":[{"id":2933,"href":"https:\/\/transamerica93.com.br\/home\/wp-json\/wp\/v2\/posts\/2932\/revisions\/2933"}],"wp:featuredmedia":[{"embeddable":true,"href":"https:\/\/transamerica93.com.br\/home\/wp-json\/wp\/v2\/media\/2735"}],"wp:attachment":[{"href":"https:\/\/transamerica93.com.br\/home\/wp-json\/wp\/v2\/media?parent=2932"}],"wp:term":[{"taxonomy":"category","embeddable":true,"href":"https:\/\/transamerica93.com.br\/home\/wp-json\/wp\/v2\/categories?post=2932"},{"taxonomy":"post_tag","embeddable":true,"href":"https:\/\/transamerica93.com.br\/home\/wp-json\/wp\/v2\/tags?post=2932"}],"curies":[{"name":"wp","href":"https:\/\/api.w.org\/{rel}","templated":true}]}}