{"id":2941,"date":"2024-04-29T09:00:12","date_gmt":"2024-04-29T12:00:12","guid":{"rendered":"https:\/\/transamerica93.com.br\/home\/?p=2941"},"modified":"2024-04-24T20:27:54","modified_gmt":"2024-04-24T23:27:54","slug":"eleicoes-2024-apenas-12-dos-adolescentes-de-16-e-17-anos-ja-tiraram-o-titulo-na-regiao","status":"publish","type":"post","link":"https:\/\/transamerica93.com.br\/home\/eleicoes-2024-apenas-12-dos-adolescentes-de-16-e-17-anos-ja-tiraram-o-titulo-na-regiao\/","title":{"rendered":"Elei\u00e7\u00f5es 2024: apenas 12% dos adolescentes de 16 e 17 anos j\u00e1 tiraram o t\u00edtulo na regi\u00e3o"},"content":{"rendered":"<div id=\"chunk-8i2m5\">\n<div class=\"mc-column content-text active-extra-styles \" data-block-type=\"unstyled\" data-block-weight=\"47\" data-block-id=\"2\">\n<p class=\" content-text__container \" data-track-category=\"Link no Texto\" data-track-links=\"\" data-mrf-recirculation=\"Article links\">Dos adolescentes com 16 e 17 anos das 42 cidades da regi\u00e3o de cobertura do\u00a0<a class=\"\" href=\"http:\/\/g1.com.br\/saocarlos\" target=\"_blank\" rel=\"noopener\" data-mrf-link=\"http:\/\/g1.com.br\/saocarlos\">g1 S\u00e3o Carlos e Araraquara<\/a>,\u00a0<strong><span class=\"highlight highlighted\">apenas 12,8% emitiram o t\u00edtulo de eleitor<\/span><\/strong> e est\u00e3o aptos a vota\u00e7\u00e3o nas elei\u00e7\u00f5es municipais deste ano, segundo dados do Tribunal Regional Eleitoral de S\u00e3o Paulo (TRE-SP).<\/p>\n<\/div>\n<\/div>\n<div class=\"wall protected-content\">\n<div id=\"chunk-25pfh\">\n<div class=\"mc-column content-text active-extra-styles \" data-block-type=\"unstyled\" data-block-weight=\"25\" data-block-id=\"5\">\n<p class=\" content-text__container \" data-track-category=\"Link no Texto\" data-track-links=\"\" data-mrf-recirculation=\"Article links\">H\u00e1 15 dias do fim do prazo para emitir novos t\u00edtulos, quase 6 mil adolescentes da regi\u00e3o procuraram o cart\u00f3rio eleitoral para fazer o documento.<\/p>\n<\/div>\n<\/div>\n<div id=\"chunk-ctfoi\">\n<div class=\"mc-column content-text active-extra-styles \" data-block-type=\"unstyled\" data-block-weight=\"34\" data-block-id=\"9\">\n<p class=\" content-text__container \" data-track-category=\"Link no Texto\" data-track-links=\"\" data-mrf-recirculation=\"Article links\">No Brasil, o voto \u00e9 facultativo aos moradores de 16 e 17 anos, aos analfabetos e aos maiores de 70 anos. No caso dos adolescentes,\u00a0<a class=\"\" href=\"https:\/\/g1.globo.com\/politica\/eleicoes\/2022\/noticia\/2022\/03\/25\/com-baixa-adesao-tse-mobiliza-redes-para-estimular-voto-dos-jovens-nas-eleicoes.ghtml\" data-mrf-link=\"https:\/\/g1.globo.com\/politica\/eleicoes\/2022\/noticia\/2022\/03\/25\/com-baixa-adesao-tse-mobiliza-redes-para-estimular-voto-dos-jovens-nas-eleicoes.ghtml\">a Justi\u00e7a Eleitoral incentiva a participa\u00e7\u00e3o deles nas elei\u00e7\u00f5es<\/a>.<\/p>\n<\/div>\n<\/div>\n<div id=\"chunk-bpuq\">\n<div class=\"mc-column content-text active-extra-styles\" data-block-type=\"raw\" data-block-weight=\"5\" data-block-id=\"10\">\n<p class=\"content-text__container\" data-mrf-recirculation=\"Article links\">\n<div class=\"content-intertitle\">\n<h2>Baixa ades\u00e3o at\u00e9 o momento<\/h2>\n<\/div>\n<\/div>\n<\/div>\n<div id=\"chunk-n3l8\">\n<div class=\"mc-column content-text active-extra-styles \" data-block-type=\"unstyled\" data-block-weight=\"41\" data-block-id=\"13\">\n<p class=\" content-text__container \" data-track-category=\"Link no Texto\" data-track-links=\"\" data-mrf-recirculation=\"Article links\">Segundo o Censo 2022 do IBGE, as 42 cidades da \u00e1rea de cobertura do\u00a0<a class=\"\" href=\"http:\/\/g1.com.br\/saocarlos\" target=\"_blank\" rel=\"noopener\" data-mrf-link=\"http:\/\/g1.com.br\/saocarlos\">g1 S\u00e3o Carlos e Araraquara\u00a0<\/a>possuem\u00a0<strong><span class=\"highlight highlighted\">46.375 adolescentes de 16 e 17 anos<\/span><\/strong>, mas dados atualizados do TRE mostram que\u00a0<strong>apenas 5.971 fizeram o cadastramento eleitoral<\/strong>.<\/p>\n<\/div>\n<\/div>\n<div id=\"chunk-ajsbu\">\n<div class=\"mc-column content-text active-extra-styles \" data-block-type=\"unstyled\" data-block-weight=\"11\" data-block-id=\"14\">\n<p class=\" content-text__container \" data-track-category=\"Link no Texto\" data-track-links=\"\" data-mrf-recirculation=\"Article links\">O n\u00famero representa\u00a0<strong><span class=\"highlight highlighted\">12,8% da popula\u00e7\u00e3o total nesta faixa et\u00e1ria<\/span><\/strong>.<\/p>\n<\/div>\n<\/div>\n<div id=\"chunk-7qlb6\">\n<div class=\"mc-column content-text active-extra-styles\" data-block-type=\"raw\" data-block-weight=\"114\" data-block-id=\"15\">\n<ul class=\"content-unordered-list\" data-mrf-recirculation=\"Recomendado\">\n<li><strong>S\u00e3o Carlos:\u00a0<\/strong>13,5% &#8211; a cidade tem 6.127 adolescentes de 16 e 17, mas apenas 833 tiraram o t\u00edtulo;<\/li>\n<li><a class=\"\" href=\"https:\/\/g1.globo.com\/sp\/sao-carlos-regiao\/cidade\/araraquara\/\" data-mrf-link=\"https:\/\/g1.globo.com\/sp\/sao-carlos-regiao\/cidade\/araraquara\/\"><strong>Araraquara<\/strong><\/a><strong>:\u00a0<\/strong>10,1% &#8211; a cidade tem 5.729 adolescentes de 16 e 17, mas apenas 584 tiraram o t\u00edtulo;<\/li>\n<li><a class=\"\" href=\"https:\/\/g1.globo.com\/sp\/sao-carlos-regiao\/cidade\/rio-claro-sp\/\" data-mrf-link=\"https:\/\/g1.globo.com\/sp\/sao-carlos-regiao\/cidade\/rio-claro-sp\/\"><strong>Rio Claro<\/strong><\/a>: 11,8% &#8211; a cidade tem 4.880 adolescentes de 16 e 17, mas apenas 577 tiraram o t\u00edtulo;<\/li>\n<li><a class=\"\" href=\"https:\/\/g1.globo.com\/sp\/sao-carlos-regiao\/cidade\/araras-sp\/\" data-mrf-link=\"https:\/\/g1.globo.com\/sp\/sao-carlos-regiao\/cidade\/araras-sp\/\"><strong>Araras<\/strong><\/a><strong>:<\/strong>\u00a011,5% &#8211; a cidade tem 3.173 adolescentes de 16 e 17, mas apenas 368 tiraram o t\u00edtulo;<\/li>\n<li><a class=\"\" href=\"https:\/\/g1.globo.com\/sp\/sao-carlos-regiao\/cidade\/leme\/\" data-mrf-link=\"https:\/\/g1.globo.com\/sp\/sao-carlos-regiao\/cidade\/leme\/\"><strong>Leme<\/strong><\/a>: 10,6% &#8211; a cidade tem 2.674 adolescentes de 16 e 17, mas apenas 286 tiraram o t\u00edtulo;<\/li>\n<li><a class=\"\" href=\"https:\/\/g1.globo.com\/sp\/sao-carlos-regiao\/cidade\/sao-joao-da-boa-vista\/\" data-mrf-link=\"https:\/\/g1.globo.com\/sp\/sao-carlos-regiao\/cidade\/sao-joao-da-boa-vista\/\"><strong>S\u00e3o Jo\u00e3o da Boa Vista<\/strong><\/a>: 13% &#8211; a cidade tem 2.146 adolescentes de 16 e 17, mas apenas 281 tiraram o t\u00edtulo.<\/li>\n<\/ul>\n<\/div>\n<\/div>\n<div id=\"chunk-a6rka\">\n<div class=\"mc-column content-text active-extra-styles \" data-block-type=\"unstyled\" data-block-weight=\"20\" data-block-id=\"16\">\n<p class=\" content-text__container \" data-track-category=\"Link no Texto\" data-track-links=\"\" data-mrf-recirculation=\"Article links\">As \u00fanicas cidades em que\u00a0<strong><span class=\"highlight highlighted\">mais de 50% dos jovens<\/span><\/strong>\u00a0j\u00e1 emitiram o t\u00edtulo s\u00e3o\u00a0<a class=\"\" href=\"https:\/\/g1.globo.com\/sp\/sao-carlos-regiao\/cidade\/analandia\/\" data-mrf-link=\"https:\/\/g1.globo.com\/sp\/sao-carlos-regiao\/cidade\/analandia\/\">Anal\u00e2ndia<\/a>\u00a0e\u00a0<a class=\"\" href=\"https:\/\/g1.globo.com\/sp\/sao-carlos-regiao\/cidade\/santa-lucia-sp\/\" data-mrf-link=\"https:\/\/g1.globo.com\/sp\/sao-carlos-regiao\/cidade\/santa-lucia-sp\/\">Santa L\u00facia<\/a>.<\/p>\n<\/div>\n<\/div>\n<div id=\"chunk-2nqe7\">\n<div class=\"mc-column content-text active-extra-styles\" data-block-type=\"raw\" data-block-weight=\"37\" data-block-id=\"17\">\n<ul class=\"content-unordered-list\" data-mrf-recirculation=\"Recomendado\">\n<li><strong>Anal\u00e2ndia<\/strong>: 53,7% &#8211; a cidade tem 134 adolescentes de 16 e 17, e 72 j\u00e1 tiraram o t\u00edtulo;<\/li>\n<li><strong>Santa L\u00facia<\/strong>: 60,7% &#8211; a cidade tem 190 adolescentes de 16 e 17, e 115 j\u00e1 tiraram o t\u00edtulo.<\/li>\n<\/ul>\n<p>Via <em><strong><a href=\"https:\/\/g1.globo.com\/sp\/sao-carlos-regiao\/noticia\/2024\/04\/23\/eleicoes-2024-apenas-12percent-dos-adolescentes-de-16-e-17-anos-ja-tiraram-o-titulo-na-regiao.ghtml\" target=\"_blank\" rel=\"noopener\">G1 Mococa<\/a><\/strong><\/em><\/p>\n<p>&nbsp;<\/p>\n<\/div>\n<\/div>\n<div id=\"chunk-buvlm\">\n<div class=\"content-ads content-ads--reveal\" data-block-type=\"ads\" data-block-id=\"18\">\n<div id=\"banner_materia__999705f3-9350-4a79-9181-0560dfa30559\" class=\"tag-manager-publicidade-container mc-has-reveal mc-has-ad-lazyload tag-manager-publicidade-banner_materia__999705f3-9350-4a79-9181-0560dfa30559 tag-manager-publicidade-container--carregado tag-manager-publicidade-container--visivel\" data-id=\"banner_materia__999705f3-9350-4a79-9181-0560dfa30559\" data-google-query-id=\"COf-qoiA3IUDFTRhuAQdl18G1Q\"><\/div>\n<\/div>\n<\/div>\n<\/div>\n","protected":false},"excerpt":{"rendered":"<p>Dos adolescentes com 16 e 17 anos das 42 cidades da regi\u00e3o de cobertura do\u00a0g1 S\u00e3o Carlos e Araraquara,\u00a0apenas 12,8% emitiram o t\u00edtulo de eleitor e est\u00e3o aptos a vota\u00e7\u00e3o nas elei\u00e7\u00f5es municipais deste ano, segundo dados do Tribunal Regional Eleitoral de S\u00e3o Paulo (TRE-SP). H\u00e1 15 dias do fim do prazo para emitir novos &hellip;<\/p>\n","protected":false},"author":1,"featured_media":2942,"comment_status":"closed","ping_status":"closed","sticky":false,"template":"","format":"standard","meta":{"footnotes":""},"categories":[30],"tags":[],"class_list":["post-2941","post","type-post","status-publish","format-standard","has-post-thumbnail","hentry","category-geral"],"yoast_head":"<!-- This site is optimized with the Yoast SEO plugin v27.4 - https:\/\/yoast.com\/product\/yoast-seo-wordpress\/ -->\n<title>Elei\u00e7\u00f5es 2024: apenas 12% dos adolescentes de 16 e 17 anos j\u00e1 tiraram o t\u00edtulo na regi\u00e3o - Transam\u00e9rica Mococa 93,3<\/title>\n<meta name=\"robots\" content=\"index, follow, max-snippet:-1, max-image-preview:large, max-video-preview:-1\" \/>\n<link rel=\"canonical\" href=\"https:\/\/transamerica93.com.br\/home\/eleicoes-2024-apenas-12-dos-adolescentes-de-16-e-17-anos-ja-tiraram-o-titulo-na-regiao\/\" \/>\n<meta property=\"og:locale\" content=\"pt_BR\" \/>\n<meta property=\"og:type\" content=\"article\" \/>\n<meta property=\"og:title\" content=\"Elei\u00e7\u00f5es 2024: apenas 12% dos adolescentes de 16 e 17 anos j\u00e1 tiraram o t\u00edtulo na regi\u00e3o - Transam\u00e9rica Mococa 93,3\" \/>\n<meta property=\"og:description\" content=\"Dos adolescentes com 16 e 17 anos das 42 cidades da regi\u00e3o de cobertura do\u00a0g1 S\u00e3o Carlos e Araraquara,\u00a0apenas 12,8% emitiram o t\u00edtulo de eleitor e est\u00e3o aptos a vota\u00e7\u00e3o nas elei\u00e7\u00f5es municipais deste ano, segundo dados do Tribunal Regional Eleitoral de S\u00e3o Paulo (TRE-SP). H\u00e1 15 dias do fim do prazo para emitir novos &hellip;\" \/>\n<meta property=\"og:url\" content=\"https:\/\/transamerica93.com.br\/home\/eleicoes-2024-apenas-12-dos-adolescentes-de-16-e-17-anos-ja-tiraram-o-titulo-na-regiao\/\" \/>\n<meta property=\"og:site_name\" content=\"Transam\u00e9rica Mococa 93,3\" \/>\n<meta property=\"article:publisher\" content=\"https:\/\/www.facebook.com\/transamericamococa\" \/>\n<meta property=\"article:published_time\" content=\"2024-04-29T12:00:12+00:00\" \/>\n<meta property=\"og:image\" content=\"https:\/\/transamerica93.com.br\/home\/wp-content\/uploads\/2024\/04\/imagem-6.jpg\" \/>\n\t<meta property=\"og:image:width\" content=\"982\" \/>\n\t<meta property=\"og:image:height\" content=\"738\" \/>\n\t<meta property=\"og:image:type\" content=\"image\/jpeg\" \/>\n<meta name=\"author\" content=\"Reda\u00e7\u00e3o\" \/>\n<meta name=\"twitter:card\" content=\"summary_large_image\" \/>\n<meta name=\"twitter:creator\" content=\"@transamerica933\" \/>\n<meta name=\"twitter:site\" content=\"@transamerica933\" \/>\n<meta name=\"twitter:label1\" content=\"Escrito por\" \/>\n\t<meta name=\"twitter:data1\" content=\"Reda\u00e7\u00e3o\" \/>\n\t<meta name=\"twitter:label2\" content=\"Est. tempo de leitura\" \/>\n\t<meta name=\"twitter:data2\" content=\"3 minutos\" \/>\n<script type=\"application\/ld+json\" class=\"yoast-schema-graph\">{\"@context\":\"https:\\\/\\\/schema.org\",\"@graph\":[{\"@type\":\"Article\",\"@id\":\"https:\\\/\\\/transamerica93.com.br\\\/home\\\/eleicoes-2024-apenas-12-dos-adolescentes-de-16-e-17-anos-ja-tiraram-o-titulo-na-regiao\\\/#article\",\"isPartOf\":{\"@id\":\"https:\\\/\\\/transamerica93.com.br\\\/home\\\/eleicoes-2024-apenas-12-dos-adolescentes-de-16-e-17-anos-ja-tiraram-o-titulo-na-regiao\\\/\"},\"author\":{\"name\":\"Reda\u00e7\u00e3o\",\"@id\":\"https:\\\/\\\/transamerica93.com.br\\\/home\\\/#\\\/schema\\\/person\\\/7fed7c99c0d4562efa8561bc0f543172\"},\"headline\":\"Elei\u00e7\u00f5es 2024: apenas 12% dos adolescentes de 16 e 17 anos j\u00e1 tiraram o t\u00edtulo na regi\u00e3o\",\"datePublished\":\"2024-04-29T12:00:12+00:00\",\"mainEntityOfPage\":{\"@id\":\"https:\\\/\\\/transamerica93.com.br\\\/home\\\/eleicoes-2024-apenas-12-dos-adolescentes-de-16-e-17-anos-ja-tiraram-o-titulo-na-regiao\\\/\"},\"wordCount\":328,\"publisher\":{\"@id\":\"https:\\\/\\\/transamerica93.com.br\\\/home\\\/#organization\"},\"image\":{\"@id\":\"https:\\\/\\\/transamerica93.com.br\\\/home\\\/eleicoes-2024-apenas-12-dos-adolescentes-de-16-e-17-anos-ja-tiraram-o-titulo-na-regiao\\\/#primaryimage\"},\"thumbnailUrl\":\"https:\\\/\\\/transamerica93.com.br\\\/home\\\/wp-content\\\/uploads\\\/2024\\\/04\\\/imagem-6.jpg\",\"articleSection\":[\"Geral\"],\"inLanguage\":\"pt-BR\"},{\"@type\":\"WebPage\",\"@id\":\"https:\\\/\\\/transamerica93.com.br\\\/home\\\/eleicoes-2024-apenas-12-dos-adolescentes-de-16-e-17-anos-ja-tiraram-o-titulo-na-regiao\\\/\",\"url\":\"https:\\\/\\\/transamerica93.com.br\\\/home\\\/eleicoes-2024-apenas-12-dos-adolescentes-de-16-e-17-anos-ja-tiraram-o-titulo-na-regiao\\\/\",\"name\":\"Elei\u00e7\u00f5es 2024: apenas 12% dos adolescentes de 16 e 17 anos j\u00e1 tiraram o t\u00edtulo na regi\u00e3o - Transam\u00e9rica Mococa 93,3\",\"isPartOf\":{\"@id\":\"https:\\\/\\\/transamerica93.com.br\\\/home\\\/#website\"},\"primaryImageOfPage\":{\"@id\":\"https:\\\/\\\/transamerica93.com.br\\\/home\\\/eleicoes-2024-apenas-12-dos-adolescentes-de-16-e-17-anos-ja-tiraram-o-titulo-na-regiao\\\/#primaryimage\"},\"image\":{\"@id\":\"https:\\\/\\\/transamerica93.com.br\\\/home\\\/eleicoes-2024-apenas-12-dos-adolescentes-de-16-e-17-anos-ja-tiraram-o-titulo-na-regiao\\\/#primaryimage\"},\"thumbnailUrl\":\"https:\\\/\\\/transamerica93.com.br\\\/home\\\/wp-content\\\/uploads\\\/2024\\\/04\\\/imagem-6.jpg\",\"datePublished\":\"2024-04-29T12:00:12+00:00\",\"breadcrumb\":{\"@id\":\"https:\\\/\\\/transamerica93.com.br\\\/home\\\/eleicoes-2024-apenas-12-dos-adolescentes-de-16-e-17-anos-ja-tiraram-o-titulo-na-regiao\\\/#breadcrumb\"},\"inLanguage\":\"pt-BR\",\"potentialAction\":[{\"@type\":\"ReadAction\",\"target\":[\"https:\\\/\\\/transamerica93.com.br\\\/home\\\/eleicoes-2024-apenas-12-dos-adolescentes-de-16-e-17-anos-ja-tiraram-o-titulo-na-regiao\\\/\"]}]},{\"@type\":\"ImageObject\",\"inLanguage\":\"pt-BR\",\"@id\":\"https:\\\/\\\/transamerica93.com.br\\\/home\\\/eleicoes-2024-apenas-12-dos-adolescentes-de-16-e-17-anos-ja-tiraram-o-titulo-na-regiao\\\/#primaryimage\",\"url\":\"https:\\\/\\\/transamerica93.com.br\\\/home\\\/wp-content\\\/uploads\\\/2024\\\/04\\\/imagem-6.jpg\",\"contentUrl\":\"https:\\\/\\\/transamerica93.com.br\\\/home\\\/wp-content\\\/uploads\\\/2024\\\/04\\\/imagem-6.jpg\",\"width\":982,\"height\":738,\"caption\":\"Foto: Ana Marin\\\/g1\"},{\"@type\":\"BreadcrumbList\",\"@id\":\"https:\\\/\\\/transamerica93.com.br\\\/home\\\/eleicoes-2024-apenas-12-dos-adolescentes-de-16-e-17-anos-ja-tiraram-o-titulo-na-regiao\\\/#breadcrumb\",\"itemListElement\":[{\"@type\":\"ListItem\",\"position\":1,\"name\":\"In\u00edcio\",\"item\":\"https:\\\/\\\/transamerica93.com.br\\\/home\\\/\"},{\"@type\":\"ListItem\",\"position\":2,\"name\":\"Elei\u00e7\u00f5es 2024: apenas 12% dos adolescentes de 16 e 17 anos j\u00e1 tiraram o t\u00edtulo na regi\u00e3o\"}]},{\"@type\":\"WebSite\",\"@id\":\"https:\\\/\\\/transamerica93.com.br\\\/home\\\/#website\",\"url\":\"https:\\\/\\\/transamerica93.com.br\\\/home\\\/\",\"name\":\"Transam\u00e9rica Mococa 93,3\",\"description\":\"\",\"publisher\":{\"@id\":\"https:\\\/\\\/transamerica93.com.br\\\/home\\\/#organization\"},\"potentialAction\":[{\"@type\":\"SearchAction\",\"target\":{\"@type\":\"EntryPoint\",\"urlTemplate\":\"https:\\\/\\\/transamerica93.com.br\\\/home\\\/?s={search_term_string}\"},\"query-input\":{\"@type\":\"PropertyValueSpecification\",\"valueRequired\":true,\"valueName\":\"search_term_string\"}}],\"inLanguage\":\"pt-BR\"},{\"@type\":\"Organization\",\"@id\":\"https:\\\/\\\/transamerica93.com.br\\\/home\\\/#organization\",\"name\":\"Transam\u00e9rica Mococa 93,3\",\"url\":\"https:\\\/\\\/transamerica93.com.br\\\/home\\\/\",\"logo\":{\"@type\":\"ImageObject\",\"inLanguage\":\"pt-BR\",\"@id\":\"https:\\\/\\\/transamerica93.com.br\\\/home\\\/#\\\/schema\\\/logo\\\/image\\\/\",\"url\":\"https:\\\/\\\/transamerica93.com.br\\\/home\\\/wp-content\\\/uploads\\\/2023\\\/10\\\/logo2.png\",\"contentUrl\":\"https:\\\/\\\/transamerica93.com.br\\\/home\\\/wp-content\\\/uploads\\\/2023\\\/10\\\/logo2.png\",\"width\":800,\"height\":500,\"caption\":\"Transam\u00e9rica Mococa 93,3\"},\"image\":{\"@id\":\"https:\\\/\\\/transamerica93.com.br\\\/home\\\/#\\\/schema\\\/logo\\\/image\\\/\"},\"sameAs\":[\"https:\\\/\\\/www.facebook.com\\\/transamericamococa\",\"https:\\\/\\\/x.com\\\/transamerica933\",\"https:\\\/\\\/www.instagram.com\\\/transamericamococa\"]},{\"@type\":\"Person\",\"@id\":\"https:\\\/\\\/transamerica93.com.br\\\/home\\\/#\\\/schema\\\/person\\\/7fed7c99c0d4562efa8561bc0f543172\",\"name\":\"Reda\u00e7\u00e3o\",\"image\":{\"@type\":\"ImageObject\",\"inLanguage\":\"pt-BR\",\"@id\":\"https:\\\/\\\/secure.gravatar.com\\\/avatar\\\/1072c6b775fb02ef8506ce967551d95926669a6b7d2c2147b42eea4d7c68395e?s=96&d=mm&r=g\",\"url\":\"https:\\\/\\\/secure.gravatar.com\\\/avatar\\\/1072c6b775fb02ef8506ce967551d95926669a6b7d2c2147b42eea4d7c68395e?s=96&d=mm&r=g\",\"contentUrl\":\"https:\\\/\\\/secure.gravatar.com\\\/avatar\\\/1072c6b775fb02ef8506ce967551d95926669a6b7d2c2147b42eea4d7c68395e?s=96&d=mm&r=g\",\"caption\":\"Reda\u00e7\u00e3o\"},\"sameAs\":[\"https:\\\/\\\/transamerica93.com.br\\\/home\"],\"url\":\"https:\\\/\\\/transamerica93.com.br\\\/home\\\/author\\\/william\\\/\"}]}<\/script>\n<!-- \/ Yoast SEO plugin. -->","yoast_head_json":{"title":"Elei\u00e7\u00f5es 2024: apenas 12% dos adolescentes de 16 e 17 anos j\u00e1 tiraram o t\u00edtulo na regi\u00e3o - Transam\u00e9rica Mococa 93,3","robots":{"index":"index","follow":"follow","max-snippet":"max-snippet:-1","max-image-preview":"max-image-preview:large","max-video-preview":"max-video-preview:-1"},"canonical":"https:\/\/transamerica93.com.br\/home\/eleicoes-2024-apenas-12-dos-adolescentes-de-16-e-17-anos-ja-tiraram-o-titulo-na-regiao\/","og_locale":"pt_BR","og_type":"article","og_title":"Elei\u00e7\u00f5es 2024: apenas 12% dos adolescentes de 16 e 17 anos j\u00e1 tiraram o t\u00edtulo na regi\u00e3o - Transam\u00e9rica Mococa 93,3","og_description":"Dos adolescentes com 16 e 17 anos das 42 cidades da regi\u00e3o de cobertura do\u00a0g1 S\u00e3o Carlos e Araraquara,\u00a0apenas 12,8% emitiram o t\u00edtulo de eleitor e est\u00e3o aptos a vota\u00e7\u00e3o nas elei\u00e7\u00f5es municipais deste ano, segundo dados do Tribunal Regional Eleitoral de S\u00e3o Paulo (TRE-SP). H\u00e1 15 dias do fim do prazo para emitir novos &hellip;","og_url":"https:\/\/transamerica93.com.br\/home\/eleicoes-2024-apenas-12-dos-adolescentes-de-16-e-17-anos-ja-tiraram-o-titulo-na-regiao\/","og_site_name":"Transam\u00e9rica Mococa 93,3","article_publisher":"https:\/\/www.facebook.com\/transamericamococa","article_published_time":"2024-04-29T12:00:12+00:00","og_image":[{"width":982,"height":738,"url":"https:\/\/transamerica93.com.br\/home\/wp-content\/uploads\/2024\/04\/imagem-6.jpg","type":"image\/jpeg"}],"author":"Reda\u00e7\u00e3o","twitter_card":"summary_large_image","twitter_creator":"@transamerica933","twitter_site":"@transamerica933","twitter_misc":{"Escrito por":"Reda\u00e7\u00e3o","Est. tempo de leitura":"3 minutos"},"schema":{"@context":"https:\/\/schema.org","@graph":[{"@type":"Article","@id":"https:\/\/transamerica93.com.br\/home\/eleicoes-2024-apenas-12-dos-adolescentes-de-16-e-17-anos-ja-tiraram-o-titulo-na-regiao\/#article","isPartOf":{"@id":"https:\/\/transamerica93.com.br\/home\/eleicoes-2024-apenas-12-dos-adolescentes-de-16-e-17-anos-ja-tiraram-o-titulo-na-regiao\/"},"author":{"name":"Reda\u00e7\u00e3o","@id":"https:\/\/transamerica93.com.br\/home\/#\/schema\/person\/7fed7c99c0d4562efa8561bc0f543172"},"headline":"Elei\u00e7\u00f5es 2024: apenas 12% dos adolescentes de 16 e 17 anos j\u00e1 tiraram o t\u00edtulo na regi\u00e3o","datePublished":"2024-04-29T12:00:12+00:00","mainEntityOfPage":{"@id":"https:\/\/transamerica93.com.br\/home\/eleicoes-2024-apenas-12-dos-adolescentes-de-16-e-17-anos-ja-tiraram-o-titulo-na-regiao\/"},"wordCount":328,"publisher":{"@id":"https:\/\/transamerica93.com.br\/home\/#organization"},"image":{"@id":"https:\/\/transamerica93.com.br\/home\/eleicoes-2024-apenas-12-dos-adolescentes-de-16-e-17-anos-ja-tiraram-o-titulo-na-regiao\/#primaryimage"},"thumbnailUrl":"https:\/\/transamerica93.com.br\/home\/wp-content\/uploads\/2024\/04\/imagem-6.jpg","articleSection":["Geral"],"inLanguage":"pt-BR"},{"@type":"WebPage","@id":"https:\/\/transamerica93.com.br\/home\/eleicoes-2024-apenas-12-dos-adolescentes-de-16-e-17-anos-ja-tiraram-o-titulo-na-regiao\/","url":"https:\/\/transamerica93.com.br\/home\/eleicoes-2024-apenas-12-dos-adolescentes-de-16-e-17-anos-ja-tiraram-o-titulo-na-regiao\/","name":"Elei\u00e7\u00f5es 2024: apenas 12% dos adolescentes de 16 e 17 anos j\u00e1 tiraram o t\u00edtulo na regi\u00e3o - Transam\u00e9rica Mococa 93,3","isPartOf":{"@id":"https:\/\/transamerica93.com.br\/home\/#website"},"primaryImageOfPage":{"@id":"https:\/\/transamerica93.com.br\/home\/eleicoes-2024-apenas-12-dos-adolescentes-de-16-e-17-anos-ja-tiraram-o-titulo-na-regiao\/#primaryimage"},"image":{"@id":"https:\/\/transamerica93.com.br\/home\/eleicoes-2024-apenas-12-dos-adolescentes-de-16-e-17-anos-ja-tiraram-o-titulo-na-regiao\/#primaryimage"},"thumbnailUrl":"https:\/\/transamerica93.com.br\/home\/wp-content\/uploads\/2024\/04\/imagem-6.jpg","datePublished":"2024-04-29T12:00:12+00:00","breadcrumb":{"@id":"https:\/\/transamerica93.com.br\/home\/eleicoes-2024-apenas-12-dos-adolescentes-de-16-e-17-anos-ja-tiraram-o-titulo-na-regiao\/#breadcrumb"},"inLanguage":"pt-BR","potentialAction":[{"@type":"ReadAction","target":["https:\/\/transamerica93.com.br\/home\/eleicoes-2024-apenas-12-dos-adolescentes-de-16-e-17-anos-ja-tiraram-o-titulo-na-regiao\/"]}]},{"@type":"ImageObject","inLanguage":"pt-BR","@id":"https:\/\/transamerica93.com.br\/home\/eleicoes-2024-apenas-12-dos-adolescentes-de-16-e-17-anos-ja-tiraram-o-titulo-na-regiao\/#primaryimage","url":"https:\/\/transamerica93.com.br\/home\/wp-content\/uploads\/2024\/04\/imagem-6.jpg","contentUrl":"https:\/\/transamerica93.com.br\/home\/wp-content\/uploads\/2024\/04\/imagem-6.jpg","width":982,"height":738,"caption":"Foto: Ana Marin\/g1"},{"@type":"BreadcrumbList","@id":"https:\/\/transamerica93.com.br\/home\/eleicoes-2024-apenas-12-dos-adolescentes-de-16-e-17-anos-ja-tiraram-o-titulo-na-regiao\/#breadcrumb","itemListElement":[{"@type":"ListItem","position":1,"name":"In\u00edcio","item":"https:\/\/transamerica93.com.br\/home\/"},{"@type":"ListItem","position":2,"name":"Elei\u00e7\u00f5es 2024: apenas 12% dos adolescentes de 16 e 17 anos j\u00e1 tiraram o t\u00edtulo na regi\u00e3o"}]},{"@type":"WebSite","@id":"https:\/\/transamerica93.com.br\/home\/#website","url":"https:\/\/transamerica93.com.br\/home\/","name":"Transam\u00e9rica Mococa 93,3","description":"","publisher":{"@id":"https:\/\/transamerica93.com.br\/home\/#organization"},"potentialAction":[{"@type":"SearchAction","target":{"@type":"EntryPoint","urlTemplate":"https:\/\/transamerica93.com.br\/home\/?s={search_term_string}"},"query-input":{"@type":"PropertyValueSpecification","valueRequired":true,"valueName":"search_term_string"}}],"inLanguage":"pt-BR"},{"@type":"Organization","@id":"https:\/\/transamerica93.com.br\/home\/#organization","name":"Transam\u00e9rica Mococa 93,3","url":"https:\/\/transamerica93.com.br\/home\/","logo":{"@type":"ImageObject","inLanguage":"pt-BR","@id":"https:\/\/transamerica93.com.br\/home\/#\/schema\/logo\/image\/","url":"https:\/\/transamerica93.com.br\/home\/wp-content\/uploads\/2023\/10\/logo2.png","contentUrl":"https:\/\/transamerica93.com.br\/home\/wp-content\/uploads\/2023\/10\/logo2.png","width":800,"height":500,"caption":"Transam\u00e9rica Mococa 93,3"},"image":{"@id":"https:\/\/transamerica93.com.br\/home\/#\/schema\/logo\/image\/"},"sameAs":["https:\/\/www.facebook.com\/transamericamococa","https:\/\/x.com\/transamerica933","https:\/\/www.instagram.com\/transamericamococa"]},{"@type":"Person","@id":"https:\/\/transamerica93.com.br\/home\/#\/schema\/person\/7fed7c99c0d4562efa8561bc0f543172","name":"Reda\u00e7\u00e3o","image":{"@type":"ImageObject","inLanguage":"pt-BR","@id":"https:\/\/secure.gravatar.com\/avatar\/1072c6b775fb02ef8506ce967551d95926669a6b7d2c2147b42eea4d7c68395e?s=96&d=mm&r=g","url":"https:\/\/secure.gravatar.com\/avatar\/1072c6b775fb02ef8506ce967551d95926669a6b7d2c2147b42eea4d7c68395e?s=96&d=mm&r=g","contentUrl":"https:\/\/secure.gravatar.com\/avatar\/1072c6b775fb02ef8506ce967551d95926669a6b7d2c2147b42eea4d7c68395e?s=96&d=mm&r=g","caption":"Reda\u00e7\u00e3o"},"sameAs":["https:\/\/transamerica93.com.br\/home"],"url":"https:\/\/transamerica93.com.br\/home\/author\/william\/"}]}},"_links":{"self":[{"href":"https:\/\/transamerica93.com.br\/home\/wp-json\/wp\/v2\/posts\/2941","targetHints":{"allow":["GET"]}}],"collection":[{"href":"https:\/\/transamerica93.com.br\/home\/wp-json\/wp\/v2\/posts"}],"about":[{"href":"https:\/\/transamerica93.com.br\/home\/wp-json\/wp\/v2\/types\/post"}],"author":[{"embeddable":true,"href":"https:\/\/transamerica93.com.br\/home\/wp-json\/wp\/v2\/users\/1"}],"replies":[{"embeddable":true,"href":"https:\/\/transamerica93.com.br\/home\/wp-json\/wp\/v2\/comments?post=2941"}],"version-history":[{"count":2,"href":"https:\/\/transamerica93.com.br\/home\/wp-json\/wp\/v2\/posts\/2941\/revisions"}],"predecessor-version":[{"id":2944,"href":"https:\/\/transamerica93.com.br\/home\/wp-json\/wp\/v2\/posts\/2941\/revisions\/2944"}],"wp:featuredmedia":[{"embeddable":true,"href":"https:\/\/transamerica93.com.br\/home\/wp-json\/wp\/v2\/media\/2942"}],"wp:attachment":[{"href":"https:\/\/transamerica93.com.br\/home\/wp-json\/wp\/v2\/media?parent=2941"}],"wp:term":[{"taxonomy":"category","embeddable":true,"href":"https:\/\/transamerica93.com.br\/home\/wp-json\/wp\/v2\/categories?post=2941"},{"taxonomy":"post_tag","embeddable":true,"href":"https:\/\/transamerica93.com.br\/home\/wp-json\/wp\/v2\/tags?post=2941"}],"curies":[{"name":"wp","href":"https:\/\/api.w.org\/{rel}","templated":true}]}}