{"id":2974,"date":"2024-04-30T15:00:57","date_gmt":"2024-04-30T18:00:57","guid":{"rendered":"https:\/\/transamerica93.com.br\/home\/?p=2974"},"modified":"2024-04-25T07:54:06","modified_gmt":"2024-04-25T10:54:06","slug":"celine-dion-fala-sobre-possivel-volta-aos-palcos-e-doenca-rara-por-que-eu","status":"publish","type":"post","link":"https:\/\/transamerica93.com.br\/home\/celine-dion-fala-sobre-possivel-volta-aos-palcos-e-doenca-rara-por-que-eu\/","title":{"rendered":"C\u00e9line Dion fala sobre poss\u00edvel volta aos palcos e doen\u00e7a rara: &#8216;por que eu?&#8217;"},"content":{"rendered":"<h6 class=\"Assina\">Por Dora Guerra<\/h6>\n<p>C\u00e9line Dion, hoje com 55 anos, deu uma entrevista reveladora \u00e0 Vogue Fran\u00e7a. A cantora, que sofre de S\u00edndrome da Pessoa R\u00edgida, falou sobre como tem sido lidar com a doen\u00e7a &#8211; e sua esperan\u00e7a de voltar aos palcos.<\/p>\n<p>&#8220;N\u00e3o venci a doen\u00e7a, pois ela ainda est\u00e1 dentro de mim e sempre estar\u00e1&#8221;, come\u00e7ou. &#8220;Espero que encontremos um milagre, uma forma de cur\u00e1-lo com pesquisas cient\u00edficas, mas por enquanto tenho que aprender a conviver com isso. Ent\u00e3o sou eu, agora com S\u00edndrome da Pessoa R\u00edgida&#8221;.<\/p>\n<p>Segundo a cantora, ela faz terapia atl\u00e9tica, f\u00edsica e vocal cinco vezes por semana. &#8220;Trabalho os dedos dos p\u00e9s, os joelhos, as panturrilhas, os dedos, o canto, a voz&#8230; Tenho que aprender a conviver com isso agora e parar de me questionar. No in\u00edcio eu me perguntava: por que eu? Como isso aconteceu? O que eu fiz? Isso \u00e9 minha culpa?&#8221;.<\/p>\n<p>&#8220;A meu ver, tenho duas escolhas. Ou treino como um atleta e trabalho muito, ou desligo e acabou, fico em casa, ou\u00e7o minhas m\u00fasicas, fico na frente do espelho e canto para mim mesma. Optei por trabalhar de corpo e alma, da cabe\u00e7a aos p\u00e9s, com uma equipe m\u00e9dica. Eu quero ser a melhor que posso ser&#8221;, completou.<\/p>\n<p>Apesar da esperan\u00e7a, C\u00e9line ressalta que ainda n\u00e3o \u00e9 poss\u00edvel dizer se um dia voltar\u00e1 aos palcos. &#8220;H\u00e1 quatro anos venho dizendo a mim mesma que n\u00e3o vou voltar, que estou pronta, que n\u00e3o estou pronta&#8230; Do jeito que as coisas est\u00e3o, n\u00e3o posso ficar aqui e dizer para voc\u00ea: &#8216;Sim, em quatro meses&#8217;. N\u00e3o sei&#8230; Meu corpo vai me dizer&#8221;, declarou.<\/p>\n<p>&#8220;Por outro lado, n\u00e3o quero apenas esperar. \u00c9 moralmente dif\u00edcil viver dia ap\u00f3s dia. Est\u00e1 dif\u00edcil, estou trabalhando muito e amanh\u00e3 ser\u00e1 ainda mais dif\u00edcil. Amanh\u00e3 \u00e9 outro dia. Mas h\u00e1 uma coisa que nunca vai parar: a vontade. \u00c9 a paix\u00e3o. \u00c9 o sonho. \u00c9 a determina\u00e7\u00e3o&#8221;.<\/p>\n<p>A S\u00edndrome da Pessoa R\u00edgida \u00e9 uma condi\u00e7\u00e3o neurol\u00f3gica rara, que afeta uma ou duas pessoas em cada milh\u00e3o e \u00e9 caracterizada por rigidez muscular e espasmos. Apesar de n\u00e3o ter cura, h\u00e1 possibilidades de tratamento, que s\u00e3o limitadas e variam de pessoa para pessoa.<\/p>\n","protected":false},"excerpt":{"rendered":"<p>Por Dora Guerra C\u00e9line Dion, hoje com 55 anos, deu uma entrevista reveladora \u00e0 Vogue Fran\u00e7a. A cantora, que sofre de S\u00edndrome da Pessoa R\u00edgida, falou sobre como tem sido lidar com a doen\u00e7a &#8211; e sua esperan\u00e7a de voltar aos palcos. &#8220;N\u00e3o venci a doen\u00e7a, pois ela ainda est\u00e1 dentro de mim e sempre &hellip;<\/p>\n","protected":false},"author":1,"featured_media":2975,"comment_status":"closed","ping_status":"closed","sticky":false,"template":"","format":"standard","meta":{"footnotes":""},"categories":[25],"tags":[],"class_list":["post-2974","post","type-post","status-publish","format-standard","has-post-thumbnail","hentry","category-musica"],"yoast_head":"<!-- This site is optimized with the Yoast SEO plugin v27.4 - https:\/\/yoast.com\/product\/yoast-seo-wordpress\/ -->\n<title>C\u00e9line Dion fala sobre poss\u00edvel volta aos palcos e doen\u00e7a rara: &#039;por que eu?&#039; - Transam\u00e9rica Mococa 93,3<\/title>\n<meta name=\"robots\" content=\"index, follow, max-snippet:-1, max-image-preview:large, max-video-preview:-1\" \/>\n<link rel=\"canonical\" href=\"https:\/\/transamerica93.com.br\/home\/celine-dion-fala-sobre-possivel-volta-aos-palcos-e-doenca-rara-por-que-eu\/\" \/>\n<meta property=\"og:locale\" content=\"pt_BR\" \/>\n<meta property=\"og:type\" content=\"article\" \/>\n<meta property=\"og:title\" content=\"C\u00e9line Dion fala sobre poss\u00edvel volta aos palcos e doen\u00e7a rara: &#039;por que eu?&#039; - Transam\u00e9rica Mococa 93,3\" \/>\n<meta property=\"og:description\" content=\"Por Dora Guerra C\u00e9line Dion, hoje com 55 anos, deu uma entrevista reveladora \u00e0 Vogue Fran\u00e7a. A cantora, que sofre de S\u00edndrome da Pessoa R\u00edgida, falou sobre como tem sido lidar com a doen\u00e7a &#8211; e sua esperan\u00e7a de voltar aos palcos. &#8220;N\u00e3o venci a doen\u00e7a, pois ela ainda est\u00e1 dentro de mim e sempre &hellip;\" \/>\n<meta property=\"og:url\" content=\"https:\/\/transamerica93.com.br\/home\/celine-dion-fala-sobre-possivel-volta-aos-palcos-e-doenca-rara-por-que-eu\/\" \/>\n<meta property=\"og:site_name\" content=\"Transam\u00e9rica Mococa 93,3\" \/>\n<meta property=\"article:publisher\" content=\"https:\/\/www.facebook.com\/transamericamococa\" \/>\n<meta property=\"article:published_time\" content=\"2024-04-30T18:00:57+00:00\" \/>\n<meta property=\"og:image\" content=\"https:\/\/transamerica93.com.br\/home\/wp-content\/uploads\/2024\/04\/celinedion.jpg\" \/>\n\t<meta property=\"og:image:width\" content=\"800\" \/>\n\t<meta property=\"og:image:height\" content=\"500\" \/>\n\t<meta property=\"og:image:type\" content=\"image\/jpeg\" \/>\n<meta name=\"author\" content=\"Reda\u00e7\u00e3o\" \/>\n<meta name=\"twitter:card\" content=\"summary_large_image\" \/>\n<meta name=\"twitter:creator\" content=\"@transamerica933\" \/>\n<meta name=\"twitter:site\" content=\"@transamerica933\" \/>\n<meta name=\"twitter:label1\" content=\"Escrito por\" \/>\n\t<meta name=\"twitter:data1\" content=\"Reda\u00e7\u00e3o\" \/>\n\t<meta name=\"twitter:label2\" content=\"Est. tempo de leitura\" \/>\n\t<meta name=\"twitter:data2\" content=\"3 minutos\" \/>\n<script type=\"application\/ld+json\" class=\"yoast-schema-graph\">{\"@context\":\"https:\\\/\\\/schema.org\",\"@graph\":[{\"@type\":\"Article\",\"@id\":\"https:\\\/\\\/transamerica93.com.br\\\/home\\\/celine-dion-fala-sobre-possivel-volta-aos-palcos-e-doenca-rara-por-que-eu\\\/#article\",\"isPartOf\":{\"@id\":\"https:\\\/\\\/transamerica93.com.br\\\/home\\\/celine-dion-fala-sobre-possivel-volta-aos-palcos-e-doenca-rara-por-que-eu\\\/\"},\"author\":{\"name\":\"Reda\u00e7\u00e3o\",\"@id\":\"https:\\\/\\\/transamerica93.com.br\\\/home\\\/#\\\/schema\\\/person\\\/7fed7c99c0d4562efa8561bc0f543172\"},\"headline\":\"C\u00e9line Dion fala sobre poss\u00edvel volta aos palcos e doen\u00e7a rara: &#8216;por que eu?&#8217;\",\"datePublished\":\"2024-04-30T18:00:57+00:00\",\"mainEntityOfPage\":{\"@id\":\"https:\\\/\\\/transamerica93.com.br\\\/home\\\/celine-dion-fala-sobre-possivel-volta-aos-palcos-e-doenca-rara-por-que-eu\\\/\"},\"wordCount\":414,\"publisher\":{\"@id\":\"https:\\\/\\\/transamerica93.com.br\\\/home\\\/#organization\"},\"image\":{\"@id\":\"https:\\\/\\\/transamerica93.com.br\\\/home\\\/celine-dion-fala-sobre-possivel-volta-aos-palcos-e-doenca-rara-por-que-eu\\\/#primaryimage\"},\"thumbnailUrl\":\"https:\\\/\\\/transamerica93.com.br\\\/home\\\/wp-content\\\/uploads\\\/2024\\\/04\\\/celinedion.jpg\",\"articleSection\":[\"M\u00fasica\"],\"inLanguage\":\"pt-BR\"},{\"@type\":\"WebPage\",\"@id\":\"https:\\\/\\\/transamerica93.com.br\\\/home\\\/celine-dion-fala-sobre-possivel-volta-aos-palcos-e-doenca-rara-por-que-eu\\\/\",\"url\":\"https:\\\/\\\/transamerica93.com.br\\\/home\\\/celine-dion-fala-sobre-possivel-volta-aos-palcos-e-doenca-rara-por-que-eu\\\/\",\"name\":\"C\u00e9line Dion fala sobre poss\u00edvel volta aos palcos e doen\u00e7a rara: 'por que eu?' - Transam\u00e9rica Mococa 93,3\",\"isPartOf\":{\"@id\":\"https:\\\/\\\/transamerica93.com.br\\\/home\\\/#website\"},\"primaryImageOfPage\":{\"@id\":\"https:\\\/\\\/transamerica93.com.br\\\/home\\\/celine-dion-fala-sobre-possivel-volta-aos-palcos-e-doenca-rara-por-que-eu\\\/#primaryimage\"},\"image\":{\"@id\":\"https:\\\/\\\/transamerica93.com.br\\\/home\\\/celine-dion-fala-sobre-possivel-volta-aos-palcos-e-doenca-rara-por-que-eu\\\/#primaryimage\"},\"thumbnailUrl\":\"https:\\\/\\\/transamerica93.com.br\\\/home\\\/wp-content\\\/uploads\\\/2024\\\/04\\\/celinedion.jpg\",\"datePublished\":\"2024-04-30T18:00:57+00:00\",\"breadcrumb\":{\"@id\":\"https:\\\/\\\/transamerica93.com.br\\\/home\\\/celine-dion-fala-sobre-possivel-volta-aos-palcos-e-doenca-rara-por-que-eu\\\/#breadcrumb\"},\"inLanguage\":\"pt-BR\",\"potentialAction\":[{\"@type\":\"ReadAction\",\"target\":[\"https:\\\/\\\/transamerica93.com.br\\\/home\\\/celine-dion-fala-sobre-possivel-volta-aos-palcos-e-doenca-rara-por-que-eu\\\/\"]}]},{\"@type\":\"ImageObject\",\"inLanguage\":\"pt-BR\",\"@id\":\"https:\\\/\\\/transamerica93.com.br\\\/home\\\/celine-dion-fala-sobre-possivel-volta-aos-palcos-e-doenca-rara-por-que-eu\\\/#primaryimage\",\"url\":\"https:\\\/\\\/transamerica93.com.br\\\/home\\\/wp-content\\\/uploads\\\/2024\\\/04\\\/celinedion.jpg\",\"contentUrl\":\"https:\\\/\\\/transamerica93.com.br\\\/home\\\/wp-content\\\/uploads\\\/2024\\\/04\\\/celinedion.jpg\",\"width\":800,\"height\":500,\"caption\":\"Foto: Instagram @celinedion\"},{\"@type\":\"BreadcrumbList\",\"@id\":\"https:\\\/\\\/transamerica93.com.br\\\/home\\\/celine-dion-fala-sobre-possivel-volta-aos-palcos-e-doenca-rara-por-que-eu\\\/#breadcrumb\",\"itemListElement\":[{\"@type\":\"ListItem\",\"position\":1,\"name\":\"In\u00edcio\",\"item\":\"https:\\\/\\\/transamerica93.com.br\\\/home\\\/\"},{\"@type\":\"ListItem\",\"position\":2,\"name\":\"C\u00e9line Dion fala sobre poss\u00edvel volta aos palcos e doen\u00e7a rara: &#8216;por que eu?&#8217;\"}]},{\"@type\":\"WebSite\",\"@id\":\"https:\\\/\\\/transamerica93.com.br\\\/home\\\/#website\",\"url\":\"https:\\\/\\\/transamerica93.com.br\\\/home\\\/\",\"name\":\"Transam\u00e9rica Mococa 93,3\",\"description\":\"\",\"publisher\":{\"@id\":\"https:\\\/\\\/transamerica93.com.br\\\/home\\\/#organization\"},\"potentialAction\":[{\"@type\":\"SearchAction\",\"target\":{\"@type\":\"EntryPoint\",\"urlTemplate\":\"https:\\\/\\\/transamerica93.com.br\\\/home\\\/?s={search_term_string}\"},\"query-input\":{\"@type\":\"PropertyValueSpecification\",\"valueRequired\":true,\"valueName\":\"search_term_string\"}}],\"inLanguage\":\"pt-BR\"},{\"@type\":\"Organization\",\"@id\":\"https:\\\/\\\/transamerica93.com.br\\\/home\\\/#organization\",\"name\":\"Transam\u00e9rica Mococa 93,3\",\"url\":\"https:\\\/\\\/transamerica93.com.br\\\/home\\\/\",\"logo\":{\"@type\":\"ImageObject\",\"inLanguage\":\"pt-BR\",\"@id\":\"https:\\\/\\\/transamerica93.com.br\\\/home\\\/#\\\/schema\\\/logo\\\/image\\\/\",\"url\":\"https:\\\/\\\/transamerica93.com.br\\\/home\\\/wp-content\\\/uploads\\\/2023\\\/10\\\/logo2.png\",\"contentUrl\":\"https:\\\/\\\/transamerica93.com.br\\\/home\\\/wp-content\\\/uploads\\\/2023\\\/10\\\/logo2.png\",\"width\":800,\"height\":500,\"caption\":\"Transam\u00e9rica Mococa 93,3\"},\"image\":{\"@id\":\"https:\\\/\\\/transamerica93.com.br\\\/home\\\/#\\\/schema\\\/logo\\\/image\\\/\"},\"sameAs\":[\"https:\\\/\\\/www.facebook.com\\\/transamericamococa\",\"https:\\\/\\\/x.com\\\/transamerica933\",\"https:\\\/\\\/www.instagram.com\\\/transamericamococa\"]},{\"@type\":\"Person\",\"@id\":\"https:\\\/\\\/transamerica93.com.br\\\/home\\\/#\\\/schema\\\/person\\\/7fed7c99c0d4562efa8561bc0f543172\",\"name\":\"Reda\u00e7\u00e3o\",\"image\":{\"@type\":\"ImageObject\",\"inLanguage\":\"pt-BR\",\"@id\":\"https:\\\/\\\/secure.gravatar.com\\\/avatar\\\/1072c6b775fb02ef8506ce967551d95926669a6b7d2c2147b42eea4d7c68395e?s=96&d=mm&r=g\",\"url\":\"https:\\\/\\\/secure.gravatar.com\\\/avatar\\\/1072c6b775fb02ef8506ce967551d95926669a6b7d2c2147b42eea4d7c68395e?s=96&d=mm&r=g\",\"contentUrl\":\"https:\\\/\\\/secure.gravatar.com\\\/avatar\\\/1072c6b775fb02ef8506ce967551d95926669a6b7d2c2147b42eea4d7c68395e?s=96&d=mm&r=g\",\"caption\":\"Reda\u00e7\u00e3o\"},\"sameAs\":[\"https:\\\/\\\/transamerica93.com.br\\\/home\"],\"url\":\"https:\\\/\\\/transamerica93.com.br\\\/home\\\/author\\\/william\\\/\"}]}<\/script>\n<!-- \/ Yoast SEO plugin. -->","yoast_head_json":{"title":"C\u00e9line Dion fala sobre poss\u00edvel volta aos palcos e doen\u00e7a rara: 'por que eu?' - Transam\u00e9rica Mococa 93,3","robots":{"index":"index","follow":"follow","max-snippet":"max-snippet:-1","max-image-preview":"max-image-preview:large","max-video-preview":"max-video-preview:-1"},"canonical":"https:\/\/transamerica93.com.br\/home\/celine-dion-fala-sobre-possivel-volta-aos-palcos-e-doenca-rara-por-que-eu\/","og_locale":"pt_BR","og_type":"article","og_title":"C\u00e9line Dion fala sobre poss\u00edvel volta aos palcos e doen\u00e7a rara: 'por que eu?' - Transam\u00e9rica Mococa 93,3","og_description":"Por Dora Guerra C\u00e9line Dion, hoje com 55 anos, deu uma entrevista reveladora \u00e0 Vogue Fran\u00e7a. A cantora, que sofre de S\u00edndrome da Pessoa R\u00edgida, falou sobre como tem sido lidar com a doen\u00e7a &#8211; e sua esperan\u00e7a de voltar aos palcos. &#8220;N\u00e3o venci a doen\u00e7a, pois ela ainda est\u00e1 dentro de mim e sempre &hellip;","og_url":"https:\/\/transamerica93.com.br\/home\/celine-dion-fala-sobre-possivel-volta-aos-palcos-e-doenca-rara-por-que-eu\/","og_site_name":"Transam\u00e9rica Mococa 93,3","article_publisher":"https:\/\/www.facebook.com\/transamericamococa","article_published_time":"2024-04-30T18:00:57+00:00","og_image":[{"width":800,"height":500,"url":"https:\/\/transamerica93.com.br\/home\/wp-content\/uploads\/2024\/04\/celinedion.jpg","type":"image\/jpeg"}],"author":"Reda\u00e7\u00e3o","twitter_card":"summary_large_image","twitter_creator":"@transamerica933","twitter_site":"@transamerica933","twitter_misc":{"Escrito por":"Reda\u00e7\u00e3o","Est. tempo de leitura":"3 minutos"},"schema":{"@context":"https:\/\/schema.org","@graph":[{"@type":"Article","@id":"https:\/\/transamerica93.com.br\/home\/celine-dion-fala-sobre-possivel-volta-aos-palcos-e-doenca-rara-por-que-eu\/#article","isPartOf":{"@id":"https:\/\/transamerica93.com.br\/home\/celine-dion-fala-sobre-possivel-volta-aos-palcos-e-doenca-rara-por-que-eu\/"},"author":{"name":"Reda\u00e7\u00e3o","@id":"https:\/\/transamerica93.com.br\/home\/#\/schema\/person\/7fed7c99c0d4562efa8561bc0f543172"},"headline":"C\u00e9line Dion fala sobre poss\u00edvel volta aos palcos e doen\u00e7a rara: &#8216;por que eu?&#8217;","datePublished":"2024-04-30T18:00:57+00:00","mainEntityOfPage":{"@id":"https:\/\/transamerica93.com.br\/home\/celine-dion-fala-sobre-possivel-volta-aos-palcos-e-doenca-rara-por-que-eu\/"},"wordCount":414,"publisher":{"@id":"https:\/\/transamerica93.com.br\/home\/#organization"},"image":{"@id":"https:\/\/transamerica93.com.br\/home\/celine-dion-fala-sobre-possivel-volta-aos-palcos-e-doenca-rara-por-que-eu\/#primaryimage"},"thumbnailUrl":"https:\/\/transamerica93.com.br\/home\/wp-content\/uploads\/2024\/04\/celinedion.jpg","articleSection":["M\u00fasica"],"inLanguage":"pt-BR"},{"@type":"WebPage","@id":"https:\/\/transamerica93.com.br\/home\/celine-dion-fala-sobre-possivel-volta-aos-palcos-e-doenca-rara-por-que-eu\/","url":"https:\/\/transamerica93.com.br\/home\/celine-dion-fala-sobre-possivel-volta-aos-palcos-e-doenca-rara-por-que-eu\/","name":"C\u00e9line Dion fala sobre poss\u00edvel volta aos palcos e doen\u00e7a rara: 'por que eu?' - Transam\u00e9rica Mococa 93,3","isPartOf":{"@id":"https:\/\/transamerica93.com.br\/home\/#website"},"primaryImageOfPage":{"@id":"https:\/\/transamerica93.com.br\/home\/celine-dion-fala-sobre-possivel-volta-aos-palcos-e-doenca-rara-por-que-eu\/#primaryimage"},"image":{"@id":"https:\/\/transamerica93.com.br\/home\/celine-dion-fala-sobre-possivel-volta-aos-palcos-e-doenca-rara-por-que-eu\/#primaryimage"},"thumbnailUrl":"https:\/\/transamerica93.com.br\/home\/wp-content\/uploads\/2024\/04\/celinedion.jpg","datePublished":"2024-04-30T18:00:57+00:00","breadcrumb":{"@id":"https:\/\/transamerica93.com.br\/home\/celine-dion-fala-sobre-possivel-volta-aos-palcos-e-doenca-rara-por-que-eu\/#breadcrumb"},"inLanguage":"pt-BR","potentialAction":[{"@type":"ReadAction","target":["https:\/\/transamerica93.com.br\/home\/celine-dion-fala-sobre-possivel-volta-aos-palcos-e-doenca-rara-por-que-eu\/"]}]},{"@type":"ImageObject","inLanguage":"pt-BR","@id":"https:\/\/transamerica93.com.br\/home\/celine-dion-fala-sobre-possivel-volta-aos-palcos-e-doenca-rara-por-que-eu\/#primaryimage","url":"https:\/\/transamerica93.com.br\/home\/wp-content\/uploads\/2024\/04\/celinedion.jpg","contentUrl":"https:\/\/transamerica93.com.br\/home\/wp-content\/uploads\/2024\/04\/celinedion.jpg","width":800,"height":500,"caption":"Foto: Instagram @celinedion"},{"@type":"BreadcrumbList","@id":"https:\/\/transamerica93.com.br\/home\/celine-dion-fala-sobre-possivel-volta-aos-palcos-e-doenca-rara-por-que-eu\/#breadcrumb","itemListElement":[{"@type":"ListItem","position":1,"name":"In\u00edcio","item":"https:\/\/transamerica93.com.br\/home\/"},{"@type":"ListItem","position":2,"name":"C\u00e9line Dion fala sobre poss\u00edvel volta aos palcos e doen\u00e7a rara: &#8216;por que eu?&#8217;"}]},{"@type":"WebSite","@id":"https:\/\/transamerica93.com.br\/home\/#website","url":"https:\/\/transamerica93.com.br\/home\/","name":"Transam\u00e9rica Mococa 93,3","description":"","publisher":{"@id":"https:\/\/transamerica93.com.br\/home\/#organization"},"potentialAction":[{"@type":"SearchAction","target":{"@type":"EntryPoint","urlTemplate":"https:\/\/transamerica93.com.br\/home\/?s={search_term_string}"},"query-input":{"@type":"PropertyValueSpecification","valueRequired":true,"valueName":"search_term_string"}}],"inLanguage":"pt-BR"},{"@type":"Organization","@id":"https:\/\/transamerica93.com.br\/home\/#organization","name":"Transam\u00e9rica Mococa 93,3","url":"https:\/\/transamerica93.com.br\/home\/","logo":{"@type":"ImageObject","inLanguage":"pt-BR","@id":"https:\/\/transamerica93.com.br\/home\/#\/schema\/logo\/image\/","url":"https:\/\/transamerica93.com.br\/home\/wp-content\/uploads\/2023\/10\/logo2.png","contentUrl":"https:\/\/transamerica93.com.br\/home\/wp-content\/uploads\/2023\/10\/logo2.png","width":800,"height":500,"caption":"Transam\u00e9rica Mococa 93,3"},"image":{"@id":"https:\/\/transamerica93.com.br\/home\/#\/schema\/logo\/image\/"},"sameAs":["https:\/\/www.facebook.com\/transamericamococa","https:\/\/x.com\/transamerica933","https:\/\/www.instagram.com\/transamericamococa"]},{"@type":"Person","@id":"https:\/\/transamerica93.com.br\/home\/#\/schema\/person\/7fed7c99c0d4562efa8561bc0f543172","name":"Reda\u00e7\u00e3o","image":{"@type":"ImageObject","inLanguage":"pt-BR","@id":"https:\/\/secure.gravatar.com\/avatar\/1072c6b775fb02ef8506ce967551d95926669a6b7d2c2147b42eea4d7c68395e?s=96&d=mm&r=g","url":"https:\/\/secure.gravatar.com\/avatar\/1072c6b775fb02ef8506ce967551d95926669a6b7d2c2147b42eea4d7c68395e?s=96&d=mm&r=g","contentUrl":"https:\/\/secure.gravatar.com\/avatar\/1072c6b775fb02ef8506ce967551d95926669a6b7d2c2147b42eea4d7c68395e?s=96&d=mm&r=g","caption":"Reda\u00e7\u00e3o"},"sameAs":["https:\/\/transamerica93.com.br\/home"],"url":"https:\/\/transamerica93.com.br\/home\/author\/william\/"}]}},"_links":{"self":[{"href":"https:\/\/transamerica93.com.br\/home\/wp-json\/wp\/v2\/posts\/2974","targetHints":{"allow":["GET"]}}],"collection":[{"href":"https:\/\/transamerica93.com.br\/home\/wp-json\/wp\/v2\/posts"}],"about":[{"href":"https:\/\/transamerica93.com.br\/home\/wp-json\/wp\/v2\/types\/post"}],"author":[{"embeddable":true,"href":"https:\/\/transamerica93.com.br\/home\/wp-json\/wp\/v2\/users\/1"}],"replies":[{"embeddable":true,"href":"https:\/\/transamerica93.com.br\/home\/wp-json\/wp\/v2\/comments?post=2974"}],"version-history":[{"count":1,"href":"https:\/\/transamerica93.com.br\/home\/wp-json\/wp\/v2\/posts\/2974\/revisions"}],"predecessor-version":[{"id":2976,"href":"https:\/\/transamerica93.com.br\/home\/wp-json\/wp\/v2\/posts\/2974\/revisions\/2976"}],"wp:featuredmedia":[{"embeddable":true,"href":"https:\/\/transamerica93.com.br\/home\/wp-json\/wp\/v2\/media\/2975"}],"wp:attachment":[{"href":"https:\/\/transamerica93.com.br\/home\/wp-json\/wp\/v2\/media?parent=2974"}],"wp:term":[{"taxonomy":"category","embeddable":true,"href":"https:\/\/transamerica93.com.br\/home\/wp-json\/wp\/v2\/categories?post=2974"},{"taxonomy":"post_tag","embeddable":true,"href":"https:\/\/transamerica93.com.br\/home\/wp-json\/wp\/v2\/tags?post=2974"}],"curies":[{"name":"wp","href":"https:\/\/api.w.org\/{rel}","templated":true}]}}