{"id":2989,"date":"2024-04-30T18:00:11","date_gmt":"2024-04-30T21:00:11","guid":{"rendered":"https:\/\/transamerica93.com.br\/home\/?p=2989"},"modified":"2024-04-25T08:19:18","modified_gmt":"2024-04-25T11:19:18","slug":"dia-dos-namorados-ana-hickmann-e-edu-guedes-sao-queridinhos-para-campanhas","status":"publish","type":"post","link":"https:\/\/transamerica93.com.br\/home\/dia-dos-namorados-ana-hickmann-e-edu-guedes-sao-queridinhos-para-campanhas\/","title":{"rendered":"Dia dos Namorados: Ana Hickmann e Edu Guedes s\u00e3o queridinhos para campanhas"},"content":{"rendered":"<div id=\"Corpo\">\n<h6 class=\"Assina\">Por Maria Fernanda Viana<\/h6>\n<p>O casal formado por Ana Hickmann e Edu Guedes, assumido desde mar\u00e7o, s\u00e3o os favoritos para as campanhas de publicidade para o Dia dos Namorados deste ano.<\/p>\n<p>O fato \u00e9 que ambos j\u00e1 foram vistos juntos em eventos p\u00fablicos, mas ainda n\u00e3o participaram de nenhuma a\u00e7\u00e3o comercial juntos e analisam todas as possibilidades.<\/p>\n<p>Ao\u00a0<b>Estad\u00e3o<\/b>, a equipe de assessoria de imprensa da apresentadora confirmou que o casal foi procurado por mais de seis marcas para promover a data &#8211; n\u00e3o foram revelados nomes ou o mercado de cada uma dessas marcas.<\/p>\n<p>Ana Hickmann e Edu Guedes se conhecem h\u00e1 mais de duas d\u00e9cadas e, em janeiro, surgiram boatos de que eles estariam se relacionando ap\u00f3s serem avistados em um mesmo resort. Na \u00e9poca, a assessoria de Hickmann negou o namoro, confirmado apenas em mar\u00e7o.<\/p>\n<p>A apresentadora se divorciou de Alexandre Correa no final do ano passado. Os dois estavam juntos desde os 16 anos de Ana, que o acusou de viol\u00eancia dom\u00e9stica.<\/p>\n<p>*Estagi\u00e1ria sob supervis\u00e3o de Charlise de Morais<\/p><\/div>\n","protected":false},"excerpt":{"rendered":"<p>Por Maria Fernanda Viana O casal formado por Ana Hickmann e Edu Guedes, assumido desde mar\u00e7o, s\u00e3o os favoritos para as campanhas de publicidade para o Dia dos Namorados deste ano. O fato \u00e9 que ambos j\u00e1 foram vistos juntos em eventos p\u00fablicos, mas ainda n\u00e3o participaram de nenhuma a\u00e7\u00e3o comercial juntos e analisam todas &hellip;<\/p>\n","protected":false},"author":1,"featured_media":2990,"comment_status":"closed","ping_status":"closed","sticky":false,"template":"","format":"standard","meta":{"footnotes":""},"categories":[24],"tags":[],"class_list":["post-2989","post","type-post","status-publish","format-standard","has-post-thumbnail","hentry","category-entretenimento"],"yoast_head":"<!-- This site is optimized with the Yoast SEO plugin v27.4 - https:\/\/yoast.com\/product\/yoast-seo-wordpress\/ -->\n<title>Dia dos Namorados: Ana Hickmann e Edu Guedes s\u00e3o queridinhos para campanhas - Transam\u00e9rica Mococa 93,3<\/title>\n<meta name=\"robots\" content=\"index, follow, max-snippet:-1, max-image-preview:large, max-video-preview:-1\" \/>\n<link rel=\"canonical\" href=\"https:\/\/transamerica93.com.br\/home\/dia-dos-namorados-ana-hickmann-e-edu-guedes-sao-queridinhos-para-campanhas\/\" \/>\n<meta property=\"og:locale\" content=\"pt_BR\" \/>\n<meta property=\"og:type\" content=\"article\" \/>\n<meta property=\"og:title\" content=\"Dia dos Namorados: Ana Hickmann e Edu Guedes s\u00e3o queridinhos para campanhas - Transam\u00e9rica Mococa 93,3\" \/>\n<meta property=\"og:description\" content=\"Por Maria Fernanda Viana O casal formado por Ana Hickmann e Edu Guedes, assumido desde mar\u00e7o, s\u00e3o os favoritos para as campanhas de publicidade para o Dia dos Namorados deste ano. O fato \u00e9 que ambos j\u00e1 foram vistos juntos em eventos p\u00fablicos, mas ainda n\u00e3o participaram de nenhuma a\u00e7\u00e3o comercial juntos e analisam todas &hellip;\" \/>\n<meta property=\"og:url\" content=\"https:\/\/transamerica93.com.br\/home\/dia-dos-namorados-ana-hickmann-e-edu-guedes-sao-queridinhos-para-campanhas\/\" \/>\n<meta property=\"og:site_name\" content=\"Transam\u00e9rica Mococa 93,3\" \/>\n<meta property=\"article:publisher\" content=\"https:\/\/www.facebook.com\/transamericamococa\" \/>\n<meta property=\"article:published_time\" content=\"2024-04-30T21:00:11+00:00\" \/>\n<meta property=\"og:image\" content=\"https:\/\/transamerica93.com.br\/home\/wp-content\/uploads\/2024\/04\/imagem-19.jpg\" \/>\n\t<meta property=\"og:image:width\" content=\"800\" \/>\n\t<meta property=\"og:image:height\" content=\"500\" \/>\n\t<meta property=\"og:image:type\" content=\"image\/jpeg\" \/>\n<meta name=\"author\" content=\"Reda\u00e7\u00e3o\" \/>\n<meta name=\"twitter:card\" content=\"summary_large_image\" \/>\n<meta name=\"twitter:creator\" content=\"@transamerica933\" \/>\n<meta name=\"twitter:site\" content=\"@transamerica933\" \/>\n<meta name=\"twitter:label1\" content=\"Escrito por\" \/>\n\t<meta name=\"twitter:data1\" content=\"Reda\u00e7\u00e3o\" \/>\n\t<meta name=\"twitter:label2\" content=\"Est. tempo de leitura\" \/>\n\t<meta name=\"twitter:data2\" content=\"1 minuto\" \/>\n<script type=\"application\/ld+json\" class=\"yoast-schema-graph\">{\"@context\":\"https:\\\/\\\/schema.org\",\"@graph\":[{\"@type\":\"Article\",\"@id\":\"https:\\\/\\\/transamerica93.com.br\\\/home\\\/dia-dos-namorados-ana-hickmann-e-edu-guedes-sao-queridinhos-para-campanhas\\\/#article\",\"isPartOf\":{\"@id\":\"https:\\\/\\\/transamerica93.com.br\\\/home\\\/dia-dos-namorados-ana-hickmann-e-edu-guedes-sao-queridinhos-para-campanhas\\\/\"},\"author\":{\"name\":\"Reda\u00e7\u00e3o\",\"@id\":\"https:\\\/\\\/transamerica93.com.br\\\/home\\\/#\\\/schema\\\/person\\\/7fed7c99c0d4562efa8561bc0f543172\"},\"headline\":\"Dia dos Namorados: Ana Hickmann e Edu Guedes s\u00e3o queridinhos para campanhas\",\"datePublished\":\"2024-04-30T21:00:11+00:00\",\"mainEntityOfPage\":{\"@id\":\"https:\\\/\\\/transamerica93.com.br\\\/home\\\/dia-dos-namorados-ana-hickmann-e-edu-guedes-sao-queridinhos-para-campanhas\\\/\"},\"wordCount\":198,\"publisher\":{\"@id\":\"https:\\\/\\\/transamerica93.com.br\\\/home\\\/#organization\"},\"image\":{\"@id\":\"https:\\\/\\\/transamerica93.com.br\\\/home\\\/dia-dos-namorados-ana-hickmann-e-edu-guedes-sao-queridinhos-para-campanhas\\\/#primaryimage\"},\"thumbnailUrl\":\"https:\\\/\\\/transamerica93.com.br\\\/home\\\/wp-content\\\/uploads\\\/2024\\\/04\\\/imagem-19.jpg\",\"articleSection\":[\"Entretenimento\"],\"inLanguage\":\"pt-BR\"},{\"@type\":\"WebPage\",\"@id\":\"https:\\\/\\\/transamerica93.com.br\\\/home\\\/dia-dos-namorados-ana-hickmann-e-edu-guedes-sao-queridinhos-para-campanhas\\\/\",\"url\":\"https:\\\/\\\/transamerica93.com.br\\\/home\\\/dia-dos-namorados-ana-hickmann-e-edu-guedes-sao-queridinhos-para-campanhas\\\/\",\"name\":\"Dia dos Namorados: Ana Hickmann e Edu Guedes s\u00e3o queridinhos para campanhas - Transam\u00e9rica Mococa 93,3\",\"isPartOf\":{\"@id\":\"https:\\\/\\\/transamerica93.com.br\\\/home\\\/#website\"},\"primaryImageOfPage\":{\"@id\":\"https:\\\/\\\/transamerica93.com.br\\\/home\\\/dia-dos-namorados-ana-hickmann-e-edu-guedes-sao-queridinhos-para-campanhas\\\/#primaryimage\"},\"image\":{\"@id\":\"https:\\\/\\\/transamerica93.com.br\\\/home\\\/dia-dos-namorados-ana-hickmann-e-edu-guedes-sao-queridinhos-para-campanhas\\\/#primaryimage\"},\"thumbnailUrl\":\"https:\\\/\\\/transamerica93.com.br\\\/home\\\/wp-content\\\/uploads\\\/2024\\\/04\\\/imagem-19.jpg\",\"datePublished\":\"2024-04-30T21:00:11+00:00\",\"breadcrumb\":{\"@id\":\"https:\\\/\\\/transamerica93.com.br\\\/home\\\/dia-dos-namorados-ana-hickmann-e-edu-guedes-sao-queridinhos-para-campanhas\\\/#breadcrumb\"},\"inLanguage\":\"pt-BR\",\"potentialAction\":[{\"@type\":\"ReadAction\",\"target\":[\"https:\\\/\\\/transamerica93.com.br\\\/home\\\/dia-dos-namorados-ana-hickmann-e-edu-guedes-sao-queridinhos-para-campanhas\\\/\"]}]},{\"@type\":\"ImageObject\",\"inLanguage\":\"pt-BR\",\"@id\":\"https:\\\/\\\/transamerica93.com.br\\\/home\\\/dia-dos-namorados-ana-hickmann-e-edu-guedes-sao-queridinhos-para-campanhas\\\/#primaryimage\",\"url\":\"https:\\\/\\\/transamerica93.com.br\\\/home\\\/wp-content\\\/uploads\\\/2024\\\/04\\\/imagem-19.jpg\",\"contentUrl\":\"https:\\\/\\\/transamerica93.com.br\\\/home\\\/wp-content\\\/uploads\\\/2024\\\/04\\\/imagem-19.jpg\",\"width\":800,\"height\":500,\"caption\":\"Foto: Instagram\\\/Reprodu\u00e7\u00e3o\"},{\"@type\":\"BreadcrumbList\",\"@id\":\"https:\\\/\\\/transamerica93.com.br\\\/home\\\/dia-dos-namorados-ana-hickmann-e-edu-guedes-sao-queridinhos-para-campanhas\\\/#breadcrumb\",\"itemListElement\":[{\"@type\":\"ListItem\",\"position\":1,\"name\":\"In\u00edcio\",\"item\":\"https:\\\/\\\/transamerica93.com.br\\\/home\\\/\"},{\"@type\":\"ListItem\",\"position\":2,\"name\":\"Dia dos Namorados: Ana Hickmann e Edu Guedes s\u00e3o queridinhos para campanhas\"}]},{\"@type\":\"WebSite\",\"@id\":\"https:\\\/\\\/transamerica93.com.br\\\/home\\\/#website\",\"url\":\"https:\\\/\\\/transamerica93.com.br\\\/home\\\/\",\"name\":\"Transam\u00e9rica Mococa 93,3\",\"description\":\"\",\"publisher\":{\"@id\":\"https:\\\/\\\/transamerica93.com.br\\\/home\\\/#organization\"},\"potentialAction\":[{\"@type\":\"SearchAction\",\"target\":{\"@type\":\"EntryPoint\",\"urlTemplate\":\"https:\\\/\\\/transamerica93.com.br\\\/home\\\/?s={search_term_string}\"},\"query-input\":{\"@type\":\"PropertyValueSpecification\",\"valueRequired\":true,\"valueName\":\"search_term_string\"}}],\"inLanguage\":\"pt-BR\"},{\"@type\":\"Organization\",\"@id\":\"https:\\\/\\\/transamerica93.com.br\\\/home\\\/#organization\",\"name\":\"Transam\u00e9rica Mococa 93,3\",\"url\":\"https:\\\/\\\/transamerica93.com.br\\\/home\\\/\",\"logo\":{\"@type\":\"ImageObject\",\"inLanguage\":\"pt-BR\",\"@id\":\"https:\\\/\\\/transamerica93.com.br\\\/home\\\/#\\\/schema\\\/logo\\\/image\\\/\",\"url\":\"https:\\\/\\\/transamerica93.com.br\\\/home\\\/wp-content\\\/uploads\\\/2023\\\/10\\\/logo2.png\",\"contentUrl\":\"https:\\\/\\\/transamerica93.com.br\\\/home\\\/wp-content\\\/uploads\\\/2023\\\/10\\\/logo2.png\",\"width\":800,\"height\":500,\"caption\":\"Transam\u00e9rica Mococa 93,3\"},\"image\":{\"@id\":\"https:\\\/\\\/transamerica93.com.br\\\/home\\\/#\\\/schema\\\/logo\\\/image\\\/\"},\"sameAs\":[\"https:\\\/\\\/www.facebook.com\\\/transamericamococa\",\"https:\\\/\\\/x.com\\\/transamerica933\",\"https:\\\/\\\/www.instagram.com\\\/transamericamococa\"]},{\"@type\":\"Person\",\"@id\":\"https:\\\/\\\/transamerica93.com.br\\\/home\\\/#\\\/schema\\\/person\\\/7fed7c99c0d4562efa8561bc0f543172\",\"name\":\"Reda\u00e7\u00e3o\",\"image\":{\"@type\":\"ImageObject\",\"inLanguage\":\"pt-BR\",\"@id\":\"https:\\\/\\\/secure.gravatar.com\\\/avatar\\\/1072c6b775fb02ef8506ce967551d95926669a6b7d2c2147b42eea4d7c68395e?s=96&d=mm&r=g\",\"url\":\"https:\\\/\\\/secure.gravatar.com\\\/avatar\\\/1072c6b775fb02ef8506ce967551d95926669a6b7d2c2147b42eea4d7c68395e?s=96&d=mm&r=g\",\"contentUrl\":\"https:\\\/\\\/secure.gravatar.com\\\/avatar\\\/1072c6b775fb02ef8506ce967551d95926669a6b7d2c2147b42eea4d7c68395e?s=96&d=mm&r=g\",\"caption\":\"Reda\u00e7\u00e3o\"},\"sameAs\":[\"https:\\\/\\\/transamerica93.com.br\\\/home\"],\"url\":\"https:\\\/\\\/transamerica93.com.br\\\/home\\\/author\\\/william\\\/\"}]}<\/script>\n<!-- \/ Yoast SEO plugin. -->","yoast_head_json":{"title":"Dia dos Namorados: Ana Hickmann e Edu Guedes s\u00e3o queridinhos para campanhas - Transam\u00e9rica Mococa 93,3","robots":{"index":"index","follow":"follow","max-snippet":"max-snippet:-1","max-image-preview":"max-image-preview:large","max-video-preview":"max-video-preview:-1"},"canonical":"https:\/\/transamerica93.com.br\/home\/dia-dos-namorados-ana-hickmann-e-edu-guedes-sao-queridinhos-para-campanhas\/","og_locale":"pt_BR","og_type":"article","og_title":"Dia dos Namorados: Ana Hickmann e Edu Guedes s\u00e3o queridinhos para campanhas - Transam\u00e9rica Mococa 93,3","og_description":"Por Maria Fernanda Viana O casal formado por Ana Hickmann e Edu Guedes, assumido desde mar\u00e7o, s\u00e3o os favoritos para as campanhas de publicidade para o Dia dos Namorados deste ano. O fato \u00e9 que ambos j\u00e1 foram vistos juntos em eventos p\u00fablicos, mas ainda n\u00e3o participaram de nenhuma a\u00e7\u00e3o comercial juntos e analisam todas &hellip;","og_url":"https:\/\/transamerica93.com.br\/home\/dia-dos-namorados-ana-hickmann-e-edu-guedes-sao-queridinhos-para-campanhas\/","og_site_name":"Transam\u00e9rica Mococa 93,3","article_publisher":"https:\/\/www.facebook.com\/transamericamococa","article_published_time":"2024-04-30T21:00:11+00:00","og_image":[{"width":800,"height":500,"url":"https:\/\/transamerica93.com.br\/home\/wp-content\/uploads\/2024\/04\/imagem-19.jpg","type":"image\/jpeg"}],"author":"Reda\u00e7\u00e3o","twitter_card":"summary_large_image","twitter_creator":"@transamerica933","twitter_site":"@transamerica933","twitter_misc":{"Escrito por":"Reda\u00e7\u00e3o","Est. tempo de leitura":"1 minuto"},"schema":{"@context":"https:\/\/schema.org","@graph":[{"@type":"Article","@id":"https:\/\/transamerica93.com.br\/home\/dia-dos-namorados-ana-hickmann-e-edu-guedes-sao-queridinhos-para-campanhas\/#article","isPartOf":{"@id":"https:\/\/transamerica93.com.br\/home\/dia-dos-namorados-ana-hickmann-e-edu-guedes-sao-queridinhos-para-campanhas\/"},"author":{"name":"Reda\u00e7\u00e3o","@id":"https:\/\/transamerica93.com.br\/home\/#\/schema\/person\/7fed7c99c0d4562efa8561bc0f543172"},"headline":"Dia dos Namorados: Ana Hickmann e Edu Guedes s\u00e3o queridinhos para campanhas","datePublished":"2024-04-30T21:00:11+00:00","mainEntityOfPage":{"@id":"https:\/\/transamerica93.com.br\/home\/dia-dos-namorados-ana-hickmann-e-edu-guedes-sao-queridinhos-para-campanhas\/"},"wordCount":198,"publisher":{"@id":"https:\/\/transamerica93.com.br\/home\/#organization"},"image":{"@id":"https:\/\/transamerica93.com.br\/home\/dia-dos-namorados-ana-hickmann-e-edu-guedes-sao-queridinhos-para-campanhas\/#primaryimage"},"thumbnailUrl":"https:\/\/transamerica93.com.br\/home\/wp-content\/uploads\/2024\/04\/imagem-19.jpg","articleSection":["Entretenimento"],"inLanguage":"pt-BR"},{"@type":"WebPage","@id":"https:\/\/transamerica93.com.br\/home\/dia-dos-namorados-ana-hickmann-e-edu-guedes-sao-queridinhos-para-campanhas\/","url":"https:\/\/transamerica93.com.br\/home\/dia-dos-namorados-ana-hickmann-e-edu-guedes-sao-queridinhos-para-campanhas\/","name":"Dia dos Namorados: Ana Hickmann e Edu Guedes s\u00e3o queridinhos para campanhas - Transam\u00e9rica Mococa 93,3","isPartOf":{"@id":"https:\/\/transamerica93.com.br\/home\/#website"},"primaryImageOfPage":{"@id":"https:\/\/transamerica93.com.br\/home\/dia-dos-namorados-ana-hickmann-e-edu-guedes-sao-queridinhos-para-campanhas\/#primaryimage"},"image":{"@id":"https:\/\/transamerica93.com.br\/home\/dia-dos-namorados-ana-hickmann-e-edu-guedes-sao-queridinhos-para-campanhas\/#primaryimage"},"thumbnailUrl":"https:\/\/transamerica93.com.br\/home\/wp-content\/uploads\/2024\/04\/imagem-19.jpg","datePublished":"2024-04-30T21:00:11+00:00","breadcrumb":{"@id":"https:\/\/transamerica93.com.br\/home\/dia-dos-namorados-ana-hickmann-e-edu-guedes-sao-queridinhos-para-campanhas\/#breadcrumb"},"inLanguage":"pt-BR","potentialAction":[{"@type":"ReadAction","target":["https:\/\/transamerica93.com.br\/home\/dia-dos-namorados-ana-hickmann-e-edu-guedes-sao-queridinhos-para-campanhas\/"]}]},{"@type":"ImageObject","inLanguage":"pt-BR","@id":"https:\/\/transamerica93.com.br\/home\/dia-dos-namorados-ana-hickmann-e-edu-guedes-sao-queridinhos-para-campanhas\/#primaryimage","url":"https:\/\/transamerica93.com.br\/home\/wp-content\/uploads\/2024\/04\/imagem-19.jpg","contentUrl":"https:\/\/transamerica93.com.br\/home\/wp-content\/uploads\/2024\/04\/imagem-19.jpg","width":800,"height":500,"caption":"Foto: Instagram\/Reprodu\u00e7\u00e3o"},{"@type":"BreadcrumbList","@id":"https:\/\/transamerica93.com.br\/home\/dia-dos-namorados-ana-hickmann-e-edu-guedes-sao-queridinhos-para-campanhas\/#breadcrumb","itemListElement":[{"@type":"ListItem","position":1,"name":"In\u00edcio","item":"https:\/\/transamerica93.com.br\/home\/"},{"@type":"ListItem","position":2,"name":"Dia dos Namorados: Ana Hickmann e Edu Guedes s\u00e3o queridinhos para campanhas"}]},{"@type":"WebSite","@id":"https:\/\/transamerica93.com.br\/home\/#website","url":"https:\/\/transamerica93.com.br\/home\/","name":"Transam\u00e9rica Mococa 93,3","description":"","publisher":{"@id":"https:\/\/transamerica93.com.br\/home\/#organization"},"potentialAction":[{"@type":"SearchAction","target":{"@type":"EntryPoint","urlTemplate":"https:\/\/transamerica93.com.br\/home\/?s={search_term_string}"},"query-input":{"@type":"PropertyValueSpecification","valueRequired":true,"valueName":"search_term_string"}}],"inLanguage":"pt-BR"},{"@type":"Organization","@id":"https:\/\/transamerica93.com.br\/home\/#organization","name":"Transam\u00e9rica Mococa 93,3","url":"https:\/\/transamerica93.com.br\/home\/","logo":{"@type":"ImageObject","inLanguage":"pt-BR","@id":"https:\/\/transamerica93.com.br\/home\/#\/schema\/logo\/image\/","url":"https:\/\/transamerica93.com.br\/home\/wp-content\/uploads\/2023\/10\/logo2.png","contentUrl":"https:\/\/transamerica93.com.br\/home\/wp-content\/uploads\/2023\/10\/logo2.png","width":800,"height":500,"caption":"Transam\u00e9rica Mococa 93,3"},"image":{"@id":"https:\/\/transamerica93.com.br\/home\/#\/schema\/logo\/image\/"},"sameAs":["https:\/\/www.facebook.com\/transamericamococa","https:\/\/x.com\/transamerica933","https:\/\/www.instagram.com\/transamericamococa"]},{"@type":"Person","@id":"https:\/\/transamerica93.com.br\/home\/#\/schema\/person\/7fed7c99c0d4562efa8561bc0f543172","name":"Reda\u00e7\u00e3o","image":{"@type":"ImageObject","inLanguage":"pt-BR","@id":"https:\/\/secure.gravatar.com\/avatar\/1072c6b775fb02ef8506ce967551d95926669a6b7d2c2147b42eea4d7c68395e?s=96&d=mm&r=g","url":"https:\/\/secure.gravatar.com\/avatar\/1072c6b775fb02ef8506ce967551d95926669a6b7d2c2147b42eea4d7c68395e?s=96&d=mm&r=g","contentUrl":"https:\/\/secure.gravatar.com\/avatar\/1072c6b775fb02ef8506ce967551d95926669a6b7d2c2147b42eea4d7c68395e?s=96&d=mm&r=g","caption":"Reda\u00e7\u00e3o"},"sameAs":["https:\/\/transamerica93.com.br\/home"],"url":"https:\/\/transamerica93.com.br\/home\/author\/william\/"}]}},"_links":{"self":[{"href":"https:\/\/transamerica93.com.br\/home\/wp-json\/wp\/v2\/posts\/2989","targetHints":{"allow":["GET"]}}],"collection":[{"href":"https:\/\/transamerica93.com.br\/home\/wp-json\/wp\/v2\/posts"}],"about":[{"href":"https:\/\/transamerica93.com.br\/home\/wp-json\/wp\/v2\/types\/post"}],"author":[{"embeddable":true,"href":"https:\/\/transamerica93.com.br\/home\/wp-json\/wp\/v2\/users\/1"}],"replies":[{"embeddable":true,"href":"https:\/\/transamerica93.com.br\/home\/wp-json\/wp\/v2\/comments?post=2989"}],"version-history":[{"count":1,"href":"https:\/\/transamerica93.com.br\/home\/wp-json\/wp\/v2\/posts\/2989\/revisions"}],"predecessor-version":[{"id":2991,"href":"https:\/\/transamerica93.com.br\/home\/wp-json\/wp\/v2\/posts\/2989\/revisions\/2991"}],"wp:featuredmedia":[{"embeddable":true,"href":"https:\/\/transamerica93.com.br\/home\/wp-json\/wp\/v2\/media\/2990"}],"wp:attachment":[{"href":"https:\/\/transamerica93.com.br\/home\/wp-json\/wp\/v2\/media?parent=2989"}],"wp:term":[{"taxonomy":"category","embeddable":true,"href":"https:\/\/transamerica93.com.br\/home\/wp-json\/wp\/v2\/categories?post=2989"},{"taxonomy":"post_tag","embeddable":true,"href":"https:\/\/transamerica93.com.br\/home\/wp-json\/wp\/v2\/tags?post=2989"}],"curies":[{"name":"wp","href":"https:\/\/api.w.org\/{rel}","templated":true}]}}