{"id":3005,"date":"2024-05-10T09:00:47","date_gmt":"2024-05-10T12:00:47","guid":{"rendered":"https:\/\/transamerica93.com.br\/home\/?p=3005"},"modified":"2024-05-08T19:51:39","modified_gmt":"2024-05-08T22:51:39","slug":"edital-do-bndes-leva-banda-larga-a-14-mil-escolas-publicas","status":"publish","type":"post","link":"https:\/\/transamerica93.com.br\/home\/edital-do-bndes-leva-banda-larga-a-14-mil-escolas-publicas\/","title":{"rendered":"Edital do BNDES leva banda larga a 1,4 mil escolas p\u00fablicas"},"content":{"rendered":"<div class=\"post-item-wrap\">\n<p>O Banco Nacional de Desenvolvimento Econ\u00f4mico e Social (BNDES) lan\u00e7ou nesta quarta-feira (8), no Minist\u00e9rio das Comunica\u00e7\u00f5es, em Bras\u00edlia, edital para o programa\u00a0<a href=\"https:\/\/www.bndes.gov.br\/wps\/portal\/site\/home\/onde-atuamos\/educacao\/!ut\/p\/z1\/fY4xD4IwEIV3fgVLR3LFIMzEAWNMDIuBLuRsG61CC7QYf76FoG4u9y7v3vdywIIwDAKovPhlHR8FpvGpruiU0dhCBTVLm6wsdvs8iY_FOdvStEiK3amMY0o3cFjAHz83_CeqlVjjX4Fa3YeB5cC40U6-HFQXLaRtlLZOuYkvHxF6M50k1PhThG7CzlhCpZg4cjQLQGiPI5ejQhtJoRyqOWG5ab3huyV3KNBC_2D1G4j8fIs!\/\" target=\"_blank\" rel=\"noopener\">BNDES FUST \u2013 Escolas Conectadas<\/a>, no valor de R$ 66 milh\u00f5es em recursos n\u00e3o reembols\u00e1veis provenientes do Fundo de Universaliza\u00e7\u00e3o dos Servi\u00e7os de Telecomunica\u00e7\u00f5es (FUST).<\/p>\n<p>O objetivo \u00e9 conectar 1.396 escolas p\u00fablicas localizadas nas regi\u00f5es Norte (76%) e Nordeste (24%), divididas em tr\u00eas lotes: cerca de 529 escolas situadas nos estados do Amap\u00e1 e do Par\u00e1, 526\u00a0 no Acre e no Amazonas e 341 na Bahia, no Maranh\u00e3o e na Para\u00edba. A expectativa \u00e9 que cerca de 500 mil alunos sejam beneficiados.<\/p>\n<p>Ao lan\u00e7ar a chamada p\u00fablica, o presidente do BNDES, Aloizio Mercadante, destacou a import\u00e2ncia da iniciativa para a estrat\u00e9gia de universaliza\u00e7\u00e3o do acesso \u00e0 internet nas escolas e para a inclus\u00e3o e a transforma\u00e7\u00e3o digital no Norte e no Nordeste, regi\u00f5es que t\u00eam os menores \u00edndices de conectividade nas escolas.<\/p>\n<p>&#8220;N\u00e3o tem mais como pensar o mundo da educa\u00e7\u00e3o sem a educa\u00e7\u00e3o digital, sem inclus\u00e3o digital. A pandemia mostrou a import\u00e2ncia da conectividade na vida das pessoas. E n\u00f3s vimos que um ter\u00e7o das crian\u00e7as e dos jovens n\u00e3o tiveram est\u00edmulo educacional durante mais de um ano e perderam um tempo precioso&#8221;, afirmou.<\/p>\n<p>O edital prev\u00ea a contrata\u00e7\u00e3o das propostas divididas nas modalidades de implementa\u00e7\u00e3o &#8211; solu\u00e7\u00e3o completa de infraestrutura de conectividade nas escolas e servi\u00e7o de conex\u00e3o e manuten\u00e7\u00e3o por 24 meses; e de\u00a0monitoramento, com o desenvolvimento de plataforma para acompanhamento remoto da velocidade e qualidade da conex\u00e3o contratada e do funcionamento da rede interna das escolas, com elabora\u00e7\u00e3o de relat\u00f3rios peri\u00f3dicos para o BNDES.<\/p>\n<p>Os proponentes da modalidade de implementa\u00e7\u00e3o dever\u00e3o ser empresas prestadoras de servi\u00e7os de telecomunica\u00e7\u00f5es que poder\u00e3o concorrer nos tr\u00eas lotes. Esses lotes totalizar\u00e3o contratos no valor de at\u00e9 R$ 63 milh\u00f5es em recursos n\u00e3o reembols\u00e1veis. No caso da modalidade de monitoramento, o valor do contrato previsto no edital \u00e9 de at\u00e9 R$ 3 milh\u00f5es, e entidades sem fins lucrativos dever ser os proponentes.<\/p>\n<p>O crit\u00e9rio de sele\u00e7\u00e3o ser\u00e1 o menor pre\u00e7o e, o prazo de execu\u00e7\u00e3o, 36 meses. O per\u00edodo de inscri\u00e7\u00f5es vai at\u00e9 o dia 31 deste m\u00eas, e o resultado final, passado o per\u00edodo de interposi\u00e7\u00e3o de recursos, ser\u00e1 divulgado no dia 1\u00ba de julho.<\/p>\n<\/div>\n<p class=\"alt-font font-italic my-2 small text-info\">Edi\u00e7\u00e3o: N\u00e1dia Franco<\/p>\n","protected":false},"excerpt":{"rendered":"<p>O Banco Nacional de Desenvolvimento Econ\u00f4mico e Social (BNDES) lan\u00e7ou nesta quarta-feira (8), no Minist\u00e9rio das Comunica\u00e7\u00f5es, em Bras\u00edlia, edital para o programa\u00a0BNDES FUST \u2013 Escolas Conectadas, no valor de R$ 66 milh\u00f5es em recursos n\u00e3o reembols\u00e1veis provenientes do Fundo de Universaliza\u00e7\u00e3o dos Servi\u00e7os de Telecomunica\u00e7\u00f5es (FUST). O objetivo \u00e9 conectar 1.396 escolas p\u00fablicas localizadas &hellip;<\/p>\n","protected":false},"author":1,"featured_media":3002,"comment_status":"closed","ping_status":"closed","sticky":false,"template":"","format":"standard","meta":{"footnotes":""},"categories":[30],"tags":[],"class_list":["post-3005","post","type-post","status-publish","format-standard","has-post-thumbnail","hentry","category-geral"],"yoast_head":"<!-- This site is optimized with the Yoast SEO plugin v27.4 - https:\/\/yoast.com\/product\/yoast-seo-wordpress\/ -->\n<title>Edital do BNDES leva banda larga a 1,4 mil escolas p\u00fablicas - Transam\u00e9rica Mococa 93,3<\/title>\n<meta name=\"robots\" content=\"index, follow, max-snippet:-1, max-image-preview:large, max-video-preview:-1\" \/>\n<link rel=\"canonical\" href=\"https:\/\/transamerica93.com.br\/home\/edital-do-bndes-leva-banda-larga-a-14-mil-escolas-publicas\/\" \/>\n<meta property=\"og:locale\" content=\"pt_BR\" \/>\n<meta property=\"og:type\" content=\"article\" \/>\n<meta property=\"og:title\" content=\"Edital do BNDES leva banda larga a 1,4 mil escolas p\u00fablicas - Transam\u00e9rica Mococa 93,3\" \/>\n<meta property=\"og:description\" content=\"O Banco Nacional de Desenvolvimento Econ\u00f4mico e Social (BNDES) lan\u00e7ou nesta quarta-feira (8), no Minist\u00e9rio das Comunica\u00e7\u00f5es, em Bras\u00edlia, edital para o programa\u00a0BNDES FUST \u2013 Escolas Conectadas, no valor de R$ 66 milh\u00f5es em recursos n\u00e3o reembols\u00e1veis provenientes do Fundo de Universaliza\u00e7\u00e3o dos Servi\u00e7os de Telecomunica\u00e7\u00f5es (FUST). O objetivo \u00e9 conectar 1.396 escolas p\u00fablicas localizadas &hellip;\" \/>\n<meta property=\"og:url\" content=\"https:\/\/transamerica93.com.br\/home\/edital-do-bndes-leva-banda-larga-a-14-mil-escolas-publicas\/\" \/>\n<meta property=\"og:site_name\" content=\"Transam\u00e9rica Mococa 93,3\" \/>\n<meta property=\"article:publisher\" content=\"https:\/\/www.facebook.com\/transamericamococa\" \/>\n<meta property=\"article:published_time\" content=\"2024-05-10T12:00:47+00:00\" \/>\n<meta property=\"og:image\" content=\"https:\/\/transamerica93.com.br\/home\/wp-content\/uploads\/2024\/05\/imagem2.jpg\" \/>\n\t<meta property=\"og:image:width\" content=\"1170\" \/>\n\t<meta property=\"og:image:height\" content=\"700\" \/>\n\t<meta property=\"og:image:type\" content=\"image\/jpeg\" \/>\n<meta name=\"author\" content=\"Reda\u00e7\u00e3o\" \/>\n<meta name=\"twitter:card\" content=\"summary_large_image\" \/>\n<meta name=\"twitter:creator\" content=\"@transamerica933\" \/>\n<meta name=\"twitter:site\" content=\"@transamerica933\" \/>\n<meta name=\"twitter:label1\" content=\"Escrito por\" \/>\n\t<meta name=\"twitter:data1\" content=\"Reda\u00e7\u00e3o\" \/>\n\t<meta name=\"twitter:label2\" content=\"Est. tempo de leitura\" \/>\n\t<meta name=\"twitter:data2\" content=\"3 minutos\" \/>\n<script type=\"application\/ld+json\" class=\"yoast-schema-graph\">{\"@context\":\"https:\\\/\\\/schema.org\",\"@graph\":[{\"@type\":\"Article\",\"@id\":\"https:\\\/\\\/transamerica93.com.br\\\/home\\\/edital-do-bndes-leva-banda-larga-a-14-mil-escolas-publicas\\\/#article\",\"isPartOf\":{\"@id\":\"https:\\\/\\\/transamerica93.com.br\\\/home\\\/edital-do-bndes-leva-banda-larga-a-14-mil-escolas-publicas\\\/\"},\"author\":{\"name\":\"Reda\u00e7\u00e3o\",\"@id\":\"https:\\\/\\\/transamerica93.com.br\\\/home\\\/#\\\/schema\\\/person\\\/7fed7c99c0d4562efa8561bc0f543172\"},\"headline\":\"Edital do BNDES leva banda larga a 1,4 mil escolas p\u00fablicas\",\"datePublished\":\"2024-05-10T12:00:47+00:00\",\"mainEntityOfPage\":{\"@id\":\"https:\\\/\\\/transamerica93.com.br\\\/home\\\/edital-do-bndes-leva-banda-larga-a-14-mil-escolas-publicas\\\/\"},\"wordCount\":440,\"publisher\":{\"@id\":\"https:\\\/\\\/transamerica93.com.br\\\/home\\\/#organization\"},\"image\":{\"@id\":\"https:\\\/\\\/transamerica93.com.br\\\/home\\\/edital-do-bndes-leva-banda-larga-a-14-mil-escolas-publicas\\\/#primaryimage\"},\"thumbnailUrl\":\"https:\\\/\\\/transamerica93.com.br\\\/home\\\/wp-content\\\/uploads\\\/2024\\\/05\\\/imagem2.jpg\",\"articleSection\":[\"Geral\"],\"inLanguage\":\"pt-BR\"},{\"@type\":\"WebPage\",\"@id\":\"https:\\\/\\\/transamerica93.com.br\\\/home\\\/edital-do-bndes-leva-banda-larga-a-14-mil-escolas-publicas\\\/\",\"url\":\"https:\\\/\\\/transamerica93.com.br\\\/home\\\/edital-do-bndes-leva-banda-larga-a-14-mil-escolas-publicas\\\/\",\"name\":\"Edital do BNDES leva banda larga a 1,4 mil escolas p\u00fablicas - Transam\u00e9rica Mococa 93,3\",\"isPartOf\":{\"@id\":\"https:\\\/\\\/transamerica93.com.br\\\/home\\\/#website\"},\"primaryImageOfPage\":{\"@id\":\"https:\\\/\\\/transamerica93.com.br\\\/home\\\/edital-do-bndes-leva-banda-larga-a-14-mil-escolas-publicas\\\/#primaryimage\"},\"image\":{\"@id\":\"https:\\\/\\\/transamerica93.com.br\\\/home\\\/edital-do-bndes-leva-banda-larga-a-14-mil-escolas-publicas\\\/#primaryimage\"},\"thumbnailUrl\":\"https:\\\/\\\/transamerica93.com.br\\\/home\\\/wp-content\\\/uploads\\\/2024\\\/05\\\/imagem2.jpg\",\"datePublished\":\"2024-05-10T12:00:47+00:00\",\"breadcrumb\":{\"@id\":\"https:\\\/\\\/transamerica93.com.br\\\/home\\\/edital-do-bndes-leva-banda-larga-a-14-mil-escolas-publicas\\\/#breadcrumb\"},\"inLanguage\":\"pt-BR\",\"potentialAction\":[{\"@type\":\"ReadAction\",\"target\":[\"https:\\\/\\\/transamerica93.com.br\\\/home\\\/edital-do-bndes-leva-banda-larga-a-14-mil-escolas-publicas\\\/\"]}]},{\"@type\":\"ImageObject\",\"inLanguage\":\"pt-BR\",\"@id\":\"https:\\\/\\\/transamerica93.com.br\\\/home\\\/edital-do-bndes-leva-banda-larga-a-14-mil-escolas-publicas\\\/#primaryimage\",\"url\":\"https:\\\/\\\/transamerica93.com.br\\\/home\\\/wp-content\\\/uploads\\\/2024\\\/05\\\/imagem2.jpg\",\"contentUrl\":\"https:\\\/\\\/transamerica93.com.br\\\/home\\\/wp-content\\\/uploads\\\/2024\\\/05\\\/imagem2.jpg\",\"width\":1170,\"height\":700,\"caption\":\"\u00a9 Renato Alves\\\/ Ag\u00eancia Bras\u00edlia\"},{\"@type\":\"BreadcrumbList\",\"@id\":\"https:\\\/\\\/transamerica93.com.br\\\/home\\\/edital-do-bndes-leva-banda-larga-a-14-mil-escolas-publicas\\\/#breadcrumb\",\"itemListElement\":[{\"@type\":\"ListItem\",\"position\":1,\"name\":\"In\u00edcio\",\"item\":\"https:\\\/\\\/transamerica93.com.br\\\/home\\\/\"},{\"@type\":\"ListItem\",\"position\":2,\"name\":\"Edital do BNDES leva banda larga a 1,4 mil escolas p\u00fablicas\"}]},{\"@type\":\"WebSite\",\"@id\":\"https:\\\/\\\/transamerica93.com.br\\\/home\\\/#website\",\"url\":\"https:\\\/\\\/transamerica93.com.br\\\/home\\\/\",\"name\":\"Transam\u00e9rica Mococa 93,3\",\"description\":\"\",\"publisher\":{\"@id\":\"https:\\\/\\\/transamerica93.com.br\\\/home\\\/#organization\"},\"potentialAction\":[{\"@type\":\"SearchAction\",\"target\":{\"@type\":\"EntryPoint\",\"urlTemplate\":\"https:\\\/\\\/transamerica93.com.br\\\/home\\\/?s={search_term_string}\"},\"query-input\":{\"@type\":\"PropertyValueSpecification\",\"valueRequired\":true,\"valueName\":\"search_term_string\"}}],\"inLanguage\":\"pt-BR\"},{\"@type\":\"Organization\",\"@id\":\"https:\\\/\\\/transamerica93.com.br\\\/home\\\/#organization\",\"name\":\"Transam\u00e9rica Mococa 93,3\",\"url\":\"https:\\\/\\\/transamerica93.com.br\\\/home\\\/\",\"logo\":{\"@type\":\"ImageObject\",\"inLanguage\":\"pt-BR\",\"@id\":\"https:\\\/\\\/transamerica93.com.br\\\/home\\\/#\\\/schema\\\/logo\\\/image\\\/\",\"url\":\"https:\\\/\\\/transamerica93.com.br\\\/home\\\/wp-content\\\/uploads\\\/2023\\\/10\\\/logo2.png\",\"contentUrl\":\"https:\\\/\\\/transamerica93.com.br\\\/home\\\/wp-content\\\/uploads\\\/2023\\\/10\\\/logo2.png\",\"width\":800,\"height\":500,\"caption\":\"Transam\u00e9rica Mococa 93,3\"},\"image\":{\"@id\":\"https:\\\/\\\/transamerica93.com.br\\\/home\\\/#\\\/schema\\\/logo\\\/image\\\/\"},\"sameAs\":[\"https:\\\/\\\/www.facebook.com\\\/transamericamococa\",\"https:\\\/\\\/x.com\\\/transamerica933\",\"https:\\\/\\\/www.instagram.com\\\/transamericamococa\"]},{\"@type\":\"Person\",\"@id\":\"https:\\\/\\\/transamerica93.com.br\\\/home\\\/#\\\/schema\\\/person\\\/7fed7c99c0d4562efa8561bc0f543172\",\"name\":\"Reda\u00e7\u00e3o\",\"image\":{\"@type\":\"ImageObject\",\"inLanguage\":\"pt-BR\",\"@id\":\"https:\\\/\\\/secure.gravatar.com\\\/avatar\\\/1072c6b775fb02ef8506ce967551d95926669a6b7d2c2147b42eea4d7c68395e?s=96&d=mm&r=g\",\"url\":\"https:\\\/\\\/secure.gravatar.com\\\/avatar\\\/1072c6b775fb02ef8506ce967551d95926669a6b7d2c2147b42eea4d7c68395e?s=96&d=mm&r=g\",\"contentUrl\":\"https:\\\/\\\/secure.gravatar.com\\\/avatar\\\/1072c6b775fb02ef8506ce967551d95926669a6b7d2c2147b42eea4d7c68395e?s=96&d=mm&r=g\",\"caption\":\"Reda\u00e7\u00e3o\"},\"sameAs\":[\"https:\\\/\\\/transamerica93.com.br\\\/home\"],\"url\":\"https:\\\/\\\/transamerica93.com.br\\\/home\\\/author\\\/william\\\/\"}]}<\/script>\n<!-- \/ Yoast SEO plugin. -->","yoast_head_json":{"title":"Edital do BNDES leva banda larga a 1,4 mil escolas p\u00fablicas - Transam\u00e9rica Mococa 93,3","robots":{"index":"index","follow":"follow","max-snippet":"max-snippet:-1","max-image-preview":"max-image-preview:large","max-video-preview":"max-video-preview:-1"},"canonical":"https:\/\/transamerica93.com.br\/home\/edital-do-bndes-leva-banda-larga-a-14-mil-escolas-publicas\/","og_locale":"pt_BR","og_type":"article","og_title":"Edital do BNDES leva banda larga a 1,4 mil escolas p\u00fablicas - Transam\u00e9rica Mococa 93,3","og_description":"O Banco Nacional de Desenvolvimento Econ\u00f4mico e Social (BNDES) lan\u00e7ou nesta quarta-feira (8), no Minist\u00e9rio das Comunica\u00e7\u00f5es, em Bras\u00edlia, edital para o programa\u00a0BNDES FUST \u2013 Escolas Conectadas, no valor de R$ 66 milh\u00f5es em recursos n\u00e3o reembols\u00e1veis provenientes do Fundo de Universaliza\u00e7\u00e3o dos Servi\u00e7os de Telecomunica\u00e7\u00f5es (FUST). O objetivo \u00e9 conectar 1.396 escolas p\u00fablicas localizadas &hellip;","og_url":"https:\/\/transamerica93.com.br\/home\/edital-do-bndes-leva-banda-larga-a-14-mil-escolas-publicas\/","og_site_name":"Transam\u00e9rica Mococa 93,3","article_publisher":"https:\/\/www.facebook.com\/transamericamococa","article_published_time":"2024-05-10T12:00:47+00:00","og_image":[{"width":1170,"height":700,"url":"https:\/\/transamerica93.com.br\/home\/wp-content\/uploads\/2024\/05\/imagem2.jpg","type":"image\/jpeg"}],"author":"Reda\u00e7\u00e3o","twitter_card":"summary_large_image","twitter_creator":"@transamerica933","twitter_site":"@transamerica933","twitter_misc":{"Escrito por":"Reda\u00e7\u00e3o","Est. tempo de leitura":"3 minutos"},"schema":{"@context":"https:\/\/schema.org","@graph":[{"@type":"Article","@id":"https:\/\/transamerica93.com.br\/home\/edital-do-bndes-leva-banda-larga-a-14-mil-escolas-publicas\/#article","isPartOf":{"@id":"https:\/\/transamerica93.com.br\/home\/edital-do-bndes-leva-banda-larga-a-14-mil-escolas-publicas\/"},"author":{"name":"Reda\u00e7\u00e3o","@id":"https:\/\/transamerica93.com.br\/home\/#\/schema\/person\/7fed7c99c0d4562efa8561bc0f543172"},"headline":"Edital do BNDES leva banda larga a 1,4 mil escolas p\u00fablicas","datePublished":"2024-05-10T12:00:47+00:00","mainEntityOfPage":{"@id":"https:\/\/transamerica93.com.br\/home\/edital-do-bndes-leva-banda-larga-a-14-mil-escolas-publicas\/"},"wordCount":440,"publisher":{"@id":"https:\/\/transamerica93.com.br\/home\/#organization"},"image":{"@id":"https:\/\/transamerica93.com.br\/home\/edital-do-bndes-leva-banda-larga-a-14-mil-escolas-publicas\/#primaryimage"},"thumbnailUrl":"https:\/\/transamerica93.com.br\/home\/wp-content\/uploads\/2024\/05\/imagem2.jpg","articleSection":["Geral"],"inLanguage":"pt-BR"},{"@type":"WebPage","@id":"https:\/\/transamerica93.com.br\/home\/edital-do-bndes-leva-banda-larga-a-14-mil-escolas-publicas\/","url":"https:\/\/transamerica93.com.br\/home\/edital-do-bndes-leva-banda-larga-a-14-mil-escolas-publicas\/","name":"Edital do BNDES leva banda larga a 1,4 mil escolas p\u00fablicas - Transam\u00e9rica Mococa 93,3","isPartOf":{"@id":"https:\/\/transamerica93.com.br\/home\/#website"},"primaryImageOfPage":{"@id":"https:\/\/transamerica93.com.br\/home\/edital-do-bndes-leva-banda-larga-a-14-mil-escolas-publicas\/#primaryimage"},"image":{"@id":"https:\/\/transamerica93.com.br\/home\/edital-do-bndes-leva-banda-larga-a-14-mil-escolas-publicas\/#primaryimage"},"thumbnailUrl":"https:\/\/transamerica93.com.br\/home\/wp-content\/uploads\/2024\/05\/imagem2.jpg","datePublished":"2024-05-10T12:00:47+00:00","breadcrumb":{"@id":"https:\/\/transamerica93.com.br\/home\/edital-do-bndes-leva-banda-larga-a-14-mil-escolas-publicas\/#breadcrumb"},"inLanguage":"pt-BR","potentialAction":[{"@type":"ReadAction","target":["https:\/\/transamerica93.com.br\/home\/edital-do-bndes-leva-banda-larga-a-14-mil-escolas-publicas\/"]}]},{"@type":"ImageObject","inLanguage":"pt-BR","@id":"https:\/\/transamerica93.com.br\/home\/edital-do-bndes-leva-banda-larga-a-14-mil-escolas-publicas\/#primaryimage","url":"https:\/\/transamerica93.com.br\/home\/wp-content\/uploads\/2024\/05\/imagem2.jpg","contentUrl":"https:\/\/transamerica93.com.br\/home\/wp-content\/uploads\/2024\/05\/imagem2.jpg","width":1170,"height":700,"caption":"\u00a9 Renato Alves\/ Ag\u00eancia Bras\u00edlia"},{"@type":"BreadcrumbList","@id":"https:\/\/transamerica93.com.br\/home\/edital-do-bndes-leva-banda-larga-a-14-mil-escolas-publicas\/#breadcrumb","itemListElement":[{"@type":"ListItem","position":1,"name":"In\u00edcio","item":"https:\/\/transamerica93.com.br\/home\/"},{"@type":"ListItem","position":2,"name":"Edital do BNDES leva banda larga a 1,4 mil escolas p\u00fablicas"}]},{"@type":"WebSite","@id":"https:\/\/transamerica93.com.br\/home\/#website","url":"https:\/\/transamerica93.com.br\/home\/","name":"Transam\u00e9rica Mococa 93,3","description":"","publisher":{"@id":"https:\/\/transamerica93.com.br\/home\/#organization"},"potentialAction":[{"@type":"SearchAction","target":{"@type":"EntryPoint","urlTemplate":"https:\/\/transamerica93.com.br\/home\/?s={search_term_string}"},"query-input":{"@type":"PropertyValueSpecification","valueRequired":true,"valueName":"search_term_string"}}],"inLanguage":"pt-BR"},{"@type":"Organization","@id":"https:\/\/transamerica93.com.br\/home\/#organization","name":"Transam\u00e9rica Mococa 93,3","url":"https:\/\/transamerica93.com.br\/home\/","logo":{"@type":"ImageObject","inLanguage":"pt-BR","@id":"https:\/\/transamerica93.com.br\/home\/#\/schema\/logo\/image\/","url":"https:\/\/transamerica93.com.br\/home\/wp-content\/uploads\/2023\/10\/logo2.png","contentUrl":"https:\/\/transamerica93.com.br\/home\/wp-content\/uploads\/2023\/10\/logo2.png","width":800,"height":500,"caption":"Transam\u00e9rica Mococa 93,3"},"image":{"@id":"https:\/\/transamerica93.com.br\/home\/#\/schema\/logo\/image\/"},"sameAs":["https:\/\/www.facebook.com\/transamericamococa","https:\/\/x.com\/transamerica933","https:\/\/www.instagram.com\/transamericamococa"]},{"@type":"Person","@id":"https:\/\/transamerica93.com.br\/home\/#\/schema\/person\/7fed7c99c0d4562efa8561bc0f543172","name":"Reda\u00e7\u00e3o","image":{"@type":"ImageObject","inLanguage":"pt-BR","@id":"https:\/\/secure.gravatar.com\/avatar\/1072c6b775fb02ef8506ce967551d95926669a6b7d2c2147b42eea4d7c68395e?s=96&d=mm&r=g","url":"https:\/\/secure.gravatar.com\/avatar\/1072c6b775fb02ef8506ce967551d95926669a6b7d2c2147b42eea4d7c68395e?s=96&d=mm&r=g","contentUrl":"https:\/\/secure.gravatar.com\/avatar\/1072c6b775fb02ef8506ce967551d95926669a6b7d2c2147b42eea4d7c68395e?s=96&d=mm&r=g","caption":"Reda\u00e7\u00e3o"},"sameAs":["https:\/\/transamerica93.com.br\/home"],"url":"https:\/\/transamerica93.com.br\/home\/author\/william\/"}]}},"_links":{"self":[{"href":"https:\/\/transamerica93.com.br\/home\/wp-json\/wp\/v2\/posts\/3005","targetHints":{"allow":["GET"]}}],"collection":[{"href":"https:\/\/transamerica93.com.br\/home\/wp-json\/wp\/v2\/posts"}],"about":[{"href":"https:\/\/transamerica93.com.br\/home\/wp-json\/wp\/v2\/types\/post"}],"author":[{"embeddable":true,"href":"https:\/\/transamerica93.com.br\/home\/wp-json\/wp\/v2\/users\/1"}],"replies":[{"embeddable":true,"href":"https:\/\/transamerica93.com.br\/home\/wp-json\/wp\/v2\/comments?post=3005"}],"version-history":[{"count":1,"href":"https:\/\/transamerica93.com.br\/home\/wp-json\/wp\/v2\/posts\/3005\/revisions"}],"predecessor-version":[{"id":3006,"href":"https:\/\/transamerica93.com.br\/home\/wp-json\/wp\/v2\/posts\/3005\/revisions\/3006"}],"wp:featuredmedia":[{"embeddable":true,"href":"https:\/\/transamerica93.com.br\/home\/wp-json\/wp\/v2\/media\/3002"}],"wp:attachment":[{"href":"https:\/\/transamerica93.com.br\/home\/wp-json\/wp\/v2\/media?parent=3005"}],"wp:term":[{"taxonomy":"category","embeddable":true,"href":"https:\/\/transamerica93.com.br\/home\/wp-json\/wp\/v2\/categories?post=3005"},{"taxonomy":"post_tag","embeddable":true,"href":"https:\/\/transamerica93.com.br\/home\/wp-json\/wp\/v2\/tags?post=3005"}],"curies":[{"name":"wp","href":"https:\/\/api.w.org\/{rel}","templated":true}]}}