{"id":3007,"date":"2024-05-11T09:00:49","date_gmt":"2024-05-11T12:00:49","guid":{"rendered":"https:\/\/transamerica93.com.br\/home\/?p=3007"},"modified":"2024-05-08T19:53:05","modified_gmt":"2024-05-08T22:53:05","slug":"ebc-abre-inscricoes-em-processo-seletivo-para-60-vagas-de-estagio","status":"publish","type":"post","link":"https:\/\/transamerica93.com.br\/home\/ebc-abre-inscricoes-em-processo-seletivo-para-60-vagas-de-estagio\/","title":{"rendered":"EBC abre inscri\u00e7\u00f5es em processo seletivo para 60 vagas de est\u00e1gio"},"content":{"rendered":"<p>A\u00a0<strong>Empresa Brasil de Comunica\u00e7\u00e3o<\/strong>\u00a0(<strong>EBC<\/strong>) abriu inscri\u00e7\u00e3o para o novo programa de est\u00e1gio. As vagas ser\u00e3o para Bras\u00edlia, Rio de Janeiro e S\u00e3o Paulo. Os interessados podem se inscrever at\u00e9 14 de maio.<\/p>\n<p>A sele\u00e7\u00e3o, que ser\u00e1 feita por meio da empresa Capacita\u00e7\u00e3o, Inser\u00e7\u00e3o e Desenvolvimento (Cide), oferece 60 vagas para estudantes de n\u00edvel m\u00e9dio, t\u00e9cnico e superior em diversas \u00e1reas de forma\u00e7\u00e3o, com possibilidade de convoca\u00e7\u00e3o durante o per\u00edodo de um ano, validade do certame.<\/p>\n<p>Estudantes interessados em participar devem acessar o\u00a0<a href=\"https:\/\/adm.ciderh.org.br\/\" target=\"_blank\" rel=\"noopener\"><em>site\u00a0<\/em>da Cide<\/a>, fazer o cadastro e se inscrever para concorrer \u00e0s vagas de est\u00e1gio, de forma gratuita. O candidato deve ter disponibilidade para estagiar durante quatro horas di\u00e1rias, desde que n\u00e3o seja concorrente ao hor\u00e1rio de estudo.<\/p>\n<p>Acesse o regulamento, o cronograma e o quadro de vagas de est\u00e1gio<a href=\"https:\/\/adm.ciderh.org.br\/\" target=\"_blank\" rel=\"noopener\">\u00a0aqui<\/a>.<\/p>\n<h2>Programa<\/h2>\n<p>O programa tem o objetivo de preparar o estudante para aplicar os conhecimentos adquiridos na institui\u00e7\u00e3o de Ensino, em contexto profissional, e enfrentar os desafios da carreira profissional, assimilando teoria e a pr\u00e1tica. A nova Norma de Est\u00e1gio e Jovem Aprendiz da EBC (NOR 319) atualizou os valores das bolsas de est\u00e1gio e manteve o pagamento de aux\u00edlio-transporte e a concess\u00e3o de aux\u00edlio-alimenta\u00e7\u00e3o.<\/p>\n<p>Confira os valores:<\/p>\n<table style=\"width: 115.976%; height: 244px;\" border=\"1\" cellspacing=\"1\" cellpadding=\"1\" align=\"center\">\n<tbody>\n<tr>\n<td class=\"rtecenter\" colspan=\"2\"><strong>BOLSAS<\/strong><\/td>\n<\/tr>\n<tr>\n<td>N\u00edvel m\u00e9dio<\/td>\n<td>R$ 518,37<\/td>\n<\/tr>\n<tr>\n<td>N\u00edvel t\u00e9cnico<\/td>\n<td>R$ 670<\/td>\n<\/tr>\n<tr>\n<td>N\u00edvel superior<\/td>\n<td>R$ 991,99<\/td>\n<\/tr>\n<tr>\n<td>Aux\u00edlio-transporte e alimenta\u00e7\u00e3o<\/td>\n<td>R$ 220 cada<\/td>\n<\/tr>\n<\/tbody>\n<\/table>\n","protected":false},"excerpt":{"rendered":"<p>A\u00a0Empresa Brasil de Comunica\u00e7\u00e3o\u00a0(EBC) abriu inscri\u00e7\u00e3o para o novo programa de est\u00e1gio. As vagas ser\u00e3o para Bras\u00edlia, Rio de Janeiro e S\u00e3o Paulo. Os interessados podem se inscrever at\u00e9 14 de maio. A sele\u00e7\u00e3o, que ser\u00e1 feita por meio da empresa Capacita\u00e7\u00e3o, Inser\u00e7\u00e3o e Desenvolvimento (Cide), oferece 60 vagas para estudantes de n\u00edvel m\u00e9dio, t\u00e9cnico &hellip;<\/p>\n","protected":false},"author":1,"featured_media":3001,"comment_status":"closed","ping_status":"closed","sticky":false,"template":"","format":"standard","meta":{"footnotes":""},"categories":[30],"tags":[],"class_list":["post-3007","post","type-post","status-publish","format-standard","has-post-thumbnail","hentry","category-geral"],"yoast_head":"<!-- This site is optimized with the Yoast SEO plugin v27.4 - https:\/\/yoast.com\/product\/yoast-seo-wordpress\/ -->\n<title>EBC abre inscri\u00e7\u00f5es em processo seletivo para 60 vagas de est\u00e1gio - Transam\u00e9rica Mococa 93,3<\/title>\n<meta name=\"robots\" content=\"index, follow, max-snippet:-1, max-image-preview:large, max-video-preview:-1\" \/>\n<link rel=\"canonical\" href=\"https:\/\/transamerica93.com.br\/home\/ebc-abre-inscricoes-em-processo-seletivo-para-60-vagas-de-estagio\/\" \/>\n<meta property=\"og:locale\" content=\"pt_BR\" \/>\n<meta property=\"og:type\" content=\"article\" \/>\n<meta property=\"og:title\" content=\"EBC abre inscri\u00e7\u00f5es em processo seletivo para 60 vagas de est\u00e1gio - Transam\u00e9rica Mococa 93,3\" \/>\n<meta property=\"og:description\" content=\"A\u00a0Empresa Brasil de Comunica\u00e7\u00e3o\u00a0(EBC) abriu inscri\u00e7\u00e3o para o novo programa de est\u00e1gio. As vagas ser\u00e3o para Bras\u00edlia, Rio de Janeiro e S\u00e3o Paulo. Os interessados podem se inscrever at\u00e9 14 de maio. A sele\u00e7\u00e3o, que ser\u00e1 feita por meio da empresa Capacita\u00e7\u00e3o, Inser\u00e7\u00e3o e Desenvolvimento (Cide), oferece 60 vagas para estudantes de n\u00edvel m\u00e9dio, t\u00e9cnico &hellip;\" \/>\n<meta property=\"og:url\" content=\"https:\/\/transamerica93.com.br\/home\/ebc-abre-inscricoes-em-processo-seletivo-para-60-vagas-de-estagio\/\" \/>\n<meta property=\"og:site_name\" content=\"Transam\u00e9rica Mococa 93,3\" \/>\n<meta property=\"article:publisher\" content=\"https:\/\/www.facebook.com\/transamericamococa\" \/>\n<meta property=\"article:published_time\" content=\"2024-05-11T12:00:49+00:00\" \/>\n<meta property=\"og:image\" content=\"https:\/\/transamerica93.com.br\/home\/wp-content\/uploads\/2024\/05\/imagem1.jpg\" \/>\n\t<meta property=\"og:image:width\" content=\"1170\" \/>\n\t<meta property=\"og:image:height\" content=\"700\" \/>\n\t<meta property=\"og:image:type\" content=\"image\/jpeg\" \/>\n<meta name=\"author\" content=\"Reda\u00e7\u00e3o\" \/>\n<meta name=\"twitter:card\" content=\"summary_large_image\" \/>\n<meta name=\"twitter:creator\" content=\"@transamerica933\" \/>\n<meta name=\"twitter:site\" content=\"@transamerica933\" \/>\n<meta name=\"twitter:label1\" content=\"Escrito por\" \/>\n\t<meta name=\"twitter:data1\" content=\"Reda\u00e7\u00e3o\" \/>\n\t<meta name=\"twitter:label2\" content=\"Est. tempo de leitura\" \/>\n\t<meta name=\"twitter:data2\" content=\"2 minutos\" \/>\n<script type=\"application\/ld+json\" class=\"yoast-schema-graph\">{\"@context\":\"https:\\\/\\\/schema.org\",\"@graph\":[{\"@type\":\"Article\",\"@id\":\"https:\\\/\\\/transamerica93.com.br\\\/home\\\/ebc-abre-inscricoes-em-processo-seletivo-para-60-vagas-de-estagio\\\/#article\",\"isPartOf\":{\"@id\":\"https:\\\/\\\/transamerica93.com.br\\\/home\\\/ebc-abre-inscricoes-em-processo-seletivo-para-60-vagas-de-estagio\\\/\"},\"author\":{\"name\":\"Reda\u00e7\u00e3o\",\"@id\":\"https:\\\/\\\/transamerica93.com.br\\\/home\\\/#\\\/schema\\\/person\\\/7fed7c99c0d4562efa8561bc0f543172\"},\"headline\":\"EBC abre inscri\u00e7\u00f5es em processo seletivo para 60 vagas de est\u00e1gio\",\"datePublished\":\"2024-05-11T12:00:49+00:00\",\"mainEntityOfPage\":{\"@id\":\"https:\\\/\\\/transamerica93.com.br\\\/home\\\/ebc-abre-inscricoes-em-processo-seletivo-para-60-vagas-de-estagio\\\/\"},\"wordCount\":261,\"publisher\":{\"@id\":\"https:\\\/\\\/transamerica93.com.br\\\/home\\\/#organization\"},\"image\":{\"@id\":\"https:\\\/\\\/transamerica93.com.br\\\/home\\\/ebc-abre-inscricoes-em-processo-seletivo-para-60-vagas-de-estagio\\\/#primaryimage\"},\"thumbnailUrl\":\"https:\\\/\\\/transamerica93.com.br\\\/home\\\/wp-content\\\/uploads\\\/2024\\\/05\\\/imagem1.jpg\",\"articleSection\":[\"Geral\"],\"inLanguage\":\"pt-BR\"},{\"@type\":\"WebPage\",\"@id\":\"https:\\\/\\\/transamerica93.com.br\\\/home\\\/ebc-abre-inscricoes-em-processo-seletivo-para-60-vagas-de-estagio\\\/\",\"url\":\"https:\\\/\\\/transamerica93.com.br\\\/home\\\/ebc-abre-inscricoes-em-processo-seletivo-para-60-vagas-de-estagio\\\/\",\"name\":\"EBC abre inscri\u00e7\u00f5es em processo seletivo para 60 vagas de est\u00e1gio - Transam\u00e9rica Mococa 93,3\",\"isPartOf\":{\"@id\":\"https:\\\/\\\/transamerica93.com.br\\\/home\\\/#website\"},\"primaryImageOfPage\":{\"@id\":\"https:\\\/\\\/transamerica93.com.br\\\/home\\\/ebc-abre-inscricoes-em-processo-seletivo-para-60-vagas-de-estagio\\\/#primaryimage\"},\"image\":{\"@id\":\"https:\\\/\\\/transamerica93.com.br\\\/home\\\/ebc-abre-inscricoes-em-processo-seletivo-para-60-vagas-de-estagio\\\/#primaryimage\"},\"thumbnailUrl\":\"https:\\\/\\\/transamerica93.com.br\\\/home\\\/wp-content\\\/uploads\\\/2024\\\/05\\\/imagem1.jpg\",\"datePublished\":\"2024-05-11T12:00:49+00:00\",\"breadcrumb\":{\"@id\":\"https:\\\/\\\/transamerica93.com.br\\\/home\\\/ebc-abre-inscricoes-em-processo-seletivo-para-60-vagas-de-estagio\\\/#breadcrumb\"},\"inLanguage\":\"pt-BR\",\"potentialAction\":[{\"@type\":\"ReadAction\",\"target\":[\"https:\\\/\\\/transamerica93.com.br\\\/home\\\/ebc-abre-inscricoes-em-processo-seletivo-para-60-vagas-de-estagio\\\/\"]}]},{\"@type\":\"ImageObject\",\"inLanguage\":\"pt-BR\",\"@id\":\"https:\\\/\\\/transamerica93.com.br\\\/home\\\/ebc-abre-inscricoes-em-processo-seletivo-para-60-vagas-de-estagio\\\/#primaryimage\",\"url\":\"https:\\\/\\\/transamerica93.com.br\\\/home\\\/wp-content\\\/uploads\\\/2024\\\/05\\\/imagem1.jpg\",\"contentUrl\":\"https:\\\/\\\/transamerica93.com.br\\\/home\\\/wp-content\\\/uploads\\\/2024\\\/05\\\/imagem1.jpg\",\"width\":1170,\"height\":700,\"caption\":\"\u00a9 Rafa Neddermeyer\\\/Ag\u00eancia Brasil\"},{\"@type\":\"BreadcrumbList\",\"@id\":\"https:\\\/\\\/transamerica93.com.br\\\/home\\\/ebc-abre-inscricoes-em-processo-seletivo-para-60-vagas-de-estagio\\\/#breadcrumb\",\"itemListElement\":[{\"@type\":\"ListItem\",\"position\":1,\"name\":\"In\u00edcio\",\"item\":\"https:\\\/\\\/transamerica93.com.br\\\/home\\\/\"},{\"@type\":\"ListItem\",\"position\":2,\"name\":\"EBC abre inscri\u00e7\u00f5es em processo seletivo para 60 vagas de est\u00e1gio\"}]},{\"@type\":\"WebSite\",\"@id\":\"https:\\\/\\\/transamerica93.com.br\\\/home\\\/#website\",\"url\":\"https:\\\/\\\/transamerica93.com.br\\\/home\\\/\",\"name\":\"Transam\u00e9rica Mococa 93,3\",\"description\":\"\",\"publisher\":{\"@id\":\"https:\\\/\\\/transamerica93.com.br\\\/home\\\/#organization\"},\"potentialAction\":[{\"@type\":\"SearchAction\",\"target\":{\"@type\":\"EntryPoint\",\"urlTemplate\":\"https:\\\/\\\/transamerica93.com.br\\\/home\\\/?s={search_term_string}\"},\"query-input\":{\"@type\":\"PropertyValueSpecification\",\"valueRequired\":true,\"valueName\":\"search_term_string\"}}],\"inLanguage\":\"pt-BR\"},{\"@type\":\"Organization\",\"@id\":\"https:\\\/\\\/transamerica93.com.br\\\/home\\\/#organization\",\"name\":\"Transam\u00e9rica Mococa 93,3\",\"url\":\"https:\\\/\\\/transamerica93.com.br\\\/home\\\/\",\"logo\":{\"@type\":\"ImageObject\",\"inLanguage\":\"pt-BR\",\"@id\":\"https:\\\/\\\/transamerica93.com.br\\\/home\\\/#\\\/schema\\\/logo\\\/image\\\/\",\"url\":\"https:\\\/\\\/transamerica93.com.br\\\/home\\\/wp-content\\\/uploads\\\/2023\\\/10\\\/logo2.png\",\"contentUrl\":\"https:\\\/\\\/transamerica93.com.br\\\/home\\\/wp-content\\\/uploads\\\/2023\\\/10\\\/logo2.png\",\"width\":800,\"height\":500,\"caption\":\"Transam\u00e9rica Mococa 93,3\"},\"image\":{\"@id\":\"https:\\\/\\\/transamerica93.com.br\\\/home\\\/#\\\/schema\\\/logo\\\/image\\\/\"},\"sameAs\":[\"https:\\\/\\\/www.facebook.com\\\/transamericamococa\",\"https:\\\/\\\/x.com\\\/transamerica933\",\"https:\\\/\\\/www.instagram.com\\\/transamericamococa\"]},{\"@type\":\"Person\",\"@id\":\"https:\\\/\\\/transamerica93.com.br\\\/home\\\/#\\\/schema\\\/person\\\/7fed7c99c0d4562efa8561bc0f543172\",\"name\":\"Reda\u00e7\u00e3o\",\"image\":{\"@type\":\"ImageObject\",\"inLanguage\":\"pt-BR\",\"@id\":\"https:\\\/\\\/secure.gravatar.com\\\/avatar\\\/1072c6b775fb02ef8506ce967551d95926669a6b7d2c2147b42eea4d7c68395e?s=96&d=mm&r=g\",\"url\":\"https:\\\/\\\/secure.gravatar.com\\\/avatar\\\/1072c6b775fb02ef8506ce967551d95926669a6b7d2c2147b42eea4d7c68395e?s=96&d=mm&r=g\",\"contentUrl\":\"https:\\\/\\\/secure.gravatar.com\\\/avatar\\\/1072c6b775fb02ef8506ce967551d95926669a6b7d2c2147b42eea4d7c68395e?s=96&d=mm&r=g\",\"caption\":\"Reda\u00e7\u00e3o\"},\"sameAs\":[\"https:\\\/\\\/transamerica93.com.br\\\/home\"],\"url\":\"https:\\\/\\\/transamerica93.com.br\\\/home\\\/author\\\/william\\\/\"}]}<\/script>\n<!-- \/ Yoast SEO plugin. -->","yoast_head_json":{"title":"EBC abre inscri\u00e7\u00f5es em processo seletivo para 60 vagas de est\u00e1gio - Transam\u00e9rica Mococa 93,3","robots":{"index":"index","follow":"follow","max-snippet":"max-snippet:-1","max-image-preview":"max-image-preview:large","max-video-preview":"max-video-preview:-1"},"canonical":"https:\/\/transamerica93.com.br\/home\/ebc-abre-inscricoes-em-processo-seletivo-para-60-vagas-de-estagio\/","og_locale":"pt_BR","og_type":"article","og_title":"EBC abre inscri\u00e7\u00f5es em processo seletivo para 60 vagas de est\u00e1gio - Transam\u00e9rica Mococa 93,3","og_description":"A\u00a0Empresa Brasil de Comunica\u00e7\u00e3o\u00a0(EBC) abriu inscri\u00e7\u00e3o para o novo programa de est\u00e1gio. As vagas ser\u00e3o para Bras\u00edlia, Rio de Janeiro e S\u00e3o Paulo. Os interessados podem se inscrever at\u00e9 14 de maio. A sele\u00e7\u00e3o, que ser\u00e1 feita por meio da empresa Capacita\u00e7\u00e3o, Inser\u00e7\u00e3o e Desenvolvimento (Cide), oferece 60 vagas para estudantes de n\u00edvel m\u00e9dio, t\u00e9cnico &hellip;","og_url":"https:\/\/transamerica93.com.br\/home\/ebc-abre-inscricoes-em-processo-seletivo-para-60-vagas-de-estagio\/","og_site_name":"Transam\u00e9rica Mococa 93,3","article_publisher":"https:\/\/www.facebook.com\/transamericamococa","article_published_time":"2024-05-11T12:00:49+00:00","og_image":[{"width":1170,"height":700,"url":"https:\/\/transamerica93.com.br\/home\/wp-content\/uploads\/2024\/05\/imagem1.jpg","type":"image\/jpeg"}],"author":"Reda\u00e7\u00e3o","twitter_card":"summary_large_image","twitter_creator":"@transamerica933","twitter_site":"@transamerica933","twitter_misc":{"Escrito por":"Reda\u00e7\u00e3o","Est. tempo de leitura":"2 minutos"},"schema":{"@context":"https:\/\/schema.org","@graph":[{"@type":"Article","@id":"https:\/\/transamerica93.com.br\/home\/ebc-abre-inscricoes-em-processo-seletivo-para-60-vagas-de-estagio\/#article","isPartOf":{"@id":"https:\/\/transamerica93.com.br\/home\/ebc-abre-inscricoes-em-processo-seletivo-para-60-vagas-de-estagio\/"},"author":{"name":"Reda\u00e7\u00e3o","@id":"https:\/\/transamerica93.com.br\/home\/#\/schema\/person\/7fed7c99c0d4562efa8561bc0f543172"},"headline":"EBC abre inscri\u00e7\u00f5es em processo seletivo para 60 vagas de est\u00e1gio","datePublished":"2024-05-11T12:00:49+00:00","mainEntityOfPage":{"@id":"https:\/\/transamerica93.com.br\/home\/ebc-abre-inscricoes-em-processo-seletivo-para-60-vagas-de-estagio\/"},"wordCount":261,"publisher":{"@id":"https:\/\/transamerica93.com.br\/home\/#organization"},"image":{"@id":"https:\/\/transamerica93.com.br\/home\/ebc-abre-inscricoes-em-processo-seletivo-para-60-vagas-de-estagio\/#primaryimage"},"thumbnailUrl":"https:\/\/transamerica93.com.br\/home\/wp-content\/uploads\/2024\/05\/imagem1.jpg","articleSection":["Geral"],"inLanguage":"pt-BR"},{"@type":"WebPage","@id":"https:\/\/transamerica93.com.br\/home\/ebc-abre-inscricoes-em-processo-seletivo-para-60-vagas-de-estagio\/","url":"https:\/\/transamerica93.com.br\/home\/ebc-abre-inscricoes-em-processo-seletivo-para-60-vagas-de-estagio\/","name":"EBC abre inscri\u00e7\u00f5es em processo seletivo para 60 vagas de est\u00e1gio - Transam\u00e9rica Mococa 93,3","isPartOf":{"@id":"https:\/\/transamerica93.com.br\/home\/#website"},"primaryImageOfPage":{"@id":"https:\/\/transamerica93.com.br\/home\/ebc-abre-inscricoes-em-processo-seletivo-para-60-vagas-de-estagio\/#primaryimage"},"image":{"@id":"https:\/\/transamerica93.com.br\/home\/ebc-abre-inscricoes-em-processo-seletivo-para-60-vagas-de-estagio\/#primaryimage"},"thumbnailUrl":"https:\/\/transamerica93.com.br\/home\/wp-content\/uploads\/2024\/05\/imagem1.jpg","datePublished":"2024-05-11T12:00:49+00:00","breadcrumb":{"@id":"https:\/\/transamerica93.com.br\/home\/ebc-abre-inscricoes-em-processo-seletivo-para-60-vagas-de-estagio\/#breadcrumb"},"inLanguage":"pt-BR","potentialAction":[{"@type":"ReadAction","target":["https:\/\/transamerica93.com.br\/home\/ebc-abre-inscricoes-em-processo-seletivo-para-60-vagas-de-estagio\/"]}]},{"@type":"ImageObject","inLanguage":"pt-BR","@id":"https:\/\/transamerica93.com.br\/home\/ebc-abre-inscricoes-em-processo-seletivo-para-60-vagas-de-estagio\/#primaryimage","url":"https:\/\/transamerica93.com.br\/home\/wp-content\/uploads\/2024\/05\/imagem1.jpg","contentUrl":"https:\/\/transamerica93.com.br\/home\/wp-content\/uploads\/2024\/05\/imagem1.jpg","width":1170,"height":700,"caption":"\u00a9 Rafa Neddermeyer\/Ag\u00eancia Brasil"},{"@type":"BreadcrumbList","@id":"https:\/\/transamerica93.com.br\/home\/ebc-abre-inscricoes-em-processo-seletivo-para-60-vagas-de-estagio\/#breadcrumb","itemListElement":[{"@type":"ListItem","position":1,"name":"In\u00edcio","item":"https:\/\/transamerica93.com.br\/home\/"},{"@type":"ListItem","position":2,"name":"EBC abre inscri\u00e7\u00f5es em processo seletivo para 60 vagas de est\u00e1gio"}]},{"@type":"WebSite","@id":"https:\/\/transamerica93.com.br\/home\/#website","url":"https:\/\/transamerica93.com.br\/home\/","name":"Transam\u00e9rica Mococa 93,3","description":"","publisher":{"@id":"https:\/\/transamerica93.com.br\/home\/#organization"},"potentialAction":[{"@type":"SearchAction","target":{"@type":"EntryPoint","urlTemplate":"https:\/\/transamerica93.com.br\/home\/?s={search_term_string}"},"query-input":{"@type":"PropertyValueSpecification","valueRequired":true,"valueName":"search_term_string"}}],"inLanguage":"pt-BR"},{"@type":"Organization","@id":"https:\/\/transamerica93.com.br\/home\/#organization","name":"Transam\u00e9rica Mococa 93,3","url":"https:\/\/transamerica93.com.br\/home\/","logo":{"@type":"ImageObject","inLanguage":"pt-BR","@id":"https:\/\/transamerica93.com.br\/home\/#\/schema\/logo\/image\/","url":"https:\/\/transamerica93.com.br\/home\/wp-content\/uploads\/2023\/10\/logo2.png","contentUrl":"https:\/\/transamerica93.com.br\/home\/wp-content\/uploads\/2023\/10\/logo2.png","width":800,"height":500,"caption":"Transam\u00e9rica Mococa 93,3"},"image":{"@id":"https:\/\/transamerica93.com.br\/home\/#\/schema\/logo\/image\/"},"sameAs":["https:\/\/www.facebook.com\/transamericamococa","https:\/\/x.com\/transamerica933","https:\/\/www.instagram.com\/transamericamococa"]},{"@type":"Person","@id":"https:\/\/transamerica93.com.br\/home\/#\/schema\/person\/7fed7c99c0d4562efa8561bc0f543172","name":"Reda\u00e7\u00e3o","image":{"@type":"ImageObject","inLanguage":"pt-BR","@id":"https:\/\/secure.gravatar.com\/avatar\/1072c6b775fb02ef8506ce967551d95926669a6b7d2c2147b42eea4d7c68395e?s=96&d=mm&r=g","url":"https:\/\/secure.gravatar.com\/avatar\/1072c6b775fb02ef8506ce967551d95926669a6b7d2c2147b42eea4d7c68395e?s=96&d=mm&r=g","contentUrl":"https:\/\/secure.gravatar.com\/avatar\/1072c6b775fb02ef8506ce967551d95926669a6b7d2c2147b42eea4d7c68395e?s=96&d=mm&r=g","caption":"Reda\u00e7\u00e3o"},"sameAs":["https:\/\/transamerica93.com.br\/home"],"url":"https:\/\/transamerica93.com.br\/home\/author\/william\/"}]}},"_links":{"self":[{"href":"https:\/\/transamerica93.com.br\/home\/wp-json\/wp\/v2\/posts\/3007","targetHints":{"allow":["GET"]}}],"collection":[{"href":"https:\/\/transamerica93.com.br\/home\/wp-json\/wp\/v2\/posts"}],"about":[{"href":"https:\/\/transamerica93.com.br\/home\/wp-json\/wp\/v2\/types\/post"}],"author":[{"embeddable":true,"href":"https:\/\/transamerica93.com.br\/home\/wp-json\/wp\/v2\/users\/1"}],"replies":[{"embeddable":true,"href":"https:\/\/transamerica93.com.br\/home\/wp-json\/wp\/v2\/comments?post=3007"}],"version-history":[{"count":1,"href":"https:\/\/transamerica93.com.br\/home\/wp-json\/wp\/v2\/posts\/3007\/revisions"}],"predecessor-version":[{"id":3008,"href":"https:\/\/transamerica93.com.br\/home\/wp-json\/wp\/v2\/posts\/3007\/revisions\/3008"}],"wp:featuredmedia":[{"embeddable":true,"href":"https:\/\/transamerica93.com.br\/home\/wp-json\/wp\/v2\/media\/3001"}],"wp:attachment":[{"href":"https:\/\/transamerica93.com.br\/home\/wp-json\/wp\/v2\/media?parent=3007"}],"wp:term":[{"taxonomy":"category","embeddable":true,"href":"https:\/\/transamerica93.com.br\/home\/wp-json\/wp\/v2\/categories?post=3007"},{"taxonomy":"post_tag","embeddable":true,"href":"https:\/\/transamerica93.com.br\/home\/wp-json\/wp\/v2\/tags?post=3007"}],"curies":[{"name":"wp","href":"https:\/\/api.w.org\/{rel}","templated":true}]}}