{"id":3009,"date":"2024-05-09T12:00:15","date_gmt":"2024-05-09T15:00:15","guid":{"rendered":"https:\/\/transamerica93.com.br\/home\/?p=3009"},"modified":"2024-05-08T19:57:26","modified_gmt":"2024-05-08T22:57:26","slug":"thiago-monteiro-bate-frances-monfils-na-estreia-do-masters-mil-de-roma","status":"publish","type":"post","link":"https:\/\/transamerica93.com.br\/home\/thiago-monteiro-bate-frances-monfils-na-estreia-do-masters-mil-de-roma\/","title":{"rendered":"Thiago Monteiro bate franc\u00eas Monfils na estreia do Masters Mil de Roma"},"content":{"rendered":"<div class=\"post-item-wrap\">\n<p>Primeiro brasileiro a estrear na chave principal do Masters 1000 de Roma, Thiago Monteiro despachou nesta quarta-feira (8) o franc\u00eas Gael Monfils, ex-n\u00famero seis do mundo e atual 38\u00ba, garantindo presen\u00e7a na segunda rodada do torneio. O cearense de 39 anos, em 106\u00ba lugar no ranking, se credenciou \u00e0 estreia ap\u00f3s duas vit\u00f3rias consecutivas na fase qualificat\u00f3ria, a \u00faltima delas contra o franc\u00eas Corentin Moutet (83\u00ba). Monteiro volta \u00e0 quadra na sexta (10) contra o brit\u00e2nico Jordan Thompson (35\u00ba), em hor\u00e1rio ainda a ser definido pelos organizadores.<\/p>\n<blockquote><p>\u201cEssa vit\u00f3ria significa muito pra mim, ainda mais jogando numa quadra t\u00e3o especial como a Pietrangeli que, pra mim, \u00e9 a mais bonita de todo o circuito. Foi minha primeira vez jogando nela e me senti muito bem. Feliz pelo jogo, pela consist\u00eancia apresentada, por ter jogado bem nos momentos importantes e ter aproveitado as chances que criei&#8221;, comemorou\u00a0Monteiro.<\/p><\/blockquote>\n<p>Com o triunfo hoje em Roma, o brasileiro deve ascender ao top 100 na pr\u00f3xima atualiza\u00e7\u00e3o do ranking mundial da Associa\u00e7\u00e3o de Tenistas Profissionais (ATP). Na temporada, \u00a0Monteiro j\u00e1 havia eliminado o grego Stefanos Tsisipas, n\u00famero sete do mundo, na segunda rodada do Masters 1000 de Madri.<\/p>\n<div class=\"dnd-widget-wrapper context-cheio_8colunas type-image\">\n<div class=\"dnd-atom-rendered\">\n<div class=\"shadow overflow-hidden rounded-lg d-block w-100\"><img decoding=\"async\" class=\"flex-fill img-cover lazyload\" title=\"Reprodu\u00e7\u00e3o Twitter\/#MMOPEN\" data-src=\"https:\/\/imagens.ebc.com.br\/BWduxI7esBb5uMfzYNmITTT7FQw=\/754x0\/smart\/https:\/\/agenciabrasil.ebc.com.br\/sites\/default\/files\/thumbnails\/image\/2024\/04\/29\/bia_haddad_avanca_quartas_madri_2024.jpg?itok=R1oUzPTh\" alt=\"Bia Haddad avan\u00e7a \u00e0s quartas de final do Masters Mil de Madri ap\u00f3s derrotar Maria Sakkari, n\u00famero seis do mundo, em 29\/04\/2024 \" src=\"data:image\/svg+xml;base64,PHN2ZyB3aWR0aD0iMSIgaGVpZ2h0PSIxIiB4bWxucz0iaHR0cDovL3d3dy53My5vcmcvMjAwMC9zdmciPjwvc3ZnPg==\" \/><\/div>\n<\/div>\n<div class=\"dnd-caption-wrapper\">\n<div class=\"meta\">A paulistana Bia Haddad, n\u00famero 13 do mundo,\u00a0estreia em Roma \u00e0s 7h20 desta quinta-feira (9) contra a chinesa\u00a0\u00a0Xinyu Wang (20\u00aa no ranking)-\u00a0<strong>Reprodu\u00e7\u00e3o Twitter\/#MMOPEN<\/strong><\/div>\n<\/div>\n<\/div>\n<h2>Estreias desta quinta (9)<\/h2>\n<p>De volta \u00e0 13\u00aa posi\u00e7\u00e3o no ranking mundial, a paulista Beatriz Haddad Maia estreia em Roma, \u00e0s 7h20 (hor\u00e1rio de Bras\u00edlia) desta quinta (9), contra a chinesa Xinyu Wang (20\u00aa).<\/p>\n<p>\u00c0s 8h40, a dupla do mineiro Marcelo Melo com o alem\u00e3o Alexander Zverev disputam a primeira rodada contra a parceria do brit\u00e2nico Neal Shupski com o norte-americano Austin Krajicek.<\/p>\n<p>A \u00faltima estreia do dia ser\u00e1 da dupla do paranaense Thiago Wild com o espanhol Sebastian Baez. A partir das 10h, eles encaram o pol\u00f4nes Hubert Hurkacz em parceria com o holand\u00eas Tallon Griekspoor.<\/p>\n<h2>Sexta (10) tem Luisa Stefani em quadra<\/h2>\n<p>A dupla da paulista Luisa Stefani com a holandesa Demi Shuurs disputa a primeira rodada de Madri contra as parceiras Giuliana Olmos (M\u00e9xico) e Alexandra Panova (R\u00fassia) \u00e0s 6h de sexta (10).<\/p>\n<\/div>\n<p class=\"alt-font font-italic my-2 small text-info\">Edi\u00e7\u00e3o: Cl\u00e1udia Soares Rodrigues<\/p>\n","protected":false},"excerpt":{"rendered":"<p>Primeiro brasileiro a estrear na chave principal do Masters 1000 de Roma, Thiago Monteiro despachou nesta quarta-feira (8) o franc\u00eas Gael Monfils, ex-n\u00famero seis do mundo e atual 38\u00ba, garantindo presen\u00e7a na segunda rodada do torneio. O cearense de 39 anos, em 106\u00ba lugar no ranking, se credenciou \u00e0 estreia ap\u00f3s duas vit\u00f3rias consecutivas na &hellip;<\/p>\n","protected":false},"author":1,"featured_media":3010,"comment_status":"closed","ping_status":"closed","sticky":false,"template":"","format":"standard","meta":{"footnotes":""},"categories":[31],"tags":[],"class_list":["post-3009","post","type-post","status-publish","format-standard","has-post-thumbnail","hentry","category-esportes"],"yoast_head":"<!-- This site is optimized with the Yoast SEO plugin v27.4 - https:\/\/yoast.com\/product\/yoast-seo-wordpress\/ -->\n<title>Thiago Monteiro bate franc\u00eas Monfils na estreia do Masters Mil de Roma - Transam\u00e9rica Mococa 93,3<\/title>\n<meta name=\"robots\" content=\"index, follow, max-snippet:-1, max-image-preview:large, max-video-preview:-1\" \/>\n<link rel=\"canonical\" href=\"https:\/\/transamerica93.com.br\/home\/thiago-monteiro-bate-frances-monfils-na-estreia-do-masters-mil-de-roma\/\" \/>\n<meta property=\"og:locale\" content=\"pt_BR\" \/>\n<meta property=\"og:type\" content=\"article\" \/>\n<meta property=\"og:title\" content=\"Thiago Monteiro bate franc\u00eas Monfils na estreia do Masters Mil de Roma - Transam\u00e9rica Mococa 93,3\" \/>\n<meta property=\"og:description\" content=\"Primeiro brasileiro a estrear na chave principal do Masters 1000 de Roma, Thiago Monteiro despachou nesta quarta-feira (8) o franc\u00eas Gael Monfils, ex-n\u00famero seis do mundo e atual 38\u00ba, garantindo presen\u00e7a na segunda rodada do torneio. O cearense de 39 anos, em 106\u00ba lugar no ranking, se credenciou \u00e0 estreia ap\u00f3s duas vit\u00f3rias consecutivas na &hellip;\" \/>\n<meta property=\"og:url\" content=\"https:\/\/transamerica93.com.br\/home\/thiago-monteiro-bate-frances-monfils-na-estreia-do-masters-mil-de-roma\/\" \/>\n<meta property=\"og:site_name\" content=\"Transam\u00e9rica Mococa 93,3\" \/>\n<meta property=\"article:publisher\" content=\"https:\/\/www.facebook.com\/transamericamococa\" \/>\n<meta property=\"article:published_time\" content=\"2024-05-09T15:00:15+00:00\" \/>\n<meta property=\"og:image\" content=\"https:\/\/transamerica93.com.br\/home\/wp-content\/uploads\/2024\/05\/imagem3-1.jpg\" \/>\n\t<meta property=\"og:image:width\" content=\"1170\" \/>\n\t<meta property=\"og:image:height\" content=\"700\" \/>\n\t<meta property=\"og:image:type\" content=\"image\/jpeg\" \/>\n<meta name=\"author\" content=\"Reda\u00e7\u00e3o\" \/>\n<meta name=\"twitter:card\" content=\"summary_large_image\" \/>\n<meta name=\"twitter:creator\" content=\"@transamerica933\" \/>\n<meta name=\"twitter:site\" content=\"@transamerica933\" \/>\n<meta name=\"twitter:label1\" content=\"Escrito por\" \/>\n\t<meta name=\"twitter:data1\" content=\"Reda\u00e7\u00e3o\" \/>\n\t<meta name=\"twitter:label2\" content=\"Est. tempo de leitura\" \/>\n\t<meta name=\"twitter:data2\" content=\"3 minutos\" \/>\n<script type=\"application\/ld+json\" class=\"yoast-schema-graph\">{\"@context\":\"https:\\\/\\\/schema.org\",\"@graph\":[{\"@type\":\"Article\",\"@id\":\"https:\\\/\\\/transamerica93.com.br\\\/home\\\/thiago-monteiro-bate-frances-monfils-na-estreia-do-masters-mil-de-roma\\\/#article\",\"isPartOf\":{\"@id\":\"https:\\\/\\\/transamerica93.com.br\\\/home\\\/thiago-monteiro-bate-frances-monfils-na-estreia-do-masters-mil-de-roma\\\/\"},\"author\":{\"name\":\"Reda\u00e7\u00e3o\",\"@id\":\"https:\\\/\\\/transamerica93.com.br\\\/home\\\/#\\\/schema\\\/person\\\/7fed7c99c0d4562efa8561bc0f543172\"},\"headline\":\"Thiago Monteiro bate franc\u00eas Monfils na estreia do Masters Mil de Roma\",\"datePublished\":\"2024-05-09T15:00:15+00:00\",\"mainEntityOfPage\":{\"@id\":\"https:\\\/\\\/transamerica93.com.br\\\/home\\\/thiago-monteiro-bate-frances-monfils-na-estreia-do-masters-mil-de-roma\\\/\"},\"wordCount\":381,\"publisher\":{\"@id\":\"https:\\\/\\\/transamerica93.com.br\\\/home\\\/#organization\"},\"image\":{\"@id\":\"https:\\\/\\\/transamerica93.com.br\\\/home\\\/thiago-monteiro-bate-frances-monfils-na-estreia-do-masters-mil-de-roma\\\/#primaryimage\"},\"thumbnailUrl\":\"https:\\\/\\\/transamerica93.com.br\\\/home\\\/wp-content\\\/uploads\\\/2024\\\/05\\\/imagem3-1.jpg\",\"articleSection\":[\"Esportes\"],\"inLanguage\":\"pt-BR\"},{\"@type\":\"WebPage\",\"@id\":\"https:\\\/\\\/transamerica93.com.br\\\/home\\\/thiago-monteiro-bate-frances-monfils-na-estreia-do-masters-mil-de-roma\\\/\",\"url\":\"https:\\\/\\\/transamerica93.com.br\\\/home\\\/thiago-monteiro-bate-frances-monfils-na-estreia-do-masters-mil-de-roma\\\/\",\"name\":\"Thiago Monteiro bate franc\u00eas Monfils na estreia do Masters Mil de Roma - Transam\u00e9rica Mococa 93,3\",\"isPartOf\":{\"@id\":\"https:\\\/\\\/transamerica93.com.br\\\/home\\\/#website\"},\"primaryImageOfPage\":{\"@id\":\"https:\\\/\\\/transamerica93.com.br\\\/home\\\/thiago-monteiro-bate-frances-monfils-na-estreia-do-masters-mil-de-roma\\\/#primaryimage\"},\"image\":{\"@id\":\"https:\\\/\\\/transamerica93.com.br\\\/home\\\/thiago-monteiro-bate-frances-monfils-na-estreia-do-masters-mil-de-roma\\\/#primaryimage\"},\"thumbnailUrl\":\"https:\\\/\\\/transamerica93.com.br\\\/home\\\/wp-content\\\/uploads\\\/2024\\\/05\\\/imagem3-1.jpg\",\"datePublished\":\"2024-05-09T15:00:15+00:00\",\"breadcrumb\":{\"@id\":\"https:\\\/\\\/transamerica93.com.br\\\/home\\\/thiago-monteiro-bate-frances-monfils-na-estreia-do-masters-mil-de-roma\\\/#breadcrumb\"},\"inLanguage\":\"pt-BR\",\"potentialAction\":[{\"@type\":\"ReadAction\",\"target\":[\"https:\\\/\\\/transamerica93.com.br\\\/home\\\/thiago-monteiro-bate-frances-monfils-na-estreia-do-masters-mil-de-roma\\\/\"]}]},{\"@type\":\"ImageObject\",\"inLanguage\":\"pt-BR\",\"@id\":\"https:\\\/\\\/transamerica93.com.br\\\/home\\\/thiago-monteiro-bate-frances-monfils-na-estreia-do-masters-mil-de-roma\\\/#primaryimage\",\"url\":\"https:\\\/\\\/transamerica93.com.br\\\/home\\\/wp-content\\\/uploads\\\/2024\\\/05\\\/imagem3-1.jpg\",\"contentUrl\":\"https:\\\/\\\/transamerica93.com.br\\\/home\\\/wp-content\\\/uploads\\\/2024\\\/05\\\/imagem3-1.jpg\",\"width\":1170,\"height\":700,\"caption\":\"\u00a9 Reprodu\u00e7\u00e3o X\\\/CBT\"},{\"@type\":\"BreadcrumbList\",\"@id\":\"https:\\\/\\\/transamerica93.com.br\\\/home\\\/thiago-monteiro-bate-frances-monfils-na-estreia-do-masters-mil-de-roma\\\/#breadcrumb\",\"itemListElement\":[{\"@type\":\"ListItem\",\"position\":1,\"name\":\"In\u00edcio\",\"item\":\"https:\\\/\\\/transamerica93.com.br\\\/home\\\/\"},{\"@type\":\"ListItem\",\"position\":2,\"name\":\"Thiago Monteiro bate franc\u00eas Monfils na estreia do Masters Mil de Roma\"}]},{\"@type\":\"WebSite\",\"@id\":\"https:\\\/\\\/transamerica93.com.br\\\/home\\\/#website\",\"url\":\"https:\\\/\\\/transamerica93.com.br\\\/home\\\/\",\"name\":\"Transam\u00e9rica Mococa 93,3\",\"description\":\"\",\"publisher\":{\"@id\":\"https:\\\/\\\/transamerica93.com.br\\\/home\\\/#organization\"},\"potentialAction\":[{\"@type\":\"SearchAction\",\"target\":{\"@type\":\"EntryPoint\",\"urlTemplate\":\"https:\\\/\\\/transamerica93.com.br\\\/home\\\/?s={search_term_string}\"},\"query-input\":{\"@type\":\"PropertyValueSpecification\",\"valueRequired\":true,\"valueName\":\"search_term_string\"}}],\"inLanguage\":\"pt-BR\"},{\"@type\":\"Organization\",\"@id\":\"https:\\\/\\\/transamerica93.com.br\\\/home\\\/#organization\",\"name\":\"Transam\u00e9rica Mococa 93,3\",\"url\":\"https:\\\/\\\/transamerica93.com.br\\\/home\\\/\",\"logo\":{\"@type\":\"ImageObject\",\"inLanguage\":\"pt-BR\",\"@id\":\"https:\\\/\\\/transamerica93.com.br\\\/home\\\/#\\\/schema\\\/logo\\\/image\\\/\",\"url\":\"https:\\\/\\\/transamerica93.com.br\\\/home\\\/wp-content\\\/uploads\\\/2023\\\/10\\\/logo2.png\",\"contentUrl\":\"https:\\\/\\\/transamerica93.com.br\\\/home\\\/wp-content\\\/uploads\\\/2023\\\/10\\\/logo2.png\",\"width\":800,\"height\":500,\"caption\":\"Transam\u00e9rica Mococa 93,3\"},\"image\":{\"@id\":\"https:\\\/\\\/transamerica93.com.br\\\/home\\\/#\\\/schema\\\/logo\\\/image\\\/\"},\"sameAs\":[\"https:\\\/\\\/www.facebook.com\\\/transamericamococa\",\"https:\\\/\\\/x.com\\\/transamerica933\",\"https:\\\/\\\/www.instagram.com\\\/transamericamococa\"]},{\"@type\":\"Person\",\"@id\":\"https:\\\/\\\/transamerica93.com.br\\\/home\\\/#\\\/schema\\\/person\\\/7fed7c99c0d4562efa8561bc0f543172\",\"name\":\"Reda\u00e7\u00e3o\",\"image\":{\"@type\":\"ImageObject\",\"inLanguage\":\"pt-BR\",\"@id\":\"https:\\\/\\\/secure.gravatar.com\\\/avatar\\\/1072c6b775fb02ef8506ce967551d95926669a6b7d2c2147b42eea4d7c68395e?s=96&d=mm&r=g\",\"url\":\"https:\\\/\\\/secure.gravatar.com\\\/avatar\\\/1072c6b775fb02ef8506ce967551d95926669a6b7d2c2147b42eea4d7c68395e?s=96&d=mm&r=g\",\"contentUrl\":\"https:\\\/\\\/secure.gravatar.com\\\/avatar\\\/1072c6b775fb02ef8506ce967551d95926669a6b7d2c2147b42eea4d7c68395e?s=96&d=mm&r=g\",\"caption\":\"Reda\u00e7\u00e3o\"},\"sameAs\":[\"https:\\\/\\\/transamerica93.com.br\\\/home\"],\"url\":\"https:\\\/\\\/transamerica93.com.br\\\/home\\\/author\\\/william\\\/\"}]}<\/script>\n<!-- \/ Yoast SEO plugin. -->","yoast_head_json":{"title":"Thiago Monteiro bate franc\u00eas Monfils na estreia do Masters Mil de Roma - Transam\u00e9rica Mococa 93,3","robots":{"index":"index","follow":"follow","max-snippet":"max-snippet:-1","max-image-preview":"max-image-preview:large","max-video-preview":"max-video-preview:-1"},"canonical":"https:\/\/transamerica93.com.br\/home\/thiago-monteiro-bate-frances-monfils-na-estreia-do-masters-mil-de-roma\/","og_locale":"pt_BR","og_type":"article","og_title":"Thiago Monteiro bate franc\u00eas Monfils na estreia do Masters Mil de Roma - Transam\u00e9rica Mococa 93,3","og_description":"Primeiro brasileiro a estrear na chave principal do Masters 1000 de Roma, Thiago Monteiro despachou nesta quarta-feira (8) o franc\u00eas Gael Monfils, ex-n\u00famero seis do mundo e atual 38\u00ba, garantindo presen\u00e7a na segunda rodada do torneio. O cearense de 39 anos, em 106\u00ba lugar no ranking, se credenciou \u00e0 estreia ap\u00f3s duas vit\u00f3rias consecutivas na &hellip;","og_url":"https:\/\/transamerica93.com.br\/home\/thiago-monteiro-bate-frances-monfils-na-estreia-do-masters-mil-de-roma\/","og_site_name":"Transam\u00e9rica Mococa 93,3","article_publisher":"https:\/\/www.facebook.com\/transamericamococa","article_published_time":"2024-05-09T15:00:15+00:00","og_image":[{"width":1170,"height":700,"url":"https:\/\/transamerica93.com.br\/home\/wp-content\/uploads\/2024\/05\/imagem3-1.jpg","type":"image\/jpeg"}],"author":"Reda\u00e7\u00e3o","twitter_card":"summary_large_image","twitter_creator":"@transamerica933","twitter_site":"@transamerica933","twitter_misc":{"Escrito por":"Reda\u00e7\u00e3o","Est. tempo de leitura":"3 minutos"},"schema":{"@context":"https:\/\/schema.org","@graph":[{"@type":"Article","@id":"https:\/\/transamerica93.com.br\/home\/thiago-monteiro-bate-frances-monfils-na-estreia-do-masters-mil-de-roma\/#article","isPartOf":{"@id":"https:\/\/transamerica93.com.br\/home\/thiago-monteiro-bate-frances-monfils-na-estreia-do-masters-mil-de-roma\/"},"author":{"name":"Reda\u00e7\u00e3o","@id":"https:\/\/transamerica93.com.br\/home\/#\/schema\/person\/7fed7c99c0d4562efa8561bc0f543172"},"headline":"Thiago Monteiro bate franc\u00eas Monfils na estreia do Masters Mil de Roma","datePublished":"2024-05-09T15:00:15+00:00","mainEntityOfPage":{"@id":"https:\/\/transamerica93.com.br\/home\/thiago-monteiro-bate-frances-monfils-na-estreia-do-masters-mil-de-roma\/"},"wordCount":381,"publisher":{"@id":"https:\/\/transamerica93.com.br\/home\/#organization"},"image":{"@id":"https:\/\/transamerica93.com.br\/home\/thiago-monteiro-bate-frances-monfils-na-estreia-do-masters-mil-de-roma\/#primaryimage"},"thumbnailUrl":"https:\/\/transamerica93.com.br\/home\/wp-content\/uploads\/2024\/05\/imagem3-1.jpg","articleSection":["Esportes"],"inLanguage":"pt-BR"},{"@type":"WebPage","@id":"https:\/\/transamerica93.com.br\/home\/thiago-monteiro-bate-frances-monfils-na-estreia-do-masters-mil-de-roma\/","url":"https:\/\/transamerica93.com.br\/home\/thiago-monteiro-bate-frances-monfils-na-estreia-do-masters-mil-de-roma\/","name":"Thiago Monteiro bate franc\u00eas Monfils na estreia do Masters Mil de Roma - Transam\u00e9rica Mococa 93,3","isPartOf":{"@id":"https:\/\/transamerica93.com.br\/home\/#website"},"primaryImageOfPage":{"@id":"https:\/\/transamerica93.com.br\/home\/thiago-monteiro-bate-frances-monfils-na-estreia-do-masters-mil-de-roma\/#primaryimage"},"image":{"@id":"https:\/\/transamerica93.com.br\/home\/thiago-monteiro-bate-frances-monfils-na-estreia-do-masters-mil-de-roma\/#primaryimage"},"thumbnailUrl":"https:\/\/transamerica93.com.br\/home\/wp-content\/uploads\/2024\/05\/imagem3-1.jpg","datePublished":"2024-05-09T15:00:15+00:00","breadcrumb":{"@id":"https:\/\/transamerica93.com.br\/home\/thiago-monteiro-bate-frances-monfils-na-estreia-do-masters-mil-de-roma\/#breadcrumb"},"inLanguage":"pt-BR","potentialAction":[{"@type":"ReadAction","target":["https:\/\/transamerica93.com.br\/home\/thiago-monteiro-bate-frances-monfils-na-estreia-do-masters-mil-de-roma\/"]}]},{"@type":"ImageObject","inLanguage":"pt-BR","@id":"https:\/\/transamerica93.com.br\/home\/thiago-monteiro-bate-frances-monfils-na-estreia-do-masters-mil-de-roma\/#primaryimage","url":"https:\/\/transamerica93.com.br\/home\/wp-content\/uploads\/2024\/05\/imagem3-1.jpg","contentUrl":"https:\/\/transamerica93.com.br\/home\/wp-content\/uploads\/2024\/05\/imagem3-1.jpg","width":1170,"height":700,"caption":"\u00a9 Reprodu\u00e7\u00e3o X\/CBT"},{"@type":"BreadcrumbList","@id":"https:\/\/transamerica93.com.br\/home\/thiago-monteiro-bate-frances-monfils-na-estreia-do-masters-mil-de-roma\/#breadcrumb","itemListElement":[{"@type":"ListItem","position":1,"name":"In\u00edcio","item":"https:\/\/transamerica93.com.br\/home\/"},{"@type":"ListItem","position":2,"name":"Thiago Monteiro bate franc\u00eas Monfils na estreia do Masters Mil de Roma"}]},{"@type":"WebSite","@id":"https:\/\/transamerica93.com.br\/home\/#website","url":"https:\/\/transamerica93.com.br\/home\/","name":"Transam\u00e9rica Mococa 93,3","description":"","publisher":{"@id":"https:\/\/transamerica93.com.br\/home\/#organization"},"potentialAction":[{"@type":"SearchAction","target":{"@type":"EntryPoint","urlTemplate":"https:\/\/transamerica93.com.br\/home\/?s={search_term_string}"},"query-input":{"@type":"PropertyValueSpecification","valueRequired":true,"valueName":"search_term_string"}}],"inLanguage":"pt-BR"},{"@type":"Organization","@id":"https:\/\/transamerica93.com.br\/home\/#organization","name":"Transam\u00e9rica Mococa 93,3","url":"https:\/\/transamerica93.com.br\/home\/","logo":{"@type":"ImageObject","inLanguage":"pt-BR","@id":"https:\/\/transamerica93.com.br\/home\/#\/schema\/logo\/image\/","url":"https:\/\/transamerica93.com.br\/home\/wp-content\/uploads\/2023\/10\/logo2.png","contentUrl":"https:\/\/transamerica93.com.br\/home\/wp-content\/uploads\/2023\/10\/logo2.png","width":800,"height":500,"caption":"Transam\u00e9rica Mococa 93,3"},"image":{"@id":"https:\/\/transamerica93.com.br\/home\/#\/schema\/logo\/image\/"},"sameAs":["https:\/\/www.facebook.com\/transamericamococa","https:\/\/x.com\/transamerica933","https:\/\/www.instagram.com\/transamericamococa"]},{"@type":"Person","@id":"https:\/\/transamerica93.com.br\/home\/#\/schema\/person\/7fed7c99c0d4562efa8561bc0f543172","name":"Reda\u00e7\u00e3o","image":{"@type":"ImageObject","inLanguage":"pt-BR","@id":"https:\/\/secure.gravatar.com\/avatar\/1072c6b775fb02ef8506ce967551d95926669a6b7d2c2147b42eea4d7c68395e?s=96&d=mm&r=g","url":"https:\/\/secure.gravatar.com\/avatar\/1072c6b775fb02ef8506ce967551d95926669a6b7d2c2147b42eea4d7c68395e?s=96&d=mm&r=g","contentUrl":"https:\/\/secure.gravatar.com\/avatar\/1072c6b775fb02ef8506ce967551d95926669a6b7d2c2147b42eea4d7c68395e?s=96&d=mm&r=g","caption":"Reda\u00e7\u00e3o"},"sameAs":["https:\/\/transamerica93.com.br\/home"],"url":"https:\/\/transamerica93.com.br\/home\/author\/william\/"}]}},"_links":{"self":[{"href":"https:\/\/transamerica93.com.br\/home\/wp-json\/wp\/v2\/posts\/3009","targetHints":{"allow":["GET"]}}],"collection":[{"href":"https:\/\/transamerica93.com.br\/home\/wp-json\/wp\/v2\/posts"}],"about":[{"href":"https:\/\/transamerica93.com.br\/home\/wp-json\/wp\/v2\/types\/post"}],"author":[{"embeddable":true,"href":"https:\/\/transamerica93.com.br\/home\/wp-json\/wp\/v2\/users\/1"}],"replies":[{"embeddable":true,"href":"https:\/\/transamerica93.com.br\/home\/wp-json\/wp\/v2\/comments?post=3009"}],"version-history":[{"count":1,"href":"https:\/\/transamerica93.com.br\/home\/wp-json\/wp\/v2\/posts\/3009\/revisions"}],"predecessor-version":[{"id":3011,"href":"https:\/\/transamerica93.com.br\/home\/wp-json\/wp\/v2\/posts\/3009\/revisions\/3011"}],"wp:featuredmedia":[{"embeddable":true,"href":"https:\/\/transamerica93.com.br\/home\/wp-json\/wp\/v2\/media\/3010"}],"wp:attachment":[{"href":"https:\/\/transamerica93.com.br\/home\/wp-json\/wp\/v2\/media?parent=3009"}],"wp:term":[{"taxonomy":"category","embeddable":true,"href":"https:\/\/transamerica93.com.br\/home\/wp-json\/wp\/v2\/categories?post=3009"},{"taxonomy":"post_tag","embeddable":true,"href":"https:\/\/transamerica93.com.br\/home\/wp-json\/wp\/v2\/tags?post=3009"}],"curies":[{"name":"wp","href":"https:\/\/api.w.org\/{rel}","templated":true}]}}