{"id":3018,"date":"2024-05-09T15:00:05","date_gmt":"2024-05-09T18:00:05","guid":{"rendered":"https:\/\/transamerica93.com.br\/home\/?p=3018"},"modified":"2024-05-08T20:04:00","modified_gmt":"2024-05-08T23:04:00","slug":"roberto-de-carvalho-relembra-rita-lee-no-aniversario-de-morte-da-cantora-sangra-meu-coracao","status":"publish","type":"post","link":"https:\/\/transamerica93.com.br\/home\/roberto-de-carvalho-relembra-rita-lee-no-aniversario-de-morte-da-cantora-sangra-meu-coracao\/","title":{"rendered":"Roberto de Carvalho relembra Rita Lee no anivers\u00e1rio de morte da cantora: &#8216;Sangra meu cora\u00e7\u00e3o&#8217;"},"content":{"rendered":"<div id=\"Corpo\">Por Reda\u00e7\u00e3o O Estado de S. Paulo<\/p>\n<p>Roberto de Carvalho relembrou a mulher, Rita Lee, nesta ter\u00e7a-feira, 8, um ano ap\u00f3s a morte da cantora, s\u00edmbolo do rock brasileiro. &#8220;Sangra meu cora\u00e7\u00e3o&#8221;, escreveu Roberto em uma postagem em suas redes sociais. &#8220;Por favor, me acalma. Traga de volta minha alma. Atenua essa vontade de partir. Tanto amor n\u00e3o pode terminar em dor. Vou juntar muita coragem para a \u00faltima viagem at\u00e9 voc\u00ea. At\u00e9 sempre, meu amor&#8221;, completou o m\u00fasico, junto de uma foto dos dois.<\/p>\n<p>Nos coment\u00e1rios, usu\u00e1rios mandam for\u00e7as para Roberto, &#8220;365 dias sem Rita neste mundo mas n\u00e3o tenho d\u00favidas que ela est\u00e1 olhando e guiando tudo de onde estiver, e sem d\u00favida alguma est\u00e1 emanando todas vibra\u00e7\u00f5es de amor e de prote\u00e7\u00e3o para voc\u00ea&#8221;, disse uma.<\/p>\n<p>Outra internauta relembrou uma das frases ic\u00f4nicas de Rita, quando perguntada por Amaury Jr. em uma entrevista sobre qual era a parte do corpo de Roberto que ela mais gostava: &#8220;O que eu mais gosto no Roberto? Eu gosto da alma dele. A alma dele \u00e9 sensacional, \u00e9 g\u00eamea minha&#8221;, disse Rita. &#8220;O casal mais apaixonado do Brasil! Um amor lindo desses rompe as barreiras de tempo e espa\u00e7o. Muita for\u00e7a, Roberto!&#8221;, finalizou a f\u00e3.<\/p>\n<p>Rita tamb\u00e9m se declarou para Roberto, quando ele aceitou o convite do\u00a0<b>Estad\u00e3o<\/b>\u00a0para entrevist\u00e1-la, em uma mat\u00e9ria de Julio Maria, durante a pandemia. &#8220;Meu para\u00edso na Terra \u00e9 ter voc\u00ea como companheiro de vida, melhor amigo, parceiro ideal musical, pai dos meus 3 filhos lindos e av\u00f4 dos meus 2 netos fofos&#8221;.<\/p>\n<p>A cantora entrevistou o marido, tamb\u00e9m para a mesma mat\u00e9ria, o que rendeu a famosa resposta de Roberto sobre seu amor pela roqueira, apesar das diferen\u00e7as: &#8220;Sou teleguiado pela paixonite h\u00e1 44 anos, espero que tenhamos pelo menos mais 44 anos pela frente. S\u00f3 consigo visualizar a ant\u00edtese do que est\u00e1 nesta confiss\u00e3o. Quando voc\u00ea se declara esquisita, vejo original e genial. Ex-presidi\u00e1ria por injusti\u00e7a, v\u00edtima da repress\u00e3o. N\u00e3o precisa cozinhar, eu cozinho pra voc\u00ea. Os peitos amamentaram nossos 3 filhos. Cinco anos mais velha, n\u00e3o, mais antiga, e voc\u00ea sabe o quanto eu adoro antiguidades. Tenho V\u00eanus em Capric\u00f3rnio, que sempre vai me ajudar a relevar essa sua Lua em Virgem que vejo se manifestando a\u00ed na confiss\u00e3o. E quanto aos AA e NA, well, &#8220;shit happens to everyone!&#8221; (merda acontece com todo mundo!)&#8221;.<\/p><\/div>\n","protected":false},"excerpt":{"rendered":"<p>Por Reda\u00e7\u00e3o O Estado de S. Paulo Roberto de Carvalho relembrou a mulher, Rita Lee, nesta ter\u00e7a-feira, 8, um ano ap\u00f3s a morte da cantora, s\u00edmbolo do rock brasileiro. &#8220;Sangra meu cora\u00e7\u00e3o&#8221;, escreveu Roberto em uma postagem em suas redes sociais. &#8220;Por favor, me acalma. Traga de volta minha alma. Atenua essa vontade de partir. &hellip;<\/p>\n","protected":false},"author":1,"featured_media":3019,"comment_status":"closed","ping_status":"closed","sticky":false,"template":"","format":"standard","meta":{"footnotes":""},"categories":[25],"tags":[],"class_list":["post-3018","post","type-post","status-publish","format-standard","has-post-thumbnail","hentry","category-musica"],"yoast_head":"<!-- This site is optimized with the Yoast SEO plugin v27.4 - https:\/\/yoast.com\/product\/yoast-seo-wordpress\/ -->\n<title>Roberto de Carvalho relembra Rita Lee no anivers\u00e1rio de morte da cantora: &#039;Sangra meu cora\u00e7\u00e3o&#039; - Transam\u00e9rica Mococa 93,3<\/title>\n<meta name=\"robots\" content=\"index, follow, max-snippet:-1, max-image-preview:large, max-video-preview:-1\" \/>\n<link rel=\"canonical\" href=\"https:\/\/transamerica93.com.br\/home\/roberto-de-carvalho-relembra-rita-lee-no-aniversario-de-morte-da-cantora-sangra-meu-coracao\/\" \/>\n<meta property=\"og:locale\" content=\"pt_BR\" \/>\n<meta property=\"og:type\" content=\"article\" \/>\n<meta property=\"og:title\" content=\"Roberto de Carvalho relembra Rita Lee no anivers\u00e1rio de morte da cantora: &#039;Sangra meu cora\u00e7\u00e3o&#039; - Transam\u00e9rica Mococa 93,3\" \/>\n<meta property=\"og:description\" content=\"Por Reda\u00e7\u00e3o O Estado de S. Paulo Roberto de Carvalho relembrou a mulher, Rita Lee, nesta ter\u00e7a-feira, 8, um ano ap\u00f3s a morte da cantora, s\u00edmbolo do rock brasileiro. &#8220;Sangra meu cora\u00e7\u00e3o&#8221;, escreveu Roberto em uma postagem em suas redes sociais. &#8220;Por favor, me acalma. Traga de volta minha alma. Atenua essa vontade de partir. &hellip;\" \/>\n<meta property=\"og:url\" content=\"https:\/\/transamerica93.com.br\/home\/roberto-de-carvalho-relembra-rita-lee-no-aniversario-de-morte-da-cantora-sangra-meu-coracao\/\" \/>\n<meta property=\"og:site_name\" content=\"Transam\u00e9rica Mococa 93,3\" \/>\n<meta property=\"article:publisher\" content=\"https:\/\/www.facebook.com\/transamericamococa\" \/>\n<meta property=\"article:published_time\" content=\"2024-05-09T18:00:05+00:00\" \/>\n<meta property=\"og:image\" content=\"https:\/\/transamerica93.com.br\/home\/wp-content\/uploads\/2024\/05\/imagem1-3.jpg\" \/>\n\t<meta property=\"og:image:width\" content=\"800\" \/>\n\t<meta property=\"og:image:height\" content=\"500\" \/>\n\t<meta property=\"og:image:type\" content=\"image\/jpeg\" \/>\n<meta name=\"author\" content=\"Reda\u00e7\u00e3o\" \/>\n<meta name=\"twitter:card\" content=\"summary_large_image\" \/>\n<meta name=\"twitter:creator\" content=\"@transamerica933\" \/>\n<meta name=\"twitter:site\" content=\"@transamerica933\" \/>\n<meta name=\"twitter:label1\" content=\"Escrito por\" \/>\n\t<meta name=\"twitter:data1\" content=\"Reda\u00e7\u00e3o\" \/>\n\t<meta name=\"twitter:label2\" content=\"Est. tempo de leitura\" \/>\n\t<meta name=\"twitter:data2\" content=\"3 minutos\" \/>\n<script type=\"application\/ld+json\" class=\"yoast-schema-graph\">{\"@context\":\"https:\\\/\\\/schema.org\",\"@graph\":[{\"@type\":\"Article\",\"@id\":\"https:\\\/\\\/transamerica93.com.br\\\/home\\\/roberto-de-carvalho-relembra-rita-lee-no-aniversario-de-morte-da-cantora-sangra-meu-coracao\\\/#article\",\"isPartOf\":{\"@id\":\"https:\\\/\\\/transamerica93.com.br\\\/home\\\/roberto-de-carvalho-relembra-rita-lee-no-aniversario-de-morte-da-cantora-sangra-meu-coracao\\\/\"},\"author\":{\"name\":\"Reda\u00e7\u00e3o\",\"@id\":\"https:\\\/\\\/transamerica93.com.br\\\/home\\\/#\\\/schema\\\/person\\\/7fed7c99c0d4562efa8561bc0f543172\"},\"headline\":\"Roberto de Carvalho relembra Rita Lee no anivers\u00e1rio de morte da cantora: &#8216;Sangra meu cora\u00e7\u00e3o&#8217;\",\"datePublished\":\"2024-05-09T18:00:05+00:00\",\"mainEntityOfPage\":{\"@id\":\"https:\\\/\\\/transamerica93.com.br\\\/home\\\/roberto-de-carvalho-relembra-rita-lee-no-aniversario-de-morte-da-cantora-sangra-meu-coracao\\\/\"},\"wordCount\":437,\"publisher\":{\"@id\":\"https:\\\/\\\/transamerica93.com.br\\\/home\\\/#organization\"},\"image\":{\"@id\":\"https:\\\/\\\/transamerica93.com.br\\\/home\\\/roberto-de-carvalho-relembra-rita-lee-no-aniversario-de-morte-da-cantora-sangra-meu-coracao\\\/#primaryimage\"},\"thumbnailUrl\":\"https:\\\/\\\/transamerica93.com.br\\\/home\\\/wp-content\\\/uploads\\\/2024\\\/05\\\/imagem1-3.jpg\",\"articleSection\":[\"M\u00fasica\"],\"inLanguage\":\"pt-BR\"},{\"@type\":\"WebPage\",\"@id\":\"https:\\\/\\\/transamerica93.com.br\\\/home\\\/roberto-de-carvalho-relembra-rita-lee-no-aniversario-de-morte-da-cantora-sangra-meu-coracao\\\/\",\"url\":\"https:\\\/\\\/transamerica93.com.br\\\/home\\\/roberto-de-carvalho-relembra-rita-lee-no-aniversario-de-morte-da-cantora-sangra-meu-coracao\\\/\",\"name\":\"Roberto de Carvalho relembra Rita Lee no anivers\u00e1rio de morte da cantora: 'Sangra meu cora\u00e7\u00e3o' - Transam\u00e9rica Mococa 93,3\",\"isPartOf\":{\"@id\":\"https:\\\/\\\/transamerica93.com.br\\\/home\\\/#website\"},\"primaryImageOfPage\":{\"@id\":\"https:\\\/\\\/transamerica93.com.br\\\/home\\\/roberto-de-carvalho-relembra-rita-lee-no-aniversario-de-morte-da-cantora-sangra-meu-coracao\\\/#primaryimage\"},\"image\":{\"@id\":\"https:\\\/\\\/transamerica93.com.br\\\/home\\\/roberto-de-carvalho-relembra-rita-lee-no-aniversario-de-morte-da-cantora-sangra-meu-coracao\\\/#primaryimage\"},\"thumbnailUrl\":\"https:\\\/\\\/transamerica93.com.br\\\/home\\\/wp-content\\\/uploads\\\/2024\\\/05\\\/imagem1-3.jpg\",\"datePublished\":\"2024-05-09T18:00:05+00:00\",\"breadcrumb\":{\"@id\":\"https:\\\/\\\/transamerica93.com.br\\\/home\\\/roberto-de-carvalho-relembra-rita-lee-no-aniversario-de-morte-da-cantora-sangra-meu-coracao\\\/#breadcrumb\"},\"inLanguage\":\"pt-BR\",\"potentialAction\":[{\"@type\":\"ReadAction\",\"target\":[\"https:\\\/\\\/transamerica93.com.br\\\/home\\\/roberto-de-carvalho-relembra-rita-lee-no-aniversario-de-morte-da-cantora-sangra-meu-coracao\\\/\"]}]},{\"@type\":\"ImageObject\",\"inLanguage\":\"pt-BR\",\"@id\":\"https:\\\/\\\/transamerica93.com.br\\\/home\\\/roberto-de-carvalho-relembra-rita-lee-no-aniversario-de-morte-da-cantora-sangra-meu-coracao\\\/#primaryimage\",\"url\":\"https:\\\/\\\/transamerica93.com.br\\\/home\\\/wp-content\\\/uploads\\\/2024\\\/05\\\/imagem1-3.jpg\",\"contentUrl\":\"https:\\\/\\\/transamerica93.com.br\\\/home\\\/wp-content\\\/uploads\\\/2024\\\/05\\\/imagem1-3.jpg\",\"width\":800,\"height\":500,\"caption\":\"Foto: Reprodu\u00e7\u00e3o Instagram\"},{\"@type\":\"BreadcrumbList\",\"@id\":\"https:\\\/\\\/transamerica93.com.br\\\/home\\\/roberto-de-carvalho-relembra-rita-lee-no-aniversario-de-morte-da-cantora-sangra-meu-coracao\\\/#breadcrumb\",\"itemListElement\":[{\"@type\":\"ListItem\",\"position\":1,\"name\":\"In\u00edcio\",\"item\":\"https:\\\/\\\/transamerica93.com.br\\\/home\\\/\"},{\"@type\":\"ListItem\",\"position\":2,\"name\":\"Roberto de Carvalho relembra Rita Lee no anivers\u00e1rio de morte da cantora: &#8216;Sangra meu cora\u00e7\u00e3o&#8217;\"}]},{\"@type\":\"WebSite\",\"@id\":\"https:\\\/\\\/transamerica93.com.br\\\/home\\\/#website\",\"url\":\"https:\\\/\\\/transamerica93.com.br\\\/home\\\/\",\"name\":\"Transam\u00e9rica Mococa 93,3\",\"description\":\"\",\"publisher\":{\"@id\":\"https:\\\/\\\/transamerica93.com.br\\\/home\\\/#organization\"},\"potentialAction\":[{\"@type\":\"SearchAction\",\"target\":{\"@type\":\"EntryPoint\",\"urlTemplate\":\"https:\\\/\\\/transamerica93.com.br\\\/home\\\/?s={search_term_string}\"},\"query-input\":{\"@type\":\"PropertyValueSpecification\",\"valueRequired\":true,\"valueName\":\"search_term_string\"}}],\"inLanguage\":\"pt-BR\"},{\"@type\":\"Organization\",\"@id\":\"https:\\\/\\\/transamerica93.com.br\\\/home\\\/#organization\",\"name\":\"Transam\u00e9rica Mococa 93,3\",\"url\":\"https:\\\/\\\/transamerica93.com.br\\\/home\\\/\",\"logo\":{\"@type\":\"ImageObject\",\"inLanguage\":\"pt-BR\",\"@id\":\"https:\\\/\\\/transamerica93.com.br\\\/home\\\/#\\\/schema\\\/logo\\\/image\\\/\",\"url\":\"https:\\\/\\\/transamerica93.com.br\\\/home\\\/wp-content\\\/uploads\\\/2023\\\/10\\\/logo2.png\",\"contentUrl\":\"https:\\\/\\\/transamerica93.com.br\\\/home\\\/wp-content\\\/uploads\\\/2023\\\/10\\\/logo2.png\",\"width\":800,\"height\":500,\"caption\":\"Transam\u00e9rica Mococa 93,3\"},\"image\":{\"@id\":\"https:\\\/\\\/transamerica93.com.br\\\/home\\\/#\\\/schema\\\/logo\\\/image\\\/\"},\"sameAs\":[\"https:\\\/\\\/www.facebook.com\\\/transamericamococa\",\"https:\\\/\\\/x.com\\\/transamerica933\",\"https:\\\/\\\/www.instagram.com\\\/transamericamococa\"]},{\"@type\":\"Person\",\"@id\":\"https:\\\/\\\/transamerica93.com.br\\\/home\\\/#\\\/schema\\\/person\\\/7fed7c99c0d4562efa8561bc0f543172\",\"name\":\"Reda\u00e7\u00e3o\",\"image\":{\"@type\":\"ImageObject\",\"inLanguage\":\"pt-BR\",\"@id\":\"https:\\\/\\\/secure.gravatar.com\\\/avatar\\\/1072c6b775fb02ef8506ce967551d95926669a6b7d2c2147b42eea4d7c68395e?s=96&d=mm&r=g\",\"url\":\"https:\\\/\\\/secure.gravatar.com\\\/avatar\\\/1072c6b775fb02ef8506ce967551d95926669a6b7d2c2147b42eea4d7c68395e?s=96&d=mm&r=g\",\"contentUrl\":\"https:\\\/\\\/secure.gravatar.com\\\/avatar\\\/1072c6b775fb02ef8506ce967551d95926669a6b7d2c2147b42eea4d7c68395e?s=96&d=mm&r=g\",\"caption\":\"Reda\u00e7\u00e3o\"},\"sameAs\":[\"https:\\\/\\\/transamerica93.com.br\\\/home\"],\"url\":\"https:\\\/\\\/transamerica93.com.br\\\/home\\\/author\\\/william\\\/\"}]}<\/script>\n<!-- \/ Yoast SEO plugin. -->","yoast_head_json":{"title":"Roberto de Carvalho relembra Rita Lee no anivers\u00e1rio de morte da cantora: 'Sangra meu cora\u00e7\u00e3o' - Transam\u00e9rica Mococa 93,3","robots":{"index":"index","follow":"follow","max-snippet":"max-snippet:-1","max-image-preview":"max-image-preview:large","max-video-preview":"max-video-preview:-1"},"canonical":"https:\/\/transamerica93.com.br\/home\/roberto-de-carvalho-relembra-rita-lee-no-aniversario-de-morte-da-cantora-sangra-meu-coracao\/","og_locale":"pt_BR","og_type":"article","og_title":"Roberto de Carvalho relembra Rita Lee no anivers\u00e1rio de morte da cantora: 'Sangra meu cora\u00e7\u00e3o' - Transam\u00e9rica Mococa 93,3","og_description":"Por Reda\u00e7\u00e3o O Estado de S. Paulo Roberto de Carvalho relembrou a mulher, Rita Lee, nesta ter\u00e7a-feira, 8, um ano ap\u00f3s a morte da cantora, s\u00edmbolo do rock brasileiro. &#8220;Sangra meu cora\u00e7\u00e3o&#8221;, escreveu Roberto em uma postagem em suas redes sociais. &#8220;Por favor, me acalma. Traga de volta minha alma. Atenua essa vontade de partir. &hellip;","og_url":"https:\/\/transamerica93.com.br\/home\/roberto-de-carvalho-relembra-rita-lee-no-aniversario-de-morte-da-cantora-sangra-meu-coracao\/","og_site_name":"Transam\u00e9rica Mococa 93,3","article_publisher":"https:\/\/www.facebook.com\/transamericamococa","article_published_time":"2024-05-09T18:00:05+00:00","og_image":[{"width":800,"height":500,"url":"https:\/\/transamerica93.com.br\/home\/wp-content\/uploads\/2024\/05\/imagem1-3.jpg","type":"image\/jpeg"}],"author":"Reda\u00e7\u00e3o","twitter_card":"summary_large_image","twitter_creator":"@transamerica933","twitter_site":"@transamerica933","twitter_misc":{"Escrito por":"Reda\u00e7\u00e3o","Est. tempo de leitura":"3 minutos"},"schema":{"@context":"https:\/\/schema.org","@graph":[{"@type":"Article","@id":"https:\/\/transamerica93.com.br\/home\/roberto-de-carvalho-relembra-rita-lee-no-aniversario-de-morte-da-cantora-sangra-meu-coracao\/#article","isPartOf":{"@id":"https:\/\/transamerica93.com.br\/home\/roberto-de-carvalho-relembra-rita-lee-no-aniversario-de-morte-da-cantora-sangra-meu-coracao\/"},"author":{"name":"Reda\u00e7\u00e3o","@id":"https:\/\/transamerica93.com.br\/home\/#\/schema\/person\/7fed7c99c0d4562efa8561bc0f543172"},"headline":"Roberto de Carvalho relembra Rita Lee no anivers\u00e1rio de morte da cantora: &#8216;Sangra meu cora\u00e7\u00e3o&#8217;","datePublished":"2024-05-09T18:00:05+00:00","mainEntityOfPage":{"@id":"https:\/\/transamerica93.com.br\/home\/roberto-de-carvalho-relembra-rita-lee-no-aniversario-de-morte-da-cantora-sangra-meu-coracao\/"},"wordCount":437,"publisher":{"@id":"https:\/\/transamerica93.com.br\/home\/#organization"},"image":{"@id":"https:\/\/transamerica93.com.br\/home\/roberto-de-carvalho-relembra-rita-lee-no-aniversario-de-morte-da-cantora-sangra-meu-coracao\/#primaryimage"},"thumbnailUrl":"https:\/\/transamerica93.com.br\/home\/wp-content\/uploads\/2024\/05\/imagem1-3.jpg","articleSection":["M\u00fasica"],"inLanguage":"pt-BR"},{"@type":"WebPage","@id":"https:\/\/transamerica93.com.br\/home\/roberto-de-carvalho-relembra-rita-lee-no-aniversario-de-morte-da-cantora-sangra-meu-coracao\/","url":"https:\/\/transamerica93.com.br\/home\/roberto-de-carvalho-relembra-rita-lee-no-aniversario-de-morte-da-cantora-sangra-meu-coracao\/","name":"Roberto de Carvalho relembra Rita Lee no anivers\u00e1rio de morte da cantora: 'Sangra meu cora\u00e7\u00e3o' - Transam\u00e9rica Mococa 93,3","isPartOf":{"@id":"https:\/\/transamerica93.com.br\/home\/#website"},"primaryImageOfPage":{"@id":"https:\/\/transamerica93.com.br\/home\/roberto-de-carvalho-relembra-rita-lee-no-aniversario-de-morte-da-cantora-sangra-meu-coracao\/#primaryimage"},"image":{"@id":"https:\/\/transamerica93.com.br\/home\/roberto-de-carvalho-relembra-rita-lee-no-aniversario-de-morte-da-cantora-sangra-meu-coracao\/#primaryimage"},"thumbnailUrl":"https:\/\/transamerica93.com.br\/home\/wp-content\/uploads\/2024\/05\/imagem1-3.jpg","datePublished":"2024-05-09T18:00:05+00:00","breadcrumb":{"@id":"https:\/\/transamerica93.com.br\/home\/roberto-de-carvalho-relembra-rita-lee-no-aniversario-de-morte-da-cantora-sangra-meu-coracao\/#breadcrumb"},"inLanguage":"pt-BR","potentialAction":[{"@type":"ReadAction","target":["https:\/\/transamerica93.com.br\/home\/roberto-de-carvalho-relembra-rita-lee-no-aniversario-de-morte-da-cantora-sangra-meu-coracao\/"]}]},{"@type":"ImageObject","inLanguage":"pt-BR","@id":"https:\/\/transamerica93.com.br\/home\/roberto-de-carvalho-relembra-rita-lee-no-aniversario-de-morte-da-cantora-sangra-meu-coracao\/#primaryimage","url":"https:\/\/transamerica93.com.br\/home\/wp-content\/uploads\/2024\/05\/imagem1-3.jpg","contentUrl":"https:\/\/transamerica93.com.br\/home\/wp-content\/uploads\/2024\/05\/imagem1-3.jpg","width":800,"height":500,"caption":"Foto: Reprodu\u00e7\u00e3o Instagram"},{"@type":"BreadcrumbList","@id":"https:\/\/transamerica93.com.br\/home\/roberto-de-carvalho-relembra-rita-lee-no-aniversario-de-morte-da-cantora-sangra-meu-coracao\/#breadcrumb","itemListElement":[{"@type":"ListItem","position":1,"name":"In\u00edcio","item":"https:\/\/transamerica93.com.br\/home\/"},{"@type":"ListItem","position":2,"name":"Roberto de Carvalho relembra Rita Lee no anivers\u00e1rio de morte da cantora: &#8216;Sangra meu cora\u00e7\u00e3o&#8217;"}]},{"@type":"WebSite","@id":"https:\/\/transamerica93.com.br\/home\/#website","url":"https:\/\/transamerica93.com.br\/home\/","name":"Transam\u00e9rica Mococa 93,3","description":"","publisher":{"@id":"https:\/\/transamerica93.com.br\/home\/#organization"},"potentialAction":[{"@type":"SearchAction","target":{"@type":"EntryPoint","urlTemplate":"https:\/\/transamerica93.com.br\/home\/?s={search_term_string}"},"query-input":{"@type":"PropertyValueSpecification","valueRequired":true,"valueName":"search_term_string"}}],"inLanguage":"pt-BR"},{"@type":"Organization","@id":"https:\/\/transamerica93.com.br\/home\/#organization","name":"Transam\u00e9rica Mococa 93,3","url":"https:\/\/transamerica93.com.br\/home\/","logo":{"@type":"ImageObject","inLanguage":"pt-BR","@id":"https:\/\/transamerica93.com.br\/home\/#\/schema\/logo\/image\/","url":"https:\/\/transamerica93.com.br\/home\/wp-content\/uploads\/2023\/10\/logo2.png","contentUrl":"https:\/\/transamerica93.com.br\/home\/wp-content\/uploads\/2023\/10\/logo2.png","width":800,"height":500,"caption":"Transam\u00e9rica Mococa 93,3"},"image":{"@id":"https:\/\/transamerica93.com.br\/home\/#\/schema\/logo\/image\/"},"sameAs":["https:\/\/www.facebook.com\/transamericamococa","https:\/\/x.com\/transamerica933","https:\/\/www.instagram.com\/transamericamococa"]},{"@type":"Person","@id":"https:\/\/transamerica93.com.br\/home\/#\/schema\/person\/7fed7c99c0d4562efa8561bc0f543172","name":"Reda\u00e7\u00e3o","image":{"@type":"ImageObject","inLanguage":"pt-BR","@id":"https:\/\/secure.gravatar.com\/avatar\/1072c6b775fb02ef8506ce967551d95926669a6b7d2c2147b42eea4d7c68395e?s=96&d=mm&r=g","url":"https:\/\/secure.gravatar.com\/avatar\/1072c6b775fb02ef8506ce967551d95926669a6b7d2c2147b42eea4d7c68395e?s=96&d=mm&r=g","contentUrl":"https:\/\/secure.gravatar.com\/avatar\/1072c6b775fb02ef8506ce967551d95926669a6b7d2c2147b42eea4d7c68395e?s=96&d=mm&r=g","caption":"Reda\u00e7\u00e3o"},"sameAs":["https:\/\/transamerica93.com.br\/home"],"url":"https:\/\/transamerica93.com.br\/home\/author\/william\/"}]}},"_links":{"self":[{"href":"https:\/\/transamerica93.com.br\/home\/wp-json\/wp\/v2\/posts\/3018","targetHints":{"allow":["GET"]}}],"collection":[{"href":"https:\/\/transamerica93.com.br\/home\/wp-json\/wp\/v2\/posts"}],"about":[{"href":"https:\/\/transamerica93.com.br\/home\/wp-json\/wp\/v2\/types\/post"}],"author":[{"embeddable":true,"href":"https:\/\/transamerica93.com.br\/home\/wp-json\/wp\/v2\/users\/1"}],"replies":[{"embeddable":true,"href":"https:\/\/transamerica93.com.br\/home\/wp-json\/wp\/v2\/comments?post=3018"}],"version-history":[{"count":1,"href":"https:\/\/transamerica93.com.br\/home\/wp-json\/wp\/v2\/posts\/3018\/revisions"}],"predecessor-version":[{"id":3020,"href":"https:\/\/transamerica93.com.br\/home\/wp-json\/wp\/v2\/posts\/3018\/revisions\/3020"}],"wp:featuredmedia":[{"embeddable":true,"href":"https:\/\/transamerica93.com.br\/home\/wp-json\/wp\/v2\/media\/3019"}],"wp:attachment":[{"href":"https:\/\/transamerica93.com.br\/home\/wp-json\/wp\/v2\/media?parent=3018"}],"wp:term":[{"taxonomy":"category","embeddable":true,"href":"https:\/\/transamerica93.com.br\/home\/wp-json\/wp\/v2\/categories?post=3018"},{"taxonomy":"post_tag","embeddable":true,"href":"https:\/\/transamerica93.com.br\/home\/wp-json\/wp\/v2\/tags?post=3018"}],"curies":[{"name":"wp","href":"https:\/\/api.w.org\/{rel}","templated":true}]}}