{"id":3024,"date":"2024-05-09T18:00:12","date_gmt":"2024-05-09T21:00:12","guid":{"rendered":"https:\/\/transamerica93.com.br\/home\/?p=3024"},"modified":"2024-05-08T20:07:33","modified_gmt":"2024-05-08T23:07:33","slug":"carlinhos-maia-e-criticado-por-silencio-sobre-ajuda-as-vitimas-no-rs-voces-devem-cobrar-o-governo","status":"publish","type":"post","link":"https:\/\/transamerica93.com.br\/home\/carlinhos-maia-e-criticado-por-silencio-sobre-ajuda-as-vitimas-no-rs-voces-devem-cobrar-o-governo\/","title":{"rendered":"Carlinhos Maia \u00e9 criticado por sil\u00eancio sobre ajuda \u00e0s v\u00edtimas no RS: &#8216;Voc\u00eas devem cobrar o governo&#8217;"},"content":{"rendered":"<div id=\"Corpo\">Por Reda\u00e7\u00e3o E+<\/p>\n<p>O influenciador digital Carlinhos Maia usou suas redes sociais para rebater as cr\u00edticas que est\u00e1 recebendo por n\u00e3o divulgar doa\u00e7\u00f5es as v\u00edtimas das enchentes do Rio Grande do Sul.<\/p>\n<p>Em seu Instagram, ele repudiou as cobran\u00e7as e alegou que a ajuda deveria vir do governo, visto que \u00e9 dever das autoridades ajudar a popula\u00e7\u00e3o atingida. O influenciador est\u00e1 realizando o reality show Rancho Maia desde sexta-feira, 3, mas alegou que assim que a edi\u00e7\u00e3o acabar, ir\u00e1 ajudar a popula\u00e7\u00e3o ga\u00facha.<\/p>\n<p>&#8220;Para mim e para as 500 fam\u00edlias diretas que est\u00e3o trabalhando em tudo isso aqui [o reality show] \u00e9 trabalho. Ent\u00e3o entendam de uma vez por todas que voc\u00eas devem cobrar ao governo! A gente faz o que a gente quer fazer, porque a gente tem humanidade&#8221;.<\/p>\n<p>&#8220;Eu vou parar para ficar sofrendo por algo? Eu prefiro estar fazendo meu trabalho e poder ter dinheiro para ajudar&#8221;, finalizou.<\/p>\n<p>Ap\u00f3s a declara\u00e7\u00e3o, internautas est\u00e3o criticando a atitude de Carlinhos Maia. &#8220;Deixando de seguir! Quem n\u00e3o ajuda o povo n\u00e3o merece ter a influ\u00eancia que tem&#8221;, escreveu um seguidor. &#8220;O RS te despreza assim como voc\u00ea nos desprezou&#8221;, alfinetou outro.<\/p><\/div>\n","protected":false},"excerpt":{"rendered":"<p>Por Reda\u00e7\u00e3o E+ O influenciador digital Carlinhos Maia usou suas redes sociais para rebater as cr\u00edticas que est\u00e1 recebendo por n\u00e3o divulgar doa\u00e7\u00f5es as v\u00edtimas das enchentes do Rio Grande do Sul. Em seu Instagram, ele repudiou as cobran\u00e7as e alegou que a ajuda deveria vir do governo, visto que \u00e9 dever das autoridades ajudar &hellip;<\/p>\n","protected":false},"author":1,"featured_media":3025,"comment_status":"closed","ping_status":"closed","sticky":false,"template":"","format":"standard","meta":{"footnotes":""},"categories":[24],"tags":[],"class_list":["post-3024","post","type-post","status-publish","format-standard","has-post-thumbnail","hentry","category-entretenimento"],"yoast_head":"<!-- This site is optimized with the Yoast SEO plugin v27.4 - https:\/\/yoast.com\/product\/yoast-seo-wordpress\/ -->\n<title>Carlinhos Maia \u00e9 criticado por sil\u00eancio sobre ajuda \u00e0s v\u00edtimas no RS: &#039;Voc\u00eas devem cobrar o governo&#039; - Transam\u00e9rica Mococa 93,3<\/title>\n<meta name=\"robots\" content=\"index, follow, max-snippet:-1, max-image-preview:large, max-video-preview:-1\" \/>\n<link rel=\"canonical\" href=\"https:\/\/transamerica93.com.br\/home\/carlinhos-maia-e-criticado-por-silencio-sobre-ajuda-as-vitimas-no-rs-voces-devem-cobrar-o-governo\/\" \/>\n<meta property=\"og:locale\" content=\"pt_BR\" \/>\n<meta property=\"og:type\" content=\"article\" \/>\n<meta property=\"og:title\" content=\"Carlinhos Maia \u00e9 criticado por sil\u00eancio sobre ajuda \u00e0s v\u00edtimas no RS: &#039;Voc\u00eas devem cobrar o governo&#039; - Transam\u00e9rica Mococa 93,3\" \/>\n<meta property=\"og:description\" content=\"Por Reda\u00e7\u00e3o E+ O influenciador digital Carlinhos Maia usou suas redes sociais para rebater as cr\u00edticas que est\u00e1 recebendo por n\u00e3o divulgar doa\u00e7\u00f5es as v\u00edtimas das enchentes do Rio Grande do Sul. Em seu Instagram, ele repudiou as cobran\u00e7as e alegou que a ajuda deveria vir do governo, visto que \u00e9 dever das autoridades ajudar &hellip;\" \/>\n<meta property=\"og:url\" content=\"https:\/\/transamerica93.com.br\/home\/carlinhos-maia-e-criticado-por-silencio-sobre-ajuda-as-vitimas-no-rs-voces-devem-cobrar-o-governo\/\" \/>\n<meta property=\"og:site_name\" content=\"Transam\u00e9rica Mococa 93,3\" \/>\n<meta property=\"article:publisher\" content=\"https:\/\/www.facebook.com\/transamericamococa\" \/>\n<meta property=\"article:published_time\" content=\"2024-05-09T21:00:12+00:00\" \/>\n<meta property=\"og:image\" content=\"https:\/\/transamerica93.com.br\/home\/wp-content\/uploads\/2024\/05\/imagem1-5.jpg\" \/>\n\t<meta property=\"og:image:width\" content=\"800\" \/>\n\t<meta property=\"og:image:height\" content=\"500\" \/>\n\t<meta property=\"og:image:type\" content=\"image\/jpeg\" \/>\n<meta name=\"author\" content=\"Reda\u00e7\u00e3o\" \/>\n<meta name=\"twitter:card\" content=\"summary_large_image\" \/>\n<meta name=\"twitter:creator\" content=\"@transamerica933\" \/>\n<meta name=\"twitter:site\" content=\"@transamerica933\" \/>\n<meta name=\"twitter:label1\" content=\"Escrito por\" \/>\n\t<meta name=\"twitter:data1\" content=\"Reda\u00e7\u00e3o\" \/>\n\t<meta name=\"twitter:label2\" content=\"Est. tempo de leitura\" \/>\n\t<meta name=\"twitter:data2\" content=\"2 minutos\" \/>\n<script type=\"application\/ld+json\" class=\"yoast-schema-graph\">{\"@context\":\"https:\\\/\\\/schema.org\",\"@graph\":[{\"@type\":\"Article\",\"@id\":\"https:\\\/\\\/transamerica93.com.br\\\/home\\\/carlinhos-maia-e-criticado-por-silencio-sobre-ajuda-as-vitimas-no-rs-voces-devem-cobrar-o-governo\\\/#article\",\"isPartOf\":{\"@id\":\"https:\\\/\\\/transamerica93.com.br\\\/home\\\/carlinhos-maia-e-criticado-por-silencio-sobre-ajuda-as-vitimas-no-rs-voces-devem-cobrar-o-governo\\\/\"},\"author\":{\"name\":\"Reda\u00e7\u00e3o\",\"@id\":\"https:\\\/\\\/transamerica93.com.br\\\/home\\\/#\\\/schema\\\/person\\\/7fed7c99c0d4562efa8561bc0f543172\"},\"headline\":\"Carlinhos Maia \u00e9 criticado por sil\u00eancio sobre ajuda \u00e0s v\u00edtimas no RS: &#8216;Voc\u00eas devem cobrar o governo&#8217;\",\"datePublished\":\"2024-05-09T21:00:12+00:00\",\"mainEntityOfPage\":{\"@id\":\"https:\\\/\\\/transamerica93.com.br\\\/home\\\/carlinhos-maia-e-criticado-por-silencio-sobre-ajuda-as-vitimas-no-rs-voces-devem-cobrar-o-governo\\\/\"},\"wordCount\":226,\"publisher\":{\"@id\":\"https:\\\/\\\/transamerica93.com.br\\\/home\\\/#organization\"},\"image\":{\"@id\":\"https:\\\/\\\/transamerica93.com.br\\\/home\\\/carlinhos-maia-e-criticado-por-silencio-sobre-ajuda-as-vitimas-no-rs-voces-devem-cobrar-o-governo\\\/#primaryimage\"},\"thumbnailUrl\":\"https:\\\/\\\/transamerica93.com.br\\\/home\\\/wp-content\\\/uploads\\\/2024\\\/05\\\/imagem1-5.jpg\",\"articleSection\":[\"Entretenimento\"],\"inLanguage\":\"pt-BR\"},{\"@type\":\"WebPage\",\"@id\":\"https:\\\/\\\/transamerica93.com.br\\\/home\\\/carlinhos-maia-e-criticado-por-silencio-sobre-ajuda-as-vitimas-no-rs-voces-devem-cobrar-o-governo\\\/\",\"url\":\"https:\\\/\\\/transamerica93.com.br\\\/home\\\/carlinhos-maia-e-criticado-por-silencio-sobre-ajuda-as-vitimas-no-rs-voces-devem-cobrar-o-governo\\\/\",\"name\":\"Carlinhos Maia \u00e9 criticado por sil\u00eancio sobre ajuda \u00e0s v\u00edtimas no RS: 'Voc\u00eas devem cobrar o governo' - Transam\u00e9rica Mococa 93,3\",\"isPartOf\":{\"@id\":\"https:\\\/\\\/transamerica93.com.br\\\/home\\\/#website\"},\"primaryImageOfPage\":{\"@id\":\"https:\\\/\\\/transamerica93.com.br\\\/home\\\/carlinhos-maia-e-criticado-por-silencio-sobre-ajuda-as-vitimas-no-rs-voces-devem-cobrar-o-governo\\\/#primaryimage\"},\"image\":{\"@id\":\"https:\\\/\\\/transamerica93.com.br\\\/home\\\/carlinhos-maia-e-criticado-por-silencio-sobre-ajuda-as-vitimas-no-rs-voces-devem-cobrar-o-governo\\\/#primaryimage\"},\"thumbnailUrl\":\"https:\\\/\\\/transamerica93.com.br\\\/home\\\/wp-content\\\/uploads\\\/2024\\\/05\\\/imagem1-5.jpg\",\"datePublished\":\"2024-05-09T21:00:12+00:00\",\"breadcrumb\":{\"@id\":\"https:\\\/\\\/transamerica93.com.br\\\/home\\\/carlinhos-maia-e-criticado-por-silencio-sobre-ajuda-as-vitimas-no-rs-voces-devem-cobrar-o-governo\\\/#breadcrumb\"},\"inLanguage\":\"pt-BR\",\"potentialAction\":[{\"@type\":\"ReadAction\",\"target\":[\"https:\\\/\\\/transamerica93.com.br\\\/home\\\/carlinhos-maia-e-criticado-por-silencio-sobre-ajuda-as-vitimas-no-rs-voces-devem-cobrar-o-governo\\\/\"]}]},{\"@type\":\"ImageObject\",\"inLanguage\":\"pt-BR\",\"@id\":\"https:\\\/\\\/transamerica93.com.br\\\/home\\\/carlinhos-maia-e-criticado-por-silencio-sobre-ajuda-as-vitimas-no-rs-voces-devem-cobrar-o-governo\\\/#primaryimage\",\"url\":\"https:\\\/\\\/transamerica93.com.br\\\/home\\\/wp-content\\\/uploads\\\/2024\\\/05\\\/imagem1-5.jpg\",\"contentUrl\":\"https:\\\/\\\/transamerica93.com.br\\\/home\\\/wp-content\\\/uploads\\\/2024\\\/05\\\/imagem1-5.jpg\",\"width\":800,\"height\":500,\"caption\":\"Foto: Reprodu\u00e7\u00e3o\"},{\"@type\":\"BreadcrumbList\",\"@id\":\"https:\\\/\\\/transamerica93.com.br\\\/home\\\/carlinhos-maia-e-criticado-por-silencio-sobre-ajuda-as-vitimas-no-rs-voces-devem-cobrar-o-governo\\\/#breadcrumb\",\"itemListElement\":[{\"@type\":\"ListItem\",\"position\":1,\"name\":\"In\u00edcio\",\"item\":\"https:\\\/\\\/transamerica93.com.br\\\/home\\\/\"},{\"@type\":\"ListItem\",\"position\":2,\"name\":\"Carlinhos Maia \u00e9 criticado por sil\u00eancio sobre ajuda \u00e0s v\u00edtimas no RS: &#8216;Voc\u00eas devem cobrar o governo&#8217;\"}]},{\"@type\":\"WebSite\",\"@id\":\"https:\\\/\\\/transamerica93.com.br\\\/home\\\/#website\",\"url\":\"https:\\\/\\\/transamerica93.com.br\\\/home\\\/\",\"name\":\"Transam\u00e9rica Mococa 93,3\",\"description\":\"\",\"publisher\":{\"@id\":\"https:\\\/\\\/transamerica93.com.br\\\/home\\\/#organization\"},\"potentialAction\":[{\"@type\":\"SearchAction\",\"target\":{\"@type\":\"EntryPoint\",\"urlTemplate\":\"https:\\\/\\\/transamerica93.com.br\\\/home\\\/?s={search_term_string}\"},\"query-input\":{\"@type\":\"PropertyValueSpecification\",\"valueRequired\":true,\"valueName\":\"search_term_string\"}}],\"inLanguage\":\"pt-BR\"},{\"@type\":\"Organization\",\"@id\":\"https:\\\/\\\/transamerica93.com.br\\\/home\\\/#organization\",\"name\":\"Transam\u00e9rica Mococa 93,3\",\"url\":\"https:\\\/\\\/transamerica93.com.br\\\/home\\\/\",\"logo\":{\"@type\":\"ImageObject\",\"inLanguage\":\"pt-BR\",\"@id\":\"https:\\\/\\\/transamerica93.com.br\\\/home\\\/#\\\/schema\\\/logo\\\/image\\\/\",\"url\":\"https:\\\/\\\/transamerica93.com.br\\\/home\\\/wp-content\\\/uploads\\\/2023\\\/10\\\/logo2.png\",\"contentUrl\":\"https:\\\/\\\/transamerica93.com.br\\\/home\\\/wp-content\\\/uploads\\\/2023\\\/10\\\/logo2.png\",\"width\":800,\"height\":500,\"caption\":\"Transam\u00e9rica Mococa 93,3\"},\"image\":{\"@id\":\"https:\\\/\\\/transamerica93.com.br\\\/home\\\/#\\\/schema\\\/logo\\\/image\\\/\"},\"sameAs\":[\"https:\\\/\\\/www.facebook.com\\\/transamericamococa\",\"https:\\\/\\\/x.com\\\/transamerica933\",\"https:\\\/\\\/www.instagram.com\\\/transamericamococa\"]},{\"@type\":\"Person\",\"@id\":\"https:\\\/\\\/transamerica93.com.br\\\/home\\\/#\\\/schema\\\/person\\\/7fed7c99c0d4562efa8561bc0f543172\",\"name\":\"Reda\u00e7\u00e3o\",\"image\":{\"@type\":\"ImageObject\",\"inLanguage\":\"pt-BR\",\"@id\":\"https:\\\/\\\/secure.gravatar.com\\\/avatar\\\/1072c6b775fb02ef8506ce967551d95926669a6b7d2c2147b42eea4d7c68395e?s=96&d=mm&r=g\",\"url\":\"https:\\\/\\\/secure.gravatar.com\\\/avatar\\\/1072c6b775fb02ef8506ce967551d95926669a6b7d2c2147b42eea4d7c68395e?s=96&d=mm&r=g\",\"contentUrl\":\"https:\\\/\\\/secure.gravatar.com\\\/avatar\\\/1072c6b775fb02ef8506ce967551d95926669a6b7d2c2147b42eea4d7c68395e?s=96&d=mm&r=g\",\"caption\":\"Reda\u00e7\u00e3o\"},\"sameAs\":[\"https:\\\/\\\/transamerica93.com.br\\\/home\"],\"url\":\"https:\\\/\\\/transamerica93.com.br\\\/home\\\/author\\\/william\\\/\"}]}<\/script>\n<!-- \/ Yoast SEO plugin. -->","yoast_head_json":{"title":"Carlinhos Maia \u00e9 criticado por sil\u00eancio sobre ajuda \u00e0s v\u00edtimas no RS: 'Voc\u00eas devem cobrar o governo' - Transam\u00e9rica Mococa 93,3","robots":{"index":"index","follow":"follow","max-snippet":"max-snippet:-1","max-image-preview":"max-image-preview:large","max-video-preview":"max-video-preview:-1"},"canonical":"https:\/\/transamerica93.com.br\/home\/carlinhos-maia-e-criticado-por-silencio-sobre-ajuda-as-vitimas-no-rs-voces-devem-cobrar-o-governo\/","og_locale":"pt_BR","og_type":"article","og_title":"Carlinhos Maia \u00e9 criticado por sil\u00eancio sobre ajuda \u00e0s v\u00edtimas no RS: 'Voc\u00eas devem cobrar o governo' - Transam\u00e9rica Mococa 93,3","og_description":"Por Reda\u00e7\u00e3o E+ O influenciador digital Carlinhos Maia usou suas redes sociais para rebater as cr\u00edticas que est\u00e1 recebendo por n\u00e3o divulgar doa\u00e7\u00f5es as v\u00edtimas das enchentes do Rio Grande do Sul. Em seu Instagram, ele repudiou as cobran\u00e7as e alegou que a ajuda deveria vir do governo, visto que \u00e9 dever das autoridades ajudar &hellip;","og_url":"https:\/\/transamerica93.com.br\/home\/carlinhos-maia-e-criticado-por-silencio-sobre-ajuda-as-vitimas-no-rs-voces-devem-cobrar-o-governo\/","og_site_name":"Transam\u00e9rica Mococa 93,3","article_publisher":"https:\/\/www.facebook.com\/transamericamococa","article_published_time":"2024-05-09T21:00:12+00:00","og_image":[{"width":800,"height":500,"url":"https:\/\/transamerica93.com.br\/home\/wp-content\/uploads\/2024\/05\/imagem1-5.jpg","type":"image\/jpeg"}],"author":"Reda\u00e7\u00e3o","twitter_card":"summary_large_image","twitter_creator":"@transamerica933","twitter_site":"@transamerica933","twitter_misc":{"Escrito por":"Reda\u00e7\u00e3o","Est. tempo de leitura":"2 minutos"},"schema":{"@context":"https:\/\/schema.org","@graph":[{"@type":"Article","@id":"https:\/\/transamerica93.com.br\/home\/carlinhos-maia-e-criticado-por-silencio-sobre-ajuda-as-vitimas-no-rs-voces-devem-cobrar-o-governo\/#article","isPartOf":{"@id":"https:\/\/transamerica93.com.br\/home\/carlinhos-maia-e-criticado-por-silencio-sobre-ajuda-as-vitimas-no-rs-voces-devem-cobrar-o-governo\/"},"author":{"name":"Reda\u00e7\u00e3o","@id":"https:\/\/transamerica93.com.br\/home\/#\/schema\/person\/7fed7c99c0d4562efa8561bc0f543172"},"headline":"Carlinhos Maia \u00e9 criticado por sil\u00eancio sobre ajuda \u00e0s v\u00edtimas no RS: &#8216;Voc\u00eas devem cobrar o governo&#8217;","datePublished":"2024-05-09T21:00:12+00:00","mainEntityOfPage":{"@id":"https:\/\/transamerica93.com.br\/home\/carlinhos-maia-e-criticado-por-silencio-sobre-ajuda-as-vitimas-no-rs-voces-devem-cobrar-o-governo\/"},"wordCount":226,"publisher":{"@id":"https:\/\/transamerica93.com.br\/home\/#organization"},"image":{"@id":"https:\/\/transamerica93.com.br\/home\/carlinhos-maia-e-criticado-por-silencio-sobre-ajuda-as-vitimas-no-rs-voces-devem-cobrar-o-governo\/#primaryimage"},"thumbnailUrl":"https:\/\/transamerica93.com.br\/home\/wp-content\/uploads\/2024\/05\/imagem1-5.jpg","articleSection":["Entretenimento"],"inLanguage":"pt-BR"},{"@type":"WebPage","@id":"https:\/\/transamerica93.com.br\/home\/carlinhos-maia-e-criticado-por-silencio-sobre-ajuda-as-vitimas-no-rs-voces-devem-cobrar-o-governo\/","url":"https:\/\/transamerica93.com.br\/home\/carlinhos-maia-e-criticado-por-silencio-sobre-ajuda-as-vitimas-no-rs-voces-devem-cobrar-o-governo\/","name":"Carlinhos Maia \u00e9 criticado por sil\u00eancio sobre ajuda \u00e0s v\u00edtimas no RS: 'Voc\u00eas devem cobrar o governo' - Transam\u00e9rica Mococa 93,3","isPartOf":{"@id":"https:\/\/transamerica93.com.br\/home\/#website"},"primaryImageOfPage":{"@id":"https:\/\/transamerica93.com.br\/home\/carlinhos-maia-e-criticado-por-silencio-sobre-ajuda-as-vitimas-no-rs-voces-devem-cobrar-o-governo\/#primaryimage"},"image":{"@id":"https:\/\/transamerica93.com.br\/home\/carlinhos-maia-e-criticado-por-silencio-sobre-ajuda-as-vitimas-no-rs-voces-devem-cobrar-o-governo\/#primaryimage"},"thumbnailUrl":"https:\/\/transamerica93.com.br\/home\/wp-content\/uploads\/2024\/05\/imagem1-5.jpg","datePublished":"2024-05-09T21:00:12+00:00","breadcrumb":{"@id":"https:\/\/transamerica93.com.br\/home\/carlinhos-maia-e-criticado-por-silencio-sobre-ajuda-as-vitimas-no-rs-voces-devem-cobrar-o-governo\/#breadcrumb"},"inLanguage":"pt-BR","potentialAction":[{"@type":"ReadAction","target":["https:\/\/transamerica93.com.br\/home\/carlinhos-maia-e-criticado-por-silencio-sobre-ajuda-as-vitimas-no-rs-voces-devem-cobrar-o-governo\/"]}]},{"@type":"ImageObject","inLanguage":"pt-BR","@id":"https:\/\/transamerica93.com.br\/home\/carlinhos-maia-e-criticado-por-silencio-sobre-ajuda-as-vitimas-no-rs-voces-devem-cobrar-o-governo\/#primaryimage","url":"https:\/\/transamerica93.com.br\/home\/wp-content\/uploads\/2024\/05\/imagem1-5.jpg","contentUrl":"https:\/\/transamerica93.com.br\/home\/wp-content\/uploads\/2024\/05\/imagem1-5.jpg","width":800,"height":500,"caption":"Foto: Reprodu\u00e7\u00e3o"},{"@type":"BreadcrumbList","@id":"https:\/\/transamerica93.com.br\/home\/carlinhos-maia-e-criticado-por-silencio-sobre-ajuda-as-vitimas-no-rs-voces-devem-cobrar-o-governo\/#breadcrumb","itemListElement":[{"@type":"ListItem","position":1,"name":"In\u00edcio","item":"https:\/\/transamerica93.com.br\/home\/"},{"@type":"ListItem","position":2,"name":"Carlinhos Maia \u00e9 criticado por sil\u00eancio sobre ajuda \u00e0s v\u00edtimas no RS: &#8216;Voc\u00eas devem cobrar o governo&#8217;"}]},{"@type":"WebSite","@id":"https:\/\/transamerica93.com.br\/home\/#website","url":"https:\/\/transamerica93.com.br\/home\/","name":"Transam\u00e9rica Mococa 93,3","description":"","publisher":{"@id":"https:\/\/transamerica93.com.br\/home\/#organization"},"potentialAction":[{"@type":"SearchAction","target":{"@type":"EntryPoint","urlTemplate":"https:\/\/transamerica93.com.br\/home\/?s={search_term_string}"},"query-input":{"@type":"PropertyValueSpecification","valueRequired":true,"valueName":"search_term_string"}}],"inLanguage":"pt-BR"},{"@type":"Organization","@id":"https:\/\/transamerica93.com.br\/home\/#organization","name":"Transam\u00e9rica Mococa 93,3","url":"https:\/\/transamerica93.com.br\/home\/","logo":{"@type":"ImageObject","inLanguage":"pt-BR","@id":"https:\/\/transamerica93.com.br\/home\/#\/schema\/logo\/image\/","url":"https:\/\/transamerica93.com.br\/home\/wp-content\/uploads\/2023\/10\/logo2.png","contentUrl":"https:\/\/transamerica93.com.br\/home\/wp-content\/uploads\/2023\/10\/logo2.png","width":800,"height":500,"caption":"Transam\u00e9rica Mococa 93,3"},"image":{"@id":"https:\/\/transamerica93.com.br\/home\/#\/schema\/logo\/image\/"},"sameAs":["https:\/\/www.facebook.com\/transamericamococa","https:\/\/x.com\/transamerica933","https:\/\/www.instagram.com\/transamericamococa"]},{"@type":"Person","@id":"https:\/\/transamerica93.com.br\/home\/#\/schema\/person\/7fed7c99c0d4562efa8561bc0f543172","name":"Reda\u00e7\u00e3o","image":{"@type":"ImageObject","inLanguage":"pt-BR","@id":"https:\/\/secure.gravatar.com\/avatar\/1072c6b775fb02ef8506ce967551d95926669a6b7d2c2147b42eea4d7c68395e?s=96&d=mm&r=g","url":"https:\/\/secure.gravatar.com\/avatar\/1072c6b775fb02ef8506ce967551d95926669a6b7d2c2147b42eea4d7c68395e?s=96&d=mm&r=g","contentUrl":"https:\/\/secure.gravatar.com\/avatar\/1072c6b775fb02ef8506ce967551d95926669a6b7d2c2147b42eea4d7c68395e?s=96&d=mm&r=g","caption":"Reda\u00e7\u00e3o"},"sameAs":["https:\/\/transamerica93.com.br\/home"],"url":"https:\/\/transamerica93.com.br\/home\/author\/william\/"}]}},"_links":{"self":[{"href":"https:\/\/transamerica93.com.br\/home\/wp-json\/wp\/v2\/posts\/3024","targetHints":{"allow":["GET"]}}],"collection":[{"href":"https:\/\/transamerica93.com.br\/home\/wp-json\/wp\/v2\/posts"}],"about":[{"href":"https:\/\/transamerica93.com.br\/home\/wp-json\/wp\/v2\/types\/post"}],"author":[{"embeddable":true,"href":"https:\/\/transamerica93.com.br\/home\/wp-json\/wp\/v2\/users\/1"}],"replies":[{"embeddable":true,"href":"https:\/\/transamerica93.com.br\/home\/wp-json\/wp\/v2\/comments?post=3024"}],"version-history":[{"count":1,"href":"https:\/\/transamerica93.com.br\/home\/wp-json\/wp\/v2\/posts\/3024\/revisions"}],"predecessor-version":[{"id":3026,"href":"https:\/\/transamerica93.com.br\/home\/wp-json\/wp\/v2\/posts\/3024\/revisions\/3026"}],"wp:featuredmedia":[{"embeddable":true,"href":"https:\/\/transamerica93.com.br\/home\/wp-json\/wp\/v2\/media\/3025"}],"wp:attachment":[{"href":"https:\/\/transamerica93.com.br\/home\/wp-json\/wp\/v2\/media?parent=3024"}],"wp:term":[{"taxonomy":"category","embeddable":true,"href":"https:\/\/transamerica93.com.br\/home\/wp-json\/wp\/v2\/categories?post=3024"},{"taxonomy":"post_tag","embeddable":true,"href":"https:\/\/transamerica93.com.br\/home\/wp-json\/wp\/v2\/tags?post=3024"}],"curies":[{"name":"wp","href":"https:\/\/api.w.org\/{rel}","templated":true}]}}