{"id":3030,"date":"2024-05-13T09:00:35","date_gmt":"2024-05-13T12:00:35","guid":{"rendered":"https:\/\/transamerica93.com.br\/home\/?p=3030"},"modified":"2024-05-11T04:25:14","modified_gmt":"2024-05-11T07:25:14","slug":"homem-de-41-anos-morre-atropelado-na-sp-340-em-mococa","status":"publish","type":"post","link":"https:\/\/transamerica93.com.br\/home\/homem-de-41-anos-morre-atropelado-na-sp-340-em-mococa\/","title":{"rendered":"Homem de 41 anos morre atropelado na SP-340 em Mococa"},"content":{"rendered":"<div id=\"chunk-cjcrb\">\n<div class=\"mc-column content-text active-extra-styles \" data-block-type=\"unstyled\" data-block-weight=\"32\" data-block-id=\"2\">\n<p class=\" content-text__container \" data-track-category=\"Link no Texto\" data-track-links=\"\" data-mrf-recirculation=\"Article links\">Um homem de 42 anos morreu atropelado na noite da \u00faltima quinta-feira (9), na Rodovia Prefeito Jos\u00e9 Andr\u00e9 de Lima (SP-340) , em <a class=\"\" href=\"https:\/\/g1.globo.com\/sp\/sao-carlos-regiao\/cidade\/mococa\/\" data-mrf-link=\"https:\/\/g1.globo.com\/sp\/sao-carlos-regiao\/cidade\/mococa\/\">Mococa (SP)<\/a>.\u00a0<strong>Sidney Benedito Vitorino<\/strong>\u00a0morreu no local.<\/p>\n<\/div>\n<\/div>\n<div class=\"wall protected-content\">\n<div id=\"chunk-bli93\">\n<div class=\"mc-column content-text active-extra-styles \" data-block-type=\"unstyled\" data-block-weight=\"43\" data-block-id=\"4\">\n<p class=\" content-text__container \" data-track-category=\"Link no Texto\" data-track-links=\"\" data-mrf-recirculation=\"Article links\">O acidente aconteceu por volta das 22h. Segundo o boletim de ocorr\u00eancia, o motorista do carro disse que estava dirigindo a uma velocidade compat\u00edvel com a via, quando ouviu um barulho no para-brisa e foi atingido no rosto por estilha\u00e7os de vidro.<\/p>\n<\/div>\n<\/div>\n<div id=\"chunk-fvc5a\">\n<div class=\"mc-column content-text active-extra-styles \" data-block-type=\"unstyled\" data-block-weight=\"24\" data-block-id=\"6\">\n<p class=\" content-text__container \" data-track-category=\"Link no Texto\" data-track-links=\"\" data-mrf-recirculation=\"Article links\">Ele parou no acostamento e foi informado por um caminhoneiro e um motoqueiro que teria atropelado uma pessoa e que ela estava morta.<\/p>\n<\/div>\n<\/div>\n<div id=\"chunk-rr41\">\n<div class=\"mc-column content-text active-extra-styles \" data-block-type=\"unstyled\" data-block-weight=\"24\" data-block-id=\"8\">\n<p class=\" content-text__container \" data-track-category=\"Link no Texto\" data-track-links=\"\" data-mrf-recirculation=\"Article links\">O motorista foi submetido ao teste de etil\u00f4metro, que n\u00e3o constatou presen\u00e7a de \u00e1lcool no sangue. Ele foi ouvido pela pol\u00edcia e liberado.<\/p>\n<\/div>\n<\/div>\n<div id=\"chunk-bqqvn\">\n<div class=\"mc-column content-text active-extra-styles \" data-block-type=\"unstyled\" data-block-weight=\"24\" data-block-id=\"9\">\n<p class=\" content-text__container \" data-track-category=\"Link no Texto\" data-track-links=\"\" data-mrf-recirculation=\"Article links\">O corpo de Sidney foi levado para o IML de S\u00e3o Jo\u00e3o da Boa Vista e ainda n\u00e3o h\u00e1 previs\u00e3o de vel\u00f3rio e enterro.<\/p>\n<p data-track-category=\"Link no Texto\" data-track-links=\"\" data-mrf-recirculation=\"Article links\">Via <a href=\"https:\/\/g1.globo.com\/sp\/sao-carlos-regiao\/noticia\/2024\/05\/10\/homem-de-41-anos-morre-atropelado-na-sp-340-em-mococa.ghtml\" target=\"_blank\" rel=\"noopener\">G1 Mococa<\/a><\/p>\n<\/div>\n<\/div>\n<\/div>\n","protected":false},"excerpt":{"rendered":"<p>Um homem de 42 anos morreu atropelado na noite da \u00faltima quinta-feira (9), na Rodovia Prefeito Jos\u00e9 Andr\u00e9 de Lima (SP-340) , em Mococa (SP).\u00a0Sidney Benedito Vitorino\u00a0morreu no local. O acidente aconteceu por volta das 22h. Segundo o boletim de ocorr\u00eancia, o motorista do carro disse que estava dirigindo a uma velocidade compat\u00edvel com a &hellip;<\/p>\n","protected":false},"author":1,"featured_media":3031,"comment_status":"closed","ping_status":"closed","sticky":false,"template":"","format":"standard","meta":{"footnotes":""},"categories":[30],"tags":[],"class_list":["post-3030","post","type-post","status-publish","format-standard","has-post-thumbnail","hentry","category-geral"],"yoast_head":"<!-- This site is optimized with the Yoast SEO plugin v27.4 - https:\/\/yoast.com\/product\/yoast-seo-wordpress\/ -->\n<title>Homem de 41 anos morre atropelado na SP-340 em Mococa - Transam\u00e9rica Mococa 93,3<\/title>\n<meta name=\"robots\" content=\"index, follow, max-snippet:-1, max-image-preview:large, max-video-preview:-1\" \/>\n<link rel=\"canonical\" href=\"https:\/\/transamerica93.com.br\/home\/homem-de-41-anos-morre-atropelado-na-sp-340-em-mococa\/\" \/>\n<meta property=\"og:locale\" content=\"pt_BR\" \/>\n<meta property=\"og:type\" content=\"article\" \/>\n<meta property=\"og:title\" content=\"Homem de 41 anos morre atropelado na SP-340 em Mococa - Transam\u00e9rica Mococa 93,3\" \/>\n<meta property=\"og:description\" content=\"Um homem de 42 anos morreu atropelado na noite da \u00faltima quinta-feira (9), na Rodovia Prefeito Jos\u00e9 Andr\u00e9 de Lima (SP-340) , em Mococa (SP).\u00a0Sidney Benedito Vitorino\u00a0morreu no local. O acidente aconteceu por volta das 22h. Segundo o boletim de ocorr\u00eancia, o motorista do carro disse que estava dirigindo a uma velocidade compat\u00edvel com a &hellip;\" \/>\n<meta property=\"og:url\" content=\"https:\/\/transamerica93.com.br\/home\/homem-de-41-anos-morre-atropelado-na-sp-340-em-mococa\/\" \/>\n<meta property=\"og:site_name\" content=\"Transam\u00e9rica Mococa 93,3\" \/>\n<meta property=\"article:publisher\" content=\"https:\/\/www.facebook.com\/transamericamococa\" \/>\n<meta property=\"article:published_time\" content=\"2024-05-13T12:00:35+00:00\" \/>\n<meta property=\"og:image\" content=\"https:\/\/transamerica93.com.br\/home\/wp-content\/uploads\/2024\/05\/imagem.jpg\" \/>\n\t<meta property=\"og:image:width\" content=\"800\" \/>\n\t<meta property=\"og:image:height\" content=\"500\" \/>\n\t<meta property=\"og:image:type\" content=\"image\/jpeg\" \/>\n<meta name=\"author\" content=\"Reda\u00e7\u00e3o\" \/>\n<meta name=\"twitter:card\" content=\"summary_large_image\" \/>\n<meta name=\"twitter:creator\" content=\"@transamerica933\" \/>\n<meta name=\"twitter:site\" content=\"@transamerica933\" \/>\n<meta name=\"twitter:label1\" content=\"Escrito por\" \/>\n\t<meta name=\"twitter:data1\" content=\"Reda\u00e7\u00e3o\" \/>\n\t<meta name=\"twitter:label2\" content=\"Est. tempo de leitura\" \/>\n\t<meta name=\"twitter:data2\" content=\"2 minutos\" \/>\n<script type=\"application\/ld+json\" class=\"yoast-schema-graph\">{\"@context\":\"https:\\\/\\\/schema.org\",\"@graph\":[{\"@type\":\"Article\",\"@id\":\"https:\\\/\\\/transamerica93.com.br\\\/home\\\/homem-de-41-anos-morre-atropelado-na-sp-340-em-mococa\\\/#article\",\"isPartOf\":{\"@id\":\"https:\\\/\\\/transamerica93.com.br\\\/home\\\/homem-de-41-anos-morre-atropelado-na-sp-340-em-mococa\\\/\"},\"author\":{\"name\":\"Reda\u00e7\u00e3o\",\"@id\":\"https:\\\/\\\/transamerica93.com.br\\\/home\\\/#\\\/schema\\\/person\\\/7fed7c99c0d4562efa8561bc0f543172\"},\"headline\":\"Homem de 41 anos morre atropelado na SP-340 em Mococa\",\"datePublished\":\"2024-05-13T12:00:35+00:00\",\"mainEntityOfPage\":{\"@id\":\"https:\\\/\\\/transamerica93.com.br\\\/home\\\/homem-de-41-anos-morre-atropelado-na-sp-340-em-mococa\\\/\"},\"wordCount\":164,\"publisher\":{\"@id\":\"https:\\\/\\\/transamerica93.com.br\\\/home\\\/#organization\"},\"image\":{\"@id\":\"https:\\\/\\\/transamerica93.com.br\\\/home\\\/homem-de-41-anos-morre-atropelado-na-sp-340-em-mococa\\\/#primaryimage\"},\"thumbnailUrl\":\"https:\\\/\\\/transamerica93.com.br\\\/home\\\/wp-content\\\/uploads\\\/2024\\\/05\\\/imagem.jpg\",\"articleSection\":[\"Geral\"],\"inLanguage\":\"pt-BR\"},{\"@type\":\"WebPage\",\"@id\":\"https:\\\/\\\/transamerica93.com.br\\\/home\\\/homem-de-41-anos-morre-atropelado-na-sp-340-em-mococa\\\/\",\"url\":\"https:\\\/\\\/transamerica93.com.br\\\/home\\\/homem-de-41-anos-morre-atropelado-na-sp-340-em-mococa\\\/\",\"name\":\"Homem de 41 anos morre atropelado na SP-340 em Mococa - Transam\u00e9rica Mococa 93,3\",\"isPartOf\":{\"@id\":\"https:\\\/\\\/transamerica93.com.br\\\/home\\\/#website\"},\"primaryImageOfPage\":{\"@id\":\"https:\\\/\\\/transamerica93.com.br\\\/home\\\/homem-de-41-anos-morre-atropelado-na-sp-340-em-mococa\\\/#primaryimage\"},\"image\":{\"@id\":\"https:\\\/\\\/transamerica93.com.br\\\/home\\\/homem-de-41-anos-morre-atropelado-na-sp-340-em-mococa\\\/#primaryimage\"},\"thumbnailUrl\":\"https:\\\/\\\/transamerica93.com.br\\\/home\\\/wp-content\\\/uploads\\\/2024\\\/05\\\/imagem.jpg\",\"datePublished\":\"2024-05-13T12:00:35+00:00\",\"breadcrumb\":{\"@id\":\"https:\\\/\\\/transamerica93.com.br\\\/home\\\/homem-de-41-anos-morre-atropelado-na-sp-340-em-mococa\\\/#breadcrumb\"},\"inLanguage\":\"pt-BR\",\"potentialAction\":[{\"@type\":\"ReadAction\",\"target\":[\"https:\\\/\\\/transamerica93.com.br\\\/home\\\/homem-de-41-anos-morre-atropelado-na-sp-340-em-mococa\\\/\"]}]},{\"@type\":\"ImageObject\",\"inLanguage\":\"pt-BR\",\"@id\":\"https:\\\/\\\/transamerica93.com.br\\\/home\\\/homem-de-41-anos-morre-atropelado-na-sp-340-em-mococa\\\/#primaryimage\",\"url\":\"https:\\\/\\\/transamerica93.com.br\\\/home\\\/wp-content\\\/uploads\\\/2024\\\/05\\\/imagem.jpg\",\"contentUrl\":\"https:\\\/\\\/transamerica93.com.br\\\/home\\\/wp-content\\\/uploads\\\/2024\\\/05\\\/imagem.jpg\",\"width\":800,\"height\":500,\"caption\":\"Foto: Reprodu\u00e7\u00e3o\\\/Google Street View\"},{\"@type\":\"BreadcrumbList\",\"@id\":\"https:\\\/\\\/transamerica93.com.br\\\/home\\\/homem-de-41-anos-morre-atropelado-na-sp-340-em-mococa\\\/#breadcrumb\",\"itemListElement\":[{\"@type\":\"ListItem\",\"position\":1,\"name\":\"In\u00edcio\",\"item\":\"https:\\\/\\\/transamerica93.com.br\\\/home\\\/\"},{\"@type\":\"ListItem\",\"position\":2,\"name\":\"Homem de 41 anos morre atropelado na SP-340 em Mococa\"}]},{\"@type\":\"WebSite\",\"@id\":\"https:\\\/\\\/transamerica93.com.br\\\/home\\\/#website\",\"url\":\"https:\\\/\\\/transamerica93.com.br\\\/home\\\/\",\"name\":\"Transam\u00e9rica Mococa 93,3\",\"description\":\"\",\"publisher\":{\"@id\":\"https:\\\/\\\/transamerica93.com.br\\\/home\\\/#organization\"},\"potentialAction\":[{\"@type\":\"SearchAction\",\"target\":{\"@type\":\"EntryPoint\",\"urlTemplate\":\"https:\\\/\\\/transamerica93.com.br\\\/home\\\/?s={search_term_string}\"},\"query-input\":{\"@type\":\"PropertyValueSpecification\",\"valueRequired\":true,\"valueName\":\"search_term_string\"}}],\"inLanguage\":\"pt-BR\"},{\"@type\":\"Organization\",\"@id\":\"https:\\\/\\\/transamerica93.com.br\\\/home\\\/#organization\",\"name\":\"Transam\u00e9rica Mococa 93,3\",\"url\":\"https:\\\/\\\/transamerica93.com.br\\\/home\\\/\",\"logo\":{\"@type\":\"ImageObject\",\"inLanguage\":\"pt-BR\",\"@id\":\"https:\\\/\\\/transamerica93.com.br\\\/home\\\/#\\\/schema\\\/logo\\\/image\\\/\",\"url\":\"https:\\\/\\\/transamerica93.com.br\\\/home\\\/wp-content\\\/uploads\\\/2023\\\/10\\\/logo2.png\",\"contentUrl\":\"https:\\\/\\\/transamerica93.com.br\\\/home\\\/wp-content\\\/uploads\\\/2023\\\/10\\\/logo2.png\",\"width\":800,\"height\":500,\"caption\":\"Transam\u00e9rica Mococa 93,3\"},\"image\":{\"@id\":\"https:\\\/\\\/transamerica93.com.br\\\/home\\\/#\\\/schema\\\/logo\\\/image\\\/\"},\"sameAs\":[\"https:\\\/\\\/www.facebook.com\\\/transamericamococa\",\"https:\\\/\\\/x.com\\\/transamerica933\",\"https:\\\/\\\/www.instagram.com\\\/transamericamococa\"]},{\"@type\":\"Person\",\"@id\":\"https:\\\/\\\/transamerica93.com.br\\\/home\\\/#\\\/schema\\\/person\\\/7fed7c99c0d4562efa8561bc0f543172\",\"name\":\"Reda\u00e7\u00e3o\",\"image\":{\"@type\":\"ImageObject\",\"inLanguage\":\"pt-BR\",\"@id\":\"https:\\\/\\\/secure.gravatar.com\\\/avatar\\\/1072c6b775fb02ef8506ce967551d95926669a6b7d2c2147b42eea4d7c68395e?s=96&d=mm&r=g\",\"url\":\"https:\\\/\\\/secure.gravatar.com\\\/avatar\\\/1072c6b775fb02ef8506ce967551d95926669a6b7d2c2147b42eea4d7c68395e?s=96&d=mm&r=g\",\"contentUrl\":\"https:\\\/\\\/secure.gravatar.com\\\/avatar\\\/1072c6b775fb02ef8506ce967551d95926669a6b7d2c2147b42eea4d7c68395e?s=96&d=mm&r=g\",\"caption\":\"Reda\u00e7\u00e3o\"},\"sameAs\":[\"https:\\\/\\\/transamerica93.com.br\\\/home\"],\"url\":\"https:\\\/\\\/transamerica93.com.br\\\/home\\\/author\\\/william\\\/\"}]}<\/script>\n<!-- \/ Yoast SEO plugin. -->","yoast_head_json":{"title":"Homem de 41 anos morre atropelado na SP-340 em Mococa - Transam\u00e9rica Mococa 93,3","robots":{"index":"index","follow":"follow","max-snippet":"max-snippet:-1","max-image-preview":"max-image-preview:large","max-video-preview":"max-video-preview:-1"},"canonical":"https:\/\/transamerica93.com.br\/home\/homem-de-41-anos-morre-atropelado-na-sp-340-em-mococa\/","og_locale":"pt_BR","og_type":"article","og_title":"Homem de 41 anos morre atropelado na SP-340 em Mococa - Transam\u00e9rica Mococa 93,3","og_description":"Um homem de 42 anos morreu atropelado na noite da \u00faltima quinta-feira (9), na Rodovia Prefeito Jos\u00e9 Andr\u00e9 de Lima (SP-340) , em Mococa (SP).\u00a0Sidney Benedito Vitorino\u00a0morreu no local. O acidente aconteceu por volta das 22h. Segundo o boletim de ocorr\u00eancia, o motorista do carro disse que estava dirigindo a uma velocidade compat\u00edvel com a &hellip;","og_url":"https:\/\/transamerica93.com.br\/home\/homem-de-41-anos-morre-atropelado-na-sp-340-em-mococa\/","og_site_name":"Transam\u00e9rica Mococa 93,3","article_publisher":"https:\/\/www.facebook.com\/transamericamococa","article_published_time":"2024-05-13T12:00:35+00:00","og_image":[{"width":800,"height":500,"url":"https:\/\/transamerica93.com.br\/home\/wp-content\/uploads\/2024\/05\/imagem.jpg","type":"image\/jpeg"}],"author":"Reda\u00e7\u00e3o","twitter_card":"summary_large_image","twitter_creator":"@transamerica933","twitter_site":"@transamerica933","twitter_misc":{"Escrito por":"Reda\u00e7\u00e3o","Est. tempo de leitura":"2 minutos"},"schema":{"@context":"https:\/\/schema.org","@graph":[{"@type":"Article","@id":"https:\/\/transamerica93.com.br\/home\/homem-de-41-anos-morre-atropelado-na-sp-340-em-mococa\/#article","isPartOf":{"@id":"https:\/\/transamerica93.com.br\/home\/homem-de-41-anos-morre-atropelado-na-sp-340-em-mococa\/"},"author":{"name":"Reda\u00e7\u00e3o","@id":"https:\/\/transamerica93.com.br\/home\/#\/schema\/person\/7fed7c99c0d4562efa8561bc0f543172"},"headline":"Homem de 41 anos morre atropelado na SP-340 em Mococa","datePublished":"2024-05-13T12:00:35+00:00","mainEntityOfPage":{"@id":"https:\/\/transamerica93.com.br\/home\/homem-de-41-anos-morre-atropelado-na-sp-340-em-mococa\/"},"wordCount":164,"publisher":{"@id":"https:\/\/transamerica93.com.br\/home\/#organization"},"image":{"@id":"https:\/\/transamerica93.com.br\/home\/homem-de-41-anos-morre-atropelado-na-sp-340-em-mococa\/#primaryimage"},"thumbnailUrl":"https:\/\/transamerica93.com.br\/home\/wp-content\/uploads\/2024\/05\/imagem.jpg","articleSection":["Geral"],"inLanguage":"pt-BR"},{"@type":"WebPage","@id":"https:\/\/transamerica93.com.br\/home\/homem-de-41-anos-morre-atropelado-na-sp-340-em-mococa\/","url":"https:\/\/transamerica93.com.br\/home\/homem-de-41-anos-morre-atropelado-na-sp-340-em-mococa\/","name":"Homem de 41 anos morre atropelado na SP-340 em Mococa - Transam\u00e9rica Mococa 93,3","isPartOf":{"@id":"https:\/\/transamerica93.com.br\/home\/#website"},"primaryImageOfPage":{"@id":"https:\/\/transamerica93.com.br\/home\/homem-de-41-anos-morre-atropelado-na-sp-340-em-mococa\/#primaryimage"},"image":{"@id":"https:\/\/transamerica93.com.br\/home\/homem-de-41-anos-morre-atropelado-na-sp-340-em-mococa\/#primaryimage"},"thumbnailUrl":"https:\/\/transamerica93.com.br\/home\/wp-content\/uploads\/2024\/05\/imagem.jpg","datePublished":"2024-05-13T12:00:35+00:00","breadcrumb":{"@id":"https:\/\/transamerica93.com.br\/home\/homem-de-41-anos-morre-atropelado-na-sp-340-em-mococa\/#breadcrumb"},"inLanguage":"pt-BR","potentialAction":[{"@type":"ReadAction","target":["https:\/\/transamerica93.com.br\/home\/homem-de-41-anos-morre-atropelado-na-sp-340-em-mococa\/"]}]},{"@type":"ImageObject","inLanguage":"pt-BR","@id":"https:\/\/transamerica93.com.br\/home\/homem-de-41-anos-morre-atropelado-na-sp-340-em-mococa\/#primaryimage","url":"https:\/\/transamerica93.com.br\/home\/wp-content\/uploads\/2024\/05\/imagem.jpg","contentUrl":"https:\/\/transamerica93.com.br\/home\/wp-content\/uploads\/2024\/05\/imagem.jpg","width":800,"height":500,"caption":"Foto: Reprodu\u00e7\u00e3o\/Google Street View"},{"@type":"BreadcrumbList","@id":"https:\/\/transamerica93.com.br\/home\/homem-de-41-anos-morre-atropelado-na-sp-340-em-mococa\/#breadcrumb","itemListElement":[{"@type":"ListItem","position":1,"name":"In\u00edcio","item":"https:\/\/transamerica93.com.br\/home\/"},{"@type":"ListItem","position":2,"name":"Homem de 41 anos morre atropelado na SP-340 em Mococa"}]},{"@type":"WebSite","@id":"https:\/\/transamerica93.com.br\/home\/#website","url":"https:\/\/transamerica93.com.br\/home\/","name":"Transam\u00e9rica Mococa 93,3","description":"","publisher":{"@id":"https:\/\/transamerica93.com.br\/home\/#organization"},"potentialAction":[{"@type":"SearchAction","target":{"@type":"EntryPoint","urlTemplate":"https:\/\/transamerica93.com.br\/home\/?s={search_term_string}"},"query-input":{"@type":"PropertyValueSpecification","valueRequired":true,"valueName":"search_term_string"}}],"inLanguage":"pt-BR"},{"@type":"Organization","@id":"https:\/\/transamerica93.com.br\/home\/#organization","name":"Transam\u00e9rica Mococa 93,3","url":"https:\/\/transamerica93.com.br\/home\/","logo":{"@type":"ImageObject","inLanguage":"pt-BR","@id":"https:\/\/transamerica93.com.br\/home\/#\/schema\/logo\/image\/","url":"https:\/\/transamerica93.com.br\/home\/wp-content\/uploads\/2023\/10\/logo2.png","contentUrl":"https:\/\/transamerica93.com.br\/home\/wp-content\/uploads\/2023\/10\/logo2.png","width":800,"height":500,"caption":"Transam\u00e9rica Mococa 93,3"},"image":{"@id":"https:\/\/transamerica93.com.br\/home\/#\/schema\/logo\/image\/"},"sameAs":["https:\/\/www.facebook.com\/transamericamococa","https:\/\/x.com\/transamerica933","https:\/\/www.instagram.com\/transamericamococa"]},{"@type":"Person","@id":"https:\/\/transamerica93.com.br\/home\/#\/schema\/person\/7fed7c99c0d4562efa8561bc0f543172","name":"Reda\u00e7\u00e3o","image":{"@type":"ImageObject","inLanguage":"pt-BR","@id":"https:\/\/secure.gravatar.com\/avatar\/1072c6b775fb02ef8506ce967551d95926669a6b7d2c2147b42eea4d7c68395e?s=96&d=mm&r=g","url":"https:\/\/secure.gravatar.com\/avatar\/1072c6b775fb02ef8506ce967551d95926669a6b7d2c2147b42eea4d7c68395e?s=96&d=mm&r=g","contentUrl":"https:\/\/secure.gravatar.com\/avatar\/1072c6b775fb02ef8506ce967551d95926669a6b7d2c2147b42eea4d7c68395e?s=96&d=mm&r=g","caption":"Reda\u00e7\u00e3o"},"sameAs":["https:\/\/transamerica93.com.br\/home"],"url":"https:\/\/transamerica93.com.br\/home\/author\/william\/"}]}},"_links":{"self":[{"href":"https:\/\/transamerica93.com.br\/home\/wp-json\/wp\/v2\/posts\/3030","targetHints":{"allow":["GET"]}}],"collection":[{"href":"https:\/\/transamerica93.com.br\/home\/wp-json\/wp\/v2\/posts"}],"about":[{"href":"https:\/\/transamerica93.com.br\/home\/wp-json\/wp\/v2\/types\/post"}],"author":[{"embeddable":true,"href":"https:\/\/transamerica93.com.br\/home\/wp-json\/wp\/v2\/users\/1"}],"replies":[{"embeddable":true,"href":"https:\/\/transamerica93.com.br\/home\/wp-json\/wp\/v2\/comments?post=3030"}],"version-history":[{"count":1,"href":"https:\/\/transamerica93.com.br\/home\/wp-json\/wp\/v2\/posts\/3030\/revisions"}],"predecessor-version":[{"id":3032,"href":"https:\/\/transamerica93.com.br\/home\/wp-json\/wp\/v2\/posts\/3030\/revisions\/3032"}],"wp:featuredmedia":[{"embeddable":true,"href":"https:\/\/transamerica93.com.br\/home\/wp-json\/wp\/v2\/media\/3031"}],"wp:attachment":[{"href":"https:\/\/transamerica93.com.br\/home\/wp-json\/wp\/v2\/media?parent=3030"}],"wp:term":[{"taxonomy":"category","embeddable":true,"href":"https:\/\/transamerica93.com.br\/home\/wp-json\/wp\/v2\/categories?post=3030"},{"taxonomy":"post_tag","embeddable":true,"href":"https:\/\/transamerica93.com.br\/home\/wp-json\/wp\/v2\/tags?post=3030"}],"curies":[{"name":"wp","href":"https:\/\/api.w.org\/{rel}","templated":true}]}}