{"id":3042,"date":"2024-05-17T09:00:37","date_gmt":"2024-05-17T12:00:37","guid":{"rendered":"https:\/\/transamerica93.com.br\/home\/?p=3042"},"modified":"2024-05-11T04:32:41","modified_gmt":"2024-05-11T07:32:41","slug":"ministerio-envia-a-12-estados-doses-da-nova-vacina-contra-covid-19","status":"publish","type":"post","link":"https:\/\/transamerica93.com.br\/home\/ministerio-envia-a-12-estados-doses-da-nova-vacina-contra-covid-19\/","title":{"rendered":"Minist\u00e9rio envia a 12 estados doses da nova vacina contra covid-19"},"content":{"rendered":"<div class=\"post-item-wrap\">\n<p>O Minist\u00e9rio da Sa\u00fade distribui a 12 estados as primeiras doses da vacina atualizada contra a covid-19. Esses lotes s\u00e3o parte de um total de 12,5 milh\u00f5es de doses adquiridas pela pasta e que desembarcaram no Aeroporto de Guarulhos, em S\u00e3o Paulo, no dia 2.<\/p>\n<p>Na quinta-feira, as secretarias de Sa\u00fade do Paran\u00e1, de Goi\u00e1s, do Maranh\u00e3o e de Mato Grosso receberam os primeiros lotes. Nesta sexta-feira, a previs\u00e3o era de que mais oito estados recebessem os estoques do imunizante contra a covid-19\u00a0com a vers\u00e3o atualizada: Amap\u00e1, Cear\u00e1, Esp\u00edrito Santo, de Minas Gerais, da Para\u00edba, do Piau\u00ed, de Rond\u00f4nia e Santa Catarina. De acordo com Minist\u00e9rio da Sa\u00fade, todas as demais unidades da federa\u00e7\u00e3o receber\u00e3o o carregamento com as novas vacinas nas pr\u00f3ximas semanas.<\/p>\n<h2>P\u00fablico-alvo<\/h2>\n<p>As novas doses contra variantes do coronav\u00edrus que est\u00e3o sendo distribu\u00eddas s\u00e3o destinadas \u00e0 imuniza\u00e7\u00e3o dos p\u00fablicos-alvo. Entre eles, est\u00e3o pessoas com 60 anos ou mais; pessoas que\u00a0vivem em institui\u00e7\u00f5es de longa perman\u00eancia e trabalhadores destes locais; pessoas imunocomprometidas; ribeirinhos; e ind\u00edgenas em suas terras.<\/p>\n<p>Desde 1\u00ba de janeiro deste ano, as pessoas do grupo priorit\u00e1rio e crian\u00e7as entre 6 meses e menores de 5\u00a0anos foram inclu\u00eddas no Calend\u00e1rio Nacional de Vacina\u00e7\u00e3o para serem imunizadas contra a covid-19.\u00a0Para a vacina contra o SARS-CoV-2, o Minist\u00e9rio da Sa\u00fade recomenda a aplica\u00e7\u00e3o da dose anual ou semestral, no caso de grupos priorit\u00e1rios com 5 anos de idade ou mais e maior risco de desenvolver formas graves da doen\u00e7a, independentemente do n\u00famero de doses pr\u00e9vias recebidas.<\/p>\n<h2>Imunizante seguro<\/h2>\n<p>A vacina contra novas variantes do covid-19 foi recomendada pela Organiza\u00e7\u00e3o Mundial da Sa\u00fade (OMS) e aprovada pela Ag\u00eancia Nacional de Vigil\u00e2ncia Sanit\u00e1ria (Anvisa), em dezembro de 2023. \u00a0O Minist\u00e9rio da Sa\u00fade enfatiza que os imunizantes aprovados no Brasil e inclu\u00eddos no esquema vacinal contra a doen\u00e7a s\u00e3o eficazes, seguros e passam por um rigoroso processo de controle de qualidade antes de chegarem \u00e0\u00a0popula\u00e7\u00e3o.<\/p>\n<p>A secret\u00e1ria de Vigil\u00e2ncia em Sa\u00fade e Ambiente, Ethel Maciel, explica que a vacina\u00e7\u00e3o fortalece a sa\u00fade da sociedade. \u201cA covid-19 ainda \u00e9 uma doen\u00e7a de preocupa\u00e7\u00e3o e causa mortes e casos no Brasil, mesmo que em patamares menores comparado ao pico da pandemia. Por isso, \u00e9 fundamental que toda a popula\u00e7\u00e3o, especialmente os grupos priorit\u00e1rios, busque o imunizante.\u201d<\/p>\n<p>Em nota, a ministra da Sa\u00fade, N\u00edsia Trindade, relembrou que as vacinas covid-19 tiveram grande impacto na redu\u00e7\u00e3o das mortes, do agravamento da doen\u00e7a e de interna\u00e7\u00f5es pela\u00a0covid-19.\u00a0\u201cGra\u00e7as \u00e0 vacina\u00e7\u00e3o, conseguimos superar os momentos graves da pandemia e agora precisamos cuidar da prote\u00e7\u00e3o frente a um problema de sa\u00fade p\u00fablica que continuar\u00e1 a merecer aten\u00e7\u00e3o\u201d, afirmou.<\/p>\n<p>Todo o esquema vacinal contra covid-19 est\u00e1 dispon\u00edvel no\u00a0<a href=\"https:\/\/www.gov.br\/saude\/pt-br\/assuntos\/covid-19\/esquemas-vacinais\" target=\"_blank\" rel=\"noopener\"><em>site<\/em>\u00a0do Minist\u00e9rio da Sa\u00fade<\/a>.<\/p>\n<\/div>\n<p class=\"alt-font font-italic my-2 small text-info\">Edi\u00e7\u00e3o: Juliana Andrade<\/p>\n","protected":false},"excerpt":{"rendered":"<p>O Minist\u00e9rio da Sa\u00fade distribui a 12 estados as primeiras doses da vacina atualizada contra a covid-19. Esses lotes s\u00e3o parte de um total de 12,5 milh\u00f5es de doses adquiridas pela pasta e que desembarcaram no Aeroporto de Guarulhos, em S\u00e3o Paulo, no dia 2. Na quinta-feira, as secretarias de Sa\u00fade do Paran\u00e1, de Goi\u00e1s, &hellip;<\/p>\n","protected":false},"author":1,"featured_media":3043,"comment_status":"closed","ping_status":"closed","sticky":false,"template":"","format":"standard","meta":{"footnotes":""},"categories":[30],"tags":[],"class_list":["post-3042","post","type-post","status-publish","format-standard","has-post-thumbnail","hentry","category-geral"],"yoast_head":"<!-- This site is optimized with the Yoast SEO plugin v27.4 - https:\/\/yoast.com\/product\/yoast-seo-wordpress\/ -->\n<title>Minist\u00e9rio envia a 12 estados doses da nova vacina contra covid-19 - Transam\u00e9rica Mococa 93,3<\/title>\n<meta name=\"robots\" content=\"index, follow, max-snippet:-1, max-image-preview:large, max-video-preview:-1\" \/>\n<link rel=\"canonical\" href=\"https:\/\/transamerica93.com.br\/home\/ministerio-envia-a-12-estados-doses-da-nova-vacina-contra-covid-19\/\" \/>\n<meta property=\"og:locale\" content=\"pt_BR\" \/>\n<meta property=\"og:type\" content=\"article\" \/>\n<meta property=\"og:title\" content=\"Minist\u00e9rio envia a 12 estados doses da nova vacina contra covid-19 - Transam\u00e9rica Mococa 93,3\" \/>\n<meta property=\"og:description\" content=\"O Minist\u00e9rio da Sa\u00fade distribui a 12 estados as primeiras doses da vacina atualizada contra a covid-19. Esses lotes s\u00e3o parte de um total de 12,5 milh\u00f5es de doses adquiridas pela pasta e que desembarcaram no Aeroporto de Guarulhos, em S\u00e3o Paulo, no dia 2. Na quinta-feira, as secretarias de Sa\u00fade do Paran\u00e1, de Goi\u00e1s, &hellip;\" \/>\n<meta property=\"og:url\" content=\"https:\/\/transamerica93.com.br\/home\/ministerio-envia-a-12-estados-doses-da-nova-vacina-contra-covid-19\/\" \/>\n<meta property=\"og:site_name\" content=\"Transam\u00e9rica Mococa 93,3\" \/>\n<meta property=\"article:publisher\" content=\"https:\/\/www.facebook.com\/transamericamococa\" \/>\n<meta property=\"article:published_time\" content=\"2024-05-17T12:00:37+00:00\" \/>\n<meta property=\"og:image\" content=\"https:\/\/transamerica93.com.br\/home\/wp-content\/uploads\/2024\/05\/imagem-4.jpg\" \/>\n\t<meta property=\"og:image:width\" content=\"1170\" \/>\n\t<meta property=\"og:image:height\" content=\"700\" \/>\n\t<meta property=\"og:image:type\" content=\"image\/jpeg\" \/>\n<meta name=\"author\" content=\"Reda\u00e7\u00e3o\" \/>\n<meta name=\"twitter:card\" content=\"summary_large_image\" \/>\n<meta name=\"twitter:creator\" content=\"@transamerica933\" \/>\n<meta name=\"twitter:site\" content=\"@transamerica933\" \/>\n<meta name=\"twitter:label1\" content=\"Escrito por\" \/>\n\t<meta name=\"twitter:data1\" content=\"Reda\u00e7\u00e3o\" \/>\n\t<meta name=\"twitter:label2\" content=\"Est. tempo de leitura\" \/>\n\t<meta name=\"twitter:data2\" content=\"4 minutos\" \/>\n<script type=\"application\/ld+json\" class=\"yoast-schema-graph\">{\"@context\":\"https:\\\/\\\/schema.org\",\"@graph\":[{\"@type\":\"Article\",\"@id\":\"https:\\\/\\\/transamerica93.com.br\\\/home\\\/ministerio-envia-a-12-estados-doses-da-nova-vacina-contra-covid-19\\\/#article\",\"isPartOf\":{\"@id\":\"https:\\\/\\\/transamerica93.com.br\\\/home\\\/ministerio-envia-a-12-estados-doses-da-nova-vacina-contra-covid-19\\\/\"},\"author\":{\"name\":\"Reda\u00e7\u00e3o\",\"@id\":\"https:\\\/\\\/transamerica93.com.br\\\/home\\\/#\\\/schema\\\/person\\\/7fed7c99c0d4562efa8561bc0f543172\"},\"headline\":\"Minist\u00e9rio envia a 12 estados doses da nova vacina contra covid-19\",\"datePublished\":\"2024-05-17T12:00:37+00:00\",\"mainEntityOfPage\":{\"@id\":\"https:\\\/\\\/transamerica93.com.br\\\/home\\\/ministerio-envia-a-12-estados-doses-da-nova-vacina-contra-covid-19\\\/\"},\"wordCount\":526,\"publisher\":{\"@id\":\"https:\\\/\\\/transamerica93.com.br\\\/home\\\/#organization\"},\"image\":{\"@id\":\"https:\\\/\\\/transamerica93.com.br\\\/home\\\/ministerio-envia-a-12-estados-doses-da-nova-vacina-contra-covid-19\\\/#primaryimage\"},\"thumbnailUrl\":\"https:\\\/\\\/transamerica93.com.br\\\/home\\\/wp-content\\\/uploads\\\/2024\\\/05\\\/imagem-4.jpg\",\"articleSection\":[\"Geral\"],\"inLanguage\":\"pt-BR\"},{\"@type\":\"WebPage\",\"@id\":\"https:\\\/\\\/transamerica93.com.br\\\/home\\\/ministerio-envia-a-12-estados-doses-da-nova-vacina-contra-covid-19\\\/\",\"url\":\"https:\\\/\\\/transamerica93.com.br\\\/home\\\/ministerio-envia-a-12-estados-doses-da-nova-vacina-contra-covid-19\\\/\",\"name\":\"Minist\u00e9rio envia a 12 estados doses da nova vacina contra covid-19 - Transam\u00e9rica Mococa 93,3\",\"isPartOf\":{\"@id\":\"https:\\\/\\\/transamerica93.com.br\\\/home\\\/#website\"},\"primaryImageOfPage\":{\"@id\":\"https:\\\/\\\/transamerica93.com.br\\\/home\\\/ministerio-envia-a-12-estados-doses-da-nova-vacina-contra-covid-19\\\/#primaryimage\"},\"image\":{\"@id\":\"https:\\\/\\\/transamerica93.com.br\\\/home\\\/ministerio-envia-a-12-estados-doses-da-nova-vacina-contra-covid-19\\\/#primaryimage\"},\"thumbnailUrl\":\"https:\\\/\\\/transamerica93.com.br\\\/home\\\/wp-content\\\/uploads\\\/2024\\\/05\\\/imagem-4.jpg\",\"datePublished\":\"2024-05-17T12:00:37+00:00\",\"breadcrumb\":{\"@id\":\"https:\\\/\\\/transamerica93.com.br\\\/home\\\/ministerio-envia-a-12-estados-doses-da-nova-vacina-contra-covid-19\\\/#breadcrumb\"},\"inLanguage\":\"pt-BR\",\"potentialAction\":[{\"@type\":\"ReadAction\",\"target\":[\"https:\\\/\\\/transamerica93.com.br\\\/home\\\/ministerio-envia-a-12-estados-doses-da-nova-vacina-contra-covid-19\\\/\"]}]},{\"@type\":\"ImageObject\",\"inLanguage\":\"pt-BR\",\"@id\":\"https:\\\/\\\/transamerica93.com.br\\\/home\\\/ministerio-envia-a-12-estados-doses-da-nova-vacina-contra-covid-19\\\/#primaryimage\",\"url\":\"https:\\\/\\\/transamerica93.com.br\\\/home\\\/wp-content\\\/uploads\\\/2024\\\/05\\\/imagem-4.jpg\",\"contentUrl\":\"https:\\\/\\\/transamerica93.com.br\\\/home\\\/wp-content\\\/uploads\\\/2024\\\/05\\\/imagem-4.jpg\",\"width\":1170,\"height\":700,\"caption\":\"\u00a9 Rovena Rosa\\\/Ag\u00eancia Brasil\\\/Arquivo\"},{\"@type\":\"BreadcrumbList\",\"@id\":\"https:\\\/\\\/transamerica93.com.br\\\/home\\\/ministerio-envia-a-12-estados-doses-da-nova-vacina-contra-covid-19\\\/#breadcrumb\",\"itemListElement\":[{\"@type\":\"ListItem\",\"position\":1,\"name\":\"In\u00edcio\",\"item\":\"https:\\\/\\\/transamerica93.com.br\\\/home\\\/\"},{\"@type\":\"ListItem\",\"position\":2,\"name\":\"Minist\u00e9rio envia a 12 estados doses da nova vacina contra covid-19\"}]},{\"@type\":\"WebSite\",\"@id\":\"https:\\\/\\\/transamerica93.com.br\\\/home\\\/#website\",\"url\":\"https:\\\/\\\/transamerica93.com.br\\\/home\\\/\",\"name\":\"Transam\u00e9rica Mococa 93,3\",\"description\":\"\",\"publisher\":{\"@id\":\"https:\\\/\\\/transamerica93.com.br\\\/home\\\/#organization\"},\"potentialAction\":[{\"@type\":\"SearchAction\",\"target\":{\"@type\":\"EntryPoint\",\"urlTemplate\":\"https:\\\/\\\/transamerica93.com.br\\\/home\\\/?s={search_term_string}\"},\"query-input\":{\"@type\":\"PropertyValueSpecification\",\"valueRequired\":true,\"valueName\":\"search_term_string\"}}],\"inLanguage\":\"pt-BR\"},{\"@type\":\"Organization\",\"@id\":\"https:\\\/\\\/transamerica93.com.br\\\/home\\\/#organization\",\"name\":\"Transam\u00e9rica Mococa 93,3\",\"url\":\"https:\\\/\\\/transamerica93.com.br\\\/home\\\/\",\"logo\":{\"@type\":\"ImageObject\",\"inLanguage\":\"pt-BR\",\"@id\":\"https:\\\/\\\/transamerica93.com.br\\\/home\\\/#\\\/schema\\\/logo\\\/image\\\/\",\"url\":\"https:\\\/\\\/transamerica93.com.br\\\/home\\\/wp-content\\\/uploads\\\/2023\\\/10\\\/logo2.png\",\"contentUrl\":\"https:\\\/\\\/transamerica93.com.br\\\/home\\\/wp-content\\\/uploads\\\/2023\\\/10\\\/logo2.png\",\"width\":800,\"height\":500,\"caption\":\"Transam\u00e9rica Mococa 93,3\"},\"image\":{\"@id\":\"https:\\\/\\\/transamerica93.com.br\\\/home\\\/#\\\/schema\\\/logo\\\/image\\\/\"},\"sameAs\":[\"https:\\\/\\\/www.facebook.com\\\/transamericamococa\",\"https:\\\/\\\/x.com\\\/transamerica933\",\"https:\\\/\\\/www.instagram.com\\\/transamericamococa\"]},{\"@type\":\"Person\",\"@id\":\"https:\\\/\\\/transamerica93.com.br\\\/home\\\/#\\\/schema\\\/person\\\/7fed7c99c0d4562efa8561bc0f543172\",\"name\":\"Reda\u00e7\u00e3o\",\"image\":{\"@type\":\"ImageObject\",\"inLanguage\":\"pt-BR\",\"@id\":\"https:\\\/\\\/secure.gravatar.com\\\/avatar\\\/1072c6b775fb02ef8506ce967551d95926669a6b7d2c2147b42eea4d7c68395e?s=96&d=mm&r=g\",\"url\":\"https:\\\/\\\/secure.gravatar.com\\\/avatar\\\/1072c6b775fb02ef8506ce967551d95926669a6b7d2c2147b42eea4d7c68395e?s=96&d=mm&r=g\",\"contentUrl\":\"https:\\\/\\\/secure.gravatar.com\\\/avatar\\\/1072c6b775fb02ef8506ce967551d95926669a6b7d2c2147b42eea4d7c68395e?s=96&d=mm&r=g\",\"caption\":\"Reda\u00e7\u00e3o\"},\"sameAs\":[\"https:\\\/\\\/transamerica93.com.br\\\/home\"],\"url\":\"https:\\\/\\\/transamerica93.com.br\\\/home\\\/author\\\/william\\\/\"}]}<\/script>\n<!-- \/ Yoast SEO plugin. -->","yoast_head_json":{"title":"Minist\u00e9rio envia a 12 estados doses da nova vacina contra covid-19 - Transam\u00e9rica Mococa 93,3","robots":{"index":"index","follow":"follow","max-snippet":"max-snippet:-1","max-image-preview":"max-image-preview:large","max-video-preview":"max-video-preview:-1"},"canonical":"https:\/\/transamerica93.com.br\/home\/ministerio-envia-a-12-estados-doses-da-nova-vacina-contra-covid-19\/","og_locale":"pt_BR","og_type":"article","og_title":"Minist\u00e9rio envia a 12 estados doses da nova vacina contra covid-19 - Transam\u00e9rica Mococa 93,3","og_description":"O Minist\u00e9rio da Sa\u00fade distribui a 12 estados as primeiras doses da vacina atualizada contra a covid-19. Esses lotes s\u00e3o parte de um total de 12,5 milh\u00f5es de doses adquiridas pela pasta e que desembarcaram no Aeroporto de Guarulhos, em S\u00e3o Paulo, no dia 2. Na quinta-feira, as secretarias de Sa\u00fade do Paran\u00e1, de Goi\u00e1s, &hellip;","og_url":"https:\/\/transamerica93.com.br\/home\/ministerio-envia-a-12-estados-doses-da-nova-vacina-contra-covid-19\/","og_site_name":"Transam\u00e9rica Mococa 93,3","article_publisher":"https:\/\/www.facebook.com\/transamericamococa","article_published_time":"2024-05-17T12:00:37+00:00","og_image":[{"width":1170,"height":700,"url":"https:\/\/transamerica93.com.br\/home\/wp-content\/uploads\/2024\/05\/imagem-4.jpg","type":"image\/jpeg"}],"author":"Reda\u00e7\u00e3o","twitter_card":"summary_large_image","twitter_creator":"@transamerica933","twitter_site":"@transamerica933","twitter_misc":{"Escrito por":"Reda\u00e7\u00e3o","Est. tempo de leitura":"4 minutos"},"schema":{"@context":"https:\/\/schema.org","@graph":[{"@type":"Article","@id":"https:\/\/transamerica93.com.br\/home\/ministerio-envia-a-12-estados-doses-da-nova-vacina-contra-covid-19\/#article","isPartOf":{"@id":"https:\/\/transamerica93.com.br\/home\/ministerio-envia-a-12-estados-doses-da-nova-vacina-contra-covid-19\/"},"author":{"name":"Reda\u00e7\u00e3o","@id":"https:\/\/transamerica93.com.br\/home\/#\/schema\/person\/7fed7c99c0d4562efa8561bc0f543172"},"headline":"Minist\u00e9rio envia a 12 estados doses da nova vacina contra covid-19","datePublished":"2024-05-17T12:00:37+00:00","mainEntityOfPage":{"@id":"https:\/\/transamerica93.com.br\/home\/ministerio-envia-a-12-estados-doses-da-nova-vacina-contra-covid-19\/"},"wordCount":526,"publisher":{"@id":"https:\/\/transamerica93.com.br\/home\/#organization"},"image":{"@id":"https:\/\/transamerica93.com.br\/home\/ministerio-envia-a-12-estados-doses-da-nova-vacina-contra-covid-19\/#primaryimage"},"thumbnailUrl":"https:\/\/transamerica93.com.br\/home\/wp-content\/uploads\/2024\/05\/imagem-4.jpg","articleSection":["Geral"],"inLanguage":"pt-BR"},{"@type":"WebPage","@id":"https:\/\/transamerica93.com.br\/home\/ministerio-envia-a-12-estados-doses-da-nova-vacina-contra-covid-19\/","url":"https:\/\/transamerica93.com.br\/home\/ministerio-envia-a-12-estados-doses-da-nova-vacina-contra-covid-19\/","name":"Minist\u00e9rio envia a 12 estados doses da nova vacina contra covid-19 - Transam\u00e9rica Mococa 93,3","isPartOf":{"@id":"https:\/\/transamerica93.com.br\/home\/#website"},"primaryImageOfPage":{"@id":"https:\/\/transamerica93.com.br\/home\/ministerio-envia-a-12-estados-doses-da-nova-vacina-contra-covid-19\/#primaryimage"},"image":{"@id":"https:\/\/transamerica93.com.br\/home\/ministerio-envia-a-12-estados-doses-da-nova-vacina-contra-covid-19\/#primaryimage"},"thumbnailUrl":"https:\/\/transamerica93.com.br\/home\/wp-content\/uploads\/2024\/05\/imagem-4.jpg","datePublished":"2024-05-17T12:00:37+00:00","breadcrumb":{"@id":"https:\/\/transamerica93.com.br\/home\/ministerio-envia-a-12-estados-doses-da-nova-vacina-contra-covid-19\/#breadcrumb"},"inLanguage":"pt-BR","potentialAction":[{"@type":"ReadAction","target":["https:\/\/transamerica93.com.br\/home\/ministerio-envia-a-12-estados-doses-da-nova-vacina-contra-covid-19\/"]}]},{"@type":"ImageObject","inLanguage":"pt-BR","@id":"https:\/\/transamerica93.com.br\/home\/ministerio-envia-a-12-estados-doses-da-nova-vacina-contra-covid-19\/#primaryimage","url":"https:\/\/transamerica93.com.br\/home\/wp-content\/uploads\/2024\/05\/imagem-4.jpg","contentUrl":"https:\/\/transamerica93.com.br\/home\/wp-content\/uploads\/2024\/05\/imagem-4.jpg","width":1170,"height":700,"caption":"\u00a9 Rovena Rosa\/Ag\u00eancia Brasil\/Arquivo"},{"@type":"BreadcrumbList","@id":"https:\/\/transamerica93.com.br\/home\/ministerio-envia-a-12-estados-doses-da-nova-vacina-contra-covid-19\/#breadcrumb","itemListElement":[{"@type":"ListItem","position":1,"name":"In\u00edcio","item":"https:\/\/transamerica93.com.br\/home\/"},{"@type":"ListItem","position":2,"name":"Minist\u00e9rio envia a 12 estados doses da nova vacina contra covid-19"}]},{"@type":"WebSite","@id":"https:\/\/transamerica93.com.br\/home\/#website","url":"https:\/\/transamerica93.com.br\/home\/","name":"Transam\u00e9rica Mococa 93,3","description":"","publisher":{"@id":"https:\/\/transamerica93.com.br\/home\/#organization"},"potentialAction":[{"@type":"SearchAction","target":{"@type":"EntryPoint","urlTemplate":"https:\/\/transamerica93.com.br\/home\/?s={search_term_string}"},"query-input":{"@type":"PropertyValueSpecification","valueRequired":true,"valueName":"search_term_string"}}],"inLanguage":"pt-BR"},{"@type":"Organization","@id":"https:\/\/transamerica93.com.br\/home\/#organization","name":"Transam\u00e9rica Mococa 93,3","url":"https:\/\/transamerica93.com.br\/home\/","logo":{"@type":"ImageObject","inLanguage":"pt-BR","@id":"https:\/\/transamerica93.com.br\/home\/#\/schema\/logo\/image\/","url":"https:\/\/transamerica93.com.br\/home\/wp-content\/uploads\/2023\/10\/logo2.png","contentUrl":"https:\/\/transamerica93.com.br\/home\/wp-content\/uploads\/2023\/10\/logo2.png","width":800,"height":500,"caption":"Transam\u00e9rica Mococa 93,3"},"image":{"@id":"https:\/\/transamerica93.com.br\/home\/#\/schema\/logo\/image\/"},"sameAs":["https:\/\/www.facebook.com\/transamericamococa","https:\/\/x.com\/transamerica933","https:\/\/www.instagram.com\/transamericamococa"]},{"@type":"Person","@id":"https:\/\/transamerica93.com.br\/home\/#\/schema\/person\/7fed7c99c0d4562efa8561bc0f543172","name":"Reda\u00e7\u00e3o","image":{"@type":"ImageObject","inLanguage":"pt-BR","@id":"https:\/\/secure.gravatar.com\/avatar\/1072c6b775fb02ef8506ce967551d95926669a6b7d2c2147b42eea4d7c68395e?s=96&d=mm&r=g","url":"https:\/\/secure.gravatar.com\/avatar\/1072c6b775fb02ef8506ce967551d95926669a6b7d2c2147b42eea4d7c68395e?s=96&d=mm&r=g","contentUrl":"https:\/\/secure.gravatar.com\/avatar\/1072c6b775fb02ef8506ce967551d95926669a6b7d2c2147b42eea4d7c68395e?s=96&d=mm&r=g","caption":"Reda\u00e7\u00e3o"},"sameAs":["https:\/\/transamerica93.com.br\/home"],"url":"https:\/\/transamerica93.com.br\/home\/author\/william\/"}]}},"_links":{"self":[{"href":"https:\/\/transamerica93.com.br\/home\/wp-json\/wp\/v2\/posts\/3042","targetHints":{"allow":["GET"]}}],"collection":[{"href":"https:\/\/transamerica93.com.br\/home\/wp-json\/wp\/v2\/posts"}],"about":[{"href":"https:\/\/transamerica93.com.br\/home\/wp-json\/wp\/v2\/types\/post"}],"author":[{"embeddable":true,"href":"https:\/\/transamerica93.com.br\/home\/wp-json\/wp\/v2\/users\/1"}],"replies":[{"embeddable":true,"href":"https:\/\/transamerica93.com.br\/home\/wp-json\/wp\/v2\/comments?post=3042"}],"version-history":[{"count":1,"href":"https:\/\/transamerica93.com.br\/home\/wp-json\/wp\/v2\/posts\/3042\/revisions"}],"predecessor-version":[{"id":3044,"href":"https:\/\/transamerica93.com.br\/home\/wp-json\/wp\/v2\/posts\/3042\/revisions\/3044"}],"wp:featuredmedia":[{"embeddable":true,"href":"https:\/\/transamerica93.com.br\/home\/wp-json\/wp\/v2\/media\/3043"}],"wp:attachment":[{"href":"https:\/\/transamerica93.com.br\/home\/wp-json\/wp\/v2\/media?parent=3042"}],"wp:term":[{"taxonomy":"category","embeddable":true,"href":"https:\/\/transamerica93.com.br\/home\/wp-json\/wp\/v2\/categories?post=3042"},{"taxonomy":"post_tag","embeddable":true,"href":"https:\/\/transamerica93.com.br\/home\/wp-json\/wp\/v2\/tags?post=3042"}],"curies":[{"name":"wp","href":"https:\/\/api.w.org\/{rel}","templated":true}]}}