{"id":3045,"date":"2024-05-13T12:00:00","date_gmt":"2024-05-13T15:00:00","guid":{"rendered":"https:\/\/transamerica93.com.br\/home\/?p=3045"},"modified":"2024-05-11T04:37:28","modified_gmt":"2024-05-11T07:37:28","slug":"selecao-feminina-e-convocada-para-amistosos-contra-a-jamaica","status":"publish","type":"post","link":"https:\/\/transamerica93.com.br\/home\/selecao-feminina-e-convocada-para-amistosos-contra-a-jamaica\/","title":{"rendered":"Sele\u00e7\u00e3o feminina \u00e9 convocada para amistosos contra a Jamaica"},"content":{"rendered":"<div class=\"post-item-wrap\">\n<p>O t\u00e9cnico Arthur Elias anunciou a rela\u00e7\u00e3o de 26 atletas convocadas para a pr\u00f3xima Data Fifa, oportunidade na qual a sele\u00e7\u00e3o brasileira disputar\u00e1 partidas amistosas contra a Jamaica. Os jogos ser\u00e3o disputados na Arena Pernambuco, em S\u00e3o Louren\u00e7o da Mata (Pernambuco), e na Arena Fonte Nova, em Salvador (Bahia), respectivamente nos dias 1 e 4 de junho.<\/p>\n<p>\u201cVamos enfrentar uma sele\u00e7\u00e3o que tem feito bons jogos, fez uma excelente Copa do Mundo e ser\u00e1 um bom teste para as Olimp\u00edadas\u201d, declarou o treinador.<\/p>\n<p>As grandes novidades da lista s\u00e3o a atacante Byanca Brasil, que tem se destacado com a camisa do Cruzeiro e que n\u00e3o era convocada desde 2017, e a goleira Natascha, do Palmeiras, eleita a jogadora do m\u00eas de mar\u00e7o da S\u00e9rie A1 do Campeonato Brasileiro de futebol feminino.<\/p>\n<h2>Rela\u00e7\u00e3o de convocadas:<\/h2>\n<p>GOLEIRAS<br \/>\nLorena &#8211; Gr\u00eamio<br \/>\nLuciana &#8211; Ferrovi\u00e1ria<br \/>\nNatascha &#8211; Palmeiras<br \/>\nTain\u00e1 &#8211; Am\u00e9rica-MG<\/p>\n<p>DEFENSORAS<br \/>\nRafaelle &#8211; Orlando Pride (EUA)<br \/>\nAntonia &#8211; Levante UD (ESP)<br \/>\nTarciane &#8211; Houston Dash (EUA)<br \/>\nTha\u00eds Ferreira &#8211; Tenerife (ESP)<br \/>\nF\u00ea Palermo &#8211; Palmeiras<br \/>\nYasmim &#8211; Corinthians<br \/>\nTamires &#8211; Corinthians<\/p>\n<p>MEIO-CAMPISTAS<br \/>\nDuda Sampaio &#8211; Corinthians<br \/>\nVit\u00f3ria Yaya &#8211; Corinthians<br \/>\nAna Vit\u00f3ria &#8211; Atletico de Madrid (ESP)<br \/>\nDuda Santos &#8211; Ferrovi\u00e1ria<br \/>\nBrena &#8211; Palmeiras<\/p>\n<p>ATACANTES<br \/>\nAdriana &#8211; Orlando Pride (EUA)<br \/>\nMarta &#8211; Orlando Pride (EUA)<br \/>\nBia Zaneratto &#8211; Kansas City (EUA)<br \/>\nPriscila &#8211; Internacional<br \/>\nGabi Nunes &#8211; Levante UD (ESP)<br \/>\nGabi Portilho &#8211; Corinthians<br \/>\nByanca Brasil &#8211; Cruzeiro<br \/>\nCristiane &#8211; Flamengo<br \/>\nLudmila &#8211; Atletico de Madrid (ESP)<br \/>\nJheniffer &#8211; Corinthians<\/p>\n<\/div>\n<p class=\"alt-font font-italic my-2 small text-info\">Edi\u00e7\u00e3o: F\u00e1bio Lisboa<\/p>\n","protected":false},"excerpt":{"rendered":"<p>O t\u00e9cnico Arthur Elias anunciou a rela\u00e7\u00e3o de 26 atletas convocadas para a pr\u00f3xima Data Fifa, oportunidade na qual a sele\u00e7\u00e3o brasileira disputar\u00e1 partidas amistosas contra a Jamaica. Os jogos ser\u00e3o disputados na Arena Pernambuco, em S\u00e3o Louren\u00e7o da Mata (Pernambuco), e na Arena Fonte Nova, em Salvador (Bahia), respectivamente nos dias 1 e 4 &hellip;<\/p>\n","protected":false},"author":1,"featured_media":3046,"comment_status":"closed","ping_status":"closed","sticky":false,"template":"","format":"standard","meta":{"footnotes":""},"categories":[31],"tags":[],"class_list":["post-3045","post","type-post","status-publish","format-standard","has-post-thumbnail","hentry","category-esportes"],"yoast_head":"<!-- This site is optimized with the Yoast SEO plugin v27.4 - https:\/\/yoast.com\/product\/yoast-seo-wordpress\/ -->\n<title>Sele\u00e7\u00e3o feminina \u00e9 convocada para amistosos contra a Jamaica - Transam\u00e9rica Mococa 93,3<\/title>\n<meta name=\"robots\" content=\"index, follow, max-snippet:-1, max-image-preview:large, max-video-preview:-1\" \/>\n<link rel=\"canonical\" href=\"https:\/\/transamerica93.com.br\/home\/selecao-feminina-e-convocada-para-amistosos-contra-a-jamaica\/\" \/>\n<meta property=\"og:locale\" content=\"pt_BR\" \/>\n<meta property=\"og:type\" content=\"article\" \/>\n<meta property=\"og:title\" content=\"Sele\u00e7\u00e3o feminina \u00e9 convocada para amistosos contra a Jamaica - Transam\u00e9rica Mococa 93,3\" \/>\n<meta property=\"og:description\" content=\"O t\u00e9cnico Arthur Elias anunciou a rela\u00e7\u00e3o de 26 atletas convocadas para a pr\u00f3xima Data Fifa, oportunidade na qual a sele\u00e7\u00e3o brasileira disputar\u00e1 partidas amistosas contra a Jamaica. Os jogos ser\u00e3o disputados na Arena Pernambuco, em S\u00e3o Louren\u00e7o da Mata (Pernambuco), e na Arena Fonte Nova, em Salvador (Bahia), respectivamente nos dias 1 e 4 &hellip;\" \/>\n<meta property=\"og:url\" content=\"https:\/\/transamerica93.com.br\/home\/selecao-feminina-e-convocada-para-amistosos-contra-a-jamaica\/\" \/>\n<meta property=\"og:site_name\" content=\"Transam\u00e9rica Mococa 93,3\" \/>\n<meta property=\"article:publisher\" content=\"https:\/\/www.facebook.com\/transamericamococa\" \/>\n<meta property=\"article:published_time\" content=\"2024-05-13T15:00:00+00:00\" \/>\n<meta property=\"og:image\" content=\"https:\/\/transamerica93.com.br\/home\/wp-content\/uploads\/2024\/05\/2.jpg\" \/>\n\t<meta property=\"og:image:width\" content=\"1170\" \/>\n\t<meta property=\"og:image:height\" content=\"700\" \/>\n\t<meta property=\"og:image:type\" content=\"image\/jpeg\" \/>\n<meta name=\"author\" content=\"Reda\u00e7\u00e3o\" \/>\n<meta name=\"twitter:card\" content=\"summary_large_image\" \/>\n<meta name=\"twitter:creator\" content=\"@transamerica933\" \/>\n<meta name=\"twitter:site\" content=\"@transamerica933\" \/>\n<meta name=\"twitter:label1\" content=\"Escrito por\" \/>\n\t<meta name=\"twitter:data1\" content=\"Reda\u00e7\u00e3o\" \/>\n\t<meta name=\"twitter:label2\" content=\"Est. tempo de leitura\" \/>\n\t<meta name=\"twitter:data2\" content=\"2 minutos\" \/>\n<script type=\"application\/ld+json\" class=\"yoast-schema-graph\">{\"@context\":\"https:\\\/\\\/schema.org\",\"@graph\":[{\"@type\":\"Article\",\"@id\":\"https:\\\/\\\/transamerica93.com.br\\\/home\\\/selecao-feminina-e-convocada-para-amistosos-contra-a-jamaica\\\/#article\",\"isPartOf\":{\"@id\":\"https:\\\/\\\/transamerica93.com.br\\\/home\\\/selecao-feminina-e-convocada-para-amistosos-contra-a-jamaica\\\/\"},\"author\":{\"name\":\"Reda\u00e7\u00e3o\",\"@id\":\"https:\\\/\\\/transamerica93.com.br\\\/home\\\/#\\\/schema\\\/person\\\/7fed7c99c0d4562efa8561bc0f543172\"},\"headline\":\"Sele\u00e7\u00e3o feminina \u00e9 convocada para amistosos contra a Jamaica\",\"datePublished\":\"2024-05-13T15:00:00+00:00\",\"mainEntityOfPage\":{\"@id\":\"https:\\\/\\\/transamerica93.com.br\\\/home\\\/selecao-feminina-e-convocada-para-amistosos-contra-a-jamaica\\\/\"},\"wordCount\":279,\"publisher\":{\"@id\":\"https:\\\/\\\/transamerica93.com.br\\\/home\\\/#organization\"},\"image\":{\"@id\":\"https:\\\/\\\/transamerica93.com.br\\\/home\\\/selecao-feminina-e-convocada-para-amistosos-contra-a-jamaica\\\/#primaryimage\"},\"thumbnailUrl\":\"https:\\\/\\\/transamerica93.com.br\\\/home\\\/wp-content\\\/uploads\\\/2024\\\/05\\\/2.jpg\",\"articleSection\":[\"Esportes\"],\"inLanguage\":\"pt-BR\"},{\"@type\":\"WebPage\",\"@id\":\"https:\\\/\\\/transamerica93.com.br\\\/home\\\/selecao-feminina-e-convocada-para-amistosos-contra-a-jamaica\\\/\",\"url\":\"https:\\\/\\\/transamerica93.com.br\\\/home\\\/selecao-feminina-e-convocada-para-amistosos-contra-a-jamaica\\\/\",\"name\":\"Sele\u00e7\u00e3o feminina \u00e9 convocada para amistosos contra a Jamaica - Transam\u00e9rica Mococa 93,3\",\"isPartOf\":{\"@id\":\"https:\\\/\\\/transamerica93.com.br\\\/home\\\/#website\"},\"primaryImageOfPage\":{\"@id\":\"https:\\\/\\\/transamerica93.com.br\\\/home\\\/selecao-feminina-e-convocada-para-amistosos-contra-a-jamaica\\\/#primaryimage\"},\"image\":{\"@id\":\"https:\\\/\\\/transamerica93.com.br\\\/home\\\/selecao-feminina-e-convocada-para-amistosos-contra-a-jamaica\\\/#primaryimage\"},\"thumbnailUrl\":\"https:\\\/\\\/transamerica93.com.br\\\/home\\\/wp-content\\\/uploads\\\/2024\\\/05\\\/2.jpg\",\"datePublished\":\"2024-05-13T15:00:00+00:00\",\"breadcrumb\":{\"@id\":\"https:\\\/\\\/transamerica93.com.br\\\/home\\\/selecao-feminina-e-convocada-para-amistosos-contra-a-jamaica\\\/#breadcrumb\"},\"inLanguage\":\"pt-BR\",\"potentialAction\":[{\"@type\":\"ReadAction\",\"target\":[\"https:\\\/\\\/transamerica93.com.br\\\/home\\\/selecao-feminina-e-convocada-para-amistosos-contra-a-jamaica\\\/\"]}]},{\"@type\":\"ImageObject\",\"inLanguage\":\"pt-BR\",\"@id\":\"https:\\\/\\\/transamerica93.com.br\\\/home\\\/selecao-feminina-e-convocada-para-amistosos-contra-a-jamaica\\\/#primaryimage\",\"url\":\"https:\\\/\\\/transamerica93.com.br\\\/home\\\/wp-content\\\/uploads\\\/2024\\\/05\\\/2.jpg\",\"contentUrl\":\"https:\\\/\\\/transamerica93.com.br\\\/home\\\/wp-content\\\/uploads\\\/2024\\\/05\\\/2.jpg\",\"width\":1170,\"height\":700,\"caption\":\"\u00a9 Rafael Ribeiro\\\/CBF\\\/Direitos Reservados\"},{\"@type\":\"BreadcrumbList\",\"@id\":\"https:\\\/\\\/transamerica93.com.br\\\/home\\\/selecao-feminina-e-convocada-para-amistosos-contra-a-jamaica\\\/#breadcrumb\",\"itemListElement\":[{\"@type\":\"ListItem\",\"position\":1,\"name\":\"In\u00edcio\",\"item\":\"https:\\\/\\\/transamerica93.com.br\\\/home\\\/\"},{\"@type\":\"ListItem\",\"position\":2,\"name\":\"Sele\u00e7\u00e3o feminina \u00e9 convocada para amistosos contra a Jamaica\"}]},{\"@type\":\"WebSite\",\"@id\":\"https:\\\/\\\/transamerica93.com.br\\\/home\\\/#website\",\"url\":\"https:\\\/\\\/transamerica93.com.br\\\/home\\\/\",\"name\":\"Transam\u00e9rica Mococa 93,3\",\"description\":\"\",\"publisher\":{\"@id\":\"https:\\\/\\\/transamerica93.com.br\\\/home\\\/#organization\"},\"potentialAction\":[{\"@type\":\"SearchAction\",\"target\":{\"@type\":\"EntryPoint\",\"urlTemplate\":\"https:\\\/\\\/transamerica93.com.br\\\/home\\\/?s={search_term_string}\"},\"query-input\":{\"@type\":\"PropertyValueSpecification\",\"valueRequired\":true,\"valueName\":\"search_term_string\"}}],\"inLanguage\":\"pt-BR\"},{\"@type\":\"Organization\",\"@id\":\"https:\\\/\\\/transamerica93.com.br\\\/home\\\/#organization\",\"name\":\"Transam\u00e9rica Mococa 93,3\",\"url\":\"https:\\\/\\\/transamerica93.com.br\\\/home\\\/\",\"logo\":{\"@type\":\"ImageObject\",\"inLanguage\":\"pt-BR\",\"@id\":\"https:\\\/\\\/transamerica93.com.br\\\/home\\\/#\\\/schema\\\/logo\\\/image\\\/\",\"url\":\"https:\\\/\\\/transamerica93.com.br\\\/home\\\/wp-content\\\/uploads\\\/2023\\\/10\\\/logo2.png\",\"contentUrl\":\"https:\\\/\\\/transamerica93.com.br\\\/home\\\/wp-content\\\/uploads\\\/2023\\\/10\\\/logo2.png\",\"width\":800,\"height\":500,\"caption\":\"Transam\u00e9rica Mococa 93,3\"},\"image\":{\"@id\":\"https:\\\/\\\/transamerica93.com.br\\\/home\\\/#\\\/schema\\\/logo\\\/image\\\/\"},\"sameAs\":[\"https:\\\/\\\/www.facebook.com\\\/transamericamococa\",\"https:\\\/\\\/x.com\\\/transamerica933\",\"https:\\\/\\\/www.instagram.com\\\/transamericamococa\"]},{\"@type\":\"Person\",\"@id\":\"https:\\\/\\\/transamerica93.com.br\\\/home\\\/#\\\/schema\\\/person\\\/7fed7c99c0d4562efa8561bc0f543172\",\"name\":\"Reda\u00e7\u00e3o\",\"image\":{\"@type\":\"ImageObject\",\"inLanguage\":\"pt-BR\",\"@id\":\"https:\\\/\\\/secure.gravatar.com\\\/avatar\\\/1072c6b775fb02ef8506ce967551d95926669a6b7d2c2147b42eea4d7c68395e?s=96&d=mm&r=g\",\"url\":\"https:\\\/\\\/secure.gravatar.com\\\/avatar\\\/1072c6b775fb02ef8506ce967551d95926669a6b7d2c2147b42eea4d7c68395e?s=96&d=mm&r=g\",\"contentUrl\":\"https:\\\/\\\/secure.gravatar.com\\\/avatar\\\/1072c6b775fb02ef8506ce967551d95926669a6b7d2c2147b42eea4d7c68395e?s=96&d=mm&r=g\",\"caption\":\"Reda\u00e7\u00e3o\"},\"sameAs\":[\"https:\\\/\\\/transamerica93.com.br\\\/home\"],\"url\":\"https:\\\/\\\/transamerica93.com.br\\\/home\\\/author\\\/william\\\/\"}]}<\/script>\n<!-- \/ Yoast SEO plugin. -->","yoast_head_json":{"title":"Sele\u00e7\u00e3o feminina \u00e9 convocada para amistosos contra a Jamaica - Transam\u00e9rica Mococa 93,3","robots":{"index":"index","follow":"follow","max-snippet":"max-snippet:-1","max-image-preview":"max-image-preview:large","max-video-preview":"max-video-preview:-1"},"canonical":"https:\/\/transamerica93.com.br\/home\/selecao-feminina-e-convocada-para-amistosos-contra-a-jamaica\/","og_locale":"pt_BR","og_type":"article","og_title":"Sele\u00e7\u00e3o feminina \u00e9 convocada para amistosos contra a Jamaica - Transam\u00e9rica Mococa 93,3","og_description":"O t\u00e9cnico Arthur Elias anunciou a rela\u00e7\u00e3o de 26 atletas convocadas para a pr\u00f3xima Data Fifa, oportunidade na qual a sele\u00e7\u00e3o brasileira disputar\u00e1 partidas amistosas contra a Jamaica. Os jogos ser\u00e3o disputados na Arena Pernambuco, em S\u00e3o Louren\u00e7o da Mata (Pernambuco), e na Arena Fonte Nova, em Salvador (Bahia), respectivamente nos dias 1 e 4 &hellip;","og_url":"https:\/\/transamerica93.com.br\/home\/selecao-feminina-e-convocada-para-amistosos-contra-a-jamaica\/","og_site_name":"Transam\u00e9rica Mococa 93,3","article_publisher":"https:\/\/www.facebook.com\/transamericamococa","article_published_time":"2024-05-13T15:00:00+00:00","og_image":[{"width":1170,"height":700,"url":"https:\/\/transamerica93.com.br\/home\/wp-content\/uploads\/2024\/05\/2.jpg","type":"image\/jpeg"}],"author":"Reda\u00e7\u00e3o","twitter_card":"summary_large_image","twitter_creator":"@transamerica933","twitter_site":"@transamerica933","twitter_misc":{"Escrito por":"Reda\u00e7\u00e3o","Est. tempo de leitura":"2 minutos"},"schema":{"@context":"https:\/\/schema.org","@graph":[{"@type":"Article","@id":"https:\/\/transamerica93.com.br\/home\/selecao-feminina-e-convocada-para-amistosos-contra-a-jamaica\/#article","isPartOf":{"@id":"https:\/\/transamerica93.com.br\/home\/selecao-feminina-e-convocada-para-amistosos-contra-a-jamaica\/"},"author":{"name":"Reda\u00e7\u00e3o","@id":"https:\/\/transamerica93.com.br\/home\/#\/schema\/person\/7fed7c99c0d4562efa8561bc0f543172"},"headline":"Sele\u00e7\u00e3o feminina \u00e9 convocada para amistosos contra a Jamaica","datePublished":"2024-05-13T15:00:00+00:00","mainEntityOfPage":{"@id":"https:\/\/transamerica93.com.br\/home\/selecao-feminina-e-convocada-para-amistosos-contra-a-jamaica\/"},"wordCount":279,"publisher":{"@id":"https:\/\/transamerica93.com.br\/home\/#organization"},"image":{"@id":"https:\/\/transamerica93.com.br\/home\/selecao-feminina-e-convocada-para-amistosos-contra-a-jamaica\/#primaryimage"},"thumbnailUrl":"https:\/\/transamerica93.com.br\/home\/wp-content\/uploads\/2024\/05\/2.jpg","articleSection":["Esportes"],"inLanguage":"pt-BR"},{"@type":"WebPage","@id":"https:\/\/transamerica93.com.br\/home\/selecao-feminina-e-convocada-para-amistosos-contra-a-jamaica\/","url":"https:\/\/transamerica93.com.br\/home\/selecao-feminina-e-convocada-para-amistosos-contra-a-jamaica\/","name":"Sele\u00e7\u00e3o feminina \u00e9 convocada para amistosos contra a Jamaica - Transam\u00e9rica Mococa 93,3","isPartOf":{"@id":"https:\/\/transamerica93.com.br\/home\/#website"},"primaryImageOfPage":{"@id":"https:\/\/transamerica93.com.br\/home\/selecao-feminina-e-convocada-para-amistosos-contra-a-jamaica\/#primaryimage"},"image":{"@id":"https:\/\/transamerica93.com.br\/home\/selecao-feminina-e-convocada-para-amistosos-contra-a-jamaica\/#primaryimage"},"thumbnailUrl":"https:\/\/transamerica93.com.br\/home\/wp-content\/uploads\/2024\/05\/2.jpg","datePublished":"2024-05-13T15:00:00+00:00","breadcrumb":{"@id":"https:\/\/transamerica93.com.br\/home\/selecao-feminina-e-convocada-para-amistosos-contra-a-jamaica\/#breadcrumb"},"inLanguage":"pt-BR","potentialAction":[{"@type":"ReadAction","target":["https:\/\/transamerica93.com.br\/home\/selecao-feminina-e-convocada-para-amistosos-contra-a-jamaica\/"]}]},{"@type":"ImageObject","inLanguage":"pt-BR","@id":"https:\/\/transamerica93.com.br\/home\/selecao-feminina-e-convocada-para-amistosos-contra-a-jamaica\/#primaryimage","url":"https:\/\/transamerica93.com.br\/home\/wp-content\/uploads\/2024\/05\/2.jpg","contentUrl":"https:\/\/transamerica93.com.br\/home\/wp-content\/uploads\/2024\/05\/2.jpg","width":1170,"height":700,"caption":"\u00a9 Rafael Ribeiro\/CBF\/Direitos Reservados"},{"@type":"BreadcrumbList","@id":"https:\/\/transamerica93.com.br\/home\/selecao-feminina-e-convocada-para-amistosos-contra-a-jamaica\/#breadcrumb","itemListElement":[{"@type":"ListItem","position":1,"name":"In\u00edcio","item":"https:\/\/transamerica93.com.br\/home\/"},{"@type":"ListItem","position":2,"name":"Sele\u00e7\u00e3o feminina \u00e9 convocada para amistosos contra a Jamaica"}]},{"@type":"WebSite","@id":"https:\/\/transamerica93.com.br\/home\/#website","url":"https:\/\/transamerica93.com.br\/home\/","name":"Transam\u00e9rica Mococa 93,3","description":"","publisher":{"@id":"https:\/\/transamerica93.com.br\/home\/#organization"},"potentialAction":[{"@type":"SearchAction","target":{"@type":"EntryPoint","urlTemplate":"https:\/\/transamerica93.com.br\/home\/?s={search_term_string}"},"query-input":{"@type":"PropertyValueSpecification","valueRequired":true,"valueName":"search_term_string"}}],"inLanguage":"pt-BR"},{"@type":"Organization","@id":"https:\/\/transamerica93.com.br\/home\/#organization","name":"Transam\u00e9rica Mococa 93,3","url":"https:\/\/transamerica93.com.br\/home\/","logo":{"@type":"ImageObject","inLanguage":"pt-BR","@id":"https:\/\/transamerica93.com.br\/home\/#\/schema\/logo\/image\/","url":"https:\/\/transamerica93.com.br\/home\/wp-content\/uploads\/2023\/10\/logo2.png","contentUrl":"https:\/\/transamerica93.com.br\/home\/wp-content\/uploads\/2023\/10\/logo2.png","width":800,"height":500,"caption":"Transam\u00e9rica Mococa 93,3"},"image":{"@id":"https:\/\/transamerica93.com.br\/home\/#\/schema\/logo\/image\/"},"sameAs":["https:\/\/www.facebook.com\/transamericamococa","https:\/\/x.com\/transamerica933","https:\/\/www.instagram.com\/transamericamococa"]},{"@type":"Person","@id":"https:\/\/transamerica93.com.br\/home\/#\/schema\/person\/7fed7c99c0d4562efa8561bc0f543172","name":"Reda\u00e7\u00e3o","image":{"@type":"ImageObject","inLanguage":"pt-BR","@id":"https:\/\/secure.gravatar.com\/avatar\/1072c6b775fb02ef8506ce967551d95926669a6b7d2c2147b42eea4d7c68395e?s=96&d=mm&r=g","url":"https:\/\/secure.gravatar.com\/avatar\/1072c6b775fb02ef8506ce967551d95926669a6b7d2c2147b42eea4d7c68395e?s=96&d=mm&r=g","contentUrl":"https:\/\/secure.gravatar.com\/avatar\/1072c6b775fb02ef8506ce967551d95926669a6b7d2c2147b42eea4d7c68395e?s=96&d=mm&r=g","caption":"Reda\u00e7\u00e3o"},"sameAs":["https:\/\/transamerica93.com.br\/home"],"url":"https:\/\/transamerica93.com.br\/home\/author\/william\/"}]}},"_links":{"self":[{"href":"https:\/\/transamerica93.com.br\/home\/wp-json\/wp\/v2\/posts\/3045","targetHints":{"allow":["GET"]}}],"collection":[{"href":"https:\/\/transamerica93.com.br\/home\/wp-json\/wp\/v2\/posts"}],"about":[{"href":"https:\/\/transamerica93.com.br\/home\/wp-json\/wp\/v2\/types\/post"}],"author":[{"embeddable":true,"href":"https:\/\/transamerica93.com.br\/home\/wp-json\/wp\/v2\/users\/1"}],"replies":[{"embeddable":true,"href":"https:\/\/transamerica93.com.br\/home\/wp-json\/wp\/v2\/comments?post=3045"}],"version-history":[{"count":1,"href":"https:\/\/transamerica93.com.br\/home\/wp-json\/wp\/v2\/posts\/3045\/revisions"}],"predecessor-version":[{"id":3050,"href":"https:\/\/transamerica93.com.br\/home\/wp-json\/wp\/v2\/posts\/3045\/revisions\/3050"}],"wp:featuredmedia":[{"embeddable":true,"href":"https:\/\/transamerica93.com.br\/home\/wp-json\/wp\/v2\/media\/3046"}],"wp:attachment":[{"href":"https:\/\/transamerica93.com.br\/home\/wp-json\/wp\/v2\/media?parent=3045"}],"wp:term":[{"taxonomy":"category","embeddable":true,"href":"https:\/\/transamerica93.com.br\/home\/wp-json\/wp\/v2\/categories?post=3045"},{"taxonomy":"post_tag","embeddable":true,"href":"https:\/\/transamerica93.com.br\/home\/wp-json\/wp\/v2\/tags?post=3045"}],"curies":[{"name":"wp","href":"https:\/\/api.w.org\/{rel}","templated":true}]}}