{"id":3055,"date":"2024-05-16T12:00:40","date_gmt":"2024-05-16T15:00:40","guid":{"rendered":"https:\/\/transamerica93.com.br\/home\/?p=3055"},"modified":"2024-05-11T04:40:29","modified_gmt":"2024-05-11T07:40:29","slug":"brasil-sai-na-frente-para-sediar-mundial-feminino-de-futebol","status":"publish","type":"post","link":"https:\/\/transamerica93.com.br\/home\/brasil-sai-na-frente-para-sediar-mundial-feminino-de-futebol\/","title":{"rendered":"Brasil sai na frente para sediar mundial feminino de futebol"},"content":{"rendered":"<div class=\"post-item-wrap\">\n<p>No dia 17 de maio, a Federa\u00e7\u00e3o Internacional de Futebol (Fifa) vai divulgar a sede da pr\u00f3xima Copa do Mundo Feminina de Futebol em 2027. E a candidatura brasileira est\u00e1 otimista quanto ao resultado. \u201cNosso objetivo \u00e9 sair de l\u00e1 provando para o mundo que o Brasil \u00e9 uma escolha natural\u201d, disse Manuela Ventura Silv\u00e9rio Biz, consultora de comunica\u00e7\u00e3o da candidatura brasileira. O \u00fanico concorrente do Brasil para sediar o evento \u00e9 a candidatura conjunta apresentada pela B\u00e9lgica, Holanda e Alemanha.<img decoding=\"async\" data-src=\"https:\/\/agenciabrasil.ebc.com.br\/ebc.png?id=1594197&amp;o=node\" src=\"data:image\/svg+xml;base64,PHN2ZyB3aWR0aD0iMSIgaGVpZ2h0PSIxIiB4bWxucz0iaHR0cDovL3d3dy53My5vcmcvMjAwMC9zdmciPjwvc3ZnPg==\" class=\"lazyload\" \/><img decoding=\"async\" data-src=\"https:\/\/agenciabrasil.ebc.com.br\/ebc.gif?id=1594197&amp;o=node\" src=\"data:image\/svg+xml;base64,PHN2ZyB3aWR0aD0iMSIgaGVpZ2h0PSIxIiB4bWxucz0iaHR0cDovL3d3dy53My5vcmcvMjAwMC9zdmciPjwvc3ZnPg==\" class=\"lazyload\" \/><\/p>\n<p>\u201cA Copa do Mundo feminina da Fifa, se vier ao Brasil, n\u00e3o ser\u00e1 algo isolado. Ela ser\u00e1 resultado de conquistas do passado. Se estamos na posi\u00e7\u00e3o hoje de pedir \u00e0 Fifa que traga uma Copa do Mundo para o Brasil, \u00e9 porque l\u00e1 atr\u00e1s teve uma hist\u00f3ria que foi constru\u00edda. As conquistas dessas mulheres, no passado,Fnos trouxeram at\u00e9 esse lugar\u201d, disse Manuela.<\/p>\n<div class=\"dnd-widget-wrapper context-grande_6colunas type-image atom-align-left\">\n<div class=\"dnd-atom-rendered\">\n<div class=\"shadow overflow-hidden rounded-lg d-block w-100\">\n<figure style=\"width: 463px\" class=\"wp-caption alignright\"><img decoding=\"async\" class=\"flex-fill img-cover lazyload\" title=\"NAYRA HALM\" data-src=\"https:\/\/imagens.ebc.com.br\/0oFNwsvY1aYZKcoF79kdv0H8ncE=\/463x0\/smart\/https:\/\/agenciabrasil.ebc.com.br\/sites\/default\/files\/thumbnails\/image\/selecao_feminina_2_amistoso_japao_2023.jpg?itok=OkVnxT2Y\" alt=\"sele\u00e7\u00e3o feminina de futebol - amistoso com Jap\u00e3o 2023\" width=\"463\" height=\"308\" src=\"data:image\/svg+xml;base64,PHN2ZyB3aWR0aD0iMSIgaGVpZ2h0PSIxIiB4bWxucz0iaHR0cDovL3d3dy53My5vcmcvMjAwMC9zdmciPjwvc3ZnPg==\" style=\"--smush-placeholder-width: 463px; --smush-placeholder-aspect-ratio: 463\/308;\" \/><figcaption class=\"wp-caption-text\">Sele\u00e7\u00e3o Feminina de futebol:\u00a0A Copa do Mundo de 2027 deve reunir 32 sele\u00e7\u00f5es, que se enfrentar\u00e3o entre os meses de junho e julho. \u00a0&#8211;\u00a0NAYRA HALM<\/figcaption><\/figure>\n<\/div>\n<\/div>\n<div class=\"dnd-caption-wrapper\">\n<div class=\"meta\">\u201cQueremos celebrar todas essas conquistas, mas n\u00e3o podemos parar por aqui. Ainda n\u00e3o estamos onde devemos estar. Ent\u00e3o queremos tamb\u00e9m que ele [o torneio] seja tamb\u00e9m uma plataforma ou oportunidade de continuar construindo e que fa\u00e7amos um futuro ainda melhor para o futebol feminino\u201d, acrescentou.<\/div>\n<\/div>\n<\/div>\n<p>Para Valesca Ara\u00fajo, executiva respons\u00e1vel pela candidatura brasileira, o evento pode comprovar a grandeza do futebol feminino no pa\u00eds. \u201cO diferencial dessa candidatura \u00e9 que ela n\u00e3o \u00e9 um torneio esportivo. Ela \u00e9 a confirma\u00e7\u00e3o da grandeza do futebol feminino\u201d, disse ela, durante entrevista \u00e0 imprensa online concedida na noite dessa quarta-feira (8).<\/p>\n<p>A Copa do Mundo de 2027 deve reunir 32 sele\u00e7\u00f5es, que se enfrentar\u00e3o entre os meses de junho e julho.<\/p>\n<p>Para receber os jogos, a candidatura brasileira apresentou e indicou est\u00e1dios de dez capitais: Belo Horizonte (no est\u00e1dio do Mineir\u00e3o), Bras\u00edlia (Man\u00e9 Garrincha), Cuiab\u00e1 (Arena Pantanal), Fortaleza (Arena Castel\u00e3o), Manaus (Arena da Amaz\u00f4nia), Porto Alegre (Beira-Rio), Recife (Arena de Pernambuco), Rio de Janeiro (Maracan\u00e3), Salvador (Arena Fonte Nova) e S\u00e3o Paulo (Arena Corinthians). Esses est\u00e1dios j\u00e1 receberam a Copa do Mundo masculina, realizada em 2014.<\/p>\n<p>J\u00e1 para os centros de treinamento, a candidatura brasileira apresentou 36 cidades para receber as delega\u00e7\u00f5es. Al\u00e9m disso, indicou o est\u00e1dio do Maracan\u00e3, no Rio de Janeiro, para os jogos de abertura e de encerramento.<\/p>\n<p>Segundo a candidatura brasileira, as arenas que dever\u00e3o receber as partidas n\u00e3o necessitar\u00e3o de grandes obras porque j\u00e1 foram utilizados na Copa do Mundo masculina de 2014 e continuam em funcionamento, sendo usados para as competi\u00e7\u00f5es realizadas no pa\u00eds.<\/p>\n<h2>Relat\u00f3rio de avalia\u00e7\u00e3o<\/h2>\n<p>Na ter\u00e7a-feira (7), um relat\u00f3rio de avalia\u00e7\u00e3o divulgado pela Federa\u00e7\u00e3o Internacional de Futebol (Fifa) apontou que a\u00a0<a href=\"https:\/\/agenciabrasil.ebc.com.br\/esportes\/noticia\/2024-05\/candidatura-do-brasil-ao-mundial-feminino-supera-trio-rival-europeu\" target=\"_blank\" rel=\"noopener\">candidatura do Brasil para sediar a Copa do Mundo de futebol feminino 2027<\/a>\u00a0obteve uma pontua\u00e7\u00e3o mais alta do que a candidatura conjunta apresentada pela B\u00e9lgica, Holanda e Alemanha A \u00c1frica do Sul e a candidatura conjunta entre M\u00e9xico e Estados Unidos desistiram da disputa.<\/p>\n<p>A proposta do Brasil recebeu a maior pontua\u00e7\u00e3o m\u00e9dia geral, 4,0 pontos, de um total de 5 pontos, seguida pela proposta conjunta de B\u00e9lgica, Holanda e Alemanha, com 3,7 pontos. No relat\u00f3rio de quase 100 p\u00e1ginas, os integrantes da Fifa que inspecionaram o Brasil elogiaram os est\u00e1dios escolhidos pelo Brasil para sediar o evento e destacaram o potencial comercial do pa\u00eds.<\/p>\n<p>&#8220;A candidatura do Brasil oferece bons est\u00e1dios, constru\u00eddos especificamente e geralmente configurados para os maiores eventos internacionais, tendo recebido a Copa do Mundo de 2014. Apresenta tamb\u00e9m uma forte posi\u00e7\u00e3o comercial, com uma combina\u00e7\u00e3o de potencial de arrecada\u00e7\u00e3o e de efici\u00eancia nos custos&#8221;, informaram os executivos da Fifa no documento.<\/p>\n<p>&#8220;Ficamos muito felizes com o resultado do relat\u00f3rio da Fifa. O documento mostra que o Brasil cumpriu com excel\u00eancia as r\u00edgidas exig\u00eancias do processo de candidatura&#8221;, afirmou o presidente da Confedera\u00e7\u00e3o Brasileira de Futebol (CBF), Ednaldo Rodrigues.<\/p>\n<p>A decis\u00e3o final da escolha da sede do evento s\u00f3 ser\u00e1 divulgada no dia 17 de maio, na Tail\u00e2ndia. A vota\u00e7\u00e3o ser\u00e1 aberta e feita por 211 presidentes de federa\u00e7\u00f5es associadas \u00e0 Fifa.<\/p>\n<\/div>\n<p class=\"alt-font font-italic my-2 small text-info\">Edi\u00e7\u00e3o: A\u00e9cio Amado<\/p>\n","protected":false},"excerpt":{"rendered":"<p>No dia 17 de maio, a Federa\u00e7\u00e3o Internacional de Futebol (Fifa) vai divulgar a sede da pr\u00f3xima Copa do Mundo Feminina de Futebol em 2027. E a candidatura brasileira est\u00e1 otimista quanto ao resultado. \u201cNosso objetivo \u00e9 sair de l\u00e1 provando para o mundo que o Brasil \u00e9 uma escolha natural\u201d, disse Manuela Ventura Silv\u00e9rio &hellip;<\/p>\n","protected":false},"author":1,"featured_media":3049,"comment_status":"closed","ping_status":"closed","sticky":false,"template":"","format":"standard","meta":{"footnotes":""},"categories":[31],"tags":[],"class_list":["post-3055","post","type-post","status-publish","format-standard","has-post-thumbnail","hentry","category-esportes"],"yoast_head":"<!-- This site is optimized with the Yoast SEO plugin v27.4 - https:\/\/yoast.com\/product\/yoast-seo-wordpress\/ -->\n<title>Brasil sai na frente para sediar mundial feminino de futebol - Transam\u00e9rica Mococa 93,3<\/title>\n<meta name=\"robots\" content=\"index, follow, max-snippet:-1, max-image-preview:large, max-video-preview:-1\" \/>\n<link rel=\"canonical\" href=\"https:\/\/transamerica93.com.br\/home\/brasil-sai-na-frente-para-sediar-mundial-feminino-de-futebol\/\" \/>\n<meta property=\"og:locale\" content=\"pt_BR\" \/>\n<meta property=\"og:type\" content=\"article\" \/>\n<meta property=\"og:title\" content=\"Brasil sai na frente para sediar mundial feminino de futebol - Transam\u00e9rica Mococa 93,3\" \/>\n<meta property=\"og:description\" content=\"No dia 17 de maio, a Federa\u00e7\u00e3o Internacional de Futebol (Fifa) vai divulgar a sede da pr\u00f3xima Copa do Mundo Feminina de Futebol em 2027. E a candidatura brasileira est\u00e1 otimista quanto ao resultado. \u201cNosso objetivo \u00e9 sair de l\u00e1 provando para o mundo que o Brasil \u00e9 uma escolha natural\u201d, disse Manuela Ventura Silv\u00e9rio &hellip;\" \/>\n<meta property=\"og:url\" content=\"https:\/\/transamerica93.com.br\/home\/brasil-sai-na-frente-para-sediar-mundial-feminino-de-futebol\/\" \/>\n<meta property=\"og:site_name\" content=\"Transam\u00e9rica Mococa 93,3\" \/>\n<meta property=\"article:publisher\" content=\"https:\/\/www.facebook.com\/transamericamococa\" \/>\n<meta property=\"article:published_time\" content=\"2024-05-16T15:00:40+00:00\" \/>\n<meta property=\"og:image\" content=\"https:\/\/transamerica93.com.br\/home\/wp-content\/uploads\/2024\/05\/5.jpg\" \/>\n\t<meta property=\"og:image:width\" content=\"1170\" \/>\n\t<meta property=\"og:image:height\" content=\"700\" \/>\n\t<meta property=\"og:image:type\" content=\"image\/jpeg\" \/>\n<meta name=\"author\" content=\"Reda\u00e7\u00e3o\" \/>\n<meta name=\"twitter:card\" content=\"summary_large_image\" \/>\n<meta name=\"twitter:creator\" content=\"@transamerica933\" \/>\n<meta name=\"twitter:site\" content=\"@transamerica933\" \/>\n<meta name=\"twitter:label1\" content=\"Escrito por\" \/>\n\t<meta name=\"twitter:data1\" content=\"Reda\u00e7\u00e3o\" \/>\n\t<meta name=\"twitter:label2\" content=\"Est. tempo de leitura\" \/>\n\t<meta name=\"twitter:data2\" content=\"5 minutos\" \/>\n<script type=\"application\/ld+json\" class=\"yoast-schema-graph\">{\"@context\":\"https:\\\/\\\/schema.org\",\"@graph\":[{\"@type\":\"Article\",\"@id\":\"https:\\\/\\\/transamerica93.com.br\\\/home\\\/brasil-sai-na-frente-para-sediar-mundial-feminino-de-futebol\\\/#article\",\"isPartOf\":{\"@id\":\"https:\\\/\\\/transamerica93.com.br\\\/home\\\/brasil-sai-na-frente-para-sediar-mundial-feminino-de-futebol\\\/\"},\"author\":{\"name\":\"Reda\u00e7\u00e3o\",\"@id\":\"https:\\\/\\\/transamerica93.com.br\\\/home\\\/#\\\/schema\\\/person\\\/7fed7c99c0d4562efa8561bc0f543172\"},\"headline\":\"Brasil sai na frente para sediar mundial feminino de futebol\",\"datePublished\":\"2024-05-16T15:00:40+00:00\",\"mainEntityOfPage\":{\"@id\":\"https:\\\/\\\/transamerica93.com.br\\\/home\\\/brasil-sai-na-frente-para-sediar-mundial-feminino-de-futebol\\\/\"},\"wordCount\":740,\"publisher\":{\"@id\":\"https:\\\/\\\/transamerica93.com.br\\\/home\\\/#organization\"},\"image\":{\"@id\":\"https:\\\/\\\/transamerica93.com.br\\\/home\\\/brasil-sai-na-frente-para-sediar-mundial-feminino-de-futebol\\\/#primaryimage\"},\"thumbnailUrl\":\"https:\\\/\\\/transamerica93.com.br\\\/home\\\/wp-content\\\/uploads\\\/2024\\\/05\\\/5.jpg\",\"articleSection\":[\"Esportes\"],\"inLanguage\":\"pt-BR\"},{\"@type\":\"WebPage\",\"@id\":\"https:\\\/\\\/transamerica93.com.br\\\/home\\\/brasil-sai-na-frente-para-sediar-mundial-feminino-de-futebol\\\/\",\"url\":\"https:\\\/\\\/transamerica93.com.br\\\/home\\\/brasil-sai-na-frente-para-sediar-mundial-feminino-de-futebol\\\/\",\"name\":\"Brasil sai na frente para sediar mundial feminino de futebol - Transam\u00e9rica Mococa 93,3\",\"isPartOf\":{\"@id\":\"https:\\\/\\\/transamerica93.com.br\\\/home\\\/#website\"},\"primaryImageOfPage\":{\"@id\":\"https:\\\/\\\/transamerica93.com.br\\\/home\\\/brasil-sai-na-frente-para-sediar-mundial-feminino-de-futebol\\\/#primaryimage\"},\"image\":{\"@id\":\"https:\\\/\\\/transamerica93.com.br\\\/home\\\/brasil-sai-na-frente-para-sediar-mundial-feminino-de-futebol\\\/#primaryimage\"},\"thumbnailUrl\":\"https:\\\/\\\/transamerica93.com.br\\\/home\\\/wp-content\\\/uploads\\\/2024\\\/05\\\/5.jpg\",\"datePublished\":\"2024-05-16T15:00:40+00:00\",\"breadcrumb\":{\"@id\":\"https:\\\/\\\/transamerica93.com.br\\\/home\\\/brasil-sai-na-frente-para-sediar-mundial-feminino-de-futebol\\\/#breadcrumb\"},\"inLanguage\":\"pt-BR\",\"potentialAction\":[{\"@type\":\"ReadAction\",\"target\":[\"https:\\\/\\\/transamerica93.com.br\\\/home\\\/brasil-sai-na-frente-para-sediar-mundial-feminino-de-futebol\\\/\"]}]},{\"@type\":\"ImageObject\",\"inLanguage\":\"pt-BR\",\"@id\":\"https:\\\/\\\/transamerica93.com.br\\\/home\\\/brasil-sai-na-frente-para-sediar-mundial-feminino-de-futebol\\\/#primaryimage\",\"url\":\"https:\\\/\\\/transamerica93.com.br\\\/home\\\/wp-content\\\/uploads\\\/2024\\\/05\\\/5.jpg\",\"contentUrl\":\"https:\\\/\\\/transamerica93.com.br\\\/home\\\/wp-content\\\/uploads\\\/2024\\\/05\\\/5.jpg\",\"width\":1170,\"height\":700,\"caption\":\"\u00a9 REUTERS\\\/Arnd Wiegmann\\\/\"},{\"@type\":\"BreadcrumbList\",\"@id\":\"https:\\\/\\\/transamerica93.com.br\\\/home\\\/brasil-sai-na-frente-para-sediar-mundial-feminino-de-futebol\\\/#breadcrumb\",\"itemListElement\":[{\"@type\":\"ListItem\",\"position\":1,\"name\":\"In\u00edcio\",\"item\":\"https:\\\/\\\/transamerica93.com.br\\\/home\\\/\"},{\"@type\":\"ListItem\",\"position\":2,\"name\":\"Brasil sai na frente para sediar mundial feminino de futebol\"}]},{\"@type\":\"WebSite\",\"@id\":\"https:\\\/\\\/transamerica93.com.br\\\/home\\\/#website\",\"url\":\"https:\\\/\\\/transamerica93.com.br\\\/home\\\/\",\"name\":\"Transam\u00e9rica Mococa 93,3\",\"description\":\"\",\"publisher\":{\"@id\":\"https:\\\/\\\/transamerica93.com.br\\\/home\\\/#organization\"},\"potentialAction\":[{\"@type\":\"SearchAction\",\"target\":{\"@type\":\"EntryPoint\",\"urlTemplate\":\"https:\\\/\\\/transamerica93.com.br\\\/home\\\/?s={search_term_string}\"},\"query-input\":{\"@type\":\"PropertyValueSpecification\",\"valueRequired\":true,\"valueName\":\"search_term_string\"}}],\"inLanguage\":\"pt-BR\"},{\"@type\":\"Organization\",\"@id\":\"https:\\\/\\\/transamerica93.com.br\\\/home\\\/#organization\",\"name\":\"Transam\u00e9rica Mococa 93,3\",\"url\":\"https:\\\/\\\/transamerica93.com.br\\\/home\\\/\",\"logo\":{\"@type\":\"ImageObject\",\"inLanguage\":\"pt-BR\",\"@id\":\"https:\\\/\\\/transamerica93.com.br\\\/home\\\/#\\\/schema\\\/logo\\\/image\\\/\",\"url\":\"https:\\\/\\\/transamerica93.com.br\\\/home\\\/wp-content\\\/uploads\\\/2023\\\/10\\\/logo2.png\",\"contentUrl\":\"https:\\\/\\\/transamerica93.com.br\\\/home\\\/wp-content\\\/uploads\\\/2023\\\/10\\\/logo2.png\",\"width\":800,\"height\":500,\"caption\":\"Transam\u00e9rica Mococa 93,3\"},\"image\":{\"@id\":\"https:\\\/\\\/transamerica93.com.br\\\/home\\\/#\\\/schema\\\/logo\\\/image\\\/\"},\"sameAs\":[\"https:\\\/\\\/www.facebook.com\\\/transamericamococa\",\"https:\\\/\\\/x.com\\\/transamerica933\",\"https:\\\/\\\/www.instagram.com\\\/transamericamococa\"]},{\"@type\":\"Person\",\"@id\":\"https:\\\/\\\/transamerica93.com.br\\\/home\\\/#\\\/schema\\\/person\\\/7fed7c99c0d4562efa8561bc0f543172\",\"name\":\"Reda\u00e7\u00e3o\",\"image\":{\"@type\":\"ImageObject\",\"inLanguage\":\"pt-BR\",\"@id\":\"https:\\\/\\\/secure.gravatar.com\\\/avatar\\\/1072c6b775fb02ef8506ce967551d95926669a6b7d2c2147b42eea4d7c68395e?s=96&d=mm&r=g\",\"url\":\"https:\\\/\\\/secure.gravatar.com\\\/avatar\\\/1072c6b775fb02ef8506ce967551d95926669a6b7d2c2147b42eea4d7c68395e?s=96&d=mm&r=g\",\"contentUrl\":\"https:\\\/\\\/secure.gravatar.com\\\/avatar\\\/1072c6b775fb02ef8506ce967551d95926669a6b7d2c2147b42eea4d7c68395e?s=96&d=mm&r=g\",\"caption\":\"Reda\u00e7\u00e3o\"},\"sameAs\":[\"https:\\\/\\\/transamerica93.com.br\\\/home\"],\"url\":\"https:\\\/\\\/transamerica93.com.br\\\/home\\\/author\\\/william\\\/\"}]}<\/script>\n<!-- \/ Yoast SEO plugin. -->","yoast_head_json":{"title":"Brasil sai na frente para sediar mundial feminino de futebol - Transam\u00e9rica Mococa 93,3","robots":{"index":"index","follow":"follow","max-snippet":"max-snippet:-1","max-image-preview":"max-image-preview:large","max-video-preview":"max-video-preview:-1"},"canonical":"https:\/\/transamerica93.com.br\/home\/brasil-sai-na-frente-para-sediar-mundial-feminino-de-futebol\/","og_locale":"pt_BR","og_type":"article","og_title":"Brasil sai na frente para sediar mundial feminino de futebol - Transam\u00e9rica Mococa 93,3","og_description":"No dia 17 de maio, a Federa\u00e7\u00e3o Internacional de Futebol (Fifa) vai divulgar a sede da pr\u00f3xima Copa do Mundo Feminina de Futebol em 2027. E a candidatura brasileira est\u00e1 otimista quanto ao resultado. \u201cNosso objetivo \u00e9 sair de l\u00e1 provando para o mundo que o Brasil \u00e9 uma escolha natural\u201d, disse Manuela Ventura Silv\u00e9rio &hellip;","og_url":"https:\/\/transamerica93.com.br\/home\/brasil-sai-na-frente-para-sediar-mundial-feminino-de-futebol\/","og_site_name":"Transam\u00e9rica Mococa 93,3","article_publisher":"https:\/\/www.facebook.com\/transamericamococa","article_published_time":"2024-05-16T15:00:40+00:00","og_image":[{"width":1170,"height":700,"url":"https:\/\/transamerica93.com.br\/home\/wp-content\/uploads\/2024\/05\/5.jpg","type":"image\/jpeg"}],"author":"Reda\u00e7\u00e3o","twitter_card":"summary_large_image","twitter_creator":"@transamerica933","twitter_site":"@transamerica933","twitter_misc":{"Escrito por":"Reda\u00e7\u00e3o","Est. tempo de leitura":"5 minutos"},"schema":{"@context":"https:\/\/schema.org","@graph":[{"@type":"Article","@id":"https:\/\/transamerica93.com.br\/home\/brasil-sai-na-frente-para-sediar-mundial-feminino-de-futebol\/#article","isPartOf":{"@id":"https:\/\/transamerica93.com.br\/home\/brasil-sai-na-frente-para-sediar-mundial-feminino-de-futebol\/"},"author":{"name":"Reda\u00e7\u00e3o","@id":"https:\/\/transamerica93.com.br\/home\/#\/schema\/person\/7fed7c99c0d4562efa8561bc0f543172"},"headline":"Brasil sai na frente para sediar mundial feminino de futebol","datePublished":"2024-05-16T15:00:40+00:00","mainEntityOfPage":{"@id":"https:\/\/transamerica93.com.br\/home\/brasil-sai-na-frente-para-sediar-mundial-feminino-de-futebol\/"},"wordCount":740,"publisher":{"@id":"https:\/\/transamerica93.com.br\/home\/#organization"},"image":{"@id":"https:\/\/transamerica93.com.br\/home\/brasil-sai-na-frente-para-sediar-mundial-feminino-de-futebol\/#primaryimage"},"thumbnailUrl":"https:\/\/transamerica93.com.br\/home\/wp-content\/uploads\/2024\/05\/5.jpg","articleSection":["Esportes"],"inLanguage":"pt-BR"},{"@type":"WebPage","@id":"https:\/\/transamerica93.com.br\/home\/brasil-sai-na-frente-para-sediar-mundial-feminino-de-futebol\/","url":"https:\/\/transamerica93.com.br\/home\/brasil-sai-na-frente-para-sediar-mundial-feminino-de-futebol\/","name":"Brasil sai na frente para sediar mundial feminino de futebol - Transam\u00e9rica Mococa 93,3","isPartOf":{"@id":"https:\/\/transamerica93.com.br\/home\/#website"},"primaryImageOfPage":{"@id":"https:\/\/transamerica93.com.br\/home\/brasil-sai-na-frente-para-sediar-mundial-feminino-de-futebol\/#primaryimage"},"image":{"@id":"https:\/\/transamerica93.com.br\/home\/brasil-sai-na-frente-para-sediar-mundial-feminino-de-futebol\/#primaryimage"},"thumbnailUrl":"https:\/\/transamerica93.com.br\/home\/wp-content\/uploads\/2024\/05\/5.jpg","datePublished":"2024-05-16T15:00:40+00:00","breadcrumb":{"@id":"https:\/\/transamerica93.com.br\/home\/brasil-sai-na-frente-para-sediar-mundial-feminino-de-futebol\/#breadcrumb"},"inLanguage":"pt-BR","potentialAction":[{"@type":"ReadAction","target":["https:\/\/transamerica93.com.br\/home\/brasil-sai-na-frente-para-sediar-mundial-feminino-de-futebol\/"]}]},{"@type":"ImageObject","inLanguage":"pt-BR","@id":"https:\/\/transamerica93.com.br\/home\/brasil-sai-na-frente-para-sediar-mundial-feminino-de-futebol\/#primaryimage","url":"https:\/\/transamerica93.com.br\/home\/wp-content\/uploads\/2024\/05\/5.jpg","contentUrl":"https:\/\/transamerica93.com.br\/home\/wp-content\/uploads\/2024\/05\/5.jpg","width":1170,"height":700,"caption":"\u00a9 REUTERS\/Arnd Wiegmann\/"},{"@type":"BreadcrumbList","@id":"https:\/\/transamerica93.com.br\/home\/brasil-sai-na-frente-para-sediar-mundial-feminino-de-futebol\/#breadcrumb","itemListElement":[{"@type":"ListItem","position":1,"name":"In\u00edcio","item":"https:\/\/transamerica93.com.br\/home\/"},{"@type":"ListItem","position":2,"name":"Brasil sai na frente para sediar mundial feminino de futebol"}]},{"@type":"WebSite","@id":"https:\/\/transamerica93.com.br\/home\/#website","url":"https:\/\/transamerica93.com.br\/home\/","name":"Transam\u00e9rica Mococa 93,3","description":"","publisher":{"@id":"https:\/\/transamerica93.com.br\/home\/#organization"},"potentialAction":[{"@type":"SearchAction","target":{"@type":"EntryPoint","urlTemplate":"https:\/\/transamerica93.com.br\/home\/?s={search_term_string}"},"query-input":{"@type":"PropertyValueSpecification","valueRequired":true,"valueName":"search_term_string"}}],"inLanguage":"pt-BR"},{"@type":"Organization","@id":"https:\/\/transamerica93.com.br\/home\/#organization","name":"Transam\u00e9rica Mococa 93,3","url":"https:\/\/transamerica93.com.br\/home\/","logo":{"@type":"ImageObject","inLanguage":"pt-BR","@id":"https:\/\/transamerica93.com.br\/home\/#\/schema\/logo\/image\/","url":"https:\/\/transamerica93.com.br\/home\/wp-content\/uploads\/2023\/10\/logo2.png","contentUrl":"https:\/\/transamerica93.com.br\/home\/wp-content\/uploads\/2023\/10\/logo2.png","width":800,"height":500,"caption":"Transam\u00e9rica Mococa 93,3"},"image":{"@id":"https:\/\/transamerica93.com.br\/home\/#\/schema\/logo\/image\/"},"sameAs":["https:\/\/www.facebook.com\/transamericamococa","https:\/\/x.com\/transamerica933","https:\/\/www.instagram.com\/transamericamococa"]},{"@type":"Person","@id":"https:\/\/transamerica93.com.br\/home\/#\/schema\/person\/7fed7c99c0d4562efa8561bc0f543172","name":"Reda\u00e7\u00e3o","image":{"@type":"ImageObject","inLanguage":"pt-BR","@id":"https:\/\/secure.gravatar.com\/avatar\/1072c6b775fb02ef8506ce967551d95926669a6b7d2c2147b42eea4d7c68395e?s=96&d=mm&r=g","url":"https:\/\/secure.gravatar.com\/avatar\/1072c6b775fb02ef8506ce967551d95926669a6b7d2c2147b42eea4d7c68395e?s=96&d=mm&r=g","contentUrl":"https:\/\/secure.gravatar.com\/avatar\/1072c6b775fb02ef8506ce967551d95926669a6b7d2c2147b42eea4d7c68395e?s=96&d=mm&r=g","caption":"Reda\u00e7\u00e3o"},"sameAs":["https:\/\/transamerica93.com.br\/home"],"url":"https:\/\/transamerica93.com.br\/home\/author\/william\/"}]}},"_links":{"self":[{"href":"https:\/\/transamerica93.com.br\/home\/wp-json\/wp\/v2\/posts\/3055","targetHints":{"allow":["GET"]}}],"collection":[{"href":"https:\/\/transamerica93.com.br\/home\/wp-json\/wp\/v2\/posts"}],"about":[{"href":"https:\/\/transamerica93.com.br\/home\/wp-json\/wp\/v2\/types\/post"}],"author":[{"embeddable":true,"href":"https:\/\/transamerica93.com.br\/home\/wp-json\/wp\/v2\/users\/1"}],"replies":[{"embeddable":true,"href":"https:\/\/transamerica93.com.br\/home\/wp-json\/wp\/v2\/comments?post=3055"}],"version-history":[{"count":1,"href":"https:\/\/transamerica93.com.br\/home\/wp-json\/wp\/v2\/posts\/3055\/revisions"}],"predecessor-version":[{"id":3056,"href":"https:\/\/transamerica93.com.br\/home\/wp-json\/wp\/v2\/posts\/3055\/revisions\/3056"}],"wp:featuredmedia":[{"embeddable":true,"href":"https:\/\/transamerica93.com.br\/home\/wp-json\/wp\/v2\/media\/3049"}],"wp:attachment":[{"href":"https:\/\/transamerica93.com.br\/home\/wp-json\/wp\/v2\/media?parent=3055"}],"wp:term":[{"taxonomy":"category","embeddable":true,"href":"https:\/\/transamerica93.com.br\/home\/wp-json\/wp\/v2\/categories?post=3055"},{"taxonomy":"post_tag","embeddable":true,"href":"https:\/\/transamerica93.com.br\/home\/wp-json\/wp\/v2\/tags?post=3055"}],"curies":[{"name":"wp","href":"https:\/\/api.w.org\/{rel}","templated":true}]}}