{"id":3060,"date":"2024-05-13T18:00:42","date_gmt":"2024-05-13T21:00:42","guid":{"rendered":"https:\/\/transamerica93.com.br\/home\/?p=3060"},"modified":"2024-05-11T04:44:33","modified_gmt":"2024-05-11T07:44:33","slug":"fabiana-justus-comemora-primeiro-mes-apos-pega-de-medula-meu-renascimento","status":"publish","type":"post","link":"https:\/\/transamerica93.com.br\/home\/fabiana-justus-comemora-primeiro-mes-apos-pega-de-medula-meu-renascimento\/","title":{"rendered":"Fabiana Justus comemora primeiro m\u00eas ap\u00f3s &#8216;pega&#8217; de medula: &#8216;Meu renascimento&#8217;"},"content":{"rendered":"<div id=\"Corpo\">\n<h6 class=\"Assina\">Por Reda\u00e7\u00e3o E+<\/h6>\n<p>Fabiana Justus comemorou um marco importante em seu tratamento da leucemia mieloide aguda. Em publica\u00e7\u00e3o feita na quinta-feira, 9, ela celebrou o primeiro m\u00eas de vida ap\u00f3s a &#8220;pega&#8221; da medula \u00f3ssea, ponto em que a medula transplantada come\u00e7a a produzir c\u00e9lulas de sangue suficientes no novo paciente<\/p>\n<p>&#8220;Meu primeiro &#8220;mesvers\u00e1rio&#8221;! 1 m\u00eas do meu renascimento! 1 m\u00eas da pega da minha medula&#8221;, comemorou em publica\u00e7\u00e3o no Instagram. No v\u00eddeo, ela faz um desejo e apaga uma vela de n\u00famero 1. Segundo Fabiana, ela n\u00e3o havia percebido a chegada da data e s\u00f3 lembrou gra\u00e7as a uma amiga. &#8220;Esse m\u00eas passou voando e ao mesmo tempo demorou uma eternidade&#8221;, conta. &#8220;Mas o isolamento em casa \u00e9 infinitamente mais leve e gostoso do que o isolamento no hospital&#8221;.<\/p>\n<p>Com o marco, ela comemorou tamb\u00e9m pequenos progressos na sa\u00fade. &#8220;Um m\u00eas que os sintomas p\u00f3s quimio e transplante v\u00e3o amenizando pouco a pouco. O gosto met\u00e1lico na boca d\u00e1 espa\u00e7o para alguns sabores voltando. A falta de apetite completa come\u00e7a a ceder um pouco&#8221;, escreveu. &#8220;E assim, dia ap\u00f3s dia as coisas v\u00e3o melhorando. Que assim seja&#8221;.<\/p>\n<p>&#8220;N\u00e3o preciso nem dizer qual foi o meu desejo, n\u00e9?&#8221;, completou.<\/p>\n<p>Fabiana foi diagnosticada com leucemia mieloide aguda em janeiro Em mar\u00e7o, conseguiu um transplante de medula e teve melhora no quadro, mas recentemente voltou a frequentar o hospital para tomar um rem\u00e9dio &#8220;de manuten\u00e7\u00e3o&#8221;, conta.<\/p><\/div>\n","protected":false},"excerpt":{"rendered":"<p>Por Reda\u00e7\u00e3o E+ Fabiana Justus comemorou um marco importante em seu tratamento da leucemia mieloide aguda. Em publica\u00e7\u00e3o feita na quinta-feira, 9, ela celebrou o primeiro m\u00eas de vida ap\u00f3s a &#8220;pega&#8221; da medula \u00f3ssea, ponto em que a medula transplantada come\u00e7a a produzir c\u00e9lulas de sangue suficientes no novo paciente &#8220;Meu primeiro &#8220;mesvers\u00e1rio&#8221;! 1 &hellip;<\/p>\n","protected":false},"author":1,"featured_media":2677,"comment_status":"closed","ping_status":"closed","sticky":false,"template":"","format":"standard","meta":{"footnotes":""},"categories":[24],"tags":[],"class_list":["post-3060","post","type-post","status-publish","format-standard","has-post-thumbnail","hentry","category-entretenimento"],"yoast_head":"<!-- This site is optimized with the Yoast SEO plugin v27.4 - https:\/\/yoast.com\/product\/yoast-seo-wordpress\/ -->\n<title>Fabiana Justus comemora primeiro m\u00eas ap\u00f3s &#039;pega&#039; de medula: &#039;Meu renascimento&#039; - Transam\u00e9rica Mococa 93,3<\/title>\n<meta name=\"robots\" content=\"index, follow, max-snippet:-1, max-image-preview:large, max-video-preview:-1\" \/>\n<link rel=\"canonical\" href=\"https:\/\/transamerica93.com.br\/home\/fabiana-justus-comemora-primeiro-mes-apos-pega-de-medula-meu-renascimento\/\" \/>\n<meta property=\"og:locale\" content=\"pt_BR\" \/>\n<meta property=\"og:type\" content=\"article\" \/>\n<meta property=\"og:title\" content=\"Fabiana Justus comemora primeiro m\u00eas ap\u00f3s &#039;pega&#039; de medula: &#039;Meu renascimento&#039; - Transam\u00e9rica Mococa 93,3\" \/>\n<meta property=\"og:description\" content=\"Por Reda\u00e7\u00e3o E+ Fabiana Justus comemorou um marco importante em seu tratamento da leucemia mieloide aguda. Em publica\u00e7\u00e3o feita na quinta-feira, 9, ela celebrou o primeiro m\u00eas de vida ap\u00f3s a &#8220;pega&#8221; da medula \u00f3ssea, ponto em que a medula transplantada come\u00e7a a produzir c\u00e9lulas de sangue suficientes no novo paciente &#8220;Meu primeiro &#8220;mesvers\u00e1rio&#8221;! 1 &hellip;\" \/>\n<meta property=\"og:url\" content=\"https:\/\/transamerica93.com.br\/home\/fabiana-justus-comemora-primeiro-mes-apos-pega-de-medula-meu-renascimento\/\" \/>\n<meta property=\"og:site_name\" content=\"Transam\u00e9rica Mococa 93,3\" \/>\n<meta property=\"article:publisher\" content=\"https:\/\/www.facebook.com\/transamericamococa\" \/>\n<meta property=\"article:published_time\" content=\"2024-05-13T21:00:42+00:00\" \/>\n<meta property=\"og:image\" content=\"https:\/\/transamerica93.com.br\/home\/wp-content\/uploads\/2024\/03\/imagem-26.jpg\" \/>\n\t<meta property=\"og:image:width\" content=\"827\" \/>\n\t<meta property=\"og:image:height\" content=\"627\" \/>\n\t<meta property=\"og:image:type\" content=\"image\/jpeg\" \/>\n<meta name=\"author\" content=\"Reda\u00e7\u00e3o\" \/>\n<meta name=\"twitter:card\" content=\"summary_large_image\" \/>\n<meta name=\"twitter:creator\" content=\"@transamerica933\" \/>\n<meta name=\"twitter:site\" content=\"@transamerica933\" \/>\n<meta name=\"twitter:label1\" content=\"Escrito por\" \/>\n\t<meta name=\"twitter:data1\" content=\"Reda\u00e7\u00e3o\" \/>\n\t<meta name=\"twitter:label2\" content=\"Est. tempo de leitura\" \/>\n\t<meta name=\"twitter:data2\" content=\"2 minutos\" \/>\n<script type=\"application\/ld+json\" class=\"yoast-schema-graph\">{\"@context\":\"https:\\\/\\\/schema.org\",\"@graph\":[{\"@type\":\"Article\",\"@id\":\"https:\\\/\\\/transamerica93.com.br\\\/home\\\/fabiana-justus-comemora-primeiro-mes-apos-pega-de-medula-meu-renascimento\\\/#article\",\"isPartOf\":{\"@id\":\"https:\\\/\\\/transamerica93.com.br\\\/home\\\/fabiana-justus-comemora-primeiro-mes-apos-pega-de-medula-meu-renascimento\\\/\"},\"author\":{\"name\":\"Reda\u00e7\u00e3o\",\"@id\":\"https:\\\/\\\/transamerica93.com.br\\\/home\\\/#\\\/schema\\\/person\\\/7fed7c99c0d4562efa8561bc0f543172\"},\"headline\":\"Fabiana Justus comemora primeiro m\u00eas ap\u00f3s &#8216;pega&#8217; de medula: &#8216;Meu renascimento&#8217;\",\"datePublished\":\"2024-05-13T21:00:42+00:00\",\"mainEntityOfPage\":{\"@id\":\"https:\\\/\\\/transamerica93.com.br\\\/home\\\/fabiana-justus-comemora-primeiro-mes-apos-pega-de-medula-meu-renascimento\\\/\"},\"wordCount\":271,\"publisher\":{\"@id\":\"https:\\\/\\\/transamerica93.com.br\\\/home\\\/#organization\"},\"image\":{\"@id\":\"https:\\\/\\\/transamerica93.com.br\\\/home\\\/fabiana-justus-comemora-primeiro-mes-apos-pega-de-medula-meu-renascimento\\\/#primaryimage\"},\"thumbnailUrl\":\"https:\\\/\\\/transamerica93.com.br\\\/home\\\/wp-content\\\/uploads\\\/2024\\\/03\\\/imagem-26.jpg\",\"articleSection\":[\"Entretenimento\"],\"inLanguage\":\"pt-BR\"},{\"@type\":\"WebPage\",\"@id\":\"https:\\\/\\\/transamerica93.com.br\\\/home\\\/fabiana-justus-comemora-primeiro-mes-apos-pega-de-medula-meu-renascimento\\\/\",\"url\":\"https:\\\/\\\/transamerica93.com.br\\\/home\\\/fabiana-justus-comemora-primeiro-mes-apos-pega-de-medula-meu-renascimento\\\/\",\"name\":\"Fabiana Justus comemora primeiro m\u00eas ap\u00f3s 'pega' de medula: 'Meu renascimento' - Transam\u00e9rica Mococa 93,3\",\"isPartOf\":{\"@id\":\"https:\\\/\\\/transamerica93.com.br\\\/home\\\/#website\"},\"primaryImageOfPage\":{\"@id\":\"https:\\\/\\\/transamerica93.com.br\\\/home\\\/fabiana-justus-comemora-primeiro-mes-apos-pega-de-medula-meu-renascimento\\\/#primaryimage\"},\"image\":{\"@id\":\"https:\\\/\\\/transamerica93.com.br\\\/home\\\/fabiana-justus-comemora-primeiro-mes-apos-pega-de-medula-meu-renascimento\\\/#primaryimage\"},\"thumbnailUrl\":\"https:\\\/\\\/transamerica93.com.br\\\/home\\\/wp-content\\\/uploads\\\/2024\\\/03\\\/imagem-26.jpg\",\"datePublished\":\"2024-05-13T21:00:42+00:00\",\"breadcrumb\":{\"@id\":\"https:\\\/\\\/transamerica93.com.br\\\/home\\\/fabiana-justus-comemora-primeiro-mes-apos-pega-de-medula-meu-renascimento\\\/#breadcrumb\"},\"inLanguage\":\"pt-BR\",\"potentialAction\":[{\"@type\":\"ReadAction\",\"target\":[\"https:\\\/\\\/transamerica93.com.br\\\/home\\\/fabiana-justus-comemora-primeiro-mes-apos-pega-de-medula-meu-renascimento\\\/\"]}]},{\"@type\":\"ImageObject\",\"inLanguage\":\"pt-BR\",\"@id\":\"https:\\\/\\\/transamerica93.com.br\\\/home\\\/fabiana-justus-comemora-primeiro-mes-apos-pega-de-medula-meu-renascimento\\\/#primaryimage\",\"url\":\"https:\\\/\\\/transamerica93.com.br\\\/home\\\/wp-content\\\/uploads\\\/2024\\\/03\\\/imagem-26.jpg\",\"contentUrl\":\"https:\\\/\\\/transamerica93.com.br\\\/home\\\/wp-content\\\/uploads\\\/2024\\\/03\\\/imagem-26.jpg\",\"width\":827,\"height\":627,\"caption\":\"Foto: Reprodu\u00e7\u00e3o\\\/Redes sociais\"},{\"@type\":\"BreadcrumbList\",\"@id\":\"https:\\\/\\\/transamerica93.com.br\\\/home\\\/fabiana-justus-comemora-primeiro-mes-apos-pega-de-medula-meu-renascimento\\\/#breadcrumb\",\"itemListElement\":[{\"@type\":\"ListItem\",\"position\":1,\"name\":\"In\u00edcio\",\"item\":\"https:\\\/\\\/transamerica93.com.br\\\/home\\\/\"},{\"@type\":\"ListItem\",\"position\":2,\"name\":\"Fabiana Justus comemora primeiro m\u00eas ap\u00f3s &#8216;pega&#8217; de medula: &#8216;Meu renascimento&#8217;\"}]},{\"@type\":\"WebSite\",\"@id\":\"https:\\\/\\\/transamerica93.com.br\\\/home\\\/#website\",\"url\":\"https:\\\/\\\/transamerica93.com.br\\\/home\\\/\",\"name\":\"Transam\u00e9rica Mococa 93,3\",\"description\":\"\",\"publisher\":{\"@id\":\"https:\\\/\\\/transamerica93.com.br\\\/home\\\/#organization\"},\"potentialAction\":[{\"@type\":\"SearchAction\",\"target\":{\"@type\":\"EntryPoint\",\"urlTemplate\":\"https:\\\/\\\/transamerica93.com.br\\\/home\\\/?s={search_term_string}\"},\"query-input\":{\"@type\":\"PropertyValueSpecification\",\"valueRequired\":true,\"valueName\":\"search_term_string\"}}],\"inLanguage\":\"pt-BR\"},{\"@type\":\"Organization\",\"@id\":\"https:\\\/\\\/transamerica93.com.br\\\/home\\\/#organization\",\"name\":\"Transam\u00e9rica Mococa 93,3\",\"url\":\"https:\\\/\\\/transamerica93.com.br\\\/home\\\/\",\"logo\":{\"@type\":\"ImageObject\",\"inLanguage\":\"pt-BR\",\"@id\":\"https:\\\/\\\/transamerica93.com.br\\\/home\\\/#\\\/schema\\\/logo\\\/image\\\/\",\"url\":\"https:\\\/\\\/transamerica93.com.br\\\/home\\\/wp-content\\\/uploads\\\/2023\\\/10\\\/logo2.png\",\"contentUrl\":\"https:\\\/\\\/transamerica93.com.br\\\/home\\\/wp-content\\\/uploads\\\/2023\\\/10\\\/logo2.png\",\"width\":800,\"height\":500,\"caption\":\"Transam\u00e9rica Mococa 93,3\"},\"image\":{\"@id\":\"https:\\\/\\\/transamerica93.com.br\\\/home\\\/#\\\/schema\\\/logo\\\/image\\\/\"},\"sameAs\":[\"https:\\\/\\\/www.facebook.com\\\/transamericamococa\",\"https:\\\/\\\/x.com\\\/transamerica933\",\"https:\\\/\\\/www.instagram.com\\\/transamericamococa\"]},{\"@type\":\"Person\",\"@id\":\"https:\\\/\\\/transamerica93.com.br\\\/home\\\/#\\\/schema\\\/person\\\/7fed7c99c0d4562efa8561bc0f543172\",\"name\":\"Reda\u00e7\u00e3o\",\"image\":{\"@type\":\"ImageObject\",\"inLanguage\":\"pt-BR\",\"@id\":\"https:\\\/\\\/secure.gravatar.com\\\/avatar\\\/1072c6b775fb02ef8506ce967551d95926669a6b7d2c2147b42eea4d7c68395e?s=96&d=mm&r=g\",\"url\":\"https:\\\/\\\/secure.gravatar.com\\\/avatar\\\/1072c6b775fb02ef8506ce967551d95926669a6b7d2c2147b42eea4d7c68395e?s=96&d=mm&r=g\",\"contentUrl\":\"https:\\\/\\\/secure.gravatar.com\\\/avatar\\\/1072c6b775fb02ef8506ce967551d95926669a6b7d2c2147b42eea4d7c68395e?s=96&d=mm&r=g\",\"caption\":\"Reda\u00e7\u00e3o\"},\"sameAs\":[\"https:\\\/\\\/transamerica93.com.br\\\/home\"],\"url\":\"https:\\\/\\\/transamerica93.com.br\\\/home\\\/author\\\/william\\\/\"}]}<\/script>\n<!-- \/ Yoast SEO plugin. -->","yoast_head_json":{"title":"Fabiana Justus comemora primeiro m\u00eas ap\u00f3s 'pega' de medula: 'Meu renascimento' - Transam\u00e9rica Mococa 93,3","robots":{"index":"index","follow":"follow","max-snippet":"max-snippet:-1","max-image-preview":"max-image-preview:large","max-video-preview":"max-video-preview:-1"},"canonical":"https:\/\/transamerica93.com.br\/home\/fabiana-justus-comemora-primeiro-mes-apos-pega-de-medula-meu-renascimento\/","og_locale":"pt_BR","og_type":"article","og_title":"Fabiana Justus comemora primeiro m\u00eas ap\u00f3s 'pega' de medula: 'Meu renascimento' - Transam\u00e9rica Mococa 93,3","og_description":"Por Reda\u00e7\u00e3o E+ Fabiana Justus comemorou um marco importante em seu tratamento da leucemia mieloide aguda. Em publica\u00e7\u00e3o feita na quinta-feira, 9, ela celebrou o primeiro m\u00eas de vida ap\u00f3s a &#8220;pega&#8221; da medula \u00f3ssea, ponto em que a medula transplantada come\u00e7a a produzir c\u00e9lulas de sangue suficientes no novo paciente &#8220;Meu primeiro &#8220;mesvers\u00e1rio&#8221;! 1 &hellip;","og_url":"https:\/\/transamerica93.com.br\/home\/fabiana-justus-comemora-primeiro-mes-apos-pega-de-medula-meu-renascimento\/","og_site_name":"Transam\u00e9rica Mococa 93,3","article_publisher":"https:\/\/www.facebook.com\/transamericamococa","article_published_time":"2024-05-13T21:00:42+00:00","og_image":[{"width":827,"height":627,"url":"https:\/\/transamerica93.com.br\/home\/wp-content\/uploads\/2024\/03\/imagem-26.jpg","type":"image\/jpeg"}],"author":"Reda\u00e7\u00e3o","twitter_card":"summary_large_image","twitter_creator":"@transamerica933","twitter_site":"@transamerica933","twitter_misc":{"Escrito por":"Reda\u00e7\u00e3o","Est. tempo de leitura":"2 minutos"},"schema":{"@context":"https:\/\/schema.org","@graph":[{"@type":"Article","@id":"https:\/\/transamerica93.com.br\/home\/fabiana-justus-comemora-primeiro-mes-apos-pega-de-medula-meu-renascimento\/#article","isPartOf":{"@id":"https:\/\/transamerica93.com.br\/home\/fabiana-justus-comemora-primeiro-mes-apos-pega-de-medula-meu-renascimento\/"},"author":{"name":"Reda\u00e7\u00e3o","@id":"https:\/\/transamerica93.com.br\/home\/#\/schema\/person\/7fed7c99c0d4562efa8561bc0f543172"},"headline":"Fabiana Justus comemora primeiro m\u00eas ap\u00f3s &#8216;pega&#8217; de medula: &#8216;Meu renascimento&#8217;","datePublished":"2024-05-13T21:00:42+00:00","mainEntityOfPage":{"@id":"https:\/\/transamerica93.com.br\/home\/fabiana-justus-comemora-primeiro-mes-apos-pega-de-medula-meu-renascimento\/"},"wordCount":271,"publisher":{"@id":"https:\/\/transamerica93.com.br\/home\/#organization"},"image":{"@id":"https:\/\/transamerica93.com.br\/home\/fabiana-justus-comemora-primeiro-mes-apos-pega-de-medula-meu-renascimento\/#primaryimage"},"thumbnailUrl":"https:\/\/transamerica93.com.br\/home\/wp-content\/uploads\/2024\/03\/imagem-26.jpg","articleSection":["Entretenimento"],"inLanguage":"pt-BR"},{"@type":"WebPage","@id":"https:\/\/transamerica93.com.br\/home\/fabiana-justus-comemora-primeiro-mes-apos-pega-de-medula-meu-renascimento\/","url":"https:\/\/transamerica93.com.br\/home\/fabiana-justus-comemora-primeiro-mes-apos-pega-de-medula-meu-renascimento\/","name":"Fabiana Justus comemora primeiro m\u00eas ap\u00f3s 'pega' de medula: 'Meu renascimento' - Transam\u00e9rica Mococa 93,3","isPartOf":{"@id":"https:\/\/transamerica93.com.br\/home\/#website"},"primaryImageOfPage":{"@id":"https:\/\/transamerica93.com.br\/home\/fabiana-justus-comemora-primeiro-mes-apos-pega-de-medula-meu-renascimento\/#primaryimage"},"image":{"@id":"https:\/\/transamerica93.com.br\/home\/fabiana-justus-comemora-primeiro-mes-apos-pega-de-medula-meu-renascimento\/#primaryimage"},"thumbnailUrl":"https:\/\/transamerica93.com.br\/home\/wp-content\/uploads\/2024\/03\/imagem-26.jpg","datePublished":"2024-05-13T21:00:42+00:00","breadcrumb":{"@id":"https:\/\/transamerica93.com.br\/home\/fabiana-justus-comemora-primeiro-mes-apos-pega-de-medula-meu-renascimento\/#breadcrumb"},"inLanguage":"pt-BR","potentialAction":[{"@type":"ReadAction","target":["https:\/\/transamerica93.com.br\/home\/fabiana-justus-comemora-primeiro-mes-apos-pega-de-medula-meu-renascimento\/"]}]},{"@type":"ImageObject","inLanguage":"pt-BR","@id":"https:\/\/transamerica93.com.br\/home\/fabiana-justus-comemora-primeiro-mes-apos-pega-de-medula-meu-renascimento\/#primaryimage","url":"https:\/\/transamerica93.com.br\/home\/wp-content\/uploads\/2024\/03\/imagem-26.jpg","contentUrl":"https:\/\/transamerica93.com.br\/home\/wp-content\/uploads\/2024\/03\/imagem-26.jpg","width":827,"height":627,"caption":"Foto: Reprodu\u00e7\u00e3o\/Redes sociais"},{"@type":"BreadcrumbList","@id":"https:\/\/transamerica93.com.br\/home\/fabiana-justus-comemora-primeiro-mes-apos-pega-de-medula-meu-renascimento\/#breadcrumb","itemListElement":[{"@type":"ListItem","position":1,"name":"In\u00edcio","item":"https:\/\/transamerica93.com.br\/home\/"},{"@type":"ListItem","position":2,"name":"Fabiana Justus comemora primeiro m\u00eas ap\u00f3s &#8216;pega&#8217; de medula: &#8216;Meu renascimento&#8217;"}]},{"@type":"WebSite","@id":"https:\/\/transamerica93.com.br\/home\/#website","url":"https:\/\/transamerica93.com.br\/home\/","name":"Transam\u00e9rica Mococa 93,3","description":"","publisher":{"@id":"https:\/\/transamerica93.com.br\/home\/#organization"},"potentialAction":[{"@type":"SearchAction","target":{"@type":"EntryPoint","urlTemplate":"https:\/\/transamerica93.com.br\/home\/?s={search_term_string}"},"query-input":{"@type":"PropertyValueSpecification","valueRequired":true,"valueName":"search_term_string"}}],"inLanguage":"pt-BR"},{"@type":"Organization","@id":"https:\/\/transamerica93.com.br\/home\/#organization","name":"Transam\u00e9rica Mococa 93,3","url":"https:\/\/transamerica93.com.br\/home\/","logo":{"@type":"ImageObject","inLanguage":"pt-BR","@id":"https:\/\/transamerica93.com.br\/home\/#\/schema\/logo\/image\/","url":"https:\/\/transamerica93.com.br\/home\/wp-content\/uploads\/2023\/10\/logo2.png","contentUrl":"https:\/\/transamerica93.com.br\/home\/wp-content\/uploads\/2023\/10\/logo2.png","width":800,"height":500,"caption":"Transam\u00e9rica Mococa 93,3"},"image":{"@id":"https:\/\/transamerica93.com.br\/home\/#\/schema\/logo\/image\/"},"sameAs":["https:\/\/www.facebook.com\/transamericamococa","https:\/\/x.com\/transamerica933","https:\/\/www.instagram.com\/transamericamococa"]},{"@type":"Person","@id":"https:\/\/transamerica93.com.br\/home\/#\/schema\/person\/7fed7c99c0d4562efa8561bc0f543172","name":"Reda\u00e7\u00e3o","image":{"@type":"ImageObject","inLanguage":"pt-BR","@id":"https:\/\/secure.gravatar.com\/avatar\/1072c6b775fb02ef8506ce967551d95926669a6b7d2c2147b42eea4d7c68395e?s=96&d=mm&r=g","url":"https:\/\/secure.gravatar.com\/avatar\/1072c6b775fb02ef8506ce967551d95926669a6b7d2c2147b42eea4d7c68395e?s=96&d=mm&r=g","contentUrl":"https:\/\/secure.gravatar.com\/avatar\/1072c6b775fb02ef8506ce967551d95926669a6b7d2c2147b42eea4d7c68395e?s=96&d=mm&r=g","caption":"Reda\u00e7\u00e3o"},"sameAs":["https:\/\/transamerica93.com.br\/home"],"url":"https:\/\/transamerica93.com.br\/home\/author\/william\/"}]}},"_links":{"self":[{"href":"https:\/\/transamerica93.com.br\/home\/wp-json\/wp\/v2\/posts\/3060","targetHints":{"allow":["GET"]}}],"collection":[{"href":"https:\/\/transamerica93.com.br\/home\/wp-json\/wp\/v2\/posts"}],"about":[{"href":"https:\/\/transamerica93.com.br\/home\/wp-json\/wp\/v2\/types\/post"}],"author":[{"embeddable":true,"href":"https:\/\/transamerica93.com.br\/home\/wp-json\/wp\/v2\/users\/1"}],"replies":[{"embeddable":true,"href":"https:\/\/transamerica93.com.br\/home\/wp-json\/wp\/v2\/comments?post=3060"}],"version-history":[{"count":1,"href":"https:\/\/transamerica93.com.br\/home\/wp-json\/wp\/v2\/posts\/3060\/revisions"}],"predecessor-version":[{"id":3061,"href":"https:\/\/transamerica93.com.br\/home\/wp-json\/wp\/v2\/posts\/3060\/revisions\/3061"}],"wp:featuredmedia":[{"embeddable":true,"href":"https:\/\/transamerica93.com.br\/home\/wp-json\/wp\/v2\/media\/2677"}],"wp:attachment":[{"href":"https:\/\/transamerica93.com.br\/home\/wp-json\/wp\/v2\/media?parent=3060"}],"wp:term":[{"taxonomy":"category","embeddable":true,"href":"https:\/\/transamerica93.com.br\/home\/wp-json\/wp\/v2\/categories?post=3060"},{"taxonomy":"post_tag","embeddable":true,"href":"https:\/\/transamerica93.com.br\/home\/wp-json\/wp\/v2\/tags?post=3060"}],"curies":[{"name":"wp","href":"https:\/\/api.w.org\/{rel}","templated":true}]}}