{"id":3071,"date":"2024-05-17T18:00:55","date_gmt":"2024-05-17T21:00:55","guid":{"rendered":"https:\/\/transamerica93.com.br\/home\/?p=3071"},"modified":"2024-05-11T04:51:06","modified_gmt":"2024-05-11T07:51:06","slug":"gracyanne-brabosa-falar-sobre-separacao-e-admite-ter-errado","status":"publish","type":"post","link":"https:\/\/transamerica93.com.br\/home\/gracyanne-brabosa-falar-sobre-separacao-e-admite-ter-errado\/","title":{"rendered":"Gracyanne Brabosa falar sobre separa\u00e7\u00e3o e admite ter errado"},"content":{"rendered":"<h6 class=\"Assina\">Por Valentina Rosa<\/h6>\n<p>Pela primeira vez, Gracyanne Barbosa decidiu falar abertamente sobre os \u00faltimos acontecimentos de sua vida pessoal. Nesta quarta-feira, 8, a musa fitness participou do PodCats e abriu o jogo sobre o envolvimento amoroso que teve com Gilson de Oliveira que acabou levando ao fim de seu casamento com Belo.<\/p>\n<p>Em primeiro lugar, ela fez quest\u00e3o de negar que o div\u00f3rcio esteja sendo uma jogada de marketing, algo muito especulado por parte dos internautas: &#8220;N\u00e3o acredito ser poss\u00edvel que nenhum humano passe por essa exposi\u00e7\u00e3o e usar isso para marketing. Depois fui entendendo porque as pessoas acham isso&#8221;.<\/p>\n<p>Gracyanne aproveitou o espa\u00e7o para lembrar como foi o in\u00edcio de seu relacionamento com Belo: &#8220;Na minha vida, eu sempre me vi sozinha. Conheci o Belo muito jovem, quando a gente se reencontrou, come\u00e7ou a namorar e logo casou, eu nem sabia que eu podia amar tanto e que eu podia aprender tanto com uma pessoa sobre amor&#8221;.<\/p>\n<p>A influenciadora revelou que seu casamento j\u00e1 n\u00e3o ia bem desde o ano passado e que acredita que o distanciamento do agora ex-marido come\u00e7ou por conta de sua intensa rotina de trabalho. &#8220;Quando vi que ele estava afastando&#8230; n\u00e3o acredito que foi por falta de amor, a rela\u00e7\u00e3o vai se desgastando mesmo, muita coisa, muita gente morando em casa e, \u00e0s vezes, ao inv\u00e9s de conversar coisas nossas, a gente estava resolvendo problemas dos outros&#8221;.<\/p>\n<p>Gracyanne admitiu que errou ao se envolver fora do casamento e disse que deveria ter mostrado mais que estava carente. &#8220;Eu fui errada. N\u00e3o demonstrei o que eu precisava. Por mais que a mulher seja forte, que ela seja poderosa e empoderada, tem hora que a gente quer um abra\u00e7o. Queria que ele falasse: &#8216;Relaxa, amor, eu estou aqui&#8217;. N\u00e3o aconteceu, mas eu tamb\u00e9m n\u00e3o falei [sobre os sentimentos]&#8221;.<\/p>\n<p>Ela aproveitou para explicar sua rela\u00e7\u00e3o com Gilson e ressaltou que se arrependeu de sua atitude. &#8220;Ele n\u00e3o era meu personal. Ele era meu amigo na academia e foi um momento de car\u00eancia, eu precisava de um cuidado. Como a gente estava brigando, acho que ele tamb\u00e9m conheceu outras pessoas, mas n\u00e3o fui atr\u00e1s [de saber]&#8221;.<\/p>\n<p>&#8220;As pessoas falam que foi trai\u00e7\u00e3o, mas pra mim e pra ele n\u00e3o foi A gente conversou sobre isso. Acho que foi errado, porque eu ainda estava casada. Me arrependo muito, n\u00e3o teria feito [se fosse hoje]. Mesmo estando brigados, eu o magoei&#8221;, seguiu ela. Por fim, Gracyanne ainda disse que os dois estavam dispostos a tentar uma reconcilia\u00e7\u00e3o, mas que mudaram de ideia quando a separa\u00e7\u00e3o acabou vazando na m\u00eddia.<\/p>\n<p>Belo se pronuncia sobre suposta trai\u00e7\u00e3o com Gracyanne<\/p>\n<p>Em suas redes sociais, Belo quebrou o sil\u00eancio sobre as not\u00edcias que est\u00e3o circulando na internet de que ele tamb\u00e9m traiu Gracyanne durante o casamento. Usando seus stories, o cantor desabafou sobre os \u00faltimos ocorridos em sua vida. &#8220;A rapidez com que as especula\u00e7\u00f5es se espalham, baseadas em informa\u00e7\u00f5es e boatos sobre este momento delicado da minha vida, \u00e9 impressionante&#8221;.<\/p>\n<p>O pagodeiro disse que n\u00e3o tentaria se explicar, j\u00e1 que cada um teria uma interpreta\u00e7\u00e3o. &#8220;Infelizmente, negar ou explicar n\u00e3o adianta, pois cada pessoa acredita em sua pr\u00f3pria vers\u00e3o da verdade&#8221;. Por fim, Belo disse que passar\u00e1 a se cuidar para seguir em frente. &#8220;Fico imaginando at\u00e9 onde isso pode chegar, qual ser\u00e1 o limite. Somente o tempo dir\u00e1, e cabe a mim apenas cuidar das feridas e conviver com as cicatrizes. Assim \u00e9 a natureza humana&#8221;.<\/p>\n","protected":false},"excerpt":{"rendered":"<p>Por Valentina Rosa Pela primeira vez, Gracyanne Barbosa decidiu falar abertamente sobre os \u00faltimos acontecimentos de sua vida pessoal. Nesta quarta-feira, 8, a musa fitness participou do PodCats e abriu o jogo sobre o envolvimento amoroso que teve com Gilson de Oliveira que acabou levando ao fim de seu casamento com Belo. Em primeiro lugar, &hellip;<\/p>\n","protected":false},"author":1,"featured_media":3072,"comment_status":"closed","ping_status":"closed","sticky":false,"template":"","format":"standard","meta":{"footnotes":""},"categories":[24],"tags":[],"class_list":["post-3071","post","type-post","status-publish","format-standard","has-post-thumbnail","hentry","category-entretenimento"],"yoast_head":"<!-- This site is optimized with the Yoast SEO plugin v27.4 - https:\/\/yoast.com\/product\/yoast-seo-wordpress\/ -->\n<title>Gracyanne Brabosa falar sobre separa\u00e7\u00e3o e admite ter errado - Transam\u00e9rica Mococa 93,3<\/title>\n<meta name=\"robots\" content=\"index, follow, max-snippet:-1, max-image-preview:large, max-video-preview:-1\" \/>\n<link rel=\"canonical\" href=\"https:\/\/transamerica93.com.br\/home\/gracyanne-brabosa-falar-sobre-separacao-e-admite-ter-errado\/\" \/>\n<meta property=\"og:locale\" content=\"pt_BR\" \/>\n<meta property=\"og:type\" content=\"article\" \/>\n<meta property=\"og:title\" content=\"Gracyanne Brabosa falar sobre separa\u00e7\u00e3o e admite ter errado - Transam\u00e9rica Mococa 93,3\" \/>\n<meta property=\"og:description\" content=\"Por Valentina Rosa Pela primeira vez, Gracyanne Barbosa decidiu falar abertamente sobre os \u00faltimos acontecimentos de sua vida pessoal. Nesta quarta-feira, 8, a musa fitness participou do PodCats e abriu o jogo sobre o envolvimento amoroso que teve com Gilson de Oliveira que acabou levando ao fim de seu casamento com Belo. Em primeiro lugar, &hellip;\" \/>\n<meta property=\"og:url\" content=\"https:\/\/transamerica93.com.br\/home\/gracyanne-brabosa-falar-sobre-separacao-e-admite-ter-errado\/\" \/>\n<meta property=\"og:site_name\" content=\"Transam\u00e9rica Mococa 93,3\" \/>\n<meta property=\"article:publisher\" content=\"https:\/\/www.facebook.com\/transamericamococa\" \/>\n<meta property=\"article:published_time\" content=\"2024-05-17T21:00:55+00:00\" \/>\n<meta property=\"og:image\" content=\"https:\/\/transamerica93.com.br\/home\/wp-content\/uploads\/2024\/05\/imagem-8.jpg\" \/>\n\t<meta property=\"og:image:width\" content=\"800\" \/>\n\t<meta property=\"og:image:height\" content=\"500\" \/>\n\t<meta property=\"og:image:type\" content=\"image\/jpeg\" \/>\n<meta name=\"author\" content=\"Reda\u00e7\u00e3o\" \/>\n<meta name=\"twitter:card\" content=\"summary_large_image\" \/>\n<meta name=\"twitter:creator\" content=\"@transamerica933\" \/>\n<meta name=\"twitter:site\" content=\"@transamerica933\" \/>\n<meta name=\"twitter:label1\" content=\"Escrito por\" \/>\n\t<meta name=\"twitter:data1\" content=\"Reda\u00e7\u00e3o\" \/>\n\t<meta name=\"twitter:label2\" content=\"Est. tempo de leitura\" \/>\n\t<meta name=\"twitter:data2\" content=\"4 minutos\" \/>\n<script type=\"application\/ld+json\" class=\"yoast-schema-graph\">{\"@context\":\"https:\\\/\\\/schema.org\",\"@graph\":[{\"@type\":\"Article\",\"@id\":\"https:\\\/\\\/transamerica93.com.br\\\/home\\\/gracyanne-brabosa-falar-sobre-separacao-e-admite-ter-errado\\\/#article\",\"isPartOf\":{\"@id\":\"https:\\\/\\\/transamerica93.com.br\\\/home\\\/gracyanne-brabosa-falar-sobre-separacao-e-admite-ter-errado\\\/\"},\"author\":{\"name\":\"Reda\u00e7\u00e3o\",\"@id\":\"https:\\\/\\\/transamerica93.com.br\\\/home\\\/#\\\/schema\\\/person\\\/7fed7c99c0d4562efa8561bc0f543172\"},\"headline\":\"Gracyanne Brabosa falar sobre separa\u00e7\u00e3o e admite ter errado\",\"datePublished\":\"2024-05-17T21:00:55+00:00\",\"mainEntityOfPage\":{\"@id\":\"https:\\\/\\\/transamerica93.com.br\\\/home\\\/gracyanne-brabosa-falar-sobre-separacao-e-admite-ter-errado\\\/\"},\"wordCount\":623,\"publisher\":{\"@id\":\"https:\\\/\\\/transamerica93.com.br\\\/home\\\/#organization\"},\"image\":{\"@id\":\"https:\\\/\\\/transamerica93.com.br\\\/home\\\/gracyanne-brabosa-falar-sobre-separacao-e-admite-ter-errado\\\/#primaryimage\"},\"thumbnailUrl\":\"https:\\\/\\\/transamerica93.com.br\\\/home\\\/wp-content\\\/uploads\\\/2024\\\/05\\\/imagem-8.jpg\",\"articleSection\":[\"Entretenimento\"],\"inLanguage\":\"pt-BR\"},{\"@type\":\"WebPage\",\"@id\":\"https:\\\/\\\/transamerica93.com.br\\\/home\\\/gracyanne-brabosa-falar-sobre-separacao-e-admite-ter-errado\\\/\",\"url\":\"https:\\\/\\\/transamerica93.com.br\\\/home\\\/gracyanne-brabosa-falar-sobre-separacao-e-admite-ter-errado\\\/\",\"name\":\"Gracyanne Brabosa falar sobre separa\u00e7\u00e3o e admite ter errado - Transam\u00e9rica Mococa 93,3\",\"isPartOf\":{\"@id\":\"https:\\\/\\\/transamerica93.com.br\\\/home\\\/#website\"},\"primaryImageOfPage\":{\"@id\":\"https:\\\/\\\/transamerica93.com.br\\\/home\\\/gracyanne-brabosa-falar-sobre-separacao-e-admite-ter-errado\\\/#primaryimage\"},\"image\":{\"@id\":\"https:\\\/\\\/transamerica93.com.br\\\/home\\\/gracyanne-brabosa-falar-sobre-separacao-e-admite-ter-errado\\\/#primaryimage\"},\"thumbnailUrl\":\"https:\\\/\\\/transamerica93.com.br\\\/home\\\/wp-content\\\/uploads\\\/2024\\\/05\\\/imagem-8.jpg\",\"datePublished\":\"2024-05-17T21:00:55+00:00\",\"breadcrumb\":{\"@id\":\"https:\\\/\\\/transamerica93.com.br\\\/home\\\/gracyanne-brabosa-falar-sobre-separacao-e-admite-ter-errado\\\/#breadcrumb\"},\"inLanguage\":\"pt-BR\",\"potentialAction\":[{\"@type\":\"ReadAction\",\"target\":[\"https:\\\/\\\/transamerica93.com.br\\\/home\\\/gracyanne-brabosa-falar-sobre-separacao-e-admite-ter-errado\\\/\"]}]},{\"@type\":\"ImageObject\",\"inLanguage\":\"pt-BR\",\"@id\":\"https:\\\/\\\/transamerica93.com.br\\\/home\\\/gracyanne-brabosa-falar-sobre-separacao-e-admite-ter-errado\\\/#primaryimage\",\"url\":\"https:\\\/\\\/transamerica93.com.br\\\/home\\\/wp-content\\\/uploads\\\/2024\\\/05\\\/imagem-8.jpg\",\"contentUrl\":\"https:\\\/\\\/transamerica93.com.br\\\/home\\\/wp-content\\\/uploads\\\/2024\\\/05\\\/imagem-8.jpg\",\"width\":800,\"height\":500,\"caption\":\"Reprodu\u00e7\u00e3o\"},{\"@type\":\"BreadcrumbList\",\"@id\":\"https:\\\/\\\/transamerica93.com.br\\\/home\\\/gracyanne-brabosa-falar-sobre-separacao-e-admite-ter-errado\\\/#breadcrumb\",\"itemListElement\":[{\"@type\":\"ListItem\",\"position\":1,\"name\":\"In\u00edcio\",\"item\":\"https:\\\/\\\/transamerica93.com.br\\\/home\\\/\"},{\"@type\":\"ListItem\",\"position\":2,\"name\":\"Gracyanne Brabosa falar sobre separa\u00e7\u00e3o e admite ter errado\"}]},{\"@type\":\"WebSite\",\"@id\":\"https:\\\/\\\/transamerica93.com.br\\\/home\\\/#website\",\"url\":\"https:\\\/\\\/transamerica93.com.br\\\/home\\\/\",\"name\":\"Transam\u00e9rica Mococa 93,3\",\"description\":\"\",\"publisher\":{\"@id\":\"https:\\\/\\\/transamerica93.com.br\\\/home\\\/#organization\"},\"potentialAction\":[{\"@type\":\"SearchAction\",\"target\":{\"@type\":\"EntryPoint\",\"urlTemplate\":\"https:\\\/\\\/transamerica93.com.br\\\/home\\\/?s={search_term_string}\"},\"query-input\":{\"@type\":\"PropertyValueSpecification\",\"valueRequired\":true,\"valueName\":\"search_term_string\"}}],\"inLanguage\":\"pt-BR\"},{\"@type\":\"Organization\",\"@id\":\"https:\\\/\\\/transamerica93.com.br\\\/home\\\/#organization\",\"name\":\"Transam\u00e9rica Mococa 93,3\",\"url\":\"https:\\\/\\\/transamerica93.com.br\\\/home\\\/\",\"logo\":{\"@type\":\"ImageObject\",\"inLanguage\":\"pt-BR\",\"@id\":\"https:\\\/\\\/transamerica93.com.br\\\/home\\\/#\\\/schema\\\/logo\\\/image\\\/\",\"url\":\"https:\\\/\\\/transamerica93.com.br\\\/home\\\/wp-content\\\/uploads\\\/2023\\\/10\\\/logo2.png\",\"contentUrl\":\"https:\\\/\\\/transamerica93.com.br\\\/home\\\/wp-content\\\/uploads\\\/2023\\\/10\\\/logo2.png\",\"width\":800,\"height\":500,\"caption\":\"Transam\u00e9rica Mococa 93,3\"},\"image\":{\"@id\":\"https:\\\/\\\/transamerica93.com.br\\\/home\\\/#\\\/schema\\\/logo\\\/image\\\/\"},\"sameAs\":[\"https:\\\/\\\/www.facebook.com\\\/transamericamococa\",\"https:\\\/\\\/x.com\\\/transamerica933\",\"https:\\\/\\\/www.instagram.com\\\/transamericamococa\"]},{\"@type\":\"Person\",\"@id\":\"https:\\\/\\\/transamerica93.com.br\\\/home\\\/#\\\/schema\\\/person\\\/7fed7c99c0d4562efa8561bc0f543172\",\"name\":\"Reda\u00e7\u00e3o\",\"image\":{\"@type\":\"ImageObject\",\"inLanguage\":\"pt-BR\",\"@id\":\"https:\\\/\\\/secure.gravatar.com\\\/avatar\\\/1072c6b775fb02ef8506ce967551d95926669a6b7d2c2147b42eea4d7c68395e?s=96&d=mm&r=g\",\"url\":\"https:\\\/\\\/secure.gravatar.com\\\/avatar\\\/1072c6b775fb02ef8506ce967551d95926669a6b7d2c2147b42eea4d7c68395e?s=96&d=mm&r=g\",\"contentUrl\":\"https:\\\/\\\/secure.gravatar.com\\\/avatar\\\/1072c6b775fb02ef8506ce967551d95926669a6b7d2c2147b42eea4d7c68395e?s=96&d=mm&r=g\",\"caption\":\"Reda\u00e7\u00e3o\"},\"sameAs\":[\"https:\\\/\\\/transamerica93.com.br\\\/home\"],\"url\":\"https:\\\/\\\/transamerica93.com.br\\\/home\\\/author\\\/william\\\/\"}]}<\/script>\n<!-- \/ Yoast SEO plugin. -->","yoast_head_json":{"title":"Gracyanne Brabosa falar sobre separa\u00e7\u00e3o e admite ter errado - Transam\u00e9rica Mococa 93,3","robots":{"index":"index","follow":"follow","max-snippet":"max-snippet:-1","max-image-preview":"max-image-preview:large","max-video-preview":"max-video-preview:-1"},"canonical":"https:\/\/transamerica93.com.br\/home\/gracyanne-brabosa-falar-sobre-separacao-e-admite-ter-errado\/","og_locale":"pt_BR","og_type":"article","og_title":"Gracyanne Brabosa falar sobre separa\u00e7\u00e3o e admite ter errado - Transam\u00e9rica Mococa 93,3","og_description":"Por Valentina Rosa Pela primeira vez, Gracyanne Barbosa decidiu falar abertamente sobre os \u00faltimos acontecimentos de sua vida pessoal. Nesta quarta-feira, 8, a musa fitness participou do PodCats e abriu o jogo sobre o envolvimento amoroso que teve com Gilson de Oliveira que acabou levando ao fim de seu casamento com Belo. Em primeiro lugar, &hellip;","og_url":"https:\/\/transamerica93.com.br\/home\/gracyanne-brabosa-falar-sobre-separacao-e-admite-ter-errado\/","og_site_name":"Transam\u00e9rica Mococa 93,3","article_publisher":"https:\/\/www.facebook.com\/transamericamococa","article_published_time":"2024-05-17T21:00:55+00:00","og_image":[{"width":800,"height":500,"url":"https:\/\/transamerica93.com.br\/home\/wp-content\/uploads\/2024\/05\/imagem-8.jpg","type":"image\/jpeg"}],"author":"Reda\u00e7\u00e3o","twitter_card":"summary_large_image","twitter_creator":"@transamerica933","twitter_site":"@transamerica933","twitter_misc":{"Escrito por":"Reda\u00e7\u00e3o","Est. tempo de leitura":"4 minutos"},"schema":{"@context":"https:\/\/schema.org","@graph":[{"@type":"Article","@id":"https:\/\/transamerica93.com.br\/home\/gracyanne-brabosa-falar-sobre-separacao-e-admite-ter-errado\/#article","isPartOf":{"@id":"https:\/\/transamerica93.com.br\/home\/gracyanne-brabosa-falar-sobre-separacao-e-admite-ter-errado\/"},"author":{"name":"Reda\u00e7\u00e3o","@id":"https:\/\/transamerica93.com.br\/home\/#\/schema\/person\/7fed7c99c0d4562efa8561bc0f543172"},"headline":"Gracyanne Brabosa falar sobre separa\u00e7\u00e3o e admite ter errado","datePublished":"2024-05-17T21:00:55+00:00","mainEntityOfPage":{"@id":"https:\/\/transamerica93.com.br\/home\/gracyanne-brabosa-falar-sobre-separacao-e-admite-ter-errado\/"},"wordCount":623,"publisher":{"@id":"https:\/\/transamerica93.com.br\/home\/#organization"},"image":{"@id":"https:\/\/transamerica93.com.br\/home\/gracyanne-brabosa-falar-sobre-separacao-e-admite-ter-errado\/#primaryimage"},"thumbnailUrl":"https:\/\/transamerica93.com.br\/home\/wp-content\/uploads\/2024\/05\/imagem-8.jpg","articleSection":["Entretenimento"],"inLanguage":"pt-BR"},{"@type":"WebPage","@id":"https:\/\/transamerica93.com.br\/home\/gracyanne-brabosa-falar-sobre-separacao-e-admite-ter-errado\/","url":"https:\/\/transamerica93.com.br\/home\/gracyanne-brabosa-falar-sobre-separacao-e-admite-ter-errado\/","name":"Gracyanne Brabosa falar sobre separa\u00e7\u00e3o e admite ter errado - Transam\u00e9rica Mococa 93,3","isPartOf":{"@id":"https:\/\/transamerica93.com.br\/home\/#website"},"primaryImageOfPage":{"@id":"https:\/\/transamerica93.com.br\/home\/gracyanne-brabosa-falar-sobre-separacao-e-admite-ter-errado\/#primaryimage"},"image":{"@id":"https:\/\/transamerica93.com.br\/home\/gracyanne-brabosa-falar-sobre-separacao-e-admite-ter-errado\/#primaryimage"},"thumbnailUrl":"https:\/\/transamerica93.com.br\/home\/wp-content\/uploads\/2024\/05\/imagem-8.jpg","datePublished":"2024-05-17T21:00:55+00:00","breadcrumb":{"@id":"https:\/\/transamerica93.com.br\/home\/gracyanne-brabosa-falar-sobre-separacao-e-admite-ter-errado\/#breadcrumb"},"inLanguage":"pt-BR","potentialAction":[{"@type":"ReadAction","target":["https:\/\/transamerica93.com.br\/home\/gracyanne-brabosa-falar-sobre-separacao-e-admite-ter-errado\/"]}]},{"@type":"ImageObject","inLanguage":"pt-BR","@id":"https:\/\/transamerica93.com.br\/home\/gracyanne-brabosa-falar-sobre-separacao-e-admite-ter-errado\/#primaryimage","url":"https:\/\/transamerica93.com.br\/home\/wp-content\/uploads\/2024\/05\/imagem-8.jpg","contentUrl":"https:\/\/transamerica93.com.br\/home\/wp-content\/uploads\/2024\/05\/imagem-8.jpg","width":800,"height":500,"caption":"Reprodu\u00e7\u00e3o"},{"@type":"BreadcrumbList","@id":"https:\/\/transamerica93.com.br\/home\/gracyanne-brabosa-falar-sobre-separacao-e-admite-ter-errado\/#breadcrumb","itemListElement":[{"@type":"ListItem","position":1,"name":"In\u00edcio","item":"https:\/\/transamerica93.com.br\/home\/"},{"@type":"ListItem","position":2,"name":"Gracyanne Brabosa falar sobre separa\u00e7\u00e3o e admite ter errado"}]},{"@type":"WebSite","@id":"https:\/\/transamerica93.com.br\/home\/#website","url":"https:\/\/transamerica93.com.br\/home\/","name":"Transam\u00e9rica Mococa 93,3","description":"","publisher":{"@id":"https:\/\/transamerica93.com.br\/home\/#organization"},"potentialAction":[{"@type":"SearchAction","target":{"@type":"EntryPoint","urlTemplate":"https:\/\/transamerica93.com.br\/home\/?s={search_term_string}"},"query-input":{"@type":"PropertyValueSpecification","valueRequired":true,"valueName":"search_term_string"}}],"inLanguage":"pt-BR"},{"@type":"Organization","@id":"https:\/\/transamerica93.com.br\/home\/#organization","name":"Transam\u00e9rica Mococa 93,3","url":"https:\/\/transamerica93.com.br\/home\/","logo":{"@type":"ImageObject","inLanguage":"pt-BR","@id":"https:\/\/transamerica93.com.br\/home\/#\/schema\/logo\/image\/","url":"https:\/\/transamerica93.com.br\/home\/wp-content\/uploads\/2023\/10\/logo2.png","contentUrl":"https:\/\/transamerica93.com.br\/home\/wp-content\/uploads\/2023\/10\/logo2.png","width":800,"height":500,"caption":"Transam\u00e9rica Mococa 93,3"},"image":{"@id":"https:\/\/transamerica93.com.br\/home\/#\/schema\/logo\/image\/"},"sameAs":["https:\/\/www.facebook.com\/transamericamococa","https:\/\/x.com\/transamerica933","https:\/\/www.instagram.com\/transamericamococa"]},{"@type":"Person","@id":"https:\/\/transamerica93.com.br\/home\/#\/schema\/person\/7fed7c99c0d4562efa8561bc0f543172","name":"Reda\u00e7\u00e3o","image":{"@type":"ImageObject","inLanguage":"pt-BR","@id":"https:\/\/secure.gravatar.com\/avatar\/1072c6b775fb02ef8506ce967551d95926669a6b7d2c2147b42eea4d7c68395e?s=96&d=mm&r=g","url":"https:\/\/secure.gravatar.com\/avatar\/1072c6b775fb02ef8506ce967551d95926669a6b7d2c2147b42eea4d7c68395e?s=96&d=mm&r=g","contentUrl":"https:\/\/secure.gravatar.com\/avatar\/1072c6b775fb02ef8506ce967551d95926669a6b7d2c2147b42eea4d7c68395e?s=96&d=mm&r=g","caption":"Reda\u00e7\u00e3o"},"sameAs":["https:\/\/transamerica93.com.br\/home"],"url":"https:\/\/transamerica93.com.br\/home\/author\/william\/"}]}},"_links":{"self":[{"href":"https:\/\/transamerica93.com.br\/home\/wp-json\/wp\/v2\/posts\/3071","targetHints":{"allow":["GET"]}}],"collection":[{"href":"https:\/\/transamerica93.com.br\/home\/wp-json\/wp\/v2\/posts"}],"about":[{"href":"https:\/\/transamerica93.com.br\/home\/wp-json\/wp\/v2\/types\/post"}],"author":[{"embeddable":true,"href":"https:\/\/transamerica93.com.br\/home\/wp-json\/wp\/v2\/users\/1"}],"replies":[{"embeddable":true,"href":"https:\/\/transamerica93.com.br\/home\/wp-json\/wp\/v2\/comments?post=3071"}],"version-history":[{"count":1,"href":"https:\/\/transamerica93.com.br\/home\/wp-json\/wp\/v2\/posts\/3071\/revisions"}],"predecessor-version":[{"id":3073,"href":"https:\/\/transamerica93.com.br\/home\/wp-json\/wp\/v2\/posts\/3071\/revisions\/3073"}],"wp:featuredmedia":[{"embeddable":true,"href":"https:\/\/transamerica93.com.br\/home\/wp-json\/wp\/v2\/media\/3072"}],"wp:attachment":[{"href":"https:\/\/transamerica93.com.br\/home\/wp-json\/wp\/v2\/media?parent=3071"}],"wp:term":[{"taxonomy":"category","embeddable":true,"href":"https:\/\/transamerica93.com.br\/home\/wp-json\/wp\/v2\/categories?post=3071"},{"taxonomy":"post_tag","embeddable":true,"href":"https:\/\/transamerica93.com.br\/home\/wp-json\/wp\/v2\/tags?post=3071"}],"curies":[{"name":"wp","href":"https:\/\/api.w.org\/{rel}","templated":true}]}}