{"id":3080,"date":"2024-05-15T15:00:56","date_gmt":"2024-05-15T18:00:56","guid":{"rendered":"https:\/\/transamerica93.com.br\/home\/?p=3080"},"modified":"2024-05-11T05:00:32","modified_gmt":"2024-05-11T08:00:32","slug":"artistas-se-organizam-para-promover-show-solidario-em-prol-das-vitimas-da-enchente-no-rs-veja-quem","status":"publish","type":"post","link":"https:\/\/transamerica93.com.br\/home\/artistas-se-organizam-para-promover-show-solidario-em-prol-das-vitimas-da-enchente-no-rs-veja-quem\/","title":{"rendered":"Artistas se organizam para promover show solid\u00e1rio em prol das v\u00edtimas da enchente no RS; veja quem"},"content":{"rendered":"<div id=\"Corpo\">Por Reda\u00e7\u00e3o<\/p>\n<p>O Rio Grande do Sul, que est\u00e1 estado de calamidade p\u00fablica em 336 munic\u00edpios, devido \u00e0s fortes chuvas que assolaram a regi\u00e3o, vem recebendo apoio de artistas e personalidades. A cantora Lu\u00edsa Sonza, que \u00e9 ga\u00facha, se pronunciou no X (antigo Twitter), informando que far\u00e1 um show beneficente em prol das v\u00edtimas com a participa\u00e7\u00e3o de Lexa, Pocah e Duda Beat, ainda sem local definido. O humorista Whindersson Nunes tamb\u00e9m revelou que pretende se apresentar em um show solid\u00e1rio destinado a conseguir ajuda para a causa.<\/p>\n<p>&#8220;Eu quero fazer esse show beneficente pra arrecadar fundos pra essas fam\u00edlias que perderam tudo, essas pessoas precisam reconstruir suas vidas depois, muitos perderam a casa. Eu n\u00e3o sei onde nem quando vou fazer, mas quero quanto antes&#8221;, escreveu a cantora.<\/p>\n<p>Em seguida, ela pediu que empresas e amigos que estivessem dispostos a participar a contatassem, e confirmou a presen\u00e7a das cantoras Lexa, Pocah e Duda Beat.<\/p>\n<p>Em seus stories no Instagram, Lu\u00edsa tamb\u00e9m divulgou que Preta Gil, Luan Pereira, Pedro Sampaio, MC Melody, Barbara Labres, MC Daniel e Tain\u00e1 Costa se disponibilizaram para realizar o festival em prol das v\u00edtimas. A artista est\u00e1 \u00e0 procura locais que possam realizar o festival.<\/p>\n<p>Whindersson Nunes tamb\u00e9m pediu, pela mesma rede social, para que o time do Vasco concedesse o est\u00e1dio de S\u00e3o Janu\u00e1rio, no Rio de Janeiro, para uma apresenta\u00e7\u00e3o beneficente. Ele explicou que pagaria pela estrutura, e que a arrecada\u00e7\u00e3o seria destinada \u00e0 causa.<\/p>\n<p>O time respondeu para Whindersson que toparia a ideia: &#8220;Conte conosco&#8221;.<\/p>\n<p>Esta n\u00e3o \u00e9 a primeira vez que o artista participa de causas beneficentes, ela j\u00e1 ajudou a cidade de Manaus em 2021, doando cilindros de oxig\u00eanio, no auge da pandemia de covid-19, e fez campanha para que outros famosos tamb\u00e9m ajudassem na \u00e9poca.<\/p>\n<p>Outros famosos tamb\u00e9m pediram por doa\u00e7\u00f5es para o estado do Rio Grande do Sul, como o ex-BBB Matteus, a atriz Ta\u00eds Ara\u00fajo e a cantora Ivete Sangalo.<\/p><\/div>\n","protected":false},"excerpt":{"rendered":"<p>Por Reda\u00e7\u00e3o O Rio Grande do Sul, que est\u00e1 estado de calamidade p\u00fablica em 336 munic\u00edpios, devido \u00e0s fortes chuvas que assolaram a regi\u00e3o, vem recebendo apoio de artistas e personalidades. A cantora Lu\u00edsa Sonza, que \u00e9 ga\u00facha, se pronunciou no X (antigo Twitter), informando que far\u00e1 um show beneficente em prol das v\u00edtimas com &hellip;<\/p>\n","protected":false},"author":1,"featured_media":3081,"comment_status":"closed","ping_status":"closed","sticky":false,"template":"","format":"standard","meta":{"footnotes":""},"categories":[25],"tags":[],"class_list":["post-3080","post","type-post","status-publish","format-standard","has-post-thumbnail","hentry","category-musica"],"yoast_head":"<!-- This site is optimized with the Yoast SEO plugin v27.4 - https:\/\/yoast.com\/product\/yoast-seo-wordpress\/ -->\n<title>Artistas se organizam para promover show solid\u00e1rio em prol das v\u00edtimas da enchente no RS; veja quem - Transam\u00e9rica Mococa 93,3<\/title>\n<meta name=\"robots\" content=\"index, follow, max-snippet:-1, max-image-preview:large, max-video-preview:-1\" \/>\n<link rel=\"canonical\" href=\"https:\/\/transamerica93.com.br\/home\/artistas-se-organizam-para-promover-show-solidario-em-prol-das-vitimas-da-enchente-no-rs-veja-quem\/\" \/>\n<meta property=\"og:locale\" content=\"pt_BR\" \/>\n<meta property=\"og:type\" content=\"article\" \/>\n<meta property=\"og:title\" content=\"Artistas se organizam para promover show solid\u00e1rio em prol das v\u00edtimas da enchente no RS; veja quem - Transam\u00e9rica Mococa 93,3\" \/>\n<meta property=\"og:description\" content=\"Por Reda\u00e7\u00e3o O Rio Grande do Sul, que est\u00e1 estado de calamidade p\u00fablica em 336 munic\u00edpios, devido \u00e0s fortes chuvas que assolaram a regi\u00e3o, vem recebendo apoio de artistas e personalidades. A cantora Lu\u00edsa Sonza, que \u00e9 ga\u00facha, se pronunciou no X (antigo Twitter), informando que far\u00e1 um show beneficente em prol das v\u00edtimas com &hellip;\" \/>\n<meta property=\"og:url\" content=\"https:\/\/transamerica93.com.br\/home\/artistas-se-organizam-para-promover-show-solidario-em-prol-das-vitimas-da-enchente-no-rs-veja-quem\/\" \/>\n<meta property=\"og:site_name\" content=\"Transam\u00e9rica Mococa 93,3\" \/>\n<meta property=\"article:publisher\" content=\"https:\/\/www.facebook.com\/transamericamococa\" \/>\n<meta property=\"article:published_time\" content=\"2024-05-15T18:00:56+00:00\" \/>\n<meta property=\"og:image\" content=\"https:\/\/transamerica93.com.br\/home\/wp-content\/uploads\/2024\/05\/imagem-11.jpg\" \/>\n\t<meta property=\"og:image:width\" content=\"899\" \/>\n\t<meta property=\"og:image:height\" content=\"508\" \/>\n\t<meta property=\"og:image:type\" content=\"image\/jpeg\" \/>\n<meta name=\"author\" content=\"Reda\u00e7\u00e3o\" \/>\n<meta name=\"twitter:card\" content=\"summary_large_image\" \/>\n<meta name=\"twitter:creator\" content=\"@transamerica933\" \/>\n<meta name=\"twitter:site\" content=\"@transamerica933\" \/>\n<meta name=\"twitter:label1\" content=\"Escrito por\" \/>\n\t<meta name=\"twitter:data1\" content=\"Reda\u00e7\u00e3o\" \/>\n\t<meta name=\"twitter:label2\" content=\"Est. tempo de leitura\" \/>\n\t<meta name=\"twitter:data2\" content=\"2 minutos\" \/>\n<script type=\"application\/ld+json\" class=\"yoast-schema-graph\">{\"@context\":\"https:\\\/\\\/schema.org\",\"@graph\":[{\"@type\":\"Article\",\"@id\":\"https:\\\/\\\/transamerica93.com.br\\\/home\\\/artistas-se-organizam-para-promover-show-solidario-em-prol-das-vitimas-da-enchente-no-rs-veja-quem\\\/#article\",\"isPartOf\":{\"@id\":\"https:\\\/\\\/transamerica93.com.br\\\/home\\\/artistas-se-organizam-para-promover-show-solidario-em-prol-das-vitimas-da-enchente-no-rs-veja-quem\\\/\"},\"author\":{\"name\":\"Reda\u00e7\u00e3o\",\"@id\":\"https:\\\/\\\/transamerica93.com.br\\\/home\\\/#\\\/schema\\\/person\\\/7fed7c99c0d4562efa8561bc0f543172\"},\"headline\":\"Artistas se organizam para promover show solid\u00e1rio em prol das v\u00edtimas da enchente no RS; veja quem\",\"datePublished\":\"2024-05-15T18:00:56+00:00\",\"mainEntityOfPage\":{\"@id\":\"https:\\\/\\\/transamerica93.com.br\\\/home\\\/artistas-se-organizam-para-promover-show-solidario-em-prol-das-vitimas-da-enchente-no-rs-veja-quem\\\/\"},\"wordCount\":365,\"publisher\":{\"@id\":\"https:\\\/\\\/transamerica93.com.br\\\/home\\\/#organization\"},\"image\":{\"@id\":\"https:\\\/\\\/transamerica93.com.br\\\/home\\\/artistas-se-organizam-para-promover-show-solidario-em-prol-das-vitimas-da-enchente-no-rs-veja-quem\\\/#primaryimage\"},\"thumbnailUrl\":\"https:\\\/\\\/transamerica93.com.br\\\/home\\\/wp-content\\\/uploads\\\/2024\\\/05\\\/imagem-11.jpg\",\"articleSection\":[\"M\u00fasica\"],\"inLanguage\":\"pt-BR\"},{\"@type\":\"WebPage\",\"@id\":\"https:\\\/\\\/transamerica93.com.br\\\/home\\\/artistas-se-organizam-para-promover-show-solidario-em-prol-das-vitimas-da-enchente-no-rs-veja-quem\\\/\",\"url\":\"https:\\\/\\\/transamerica93.com.br\\\/home\\\/artistas-se-organizam-para-promover-show-solidario-em-prol-das-vitimas-da-enchente-no-rs-veja-quem\\\/\",\"name\":\"Artistas se organizam para promover show solid\u00e1rio em prol das v\u00edtimas da enchente no RS; veja quem - Transam\u00e9rica Mococa 93,3\",\"isPartOf\":{\"@id\":\"https:\\\/\\\/transamerica93.com.br\\\/home\\\/#website\"},\"primaryImageOfPage\":{\"@id\":\"https:\\\/\\\/transamerica93.com.br\\\/home\\\/artistas-se-organizam-para-promover-show-solidario-em-prol-das-vitimas-da-enchente-no-rs-veja-quem\\\/#primaryimage\"},\"image\":{\"@id\":\"https:\\\/\\\/transamerica93.com.br\\\/home\\\/artistas-se-organizam-para-promover-show-solidario-em-prol-das-vitimas-da-enchente-no-rs-veja-quem\\\/#primaryimage\"},\"thumbnailUrl\":\"https:\\\/\\\/transamerica93.com.br\\\/home\\\/wp-content\\\/uploads\\\/2024\\\/05\\\/imagem-11.jpg\",\"datePublished\":\"2024-05-15T18:00:56+00:00\",\"breadcrumb\":{\"@id\":\"https:\\\/\\\/transamerica93.com.br\\\/home\\\/artistas-se-organizam-para-promover-show-solidario-em-prol-das-vitimas-da-enchente-no-rs-veja-quem\\\/#breadcrumb\"},\"inLanguage\":\"pt-BR\",\"potentialAction\":[{\"@type\":\"ReadAction\",\"target\":[\"https:\\\/\\\/transamerica93.com.br\\\/home\\\/artistas-se-organizam-para-promover-show-solidario-em-prol-das-vitimas-da-enchente-no-rs-veja-quem\\\/\"]}]},{\"@type\":\"ImageObject\",\"inLanguage\":\"pt-BR\",\"@id\":\"https:\\\/\\\/transamerica93.com.br\\\/home\\\/artistas-se-organizam-para-promover-show-solidario-em-prol-das-vitimas-da-enchente-no-rs-veja-quem\\\/#primaryimage\",\"url\":\"https:\\\/\\\/transamerica93.com.br\\\/home\\\/wp-content\\\/uploads\\\/2024\\\/05\\\/imagem-11.jpg\",\"contentUrl\":\"https:\\\/\\\/transamerica93.com.br\\\/home\\\/wp-content\\\/uploads\\\/2024\\\/05\\\/imagem-11.jpg\",\"width\":899,\"height\":508,\"caption\":\"Imagem: Mariana Pekin\\\/UOL\"},{\"@type\":\"BreadcrumbList\",\"@id\":\"https:\\\/\\\/transamerica93.com.br\\\/home\\\/artistas-se-organizam-para-promover-show-solidario-em-prol-das-vitimas-da-enchente-no-rs-veja-quem\\\/#breadcrumb\",\"itemListElement\":[{\"@type\":\"ListItem\",\"position\":1,\"name\":\"In\u00edcio\",\"item\":\"https:\\\/\\\/transamerica93.com.br\\\/home\\\/\"},{\"@type\":\"ListItem\",\"position\":2,\"name\":\"Artistas se organizam para promover show solid\u00e1rio em prol das v\u00edtimas da enchente no RS; veja quem\"}]},{\"@type\":\"WebSite\",\"@id\":\"https:\\\/\\\/transamerica93.com.br\\\/home\\\/#website\",\"url\":\"https:\\\/\\\/transamerica93.com.br\\\/home\\\/\",\"name\":\"Transam\u00e9rica Mococa 93,3\",\"description\":\"\",\"publisher\":{\"@id\":\"https:\\\/\\\/transamerica93.com.br\\\/home\\\/#organization\"},\"potentialAction\":[{\"@type\":\"SearchAction\",\"target\":{\"@type\":\"EntryPoint\",\"urlTemplate\":\"https:\\\/\\\/transamerica93.com.br\\\/home\\\/?s={search_term_string}\"},\"query-input\":{\"@type\":\"PropertyValueSpecification\",\"valueRequired\":true,\"valueName\":\"search_term_string\"}}],\"inLanguage\":\"pt-BR\"},{\"@type\":\"Organization\",\"@id\":\"https:\\\/\\\/transamerica93.com.br\\\/home\\\/#organization\",\"name\":\"Transam\u00e9rica Mococa 93,3\",\"url\":\"https:\\\/\\\/transamerica93.com.br\\\/home\\\/\",\"logo\":{\"@type\":\"ImageObject\",\"inLanguage\":\"pt-BR\",\"@id\":\"https:\\\/\\\/transamerica93.com.br\\\/home\\\/#\\\/schema\\\/logo\\\/image\\\/\",\"url\":\"https:\\\/\\\/transamerica93.com.br\\\/home\\\/wp-content\\\/uploads\\\/2023\\\/10\\\/logo2.png\",\"contentUrl\":\"https:\\\/\\\/transamerica93.com.br\\\/home\\\/wp-content\\\/uploads\\\/2023\\\/10\\\/logo2.png\",\"width\":800,\"height\":500,\"caption\":\"Transam\u00e9rica Mococa 93,3\"},\"image\":{\"@id\":\"https:\\\/\\\/transamerica93.com.br\\\/home\\\/#\\\/schema\\\/logo\\\/image\\\/\"},\"sameAs\":[\"https:\\\/\\\/www.facebook.com\\\/transamericamococa\",\"https:\\\/\\\/x.com\\\/transamerica933\",\"https:\\\/\\\/www.instagram.com\\\/transamericamococa\"]},{\"@type\":\"Person\",\"@id\":\"https:\\\/\\\/transamerica93.com.br\\\/home\\\/#\\\/schema\\\/person\\\/7fed7c99c0d4562efa8561bc0f543172\",\"name\":\"Reda\u00e7\u00e3o\",\"image\":{\"@type\":\"ImageObject\",\"inLanguage\":\"pt-BR\",\"@id\":\"https:\\\/\\\/secure.gravatar.com\\\/avatar\\\/1072c6b775fb02ef8506ce967551d95926669a6b7d2c2147b42eea4d7c68395e?s=96&d=mm&r=g\",\"url\":\"https:\\\/\\\/secure.gravatar.com\\\/avatar\\\/1072c6b775fb02ef8506ce967551d95926669a6b7d2c2147b42eea4d7c68395e?s=96&d=mm&r=g\",\"contentUrl\":\"https:\\\/\\\/secure.gravatar.com\\\/avatar\\\/1072c6b775fb02ef8506ce967551d95926669a6b7d2c2147b42eea4d7c68395e?s=96&d=mm&r=g\",\"caption\":\"Reda\u00e7\u00e3o\"},\"sameAs\":[\"https:\\\/\\\/transamerica93.com.br\\\/home\"],\"url\":\"https:\\\/\\\/transamerica93.com.br\\\/home\\\/author\\\/william\\\/\"}]}<\/script>\n<!-- \/ Yoast SEO plugin. -->","yoast_head_json":{"title":"Artistas se organizam para promover show solid\u00e1rio em prol das v\u00edtimas da enchente no RS; veja quem - Transam\u00e9rica Mococa 93,3","robots":{"index":"index","follow":"follow","max-snippet":"max-snippet:-1","max-image-preview":"max-image-preview:large","max-video-preview":"max-video-preview:-1"},"canonical":"https:\/\/transamerica93.com.br\/home\/artistas-se-organizam-para-promover-show-solidario-em-prol-das-vitimas-da-enchente-no-rs-veja-quem\/","og_locale":"pt_BR","og_type":"article","og_title":"Artistas se organizam para promover show solid\u00e1rio em prol das v\u00edtimas da enchente no RS; veja quem - Transam\u00e9rica Mococa 93,3","og_description":"Por Reda\u00e7\u00e3o O Rio Grande do Sul, que est\u00e1 estado de calamidade p\u00fablica em 336 munic\u00edpios, devido \u00e0s fortes chuvas que assolaram a regi\u00e3o, vem recebendo apoio de artistas e personalidades. A cantora Lu\u00edsa Sonza, que \u00e9 ga\u00facha, se pronunciou no X (antigo Twitter), informando que far\u00e1 um show beneficente em prol das v\u00edtimas com &hellip;","og_url":"https:\/\/transamerica93.com.br\/home\/artistas-se-organizam-para-promover-show-solidario-em-prol-das-vitimas-da-enchente-no-rs-veja-quem\/","og_site_name":"Transam\u00e9rica Mococa 93,3","article_publisher":"https:\/\/www.facebook.com\/transamericamococa","article_published_time":"2024-05-15T18:00:56+00:00","og_image":[{"width":899,"height":508,"url":"https:\/\/transamerica93.com.br\/home\/wp-content\/uploads\/2024\/05\/imagem-11.jpg","type":"image\/jpeg"}],"author":"Reda\u00e7\u00e3o","twitter_card":"summary_large_image","twitter_creator":"@transamerica933","twitter_site":"@transamerica933","twitter_misc":{"Escrito por":"Reda\u00e7\u00e3o","Est. tempo de leitura":"2 minutos"},"schema":{"@context":"https:\/\/schema.org","@graph":[{"@type":"Article","@id":"https:\/\/transamerica93.com.br\/home\/artistas-se-organizam-para-promover-show-solidario-em-prol-das-vitimas-da-enchente-no-rs-veja-quem\/#article","isPartOf":{"@id":"https:\/\/transamerica93.com.br\/home\/artistas-se-organizam-para-promover-show-solidario-em-prol-das-vitimas-da-enchente-no-rs-veja-quem\/"},"author":{"name":"Reda\u00e7\u00e3o","@id":"https:\/\/transamerica93.com.br\/home\/#\/schema\/person\/7fed7c99c0d4562efa8561bc0f543172"},"headline":"Artistas se organizam para promover show solid\u00e1rio em prol das v\u00edtimas da enchente no RS; veja quem","datePublished":"2024-05-15T18:00:56+00:00","mainEntityOfPage":{"@id":"https:\/\/transamerica93.com.br\/home\/artistas-se-organizam-para-promover-show-solidario-em-prol-das-vitimas-da-enchente-no-rs-veja-quem\/"},"wordCount":365,"publisher":{"@id":"https:\/\/transamerica93.com.br\/home\/#organization"},"image":{"@id":"https:\/\/transamerica93.com.br\/home\/artistas-se-organizam-para-promover-show-solidario-em-prol-das-vitimas-da-enchente-no-rs-veja-quem\/#primaryimage"},"thumbnailUrl":"https:\/\/transamerica93.com.br\/home\/wp-content\/uploads\/2024\/05\/imagem-11.jpg","articleSection":["M\u00fasica"],"inLanguage":"pt-BR"},{"@type":"WebPage","@id":"https:\/\/transamerica93.com.br\/home\/artistas-se-organizam-para-promover-show-solidario-em-prol-das-vitimas-da-enchente-no-rs-veja-quem\/","url":"https:\/\/transamerica93.com.br\/home\/artistas-se-organizam-para-promover-show-solidario-em-prol-das-vitimas-da-enchente-no-rs-veja-quem\/","name":"Artistas se organizam para promover show solid\u00e1rio em prol das v\u00edtimas da enchente no RS; veja quem - Transam\u00e9rica Mococa 93,3","isPartOf":{"@id":"https:\/\/transamerica93.com.br\/home\/#website"},"primaryImageOfPage":{"@id":"https:\/\/transamerica93.com.br\/home\/artistas-se-organizam-para-promover-show-solidario-em-prol-das-vitimas-da-enchente-no-rs-veja-quem\/#primaryimage"},"image":{"@id":"https:\/\/transamerica93.com.br\/home\/artistas-se-organizam-para-promover-show-solidario-em-prol-das-vitimas-da-enchente-no-rs-veja-quem\/#primaryimage"},"thumbnailUrl":"https:\/\/transamerica93.com.br\/home\/wp-content\/uploads\/2024\/05\/imagem-11.jpg","datePublished":"2024-05-15T18:00:56+00:00","breadcrumb":{"@id":"https:\/\/transamerica93.com.br\/home\/artistas-se-organizam-para-promover-show-solidario-em-prol-das-vitimas-da-enchente-no-rs-veja-quem\/#breadcrumb"},"inLanguage":"pt-BR","potentialAction":[{"@type":"ReadAction","target":["https:\/\/transamerica93.com.br\/home\/artistas-se-organizam-para-promover-show-solidario-em-prol-das-vitimas-da-enchente-no-rs-veja-quem\/"]}]},{"@type":"ImageObject","inLanguage":"pt-BR","@id":"https:\/\/transamerica93.com.br\/home\/artistas-se-organizam-para-promover-show-solidario-em-prol-das-vitimas-da-enchente-no-rs-veja-quem\/#primaryimage","url":"https:\/\/transamerica93.com.br\/home\/wp-content\/uploads\/2024\/05\/imagem-11.jpg","contentUrl":"https:\/\/transamerica93.com.br\/home\/wp-content\/uploads\/2024\/05\/imagem-11.jpg","width":899,"height":508,"caption":"Imagem: Mariana Pekin\/UOL"},{"@type":"BreadcrumbList","@id":"https:\/\/transamerica93.com.br\/home\/artistas-se-organizam-para-promover-show-solidario-em-prol-das-vitimas-da-enchente-no-rs-veja-quem\/#breadcrumb","itemListElement":[{"@type":"ListItem","position":1,"name":"In\u00edcio","item":"https:\/\/transamerica93.com.br\/home\/"},{"@type":"ListItem","position":2,"name":"Artistas se organizam para promover show solid\u00e1rio em prol das v\u00edtimas da enchente no RS; veja quem"}]},{"@type":"WebSite","@id":"https:\/\/transamerica93.com.br\/home\/#website","url":"https:\/\/transamerica93.com.br\/home\/","name":"Transam\u00e9rica Mococa 93,3","description":"","publisher":{"@id":"https:\/\/transamerica93.com.br\/home\/#organization"},"potentialAction":[{"@type":"SearchAction","target":{"@type":"EntryPoint","urlTemplate":"https:\/\/transamerica93.com.br\/home\/?s={search_term_string}"},"query-input":{"@type":"PropertyValueSpecification","valueRequired":true,"valueName":"search_term_string"}}],"inLanguage":"pt-BR"},{"@type":"Organization","@id":"https:\/\/transamerica93.com.br\/home\/#organization","name":"Transam\u00e9rica Mococa 93,3","url":"https:\/\/transamerica93.com.br\/home\/","logo":{"@type":"ImageObject","inLanguage":"pt-BR","@id":"https:\/\/transamerica93.com.br\/home\/#\/schema\/logo\/image\/","url":"https:\/\/transamerica93.com.br\/home\/wp-content\/uploads\/2023\/10\/logo2.png","contentUrl":"https:\/\/transamerica93.com.br\/home\/wp-content\/uploads\/2023\/10\/logo2.png","width":800,"height":500,"caption":"Transam\u00e9rica Mococa 93,3"},"image":{"@id":"https:\/\/transamerica93.com.br\/home\/#\/schema\/logo\/image\/"},"sameAs":["https:\/\/www.facebook.com\/transamericamococa","https:\/\/x.com\/transamerica933","https:\/\/www.instagram.com\/transamericamococa"]},{"@type":"Person","@id":"https:\/\/transamerica93.com.br\/home\/#\/schema\/person\/7fed7c99c0d4562efa8561bc0f543172","name":"Reda\u00e7\u00e3o","image":{"@type":"ImageObject","inLanguage":"pt-BR","@id":"https:\/\/secure.gravatar.com\/avatar\/1072c6b775fb02ef8506ce967551d95926669a6b7d2c2147b42eea4d7c68395e?s=96&d=mm&r=g","url":"https:\/\/secure.gravatar.com\/avatar\/1072c6b775fb02ef8506ce967551d95926669a6b7d2c2147b42eea4d7c68395e?s=96&d=mm&r=g","contentUrl":"https:\/\/secure.gravatar.com\/avatar\/1072c6b775fb02ef8506ce967551d95926669a6b7d2c2147b42eea4d7c68395e?s=96&d=mm&r=g","caption":"Reda\u00e7\u00e3o"},"sameAs":["https:\/\/transamerica93.com.br\/home"],"url":"https:\/\/transamerica93.com.br\/home\/author\/william\/"}]}},"_links":{"self":[{"href":"https:\/\/transamerica93.com.br\/home\/wp-json\/wp\/v2\/posts\/3080","targetHints":{"allow":["GET"]}}],"collection":[{"href":"https:\/\/transamerica93.com.br\/home\/wp-json\/wp\/v2\/posts"}],"about":[{"href":"https:\/\/transamerica93.com.br\/home\/wp-json\/wp\/v2\/types\/post"}],"author":[{"embeddable":true,"href":"https:\/\/transamerica93.com.br\/home\/wp-json\/wp\/v2\/users\/1"}],"replies":[{"embeddable":true,"href":"https:\/\/transamerica93.com.br\/home\/wp-json\/wp\/v2\/comments?post=3080"}],"version-history":[{"count":1,"href":"https:\/\/transamerica93.com.br\/home\/wp-json\/wp\/v2\/posts\/3080\/revisions"}],"predecessor-version":[{"id":3082,"href":"https:\/\/transamerica93.com.br\/home\/wp-json\/wp\/v2\/posts\/3080\/revisions\/3082"}],"wp:featuredmedia":[{"embeddable":true,"href":"https:\/\/transamerica93.com.br\/home\/wp-json\/wp\/v2\/media\/3081"}],"wp:attachment":[{"href":"https:\/\/transamerica93.com.br\/home\/wp-json\/wp\/v2\/media?parent=3080"}],"wp:term":[{"taxonomy":"category","embeddable":true,"href":"https:\/\/transamerica93.com.br\/home\/wp-json\/wp\/v2\/categories?post=3080"},{"taxonomy":"post_tag","embeddable":true,"href":"https:\/\/transamerica93.com.br\/home\/wp-json\/wp\/v2\/tags?post=3080"}],"curies":[{"name":"wp","href":"https:\/\/api.w.org\/{rel}","templated":true}]}}