{"id":3083,"date":"2024-05-16T15:00:05","date_gmt":"2024-05-16T18:00:05","guid":{"rendered":"https:\/\/transamerica93.com.br\/home\/?p=3083"},"modified":"2024-05-11T05:02:18","modified_gmt":"2024-05-11T08:02:18","slug":"paulo-miklos-vive-segunda-despedida-da-megalomania-dos-titas-novos-shows-discos-e-filmes","status":"publish","type":"post","link":"https:\/\/transamerica93.com.br\/home\/paulo-miklos-vive-segunda-despedida-da-megalomania-dos-titas-novos-shows-discos-e-filmes\/","title":{"rendered":"Paulo Miklos vive segunda despedida da megalomania dos Tit\u00e3s: \u2018Novos shows, discos e filmes\u2019"},"content":{"rendered":"<div id=\"Corpo\">Por Pedro Antunes<\/p>\n<p>Paulo Miklos dan\u00e7a com as pernas, em um gingado do twist, ao som de um piano que toca no bar do outro lado das cortinas. Estala os dados, enquanto \u00e9 acompanhado timidamente pelos tr\u00eas integrantes da sua banda em carreira solo, que o acompanham desde 2016, quando deixou a mais numerosa banda do rock nacional, Tit\u00e3s, e tamb\u00e9m uma das mais bem-sucedidas, para embarcar em uma jornada de autodescobrimento.<\/p>\n<p>O pianista interrompe a m\u00fasica para um locutor (sim, um locutor) anunciar o show. Miklos e banda sobem o palco diminuto e o ocupam bem. Est\u00e3o diante de 500 pessoas (capacidade m\u00e1xima do Blue Note S\u00e3o Paulo), em uma casa de shows na beira da Avenida Paulista, em uma noite de quarta-feira, dia 15 de mar\u00e7o de 2023<\/p>\n<p>Poucas semanas depois daquele show, Miklos embarcaria nos ensaios para a ic\u00f4nica, megaloman\u00edaca e, tamb\u00e9m, hist\u00f3rica turn\u00ea de reuni\u00e3o dos Tit\u00e3s com a forma\u00e7\u00e3o ic\u00f4nica. Quarenta e tr\u00eas dias depois da apresenta\u00e7\u00e3o no Blue Note, estreava Tit\u00e3s: Encontro, na Jeunesse Arena, casa de shows na Barra da Tijuca, no Rio de Janeiro, com capacidade para 14 mil pessoas.<\/p>\n<p>Miklos passou 46 noites em palcos com a antiga banda ao longo de 2023, em uma turn\u00ea que se tornou exemplo para o mercado nacional de que \u00e9 poss\u00edvel levar mais artistas brasileiros para grandes palcos de arenas e de est\u00e1dios (foram 6 shows no Allianz Park Parque, em S\u00e3o Paulo, para 50 mil pessoas cada um, por exemplo)<\/p>\n<p>Findada a turn\u00ea no dia 31 de dezembro em Fortaleza, Paulo Miklos iniciou o ano de 2024 se despedindo, mais uma vez, dos n\u00fameros astron\u00f4micos da ex-banda. Se, em 2016, a sa\u00edda foi mais sentida para todos, \u00e9 claro, agora o sentimento \u00e9 de realiza\u00e7\u00e3o de um feito e tanto. Se comparado a uma entrevista a este mesmo Estad\u00e3o de 2017, logo ap\u00f3s a partida e para anunciar o lan\u00e7amento do seu primeiro disco dessa nova fase, chamado\u00a0<i>A Gente Mora no Agora<\/i>. Na ocasi\u00e3o, inevitavelmente, Miklos falava mais do presente e do futuro do que da partida do grupo.<\/p>\n<p>Em 2023, ele n\u00e3o integrou a banda, apenas se juntou para a turn\u00ea de reuni\u00e3o, de modo que neste papo do in\u00edcio de maio de 2024, Miklos olha para tr\u00e1s sem qualquer pudor e, sim, entusiasmado pelo feito ao lado dos antigos companheiros.<\/p>\n<p>&#8220;Foram 50 mil por dia [os shows dos Tit\u00e3s no Allianz], isso \u00e9 uma loucura&#8221;, surpreende-se Miklos com os n\u00fameros. &#8220;Fa\u00e7o com a mesma disposi\u00e7\u00e3o do que um show menor, claro. O tamanho n\u00e3o importa, porque a sensa\u00e7\u00e3o \u00e9 a mesma. E o frio na barriga, tamb\u00e9m.&#8221;<\/p>\n<p><b>O primeiro \u00e1lbum ao vivo (da carreira solo)<\/b><\/p>\n<p>E agora, na \u00faltima sexta-feira, 3, o ex-Tit\u00e3s lan\u00e7a justamente o registro ao vivo daquele show para as 500 pessoas que o assistiram em uma quarta-feira a noite na Avenida Paulista, de mar\u00e7o de 2023, com um disco publicado nas plataformas digitais e o v\u00eddeo publicado no Youtube.<\/p>\n<p>Funciona quase como uma reconex\u00e3o com o Paulo-Miklos-intimista, que precisou voltar para as coxias por alguns meses para que o Paulo-Miklos-das-multid\u00f5es tomasse a frente. Simples, direto, exposto.<\/p>\n<p>Paulo Miklos nunca lan\u00e7ou um registro ao vivo seu, sozinho. Claro, podemos mais uma vez voltar \u00e0 megalomania dos Tit\u00e3s, que fizeram, juntos e ao vivo, hist\u00f3ria com o Ac\u00fastico MTV, lan\u00e7ado em 1997, sucesso comercial absoluto, com mais de 1,7 milh\u00e3o de c\u00f3pias vendidas.<\/p>\n<p>&#8220;O Ac\u00fastico MTV foi um dos grandes momentos da minha carreira. Era a comemora\u00e7\u00e3o dos 15 anos dos Tit\u00e3s. Gravamos l\u00e1 no Rio de Janeiro. E foi uma coisa astron\u00f4mica, mesmo, tive um pico de popularidade&#8221;, relembra Miklos. Naquela grava\u00e7\u00e3o, diferentemente dos Ac\u00fasticos atuais, a banda gravou com orquestra sem interrup\u00e7\u00f5es. &#8220;Repetimos alguma coisa no final&#8221;, admite, &#8220;mas foi cru, mesmo.&#8221;<\/p>\n<p>Cru, tamb\u00e9m, \u00e9 Paulo Miklos (Ao Vivo), que embora tenha passado por uma caprichada produ\u00e7\u00e3o de Rafael Ramos, diretor art\u00edstico da Deck, gravadora de Miklos. Fica, na vers\u00e3o final, at\u00e9 algumas intera\u00e7\u00f5es do artista com a plateia, o que ele tentou tirar no corte final da grava\u00e7\u00e3o, mas foi convencido por Ramos a manter. &#8220;Ele me falou: &#8216;\u00c9 o que faz a diferen\u00e7a&#8217;. E faz sentido. \u00c9 o espont\u00e2neo, ali.&#8221;<\/p>\n<p><b>Repert\u00f3rio re\u00fane composi\u00e7\u00f5es da carreira solo e sucessos dos Tit\u00e3s<\/b><\/p>\n<p>O registro do show, ao vivo, tamb\u00e9m \u00e9 um retrato deste artista sem muletas, sem outros companheiros de banda famosos para dividir os holofotes e os microfones. Aqui, Miklos n\u00e3o sai de cena, n\u00e3o h\u00e1 tempo para fazer uma dancinha no fundo do palco ou algu\u00e9m para dividir o microfone. Tamb\u00e9m n\u00e3o precisa ocupar o espa\u00e7o com movimento exagerados e teatrais. Um sorriso, dado ali em um Blue Note lotado, \u00e9 visto por todos. O suor das t\u00eamporas, tamb\u00e9m.<\/p>\n<p>A sutileza \u00e9 o que faz a diferen\u00e7a. Esmi\u00fa\u00e7a a pr\u00f3pria discografia, nos \u00e1lbuns solo que lan\u00e7ou p\u00f3s-Tit\u00e3s, A Gente Mora no Agora (2017) e Do Amor N\u00e3o Vai Sobrar Ningu\u00e9m (2022), com destaque para as vers\u00f5es intimistas de Vou Te Encontrar, o hit do \u00e1lbum de 2017, e Um Misto de Todas as Coisas, joia agridoce do trabalho de 2022.<\/p>\n<p>\u00c9 um arranjo novo, inclusive nas m\u00fasicas gravadas com os Tit\u00e3s, revisitadas ali, como Son\u00edfera Ilha, Flores, Comida e Pra Dizer Adeus. Ou em Um Bom Lugar, uma adapta\u00e7\u00e3o do rap de Sabotage, rapper que completaria 51 anos em 2024, se n\u00e3o tivesse sido assinado em 2023. A vers\u00e3o de Um Bom Lugar de Miklos \u00e9 uma can\u00e7\u00e3o, \u00e9 claro, que \u00e9 onde a musicalidade de Miklos reside e resiste, e se conecta no show com Sabotage Est\u00e1 Aqui, faixa do \u00e1lbum de 2022.<\/p>\n<p><b>A segunda &#8216;partida&#8217; dos Tit\u00e3s<\/b><\/p>\n<p>O fim da turn\u00ea dos Tit\u00e3s coloca Miklos em rota consigo mesmo mais uma vez. E Miklos \u00e9 um tipo de poliartista, ou multi-artista, de uma \u00e9poca em que isso significava se expressar por mais de uma forma de arte, n\u00e3o o conceito atual que transforma o criador de arte em criador de conte\u00fado de consumo r\u00e1pido para as redes sociais.<\/p>\n<p>Foi como ator que o Paulo Miklos se expandiu ao fazer o filme\u00a0<i>O Invasor<\/i>\u00a0(2001), dirigido por Beto Brant, e conheceu Sabotage. Mas a carreira de Paulo Miklos no cinema e TV \u00e9 ampla, desde o personagem Gonzales, vil\u00e3o dos filmes de\u00a0<i>Carrossel<\/i>, at\u00e9 a presen\u00e7a em s\u00e9ries densas como\u00a0<i>Manh\u00e3s de Setembro<\/i>\u00a0e\u00a0<i>\u00daltimas F\u00e9rias<\/i>. Mais recente, interpretou o famoso sambista Adoniran Barbosa no filme\u00a0<i>Saudosa Maloca<\/i>, lan\u00e7ado em 2024.<\/p>\n<p>H\u00e1 outros projetos vindo a\u00ed. Miklos volta ao universo de\u00a0<i>Est\u00f4mago<\/i>, filme de Marcos Jorge, queridinho da cr\u00edtica, de 2007, com a continua\u00e7\u00e3o prevista para agosto de 2024, entre outros.<\/p>\n<p>De certa maneira, a turn\u00ea com Tit\u00e3s foi ainda mais libertadora para Miklos, que agora segue sem ser questionado sobre um retorno para a banda que o catapultou. Ele quer viver o presente, tal qual aquele de 2017, do A Gente Mora No Agora. Paulo Miklos est\u00e1 disposto a experimentar o novo, de novo. Se for perguntado: &#8220;E agora, Paulo, o que vem por a\u00ed?&#8221;. Ele vai abrir um sorriso: &#8220;Novos discos, novos shows, novos filmes&#8221;.<\/p><\/div>\n","protected":false},"excerpt":{"rendered":"<p>Por Pedro Antunes Paulo Miklos dan\u00e7a com as pernas, em um gingado do twist, ao som de um piano que toca no bar do outro lado das cortinas. Estala os dados, enquanto \u00e9 acompanhado timidamente pelos tr\u00eas integrantes da sua banda em carreira solo, que o acompanham desde 2016, quando deixou a mais numerosa banda &hellip;<\/p>\n","protected":false},"author":1,"featured_media":3084,"comment_status":"closed","ping_status":"closed","sticky":false,"template":"","format":"standard","meta":{"footnotes":""},"categories":[25],"tags":[],"class_list":["post-3083","post","type-post","status-publish","format-standard","has-post-thumbnail","hentry","category-musica"],"yoast_head":"<!-- This site is optimized with the Yoast SEO plugin v27.4 - https:\/\/yoast.com\/product\/yoast-seo-wordpress\/ -->\n<title>Paulo Miklos vive segunda despedida da megalomania dos Tit\u00e3s: \u2018Novos shows, discos e filmes\u2019 - Transam\u00e9rica Mococa 93,3<\/title>\n<meta name=\"robots\" content=\"index, follow, max-snippet:-1, max-image-preview:large, max-video-preview:-1\" \/>\n<link rel=\"canonical\" href=\"https:\/\/transamerica93.com.br\/home\/paulo-miklos-vive-segunda-despedida-da-megalomania-dos-titas-novos-shows-discos-e-filmes\/\" \/>\n<meta property=\"og:locale\" content=\"pt_BR\" \/>\n<meta property=\"og:type\" content=\"article\" \/>\n<meta property=\"og:title\" content=\"Paulo Miklos vive segunda despedida da megalomania dos Tit\u00e3s: \u2018Novos shows, discos e filmes\u2019 - Transam\u00e9rica Mococa 93,3\" \/>\n<meta property=\"og:description\" content=\"Por Pedro Antunes Paulo Miklos dan\u00e7a com as pernas, em um gingado do twist, ao som de um piano que toca no bar do outro lado das cortinas. Estala os dados, enquanto \u00e9 acompanhado timidamente pelos tr\u00eas integrantes da sua banda em carreira solo, que o acompanham desde 2016, quando deixou a mais numerosa banda &hellip;\" \/>\n<meta property=\"og:url\" content=\"https:\/\/transamerica93.com.br\/home\/paulo-miklos-vive-segunda-despedida-da-megalomania-dos-titas-novos-shows-discos-e-filmes\/\" \/>\n<meta property=\"og:site_name\" content=\"Transam\u00e9rica Mococa 93,3\" \/>\n<meta property=\"article:publisher\" content=\"https:\/\/www.facebook.com\/transamericamococa\" \/>\n<meta property=\"article:published_time\" content=\"2024-05-16T18:00:05+00:00\" \/>\n<meta property=\"og:image\" content=\"https:\/\/transamerica93.com.br\/home\/wp-content\/uploads\/2024\/05\/paulo-miklos-scaled-1.jpg\" \/>\n\t<meta property=\"og:image:width\" content=\"2560\" \/>\n\t<meta property=\"og:image:height\" content=\"1707\" \/>\n\t<meta property=\"og:image:type\" content=\"image\/jpeg\" \/>\n<meta name=\"author\" content=\"Reda\u00e7\u00e3o\" \/>\n<meta name=\"twitter:card\" content=\"summary_large_image\" \/>\n<meta name=\"twitter:creator\" content=\"@transamerica933\" \/>\n<meta name=\"twitter:site\" content=\"@transamerica933\" \/>\n<meta name=\"twitter:label1\" content=\"Escrito por\" \/>\n\t<meta name=\"twitter:data1\" content=\"Reda\u00e7\u00e3o\" \/>\n\t<meta name=\"twitter:label2\" content=\"Est. tempo de leitura\" \/>\n\t<meta name=\"twitter:data2\" content=\"7 minutos\" \/>\n<script type=\"application\/ld+json\" class=\"yoast-schema-graph\">{\"@context\":\"https:\\\/\\\/schema.org\",\"@graph\":[{\"@type\":\"Article\",\"@id\":\"https:\\\/\\\/transamerica93.com.br\\\/home\\\/paulo-miklos-vive-segunda-despedida-da-megalomania-dos-titas-novos-shows-discos-e-filmes\\\/#article\",\"isPartOf\":{\"@id\":\"https:\\\/\\\/transamerica93.com.br\\\/home\\\/paulo-miklos-vive-segunda-despedida-da-megalomania-dos-titas-novos-shows-discos-e-filmes\\\/\"},\"author\":{\"name\":\"Reda\u00e7\u00e3o\",\"@id\":\"https:\\\/\\\/transamerica93.com.br\\\/home\\\/#\\\/schema\\\/person\\\/7fed7c99c0d4562efa8561bc0f543172\"},\"headline\":\"Paulo Miklos vive segunda despedida da megalomania dos Tit\u00e3s: \u2018Novos shows, discos e filmes\u2019\",\"datePublished\":\"2024-05-16T18:00:05+00:00\",\"mainEntityOfPage\":{\"@id\":\"https:\\\/\\\/transamerica93.com.br\\\/home\\\/paulo-miklos-vive-segunda-despedida-da-megalomania-dos-titas-novos-shows-discos-e-filmes\\\/\"},\"wordCount\":1249,\"publisher\":{\"@id\":\"https:\\\/\\\/transamerica93.com.br\\\/home\\\/#organization\"},\"image\":{\"@id\":\"https:\\\/\\\/transamerica93.com.br\\\/home\\\/paulo-miklos-vive-segunda-despedida-da-megalomania-dos-titas-novos-shows-discos-e-filmes\\\/#primaryimage\"},\"thumbnailUrl\":\"https:\\\/\\\/transamerica93.com.br\\\/home\\\/wp-content\\\/uploads\\\/2024\\\/05\\\/paulo-miklos-scaled-1.jpg\",\"articleSection\":[\"M\u00fasica\"],\"inLanguage\":\"pt-BR\"},{\"@type\":\"WebPage\",\"@id\":\"https:\\\/\\\/transamerica93.com.br\\\/home\\\/paulo-miklos-vive-segunda-despedida-da-megalomania-dos-titas-novos-shows-discos-e-filmes\\\/\",\"url\":\"https:\\\/\\\/transamerica93.com.br\\\/home\\\/paulo-miklos-vive-segunda-despedida-da-megalomania-dos-titas-novos-shows-discos-e-filmes\\\/\",\"name\":\"Paulo Miklos vive segunda despedida da megalomania dos Tit\u00e3s: \u2018Novos shows, discos e filmes\u2019 - Transam\u00e9rica Mococa 93,3\",\"isPartOf\":{\"@id\":\"https:\\\/\\\/transamerica93.com.br\\\/home\\\/#website\"},\"primaryImageOfPage\":{\"@id\":\"https:\\\/\\\/transamerica93.com.br\\\/home\\\/paulo-miklos-vive-segunda-despedida-da-megalomania-dos-titas-novos-shows-discos-e-filmes\\\/#primaryimage\"},\"image\":{\"@id\":\"https:\\\/\\\/transamerica93.com.br\\\/home\\\/paulo-miklos-vive-segunda-despedida-da-megalomania-dos-titas-novos-shows-discos-e-filmes\\\/#primaryimage\"},\"thumbnailUrl\":\"https:\\\/\\\/transamerica93.com.br\\\/home\\\/wp-content\\\/uploads\\\/2024\\\/05\\\/paulo-miklos-scaled-1.jpg\",\"datePublished\":\"2024-05-16T18:00:05+00:00\",\"breadcrumb\":{\"@id\":\"https:\\\/\\\/transamerica93.com.br\\\/home\\\/paulo-miklos-vive-segunda-despedida-da-megalomania-dos-titas-novos-shows-discos-e-filmes\\\/#breadcrumb\"},\"inLanguage\":\"pt-BR\",\"potentialAction\":[{\"@type\":\"ReadAction\",\"target\":[\"https:\\\/\\\/transamerica93.com.br\\\/home\\\/paulo-miklos-vive-segunda-despedida-da-megalomania-dos-titas-novos-shows-discos-e-filmes\\\/\"]}]},{\"@type\":\"ImageObject\",\"inLanguage\":\"pt-BR\",\"@id\":\"https:\\\/\\\/transamerica93.com.br\\\/home\\\/paulo-miklos-vive-segunda-despedida-da-megalomania-dos-titas-novos-shows-discos-e-filmes\\\/#primaryimage\",\"url\":\"https:\\\/\\\/transamerica93.com.br\\\/home\\\/wp-content\\\/uploads\\\/2024\\\/05\\\/paulo-miklos-scaled-1.jpg\",\"contentUrl\":\"https:\\\/\\\/transamerica93.com.br\\\/home\\\/wp-content\\\/uploads\\\/2024\\\/05\\\/paulo-miklos-scaled-1.jpg\",\"width\":2560,\"height\":1707,\"caption\":\"Divulga\u00e7\u00e3o\"},{\"@type\":\"BreadcrumbList\",\"@id\":\"https:\\\/\\\/transamerica93.com.br\\\/home\\\/paulo-miklos-vive-segunda-despedida-da-megalomania-dos-titas-novos-shows-discos-e-filmes\\\/#breadcrumb\",\"itemListElement\":[{\"@type\":\"ListItem\",\"position\":1,\"name\":\"In\u00edcio\",\"item\":\"https:\\\/\\\/transamerica93.com.br\\\/home\\\/\"},{\"@type\":\"ListItem\",\"position\":2,\"name\":\"Paulo Miklos vive segunda despedida da megalomania dos Tit\u00e3s: \u2018Novos shows, discos e filmes\u2019\"}]},{\"@type\":\"WebSite\",\"@id\":\"https:\\\/\\\/transamerica93.com.br\\\/home\\\/#website\",\"url\":\"https:\\\/\\\/transamerica93.com.br\\\/home\\\/\",\"name\":\"Transam\u00e9rica Mococa 93,3\",\"description\":\"\",\"publisher\":{\"@id\":\"https:\\\/\\\/transamerica93.com.br\\\/home\\\/#organization\"},\"potentialAction\":[{\"@type\":\"SearchAction\",\"target\":{\"@type\":\"EntryPoint\",\"urlTemplate\":\"https:\\\/\\\/transamerica93.com.br\\\/home\\\/?s={search_term_string}\"},\"query-input\":{\"@type\":\"PropertyValueSpecification\",\"valueRequired\":true,\"valueName\":\"search_term_string\"}}],\"inLanguage\":\"pt-BR\"},{\"@type\":\"Organization\",\"@id\":\"https:\\\/\\\/transamerica93.com.br\\\/home\\\/#organization\",\"name\":\"Transam\u00e9rica Mococa 93,3\",\"url\":\"https:\\\/\\\/transamerica93.com.br\\\/home\\\/\",\"logo\":{\"@type\":\"ImageObject\",\"inLanguage\":\"pt-BR\",\"@id\":\"https:\\\/\\\/transamerica93.com.br\\\/home\\\/#\\\/schema\\\/logo\\\/image\\\/\",\"url\":\"https:\\\/\\\/transamerica93.com.br\\\/home\\\/wp-content\\\/uploads\\\/2023\\\/10\\\/logo2.png\",\"contentUrl\":\"https:\\\/\\\/transamerica93.com.br\\\/home\\\/wp-content\\\/uploads\\\/2023\\\/10\\\/logo2.png\",\"width\":800,\"height\":500,\"caption\":\"Transam\u00e9rica Mococa 93,3\"},\"image\":{\"@id\":\"https:\\\/\\\/transamerica93.com.br\\\/home\\\/#\\\/schema\\\/logo\\\/image\\\/\"},\"sameAs\":[\"https:\\\/\\\/www.facebook.com\\\/transamericamococa\",\"https:\\\/\\\/x.com\\\/transamerica933\",\"https:\\\/\\\/www.instagram.com\\\/transamericamococa\"]},{\"@type\":\"Person\",\"@id\":\"https:\\\/\\\/transamerica93.com.br\\\/home\\\/#\\\/schema\\\/person\\\/7fed7c99c0d4562efa8561bc0f543172\",\"name\":\"Reda\u00e7\u00e3o\",\"image\":{\"@type\":\"ImageObject\",\"inLanguage\":\"pt-BR\",\"@id\":\"https:\\\/\\\/secure.gravatar.com\\\/avatar\\\/1072c6b775fb02ef8506ce967551d95926669a6b7d2c2147b42eea4d7c68395e?s=96&d=mm&r=g\",\"url\":\"https:\\\/\\\/secure.gravatar.com\\\/avatar\\\/1072c6b775fb02ef8506ce967551d95926669a6b7d2c2147b42eea4d7c68395e?s=96&d=mm&r=g\",\"contentUrl\":\"https:\\\/\\\/secure.gravatar.com\\\/avatar\\\/1072c6b775fb02ef8506ce967551d95926669a6b7d2c2147b42eea4d7c68395e?s=96&d=mm&r=g\",\"caption\":\"Reda\u00e7\u00e3o\"},\"sameAs\":[\"https:\\\/\\\/transamerica93.com.br\\\/home\"],\"url\":\"https:\\\/\\\/transamerica93.com.br\\\/home\\\/author\\\/william\\\/\"}]}<\/script>\n<!-- \/ Yoast SEO plugin. -->","yoast_head_json":{"title":"Paulo Miklos vive segunda despedida da megalomania dos Tit\u00e3s: \u2018Novos shows, discos e filmes\u2019 - Transam\u00e9rica Mococa 93,3","robots":{"index":"index","follow":"follow","max-snippet":"max-snippet:-1","max-image-preview":"max-image-preview:large","max-video-preview":"max-video-preview:-1"},"canonical":"https:\/\/transamerica93.com.br\/home\/paulo-miklos-vive-segunda-despedida-da-megalomania-dos-titas-novos-shows-discos-e-filmes\/","og_locale":"pt_BR","og_type":"article","og_title":"Paulo Miklos vive segunda despedida da megalomania dos Tit\u00e3s: \u2018Novos shows, discos e filmes\u2019 - Transam\u00e9rica Mococa 93,3","og_description":"Por Pedro Antunes Paulo Miklos dan\u00e7a com as pernas, em um gingado do twist, ao som de um piano que toca no bar do outro lado das cortinas. Estala os dados, enquanto \u00e9 acompanhado timidamente pelos tr\u00eas integrantes da sua banda em carreira solo, que o acompanham desde 2016, quando deixou a mais numerosa banda &hellip;","og_url":"https:\/\/transamerica93.com.br\/home\/paulo-miklos-vive-segunda-despedida-da-megalomania-dos-titas-novos-shows-discos-e-filmes\/","og_site_name":"Transam\u00e9rica Mococa 93,3","article_publisher":"https:\/\/www.facebook.com\/transamericamococa","article_published_time":"2024-05-16T18:00:05+00:00","og_image":[{"width":2560,"height":1707,"url":"https:\/\/transamerica93.com.br\/home\/wp-content\/uploads\/2024\/05\/paulo-miklos-scaled-1.jpg","type":"image\/jpeg"}],"author":"Reda\u00e7\u00e3o","twitter_card":"summary_large_image","twitter_creator":"@transamerica933","twitter_site":"@transamerica933","twitter_misc":{"Escrito por":"Reda\u00e7\u00e3o","Est. tempo de leitura":"7 minutos"},"schema":{"@context":"https:\/\/schema.org","@graph":[{"@type":"Article","@id":"https:\/\/transamerica93.com.br\/home\/paulo-miklos-vive-segunda-despedida-da-megalomania-dos-titas-novos-shows-discos-e-filmes\/#article","isPartOf":{"@id":"https:\/\/transamerica93.com.br\/home\/paulo-miklos-vive-segunda-despedida-da-megalomania-dos-titas-novos-shows-discos-e-filmes\/"},"author":{"name":"Reda\u00e7\u00e3o","@id":"https:\/\/transamerica93.com.br\/home\/#\/schema\/person\/7fed7c99c0d4562efa8561bc0f543172"},"headline":"Paulo Miklos vive segunda despedida da megalomania dos Tit\u00e3s: \u2018Novos shows, discos e filmes\u2019","datePublished":"2024-05-16T18:00:05+00:00","mainEntityOfPage":{"@id":"https:\/\/transamerica93.com.br\/home\/paulo-miklos-vive-segunda-despedida-da-megalomania-dos-titas-novos-shows-discos-e-filmes\/"},"wordCount":1249,"publisher":{"@id":"https:\/\/transamerica93.com.br\/home\/#organization"},"image":{"@id":"https:\/\/transamerica93.com.br\/home\/paulo-miklos-vive-segunda-despedida-da-megalomania-dos-titas-novos-shows-discos-e-filmes\/#primaryimage"},"thumbnailUrl":"https:\/\/transamerica93.com.br\/home\/wp-content\/uploads\/2024\/05\/paulo-miklos-scaled-1.jpg","articleSection":["M\u00fasica"],"inLanguage":"pt-BR"},{"@type":"WebPage","@id":"https:\/\/transamerica93.com.br\/home\/paulo-miklos-vive-segunda-despedida-da-megalomania-dos-titas-novos-shows-discos-e-filmes\/","url":"https:\/\/transamerica93.com.br\/home\/paulo-miklos-vive-segunda-despedida-da-megalomania-dos-titas-novos-shows-discos-e-filmes\/","name":"Paulo Miklos vive segunda despedida da megalomania dos Tit\u00e3s: \u2018Novos shows, discos e filmes\u2019 - Transam\u00e9rica Mococa 93,3","isPartOf":{"@id":"https:\/\/transamerica93.com.br\/home\/#website"},"primaryImageOfPage":{"@id":"https:\/\/transamerica93.com.br\/home\/paulo-miklos-vive-segunda-despedida-da-megalomania-dos-titas-novos-shows-discos-e-filmes\/#primaryimage"},"image":{"@id":"https:\/\/transamerica93.com.br\/home\/paulo-miklos-vive-segunda-despedida-da-megalomania-dos-titas-novos-shows-discos-e-filmes\/#primaryimage"},"thumbnailUrl":"https:\/\/transamerica93.com.br\/home\/wp-content\/uploads\/2024\/05\/paulo-miklos-scaled-1.jpg","datePublished":"2024-05-16T18:00:05+00:00","breadcrumb":{"@id":"https:\/\/transamerica93.com.br\/home\/paulo-miklos-vive-segunda-despedida-da-megalomania-dos-titas-novos-shows-discos-e-filmes\/#breadcrumb"},"inLanguage":"pt-BR","potentialAction":[{"@type":"ReadAction","target":["https:\/\/transamerica93.com.br\/home\/paulo-miklos-vive-segunda-despedida-da-megalomania-dos-titas-novos-shows-discos-e-filmes\/"]}]},{"@type":"ImageObject","inLanguage":"pt-BR","@id":"https:\/\/transamerica93.com.br\/home\/paulo-miklos-vive-segunda-despedida-da-megalomania-dos-titas-novos-shows-discos-e-filmes\/#primaryimage","url":"https:\/\/transamerica93.com.br\/home\/wp-content\/uploads\/2024\/05\/paulo-miklos-scaled-1.jpg","contentUrl":"https:\/\/transamerica93.com.br\/home\/wp-content\/uploads\/2024\/05\/paulo-miklos-scaled-1.jpg","width":2560,"height":1707,"caption":"Divulga\u00e7\u00e3o"},{"@type":"BreadcrumbList","@id":"https:\/\/transamerica93.com.br\/home\/paulo-miklos-vive-segunda-despedida-da-megalomania-dos-titas-novos-shows-discos-e-filmes\/#breadcrumb","itemListElement":[{"@type":"ListItem","position":1,"name":"In\u00edcio","item":"https:\/\/transamerica93.com.br\/home\/"},{"@type":"ListItem","position":2,"name":"Paulo Miklos vive segunda despedida da megalomania dos Tit\u00e3s: \u2018Novos shows, discos e filmes\u2019"}]},{"@type":"WebSite","@id":"https:\/\/transamerica93.com.br\/home\/#website","url":"https:\/\/transamerica93.com.br\/home\/","name":"Transam\u00e9rica Mococa 93,3","description":"","publisher":{"@id":"https:\/\/transamerica93.com.br\/home\/#organization"},"potentialAction":[{"@type":"SearchAction","target":{"@type":"EntryPoint","urlTemplate":"https:\/\/transamerica93.com.br\/home\/?s={search_term_string}"},"query-input":{"@type":"PropertyValueSpecification","valueRequired":true,"valueName":"search_term_string"}}],"inLanguage":"pt-BR"},{"@type":"Organization","@id":"https:\/\/transamerica93.com.br\/home\/#organization","name":"Transam\u00e9rica Mococa 93,3","url":"https:\/\/transamerica93.com.br\/home\/","logo":{"@type":"ImageObject","inLanguage":"pt-BR","@id":"https:\/\/transamerica93.com.br\/home\/#\/schema\/logo\/image\/","url":"https:\/\/transamerica93.com.br\/home\/wp-content\/uploads\/2023\/10\/logo2.png","contentUrl":"https:\/\/transamerica93.com.br\/home\/wp-content\/uploads\/2023\/10\/logo2.png","width":800,"height":500,"caption":"Transam\u00e9rica Mococa 93,3"},"image":{"@id":"https:\/\/transamerica93.com.br\/home\/#\/schema\/logo\/image\/"},"sameAs":["https:\/\/www.facebook.com\/transamericamococa","https:\/\/x.com\/transamerica933","https:\/\/www.instagram.com\/transamericamococa"]},{"@type":"Person","@id":"https:\/\/transamerica93.com.br\/home\/#\/schema\/person\/7fed7c99c0d4562efa8561bc0f543172","name":"Reda\u00e7\u00e3o","image":{"@type":"ImageObject","inLanguage":"pt-BR","@id":"https:\/\/secure.gravatar.com\/avatar\/1072c6b775fb02ef8506ce967551d95926669a6b7d2c2147b42eea4d7c68395e?s=96&d=mm&r=g","url":"https:\/\/secure.gravatar.com\/avatar\/1072c6b775fb02ef8506ce967551d95926669a6b7d2c2147b42eea4d7c68395e?s=96&d=mm&r=g","contentUrl":"https:\/\/secure.gravatar.com\/avatar\/1072c6b775fb02ef8506ce967551d95926669a6b7d2c2147b42eea4d7c68395e?s=96&d=mm&r=g","caption":"Reda\u00e7\u00e3o"},"sameAs":["https:\/\/transamerica93.com.br\/home"],"url":"https:\/\/transamerica93.com.br\/home\/author\/william\/"}]}},"_links":{"self":[{"href":"https:\/\/transamerica93.com.br\/home\/wp-json\/wp\/v2\/posts\/3083","targetHints":{"allow":["GET"]}}],"collection":[{"href":"https:\/\/transamerica93.com.br\/home\/wp-json\/wp\/v2\/posts"}],"about":[{"href":"https:\/\/transamerica93.com.br\/home\/wp-json\/wp\/v2\/types\/post"}],"author":[{"embeddable":true,"href":"https:\/\/transamerica93.com.br\/home\/wp-json\/wp\/v2\/users\/1"}],"replies":[{"embeddable":true,"href":"https:\/\/transamerica93.com.br\/home\/wp-json\/wp\/v2\/comments?post=3083"}],"version-history":[{"count":1,"href":"https:\/\/transamerica93.com.br\/home\/wp-json\/wp\/v2\/posts\/3083\/revisions"}],"predecessor-version":[{"id":3085,"href":"https:\/\/transamerica93.com.br\/home\/wp-json\/wp\/v2\/posts\/3083\/revisions\/3085"}],"wp:featuredmedia":[{"embeddable":true,"href":"https:\/\/transamerica93.com.br\/home\/wp-json\/wp\/v2\/media\/3084"}],"wp:attachment":[{"href":"https:\/\/transamerica93.com.br\/home\/wp-json\/wp\/v2\/media?parent=3083"}],"wp:term":[{"taxonomy":"category","embeddable":true,"href":"https:\/\/transamerica93.com.br\/home\/wp-json\/wp\/v2\/categories?post=3083"},{"taxonomy":"post_tag","embeddable":true,"href":"https:\/\/transamerica93.com.br\/home\/wp-json\/wp\/v2\/tags?post=3083"}],"curies":[{"name":"wp","href":"https:\/\/api.w.org\/{rel}","templated":true}]}}