{"id":3111,"date":"2024-05-20T09:00:22","date_gmt":"2024-05-20T12:00:22","guid":{"rendered":"https:\/\/transamerica93.com.br\/home\/?p=3111"},"modified":"2024-05-16T14:35:09","modified_gmt":"2024-05-16T17:35:09","slug":"saude-discute-plano-de-enfrentamento-da-dengue","status":"publish","type":"post","link":"https:\/\/transamerica93.com.br\/home\/saude-discute-plano-de-enfrentamento-da-dengue\/","title":{"rendered":"Sa\u00fade discute plano de enfrentamento da dengue"},"content":{"rendered":"<div class=\"post-item-wrap\">\n<p>T\u00e9cnicos do Minist\u00e9rio da Sa\u00fade discutem esta semana estrat\u00e9gias de prepara\u00e7\u00e3o e resposta para a pr\u00f3xima epidemia de dengue e outras arboviroses no Brasil. O per\u00edodo epid\u00eamico avaliado pela pasta \u00e9 o bi\u00eanio 2024\/2025.<\/p>\n<p>O plano deve contemplar informa\u00e7\u00f5es sobre vigil\u00e2ncia em sa\u00fade, manejo cl\u00ednico, organiza\u00e7\u00e3o dos servi\u00e7os, controle vetorial, lacunas de conhecimento para financiamento de pesquisas, comunica\u00e7\u00e3o e mobiliza\u00e7\u00e3o social.<\/p>\n<p>O planejamento vai incluir a\u00e7\u00f5es a serem implementadas a curto, m\u00e9dio e longo prazo. Ap\u00f3s a elabora\u00e7\u00e3o do plano, ser\u00e1 feita a pactua\u00e7\u00e3o das estrat\u00e9gias com estados e munic\u00edpios.<\/p>\n<p>Participam da discuss\u00e3o especialistas em arboviroses, incluindo gestores, pesquisadores e t\u00e9cnicos estaduais e municipais, al\u00e9m de representantes da pasta, da Funda\u00e7\u00e3o Oswaldo Cruz (Fiocruz) e da Organiza\u00e7\u00e3o Pan-Americana de Sa\u00fade (Opas).<\/p>\n<p>O minist\u00e9rio lembrou que a dengue tem padr\u00e3o sazonal, com aumento de casos e risco de epidemia, sobretudo, entre os meses de outubro a maio. \u201cNo entanto, os cuidados para combater essa doen\u00e7a devem ser realizados ao longo de todo o ano e n\u00e3o apenas no ver\u00e3o, com \u00eanfase nos meses que antecedem o per\u00edodo das chuvas\u201d, alerta o minist\u00e9rio.<\/p>\n<h2>Epidemia atual<\/h2>\n<p>Boletim divulgado pela pasta nesta ter\u00e7a-feira (14) indica que 24 estados e o Distrito Federal registram queda na incid\u00eancia da dengue, enquanto o Maranh\u00e3o e Mato Grosso t\u00eam tend\u00eancia de estabilidade de casos da doen\u00e7a,<\/p>\n<p>Os dados mostram que o pa\u00eds contabiliza, este ano, um total de 4.797.362 casos prov\u00e1veis de dengue, uma m\u00e9dia de 2.362,5 casos para cada grupo de 100 mil habitantes, incluindo 53.660 casos de dengue grave ou dengue com sinal de alarme. H\u00e1 ainda 2.576 \u00f3bitos pela doen\u00e7a confirmados e 2.628 em investiga\u00e7\u00e3o.<\/p>\n<\/div>\n<p class=\"alt-font font-italic my-2 small text-info\">Edi\u00e7\u00e3o: Fernando Fraga<\/p>\n","protected":false},"excerpt":{"rendered":"<p>T\u00e9cnicos do Minist\u00e9rio da Sa\u00fade discutem esta semana estrat\u00e9gias de prepara\u00e7\u00e3o e resposta para a pr\u00f3xima epidemia de dengue e outras arboviroses no Brasil. O per\u00edodo epid\u00eamico avaliado pela pasta \u00e9 o bi\u00eanio 2024\/2025. O plano deve contemplar informa\u00e7\u00f5es sobre vigil\u00e2ncia em sa\u00fade, manejo cl\u00ednico, organiza\u00e7\u00e3o dos servi\u00e7os, controle vetorial, lacunas de conhecimento para financiamento &hellip;<\/p>\n","protected":false},"author":1,"featured_media":3113,"comment_status":"closed","ping_status":"closed","sticky":false,"template":"","format":"standard","meta":{"footnotes":""},"categories":[30],"tags":[],"class_list":["post-3111","post","type-post","status-publish","format-standard","has-post-thumbnail","hentry","category-geral"],"yoast_head":"<!-- This site is optimized with the Yoast SEO plugin v27.4 - https:\/\/yoast.com\/product\/yoast-seo-wordpress\/ -->\n<title>Sa\u00fade discute plano de enfrentamento da dengue - Transam\u00e9rica Mococa 93,3<\/title>\n<meta name=\"robots\" content=\"index, follow, max-snippet:-1, max-image-preview:large, max-video-preview:-1\" \/>\n<link rel=\"canonical\" href=\"https:\/\/transamerica93.com.br\/home\/saude-discute-plano-de-enfrentamento-da-dengue\/\" \/>\n<meta property=\"og:locale\" content=\"pt_BR\" \/>\n<meta property=\"og:type\" content=\"article\" \/>\n<meta property=\"og:title\" content=\"Sa\u00fade discute plano de enfrentamento da dengue - Transam\u00e9rica Mococa 93,3\" \/>\n<meta property=\"og:description\" content=\"T\u00e9cnicos do Minist\u00e9rio da Sa\u00fade discutem esta semana estrat\u00e9gias de prepara\u00e7\u00e3o e resposta para a pr\u00f3xima epidemia de dengue e outras arboviroses no Brasil. O per\u00edodo epid\u00eamico avaliado pela pasta \u00e9 o bi\u00eanio 2024\/2025. O plano deve contemplar informa\u00e7\u00f5es sobre vigil\u00e2ncia em sa\u00fade, manejo cl\u00ednico, organiza\u00e7\u00e3o dos servi\u00e7os, controle vetorial, lacunas de conhecimento para financiamento &hellip;\" \/>\n<meta property=\"og:url\" content=\"https:\/\/transamerica93.com.br\/home\/saude-discute-plano-de-enfrentamento-da-dengue\/\" \/>\n<meta property=\"og:site_name\" content=\"Transam\u00e9rica Mococa 93,3\" \/>\n<meta property=\"article:publisher\" content=\"https:\/\/www.facebook.com\/transamericamococa\" \/>\n<meta property=\"article:published_time\" content=\"2024-05-20T12:00:22+00:00\" \/>\n<meta property=\"og:image\" content=\"https:\/\/transamerica93.com.br\/home\/wp-content\/uploads\/2024\/05\/2-2.jpg\" \/>\n\t<meta property=\"og:image:width\" content=\"1170\" \/>\n\t<meta property=\"og:image:height\" content=\"700\" \/>\n\t<meta property=\"og:image:type\" content=\"image\/jpeg\" \/>\n<meta name=\"author\" content=\"Reda\u00e7\u00e3o\" \/>\n<meta name=\"twitter:card\" content=\"summary_large_image\" \/>\n<meta name=\"twitter:creator\" content=\"@transamerica933\" \/>\n<meta name=\"twitter:site\" content=\"@transamerica933\" \/>\n<meta name=\"twitter:label1\" content=\"Escrito por\" \/>\n\t<meta name=\"twitter:data1\" content=\"Reda\u00e7\u00e3o\" \/>\n\t<meta name=\"twitter:label2\" content=\"Est. tempo de leitura\" \/>\n\t<meta name=\"twitter:data2\" content=\"3 minutos\" \/>\n<script type=\"application\/ld+json\" class=\"yoast-schema-graph\">{\"@context\":\"https:\\\/\\\/schema.org\",\"@graph\":[{\"@type\":\"Article\",\"@id\":\"https:\\\/\\\/transamerica93.com.br\\\/home\\\/saude-discute-plano-de-enfrentamento-da-dengue\\\/#article\",\"isPartOf\":{\"@id\":\"https:\\\/\\\/transamerica93.com.br\\\/home\\\/saude-discute-plano-de-enfrentamento-da-dengue\\\/\"},\"author\":{\"name\":\"Reda\u00e7\u00e3o\",\"@id\":\"https:\\\/\\\/transamerica93.com.br\\\/home\\\/#\\\/schema\\\/person\\\/7fed7c99c0d4562efa8561bc0f543172\"},\"headline\":\"Sa\u00fade discute plano de enfrentamento da dengue\",\"datePublished\":\"2024-05-20T12:00:22+00:00\",\"mainEntityOfPage\":{\"@id\":\"https:\\\/\\\/transamerica93.com.br\\\/home\\\/saude-discute-plano-de-enfrentamento-da-dengue\\\/\"},\"wordCount\":320,\"publisher\":{\"@id\":\"https:\\\/\\\/transamerica93.com.br\\\/home\\\/#organization\"},\"image\":{\"@id\":\"https:\\\/\\\/transamerica93.com.br\\\/home\\\/saude-discute-plano-de-enfrentamento-da-dengue\\\/#primaryimage\"},\"thumbnailUrl\":\"https:\\\/\\\/transamerica93.com.br\\\/home\\\/wp-content\\\/uploads\\\/2024\\\/05\\\/2-2.jpg\",\"articleSection\":[\"Geral\"],\"inLanguage\":\"pt-BR\"},{\"@type\":\"WebPage\",\"@id\":\"https:\\\/\\\/transamerica93.com.br\\\/home\\\/saude-discute-plano-de-enfrentamento-da-dengue\\\/\",\"url\":\"https:\\\/\\\/transamerica93.com.br\\\/home\\\/saude-discute-plano-de-enfrentamento-da-dengue\\\/\",\"name\":\"Sa\u00fade discute plano de enfrentamento da dengue - Transam\u00e9rica Mococa 93,3\",\"isPartOf\":{\"@id\":\"https:\\\/\\\/transamerica93.com.br\\\/home\\\/#website\"},\"primaryImageOfPage\":{\"@id\":\"https:\\\/\\\/transamerica93.com.br\\\/home\\\/saude-discute-plano-de-enfrentamento-da-dengue\\\/#primaryimage\"},\"image\":{\"@id\":\"https:\\\/\\\/transamerica93.com.br\\\/home\\\/saude-discute-plano-de-enfrentamento-da-dengue\\\/#primaryimage\"},\"thumbnailUrl\":\"https:\\\/\\\/transamerica93.com.br\\\/home\\\/wp-content\\\/uploads\\\/2024\\\/05\\\/2-2.jpg\",\"datePublished\":\"2024-05-20T12:00:22+00:00\",\"breadcrumb\":{\"@id\":\"https:\\\/\\\/transamerica93.com.br\\\/home\\\/saude-discute-plano-de-enfrentamento-da-dengue\\\/#breadcrumb\"},\"inLanguage\":\"pt-BR\",\"potentialAction\":[{\"@type\":\"ReadAction\",\"target\":[\"https:\\\/\\\/transamerica93.com.br\\\/home\\\/saude-discute-plano-de-enfrentamento-da-dengue\\\/\"]}]},{\"@type\":\"ImageObject\",\"inLanguage\":\"pt-BR\",\"@id\":\"https:\\\/\\\/transamerica93.com.br\\\/home\\\/saude-discute-plano-de-enfrentamento-da-dengue\\\/#primaryimage\",\"url\":\"https:\\\/\\\/transamerica93.com.br\\\/home\\\/wp-content\\\/uploads\\\/2024\\\/05\\\/2-2.jpg\",\"contentUrl\":\"https:\\\/\\\/transamerica93.com.br\\\/home\\\/wp-content\\\/uploads\\\/2024\\\/05\\\/2-2.jpg\",\"width\":1170,\"height\":700,\"caption\":\"\u00a9 41330\\\/Pixabay\"},{\"@type\":\"BreadcrumbList\",\"@id\":\"https:\\\/\\\/transamerica93.com.br\\\/home\\\/saude-discute-plano-de-enfrentamento-da-dengue\\\/#breadcrumb\",\"itemListElement\":[{\"@type\":\"ListItem\",\"position\":1,\"name\":\"In\u00edcio\",\"item\":\"https:\\\/\\\/transamerica93.com.br\\\/home\\\/\"},{\"@type\":\"ListItem\",\"position\":2,\"name\":\"Sa\u00fade discute plano de enfrentamento da dengue\"}]},{\"@type\":\"WebSite\",\"@id\":\"https:\\\/\\\/transamerica93.com.br\\\/home\\\/#website\",\"url\":\"https:\\\/\\\/transamerica93.com.br\\\/home\\\/\",\"name\":\"Transam\u00e9rica Mococa 93,3\",\"description\":\"\",\"publisher\":{\"@id\":\"https:\\\/\\\/transamerica93.com.br\\\/home\\\/#organization\"},\"potentialAction\":[{\"@type\":\"SearchAction\",\"target\":{\"@type\":\"EntryPoint\",\"urlTemplate\":\"https:\\\/\\\/transamerica93.com.br\\\/home\\\/?s={search_term_string}\"},\"query-input\":{\"@type\":\"PropertyValueSpecification\",\"valueRequired\":true,\"valueName\":\"search_term_string\"}}],\"inLanguage\":\"pt-BR\"},{\"@type\":\"Organization\",\"@id\":\"https:\\\/\\\/transamerica93.com.br\\\/home\\\/#organization\",\"name\":\"Transam\u00e9rica Mococa 93,3\",\"url\":\"https:\\\/\\\/transamerica93.com.br\\\/home\\\/\",\"logo\":{\"@type\":\"ImageObject\",\"inLanguage\":\"pt-BR\",\"@id\":\"https:\\\/\\\/transamerica93.com.br\\\/home\\\/#\\\/schema\\\/logo\\\/image\\\/\",\"url\":\"https:\\\/\\\/transamerica93.com.br\\\/home\\\/wp-content\\\/uploads\\\/2023\\\/10\\\/logo2.png\",\"contentUrl\":\"https:\\\/\\\/transamerica93.com.br\\\/home\\\/wp-content\\\/uploads\\\/2023\\\/10\\\/logo2.png\",\"width\":800,\"height\":500,\"caption\":\"Transam\u00e9rica Mococa 93,3\"},\"image\":{\"@id\":\"https:\\\/\\\/transamerica93.com.br\\\/home\\\/#\\\/schema\\\/logo\\\/image\\\/\"},\"sameAs\":[\"https:\\\/\\\/www.facebook.com\\\/transamericamococa\",\"https:\\\/\\\/x.com\\\/transamerica933\",\"https:\\\/\\\/www.instagram.com\\\/transamericamococa\"]},{\"@type\":\"Person\",\"@id\":\"https:\\\/\\\/transamerica93.com.br\\\/home\\\/#\\\/schema\\\/person\\\/7fed7c99c0d4562efa8561bc0f543172\",\"name\":\"Reda\u00e7\u00e3o\",\"image\":{\"@type\":\"ImageObject\",\"inLanguage\":\"pt-BR\",\"@id\":\"https:\\\/\\\/secure.gravatar.com\\\/avatar\\\/1072c6b775fb02ef8506ce967551d95926669a6b7d2c2147b42eea4d7c68395e?s=96&d=mm&r=g\",\"url\":\"https:\\\/\\\/secure.gravatar.com\\\/avatar\\\/1072c6b775fb02ef8506ce967551d95926669a6b7d2c2147b42eea4d7c68395e?s=96&d=mm&r=g\",\"contentUrl\":\"https:\\\/\\\/secure.gravatar.com\\\/avatar\\\/1072c6b775fb02ef8506ce967551d95926669a6b7d2c2147b42eea4d7c68395e?s=96&d=mm&r=g\",\"caption\":\"Reda\u00e7\u00e3o\"},\"sameAs\":[\"https:\\\/\\\/transamerica93.com.br\\\/home\"],\"url\":\"https:\\\/\\\/transamerica93.com.br\\\/home\\\/author\\\/william\\\/\"}]}<\/script>\n<!-- \/ Yoast SEO plugin. -->","yoast_head_json":{"title":"Sa\u00fade discute plano de enfrentamento da dengue - Transam\u00e9rica Mococa 93,3","robots":{"index":"index","follow":"follow","max-snippet":"max-snippet:-1","max-image-preview":"max-image-preview:large","max-video-preview":"max-video-preview:-1"},"canonical":"https:\/\/transamerica93.com.br\/home\/saude-discute-plano-de-enfrentamento-da-dengue\/","og_locale":"pt_BR","og_type":"article","og_title":"Sa\u00fade discute plano de enfrentamento da dengue - Transam\u00e9rica Mococa 93,3","og_description":"T\u00e9cnicos do Minist\u00e9rio da Sa\u00fade discutem esta semana estrat\u00e9gias de prepara\u00e7\u00e3o e resposta para a pr\u00f3xima epidemia de dengue e outras arboviroses no Brasil. O per\u00edodo epid\u00eamico avaliado pela pasta \u00e9 o bi\u00eanio 2024\/2025. O plano deve contemplar informa\u00e7\u00f5es sobre vigil\u00e2ncia em sa\u00fade, manejo cl\u00ednico, organiza\u00e7\u00e3o dos servi\u00e7os, controle vetorial, lacunas de conhecimento para financiamento &hellip;","og_url":"https:\/\/transamerica93.com.br\/home\/saude-discute-plano-de-enfrentamento-da-dengue\/","og_site_name":"Transam\u00e9rica Mococa 93,3","article_publisher":"https:\/\/www.facebook.com\/transamericamococa","article_published_time":"2024-05-20T12:00:22+00:00","og_image":[{"width":1170,"height":700,"url":"https:\/\/transamerica93.com.br\/home\/wp-content\/uploads\/2024\/05\/2-2.jpg","type":"image\/jpeg"}],"author":"Reda\u00e7\u00e3o","twitter_card":"summary_large_image","twitter_creator":"@transamerica933","twitter_site":"@transamerica933","twitter_misc":{"Escrito por":"Reda\u00e7\u00e3o","Est. tempo de leitura":"3 minutos"},"schema":{"@context":"https:\/\/schema.org","@graph":[{"@type":"Article","@id":"https:\/\/transamerica93.com.br\/home\/saude-discute-plano-de-enfrentamento-da-dengue\/#article","isPartOf":{"@id":"https:\/\/transamerica93.com.br\/home\/saude-discute-plano-de-enfrentamento-da-dengue\/"},"author":{"name":"Reda\u00e7\u00e3o","@id":"https:\/\/transamerica93.com.br\/home\/#\/schema\/person\/7fed7c99c0d4562efa8561bc0f543172"},"headline":"Sa\u00fade discute plano de enfrentamento da dengue","datePublished":"2024-05-20T12:00:22+00:00","mainEntityOfPage":{"@id":"https:\/\/transamerica93.com.br\/home\/saude-discute-plano-de-enfrentamento-da-dengue\/"},"wordCount":320,"publisher":{"@id":"https:\/\/transamerica93.com.br\/home\/#organization"},"image":{"@id":"https:\/\/transamerica93.com.br\/home\/saude-discute-plano-de-enfrentamento-da-dengue\/#primaryimage"},"thumbnailUrl":"https:\/\/transamerica93.com.br\/home\/wp-content\/uploads\/2024\/05\/2-2.jpg","articleSection":["Geral"],"inLanguage":"pt-BR"},{"@type":"WebPage","@id":"https:\/\/transamerica93.com.br\/home\/saude-discute-plano-de-enfrentamento-da-dengue\/","url":"https:\/\/transamerica93.com.br\/home\/saude-discute-plano-de-enfrentamento-da-dengue\/","name":"Sa\u00fade discute plano de enfrentamento da dengue - Transam\u00e9rica Mococa 93,3","isPartOf":{"@id":"https:\/\/transamerica93.com.br\/home\/#website"},"primaryImageOfPage":{"@id":"https:\/\/transamerica93.com.br\/home\/saude-discute-plano-de-enfrentamento-da-dengue\/#primaryimage"},"image":{"@id":"https:\/\/transamerica93.com.br\/home\/saude-discute-plano-de-enfrentamento-da-dengue\/#primaryimage"},"thumbnailUrl":"https:\/\/transamerica93.com.br\/home\/wp-content\/uploads\/2024\/05\/2-2.jpg","datePublished":"2024-05-20T12:00:22+00:00","breadcrumb":{"@id":"https:\/\/transamerica93.com.br\/home\/saude-discute-plano-de-enfrentamento-da-dengue\/#breadcrumb"},"inLanguage":"pt-BR","potentialAction":[{"@type":"ReadAction","target":["https:\/\/transamerica93.com.br\/home\/saude-discute-plano-de-enfrentamento-da-dengue\/"]}]},{"@type":"ImageObject","inLanguage":"pt-BR","@id":"https:\/\/transamerica93.com.br\/home\/saude-discute-plano-de-enfrentamento-da-dengue\/#primaryimage","url":"https:\/\/transamerica93.com.br\/home\/wp-content\/uploads\/2024\/05\/2-2.jpg","contentUrl":"https:\/\/transamerica93.com.br\/home\/wp-content\/uploads\/2024\/05\/2-2.jpg","width":1170,"height":700,"caption":"\u00a9 41330\/Pixabay"},{"@type":"BreadcrumbList","@id":"https:\/\/transamerica93.com.br\/home\/saude-discute-plano-de-enfrentamento-da-dengue\/#breadcrumb","itemListElement":[{"@type":"ListItem","position":1,"name":"In\u00edcio","item":"https:\/\/transamerica93.com.br\/home\/"},{"@type":"ListItem","position":2,"name":"Sa\u00fade discute plano de enfrentamento da dengue"}]},{"@type":"WebSite","@id":"https:\/\/transamerica93.com.br\/home\/#website","url":"https:\/\/transamerica93.com.br\/home\/","name":"Transam\u00e9rica Mococa 93,3","description":"","publisher":{"@id":"https:\/\/transamerica93.com.br\/home\/#organization"},"potentialAction":[{"@type":"SearchAction","target":{"@type":"EntryPoint","urlTemplate":"https:\/\/transamerica93.com.br\/home\/?s={search_term_string}"},"query-input":{"@type":"PropertyValueSpecification","valueRequired":true,"valueName":"search_term_string"}}],"inLanguage":"pt-BR"},{"@type":"Organization","@id":"https:\/\/transamerica93.com.br\/home\/#organization","name":"Transam\u00e9rica Mococa 93,3","url":"https:\/\/transamerica93.com.br\/home\/","logo":{"@type":"ImageObject","inLanguage":"pt-BR","@id":"https:\/\/transamerica93.com.br\/home\/#\/schema\/logo\/image\/","url":"https:\/\/transamerica93.com.br\/home\/wp-content\/uploads\/2023\/10\/logo2.png","contentUrl":"https:\/\/transamerica93.com.br\/home\/wp-content\/uploads\/2023\/10\/logo2.png","width":800,"height":500,"caption":"Transam\u00e9rica Mococa 93,3"},"image":{"@id":"https:\/\/transamerica93.com.br\/home\/#\/schema\/logo\/image\/"},"sameAs":["https:\/\/www.facebook.com\/transamericamococa","https:\/\/x.com\/transamerica933","https:\/\/www.instagram.com\/transamericamococa"]},{"@type":"Person","@id":"https:\/\/transamerica93.com.br\/home\/#\/schema\/person\/7fed7c99c0d4562efa8561bc0f543172","name":"Reda\u00e7\u00e3o","image":{"@type":"ImageObject","inLanguage":"pt-BR","@id":"https:\/\/secure.gravatar.com\/avatar\/1072c6b775fb02ef8506ce967551d95926669a6b7d2c2147b42eea4d7c68395e?s=96&d=mm&r=g","url":"https:\/\/secure.gravatar.com\/avatar\/1072c6b775fb02ef8506ce967551d95926669a6b7d2c2147b42eea4d7c68395e?s=96&d=mm&r=g","contentUrl":"https:\/\/secure.gravatar.com\/avatar\/1072c6b775fb02ef8506ce967551d95926669a6b7d2c2147b42eea4d7c68395e?s=96&d=mm&r=g","caption":"Reda\u00e7\u00e3o"},"sameAs":["https:\/\/transamerica93.com.br\/home"],"url":"https:\/\/transamerica93.com.br\/home\/author\/william\/"}]}},"_links":{"self":[{"href":"https:\/\/transamerica93.com.br\/home\/wp-json\/wp\/v2\/posts\/3111","targetHints":{"allow":["GET"]}}],"collection":[{"href":"https:\/\/transamerica93.com.br\/home\/wp-json\/wp\/v2\/posts"}],"about":[{"href":"https:\/\/transamerica93.com.br\/home\/wp-json\/wp\/v2\/types\/post"}],"author":[{"embeddable":true,"href":"https:\/\/transamerica93.com.br\/home\/wp-json\/wp\/v2\/users\/1"}],"replies":[{"embeddable":true,"href":"https:\/\/transamerica93.com.br\/home\/wp-json\/wp\/v2\/comments?post=3111"}],"version-history":[{"count":1,"href":"https:\/\/transamerica93.com.br\/home\/wp-json\/wp\/v2\/posts\/3111\/revisions"}],"predecessor-version":[{"id":3117,"href":"https:\/\/transamerica93.com.br\/home\/wp-json\/wp\/v2\/posts\/3111\/revisions\/3117"}],"wp:featuredmedia":[{"embeddable":true,"href":"https:\/\/transamerica93.com.br\/home\/wp-json\/wp\/v2\/media\/3113"}],"wp:attachment":[{"href":"https:\/\/transamerica93.com.br\/home\/wp-json\/wp\/v2\/media?parent=3111"}],"wp:term":[{"taxonomy":"category","embeddable":true,"href":"https:\/\/transamerica93.com.br\/home\/wp-json\/wp\/v2\/categories?post=3111"},{"taxonomy":"post_tag","embeddable":true,"href":"https:\/\/transamerica93.com.br\/home\/wp-json\/wp\/v2\/tags?post=3111"}],"curies":[{"name":"wp","href":"https:\/\/api.w.org\/{rel}","templated":true}]}}